{"id":97594,"date":"2022-07-05T13:01:19","date_gmt":"2022-07-05T11:01:19","guid":{"rendered":"https:\/\/manitese.it\/?p=97594"},"modified":"2023-07-21T14:17:07","modified_gmt":"2023-07-21T12:17:07","slug":"achille-yotto-tepa-premiato-in-benin","status":"publish","type":"post","link":"https:\/\/www.manitese.it\/en\/achille-yotto-tepa-premiato-in-benin\/","title":{"rendered":"Achille Yotto Tepa premiato in Benin"},"content":{"rendered":"\n<p><em>Di Giulia Tringali, volontaria di Mani Tese<\/em><\/p>\n\n\n\n<p> Sabato 19 marzo 2022, nella sala del consiglio  comunale di Calavi, vicino a Cotonou (in Benin), Achille Yotto Tepa \u00e8 stato insignito del premio <strong><em>Palme des c\u00e9l\u00e9brit\u00e9s B\u00e9ninoises <\/em><\/strong>in nome  del suo impegno per il Paese e in particolare per  i giovani. Achille lavora per Mani Tese dal 1\u00b0 gennaio 1992.  Fino al 30 giugno 1995 ha coordinato i progetti  che si svolgevano nel Nord del Paese, poi, dal 1\u00b0  agosto 1995, \u00e8 diventato Rappresentante Paese.  Continua, oggi, con questa carica, a portare avanti l\u2019impegno di giustizia dell\u2019ONG. <em>\u201cMani Tese mi  ha permesso di realizzare il sogno che avevo da  bambino, quello di<\/em> <em>essere d\u2019aiuto al mio Paese\u201d<\/em> &#8211; racconta Achille.  Prima di Mani Tese, Achille lavorava nell\u2019amministrazione di Toucountouna, distretto in cui l\u2019Ong  operava. Per diverso tempo ha supportato i volontari di Mani Tese contribuendo ad avvicinare  la popolazione locale all\u2019Ong attraverso l\u2019organizzazione di momenti comunitari.  <em>\u201cCollaborare e poi lavorare con questa Ong mi  ha permesso di essere fiero del mio Paese e dei  miei concittadini che, come me, si impegnano  per la pace e lo sviluppo\u201d<\/em> &#8211; spiega Achille. Lavorando ormai da 30 anni sul campo con Mani  LE PERSONE DI MANI TESE Tese, Achille ha sposato fino in fondo la visione  dell\u2019organizzazione e la porta avanti strenuamente. <em>\u201cMi dico tutti i giorni che bisogna osare,  avanzare, agire, andare sempre avanti; certamente siamo tutti esposti al rischio di sbagliare e quelle volte che mi capita ne prendo atto e  faccio tesoro delle critiche. Chi mi ha conferito  il premio conosce la mia vita, sa che mi impegno in molti campi, dalla politica, ai giovani, allo  sport, ma io credo che il criterio per cui mi \u00e8 stato conferito questo premio \u00e8 proprio dovuto alle  azioni concrete portate avanti con Mani Tese\u201d<\/em>.<\/p>\n\n\n\n<p><strong> L\u2019impegno di Mani Tese in Benin <\/strong><\/p>\n\n\n\n<p>Mani Tese \u00e8 presente in Benin dal 1979 ed \u00e8 molto conosciuta e rispettata. Da pi\u00f9 di 10 anni ha  concentrato i suoi progetti nel nord del Paese,  in particolare nel Dipartimento dell\u2019Atacora, una  delle aree con i pi\u00f9 alti indici di povert\u00e0. Gli interventi principali hanno riguardato lo sviluppo  socio-economico delle donne con il sostegno  ad attivit\u00e0 generatrici di reddito e la creazione  di cooperative di produzione e trasformazione  agricola. Hanno preso parte ai progetti circa 1194  donne. Mani Tese valorizza i prodotti locali quali la  manioca trasformata in gar\u00ec e il fonio, un cereale  molto importante per le sue caratteristiche nutrizionali, e promuove l\u2019agroecologia. Negli anni  ha inoltre sostenuto molti progetti nell\u2019ambito  dell\u2019accesso all\u2019acqua potabile, come la riabilitazione e costruzione di 4 pozzi, e ha sviluppato  azioni per promuovere il diritto all\u2019istruzione di  bambine e bambini e per contrastare il traffico  di minori. <em>\u201cSono molto fiero di lavorare per questa organizzazione a cui esprimo la mia gratitudine\u201d commenta Achille \u201cLa esprimo anche a tutta la  squadra che ha deciso di supportarmi, senza la  quale non avrei potuto fare nulla di tutto ci\u00f2. Insisto sempre perch\u00e9 si diventi capaci di lavorare  non solo dietro a una scrivania ma, soprattutto,  sul campo e sono contento che la mia squadra  abbia sposato questa filosofia\u201d. <\/em><\/p>\n\n\n\n<p><strong>Lavorare per la pace <\/strong><\/p>\n\n\n\n<p>Achille, ricevuto il premio per il suo costante impegno nel promuovere la pace e lo sviluppo, spiega come per lui pace significhi portare avanti,  ogni giorno e in ogni istante, ovunque ci si trovi, delle azioni che concorrano al miglioramento  della vita di tutti, alla coesione sociale, alla solidariet\u00e0 e all\u2019amore. Per Achille, se non si crea una  condizione di pace non pu\u00f2 esserci n\u00e9 sviluppo  n\u00e9 benessere. <em><strong>\u201cLa pace \u00e8 il carburante essenziale della vita nelle nostre famiglie, cos\u00ec come  nella societ\u00e0 e nel mondo intero, \u00e8 l\u2019elemento  su cui si poggia tutto il resto\u201d<\/strong><\/em> afferma.<\/p>\n\n\n\n<div class=\"wp-block-image\"><figure class=\"aligncenter size-large\"><img decoding=\"async\" src=\"https:\/\/manitese.it\/wp-content\/uploads\/2022\/07\/1a-preferita_IMG-20220404-WA0060-1024x766.jpg\" alt=\"\" class=\"wp-image-97652\"\/><\/figure><\/div>\n\n\n\n<p>Guardando alle tristi conseguenze della guerra  tra Russia e Ucraina, le parole di Achille suonano ancora pi\u00f9 vere e concrete. Il Rappresentante  Paese sottolinea gli effetti a catena che questa  guerra sta provocando in Benin: gli input agricoli  solitamente importati dall\u2019Ucraina sono ora bloccati e molti agricoltori stanno vedendo schizzare  alle stelle i prezzi della merce importata. <em>\u201cAnche  quando la pace \u00e8 minacciata lontano da noi,  risentiamo comunque degli effetti negativi. La  pace in tutto il mondo \u00e8 quindi essenziale per  quello che facciamo, senza pace non \u00e8 possibile alcuno sviluppo\u201d<\/em> dichiara Achille. Il premio inaspettato ha dato ad Achille ancora  pi\u00f9 coraggio e motivazione per andare avanti e  provare a dare un modello di lavoro ai giovani, insegnando loro volont\u00e0 e dedizione in modo che  anch\u2019essi riescano a <em>\u201cdar voce alla propria gente  e lottare per un mondo di pace\u201d. <\/em><\/p>\n\n\n\n<p><em> Articolo pubblicato nel Giornale di Mani Tese di giugno 2022.<\/em><\/p>\n","protected":false},"excerpt":{"rendered":"<p>Il rappresentante Paese di Mani Tese<br \/>\n in Benin riceve la Palme des c\u00e9l\u00e9brit\u00e9s  B\u00e9ninoises per il suo strenuo impegno di giustizia.<\/p>\n","protected":false},"author":1,"featured_media":97618,"comment_status":"open","ping_status":"open","sticky":false,"template":"","format":"standard","meta":{"_acf_changed":false,"give_campaign_id":0,"inline_featured_image":false,"_jetpack_memberships_contains_paid_content":false,"footnotes":""},"categories":[12],"tags":[10,35,45],"thematic_area":[],"class_list":["post-97594","post","type-post","status-publish","format-standard","has-post-thumbnail","hentry","category-il-nostro-giornale","tag-giornale-mt-2022","tag-benin-2","tag-giornale-mt"],"acf":[],"yoast_head":"<!-- This site is optimized with the Yoast SEO plugin v27.5 - https:\/\/yoast.com\/product\/yoast-seo-wordpress\/ -->\n<title>Achille Yotto Tepa premiato in Benin - Mani Tese<\/title>\n<meta name=\"description\" content=\"Il rappresentante Paese di Mani Tese in Benin riceve la Palme des c\u00e9l\u00e9brit\u00e9s B\u00e9ninoises per il suo strenuo impegno di giustizia.\" \/>\n<meta name=\"robots\" content=\"index, follow, max-snippet:-1, max-image-preview:large, max-video-preview:-1\" \/>\n<link rel=\"canonical\" href=\"https:\/\/www.manitese.it\/en\/achille-yotto-tepa-premiato-in-benin\/\" \/>\n<meta property=\"og:locale\" content=\"en_US\" \/>\n<meta property=\"og:type\" content=\"article\" \/>\n<meta property=\"og:title\" content=\"Achille Yotto Tepa premiato in Benin - Mani Tese\" \/>\n<meta property=\"og:description\" content=\"Il rappresentante Paese di Mani Tese in Benin riceve la Palme des c\u00e9l\u00e9brit\u00e9s B\u00e9ninoises per il suo strenuo impegno di giustizia.\" \/>\n<meta property=\"og:url\" content=\"https:\/\/www.manitese.it\/en\/achille-yotto-tepa-premiato-in-benin\/\" \/>\n<meta property=\"og:site_name\" content=\"Mani Tese\" \/>\n<meta property=\"article:published_time\" content=\"2022-07-05T11:01:19+00:00\" \/>\n<meta property=\"article:modified_time\" content=\"2023-07-21T12:17:07+00:00\" \/>\n<meta property=\"og:image\" content=\"https:\/\/www.manitese.it\/wp-content\/uploads\/2022\/07\/header-3.jpg\" \/>\n\t<meta property=\"og:image:width\" content=\"1921\" \/>\n\t<meta property=\"og:image:height\" content=\"801\" \/>\n\t<meta property=\"og:image:type\" content=\"image\/jpeg\" \/>\n<meta name=\"author\" content=\"agevis\" \/>\n<meta name=\"twitter:card\" content=\"summary_large_image\" \/>\n<meta name=\"twitter:label1\" content=\"Written by\" \/>\n\t<meta name=\"twitter:data1\" content=\"agevis\" \/>\n\t<meta name=\"twitter:label2\" content=\"Est. reading time\" \/>\n\t<meta name=\"twitter:data2\" content=\"4 minutes\" \/>\n<script type=\"application\/ld+json\" class=\"yoast-schema-graph\">{\"@context\":\"https:\\\/\\\/schema.org\",\"@graph\":[{\"@type\":\"Article\",\"@id\":\"https:\\\/\\\/www.manitese.it\\\/en\\\/achille-yotto-tepa-premiato-in-benin\\\/#article\",\"isPartOf\":{\"@id\":\"https:\\\/\\\/www.manitese.it\\\/en\\\/achille-yotto-tepa-premiato-in-benin\\\/\"},\"author\":{\"name\":\"agevis\",\"@id\":\"https:\\\/\\\/www.manitese.it\\\/en\\\/#\\\/schema\\\/person\\\/5a9774f17e4940e2510bfeba90f04f65\"},\"headline\":\"Achille Yotto Tepa premiato in Benin\",\"datePublished\":\"2022-07-05T11:01:19+00:00\",\"dateModified\":\"2023-07-21T12:17:07+00:00\",\"mainEntityOfPage\":{\"@id\":\"https:\\\/\\\/www.manitese.it\\\/en\\\/achille-yotto-tepa-premiato-in-benin\\\/\"},\"wordCount\":775,\"commentCount\":0,\"image\":{\"@id\":\"https:\\\/\\\/www.manitese.it\\\/en\\\/achille-yotto-tepa-premiato-in-benin\\\/#primaryimage\"},\"thumbnailUrl\":\"https:\\\/\\\/www.manitese.it\\\/wp-content\\\/uploads\\\/2022\\\/07\\\/header-3.jpg\",\"keywords\":[\"Giornale MT 2022\",\"benin\",\"giornale mt\"],\"articleSection\":[\"Il nostro giornale\"],\"inLanguage\":\"en-US\",\"potentialAction\":[{\"@type\":\"CommentAction\",\"name\":\"Comment\",\"target\":[\"https:\\\/\\\/www.manitese.it\\\/en\\\/achille-yotto-tepa-premiato-in-benin\\\/#respond\"]}]},{\"@type\":\"WebPage\",\"@id\":\"https:\\\/\\\/www.manitese.it\\\/en\\\/achille-yotto-tepa-premiato-in-benin\\\/\",\"url\":\"https:\\\/\\\/www.manitese.it\\\/en\\\/achille-yotto-tepa-premiato-in-benin\\\/\",\"name\":\"Achille Yotto Tepa premiato in Benin - Mani Tese\",\"isPartOf\":{\"@id\":\"https:\\\/\\\/www.manitese.it\\\/en\\\/#website\"},\"primaryImageOfPage\":{\"@id\":\"https:\\\/\\\/www.manitese.it\\\/en\\\/achille-yotto-tepa-premiato-in-benin\\\/#primaryimage\"},\"image\":{\"@id\":\"https:\\\/\\\/www.manitese.it\\\/en\\\/achille-yotto-tepa-premiato-in-benin\\\/#primaryimage\"},\"thumbnailUrl\":\"https:\\\/\\\/www.manitese.it\\\/wp-content\\\/uploads\\\/2022\\\/07\\\/header-3.jpg\",\"datePublished\":\"2022-07-05T11:01:19+00:00\",\"dateModified\":\"2023-07-21T12:17:07+00:00\",\"author\":{\"@id\":\"https:\\\/\\\/www.manitese.it\\\/en\\\/#\\\/schema\\\/person\\\/5a9774f17e4940e2510bfeba90f04f65\"},\"description\":\"Il rappresentante Paese di Mani Tese in Benin riceve la Palme des c\u00e9l\u00e9brit\u00e9s B\u00e9ninoises per il suo strenuo impegno di giustizia.\",\"breadcrumb\":{\"@id\":\"https:\\\/\\\/www.manitese.it\\\/en\\\/achille-yotto-tepa-premiato-in-benin\\\/#breadcrumb\"},\"inLanguage\":\"en-US\",\"potentialAction\":[{\"@type\":\"ReadAction\",\"target\":[\"https:\\\/\\\/www.manitese.it\\\/en\\\/achille-yotto-tepa-premiato-in-benin\\\/\"]}]},{\"@type\":\"ImageObject\",\"inLanguage\":\"en-US\",\"@id\":\"https:\\\/\\\/www.manitese.it\\\/en\\\/achille-yotto-tepa-premiato-in-benin\\\/#primaryimage\",\"url\":\"https:\\\/\\\/www.manitese.it\\\/wp-content\\\/uploads\\\/2022\\\/07\\\/header-3.jpg\",\"contentUrl\":\"https:\\\/\\\/www.manitese.it\\\/wp-content\\\/uploads\\\/2022\\\/07\\\/header-3.jpg\",\"width\":1921,\"height\":801,\"caption\":\"Achille Yotto Tempa premiato in Benin\"},{\"@type\":\"BreadcrumbList\",\"@id\":\"https:\\\/\\\/www.manitese.it\\\/en\\\/achille-yotto-tepa-premiato-in-benin\\\/#breadcrumb\",\"itemListElement\":[{\"@type\":\"ListItem\",\"position\":1,\"name\":\"Home\",\"item\":\"https:\\\/\\\/www.manitese.it\\\/en\\\/\"},{\"@type\":\"ListItem\",\"position\":2,\"name\":\"Achille Yotto Tepa premiato in Benin\"}]},{\"@type\":\"WebSite\",\"@id\":\"https:\\\/\\\/www.manitese.it\\\/en\\\/#website\",\"url\":\"https:\\\/\\\/www.manitese.it\\\/en\\\/\",\"name\":\"Mani Tese\",\"description\":\"\",\"potentialAction\":[{\"@type\":\"SearchAction\",\"target\":{\"@type\":\"EntryPoint\",\"urlTemplate\":\"https:\\\/\\\/www.manitese.it\\\/en\\\/?s={search_term_string}\"},\"query-input\":{\"@type\":\"PropertyValueSpecification\",\"valueRequired\":true,\"valueName\":\"search_term_string\"}}],\"inLanguage\":\"en-US\"},{\"@type\":\"Person\",\"@id\":\"https:\\\/\\\/www.manitese.it\\\/en\\\/#\\\/schema\\\/person\\\/5a9774f17e4940e2510bfeba90f04f65\",\"name\":\"agevis\",\"image\":{\"@type\":\"ImageObject\",\"inLanguage\":\"en-US\",\"@id\":\"https:\\\/\\\/secure.gravatar.com\\\/avatar\\\/2dc96c93fcf3387a5922a93b50fb3bff01d4800590fb6a4ab91a034adb25ba17?s=96&d=mm&r=g\",\"url\":\"https:\\\/\\\/secure.gravatar.com\\\/avatar\\\/2dc96c93fcf3387a5922a93b50fb3bff01d4800590fb6a4ab91a034adb25ba17?s=96&d=mm&r=g\",\"contentUrl\":\"https:\\\/\\\/secure.gravatar.com\\\/avatar\\\/2dc96c93fcf3387a5922a93b50fb3bff01d4800590fb6a4ab91a034adb25ba17?s=96&d=mm&r=g\",\"caption\":\"agevis\"},\"url\":\"https:\\\/\\\/www.manitese.it\\\/en\\\/author\\\/wp_agevis_admin\\\/\"}]}<\/script>\n<!-- \/ Yoast SEO plugin. -->","yoast_head_json":{"title":"Achille Yotto Tepa premiato in Benin - Mani Tese","description":"Il rappresentante Paese di Mani Tese in Benin riceve la Palme des c\u00e9l\u00e9brit\u00e9s B\u00e9ninoises per il suo strenuo impegno di giustizia.","robots":{"index":"index","follow":"follow","max-snippet":"max-snippet:-1","max-image-preview":"max-image-preview:large","max-video-preview":"max-video-preview:-1"},"canonical":"https:\/\/www.manitese.it\/en\/achille-yotto-tepa-premiato-in-benin\/","og_locale":"en_US","og_type":"article","og_title":"Achille Yotto Tepa premiato in Benin - Mani Tese","og_description":"Il rappresentante Paese di Mani Tese in Benin riceve la Palme des c\u00e9l\u00e9brit\u00e9s B\u00e9ninoises per il suo strenuo impegno di giustizia.","og_url":"https:\/\/www.manitese.it\/en\/achille-yotto-tepa-premiato-in-benin\/","og_site_name":"Mani Tese","article_published_time":"2022-07-05T11:01:19+00:00","article_modified_time":"2023-07-21T12:17:07+00:00","og_image":[{"width":1921,"height":801,"url":"https:\/\/www.manitese.it\/wp-content\/uploads\/2022\/07\/header-3.jpg","type":"image\/jpeg"}],"author":"agevis","twitter_card":"summary_large_image","twitter_misc":{"Written by":"agevis","Est. reading time":"4 minutes"},"schema":{"@context":"https:\/\/schema.org","@graph":[{"@type":"Article","@id":"https:\/\/www.manitese.it\/en\/achille-yotto-tepa-premiato-in-benin\/#article","isPartOf":{"@id":"https:\/\/www.manitese.it\/en\/achille-yotto-tepa-premiato-in-benin\/"},"author":{"name":"agevis","@id":"https:\/\/www.manitese.it\/en\/#\/schema\/person\/5a9774f17e4940e2510bfeba90f04f65"},"headline":"Achille Yotto Tepa premiato in Benin","datePublished":"2022-07-05T11:01:19+00:00","dateModified":"2023-07-21T12:17:07+00:00","mainEntityOfPage":{"@id":"https:\/\/www.manitese.it\/en\/achille-yotto-tepa-premiato-in-benin\/"},"wordCount":775,"commentCount":0,"image":{"@id":"https:\/\/www.manitese.it\/en\/achille-yotto-tepa-premiato-in-benin\/#primaryimage"},"thumbnailUrl":"https:\/\/www.manitese.it\/wp-content\/uploads\/2022\/07\/header-3.jpg","keywords":["Giornale MT 2022","benin","giornale mt"],"articleSection":["Il nostro giornale"],"inLanguage":"en-US","potentialAction":[{"@type":"CommentAction","name":"Comment","target":["https:\/\/www.manitese.it\/en\/achille-yotto-tepa-premiato-in-benin\/#respond"]}]},{"@type":"WebPage","@id":"https:\/\/www.manitese.it\/en\/achille-yotto-tepa-premiato-in-benin\/","url":"https:\/\/www.manitese.it\/en\/achille-yotto-tepa-premiato-in-benin\/","name":"Achille Yotto Tepa premiato in Benin - Mani Tese","isPartOf":{"@id":"https:\/\/www.manitese.it\/en\/#website"},"primaryImageOfPage":{"@id":"https:\/\/www.manitese.it\/en\/achille-yotto-tepa-premiato-in-benin\/#primaryimage"},"image":{"@id":"https:\/\/www.manitese.it\/en\/achille-yotto-tepa-premiato-in-benin\/#primaryimage"},"thumbnailUrl":"https:\/\/www.manitese.it\/wp-content\/uploads\/2022\/07\/header-3.jpg","datePublished":"2022-07-05T11:01:19+00:00","dateModified":"2023-07-21T12:17:07+00:00","author":{"@id":"https:\/\/www.manitese.it\/en\/#\/schema\/person\/5a9774f17e4940e2510bfeba90f04f65"},"description":"Il rappresentante Paese di Mani Tese in Benin riceve la Palme des c\u00e9l\u00e9brit\u00e9s B\u00e9ninoises per il suo strenuo impegno di giustizia.","breadcrumb":{"@id":"https:\/\/www.manitese.it\/en\/achille-yotto-tepa-premiato-in-benin\/#breadcrumb"},"inLanguage":"en-US","potentialAction":[{"@type":"ReadAction","target":["https:\/\/www.manitese.it\/en\/achille-yotto-tepa-premiato-in-benin\/"]}]},{"@type":"ImageObject","inLanguage":"en-US","@id":"https:\/\/www.manitese.it\/en\/achille-yotto-tepa-premiato-in-benin\/#primaryimage","url":"https:\/\/www.manitese.it\/wp-content\/uploads\/2022\/07\/header-3.jpg","contentUrl":"https:\/\/www.manitese.it\/wp-content\/uploads\/2022\/07\/header-3.jpg","width":1921,"height":801,"caption":"Achille Yotto Tempa premiato in Benin"},{"@type":"BreadcrumbList","@id":"https:\/\/www.manitese.it\/en\/achille-yotto-tepa-premiato-in-benin\/#breadcrumb","itemListElement":[{"@type":"ListItem","position":1,"name":"Home","item":"https:\/\/www.manitese.it\/en\/"},{"@type":"ListItem","position":2,"name":"Achille Yotto Tepa premiato in Benin"}]},{"@type":"WebSite","@id":"https:\/\/www.manitese.it\/en\/#website","url":"https:\/\/www.manitese.it\/en\/","name":"Mani Tese","description":"","potentialAction":[{"@type":"SearchAction","target":{"@type":"EntryPoint","urlTemplate":"https:\/\/www.manitese.it\/en\/?s={search_term_string}"},"query-input":{"@type":"PropertyValueSpecification","valueRequired":true,"valueName":"search_term_string"}}],"inLanguage":"en-US"},{"@type":"Person","@id":"https:\/\/www.manitese.it\/en\/#\/schema\/person\/5a9774f17e4940e2510bfeba90f04f65","name":"agevis","image":{"@type":"ImageObject","inLanguage":"en-US","@id":"https:\/\/secure.gravatar.com\/avatar\/2dc96c93fcf3387a5922a93b50fb3bff01d4800590fb6a4ab91a034adb25ba17?s=96&d=mm&r=g","url":"https:\/\/secure.gravatar.com\/avatar\/2dc96c93fcf3387a5922a93b50fb3bff01d4800590fb6a4ab91a034adb25ba17?s=96&d=mm&r=g","contentUrl":"https:\/\/secure.gravatar.com\/avatar\/2dc96c93fcf3387a5922a93b50fb3bff01d4800590fb6a4ab91a034adb25ba17?s=96&d=mm&r=g","caption":"agevis"},"url":"https:\/\/www.manitese.it\/en\/author\/wp_agevis_admin\/"}]}},"jetpack_featured_media_url":"https:\/\/www.manitese.it\/wp-content\/uploads\/2022\/07\/header-3.jpg","jetpack_sharing_enabled":true,"_links":{"self":[{"href":"https:\/\/www.manitese.it\/en\/wp-json\/wp\/v2\/posts\/97594","targetHints":{"allow":["GET"]}}],"collection":[{"href":"https:\/\/www.manitese.it\/en\/wp-json\/wp\/v2\/posts"}],"about":[{"href":"https:\/\/www.manitese.it\/en\/wp-json\/wp\/v2\/types\/post"}],"author":[{"embeddable":true,"href":"https:\/\/www.manitese.it\/en\/wp-json\/wp\/v2\/users\/1"}],"replies":[{"embeddable":true,"href":"https:\/\/www.manitese.it\/en\/wp-json\/wp\/v2\/comments?post=97594"}],"version-history":[{"count":2,"href":"https:\/\/www.manitese.it\/en\/wp-json\/wp\/v2\/posts\/97594\/revisions"}],"predecessor-version":[{"id":177784,"href":"https:\/\/www.manitese.it\/en\/wp-json\/wp\/v2\/posts\/97594\/revisions\/177784"}],"wp:featuredmedia":[{"embeddable":true,"href":"https:\/\/www.manitese.it\/en\/wp-json\/wp\/v2\/media\/97618"}],"wp:attachment":[{"href":"https:\/\/www.manitese.it\/en\/wp-json\/wp\/v2\/media?parent=97594"}],"wp:term":[{"taxonomy":"category","embeddable":true,"href":"https:\/\/www.manitese.it\/en\/wp-json\/wp\/v2\/categories?post=97594"},{"taxonomy":"post_tag","embeddable":true,"href":"https:\/\/www.manitese.it\/en\/wp-json\/wp\/v2\/tags?post=97594"},{"taxonomy":"thematic_area","embeddable":true,"href":"https:\/\/www.manitese.it\/en\/wp-json\/wp\/v2\/thematic_area?post=97594"}],"curies":[{"name":"wp","href":"https:\/\/api.w.org\/{rel}","templated":true}]}}