{"id":93690,"date":"2022-06-30T17:07:09","date_gmt":"2022-06-30T15:07:09","guid":{"rendered":"https:\/\/manitese.it\/?p=93690"},"modified":"2025-07-08T12:58:51","modified_gmt":"2025-07-08T10:58:51","slug":"la-voce-dei-contadini-africani-a-co-opera-2022","status":"publish","type":"post","link":"https:\/\/www.manitese.it\/en\/la-voce-dei-contadini-africani-a-co-opera-2022\/","title":{"rendered":"La voce dei contadini africani a CO-Opera 2022"},"content":{"rendered":"\n<p>Anche Mani\nTese ha partecipato il 23 e 24 giugno a Roma a <a href=\"https:\/\/www.conferenzacoopera.it\/\"><strong>CO<\/strong><strong>[<\/strong><strong>OPERA<\/strong><strong>]<\/strong><strong>,<\/strong><\/a><strong> la 2\u00b0 conferenza nazionale\ndella Cooperazione allo sviluppo<\/strong> organizzata dal Ministero degli Affari Esteri e della\nCooperazione Internazionale e dall\u2019Agenzia Italiana per la Cooperazione allo Sviluppo.<\/p>\n\n\n\n<p>Il <strong>Presidente della repubblica Sergio Mattarella<\/strong>\nha aperto l\u2019incontro con parole molto incoraggianti sul fondamentale ruolo che\ngioca la cooperazione allo sviluppo nell\u2019ambito della politica estera dell\u2019Italia.\nI partecipanti si sono poi confrontati per i successivi due giorni approfondendo\n<strong>le 5 P degli obiettivi di sviluppo\nsostenibile: Pace, Persone, Prosperit\u00e0, Pianeta e Partenariati<\/strong>. <\/p>\n\n\n\n<p><span style=\"text-decoration: underline;\"><strong data-rich-text-format-boundary=\"true\">Ancora troppo poche le risorse per l\u2019aiuto allo sviluppo<\/strong><\/span><\/p>\n\n\n\n<p>Dal confronto\nsono emerse molte tematiche e riflessioni sul futuro della cooperazione allo\nsviluppo e di quella italiana in particolare. Molti interventi hanno ripreso il\ntema delle risorse messe a disposizione per la cooperazione in Italia. <strong>Il ministro Luigi Di Maio<\/strong> ha affermato\nche nel 2020 si \u00e8 raggiunto <strong>lo 0,28% del\nrapporto tra aiuto pubblico allo sviluppo e reddito nazionale lordo<\/strong>. Seppur\nin leggero aumento rispetto agli anni precedenti<strong>, \u00e8 un dato molto lontano dall\u2019obiettivo dello 0,70%<\/strong> che si sono\nposti i Paesi donatori entro il 2030. In molti, in particolare rappresentanti\ndella societ\u00e0 civile, hanno infatti rimarcato <strong>che questa cifra non aumenta come l\u2019Italia si \u00e8 impegnata a fare,\nmentre aumentano, invece, le spese militari, dove si \u00e8 molto pi\u00f9 ligi nel\nrispettare gli impegni sottoscritti a livello internazionale.<\/strong><\/p>\n\n\n\n<p>Le reti delle\nOrganizzazioni non governative, a questo proposito, hanno lanciato nei mesi\nscorsi la <strong>Campagna070<\/strong>, presentata alla\nconferenza da Ivana Borsotto, Presidente di FOCSIV, nella sessione di apertura.\n<\/p>\n\n\n\n<p><strong>La Vice Ministra Marina Sereni<\/strong> ha inoltre dichiarato che <strong>le risorse impiegate per le crisi acute e\nper le emergenze<\/strong>, come \u00e8 il caso ad esempio dell\u2019Ucraina, <strong>non devono sottrarre i fondi a disposizione\nper il sostegno ai programmi e progetti di sviluppo<\/strong>, dove si accompagnano le\ncomunit\u00e0 nella costruzione e realizzazione di percorsi per uscire dalla povert\u00e0\nnel medio-lungo periodo. <strong>Ambito, questo,\nche deve restare prioritario per la cooperazione allo sviluppo.<\/strong><\/p>\n\n\n\n<p><span style=\"text-decoration: underline;\"><strong data-rich-text-format-boundary=\"true\">Africa e Medio Oriente le priorit\u00e0 della cooperazione<\/strong><\/span><\/p>\n\n\n\n<p> <strong>Per quel che riguarda la geografia degli interventi \u00e8 emerso chiaramente dai due giorni di incontro che \u00e8 l\u2019Africa oggi e nell\u2019immediato futuro il continente dove concentrare maggior impegno e risorse, insieme al Medio Oriente<\/strong>,&nbsp;<strong>sia per i bisogni presenti in quei territori sia per un interesse geopolitico dell\u2019Italia.<\/strong> <\/p>\n\n\n\n<p><span style=\"text-decoration: underline;\"><strong data-rich-text-format-boundary=\"true\">Ibrahima Coulibaly e la voce dei contadini africani<\/strong><\/span><\/p>\n\n\n\n<p>Si \u00e8, inoltre, molto parlato della&nbsp;<strong>qualit\u00e0 della cooperazione e di quale cooperazione<\/strong>&nbsp;che deve sempre andare in sintonia con la quantit\u00e0 delle risorse messe a disposizione. Da questo punto di vista&nbsp;<span style=\"text-decoration: underline;\"><strong>Mani Tese<\/strong><\/span>, con altre ONG unite in una coalizione per la transizione agroecologica in&nbsp;<span style=\"text-decoration: underline;\"><strong>Africa Occidentale<\/strong><\/span>,&nbsp;ha favorito la presenza al convengo di&nbsp;<strong>Ibrahima Coulibaly, Presidente delROPPA<\/strong>&nbsp;(Rete delle organizzazioni contadine dei Paesi dell\u2019Africa occidentale) arrivato direttamente dal Mal\u00ec per l\u2019evento.<\/p>\n\n\n\n<p>Il suo\nintervento \u00e8 stato particolarmente interessante e molto applaudito.&nbsp; Coulibaly ha sottolineato <strong>la necessit\u00e0 di\nascoltare i contadini africani, di non proporre o imporre soluzioni\ndall\u2019esterno<\/strong>, e <strong>di\nfavorire la riscoperta di sementi e modalit\u00e0 di coltivare la terra della\ntradizione agricola dei diversi Paesi. <\/strong><\/p>\n\n\n\n<p>Secondo Coulibaly\nla crisi alimentare odierna in Africa occidentale non \u00e8 tanto causata dal grano,\nperch\u00e9 il pane viene consumato solo nelle citt\u00e0, ma dai prezzi dei\nfertilizzanti chimici in vorticoso aumento, che rappresentano un costo insostenibile\nper i piccoli produttori. <strong>Per Coulibaly\nquella che abbiamo davanti \u00e8 un\u2019importante occasione di cambiamento a tutti i\nlivelli: l\u2019agroecologia <\/strong>&#8211; che, come ha ricordato, non \u00e8 solo un insieme di\ntecniche, ma un approccio globale alle sfide di oggi che si basa su input\nnaturali in ambito agricolo &#8211;<strong> deve diventare\nsempre pi\u00f9 il riferimento per i piccoli produttori, per i governi locali, per i\nfinanziatori e per tutti coloro che agiscono nell\u2019ambito della cooperazione\ninternazionale. &nbsp;<\/strong><\/p>\n\n\n\n<p><span style=\"text-decoration: underline;\"><strong data-rich-text-format-boundary=\"true\">Pi\u00f9 priorit\u00e0 alla cooperazione nella politica<\/strong><\/span><\/p>\n\n\n\n<p><strong>Molto positiva e importante \u00e8 stata la presenza alla\nconferenza di ben 5 ministri<\/strong> (oltre al gi\u00e0 citato Di Maio, anche Cingolani, Lamorgese,\nFranco e Speranza), del Presidente della commissione esteri della camera\nFassino oltre che della Vice Ministra alla cooperazione Sereni. <strong>Ora, per\u00f2, \u00e8 necessario tradurre in atti\nconcreti le idee e le proposte emerse dai diversi dibattiti e che queste diventino\ntemi prioritari nelle agende della politica.<\/strong><\/p>\n\n\n\n<p>Alle organizzazioni\ndella societ\u00e0 civile spetta il compito, altrettanto importante, di vigilare\nsulla politica affinch\u00e9 essa faccia seguire con i fatti ci\u00f2 che \u00e8 stato\ndichiarato nel corso del convegno. <\/p>\n","protected":false},"excerpt":{"rendered":"<p>Leggi il resoconto di Mani Tese della seconda Conferenza nazionale della Cooperazione allo sviluppo.<\/p>\n","protected":false},"author":1,"featured_media":93696,"comment_status":"open","ping_status":"open","sticky":false,"template":"","format":"standard","meta":{"_acf_changed":false,"give_campaign_id":0,"inline_featured_image":false,"_jetpack_memberships_contains_paid_content":false,"footnotes":""},"categories":[1],"tags":[43,44],"thematic_area":[],"class_list":["post-93690","post","type-post","status-publish","format-standard","has-post-thumbnail","hentry","category-news","tag-co-opera","tag-coopera"],"acf":[],"yoast_head":"<!-- This site is optimized with the Yoast SEO plugin v27.5 - https:\/\/yoast.com\/product\/yoast-seo-wordpress\/ -->\n<title>La voce dei contadini africani a CO-Opera 2022 - Mani Tese<\/title>\n<meta name=\"description\" content=\"Leggi il resoconto di Mani Tese della seconda Conferenza nazionale della Cooperazione allo sviluppo.\" \/>\n<meta name=\"robots\" content=\"index, follow, max-snippet:-1, max-image-preview:large, max-video-preview:-1\" \/>\n<link rel=\"canonical\" href=\"https:\/\/www.manitese.it\/en\/la-voce-dei-contadini-africani-a-co-opera-2022\/\" \/>\n<meta property=\"og:locale\" content=\"en_US\" \/>\n<meta property=\"og:type\" content=\"article\" \/>\n<meta property=\"og:title\" content=\"La voce dei contadini africani a CO-Opera 2022 - Mani Tese\" \/>\n<meta property=\"og:description\" content=\"Leggi il resoconto di Mani Tese della seconda Conferenza nazionale della Cooperazione allo sviluppo.\" \/>\n<meta property=\"og:url\" content=\"https:\/\/www.manitese.it\/en\/la-voce-dei-contadini-africani-a-co-opera-2022\/\" \/>\n<meta property=\"og:site_name\" content=\"Mani Tese\" \/>\n<meta property=\"article:published_time\" content=\"2022-06-30T15:07:09+00:00\" \/>\n<meta property=\"article:modified_time\" content=\"2025-07-08T10:58:51+00:00\" \/>\n<meta property=\"og:image\" content=\"https:\/\/www.manitese.it\/wp-content\/uploads\/2022\/06\/Co-opera-1.jpg\" \/>\n\t<meta property=\"og:image:width\" content=\"1919\" \/>\n\t<meta property=\"og:image:height\" content=\"799\" \/>\n\t<meta property=\"og:image:type\" content=\"image\/jpeg\" \/>\n<meta name=\"author\" content=\"agevis\" \/>\n<meta name=\"twitter:card\" content=\"summary_large_image\" \/>\n<meta name=\"twitter:label1\" content=\"Written by\" \/>\n\t<meta name=\"twitter:data1\" content=\"agevis\" \/>\n\t<meta name=\"twitter:label2\" content=\"Est. reading time\" \/>\n\t<meta name=\"twitter:data2\" content=\"4 minutes\" \/>\n<script type=\"application\/ld+json\" class=\"yoast-schema-graph\">{\"@context\":\"https:\\\/\\\/schema.org\",\"@graph\":[{\"@type\":\"Article\",\"@id\":\"https:\\\/\\\/www.manitese.it\\\/en\\\/la-voce-dei-contadini-africani-a-co-opera-2022\\\/#article\",\"isPartOf\":{\"@id\":\"https:\\\/\\\/www.manitese.it\\\/en\\\/la-voce-dei-contadini-africani-a-co-opera-2022\\\/\"},\"author\":{\"name\":\"agevis\",\"@id\":\"https:\\\/\\\/www.manitese.it\\\/en\\\/#\\\/schema\\\/person\\\/5a9774f17e4940e2510bfeba90f04f65\"},\"headline\":\"La voce dei contadini africani a CO-Opera 2022\",\"datePublished\":\"2022-06-30T15:07:09+00:00\",\"dateModified\":\"2025-07-08T10:58:51+00:00\",\"mainEntityOfPage\":{\"@id\":\"https:\\\/\\\/www.manitese.it\\\/en\\\/la-voce-dei-contadini-africani-a-co-opera-2022\\\/\"},\"wordCount\":748,\"commentCount\":0,\"image\":{\"@id\":\"https:\\\/\\\/www.manitese.it\\\/en\\\/la-voce-dei-contadini-africani-a-co-opera-2022\\\/#primaryimage\"},\"thumbnailUrl\":\"https:\\\/\\\/www.manitese.it\\\/wp-content\\\/uploads\\\/2022\\\/06\\\/Co-opera-1.jpg\",\"keywords\":[\"co-opera\",\"coopera\"],\"articleSection\":[\"News\"],\"inLanguage\":\"en-US\",\"potentialAction\":[{\"@type\":\"CommentAction\",\"name\":\"Comment\",\"target\":[\"https:\\\/\\\/www.manitese.it\\\/en\\\/la-voce-dei-contadini-africani-a-co-opera-2022\\\/#respond\"]}]},{\"@type\":\"WebPage\",\"@id\":\"https:\\\/\\\/www.manitese.it\\\/en\\\/la-voce-dei-contadini-africani-a-co-opera-2022\\\/\",\"url\":\"https:\\\/\\\/www.manitese.it\\\/en\\\/la-voce-dei-contadini-africani-a-co-opera-2022\\\/\",\"name\":\"La voce dei contadini africani a CO-Opera 2022 - Mani Tese\",\"isPartOf\":{\"@id\":\"https:\\\/\\\/www.manitese.it\\\/en\\\/#website\"},\"primaryImageOfPage\":{\"@id\":\"https:\\\/\\\/www.manitese.it\\\/en\\\/la-voce-dei-contadini-africani-a-co-opera-2022\\\/#primaryimage\"},\"image\":{\"@id\":\"https:\\\/\\\/www.manitese.it\\\/en\\\/la-voce-dei-contadini-africani-a-co-opera-2022\\\/#primaryimage\"},\"thumbnailUrl\":\"https:\\\/\\\/www.manitese.it\\\/wp-content\\\/uploads\\\/2022\\\/06\\\/Co-opera-1.jpg\",\"datePublished\":\"2022-06-30T15:07:09+00:00\",\"dateModified\":\"2025-07-08T10:58:51+00:00\",\"author\":{\"@id\":\"https:\\\/\\\/www.manitese.it\\\/en\\\/#\\\/schema\\\/person\\\/5a9774f17e4940e2510bfeba90f04f65\"},\"description\":\"Leggi il resoconto di Mani Tese della seconda Conferenza nazionale della Cooperazione allo sviluppo.\",\"breadcrumb\":{\"@id\":\"https:\\\/\\\/www.manitese.it\\\/en\\\/la-voce-dei-contadini-africani-a-co-opera-2022\\\/#breadcrumb\"},\"inLanguage\":\"en-US\",\"potentialAction\":[{\"@type\":\"ReadAction\",\"target\":[\"https:\\\/\\\/www.manitese.it\\\/en\\\/la-voce-dei-contadini-africani-a-co-opera-2022\\\/\"]}]},{\"@type\":\"ImageObject\",\"inLanguage\":\"en-US\",\"@id\":\"https:\\\/\\\/www.manitese.it\\\/en\\\/la-voce-dei-contadini-africani-a-co-opera-2022\\\/#primaryimage\",\"url\":\"https:\\\/\\\/www.manitese.it\\\/wp-content\\\/uploads\\\/2022\\\/06\\\/Co-opera-1.jpg\",\"contentUrl\":\"https:\\\/\\\/www.manitese.it\\\/wp-content\\\/uploads\\\/2022\\\/06\\\/Co-opera-1.jpg\",\"width\":1919,\"height\":799,\"caption\":\"LA VOCE DEI CONTADINI AFRICANI A CO-OPERA 2022\"},{\"@type\":\"BreadcrumbList\",\"@id\":\"https:\\\/\\\/www.manitese.it\\\/en\\\/la-voce-dei-contadini-africani-a-co-opera-2022\\\/#breadcrumb\",\"itemListElement\":[{\"@type\":\"ListItem\",\"position\":1,\"name\":\"Home\",\"item\":\"https:\\\/\\\/www.manitese.it\\\/en\\\/\"},{\"@type\":\"ListItem\",\"position\":2,\"name\":\"La voce dei contadini africani a CO-Opera 2022\"}]},{\"@type\":\"WebSite\",\"@id\":\"https:\\\/\\\/www.manitese.it\\\/en\\\/#website\",\"url\":\"https:\\\/\\\/www.manitese.it\\\/en\\\/\",\"name\":\"Mani Tese\",\"description\":\"\",\"potentialAction\":[{\"@type\":\"SearchAction\",\"target\":{\"@type\":\"EntryPoint\",\"urlTemplate\":\"https:\\\/\\\/www.manitese.it\\\/en\\\/?s={search_term_string}\"},\"query-input\":{\"@type\":\"PropertyValueSpecification\",\"valueRequired\":true,\"valueName\":\"search_term_string\"}}],\"inLanguage\":\"en-US\"},{\"@type\":\"Person\",\"@id\":\"https:\\\/\\\/www.manitese.it\\\/en\\\/#\\\/schema\\\/person\\\/5a9774f17e4940e2510bfeba90f04f65\",\"name\":\"agevis\",\"image\":{\"@type\":\"ImageObject\",\"inLanguage\":\"en-US\",\"@id\":\"https:\\\/\\\/secure.gravatar.com\\\/avatar\\\/2dc96c93fcf3387a5922a93b50fb3bff01d4800590fb6a4ab91a034adb25ba17?s=96&d=mm&r=g\",\"url\":\"https:\\\/\\\/secure.gravatar.com\\\/avatar\\\/2dc96c93fcf3387a5922a93b50fb3bff01d4800590fb6a4ab91a034adb25ba17?s=96&d=mm&r=g\",\"contentUrl\":\"https:\\\/\\\/secure.gravatar.com\\\/avatar\\\/2dc96c93fcf3387a5922a93b50fb3bff01d4800590fb6a4ab91a034adb25ba17?s=96&d=mm&r=g\",\"caption\":\"agevis\"},\"url\":\"https:\\\/\\\/www.manitese.it\\\/en\\\/author\\\/wp_agevis_admin\\\/\"}]}<\/script>\n<!-- \/ Yoast SEO plugin. -->","yoast_head_json":{"title":"La voce dei contadini africani a CO-Opera 2022 - Mani Tese","description":"Leggi il resoconto di Mani Tese della seconda Conferenza nazionale della Cooperazione allo sviluppo.","robots":{"index":"index","follow":"follow","max-snippet":"max-snippet:-1","max-image-preview":"max-image-preview:large","max-video-preview":"max-video-preview:-1"},"canonical":"https:\/\/www.manitese.it\/en\/la-voce-dei-contadini-africani-a-co-opera-2022\/","og_locale":"en_US","og_type":"article","og_title":"La voce dei contadini africani a CO-Opera 2022 - Mani Tese","og_description":"Leggi il resoconto di Mani Tese della seconda Conferenza nazionale della Cooperazione allo sviluppo.","og_url":"https:\/\/www.manitese.it\/en\/la-voce-dei-contadini-africani-a-co-opera-2022\/","og_site_name":"Mani Tese","article_published_time":"2022-06-30T15:07:09+00:00","article_modified_time":"2025-07-08T10:58:51+00:00","og_image":[{"width":1919,"height":799,"url":"https:\/\/www.manitese.it\/wp-content\/uploads\/2022\/06\/Co-opera-1.jpg","type":"image\/jpeg"}],"author":"agevis","twitter_card":"summary_large_image","twitter_misc":{"Written by":"agevis","Est. reading time":"4 minutes"},"schema":{"@context":"https:\/\/schema.org","@graph":[{"@type":"Article","@id":"https:\/\/www.manitese.it\/en\/la-voce-dei-contadini-africani-a-co-opera-2022\/#article","isPartOf":{"@id":"https:\/\/www.manitese.it\/en\/la-voce-dei-contadini-africani-a-co-opera-2022\/"},"author":{"name":"agevis","@id":"https:\/\/www.manitese.it\/en\/#\/schema\/person\/5a9774f17e4940e2510bfeba90f04f65"},"headline":"La voce dei contadini africani a CO-Opera 2022","datePublished":"2022-06-30T15:07:09+00:00","dateModified":"2025-07-08T10:58:51+00:00","mainEntityOfPage":{"@id":"https:\/\/www.manitese.it\/en\/la-voce-dei-contadini-africani-a-co-opera-2022\/"},"wordCount":748,"commentCount":0,"image":{"@id":"https:\/\/www.manitese.it\/en\/la-voce-dei-contadini-africani-a-co-opera-2022\/#primaryimage"},"thumbnailUrl":"https:\/\/www.manitese.it\/wp-content\/uploads\/2022\/06\/Co-opera-1.jpg","keywords":["co-opera","coopera"],"articleSection":["News"],"inLanguage":"en-US","potentialAction":[{"@type":"CommentAction","name":"Comment","target":["https:\/\/www.manitese.it\/en\/la-voce-dei-contadini-africani-a-co-opera-2022\/#respond"]}]},{"@type":"WebPage","@id":"https:\/\/www.manitese.it\/en\/la-voce-dei-contadini-africani-a-co-opera-2022\/","url":"https:\/\/www.manitese.it\/en\/la-voce-dei-contadini-africani-a-co-opera-2022\/","name":"La voce dei contadini africani a CO-Opera 2022 - Mani Tese","isPartOf":{"@id":"https:\/\/www.manitese.it\/en\/#website"},"primaryImageOfPage":{"@id":"https:\/\/www.manitese.it\/en\/la-voce-dei-contadini-africani-a-co-opera-2022\/#primaryimage"},"image":{"@id":"https:\/\/www.manitese.it\/en\/la-voce-dei-contadini-africani-a-co-opera-2022\/#primaryimage"},"thumbnailUrl":"https:\/\/www.manitese.it\/wp-content\/uploads\/2022\/06\/Co-opera-1.jpg","datePublished":"2022-06-30T15:07:09+00:00","dateModified":"2025-07-08T10:58:51+00:00","author":{"@id":"https:\/\/www.manitese.it\/en\/#\/schema\/person\/5a9774f17e4940e2510bfeba90f04f65"},"description":"Leggi il resoconto di Mani Tese della seconda Conferenza nazionale della Cooperazione allo sviluppo.","breadcrumb":{"@id":"https:\/\/www.manitese.it\/en\/la-voce-dei-contadini-africani-a-co-opera-2022\/#breadcrumb"},"inLanguage":"en-US","potentialAction":[{"@type":"ReadAction","target":["https:\/\/www.manitese.it\/en\/la-voce-dei-contadini-africani-a-co-opera-2022\/"]}]},{"@type":"ImageObject","inLanguage":"en-US","@id":"https:\/\/www.manitese.it\/en\/la-voce-dei-contadini-africani-a-co-opera-2022\/#primaryimage","url":"https:\/\/www.manitese.it\/wp-content\/uploads\/2022\/06\/Co-opera-1.jpg","contentUrl":"https:\/\/www.manitese.it\/wp-content\/uploads\/2022\/06\/Co-opera-1.jpg","width":1919,"height":799,"caption":"LA VOCE DEI CONTADINI AFRICANI A CO-OPERA 2022"},{"@type":"BreadcrumbList","@id":"https:\/\/www.manitese.it\/en\/la-voce-dei-contadini-africani-a-co-opera-2022\/#breadcrumb","itemListElement":[{"@type":"ListItem","position":1,"name":"Home","item":"https:\/\/www.manitese.it\/en\/"},{"@type":"ListItem","position":2,"name":"La voce dei contadini africani a CO-Opera 2022"}]},{"@type":"WebSite","@id":"https:\/\/www.manitese.it\/en\/#website","url":"https:\/\/www.manitese.it\/en\/","name":"Mani Tese","description":"","potentialAction":[{"@type":"SearchAction","target":{"@type":"EntryPoint","urlTemplate":"https:\/\/www.manitese.it\/en\/?s={search_term_string}"},"query-input":{"@type":"PropertyValueSpecification","valueRequired":true,"valueName":"search_term_string"}}],"inLanguage":"en-US"},{"@type":"Person","@id":"https:\/\/www.manitese.it\/en\/#\/schema\/person\/5a9774f17e4940e2510bfeba90f04f65","name":"agevis","image":{"@type":"ImageObject","inLanguage":"en-US","@id":"https:\/\/secure.gravatar.com\/avatar\/2dc96c93fcf3387a5922a93b50fb3bff01d4800590fb6a4ab91a034adb25ba17?s=96&d=mm&r=g","url":"https:\/\/secure.gravatar.com\/avatar\/2dc96c93fcf3387a5922a93b50fb3bff01d4800590fb6a4ab91a034adb25ba17?s=96&d=mm&r=g","contentUrl":"https:\/\/secure.gravatar.com\/avatar\/2dc96c93fcf3387a5922a93b50fb3bff01d4800590fb6a4ab91a034adb25ba17?s=96&d=mm&r=g","caption":"agevis"},"url":"https:\/\/www.manitese.it\/en\/author\/wp_agevis_admin\/"}]}},"jetpack_featured_media_url":"https:\/\/www.manitese.it\/wp-content\/uploads\/2022\/06\/Co-opera-1.jpg","jetpack_sharing_enabled":true,"_links":{"self":[{"href":"https:\/\/www.manitese.it\/en\/wp-json\/wp\/v2\/posts\/93690","targetHints":{"allow":["GET"]}}],"collection":[{"href":"https:\/\/www.manitese.it\/en\/wp-json\/wp\/v2\/posts"}],"about":[{"href":"https:\/\/www.manitese.it\/en\/wp-json\/wp\/v2\/types\/post"}],"author":[{"embeddable":true,"href":"https:\/\/www.manitese.it\/en\/wp-json\/wp\/v2\/users\/1"}],"replies":[{"embeddable":true,"href":"https:\/\/www.manitese.it\/en\/wp-json\/wp\/v2\/comments?post=93690"}],"version-history":[{"count":2,"href":"https:\/\/www.manitese.it\/en\/wp-json\/wp\/v2\/posts\/93690\/revisions"}],"predecessor-version":[{"id":177722,"href":"https:\/\/www.manitese.it\/en\/wp-json\/wp\/v2\/posts\/93690\/revisions\/177722"}],"wp:featuredmedia":[{"embeddable":true,"href":"https:\/\/www.manitese.it\/en\/wp-json\/wp\/v2\/media\/93696"}],"wp:attachment":[{"href":"https:\/\/www.manitese.it\/en\/wp-json\/wp\/v2\/media?parent=93690"}],"wp:term":[{"taxonomy":"category","embeddable":true,"href":"https:\/\/www.manitese.it\/en\/wp-json\/wp\/v2\/categories?post=93690"},{"taxonomy":"post_tag","embeddable":true,"href":"https:\/\/www.manitese.it\/en\/wp-json\/wp\/v2\/tags?post=93690"},{"taxonomy":"thematic_area","embeddable":true,"href":"https:\/\/www.manitese.it\/en\/wp-json\/wp\/v2\/thematic_area?post=93690"}],"curies":[{"name":"wp","href":"https:\/\/api.w.org\/{rel}","templated":true}]}}