{"id":93538,"date":"2022-06-27T12:14:03","date_gmt":"2022-06-27T10:14:03","guid":{"rendered":"https:\/\/manitese.it\/?p=93538"},"modified":"2023-11-29T15:42:11","modified_gmt":"2023-11-29T14:42:11","slug":"benin-garantire-cibo-e-igiene-fra-terrorismo-lavoro-minorile-e-siccita","status":"publish","type":"post","link":"https:\/\/www.manitese.it\/en\/benin-garantire-cibo-e-igiene-fra-terrorismo-lavoro-minorile-e-siccita\/","title":{"rendered":"Benin: garantire cibo e igiene fra terrorismo, lavoro minorile e siccit\u00e0"},"content":{"rendered":"\r\n<p>In Benin molte minacce\u00a0 gravano sull&#8217;intera popolazione della\u00a0 regione\u00a0 dell\u2019Atacora, dove siamo presenti nei comuni di Natitingou, Toucountouna e Kouand\u00e9 con il progetto \u201c<a href=\"https:\/\/manitese.it\/progetto\/sicurezza-alimentare-atacora\"><strong>Miglioramento della sicurezza alimentare e delle condizioni igienico-sanitarie delle comunit\u00e0 agricole del dipartimento dell\u2019Atacora<\/strong><\/a><strong>\u201d cofinanziato dai fondi 8 per 1000 a diretta gestione statale.<\/strong><\/p>\r\n\r\n\r\n\r\n<p>Dal punto di vista produttivo in\u00a0 ambito agricolo, la stagione delle piogge 2021 \u00e8 stata caratterizzata da precipitazioni inadeguate intervallate da un lungo periodo di <strong>siccit\u00e0<\/strong>. La diretta conseguenza di questa situazione \u00e8 <strong>la carenza precoce di alcuni importanti alimenti nei mercati locali e un aumento incontrollato dei prezzi nel 2022.<\/strong> L\u2019 irregolarit\u00e0 delle piogge ha anche causato una siccit\u00e0 prematura di bacini e fiumi tradizionali necessari per lo sviluppo delle attivit\u00e0 orticole.<\/p>\r\n\r\n\r\n\r\n<p>Sul piano sociale, <strong>la pandemia di Covid-19 ha causato nuovi disagi sanitari e la chiusura delle scuole per alcuni mesi, che ha portato a un aumento del fenomeno del lavoro minorile con frequenti casi di bambini trafficati<\/strong> a scopo di sfruttamento.<\/p>\r\n\r\n\r\n\r\n<p>Il territorio del Nord, del quale fa parte l\u2019Atacora, del Benin \u00e8 stato inoltre segnato dall&#8217;<strong>aumento di episodi di sconfinamento dei movimenti di matrice jihaidista attivi nel vicino Burkina Faso con atti di terrorismo<\/strong> che hanno causato la perdita di vite umane ma anche un \u00a0esodo importante di popolazioni burkinab\u00e9, in fuga dalle violenze del loro paese di origine.<\/p>\r\n\r\n\r\n\r\n<p>Nonostante il contesto incerto, <strong>le attivit\u00e0 del nostro progetto sono proseguite e anzi hanno permesso di ridurre<\/strong>, per la popolazione destinataria delle attivit\u00e0,<strong> gli effetti di queste minacce.<\/strong><\/p>\r\n\r\n\r\n\r\n<p>Negli scorsi mesi, <strong>abbiamo lavorato per garantire la sicurezza alimentare insieme a 21 gruppi di donne (per un totale 525 donne)<\/strong> con cui abbiamo preparato gli appezzamenti di terreno per avviare le attivit\u00e0 agricole nella stagione secca. Le agricoltrici hanno partecipato a un <strong>corso di formazione sull\u2019orticoltura<\/strong> per la produzione di ortaggi e a <strong>un corso di formazione in nutrizione.<\/strong><\/p>\r\n\r\n\r\n\r\n<div class=\"wp-block-image\">\r\n<figure class=\"aligncenter size-large\"><a href=\"https:\/\/manitese.it\/wp-content\/uploads\/2022\/06\/IMG_20220503_120625_821-scaled.jpg\"><img decoding=\"async\" class=\"wp-image-93553\" src=\"https:\/\/manitese.it\/wp-content\/uploads\/2022\/06\/IMG_20220503_120625_821-1024x768.jpg\" alt=\"\" \/><\/a>\r\n<figcaption>Due donne mostrano fiere i loro prodotti orticoli<\/figcaption>\r\n<\/figure>\r\n<\/div>\r\n\r\n\r\n\r\n<div class=\"wp-block-image\">\r\n<figure class=\"aligncenter size-large\"><a href=\"https:\/\/manitese.it\/wp-content\/uploads\/2022\/06\/IMG_20220421_104224_398-scaled.jpg\"><img decoding=\"async\" class=\"wp-image-93555\" src=\"https:\/\/manitese.it\/wp-content\/uploads\/2022\/06\/IMG_20220421_104224_398-1024x768.jpg\" alt=\"\" \/><\/a>\r\n<figcaption>Una donna innaffia il proprio campo<\/figcaption>\r\n<\/figure>\r\n<\/div>\r\n\r\n\r\n\r\n<p>Sono stati inoltre distribuiti <strong>attrezzi e\u00a0 semi<\/strong> di variet\u00e0 orticole per incrementare le loro capacit\u00e0 di produzione di ortaggi fuori stagione e sono stati <strong>costruiti e inaugurati 4 centri di trasformazione con annesso magazzino per la manioca e il fonio<\/strong>. Infine, sono stati distribuiti <strong>kit per irrigare i campi <\/strong>di ciascun gruppo agricolo.<\/p>\r\n\r\n\r\n\r\n<div class=\"wp-block-image\">\r\n<figure class=\"aligncenter size-large\"><a href=\"https:\/\/manitese.it\/wp-content\/uploads\/2022\/06\/irrigazione.jpg\"><img decoding=\"async\" class=\"wp-image-93549\" src=\"https:\/\/manitese.it\/wp-content\/uploads\/2022\/06\/irrigazione-1024x768.jpg\" alt=\"\" \/><\/a>\r\n<figcaption>Un ragazzo verifica l&#8217;efficienza del kit di irrigazione appena installato<\/figcaption>\r\n<\/figure>\r\n<\/div>\r\n\r\n\r\n\r\n<p>Per prevenire, infine, la diffusione di malattie a trasmissione oro-fecale come il colera, l&#8217;amebiasi, la taeniasi, la dracunculiasi, l&#8217;ascariasi e la bilharzia, sono state organizzati corsi di <strong>formazione sull&#8217;igiene e la salute nei villaggi.<\/strong><\/p>\r\n\r\n\r\n\r\n<p>Il nostro impegno in Benin oggi prosegue. Con l\u2019aiuto di chi vorr\u00e0 sostenerci, contiamo di portare a termine il nostro progetto per rendere la popolazione sempre pi\u00f9 sicura, indipendente e resistente alle minacce di un contesto purtroppo sempre pi\u00f9 instabile.<\/p>\r\n\r\n\r\n\r\n<p><em>Aiutaci a garantire indipendenza e resilienza a centinaia di famiglie in Benin e sostieni i nostri progetti<strong>\u00a0<\/strong>donando via bonifico o a questo\u00a0<a href=\"https:\/\/donazioni.manitese.it\/?utm_source=LINKNEWSMTBF1&amp;utm_medium=Link_intratesto&amp;utm_campaign=StorieCoop2022&amp;utm_content=Link_intratesto_donaora\" target=\"_blank\" rel=\"noreferrer noopener\"><strong>L<\/strong><\/a><strong><a href=\"https:\/\/donazioni.manitese.it\/?utm_source=LINKNEWSMTBEN1&amp;utm_medium=Link_intratesto&amp;utm_campaign=StorieCoop2022&amp;utm_content=Link_intratesto_donaora\" target=\"_blank\" rel=\"noreferrer noopener\" aria-label=\" (apre in una nuova scheda)\">INK<\/a>\u00a0<\/strong>inserendo la causale\u00a0<strong>\u201cCon gli agricoltori del Benin\u201d.<\/strong><\/em><\/p>\r\n","protected":false},"excerpt":{"rendered":"<p>Nonostante le minacce jihadiste, gli effetti della pandemia e il costo della vita sempre pi\u00f9 elevato, proseguono le attivit\u00e0 di Mani Tese per garantire la sicurezza alimentare e le condizioni igienico sanitarie della popolazione.<\/p>\n","protected":false},"author":1,"featured_media":93542,"comment_status":"open","ping_status":"open","sticky":false,"template":"","format":"standard","meta":{"_acf_changed":false,"give_campaign_id":0,"inline_featured_image":false,"_jetpack_memberships_contains_paid_content":false,"footnotes":""},"categories":[5],"tags":[35,36],"thematic_area":[918,905],"class_list":["post-93538","post","type-post","status-publish","format-standard","has-post-thumbnail","hentry","category-attualita","tag-benin-2","tag-donne","thematic_area-sistemi-e-filiere-agroalimentari-locali","thematic_area-accesso-universale-al-cibo-e-allacqua"],"acf":[],"yoast_head":"<!-- This site is optimized with the Yoast SEO plugin v27.5 - https:\/\/yoast.com\/product\/yoast-seo-wordpress\/ -->\n<title>Benin: garantire cibo e igiene fra terrorismo, lavoro minorile e siccit\u00e0 - Mani Tese<\/title>\n<meta name=\"description\" content=\"Nonostante le minacce jihadiste, gli effetti della pandemia e il costo della vita sempre pi\u00f9 elevato, proseguono le attivit\u00e0 di Mani Tese per garantire la sicurezza alimentare e le condizioni igienico sanitarie della popolazione.\" \/>\n<meta name=\"robots\" content=\"index, follow, max-snippet:-1, max-image-preview:large, max-video-preview:-1\" \/>\n<link rel=\"canonical\" href=\"https:\/\/www.manitese.it\/en\/benin-garantire-cibo-e-igiene-fra-terrorismo-lavoro-minorile-e-siccita\/\" \/>\n<meta property=\"og:locale\" content=\"en_US\" \/>\n<meta property=\"og:type\" content=\"article\" \/>\n<meta property=\"og:title\" content=\"Benin: garantire cibo e igiene fra terrorismo, lavoro minorile e siccit\u00e0 - Mani Tese\" \/>\n<meta property=\"og:description\" content=\"Nonostante le minacce jihadiste, gli effetti della pandemia e il costo della vita sempre pi\u00f9 elevato, proseguono le attivit\u00e0 di Mani Tese per garantire la sicurezza alimentare e le condizioni igienico sanitarie della popolazione.\" \/>\n<meta property=\"og:url\" content=\"https:\/\/www.manitese.it\/en\/benin-garantire-cibo-e-igiene-fra-terrorismo-lavoro-minorile-e-siccita\/\" \/>\n<meta property=\"og:site_name\" content=\"Mani Tese\" \/>\n<meta property=\"article:published_time\" content=\"2022-06-27T10:14:03+00:00\" \/>\n<meta property=\"article:modified_time\" content=\"2023-11-29T14:42:11+00:00\" \/>\n<meta property=\"og:image\" content=\"https:\/\/www.manitese.it\/wp-content\/uploads\/2022\/06\/header-1-1.jpg\" \/>\n\t<meta property=\"og:image:width\" content=\"1920\" \/>\n\t<meta property=\"og:image:height\" content=\"802\" \/>\n\t<meta property=\"og:image:type\" content=\"image\/jpeg\" \/>\n<meta name=\"author\" content=\"agevis\" \/>\n<meta name=\"twitter:card\" content=\"summary_large_image\" \/>\n<meta name=\"twitter:label1\" content=\"Written by\" \/>\n\t<meta name=\"twitter:data1\" content=\"agevis\" \/>\n\t<meta name=\"twitter:label2\" content=\"Est. reading time\" \/>\n\t<meta name=\"twitter:data2\" content=\"3 minutes\" \/>\n<script type=\"application\/ld+json\" class=\"yoast-schema-graph\">{\"@context\":\"https:\\\/\\\/schema.org\",\"@graph\":[{\"@type\":\"Article\",\"@id\":\"https:\\\/\\\/www.manitese.it\\\/en\\\/benin-garantire-cibo-e-igiene-fra-terrorismo-lavoro-minorile-e-siccita\\\/#article\",\"isPartOf\":{\"@id\":\"https:\\\/\\\/www.manitese.it\\\/en\\\/benin-garantire-cibo-e-igiene-fra-terrorismo-lavoro-minorile-e-siccita\\\/\"},\"author\":{\"name\":\"agevis\",\"@id\":\"https:\\\/\\\/www.manitese.it\\\/en\\\/#\\\/schema\\\/person\\\/5a9774f17e4940e2510bfeba90f04f65\"},\"headline\":\"Benin: garantire cibo e igiene fra terrorismo, lavoro minorile e siccit\u00e0\",\"datePublished\":\"2022-06-27T10:14:03+00:00\",\"dateModified\":\"2023-11-29T14:42:11+00:00\",\"mainEntityOfPage\":{\"@id\":\"https:\\\/\\\/www.manitese.it\\\/en\\\/benin-garantire-cibo-e-igiene-fra-terrorismo-lavoro-minorile-e-siccita\\\/\"},\"wordCount\":504,\"commentCount\":0,\"image\":{\"@id\":\"https:\\\/\\\/www.manitese.it\\\/en\\\/benin-garantire-cibo-e-igiene-fra-terrorismo-lavoro-minorile-e-siccita\\\/#primaryimage\"},\"thumbnailUrl\":\"https:\\\/\\\/www.manitese.it\\\/wp-content\\\/uploads\\\/2022\\\/06\\\/header-1-1.jpg\",\"keywords\":[\"benin\",\"donne\"],\"articleSection\":[\"Attualit\u00e0\"],\"inLanguage\":\"en-US\",\"potentialAction\":[{\"@type\":\"CommentAction\",\"name\":\"Comment\",\"target\":[\"https:\\\/\\\/www.manitese.it\\\/en\\\/benin-garantire-cibo-e-igiene-fra-terrorismo-lavoro-minorile-e-siccita\\\/#respond\"]}]},{\"@type\":\"WebPage\",\"@id\":\"https:\\\/\\\/www.manitese.it\\\/en\\\/benin-garantire-cibo-e-igiene-fra-terrorismo-lavoro-minorile-e-siccita\\\/\",\"url\":\"https:\\\/\\\/www.manitese.it\\\/en\\\/benin-garantire-cibo-e-igiene-fra-terrorismo-lavoro-minorile-e-siccita\\\/\",\"name\":\"Benin: garantire cibo e igiene fra terrorismo, lavoro minorile e siccit\u00e0 - Mani Tese\",\"isPartOf\":{\"@id\":\"https:\\\/\\\/www.manitese.it\\\/en\\\/#website\"},\"primaryImageOfPage\":{\"@id\":\"https:\\\/\\\/www.manitese.it\\\/en\\\/benin-garantire-cibo-e-igiene-fra-terrorismo-lavoro-minorile-e-siccita\\\/#primaryimage\"},\"image\":{\"@id\":\"https:\\\/\\\/www.manitese.it\\\/en\\\/benin-garantire-cibo-e-igiene-fra-terrorismo-lavoro-minorile-e-siccita\\\/#primaryimage\"},\"thumbnailUrl\":\"https:\\\/\\\/www.manitese.it\\\/wp-content\\\/uploads\\\/2022\\\/06\\\/header-1-1.jpg\",\"datePublished\":\"2022-06-27T10:14:03+00:00\",\"dateModified\":\"2023-11-29T14:42:11+00:00\",\"author\":{\"@id\":\"https:\\\/\\\/www.manitese.it\\\/en\\\/#\\\/schema\\\/person\\\/5a9774f17e4940e2510bfeba90f04f65\"},\"description\":\"Nonostante le minacce jihadiste, gli effetti della pandemia e il costo della vita sempre pi\u00f9 elevato, proseguono le attivit\u00e0 di Mani Tese per garantire la sicurezza alimentare e le condizioni igienico sanitarie della popolazione.\",\"breadcrumb\":{\"@id\":\"https:\\\/\\\/www.manitese.it\\\/en\\\/benin-garantire-cibo-e-igiene-fra-terrorismo-lavoro-minorile-e-siccita\\\/#breadcrumb\"},\"inLanguage\":\"en-US\",\"potentialAction\":[{\"@type\":\"ReadAction\",\"target\":[\"https:\\\/\\\/www.manitese.it\\\/en\\\/benin-garantire-cibo-e-igiene-fra-terrorismo-lavoro-minorile-e-siccita\\\/\"]}]},{\"@type\":\"ImageObject\",\"inLanguage\":\"en-US\",\"@id\":\"https:\\\/\\\/www.manitese.it\\\/en\\\/benin-garantire-cibo-e-igiene-fra-terrorismo-lavoro-minorile-e-siccita\\\/#primaryimage\",\"url\":\"https:\\\/\\\/www.manitese.it\\\/wp-content\\\/uploads\\\/2022\\\/06\\\/header-1-1.jpg\",\"contentUrl\":\"https:\\\/\\\/www.manitese.it\\\/wp-content\\\/uploads\\\/2022\\\/06\\\/header-1-1.jpg\",\"width\":1920,\"height\":802,\"caption\":\"BENIN: GARANTIRE CIBO E IGIENE FRA TERRORISMO, LAVORO MINORILE E SICCIT\u00c0\"},{\"@type\":\"BreadcrumbList\",\"@id\":\"https:\\\/\\\/www.manitese.it\\\/en\\\/benin-garantire-cibo-e-igiene-fra-terrorismo-lavoro-minorile-e-siccita\\\/#breadcrumb\",\"itemListElement\":[{\"@type\":\"ListItem\",\"position\":1,\"name\":\"Home\",\"item\":\"https:\\\/\\\/www.manitese.it\\\/en\\\/\"},{\"@type\":\"ListItem\",\"position\":2,\"name\":\"Benin: garantire cibo e igiene fra terrorismo, lavoro minorile e siccit\u00e0\"}]},{\"@type\":\"WebSite\",\"@id\":\"https:\\\/\\\/www.manitese.it\\\/en\\\/#website\",\"url\":\"https:\\\/\\\/www.manitese.it\\\/en\\\/\",\"name\":\"Mani Tese\",\"description\":\"\",\"potentialAction\":[{\"@type\":\"SearchAction\",\"target\":{\"@type\":\"EntryPoint\",\"urlTemplate\":\"https:\\\/\\\/www.manitese.it\\\/en\\\/?s={search_term_string}\"},\"query-input\":{\"@type\":\"PropertyValueSpecification\",\"valueRequired\":true,\"valueName\":\"search_term_string\"}}],\"inLanguage\":\"en-US\"},{\"@type\":\"Person\",\"@id\":\"https:\\\/\\\/www.manitese.it\\\/en\\\/#\\\/schema\\\/person\\\/5a9774f17e4940e2510bfeba90f04f65\",\"name\":\"agevis\",\"image\":{\"@type\":\"ImageObject\",\"inLanguage\":\"en-US\",\"@id\":\"https:\\\/\\\/secure.gravatar.com\\\/avatar\\\/2dc96c93fcf3387a5922a93b50fb3bff01d4800590fb6a4ab91a034adb25ba17?s=96&d=mm&r=g\",\"url\":\"https:\\\/\\\/secure.gravatar.com\\\/avatar\\\/2dc96c93fcf3387a5922a93b50fb3bff01d4800590fb6a4ab91a034adb25ba17?s=96&d=mm&r=g\",\"contentUrl\":\"https:\\\/\\\/secure.gravatar.com\\\/avatar\\\/2dc96c93fcf3387a5922a93b50fb3bff01d4800590fb6a4ab91a034adb25ba17?s=96&d=mm&r=g\",\"caption\":\"agevis\"},\"url\":\"https:\\\/\\\/www.manitese.it\\\/en\\\/author\\\/wp_agevis_admin\\\/\"}]}<\/script>\n<!-- \/ Yoast SEO plugin. -->","yoast_head_json":{"title":"Benin: garantire cibo e igiene fra terrorismo, lavoro minorile e siccit\u00e0 - Mani Tese","description":"Nonostante le minacce jihadiste, gli effetti della pandemia e il costo della vita sempre pi\u00f9 elevato, proseguono le attivit\u00e0 di Mani Tese per garantire la sicurezza alimentare e le condizioni igienico sanitarie della popolazione.","robots":{"index":"index","follow":"follow","max-snippet":"max-snippet:-1","max-image-preview":"max-image-preview:large","max-video-preview":"max-video-preview:-1"},"canonical":"https:\/\/www.manitese.it\/en\/benin-garantire-cibo-e-igiene-fra-terrorismo-lavoro-minorile-e-siccita\/","og_locale":"en_US","og_type":"article","og_title":"Benin: garantire cibo e igiene fra terrorismo, lavoro minorile e siccit\u00e0 - Mani Tese","og_description":"Nonostante le minacce jihadiste, gli effetti della pandemia e il costo della vita sempre pi\u00f9 elevato, proseguono le attivit\u00e0 di Mani Tese per garantire la sicurezza alimentare e le condizioni igienico sanitarie della popolazione.","og_url":"https:\/\/www.manitese.it\/en\/benin-garantire-cibo-e-igiene-fra-terrorismo-lavoro-minorile-e-siccita\/","og_site_name":"Mani Tese","article_published_time":"2022-06-27T10:14:03+00:00","article_modified_time":"2023-11-29T14:42:11+00:00","og_image":[{"width":1920,"height":802,"url":"https:\/\/www.manitese.it\/wp-content\/uploads\/2022\/06\/header-1-1.jpg","type":"image\/jpeg"}],"author":"agevis","twitter_card":"summary_large_image","twitter_misc":{"Written by":"agevis","Est. reading time":"3 minutes"},"schema":{"@context":"https:\/\/schema.org","@graph":[{"@type":"Article","@id":"https:\/\/www.manitese.it\/en\/benin-garantire-cibo-e-igiene-fra-terrorismo-lavoro-minorile-e-siccita\/#article","isPartOf":{"@id":"https:\/\/www.manitese.it\/en\/benin-garantire-cibo-e-igiene-fra-terrorismo-lavoro-minorile-e-siccita\/"},"author":{"name":"agevis","@id":"https:\/\/www.manitese.it\/en\/#\/schema\/person\/5a9774f17e4940e2510bfeba90f04f65"},"headline":"Benin: garantire cibo e igiene fra terrorismo, lavoro minorile e siccit\u00e0","datePublished":"2022-06-27T10:14:03+00:00","dateModified":"2023-11-29T14:42:11+00:00","mainEntityOfPage":{"@id":"https:\/\/www.manitese.it\/en\/benin-garantire-cibo-e-igiene-fra-terrorismo-lavoro-minorile-e-siccita\/"},"wordCount":504,"commentCount":0,"image":{"@id":"https:\/\/www.manitese.it\/en\/benin-garantire-cibo-e-igiene-fra-terrorismo-lavoro-minorile-e-siccita\/#primaryimage"},"thumbnailUrl":"https:\/\/www.manitese.it\/wp-content\/uploads\/2022\/06\/header-1-1.jpg","keywords":["benin","donne"],"articleSection":["Attualit\u00e0"],"inLanguage":"en-US","potentialAction":[{"@type":"CommentAction","name":"Comment","target":["https:\/\/www.manitese.it\/en\/benin-garantire-cibo-e-igiene-fra-terrorismo-lavoro-minorile-e-siccita\/#respond"]}]},{"@type":"WebPage","@id":"https:\/\/www.manitese.it\/en\/benin-garantire-cibo-e-igiene-fra-terrorismo-lavoro-minorile-e-siccita\/","url":"https:\/\/www.manitese.it\/en\/benin-garantire-cibo-e-igiene-fra-terrorismo-lavoro-minorile-e-siccita\/","name":"Benin: garantire cibo e igiene fra terrorismo, lavoro minorile e siccit\u00e0 - Mani Tese","isPartOf":{"@id":"https:\/\/www.manitese.it\/en\/#website"},"primaryImageOfPage":{"@id":"https:\/\/www.manitese.it\/en\/benin-garantire-cibo-e-igiene-fra-terrorismo-lavoro-minorile-e-siccita\/#primaryimage"},"image":{"@id":"https:\/\/www.manitese.it\/en\/benin-garantire-cibo-e-igiene-fra-terrorismo-lavoro-minorile-e-siccita\/#primaryimage"},"thumbnailUrl":"https:\/\/www.manitese.it\/wp-content\/uploads\/2022\/06\/header-1-1.jpg","datePublished":"2022-06-27T10:14:03+00:00","dateModified":"2023-11-29T14:42:11+00:00","author":{"@id":"https:\/\/www.manitese.it\/en\/#\/schema\/person\/5a9774f17e4940e2510bfeba90f04f65"},"description":"Nonostante le minacce jihadiste, gli effetti della pandemia e il costo della vita sempre pi\u00f9 elevato, proseguono le attivit\u00e0 di Mani Tese per garantire la sicurezza alimentare e le condizioni igienico sanitarie della popolazione.","breadcrumb":{"@id":"https:\/\/www.manitese.it\/en\/benin-garantire-cibo-e-igiene-fra-terrorismo-lavoro-minorile-e-siccita\/#breadcrumb"},"inLanguage":"en-US","potentialAction":[{"@type":"ReadAction","target":["https:\/\/www.manitese.it\/en\/benin-garantire-cibo-e-igiene-fra-terrorismo-lavoro-minorile-e-siccita\/"]}]},{"@type":"ImageObject","inLanguage":"en-US","@id":"https:\/\/www.manitese.it\/en\/benin-garantire-cibo-e-igiene-fra-terrorismo-lavoro-minorile-e-siccita\/#primaryimage","url":"https:\/\/www.manitese.it\/wp-content\/uploads\/2022\/06\/header-1-1.jpg","contentUrl":"https:\/\/www.manitese.it\/wp-content\/uploads\/2022\/06\/header-1-1.jpg","width":1920,"height":802,"caption":"BENIN: GARANTIRE CIBO E IGIENE FRA TERRORISMO, LAVORO MINORILE E SICCIT\u00c0"},{"@type":"BreadcrumbList","@id":"https:\/\/www.manitese.it\/en\/benin-garantire-cibo-e-igiene-fra-terrorismo-lavoro-minorile-e-siccita\/#breadcrumb","itemListElement":[{"@type":"ListItem","position":1,"name":"Home","item":"https:\/\/www.manitese.it\/en\/"},{"@type":"ListItem","position":2,"name":"Benin: garantire cibo e igiene fra terrorismo, lavoro minorile e siccit\u00e0"}]},{"@type":"WebSite","@id":"https:\/\/www.manitese.it\/en\/#website","url":"https:\/\/www.manitese.it\/en\/","name":"Mani Tese","description":"","potentialAction":[{"@type":"SearchAction","target":{"@type":"EntryPoint","urlTemplate":"https:\/\/www.manitese.it\/en\/?s={search_term_string}"},"query-input":{"@type":"PropertyValueSpecification","valueRequired":true,"valueName":"search_term_string"}}],"inLanguage":"en-US"},{"@type":"Person","@id":"https:\/\/www.manitese.it\/en\/#\/schema\/person\/5a9774f17e4940e2510bfeba90f04f65","name":"agevis","image":{"@type":"ImageObject","inLanguage":"en-US","@id":"https:\/\/secure.gravatar.com\/avatar\/2dc96c93fcf3387a5922a93b50fb3bff01d4800590fb6a4ab91a034adb25ba17?s=96&d=mm&r=g","url":"https:\/\/secure.gravatar.com\/avatar\/2dc96c93fcf3387a5922a93b50fb3bff01d4800590fb6a4ab91a034adb25ba17?s=96&d=mm&r=g","contentUrl":"https:\/\/secure.gravatar.com\/avatar\/2dc96c93fcf3387a5922a93b50fb3bff01d4800590fb6a4ab91a034adb25ba17?s=96&d=mm&r=g","caption":"agevis"},"url":"https:\/\/www.manitese.it\/en\/author\/wp_agevis_admin\/"}]}},"jetpack_featured_media_url":"https:\/\/www.manitese.it\/wp-content\/uploads\/2022\/06\/header-1-1.jpg","jetpack_sharing_enabled":true,"_links":{"self":[{"href":"https:\/\/www.manitese.it\/en\/wp-json\/wp\/v2\/posts\/93538","targetHints":{"allow":["GET"]}}],"collection":[{"href":"https:\/\/www.manitese.it\/en\/wp-json\/wp\/v2\/posts"}],"about":[{"href":"https:\/\/www.manitese.it\/en\/wp-json\/wp\/v2\/types\/post"}],"author":[{"embeddable":true,"href":"https:\/\/www.manitese.it\/en\/wp-json\/wp\/v2\/users\/1"}],"replies":[{"embeddable":true,"href":"https:\/\/www.manitese.it\/en\/wp-json\/wp\/v2\/comments?post=93538"}],"version-history":[{"count":3,"href":"https:\/\/www.manitese.it\/en\/wp-json\/wp\/v2\/posts\/93538\/revisions"}],"predecessor-version":[{"id":191602,"href":"https:\/\/www.manitese.it\/en\/wp-json\/wp\/v2\/posts\/93538\/revisions\/191602"}],"wp:featuredmedia":[{"embeddable":true,"href":"https:\/\/www.manitese.it\/en\/wp-json\/wp\/v2\/media\/93542"}],"wp:attachment":[{"href":"https:\/\/www.manitese.it\/en\/wp-json\/wp\/v2\/media?parent=93538"}],"wp:term":[{"taxonomy":"category","embeddable":true,"href":"https:\/\/www.manitese.it\/en\/wp-json\/wp\/v2\/categories?post=93538"},{"taxonomy":"post_tag","embeddable":true,"href":"https:\/\/www.manitese.it\/en\/wp-json\/wp\/v2\/tags?post=93538"},{"taxonomy":"thematic_area","embeddable":true,"href":"https:\/\/www.manitese.it\/en\/wp-json\/wp\/v2\/thematic_area?post=93538"}],"curies":[{"name":"wp","href":"https:\/\/api.w.org\/{rel}","templated":true}]}}