{"id":93237,"date":"2022-06-09T13:12:30","date_gmt":"2022-06-09T11:12:30","guid":{"rendered":"https:\/\/manitese.it\/?p=93237"},"modified":"2025-07-08T12:59:17","modified_gmt":"2025-07-08T10:59:17","slug":"tornano-i-campi-estivi-di-mani-tese-allinsegna-della-pace","status":"publish","type":"post","link":"https:\/\/www.manitese.it\/en\/tornano-i-campi-estivi-di-mani-tese-allinsegna-della-pace\/","title":{"rendered":"Tornano I campi estivi di mani tese all\u2019insegna della pace"},"content":{"rendered":"\n<p><strong>Tornano i campi estivi di Mani\nTese<\/strong>, un\u2019occasione\npreziosa per condividere un impegno di solidariet\u00e0 e di giustizia. Propongono\nattivit\u00e0 di formazione, lavoro e volontariato sulle grandi sfide globali del\nnostro tempo &#8211; come povert\u00e0, crisi ambientali, schiavit\u00f9 moderne &#8211; e permettono\ndi sperimentare buone pratiche di sostenibilit\u00e0.<\/p>\n\n\n\n<p><strong>\u201cFacciamo la pace, seminiamo\ngiustizia!\u201d<\/strong><\/p>\n\n\n\n<p>La\npace \u00e8 per tutti o non \u00e8 per nessuno. \u00c8 educazione, rispetto dell\u2019altro e\ndell\u2019altra, cooperazione internazionale, accoglienza e promozione di stili di\nvita responsabili per proteggere l\u2019ambiente e i diritti delle persone. La pace\n\u00e8 un impegno di giustizia.<\/p>\n\n\n\n<p>Con\nquesta premessa per l\u2019estate 2022 Mani Tese propone <strong>il volontariato che costruisce la pace con iniziative rivolte ai\/alle\ngiovani di molte delle nostre citt\u00e0<\/strong>. Il tema della pace sar\u00e0 comune a tutti\ni campi estivi, che avranno un unico titolo (\u201c<strong>Facciamo la pace, seminiamo giustizia!\u201d<\/strong>) e verr\u00e0 declinato\nattraverso approfondimenti sulla giustizia ambientale, economica e sociale\npratiche di volontariato e sviluppo sostenibile.<\/p>\n\n\n\n<p>Tutti\ni campi di Mani Tese sono organizzati nel rispetto dei comportamenti utili alla\nprevenzione del covid-19.<\/p>\n\n\n\n<p><strong>L&#8217;estate 2022 di Mani Tese sar\u00e0 a:<\/strong><\/p>\n\n\n\n<p><strong>TREVISO (TV)<\/strong><\/p>\n\n\n\n<p>22 giugno \u2013 2 luglio<\/p>\n\n\n\n<p>Campo di volontariato diurno per ragazzi e ragazze dai 14 ai 17 anni<\/p>\n\n\n\n<p>Per info e iscrizioni: 373 7463996 (Chiara)<\/p>\n\n\n\n<p><strong>SCANDICCI (FI)<\/strong><\/p>\n\n\n\n<p>21 agosto \u2013 28 agosto<\/p>\n\n\n\n<p>Campo di volontariato diurno per 15 partecipanti e residenziale per 10 persone dai 30 anni<\/p>\n\n\n\n<p>Per info e iscrizioni: 329 7405426 (Marcella)<\/p>\n\n\n\n<p><strong>VERBANIA (VB)<\/strong><\/p>\n\n\n\n<p>28 luglio \u2013 8 agosto<\/p>\n\n\n\n<p>Campo di volontariato residenziale per ragazzi e ragazze dai 18 ai 35 anni<\/p>\n\n\n\n<p>Per info e iscrizioni: 351 8489189 (Lorenzo)<\/p>\n\n\n\n<p><strong>FINALE EMILIA (MO)<\/strong><\/p>\n\n\n\n<p>27 giugno \u2013 3 luglio<\/p>\n\n\n\n<p>Laboratorio fotografia diurno per 10 ragazzi e ragazze dai 14 ai 18 anni<\/p>\n\n\n\n<p>Per info e iscrizioni: 338 5990034 (Lucrezia)<\/p>\n\n\n\n<p><strong>FINALE EMILIA (MO)<\/strong><\/p>\n\n\n\n<p>27 giugno \u2013 3 luglio<\/p>\n\n\n\n<p>Laboratorio murales diurno per 10 ragazzi e ragazze dai 14 ai 18 anni<\/p>\n\n\n\n<p>Per info e iscrizioni: 338 5990034 (Lucrezia)<\/p>\n\n\n\n<p><strong>TRIVERO VALDILANA (BI)<\/strong><\/p>\n\n\n\n<p>2, 3 e 4 settembre<\/p>\n\n\n\n<p>Mini campo di volontariato diurno per 15 ragazzi e ragazze dai 14 ai 18 anni<\/p>\n\n\n\n<p>Per info e iscrizioni: 348 313 8378 (Maria)<\/p>\n\n\n\n<p><strong>CATANIA \u2013 MOTTA SANT\u2019ANASTASIA<\/strong><\/p>\n\n\n\n<p><em>(presso la Cooperativa Beppe Montana \u2013 Libera Terra)<\/em><\/p>\n\n\n\n<p>29 agosto \u2013 3 settembre<\/p>\n\n\n\n<p>Campo di volontariato residenziale per 18 ragazzi e ragazze dai 18 ai 25 anni<\/p>\n\n\n\n<p>Per info e iscrizioni: 338 3622655 (Marco)<\/p>\n\n\n\n<p><strong><em>Le informazioni sui campi estivi sono reperibili <a href=\"https:\/\/manitese.it\/campi-estivi-mani-tese\" target=\"_blank\" rel=\"noreferrer noopener\">alla pagina dedicata!<\/a><\/em><\/strong><\/p>\n","protected":false},"excerpt":{"rendered":"<p>I campi estivi di Mani Tese sono un\u2019occasione preziosa per condividere con altri ragazzi e ragazze un impegno di solidariet\u00e0 e di giustizia durante l\u2019estate. Propongono attivit\u00e0 di formazione, lavoro e volontariato sulle grandi sfide globali del nostro tempo<\/p>\n","protected":false},"author":1,"featured_media":93243,"comment_status":"open","ping_status":"open","sticky":false,"template":"","format":"standard","meta":{"_acf_changed":false,"give_campaign_id":0,"inline_featured_image":false,"_jetpack_memberships_contains_paid_content":false,"footnotes":""},"categories":[1],"tags":[],"thematic_area":[],"class_list":["post-93237","post","type-post","status-publish","format-standard","has-post-thumbnail","hentry","category-news"],"acf":[],"yoast_head":"<!-- This site is optimized with the Yoast SEO plugin v27.5 - https:\/\/yoast.com\/product\/yoast-seo-wordpress\/ -->\n<title>Tornano I campi estivi di mani tese all\u2019insegna della pace - Mani Tese<\/title>\n<meta name=\"description\" content=\"I campi estivi di Mani Tese sono un\u2019occasione preziosa per condividere con altri ragazzi e ragazze un impegno di solidariet\u00e0 e di giustizia durante l\u2019estate. Propongono attivit\u00e0 di formazione, lavoro e volontariato sulle grandi sfide globali del nostro tempo.\" \/>\n<meta name=\"robots\" content=\"index, follow, max-snippet:-1, max-image-preview:large, max-video-preview:-1\" \/>\n<link rel=\"canonical\" href=\"https:\/\/www.manitese.it\/en\/tornano-i-campi-estivi-di-mani-tese-allinsegna-della-pace\/\" \/>\n<meta property=\"og:locale\" content=\"en_US\" \/>\n<meta property=\"og:type\" content=\"article\" \/>\n<meta property=\"og:title\" content=\"Tornano I campi estivi di mani tese all\u2019insegna della pace - Mani Tese\" \/>\n<meta property=\"og:description\" content=\"I campi estivi di Mani Tese sono un\u2019occasione preziosa per condividere con altri ragazzi e ragazze un impegno di solidariet\u00e0 e di giustizia durante l\u2019estate. Propongono attivit\u00e0 di formazione, lavoro e volontariato sulle grandi sfide globali del nostro tempo.\" \/>\n<meta property=\"og:url\" content=\"https:\/\/www.manitese.it\/en\/tornano-i-campi-estivi-di-mani-tese-allinsegna-della-pace\/\" \/>\n<meta property=\"og:site_name\" content=\"Mani Tese\" \/>\n<meta property=\"article:published_time\" content=\"2022-06-09T11:12:30+00:00\" \/>\n<meta property=\"article:modified_time\" content=\"2025-07-08T10:59:17+00:00\" \/>\n<meta property=\"og:image\" content=\"https:\/\/www.manitese.it\/wp-content\/uploads\/2022\/06\/header-rid-2-1.jpg\" \/>\n\t<meta property=\"og:image:width\" content=\"1920\" \/>\n\t<meta property=\"og:image:height\" content=\"800\" \/>\n\t<meta property=\"og:image:type\" content=\"image\/jpeg\" \/>\n<meta name=\"author\" content=\"agevis\" \/>\n<meta name=\"twitter:card\" content=\"summary_large_image\" \/>\n<meta name=\"twitter:label1\" content=\"Written by\" \/>\n\t<meta name=\"twitter:data1\" content=\"agevis\" \/>\n\t<meta name=\"twitter:label2\" content=\"Est. reading time\" \/>\n\t<meta name=\"twitter:data2\" content=\"2 minutes\" \/>\n<script type=\"application\/ld+json\" class=\"yoast-schema-graph\">{\"@context\":\"https:\\\/\\\/schema.org\",\"@graph\":[{\"@type\":\"Article\",\"@id\":\"https:\\\/\\\/www.manitese.it\\\/en\\\/tornano-i-campi-estivi-di-mani-tese-allinsegna-della-pace\\\/#article\",\"isPartOf\":{\"@id\":\"https:\\\/\\\/www.manitese.it\\\/en\\\/tornano-i-campi-estivi-di-mani-tese-allinsegna-della-pace\\\/\"},\"author\":{\"name\":\"agevis\",\"@id\":\"https:\\\/\\\/www.manitese.it\\\/en\\\/#\\\/schema\\\/person\\\/5a9774f17e4940e2510bfeba90f04f65\"},\"headline\":\"Tornano I campi estivi di mani tese all\u2019insegna della pace\",\"datePublished\":\"2022-06-09T11:12:30+00:00\",\"dateModified\":\"2025-07-08T10:59:17+00:00\",\"mainEntityOfPage\":{\"@id\":\"https:\\\/\\\/www.manitese.it\\\/en\\\/tornano-i-campi-estivi-di-mani-tese-allinsegna-della-pace\\\/\"},\"wordCount\":355,\"commentCount\":0,\"image\":{\"@id\":\"https:\\\/\\\/www.manitese.it\\\/en\\\/tornano-i-campi-estivi-di-mani-tese-allinsegna-della-pace\\\/#primaryimage\"},\"thumbnailUrl\":\"https:\\\/\\\/www.manitese.it\\\/wp-content\\\/uploads\\\/2022\\\/06\\\/header-rid-2-1.jpg\",\"articleSection\":[\"News\"],\"inLanguage\":\"en-US\",\"potentialAction\":[{\"@type\":\"CommentAction\",\"name\":\"Comment\",\"target\":[\"https:\\\/\\\/www.manitese.it\\\/en\\\/tornano-i-campi-estivi-di-mani-tese-allinsegna-della-pace\\\/#respond\"]}]},{\"@type\":\"WebPage\",\"@id\":\"https:\\\/\\\/www.manitese.it\\\/en\\\/tornano-i-campi-estivi-di-mani-tese-allinsegna-della-pace\\\/\",\"url\":\"https:\\\/\\\/www.manitese.it\\\/en\\\/tornano-i-campi-estivi-di-mani-tese-allinsegna-della-pace\\\/\",\"name\":\"Tornano I campi estivi di mani tese all\u2019insegna della pace - Mani Tese\",\"isPartOf\":{\"@id\":\"https:\\\/\\\/www.manitese.it\\\/en\\\/#website\"},\"primaryImageOfPage\":{\"@id\":\"https:\\\/\\\/www.manitese.it\\\/en\\\/tornano-i-campi-estivi-di-mani-tese-allinsegna-della-pace\\\/#primaryimage\"},\"image\":{\"@id\":\"https:\\\/\\\/www.manitese.it\\\/en\\\/tornano-i-campi-estivi-di-mani-tese-allinsegna-della-pace\\\/#primaryimage\"},\"thumbnailUrl\":\"https:\\\/\\\/www.manitese.it\\\/wp-content\\\/uploads\\\/2022\\\/06\\\/header-rid-2-1.jpg\",\"datePublished\":\"2022-06-09T11:12:30+00:00\",\"dateModified\":\"2025-07-08T10:59:17+00:00\",\"author\":{\"@id\":\"https:\\\/\\\/www.manitese.it\\\/en\\\/#\\\/schema\\\/person\\\/5a9774f17e4940e2510bfeba90f04f65\"},\"description\":\"I campi estivi di Mani Tese sono un\u2019occasione preziosa per condividere con altri ragazzi e ragazze un impegno di solidariet\u00e0 e di giustizia durante l\u2019estate. Propongono attivit\u00e0 di formazione, lavoro e volontariato sulle grandi sfide globali del nostro tempo.\",\"breadcrumb\":{\"@id\":\"https:\\\/\\\/www.manitese.it\\\/en\\\/tornano-i-campi-estivi-di-mani-tese-allinsegna-della-pace\\\/#breadcrumb\"},\"inLanguage\":\"en-US\",\"potentialAction\":[{\"@type\":\"ReadAction\",\"target\":[\"https:\\\/\\\/www.manitese.it\\\/en\\\/tornano-i-campi-estivi-di-mani-tese-allinsegna-della-pace\\\/\"]}]},{\"@type\":\"ImageObject\",\"inLanguage\":\"en-US\",\"@id\":\"https:\\\/\\\/www.manitese.it\\\/en\\\/tornano-i-campi-estivi-di-mani-tese-allinsegna-della-pace\\\/#primaryimage\",\"url\":\"https:\\\/\\\/www.manitese.it\\\/wp-content\\\/uploads\\\/2022\\\/06\\\/header-rid-2-1.jpg\",\"contentUrl\":\"https:\\\/\\\/www.manitese.it\\\/wp-content\\\/uploads\\\/2022\\\/06\\\/header-rid-2-1.jpg\",\"width\":1920,\"height\":800},{\"@type\":\"BreadcrumbList\",\"@id\":\"https:\\\/\\\/www.manitese.it\\\/en\\\/tornano-i-campi-estivi-di-mani-tese-allinsegna-della-pace\\\/#breadcrumb\",\"itemListElement\":[{\"@type\":\"ListItem\",\"position\":1,\"name\":\"Home\",\"item\":\"https:\\\/\\\/www.manitese.it\\\/en\\\/\"},{\"@type\":\"ListItem\",\"position\":2,\"name\":\"Tornano I campi estivi di mani tese all\u2019insegna della pace\"}]},{\"@type\":\"WebSite\",\"@id\":\"https:\\\/\\\/www.manitese.it\\\/en\\\/#website\",\"url\":\"https:\\\/\\\/www.manitese.it\\\/en\\\/\",\"name\":\"Mani Tese\",\"description\":\"\",\"potentialAction\":[{\"@type\":\"SearchAction\",\"target\":{\"@type\":\"EntryPoint\",\"urlTemplate\":\"https:\\\/\\\/www.manitese.it\\\/en\\\/?s={search_term_string}\"},\"query-input\":{\"@type\":\"PropertyValueSpecification\",\"valueRequired\":true,\"valueName\":\"search_term_string\"}}],\"inLanguage\":\"en-US\"},{\"@type\":\"Person\",\"@id\":\"https:\\\/\\\/www.manitese.it\\\/en\\\/#\\\/schema\\\/person\\\/5a9774f17e4940e2510bfeba90f04f65\",\"name\":\"agevis\",\"image\":{\"@type\":\"ImageObject\",\"inLanguage\":\"en-US\",\"@id\":\"https:\\\/\\\/secure.gravatar.com\\\/avatar\\\/2dc96c93fcf3387a5922a93b50fb3bff01d4800590fb6a4ab91a034adb25ba17?s=96&d=mm&r=g\",\"url\":\"https:\\\/\\\/secure.gravatar.com\\\/avatar\\\/2dc96c93fcf3387a5922a93b50fb3bff01d4800590fb6a4ab91a034adb25ba17?s=96&d=mm&r=g\",\"contentUrl\":\"https:\\\/\\\/secure.gravatar.com\\\/avatar\\\/2dc96c93fcf3387a5922a93b50fb3bff01d4800590fb6a4ab91a034adb25ba17?s=96&d=mm&r=g\",\"caption\":\"agevis\"},\"url\":\"https:\\\/\\\/www.manitese.it\\\/en\\\/author\\\/wp_agevis_admin\\\/\"}]}<\/script>\n<!-- \/ Yoast SEO plugin. -->","yoast_head_json":{"title":"Tornano I campi estivi di mani tese all\u2019insegna della pace - Mani Tese","description":"I campi estivi di Mani Tese sono un\u2019occasione preziosa per condividere con altri ragazzi e ragazze un impegno di solidariet\u00e0 e di giustizia durante l\u2019estate. Propongono attivit\u00e0 di formazione, lavoro e volontariato sulle grandi sfide globali del nostro tempo.","robots":{"index":"index","follow":"follow","max-snippet":"max-snippet:-1","max-image-preview":"max-image-preview:large","max-video-preview":"max-video-preview:-1"},"canonical":"https:\/\/www.manitese.it\/en\/tornano-i-campi-estivi-di-mani-tese-allinsegna-della-pace\/","og_locale":"en_US","og_type":"article","og_title":"Tornano I campi estivi di mani tese all\u2019insegna della pace - Mani Tese","og_description":"I campi estivi di Mani Tese sono un\u2019occasione preziosa per condividere con altri ragazzi e ragazze un impegno di solidariet\u00e0 e di giustizia durante l\u2019estate. Propongono attivit\u00e0 di formazione, lavoro e volontariato sulle grandi sfide globali del nostro tempo.","og_url":"https:\/\/www.manitese.it\/en\/tornano-i-campi-estivi-di-mani-tese-allinsegna-della-pace\/","og_site_name":"Mani Tese","article_published_time":"2022-06-09T11:12:30+00:00","article_modified_time":"2025-07-08T10:59:17+00:00","og_image":[{"width":1920,"height":800,"url":"https:\/\/www.manitese.it\/wp-content\/uploads\/2022\/06\/header-rid-2-1.jpg","type":"image\/jpeg"}],"author":"agevis","twitter_card":"summary_large_image","twitter_misc":{"Written by":"agevis","Est. reading time":"2 minutes"},"schema":{"@context":"https:\/\/schema.org","@graph":[{"@type":"Article","@id":"https:\/\/www.manitese.it\/en\/tornano-i-campi-estivi-di-mani-tese-allinsegna-della-pace\/#article","isPartOf":{"@id":"https:\/\/www.manitese.it\/en\/tornano-i-campi-estivi-di-mani-tese-allinsegna-della-pace\/"},"author":{"name":"agevis","@id":"https:\/\/www.manitese.it\/en\/#\/schema\/person\/5a9774f17e4940e2510bfeba90f04f65"},"headline":"Tornano I campi estivi di mani tese all\u2019insegna della pace","datePublished":"2022-06-09T11:12:30+00:00","dateModified":"2025-07-08T10:59:17+00:00","mainEntityOfPage":{"@id":"https:\/\/www.manitese.it\/en\/tornano-i-campi-estivi-di-mani-tese-allinsegna-della-pace\/"},"wordCount":355,"commentCount":0,"image":{"@id":"https:\/\/www.manitese.it\/en\/tornano-i-campi-estivi-di-mani-tese-allinsegna-della-pace\/#primaryimage"},"thumbnailUrl":"https:\/\/www.manitese.it\/wp-content\/uploads\/2022\/06\/header-rid-2-1.jpg","articleSection":["News"],"inLanguage":"en-US","potentialAction":[{"@type":"CommentAction","name":"Comment","target":["https:\/\/www.manitese.it\/en\/tornano-i-campi-estivi-di-mani-tese-allinsegna-della-pace\/#respond"]}]},{"@type":"WebPage","@id":"https:\/\/www.manitese.it\/en\/tornano-i-campi-estivi-di-mani-tese-allinsegna-della-pace\/","url":"https:\/\/www.manitese.it\/en\/tornano-i-campi-estivi-di-mani-tese-allinsegna-della-pace\/","name":"Tornano I campi estivi di mani tese all\u2019insegna della pace - Mani Tese","isPartOf":{"@id":"https:\/\/www.manitese.it\/en\/#website"},"primaryImageOfPage":{"@id":"https:\/\/www.manitese.it\/en\/tornano-i-campi-estivi-di-mani-tese-allinsegna-della-pace\/#primaryimage"},"image":{"@id":"https:\/\/www.manitese.it\/en\/tornano-i-campi-estivi-di-mani-tese-allinsegna-della-pace\/#primaryimage"},"thumbnailUrl":"https:\/\/www.manitese.it\/wp-content\/uploads\/2022\/06\/header-rid-2-1.jpg","datePublished":"2022-06-09T11:12:30+00:00","dateModified":"2025-07-08T10:59:17+00:00","author":{"@id":"https:\/\/www.manitese.it\/en\/#\/schema\/person\/5a9774f17e4940e2510bfeba90f04f65"},"description":"I campi estivi di Mani Tese sono un\u2019occasione preziosa per condividere con altri ragazzi e ragazze un impegno di solidariet\u00e0 e di giustizia durante l\u2019estate. Propongono attivit\u00e0 di formazione, lavoro e volontariato sulle grandi sfide globali del nostro tempo.","breadcrumb":{"@id":"https:\/\/www.manitese.it\/en\/tornano-i-campi-estivi-di-mani-tese-allinsegna-della-pace\/#breadcrumb"},"inLanguage":"en-US","potentialAction":[{"@type":"ReadAction","target":["https:\/\/www.manitese.it\/en\/tornano-i-campi-estivi-di-mani-tese-allinsegna-della-pace\/"]}]},{"@type":"ImageObject","inLanguage":"en-US","@id":"https:\/\/www.manitese.it\/en\/tornano-i-campi-estivi-di-mani-tese-allinsegna-della-pace\/#primaryimage","url":"https:\/\/www.manitese.it\/wp-content\/uploads\/2022\/06\/header-rid-2-1.jpg","contentUrl":"https:\/\/www.manitese.it\/wp-content\/uploads\/2022\/06\/header-rid-2-1.jpg","width":1920,"height":800},{"@type":"BreadcrumbList","@id":"https:\/\/www.manitese.it\/en\/tornano-i-campi-estivi-di-mani-tese-allinsegna-della-pace\/#breadcrumb","itemListElement":[{"@type":"ListItem","position":1,"name":"Home","item":"https:\/\/www.manitese.it\/en\/"},{"@type":"ListItem","position":2,"name":"Tornano I campi estivi di mani tese all\u2019insegna della pace"}]},{"@type":"WebSite","@id":"https:\/\/www.manitese.it\/en\/#website","url":"https:\/\/www.manitese.it\/en\/","name":"Mani Tese","description":"","potentialAction":[{"@type":"SearchAction","target":{"@type":"EntryPoint","urlTemplate":"https:\/\/www.manitese.it\/en\/?s={search_term_string}"},"query-input":{"@type":"PropertyValueSpecification","valueRequired":true,"valueName":"search_term_string"}}],"inLanguage":"en-US"},{"@type":"Person","@id":"https:\/\/www.manitese.it\/en\/#\/schema\/person\/5a9774f17e4940e2510bfeba90f04f65","name":"agevis","image":{"@type":"ImageObject","inLanguage":"en-US","@id":"https:\/\/secure.gravatar.com\/avatar\/2dc96c93fcf3387a5922a93b50fb3bff01d4800590fb6a4ab91a034adb25ba17?s=96&d=mm&r=g","url":"https:\/\/secure.gravatar.com\/avatar\/2dc96c93fcf3387a5922a93b50fb3bff01d4800590fb6a4ab91a034adb25ba17?s=96&d=mm&r=g","contentUrl":"https:\/\/secure.gravatar.com\/avatar\/2dc96c93fcf3387a5922a93b50fb3bff01d4800590fb6a4ab91a034adb25ba17?s=96&d=mm&r=g","caption":"agevis"},"url":"https:\/\/www.manitese.it\/en\/author\/wp_agevis_admin\/"}]}},"jetpack_featured_media_url":"https:\/\/www.manitese.it\/wp-content\/uploads\/2022\/06\/header-rid-2-1.jpg","jetpack_sharing_enabled":true,"_links":{"self":[{"href":"https:\/\/www.manitese.it\/en\/wp-json\/wp\/v2\/posts\/93237","targetHints":{"allow":["GET"]}}],"collection":[{"href":"https:\/\/www.manitese.it\/en\/wp-json\/wp\/v2\/posts"}],"about":[{"href":"https:\/\/www.manitese.it\/en\/wp-json\/wp\/v2\/types\/post"}],"author":[{"embeddable":true,"href":"https:\/\/www.manitese.it\/en\/wp-json\/wp\/v2\/users\/1"}],"replies":[{"embeddable":true,"href":"https:\/\/www.manitese.it\/en\/wp-json\/wp\/v2\/comments?post=93237"}],"version-history":[{"count":2,"href":"https:\/\/www.manitese.it\/en\/wp-json\/wp\/v2\/posts\/93237\/revisions"}],"predecessor-version":[{"id":177724,"href":"https:\/\/www.manitese.it\/en\/wp-json\/wp\/v2\/posts\/93237\/revisions\/177724"}],"wp:featuredmedia":[{"embeddable":true,"href":"https:\/\/www.manitese.it\/en\/wp-json\/wp\/v2\/media\/93243"}],"wp:attachment":[{"href":"https:\/\/www.manitese.it\/en\/wp-json\/wp\/v2\/media?parent=93237"}],"wp:term":[{"taxonomy":"category","embeddable":true,"href":"https:\/\/www.manitese.it\/en\/wp-json\/wp\/v2\/categories?post=93237"},{"taxonomy":"post_tag","embeddable":true,"href":"https:\/\/www.manitese.it\/en\/wp-json\/wp\/v2\/tags?post=93237"},{"taxonomy":"thematic_area","embeddable":true,"href":"https:\/\/www.manitese.it\/en\/wp-json\/wp\/v2\/thematic_area?post=93237"}],"curies":[{"name":"wp","href":"https:\/\/api.w.org\/{rel}","templated":true}]}}