{"id":92885,"date":"2022-05-21T15:25:52","date_gmt":"2022-05-21T13:25:52","guid":{"rendered":"https:\/\/manitese.it\/?p=92885"},"modified":"2023-09-21T17:33:07","modified_gmt":"2023-09-21T15:33:07","slug":"come-andato-il-mani-fest-la-parola-ai-ragazzi-e-alle-ragazze-del-servizio-civile","status":"publish","type":"post","link":"https:\/\/www.manitese.it\/en\/come-andato-il-mani-fest-la-parola-ai-ragazzi-e-alle-ragazze-del-servizio-civile\/","title":{"rendered":"Com\u2019\u00e8 andato il Mani-Fest? La parola ai ragazzi e alle ragazze del servizio civile"},"content":{"rendered":"\r\n<p>Mani Tese da anni si adopera per coinvolgere nel suo impegno di Giustizia migliaia di <strong>volontari del Servizio Civile Universale<\/strong>, cittadine e cittadini che scelgono per un anno di accrescere la propria formazione e professionalit\u00e0, dando allo stesso tempo un aiuto prezioso alla comunit\u00e0 e, in particolare, al lavoro quotidiano dell\u2019ONG. A Mani Tese c\u2019\u00e8 <strong>una tradizione<\/strong> che riguarda questi volontari: verso la fine dell\u2019anno di impegno Civile, per coronare il loro percorso di crescita, i volontari hanno la possibilit\u00e0 di <strong>realizzare insieme e in autonomia un progetto comune che valorizzi le capacit\u00e0 e le esperienze di ognuno<\/strong>.<\/p>\r\n\r\n\r\n\r\n<p>Questa \u00e8 anche un\u2019<strong>opportunit\u00e0 per crescere professionalmente e umanamente<\/strong>, imparando ad assumersi pi\u00f9 responsabilit\u00e0 e consolidando la relazione che li lega attraverso la condivisione di un\u2019esperienza unica. Molti di loro sono alle prime esperienze lavorative e le difficolt\u00e0 di certo non mancano, ma fortunatamente nemmeno l\u2019entusiasmo!<\/p>\r\n\r\n\r\n\r\n<p>Quest\u2019anno tutto ci\u00f2 si \u00e8 concretizzato nel <strong>Mani-Fest<\/strong>, un evento che ci ha piacevolmente sorpresi perch\u00e9 attraverso una serie di giochi \u00e8 riuscito a sensibilizzare sui valori e i progetti di Mani Tese. I nostri complimenti a tutto il gruppo per la creativit\u00e0 e il lavoro svolto!<\/p>\r\n\r\n\r\n\r\n<p>Dunque, lasciamo la parola ad <strong>Arianna, Michele, Sofia, Kerim, Francesca, Tommaso e Giulia<\/strong> che ci raccontano cosa \u00e8 stato per loro il Mani-Fest:<\/p>\r\n\r\n\r\n\r\n<p>\u201c\u00c8 stata un&#8217;esperienza che ci ha arricchiti! Senza dubbio Mani Tese ci ha dato molto, in tanti modi diversi. Oltre a nuove skills, capacit\u00e0, competenze, informazioni, ci ha anche donato preziose relazioni: noi sette, un bel gruppo che tra impegni e difficolt\u00e0 si \u00e8 dato parecchio da fare e ha condiviso molto, soprattutto per questo evento; e poi gli operatori di Mani Tese, colleghi sempre pronti a insegnarci e a contare su di noi che, nonostante siamo apprendisti, ci siamo sentiti pienamente parte della squadra.<\/p>\r\n\r\n\r\n\r\n<p>Mani-Fest \u00e8 stato per noi una grande sfida che ci ha uniti ancora di pi\u00f9 perch\u00e9 abbiamo imparato a supportarci e sopportarci nei momenti difficili, a collaborare e unire le forze per affrontare tutti gli imprevisti incontrati lungo il percorso e, infine, a condividere le soddisfazioni e gioire dei risultati di questo impegnativo progetto.<\/p>\r\n\r\n\r\n\r\n<p>I partecipanti ci hanno dato un riscontro molto positivo: siamo riusciti a creare qualcosa di coinvolgente e divertente che al tempo stesso \u00e8 risultato impattante. \u00c8 riuscito a far riflettere tutti i partecipanti sull\u2019importanza di un impegno costante nei confronti delle problematiche ambientali, sociali ed economiche, da parte di Mani Tese e di ognuno di noi, per garantire pi\u00f9 giustizia nel mondo.<\/p>\r\n\r\n\r\n\r\n<p>Attraverso le 10 prove dell\u2019Escape Game, le squadre hanno esplorato vari paesi, citt\u00e0, progetti e realt\u00e0 in cui opera Mani Tese: i giochi rispecchiavano le reali difficolt\u00e0 dei Paesi del Sud del mondo e ognuno si \u00e8 messo nei panni dei nostri cooperanti che in missione sul campo aiutano a realizzare progetti di sviluppo sostenibile per trovare soluzioni a queste problematiche.<\/p>\r\n\r\n\r\n\r\n<p>C\u2019\u00e8 stata una sana competizione tra i vari <em>team<\/em> che non si sono risparmiati, ma che alla fine hanno trovato anche il modo di collaborare per superare l\u2019ultima prova tutti insieme!<\/p>\r\n\r\n\r\n\r\n<p>Per la riuscita di Mani-Fest vogliamo ringraziare tutti coloro che ci hanno incoraggiato a osare e dato fiducia, supporto e consigli affinch\u00e9 questo evento riuscisse al meglio, a partire dai nostri colleghi e da tutti gli operatori di Mani tese, compresi i volontari del gruppo di Milano.<br \/>Un grande grazie alla <em>parrocchia Santi Nazaro e Celso<\/em> che ci ha messo a completa disposizione i propri spazi e risorse, soprattutto tramite il supporto di Luca che ci ha accompagnati durante questa avventura!<br \/>Un importante ringraziamento a <em>RECUP<\/em>, ai panifici del quartiere Barona, <em>Forno Ambrosiano, Fior di Farina L&#8217;Antico Forno<\/em>, al <em>ristorante Degustibus<\/em> e al <em>birrificio A Tutto Malto<\/em> per l&#8217;importante contributo nella realizzazione di uno speciale aperitivo contro lo spreco alimentare.<br \/>I nostri ringraziamenti vanno anche alla band <em>Alpaca&amp;Loopi<\/em>, sorpresa di questa giornata, che ci ha regalato una splendida atmosfera durante l\u2019aperitivo; a Camilla, di <em>SorbaroTransferts<\/em>, per averci donato la stampa del gadget ufficiale dell\u2019evento; ai fotografi, Alessandro, Davide e Sergio, del <em>Fotoclub il Sestante<\/em> per il servizio fotografico che hanno realizzato. <br \/>Ultimi, ma non certo per importanza, ringraziamo di vero cuore tutti i partecipanti perch\u00e9 \u00e8 proprio grazie a loro che il Mani-Fest \u00e8 diventato un evento indimenticabile!<\/p>\r\n\r\n\r\n\r\n<p>Siamo davvero felici del risultato di questa giornata che ha arricchito il nostro bagaglio di esperienze e di cui conserveremo un bellissimo ricordo!\u201d<\/p>\r\n\r\n\r\n\r\n<p>Per i pi\u00f9 curiosi la classifica ufficiale:<\/p>\r\n\r\n\r\n\r\n<ol class=\"wp-block-list\">\r\n<li>Squadra 6 con 49,82 punti<\/li>\r\n<li>Squadra 5 con 51,55 punti<\/li>\r\n<li>Squadra 1 con 52,45 punti<\/li>\r\n<li>Squadra 7 con 57,19 punti<\/li>\r\n<li>Squadra 2 con 57,53 punti<\/li>\r\n<li>Squadra 4 con 57,73 punti<\/li>\r\n<li>Squadra 3 con 64,02 punti<\/li>\r\n<\/ol>\r\n\r\n\r\n\r\n<p>&nbsp;<\/p>\r\n\r\n\r\n\r\n<p>Qui alcune foto della giornata:<\/p>\r\n\r\n\r\n\r\n<figure class=\"wp-block-image size-large\"><img decoding=\"async\" class=\"wp-image-92890\" src=\"https:\/\/manitese.it\/wp-content\/uploads\/2022\/05\/Mani-Fest-2022-evento-SCU-1-1024x683.jpg\" alt=\"\" \/><\/figure>\r\n\r\n\r\n\r\n<figure class=\"wp-block-image size-large\"><img decoding=\"async\" class=\"wp-image-92898\" src=\"https:\/\/manitese.it\/wp-content\/uploads\/2022\/05\/Mani-Fest-2022-evento-SCU-2-1-1024x683.jpg\" alt=\"\" \/><\/figure>\r\n\r\n\r\n\r\n<figure class=\"wp-block-image size-large\"><img decoding=\"async\" class=\"wp-image-92900\" src=\"https:\/\/manitese.it\/wp-content\/uploads\/2022\/05\/Mani-Fest-2022-evento-SCU-3-1-1024x683.jpg\" alt=\"\" \/><\/figure>\r\n\r\n\r\n\r\n<figure class=\"wp-block-image size-large\"><img decoding=\"async\" class=\"wp-image-92904\" src=\"https:\/\/manitese.it\/wp-content\/uploads\/2022\/05\/Mani-Fest-2022-evento-SCU-4-1-1024x683.jpg\" alt=\"\" \/><\/figure>\r\n\r\n\r\n\r\n<figure class=\"wp-block-image size-large\"><img decoding=\"async\" class=\"wp-image-92906\" src=\"https:\/\/manitese.it\/wp-content\/uploads\/2022\/05\/Mani-Fest-2022-evento-SCU-5-1-1024x683.jpg\" alt=\"\" \/><\/figure>\r\n\r\n\r\n\r\n<figure class=\"wp-block-image size-large\"><img decoding=\"async\" class=\"wp-image-92910\" src=\"https:\/\/manitese.it\/wp-content\/uploads\/2022\/05\/Mani-Fest-2022-evento-SCU-6-1-1024x683.jpg\" alt=\"\" \/><\/figure>\r\n\r\n\r\n\r\n<figure class=\"wp-block-image size-large\"><img decoding=\"async\" class=\"wp-image-92912\" src=\"https:\/\/manitese.it\/wp-content\/uploads\/2022\/05\/Mani-Fest-2022-evento-SCU-7-1024x683.jpg\" alt=\"\" \/><\/figure>\r\n\r\n\r\n\r\n<figure class=\"wp-block-image size-large\"><img decoding=\"async\" class=\"wp-image-92914\" src=\"https:\/\/manitese.it\/wp-content\/uploads\/2022\/05\/Mani-Fest-2022-evento-SCU-8-1024x683.jpg\" alt=\"\" \/><\/figure>\r\n\r\n\r\n\r\n<figure class=\"wp-block-image size-large\"><img decoding=\"async\" class=\"wp-image-92916\" src=\"https:\/\/manitese.it\/wp-content\/uploads\/2022\/05\/Mani-Fest-2022-evento-SCU-9-1024x683.jpg\" alt=\"\" \/><\/figure>\r\n\r\n\r\n\r\n<figure class=\"wp-block-image size-large\"><img decoding=\"async\" class=\"wp-image-92922\" src=\"https:\/\/manitese.it\/wp-content\/uploads\/2022\/05\/Mani-Fest-2022-evento-SCU-10-683x1024.jpg\" alt=\"\" \/><\/figure>\r\n\r\n\r\n\r\n<figure class=\"wp-block-image size-large\"><img decoding=\"async\" class=\"wp-image-92928\" src=\"https:\/\/manitese.it\/wp-content\/uploads\/2022\/05\/Mani-Fest-2022-evento-SCU-12-1024x683.jpg\" alt=\"\" \/><\/figure>\r\n\r\n\r\n\r\n<figure class=\"wp-block-image size-large\"><img decoding=\"async\" class=\"wp-image-92930\" src=\"https:\/\/manitese.it\/wp-content\/uploads\/2022\/05\/Mani-Fest-2022-evento-SCU-15-1024x683.jpg\" alt=\"\" \/><\/figure>\r\n","protected":false},"excerpt":{"rendered":"<p>Il successo del Mani-Fest raccontato dai nostri volontari e volontarie del Servizio Civile Universale che si sono impegnati a fondo per organizzarlo!<\/p>\n","protected":false},"author":1,"featured_media":92888,"comment_status":"open","ping_status":"open","sticky":false,"template":"","format":"standard","meta":{"_acf_changed":false,"give_campaign_id":0,"inline_featured_image":false,"_jetpack_memberships_contains_paid_content":false,"footnotes":""},"categories":[24],"tags":[801],"thematic_area":[],"class_list":["post-92885","post","type-post","status-publish","format-standard","has-post-thumbnail","hentry","category-eventi","tag-serviziocivile"],"acf":[],"yoast_head":"<!-- This site is optimized with the Yoast SEO plugin v27.5 - https:\/\/yoast.com\/product\/yoast-seo-wordpress\/ -->\n<title>Com\u2019\u00e8 andato il Mani-Fest? La parola ai ragazzi e alle ragazze del servizio civile - Mani Tese<\/title>\n<meta name=\"description\" content=\"Il successo del Mani-Fest raccontato dai nostri volontari e volontarie del Servizio Civile Universale che si sono impegnati a fondo per organizzarlo!\" \/>\n<meta name=\"robots\" content=\"index, follow, max-snippet:-1, max-image-preview:large, max-video-preview:-1\" \/>\n<link rel=\"canonical\" href=\"https:\/\/www.manitese.it\/en\/come-andato-il-mani-fest-la-parola-ai-ragazzi-e-alle-ragazze-del-servizio-civile\/\" \/>\n<meta property=\"og:locale\" content=\"en_US\" \/>\n<meta property=\"og:type\" content=\"article\" \/>\n<meta property=\"og:title\" content=\"Com\u2019\u00e8 andato il Mani-Fest? La parola ai ragazzi e alle ragazze del servizio civile - Mani Tese\" \/>\n<meta property=\"og:description\" content=\"Il successo del Mani-Fest raccontato dai nostri volontari e volontarie del Servizio Civile Universale che si sono impegnati a fondo per organizzarlo!\" \/>\n<meta property=\"og:url\" content=\"https:\/\/www.manitese.it\/en\/come-andato-il-mani-fest-la-parola-ai-ragazzi-e-alle-ragazze-del-servizio-civile\/\" \/>\n<meta property=\"og:site_name\" content=\"Mani Tese\" \/>\n<meta property=\"article:published_time\" content=\"2022-05-21T13:25:52+00:00\" \/>\n<meta property=\"article:modified_time\" content=\"2023-09-21T15:33:07+00:00\" \/>\n<meta property=\"og:image\" content=\"https:\/\/www.manitese.it\/wp-content\/uploads\/2022\/05\/Mani-Fest-2022-evento-SCU-11.jpg\" \/>\n\t<meta property=\"og:image:width\" content=\"1920\" \/>\n\t<meta property=\"og:image:height\" content=\"800\" \/>\n\t<meta property=\"og:image:type\" content=\"image\/jpeg\" \/>\n<meta name=\"author\" content=\"agevis\" \/>\n<meta name=\"twitter:card\" content=\"summary_large_image\" \/>\n<meta name=\"twitter:label1\" content=\"Written by\" \/>\n\t<meta name=\"twitter:data1\" content=\"agevis\" \/>\n\t<meta name=\"twitter:label2\" content=\"Est. reading time\" \/>\n\t<meta name=\"twitter:data2\" content=\"7 minutes\" \/>\n<script type=\"application\/ld+json\" class=\"yoast-schema-graph\">{\"@context\":\"https:\\\/\\\/schema.org\",\"@graph\":[{\"@type\":\"Article\",\"@id\":\"https:\\\/\\\/www.manitese.it\\\/en\\\/come-andato-il-mani-fest-la-parola-ai-ragazzi-e-alle-ragazze-del-servizio-civile\\\/#article\",\"isPartOf\":{\"@id\":\"https:\\\/\\\/www.manitese.it\\\/en\\\/come-andato-il-mani-fest-la-parola-ai-ragazzi-e-alle-ragazze-del-servizio-civile\\\/\"},\"author\":{\"name\":\"agevis\",\"@id\":\"https:\\\/\\\/www.manitese.it\\\/en\\\/#\\\/schema\\\/person\\\/5a9774f17e4940e2510bfeba90f04f65\"},\"headline\":\"Com\u2019\u00e8 andato il Mani-Fest? La parola ai ragazzi e alle ragazze del servizio civile\",\"datePublished\":\"2022-05-21T13:25:52+00:00\",\"dateModified\":\"2023-09-21T15:33:07+00:00\",\"mainEntityOfPage\":{\"@id\":\"https:\\\/\\\/www.manitese.it\\\/en\\\/come-andato-il-mani-fest-la-parola-ai-ragazzi-e-alle-ragazze-del-servizio-civile\\\/\"},\"wordCount\":779,\"commentCount\":0,\"image\":{\"@id\":\"https:\\\/\\\/www.manitese.it\\\/en\\\/come-andato-il-mani-fest-la-parola-ai-ragazzi-e-alle-ragazze-del-servizio-civile\\\/#primaryimage\"},\"thumbnailUrl\":\"https:\\\/\\\/www.manitese.it\\\/wp-content\\\/uploads\\\/2022\\\/05\\\/Mani-Fest-2022-evento-SCU-11.jpg\",\"keywords\":[\"serviziocivile\"],\"articleSection\":[\"Eventi\"],\"inLanguage\":\"en-US\",\"potentialAction\":[{\"@type\":\"CommentAction\",\"name\":\"Comment\",\"target\":[\"https:\\\/\\\/www.manitese.it\\\/en\\\/come-andato-il-mani-fest-la-parola-ai-ragazzi-e-alle-ragazze-del-servizio-civile\\\/#respond\"]}]},{\"@type\":\"WebPage\",\"@id\":\"https:\\\/\\\/www.manitese.it\\\/en\\\/come-andato-il-mani-fest-la-parola-ai-ragazzi-e-alle-ragazze-del-servizio-civile\\\/\",\"url\":\"https:\\\/\\\/www.manitese.it\\\/en\\\/come-andato-il-mani-fest-la-parola-ai-ragazzi-e-alle-ragazze-del-servizio-civile\\\/\",\"name\":\"Com\u2019\u00e8 andato il Mani-Fest? La parola ai ragazzi e alle ragazze del servizio civile - Mani Tese\",\"isPartOf\":{\"@id\":\"https:\\\/\\\/www.manitese.it\\\/en\\\/#website\"},\"primaryImageOfPage\":{\"@id\":\"https:\\\/\\\/www.manitese.it\\\/en\\\/come-andato-il-mani-fest-la-parola-ai-ragazzi-e-alle-ragazze-del-servizio-civile\\\/#primaryimage\"},\"image\":{\"@id\":\"https:\\\/\\\/www.manitese.it\\\/en\\\/come-andato-il-mani-fest-la-parola-ai-ragazzi-e-alle-ragazze-del-servizio-civile\\\/#primaryimage\"},\"thumbnailUrl\":\"https:\\\/\\\/www.manitese.it\\\/wp-content\\\/uploads\\\/2022\\\/05\\\/Mani-Fest-2022-evento-SCU-11.jpg\",\"datePublished\":\"2022-05-21T13:25:52+00:00\",\"dateModified\":\"2023-09-21T15:33:07+00:00\",\"author\":{\"@id\":\"https:\\\/\\\/www.manitese.it\\\/en\\\/#\\\/schema\\\/person\\\/5a9774f17e4940e2510bfeba90f04f65\"},\"description\":\"Il successo del Mani-Fest raccontato dai nostri volontari e volontarie del Servizio Civile Universale che si sono impegnati a fondo per organizzarlo!\",\"breadcrumb\":{\"@id\":\"https:\\\/\\\/www.manitese.it\\\/en\\\/come-andato-il-mani-fest-la-parola-ai-ragazzi-e-alle-ragazze-del-servizio-civile\\\/#breadcrumb\"},\"inLanguage\":\"en-US\",\"potentialAction\":[{\"@type\":\"ReadAction\",\"target\":[\"https:\\\/\\\/www.manitese.it\\\/en\\\/come-andato-il-mani-fest-la-parola-ai-ragazzi-e-alle-ragazze-del-servizio-civile\\\/\"]}]},{\"@type\":\"ImageObject\",\"inLanguage\":\"en-US\",\"@id\":\"https:\\\/\\\/www.manitese.it\\\/en\\\/come-andato-il-mani-fest-la-parola-ai-ragazzi-e-alle-ragazze-del-servizio-civile\\\/#primaryimage\",\"url\":\"https:\\\/\\\/www.manitese.it\\\/wp-content\\\/uploads\\\/2022\\\/05\\\/Mani-Fest-2022-evento-SCU-11.jpg\",\"contentUrl\":\"https:\\\/\\\/www.manitese.it\\\/wp-content\\\/uploads\\\/2022\\\/05\\\/Mani-Fest-2022-evento-SCU-11.jpg\",\"width\":1920,\"height\":800},{\"@type\":\"BreadcrumbList\",\"@id\":\"https:\\\/\\\/www.manitese.it\\\/en\\\/come-andato-il-mani-fest-la-parola-ai-ragazzi-e-alle-ragazze-del-servizio-civile\\\/#breadcrumb\",\"itemListElement\":[{\"@type\":\"ListItem\",\"position\":1,\"name\":\"Home\",\"item\":\"https:\\\/\\\/www.manitese.it\\\/en\\\/\"},{\"@type\":\"ListItem\",\"position\":2,\"name\":\"Com\u2019\u00e8 andato il Mani-Fest? La parola ai ragazzi e alle ragazze del servizio civile\"}]},{\"@type\":\"WebSite\",\"@id\":\"https:\\\/\\\/www.manitese.it\\\/en\\\/#website\",\"url\":\"https:\\\/\\\/www.manitese.it\\\/en\\\/\",\"name\":\"Mani Tese\",\"description\":\"\",\"potentialAction\":[{\"@type\":\"SearchAction\",\"target\":{\"@type\":\"EntryPoint\",\"urlTemplate\":\"https:\\\/\\\/www.manitese.it\\\/en\\\/?s={search_term_string}\"},\"query-input\":{\"@type\":\"PropertyValueSpecification\",\"valueRequired\":true,\"valueName\":\"search_term_string\"}}],\"inLanguage\":\"en-US\"},{\"@type\":\"Person\",\"@id\":\"https:\\\/\\\/www.manitese.it\\\/en\\\/#\\\/schema\\\/person\\\/5a9774f17e4940e2510bfeba90f04f65\",\"name\":\"agevis\",\"image\":{\"@type\":\"ImageObject\",\"inLanguage\":\"en-US\",\"@id\":\"https:\\\/\\\/secure.gravatar.com\\\/avatar\\\/2dc96c93fcf3387a5922a93b50fb3bff01d4800590fb6a4ab91a034adb25ba17?s=96&d=mm&r=g\",\"url\":\"https:\\\/\\\/secure.gravatar.com\\\/avatar\\\/2dc96c93fcf3387a5922a93b50fb3bff01d4800590fb6a4ab91a034adb25ba17?s=96&d=mm&r=g\",\"contentUrl\":\"https:\\\/\\\/secure.gravatar.com\\\/avatar\\\/2dc96c93fcf3387a5922a93b50fb3bff01d4800590fb6a4ab91a034adb25ba17?s=96&d=mm&r=g\",\"caption\":\"agevis\"},\"url\":\"https:\\\/\\\/www.manitese.it\\\/en\\\/author\\\/wp_agevis_admin\\\/\"}]}<\/script>\n<!-- \/ Yoast SEO plugin. -->","yoast_head_json":{"title":"Com\u2019\u00e8 andato il Mani-Fest? La parola ai ragazzi e alle ragazze del servizio civile - Mani Tese","description":"Il successo del Mani-Fest raccontato dai nostri volontari e volontarie del Servizio Civile Universale che si sono impegnati a fondo per organizzarlo!","robots":{"index":"index","follow":"follow","max-snippet":"max-snippet:-1","max-image-preview":"max-image-preview:large","max-video-preview":"max-video-preview:-1"},"canonical":"https:\/\/www.manitese.it\/en\/come-andato-il-mani-fest-la-parola-ai-ragazzi-e-alle-ragazze-del-servizio-civile\/","og_locale":"en_US","og_type":"article","og_title":"Com\u2019\u00e8 andato il Mani-Fest? La parola ai ragazzi e alle ragazze del servizio civile - Mani Tese","og_description":"Il successo del Mani-Fest raccontato dai nostri volontari e volontarie del Servizio Civile Universale che si sono impegnati a fondo per organizzarlo!","og_url":"https:\/\/www.manitese.it\/en\/come-andato-il-mani-fest-la-parola-ai-ragazzi-e-alle-ragazze-del-servizio-civile\/","og_site_name":"Mani Tese","article_published_time":"2022-05-21T13:25:52+00:00","article_modified_time":"2023-09-21T15:33:07+00:00","og_image":[{"width":1920,"height":800,"url":"https:\/\/www.manitese.it\/wp-content\/uploads\/2022\/05\/Mani-Fest-2022-evento-SCU-11.jpg","type":"image\/jpeg"}],"author":"agevis","twitter_card":"summary_large_image","twitter_misc":{"Written by":"agevis","Est. reading time":"7 minutes"},"schema":{"@context":"https:\/\/schema.org","@graph":[{"@type":"Article","@id":"https:\/\/www.manitese.it\/en\/come-andato-il-mani-fest-la-parola-ai-ragazzi-e-alle-ragazze-del-servizio-civile\/#article","isPartOf":{"@id":"https:\/\/www.manitese.it\/en\/come-andato-il-mani-fest-la-parola-ai-ragazzi-e-alle-ragazze-del-servizio-civile\/"},"author":{"name":"agevis","@id":"https:\/\/www.manitese.it\/en\/#\/schema\/person\/5a9774f17e4940e2510bfeba90f04f65"},"headline":"Com\u2019\u00e8 andato il Mani-Fest? La parola ai ragazzi e alle ragazze del servizio civile","datePublished":"2022-05-21T13:25:52+00:00","dateModified":"2023-09-21T15:33:07+00:00","mainEntityOfPage":{"@id":"https:\/\/www.manitese.it\/en\/come-andato-il-mani-fest-la-parola-ai-ragazzi-e-alle-ragazze-del-servizio-civile\/"},"wordCount":779,"commentCount":0,"image":{"@id":"https:\/\/www.manitese.it\/en\/come-andato-il-mani-fest-la-parola-ai-ragazzi-e-alle-ragazze-del-servizio-civile\/#primaryimage"},"thumbnailUrl":"https:\/\/www.manitese.it\/wp-content\/uploads\/2022\/05\/Mani-Fest-2022-evento-SCU-11.jpg","keywords":["serviziocivile"],"articleSection":["Eventi"],"inLanguage":"en-US","potentialAction":[{"@type":"CommentAction","name":"Comment","target":["https:\/\/www.manitese.it\/en\/come-andato-il-mani-fest-la-parola-ai-ragazzi-e-alle-ragazze-del-servizio-civile\/#respond"]}]},{"@type":"WebPage","@id":"https:\/\/www.manitese.it\/en\/come-andato-il-mani-fest-la-parola-ai-ragazzi-e-alle-ragazze-del-servizio-civile\/","url":"https:\/\/www.manitese.it\/en\/come-andato-il-mani-fest-la-parola-ai-ragazzi-e-alle-ragazze-del-servizio-civile\/","name":"Com\u2019\u00e8 andato il Mani-Fest? La parola ai ragazzi e alle ragazze del servizio civile - Mani Tese","isPartOf":{"@id":"https:\/\/www.manitese.it\/en\/#website"},"primaryImageOfPage":{"@id":"https:\/\/www.manitese.it\/en\/come-andato-il-mani-fest-la-parola-ai-ragazzi-e-alle-ragazze-del-servizio-civile\/#primaryimage"},"image":{"@id":"https:\/\/www.manitese.it\/en\/come-andato-il-mani-fest-la-parola-ai-ragazzi-e-alle-ragazze-del-servizio-civile\/#primaryimage"},"thumbnailUrl":"https:\/\/www.manitese.it\/wp-content\/uploads\/2022\/05\/Mani-Fest-2022-evento-SCU-11.jpg","datePublished":"2022-05-21T13:25:52+00:00","dateModified":"2023-09-21T15:33:07+00:00","author":{"@id":"https:\/\/www.manitese.it\/en\/#\/schema\/person\/5a9774f17e4940e2510bfeba90f04f65"},"description":"Il successo del Mani-Fest raccontato dai nostri volontari e volontarie del Servizio Civile Universale che si sono impegnati a fondo per organizzarlo!","breadcrumb":{"@id":"https:\/\/www.manitese.it\/en\/come-andato-il-mani-fest-la-parola-ai-ragazzi-e-alle-ragazze-del-servizio-civile\/#breadcrumb"},"inLanguage":"en-US","potentialAction":[{"@type":"ReadAction","target":["https:\/\/www.manitese.it\/en\/come-andato-il-mani-fest-la-parola-ai-ragazzi-e-alle-ragazze-del-servizio-civile\/"]}]},{"@type":"ImageObject","inLanguage":"en-US","@id":"https:\/\/www.manitese.it\/en\/come-andato-il-mani-fest-la-parola-ai-ragazzi-e-alle-ragazze-del-servizio-civile\/#primaryimage","url":"https:\/\/www.manitese.it\/wp-content\/uploads\/2022\/05\/Mani-Fest-2022-evento-SCU-11.jpg","contentUrl":"https:\/\/www.manitese.it\/wp-content\/uploads\/2022\/05\/Mani-Fest-2022-evento-SCU-11.jpg","width":1920,"height":800},{"@type":"BreadcrumbList","@id":"https:\/\/www.manitese.it\/en\/come-andato-il-mani-fest-la-parola-ai-ragazzi-e-alle-ragazze-del-servizio-civile\/#breadcrumb","itemListElement":[{"@type":"ListItem","position":1,"name":"Home","item":"https:\/\/www.manitese.it\/en\/"},{"@type":"ListItem","position":2,"name":"Com\u2019\u00e8 andato il Mani-Fest? La parola ai ragazzi e alle ragazze del servizio civile"}]},{"@type":"WebSite","@id":"https:\/\/www.manitese.it\/en\/#website","url":"https:\/\/www.manitese.it\/en\/","name":"Mani Tese","description":"","potentialAction":[{"@type":"SearchAction","target":{"@type":"EntryPoint","urlTemplate":"https:\/\/www.manitese.it\/en\/?s={search_term_string}"},"query-input":{"@type":"PropertyValueSpecification","valueRequired":true,"valueName":"search_term_string"}}],"inLanguage":"en-US"},{"@type":"Person","@id":"https:\/\/www.manitese.it\/en\/#\/schema\/person\/5a9774f17e4940e2510bfeba90f04f65","name":"agevis","image":{"@type":"ImageObject","inLanguage":"en-US","@id":"https:\/\/secure.gravatar.com\/avatar\/2dc96c93fcf3387a5922a93b50fb3bff01d4800590fb6a4ab91a034adb25ba17?s=96&d=mm&r=g","url":"https:\/\/secure.gravatar.com\/avatar\/2dc96c93fcf3387a5922a93b50fb3bff01d4800590fb6a4ab91a034adb25ba17?s=96&d=mm&r=g","contentUrl":"https:\/\/secure.gravatar.com\/avatar\/2dc96c93fcf3387a5922a93b50fb3bff01d4800590fb6a4ab91a034adb25ba17?s=96&d=mm&r=g","caption":"agevis"},"url":"https:\/\/www.manitese.it\/en\/author\/wp_agevis_admin\/"}]}},"jetpack_featured_media_url":"https:\/\/www.manitese.it\/wp-content\/uploads\/2022\/05\/Mani-Fest-2022-evento-SCU-11.jpg","jetpack_sharing_enabled":true,"_links":{"self":[{"href":"https:\/\/www.manitese.it\/en\/wp-json\/wp\/v2\/posts\/92885","targetHints":{"allow":["GET"]}}],"collection":[{"href":"https:\/\/www.manitese.it\/en\/wp-json\/wp\/v2\/posts"}],"about":[{"href":"https:\/\/www.manitese.it\/en\/wp-json\/wp\/v2\/types\/post"}],"author":[{"embeddable":true,"href":"https:\/\/www.manitese.it\/en\/wp-json\/wp\/v2\/users\/1"}],"replies":[{"embeddable":true,"href":"https:\/\/www.manitese.it\/en\/wp-json\/wp\/v2\/comments?post=92885"}],"version-history":[{"count":3,"href":"https:\/\/www.manitese.it\/en\/wp-json\/wp\/v2\/posts\/92885\/revisions"}],"predecessor-version":[{"id":186711,"href":"https:\/\/www.manitese.it\/en\/wp-json\/wp\/v2\/posts\/92885\/revisions\/186711"}],"wp:featuredmedia":[{"embeddable":true,"href":"https:\/\/www.manitese.it\/en\/wp-json\/wp\/v2\/media\/92888"}],"wp:attachment":[{"href":"https:\/\/www.manitese.it\/en\/wp-json\/wp\/v2\/media?parent=92885"}],"wp:term":[{"taxonomy":"category","embeddable":true,"href":"https:\/\/www.manitese.it\/en\/wp-json\/wp\/v2\/categories?post=92885"},{"taxonomy":"post_tag","embeddable":true,"href":"https:\/\/www.manitese.it\/en\/wp-json\/wp\/v2\/tags?post=92885"},{"taxonomy":"thematic_area","embeddable":true,"href":"https:\/\/www.manitese.it\/en\/wp-json\/wp\/v2\/thematic_area?post=92885"}],"curies":[{"name":"wp","href":"https:\/\/api.w.org\/{rel}","templated":true}]}}