{"id":92784,"date":"2022-05-16T12:43:08","date_gmt":"2022-05-16T10:43:08","guid":{"rendered":"https:\/\/manitese.it\/?p=92784"},"modified":"2025-07-08T12:59:38","modified_gmt":"2025-07-08T10:59:38","slug":"a-milano-la-school-week-2022","status":"publish","type":"post","link":"https:\/\/www.manitese.it\/en\/a-milano-la-school-week-2022\/","title":{"rendered":"A Milano la School Week 2022: \u201cLa pace in gioco\u201d"},"content":{"rendered":"\r\n<p>Dal 23 al 28 maggio 2022, con il titolo \u201c<strong>la Pace in Gioco<\/strong>\u201d, torna la <strong>School Week <\/strong>del <strong>Municipio 8 del Comune di Milano<\/strong>: un programma di oltre <strong>40 eventi<\/strong> che coinvolgono la comunit\u00e0 educante, studenti, docenti, genitori e cittadini, dedicato ai temi della pace e del diritto al gioco.<\/p>\r\n\r\n\r\n\r\n<p>L\u2019obiettivo \u00e8 quello di offrire <strong>uno spazio di partecipazione tra le persone e gli enti coinvolti nella sfida educativa<\/strong>, da una parte con un palinsesto di iniziative che nascono spontaneamente nelle scuole e nei Tavoli di confronto del Municipio, dall\u2019altra con una proposta di appuntamenti dedicati a tutta la cittadinanza sul tema dell&#8217;educazione, del gioco e della pace.<\/p>\r\n\r\n\r\n\r\n<p>Oltre <strong>10 le scuole<\/strong> del Municipio 8 che sono state coinvolte nella <strong>School Week 2022<\/strong>, le quali hanno proposto pi\u00f9 di 40 eventi, alcuni dedicati solo agli alunni e ai docenti, altri aperti anche ai genitori e ai cittadini.<\/p>\r\n\r\n\r\n\r\n<p>Tra le varie iniziative sono previsti <strong>incontri e laboratori creativi, mostre artistiche e filosofiche e marce della pace.<\/strong><\/p>\r\n\r\n\r\n\r\n<p><strong>Venerd\u00ec 27 maggio<\/strong>, in particolare, tutte le scuole parteciperanno alla <strong>Giornata Mondiale del Gioco<\/strong> con un gioco ideato dai ragazzi e dalle ragazze stessi\/e: <strong>Zombie Lava<\/strong>, mix tra il gioco Zombie e The Floor is Lava, versione rivisitata dei pi\u00f9 antichi giochi Rialzo e 1-2-3 Stella.<\/p>\r\n\r\n\r\n\r\n<p>Nello stesso giorno, alle ore 21, si terr\u00e0 la Conferenza pubblica \u201c<strong>La Pace in Gioco &#8211; Il diritto a litigare delle bambine e dei bambini<\/strong>\u201d presso l&#8217;Auditorium Enzo Baldoni in Via Quarenghi 23.<\/p>\r\n\r\n\r\n\r\n<p>Nel giorno in cui si festeggia la <strong>Convenzione sui diritti dell\u2019Infanzia e dell\u2019Adolescenza<\/strong>, si affronta <strong>il tema della cura dei litigi come spazio per esprimere le proprie emozioni e laboratorio per costruire una cultura di pace<\/strong>, con uno sguardo alla sfida educativa che stanno affrontando genitori e insegnanti di fronte a una guerra cos\u00ec vicina e dolorosa.<\/p>\r\n\r\n\r\n\r\n<p>Tra i relatori: <strong>Daniele Novara<\/strong>, fondatore e direttore del CPP Centro PsicoPedagogico per l\u2019educazione e la gestione dei conflitti; <strong>Marta Versiglia<\/strong>, pedagogista, insegnante e formatrice referente del metodo Litigare bene; <strong>Giulia Pelucchi<\/strong>, Presidente del Municipio 8; <strong>Silvio Premoli<\/strong>, Garante dei diritti dell\u2019Infanzia e dell\u2019Adolescenza del Comune di Milano; <strong>Micol Dell\u2019Oro<\/strong>, vice presidente di Mani Tese.<\/p>\r\n\r\n\r\n\r\n<p>L\u2019evento \u00e8 dedicato a famiglie, insegnanti ed educatori. Nell\u2019orario della conferenza sar\u00e0 attivo un servizio di babysitting con giochi dal mondo.<\/p>\r\n\r\n\r\n\r\n<p>Per iscriversi alla conferenza, \u00e8 possibile compilare il form on line in fondo a questa pagina: <strong><a href=\"https:\/\/www.reattiva.org\/news\/la-pace-in-gioco-school-week-2022-29\" target=\"_blank\" rel=\"noreferrer noopener\" aria-label=\" (apre in una nuova scheda)\">https:\/\/www.reattiva.org\/news\/la-pace-in-gioco-school-week-2022-29<\/a><\/strong><\/p>\r\n\r\n\r\n\r\n<p>Durante la <strong>School Week<\/strong> andranno inoltre in scena <strong>4 spettacoli teatrali a ingresso libero e gratuito<\/strong>, a cura della compagnia Lafab\u00f9. <strong>Il racconto dei Promessi Sposi<\/strong>, dedicato a bambini e bambine dai 7 agli 11 anni, le cui repliche saranno realizzate con un set \u201cda strada\u201d: all\u2019aperto presso lo spazio antistante la scuola Console Marcello (Mercoled\u00ec 25 ore 16.30), presso la biblioteca del Municipio 8 (Gioved\u00ec 26 ore 17) e presso il Parco Bertoli (Venerd\u00ec 27 ore 14.30). Sabato 28 invece, al Giardino dei Giusti alle ore 10 andr\u00e0 inscena <strong>Il Mago del Freddo e del Ghiaccio<\/strong>, dedicato a bimbi e bimbe dai 2 ai 6 anni.<\/p>\r\n\r\n\r\n\r\n<p>Come momento conclusivo, <strong>sabato 28 maggio alle ore 11<\/strong>, cittadini, genitori e insegnanti della Comunit\u00e0 Educante, sono invitati all\u2019evento finale del Municipio 8, alla presenza delle autorit\u00e0 cittadine. Ci si ritrover\u00e0 indossando una maglietta bianca al Giardino dei Giusti alle ore 11 per iniziare <strong>una breve marcia verso la cima del Monte Stella<\/strong>, dove verr\u00e0 issata la bandiera della Pace.<\/p>\r\n\r\n\r\n\r\n<p>Per tutti i dettagli sulla <strong>School Week 2022<\/strong>, \u00e8 possibile consultare <strong>il programma<\/strong> completo di tutti gli eventi a questo link: <strong><a href=\"https:\/\/manitese.it\/wp-content\/uploads\/2022\/05\/la-pace-in-gioco-school-week-2022-programma.pdf\" target=\"_blank\" rel=\"noreferrer noopener\" aria-label=\" (apre in una nuova scheda)\">https:\/\/manitese.it\/wp-content\/uploads\/2022\/05\/la-pace-in-gioco-school-week-2022-programma.pdf<\/a><\/strong><\/p>\r\n\r\n\r\n\r\n<p><u><strong>Piccoli che Valgono!<\/strong><\/u><\/p>\r\n\r\n\r\n\r\n<p><strong>School Week 2022<\/strong> rientra nell\u2019ambito delle iniziative di <strong><a href=\"https:\/\/manitese.it\/progetto\/piccoli-che-valgono\" target=\"_blank\" rel=\"noreferrer noopener\" aria-label=\"Piccoli che Valgono! (apre in una nuova scheda)\">Piccoli che Valgono!<\/a> <\/strong>un progetto selezionato da <strong>Con i Bambini<\/strong> nell\u2019ambito del Fondo per il contrasto della povert\u00e0 educativa minorile promosso da <strong>Mani Tese<\/strong> insieme ad altri partner.<\/p>\r\n","protected":false},"excerpt":{"rendered":"<p>Dal 23 al 28 maggio una settimana di eventi delle scuole e per i cittadini del Municipio 8 dedicata al tema della pace e del diritto al gioco.<\/p>\n","protected":false},"author":1,"featured_media":92695,"comment_status":"open","ping_status":"open","sticky":false,"template":"","format":"standard","meta":{"_acf_changed":false,"give_campaign_id":0,"inline_featured_image":false,"_jetpack_memberships_contains_paid_content":false,"footnotes":""},"categories":[1],"tags":[],"thematic_area":[910],"class_list":["post-92784","post","type-post","status-publish","format-standard","has-post-thumbnail","hentry","category-news","thematic_area-poverta-educative"],"acf":[],"yoast_head":"<!-- This site is optimized with the Yoast SEO plugin v27.5 - https:\/\/yoast.com\/product\/yoast-seo-wordpress\/ -->\n<title>A Milano la School Week 2022: \u201cLa pace in gioco\u201d - Mani Tese<\/title>\n<meta name=\"description\" content=\"Dal 23 al 28 maggio una settimana di eventi delle scuole e per i cittadini del Municipio 8 dedicata al tema della pace e del diritto al gioco.\" \/>\n<meta name=\"robots\" content=\"index, follow, max-snippet:-1, max-image-preview:large, max-video-preview:-1\" \/>\n<link rel=\"canonical\" href=\"https:\/\/www.manitese.it\/en\/a-milano-la-school-week-2022\/\" \/>\n<meta property=\"og:locale\" content=\"en_US\" \/>\n<meta property=\"og:type\" content=\"article\" \/>\n<meta property=\"og:title\" content=\"A Milano la School Week 2022: \u201cLa pace in gioco\u201d - Mani Tese\" \/>\n<meta property=\"og:description\" content=\"Dal 23 al 28 maggio una settimana di eventi delle scuole e per i cittadini del Municipio 8 dedicata al tema della pace e del diritto al gioco.\" \/>\n<meta property=\"og:url\" content=\"https:\/\/www.manitese.it\/en\/a-milano-la-school-week-2022\/\" \/>\n<meta property=\"og:site_name\" content=\"Mani Tese\" \/>\n<meta property=\"article:published_time\" content=\"2022-05-16T10:43:08+00:00\" \/>\n<meta property=\"article:modified_time\" content=\"2025-07-08T10:59:38+00:00\" \/>\n<meta property=\"og:image\" content=\"https:\/\/www.manitese.it\/wp-content\/uploads\/2022\/05\/mani-tese-la-pace-in-gioco-school-week-2022-1.png\" \/>\n\t<meta property=\"og:image:width\" content=\"1920\" \/>\n\t<meta property=\"og:image:height\" content=\"800\" \/>\n\t<meta property=\"og:image:type\" content=\"image\/png\" \/>\n<meta name=\"author\" content=\"agevis\" \/>\n<meta name=\"twitter:card\" content=\"summary_large_image\" \/>\n<meta name=\"twitter:label1\" content=\"Written by\" \/>\n\t<meta name=\"twitter:data1\" content=\"agevis\" \/>\n\t<meta name=\"twitter:label2\" content=\"Est. reading time\" \/>\n\t<meta name=\"twitter:data2\" content=\"3 minutes\" \/>\n<script type=\"application\/ld+json\" class=\"yoast-schema-graph\">{\"@context\":\"https:\\\/\\\/schema.org\",\"@graph\":[{\"@type\":\"Article\",\"@id\":\"https:\\\/\\\/www.manitese.it\\\/en\\\/a-milano-la-school-week-2022\\\/#article\",\"isPartOf\":{\"@id\":\"https:\\\/\\\/www.manitese.it\\\/en\\\/a-milano-la-school-week-2022\\\/\"},\"author\":{\"name\":\"agevis\",\"@id\":\"https:\\\/\\\/www.manitese.it\\\/en\\\/#\\\/schema\\\/person\\\/5a9774f17e4940e2510bfeba90f04f65\"},\"headline\":\"A Milano la School Week 2022: \u201cLa pace in gioco\u201d\",\"datePublished\":\"2022-05-16T10:43:08+00:00\",\"dateModified\":\"2025-07-08T10:59:38+00:00\",\"mainEntityOfPage\":{\"@id\":\"https:\\\/\\\/www.manitese.it\\\/en\\\/a-milano-la-school-week-2022\\\/\"},\"wordCount\":625,\"commentCount\":0,\"image\":{\"@id\":\"https:\\\/\\\/www.manitese.it\\\/en\\\/a-milano-la-school-week-2022\\\/#primaryimage\"},\"thumbnailUrl\":\"https:\\\/\\\/www.manitese.it\\\/wp-content\\\/uploads\\\/2022\\\/05\\\/mani-tese-la-pace-in-gioco-school-week-2022-1.png\",\"articleSection\":[\"News\"],\"inLanguage\":\"en-US\",\"potentialAction\":[{\"@type\":\"CommentAction\",\"name\":\"Comment\",\"target\":[\"https:\\\/\\\/www.manitese.it\\\/en\\\/a-milano-la-school-week-2022\\\/#respond\"]}]},{\"@type\":\"WebPage\",\"@id\":\"https:\\\/\\\/www.manitese.it\\\/en\\\/a-milano-la-school-week-2022\\\/\",\"url\":\"https:\\\/\\\/www.manitese.it\\\/en\\\/a-milano-la-school-week-2022\\\/\",\"name\":\"A Milano la School Week 2022: \u201cLa pace in gioco\u201d - Mani Tese\",\"isPartOf\":{\"@id\":\"https:\\\/\\\/www.manitese.it\\\/en\\\/#website\"},\"primaryImageOfPage\":{\"@id\":\"https:\\\/\\\/www.manitese.it\\\/en\\\/a-milano-la-school-week-2022\\\/#primaryimage\"},\"image\":{\"@id\":\"https:\\\/\\\/www.manitese.it\\\/en\\\/a-milano-la-school-week-2022\\\/#primaryimage\"},\"thumbnailUrl\":\"https:\\\/\\\/www.manitese.it\\\/wp-content\\\/uploads\\\/2022\\\/05\\\/mani-tese-la-pace-in-gioco-school-week-2022-1.png\",\"datePublished\":\"2022-05-16T10:43:08+00:00\",\"dateModified\":\"2025-07-08T10:59:38+00:00\",\"author\":{\"@id\":\"https:\\\/\\\/www.manitese.it\\\/en\\\/#\\\/schema\\\/person\\\/5a9774f17e4940e2510bfeba90f04f65\"},\"description\":\"Dal 23 al 28 maggio una settimana di eventi delle scuole e per i cittadini del Municipio 8 dedicata al tema della pace e del diritto al gioco.\",\"breadcrumb\":{\"@id\":\"https:\\\/\\\/www.manitese.it\\\/en\\\/a-milano-la-school-week-2022\\\/#breadcrumb\"},\"inLanguage\":\"en-US\",\"potentialAction\":[{\"@type\":\"ReadAction\",\"target\":[\"https:\\\/\\\/www.manitese.it\\\/en\\\/a-milano-la-school-week-2022\\\/\"]}]},{\"@type\":\"ImageObject\",\"inLanguage\":\"en-US\",\"@id\":\"https:\\\/\\\/www.manitese.it\\\/en\\\/a-milano-la-school-week-2022\\\/#primaryimage\",\"url\":\"https:\\\/\\\/www.manitese.it\\\/wp-content\\\/uploads\\\/2022\\\/05\\\/mani-tese-la-pace-in-gioco-school-week-2022-1.png\",\"contentUrl\":\"https:\\\/\\\/www.manitese.it\\\/wp-content\\\/uploads\\\/2022\\\/05\\\/mani-tese-la-pace-in-gioco-school-week-2022-1.png\",\"width\":1920,\"height\":800,\"caption\":\"mani tese la pace in gioco school week 2022\"},{\"@type\":\"BreadcrumbList\",\"@id\":\"https:\\\/\\\/www.manitese.it\\\/en\\\/a-milano-la-school-week-2022\\\/#breadcrumb\",\"itemListElement\":[{\"@type\":\"ListItem\",\"position\":1,\"name\":\"Home\",\"item\":\"https:\\\/\\\/www.manitese.it\\\/en\\\/\"},{\"@type\":\"ListItem\",\"position\":2,\"name\":\"A Milano la School Week 2022: \u201cLa pace in gioco\u201d\"}]},{\"@type\":\"WebSite\",\"@id\":\"https:\\\/\\\/www.manitese.it\\\/en\\\/#website\",\"url\":\"https:\\\/\\\/www.manitese.it\\\/en\\\/\",\"name\":\"Mani Tese\",\"description\":\"\",\"potentialAction\":[{\"@type\":\"SearchAction\",\"target\":{\"@type\":\"EntryPoint\",\"urlTemplate\":\"https:\\\/\\\/www.manitese.it\\\/en\\\/?s={search_term_string}\"},\"query-input\":{\"@type\":\"PropertyValueSpecification\",\"valueRequired\":true,\"valueName\":\"search_term_string\"}}],\"inLanguage\":\"en-US\"},{\"@type\":\"Person\",\"@id\":\"https:\\\/\\\/www.manitese.it\\\/en\\\/#\\\/schema\\\/person\\\/5a9774f17e4940e2510bfeba90f04f65\",\"name\":\"agevis\",\"image\":{\"@type\":\"ImageObject\",\"inLanguage\":\"en-US\",\"@id\":\"https:\\\/\\\/secure.gravatar.com\\\/avatar\\\/2dc96c93fcf3387a5922a93b50fb3bff01d4800590fb6a4ab91a034adb25ba17?s=96&d=mm&r=g\",\"url\":\"https:\\\/\\\/secure.gravatar.com\\\/avatar\\\/2dc96c93fcf3387a5922a93b50fb3bff01d4800590fb6a4ab91a034adb25ba17?s=96&d=mm&r=g\",\"contentUrl\":\"https:\\\/\\\/secure.gravatar.com\\\/avatar\\\/2dc96c93fcf3387a5922a93b50fb3bff01d4800590fb6a4ab91a034adb25ba17?s=96&d=mm&r=g\",\"caption\":\"agevis\"},\"url\":\"https:\\\/\\\/www.manitese.it\\\/en\\\/author\\\/wp_agevis_admin\\\/\"}]}<\/script>\n<!-- \/ Yoast SEO plugin. -->","yoast_head_json":{"title":"A Milano la School Week 2022: \u201cLa pace in gioco\u201d - Mani Tese","description":"Dal 23 al 28 maggio una settimana di eventi delle scuole e per i cittadini del Municipio 8 dedicata al tema della pace e del diritto al gioco.","robots":{"index":"index","follow":"follow","max-snippet":"max-snippet:-1","max-image-preview":"max-image-preview:large","max-video-preview":"max-video-preview:-1"},"canonical":"https:\/\/www.manitese.it\/en\/a-milano-la-school-week-2022\/","og_locale":"en_US","og_type":"article","og_title":"A Milano la School Week 2022: \u201cLa pace in gioco\u201d - Mani Tese","og_description":"Dal 23 al 28 maggio una settimana di eventi delle scuole e per i cittadini del Municipio 8 dedicata al tema della pace e del diritto al gioco.","og_url":"https:\/\/www.manitese.it\/en\/a-milano-la-school-week-2022\/","og_site_name":"Mani Tese","article_published_time":"2022-05-16T10:43:08+00:00","article_modified_time":"2025-07-08T10:59:38+00:00","og_image":[{"width":1920,"height":800,"url":"https:\/\/www.manitese.it\/wp-content\/uploads\/2022\/05\/mani-tese-la-pace-in-gioco-school-week-2022-1.png","type":"image\/png"}],"author":"agevis","twitter_card":"summary_large_image","twitter_misc":{"Written by":"agevis","Est. reading time":"3 minutes"},"schema":{"@context":"https:\/\/schema.org","@graph":[{"@type":"Article","@id":"https:\/\/www.manitese.it\/en\/a-milano-la-school-week-2022\/#article","isPartOf":{"@id":"https:\/\/www.manitese.it\/en\/a-milano-la-school-week-2022\/"},"author":{"name":"agevis","@id":"https:\/\/www.manitese.it\/en\/#\/schema\/person\/5a9774f17e4940e2510bfeba90f04f65"},"headline":"A Milano la School Week 2022: \u201cLa pace in gioco\u201d","datePublished":"2022-05-16T10:43:08+00:00","dateModified":"2025-07-08T10:59:38+00:00","mainEntityOfPage":{"@id":"https:\/\/www.manitese.it\/en\/a-milano-la-school-week-2022\/"},"wordCount":625,"commentCount":0,"image":{"@id":"https:\/\/www.manitese.it\/en\/a-milano-la-school-week-2022\/#primaryimage"},"thumbnailUrl":"https:\/\/www.manitese.it\/wp-content\/uploads\/2022\/05\/mani-tese-la-pace-in-gioco-school-week-2022-1.png","articleSection":["News"],"inLanguage":"en-US","potentialAction":[{"@type":"CommentAction","name":"Comment","target":["https:\/\/www.manitese.it\/en\/a-milano-la-school-week-2022\/#respond"]}]},{"@type":"WebPage","@id":"https:\/\/www.manitese.it\/en\/a-milano-la-school-week-2022\/","url":"https:\/\/www.manitese.it\/en\/a-milano-la-school-week-2022\/","name":"A Milano la School Week 2022: \u201cLa pace in gioco\u201d - Mani Tese","isPartOf":{"@id":"https:\/\/www.manitese.it\/en\/#website"},"primaryImageOfPage":{"@id":"https:\/\/www.manitese.it\/en\/a-milano-la-school-week-2022\/#primaryimage"},"image":{"@id":"https:\/\/www.manitese.it\/en\/a-milano-la-school-week-2022\/#primaryimage"},"thumbnailUrl":"https:\/\/www.manitese.it\/wp-content\/uploads\/2022\/05\/mani-tese-la-pace-in-gioco-school-week-2022-1.png","datePublished":"2022-05-16T10:43:08+00:00","dateModified":"2025-07-08T10:59:38+00:00","author":{"@id":"https:\/\/www.manitese.it\/en\/#\/schema\/person\/5a9774f17e4940e2510bfeba90f04f65"},"description":"Dal 23 al 28 maggio una settimana di eventi delle scuole e per i cittadini del Municipio 8 dedicata al tema della pace e del diritto al gioco.","breadcrumb":{"@id":"https:\/\/www.manitese.it\/en\/a-milano-la-school-week-2022\/#breadcrumb"},"inLanguage":"en-US","potentialAction":[{"@type":"ReadAction","target":["https:\/\/www.manitese.it\/en\/a-milano-la-school-week-2022\/"]}]},{"@type":"ImageObject","inLanguage":"en-US","@id":"https:\/\/www.manitese.it\/en\/a-milano-la-school-week-2022\/#primaryimage","url":"https:\/\/www.manitese.it\/wp-content\/uploads\/2022\/05\/mani-tese-la-pace-in-gioco-school-week-2022-1.png","contentUrl":"https:\/\/www.manitese.it\/wp-content\/uploads\/2022\/05\/mani-tese-la-pace-in-gioco-school-week-2022-1.png","width":1920,"height":800,"caption":"mani tese la pace in gioco school week 2022"},{"@type":"BreadcrumbList","@id":"https:\/\/www.manitese.it\/en\/a-milano-la-school-week-2022\/#breadcrumb","itemListElement":[{"@type":"ListItem","position":1,"name":"Home","item":"https:\/\/www.manitese.it\/en\/"},{"@type":"ListItem","position":2,"name":"A Milano la School Week 2022: \u201cLa pace in gioco\u201d"}]},{"@type":"WebSite","@id":"https:\/\/www.manitese.it\/en\/#website","url":"https:\/\/www.manitese.it\/en\/","name":"Mani Tese","description":"","potentialAction":[{"@type":"SearchAction","target":{"@type":"EntryPoint","urlTemplate":"https:\/\/www.manitese.it\/en\/?s={search_term_string}"},"query-input":{"@type":"PropertyValueSpecification","valueRequired":true,"valueName":"search_term_string"}}],"inLanguage":"en-US"},{"@type":"Person","@id":"https:\/\/www.manitese.it\/en\/#\/schema\/person\/5a9774f17e4940e2510bfeba90f04f65","name":"agevis","image":{"@type":"ImageObject","inLanguage":"en-US","@id":"https:\/\/secure.gravatar.com\/avatar\/2dc96c93fcf3387a5922a93b50fb3bff01d4800590fb6a4ab91a034adb25ba17?s=96&d=mm&r=g","url":"https:\/\/secure.gravatar.com\/avatar\/2dc96c93fcf3387a5922a93b50fb3bff01d4800590fb6a4ab91a034adb25ba17?s=96&d=mm&r=g","contentUrl":"https:\/\/secure.gravatar.com\/avatar\/2dc96c93fcf3387a5922a93b50fb3bff01d4800590fb6a4ab91a034adb25ba17?s=96&d=mm&r=g","caption":"agevis"},"url":"https:\/\/www.manitese.it\/en\/author\/wp_agevis_admin\/"}]}},"jetpack_featured_media_url":"https:\/\/www.manitese.it\/wp-content\/uploads\/2022\/05\/mani-tese-la-pace-in-gioco-school-week-2022-1.png","jetpack_sharing_enabled":true,"_links":{"self":[{"href":"https:\/\/www.manitese.it\/en\/wp-json\/wp\/v2\/posts\/92784","targetHints":{"allow":["GET"]}}],"collection":[{"href":"https:\/\/www.manitese.it\/en\/wp-json\/wp\/v2\/posts"}],"about":[{"href":"https:\/\/www.manitese.it\/en\/wp-json\/wp\/v2\/types\/post"}],"author":[{"embeddable":true,"href":"https:\/\/www.manitese.it\/en\/wp-json\/wp\/v2\/users\/1"}],"replies":[{"embeddable":true,"href":"https:\/\/www.manitese.it\/en\/wp-json\/wp\/v2\/comments?post=92784"}],"version-history":[{"count":3,"href":"https:\/\/www.manitese.it\/en\/wp-json\/wp\/v2\/posts\/92784\/revisions"}],"predecessor-version":[{"id":191678,"href":"https:\/\/www.manitese.it\/en\/wp-json\/wp\/v2\/posts\/92784\/revisions\/191678"}],"wp:featuredmedia":[{"embeddable":true,"href":"https:\/\/www.manitese.it\/en\/wp-json\/wp\/v2\/media\/92695"}],"wp:attachment":[{"href":"https:\/\/www.manitese.it\/en\/wp-json\/wp\/v2\/media?parent=92784"}],"wp:term":[{"taxonomy":"category","embeddable":true,"href":"https:\/\/www.manitese.it\/en\/wp-json\/wp\/v2\/categories?post=92784"},{"taxonomy":"post_tag","embeddable":true,"href":"https:\/\/www.manitese.it\/en\/wp-json\/wp\/v2\/tags?post=92784"},{"taxonomy":"thematic_area","embeddable":true,"href":"https:\/\/www.manitese.it\/en\/wp-json\/wp\/v2\/thematic_area?post=92784"}],"curies":[{"name":"wp","href":"https:\/\/api.w.org\/{rel}","templated":true}]}}