{"id":92721,"date":"2022-05-13T10:09:00","date_gmt":"2022-05-13T08:09:00","guid":{"rendered":"https:\/\/manitese.it\/?p=92721"},"modified":"2023-11-30T12:12:59","modified_gmt":"2023-11-30T11:12:59","slug":"acqua-e-lavoro-liberano-le-donne-del-benin","status":"publish","type":"post","link":"https:\/\/www.manitese.it\/en\/acqua-e-lavoro-liberano-le-donne-del-benin\/","title":{"rendered":"L\u2019acqua e il lavoro liberano le donne del Benin"},"content":{"rendered":"\r\n<p>Presente in Benin dal 1979, <strong>Mani Tese accompagna da tempo il popolo beninese nella lotta contro la povert\u00e0<\/strong>. Da alcuni anni il nostro lavoro si concentra in particolare <strong>nel dipartimento di Atacora<\/strong>, dove ci occupiamo della fornitura di acqua potabile, della costruzione di aule e pi\u00f9 in generale del diritto all&#8217;educazione e, infine, della formazione in tecniche di produzione agro-ecologica per garantire la sovranit\u00e0 alimentare delle comunit\u00e0.<\/p>\r\n\r\n\r\n\r\n<p><strong>Mani Tese lavora inoltre per promuovere l&#8217;empowerment femminile attraverso il sostegno a gruppi di donne per sviluppare attivit\u00e0 generatrici di reddito.\u00a0 <\/strong><\/p>\r\n\r\n\r\n\r\n<p>Nell\u2019ambito del progetto \u201c<strong><a href=\"https:\/\/manitese.it\/progetto\/sicurezza-alimentare-atacora\" target=\"_blank\" rel=\"noreferrer noopener\" aria-label=\"Miglioramento della sicurezza alimentare e delle condizioni igienico-sanitarie delle comunit\u00e0 agricole del dipartimento dell'Atacora (apre in una nuova scheda)\">Miglioramento della sicurezza alimentare e delle condizioni igienico-sanitarie delle comunit\u00e0 agricole del dipartimento dell&#8217;Atacora<\/a><\/strong>\u201d nelle ultime settimane abbiamo inaugurato dei <strong>pozzi d\u2019acqua<\/strong> <strong>\u2013<\/strong> <strong>sia nuovi che risistemati \u2013 e un atelier<\/strong> con magazzino e attrezzature per la lavorazione e la trasformazione della manioca.\u00a0<\/p>\r\n\r\n\r\n\r\n<p><strong>I gruppi di donne di P\u00e9lima, Orou-kayo e di Bongou<\/strong>, dopo aver seguito un percorso di formazione sulla trasformazione dei prodotti e sull\u2019agroecologia, sulla leadership e sull\u2019organizzazione e la gestione dei centri di trasformazione, a seguito delle inaugurazioni sono stati ufficialmente incaricati di <strong>prendersi cura della gestione dei nuovi atelier<\/strong>. Dal loro impegno, infatti, dipender\u00e0 il miglioramento non solo della propria condizione economica e sociale ma anche di quella delle loro famiglie e del loro villaggio.<\/p>\r\n\r\n\r\n\r\n<p>Le cerimonie di inaugurazione nei tre comuni si sono tutte svolte con un momento iniziale di presentazione del progetto da parte del <strong>Rappresentante Paese di Mani Tese in Benin, Achille Yotto Tepa<\/strong>, seguito da una serie di testimonianze da parte delle donne dei gruppi di trasformazione e dai ringraziamenti delle autorit\u00e0 locali, con l\u2019intermezzo di danze e canti tradizionali.<\/p>\r\n\r\n\r\n\r\n<p>\u201c<em>Vogliamo vedere queste donne sentirsi ricompensate dal loro lavoro e vogliamo vederle cambiare le loro condizioni di vita e quelle dei loro figli, dando il buon esempio a tutti gli abitanti del villaggio<\/em>\u201d ha affermato<strong> Achille<\/strong> aprendo la cerimonia inaugurale a P\u00e9lima.<\/p>\r\n\r\n\r\n\r\n<p>Le autorit\u00e0 hanno raccontano come, in tutte le localit\u00e0, prima di questo intervento <strong>ci fossero delle serie difficolt\u00e0 nell\u2019accesso all\u2019acqua potabile e come, a causa di ci\u00f2, le donne fossero costrette a dedicare l\u2019intera giornata al recupero dell\u2019acqua per la famiglia<\/strong>. Con i nuovi pozzi, per\u00f2, ora la situazione cambier\u00e0. \u201c<em>L\u2019acqua \u00e8 innanzitutto una fonte di vita<\/em>\u201d ha affermato il rappresentante dell\u2019onorevole <strong>Abdoulaye Gounou<\/strong> \u201c<em>Quando si ha un punto d\u2019acqua all\u2019interno di un villaggio si liberano le donne\u201d.<\/em><\/p>\r\n\r\n\r\n\r\n<p>Anche <strong>i centri di trasformazione della manioca<\/strong> saranno preziosi perch\u00e9 permetteranno di trasformare la manioca localmente consentendo alle donne di lavorare e di avere un ritorno economico per pagare l\u2019istruzione dei figli e prendersi cura della famiglia. La produzione locale di manioca, grazie ai macchinari donati, potr\u00e0 creare un florido mercato locale che far\u00e0 conoscere i prodotti anche al di fuori dei villaggi.<\/p>\r\n\r\n\r\n\r\n<p>Le presidenti dei gruppi locali SANKO di P\u00e9lima, CHABI Elisabeth di Orou-kayo e KPAGRE Kayaou di Bongou hanno ringraziato i donatori e Mani Tese per aver permesso a tutte loro \u201c<strong>di diventare le grandi donne del villaggio\u201d<\/strong>.<\/p>\r\n\r\n\r\n\r\n<p>\u201c<em>Finalmente abbiamo ottenuto ci\u00f2 che desideravamo da tempo<\/em>\u201d ha dichiarato <strong>la presidente del gruppo di donne di Bongou <\/strong>\u201c<em>La nostra promessa \u00e8 quella di impegnarci a usare al meglio quanto ricevuto, perch\u00e9 siamo sicure che tutto questo sar\u00e0 di grande impatto nella nostra comunit\u00e0\u201d<\/em>.<\/p>\r\n\r\n\r\n\r\n<p>Qui di seguito alcune foto dell&#8217;inaugurazione.<\/p>\r\n\r\n\r\n\r\n<figure class=\"wp-block-image size-large\"><a href=\"https:\/\/manitese.it\/wp-content\/uploads\/2022\/05\/pozzi-atelier-donne-benin-mani-tese-2022-1.jpg\"><img decoding=\"async\" class=\"wp-image-92739\" src=\"https:\/\/manitese.it\/wp-content\/uploads\/2022\/05\/pozzi-atelier-donne-benin-mani-tese-2022-1-1024x766.jpg\" alt=\"\" \/><\/a><\/figure>\r\n\r\n\r\n\r\n<figure class=\"wp-block-image size-large\"><a href=\"https:\/\/manitese.it\/wp-content\/uploads\/2022\/05\/pozzi-atelier-donne-benin-mani-tese-2022-2.jpg\"><img decoding=\"async\" class=\"wp-image-92727\" src=\"https:\/\/manitese.it\/wp-content\/uploads\/2022\/05\/pozzi-atelier-donne-benin-mani-tese-2022-2.jpg\" alt=\"\" \/><\/a><\/figure>\r\n\r\n\r\n\r\n<figure class=\"wp-block-image size-large\"><a href=\"https:\/\/manitese.it\/wp-content\/uploads\/2022\/05\/pozzi-atelier-donne-benin-mani-tese-2022-3.jpg\"><img decoding=\"async\" class=\"wp-image-92729\" src=\"https:\/\/manitese.it\/wp-content\/uploads\/2022\/05\/pozzi-atelier-donne-benin-mani-tese-2022-3.jpg\" alt=\"\" \/><\/a><\/figure>\r\n\r\n\r\n\r\n<figure class=\"wp-block-image size-large\"><img decoding=\"async\" class=\"wp-image-92731\" src=\"https:\/\/manitese.it\/wp-content\/uploads\/2022\/05\/pozzi-atelier-donne-benin-mani-tese-2022-4.jpg\" alt=\"\" \/><\/figure>\r\n\r\n\r\n\r\n<figure class=\"wp-block-image size-large\"><a href=\"https:\/\/manitese.it\/wp-content\/uploads\/2022\/05\/pozzi-atelier-donne-benin-mani-tese-2022-5.jpg\"><img decoding=\"async\" class=\"wp-image-92733\" src=\"https:\/\/manitese.it\/wp-content\/uploads\/2022\/05\/pozzi-atelier-donne-benin-mani-tese-2022-5-1024x766.jpg\" alt=\"\" \/><\/a><\/figure>\r\n\r\n\r\n\r\n<figure class=\"wp-block-image size-large\"><a href=\"https:\/\/manitese.it\/wp-content\/uploads\/2022\/05\/pozzi-atelier-donne-benin-mani-tese-2022-6.jpg\"><img decoding=\"async\" class=\"wp-image-92735\" src=\"https:\/\/manitese.it\/wp-content\/uploads\/2022\/05\/pozzi-atelier-donne-benin-mani-tese-2022-6-1024x768.jpg\" alt=\"\" \/><\/a><\/figure>\r\n\r\n\r\n\r\n<figure class=\"wp-block-image size-large\"><a href=\"https:\/\/manitese.it\/wp-content\/uploads\/2022\/05\/pozzi-atelier-donne-benin-mani-tese-2022-7.jpg\"><img decoding=\"async\" class=\"wp-image-92737\" src=\"https:\/\/manitese.it\/wp-content\/uploads\/2022\/05\/pozzi-atelier-donne-benin-mani-tese-2022-7-1024x767.jpg\" alt=\"\" \/><\/a><\/figure>\r\n","protected":false},"excerpt":{"rendered":"<p>Inaugurati i nuovi pozzi e l\u2019atelier di trasformazione della manioca che sar\u00e0 gestito dai gruppi di donne.<\/p>\n","protected":false},"author":1,"featured_media":92722,"comment_status":"open","ping_status":"open","sticky":false,"template":"","format":"standard","meta":{"_acf_changed":false,"give_campaign_id":0,"inline_featured_image":false,"_jetpack_memberships_contains_paid_content":false,"footnotes":""},"categories":[3],"tags":[],"thematic_area":[918,908,905],"class_list":["post-92721","post","type-post","status-publish","format-standard","has-post-thumbnail","hentry","category-diari","thematic_area-sistemi-e-filiere-agroalimentari-locali","thematic_area-parita-di-genere","thematic_area-accesso-universale-al-cibo-e-allacqua"],"acf":[],"yoast_head":"<!-- This site is optimized with the Yoast SEO plugin v27.5 - https:\/\/yoast.com\/product\/yoast-seo-wordpress\/ -->\n<title>L\u2019acqua e il lavoro liberano le donne del Benin - Mani Tese<\/title>\n<meta name=\"description\" content=\"Inaugurati i nuovi pozzi e l\u2019atelier di trasformazione della manioca che sar\u00e0 gestito dai gruppi di donne. Leggi la news!\" \/>\n<meta name=\"robots\" content=\"index, follow, max-snippet:-1, max-image-preview:large, max-video-preview:-1\" \/>\n<link rel=\"canonical\" href=\"https:\/\/www.manitese.it\/en\/acqua-e-lavoro-liberano-le-donne-del-benin\/\" \/>\n<meta property=\"og:locale\" content=\"en_US\" \/>\n<meta property=\"og:type\" content=\"article\" \/>\n<meta property=\"og:title\" content=\"L\u2019acqua e il lavoro liberano le donne del Benin - Mani Tese\" \/>\n<meta property=\"og:description\" content=\"Inaugurati i nuovi pozzi e l\u2019atelier di trasformazione della manioca che sar\u00e0 gestito dai gruppi di donne. Leggi la news!\" \/>\n<meta property=\"og:url\" content=\"https:\/\/www.manitese.it\/en\/acqua-e-lavoro-liberano-le-donne-del-benin\/\" \/>\n<meta property=\"og:site_name\" content=\"Mani Tese\" \/>\n<meta property=\"article:published_time\" content=\"2022-05-13T08:09:00+00:00\" \/>\n<meta property=\"article:modified_time\" content=\"2023-11-30T11:12:59+00:00\" \/>\n<meta property=\"og:image\" content=\"https:\/\/www.manitese.it\/wp-content\/uploads\/2022\/05\/pozzi-atelier-donne-benin-mani-tese-2022-8.jpg\" \/>\n\t<meta property=\"og:image:width\" content=\"1920\" \/>\n\t<meta property=\"og:image:height\" content=\"800\" \/>\n\t<meta property=\"og:image:type\" content=\"image\/jpeg\" \/>\n<meta name=\"author\" content=\"agevis\" \/>\n<meta name=\"twitter:card\" content=\"summary_large_image\" \/>\n<meta name=\"twitter:label1\" content=\"Written by\" \/>\n\t<meta name=\"twitter:data1\" content=\"agevis\" \/>\n\t<meta name=\"twitter:label2\" content=\"Est. reading time\" \/>\n\t<meta name=\"twitter:data2\" content=\"4 minutes\" \/>\n<script type=\"application\/ld+json\" class=\"yoast-schema-graph\">{\"@context\":\"https:\\\/\\\/schema.org\",\"@graph\":[{\"@type\":\"Article\",\"@id\":\"https:\\\/\\\/www.manitese.it\\\/en\\\/acqua-e-lavoro-liberano-le-donne-del-benin\\\/#article\",\"isPartOf\":{\"@id\":\"https:\\\/\\\/www.manitese.it\\\/en\\\/acqua-e-lavoro-liberano-le-donne-del-benin\\\/\"},\"author\":{\"name\":\"agevis\",\"@id\":\"https:\\\/\\\/www.manitese.it\\\/en\\\/#\\\/schema\\\/person\\\/5a9774f17e4940e2510bfeba90f04f65\"},\"headline\":\"L\u2019acqua e il lavoro liberano le donne del Benin\",\"datePublished\":\"2022-05-13T08:09:00+00:00\",\"dateModified\":\"2023-11-30T11:12:59+00:00\",\"mainEntityOfPage\":{\"@id\":\"https:\\\/\\\/www.manitese.it\\\/en\\\/acqua-e-lavoro-liberano-le-donne-del-benin\\\/\"},\"wordCount\":565,\"commentCount\":0,\"image\":{\"@id\":\"https:\\\/\\\/www.manitese.it\\\/en\\\/acqua-e-lavoro-liberano-le-donne-del-benin\\\/#primaryimage\"},\"thumbnailUrl\":\"https:\\\/\\\/www.manitese.it\\\/wp-content\\\/uploads\\\/2022\\\/05\\\/pozzi-atelier-donne-benin-mani-tese-2022-8.jpg\",\"articleSection\":[\"Diari\"],\"inLanguage\":\"en-US\",\"potentialAction\":[{\"@type\":\"CommentAction\",\"name\":\"Comment\",\"target\":[\"https:\\\/\\\/www.manitese.it\\\/en\\\/acqua-e-lavoro-liberano-le-donne-del-benin\\\/#respond\"]}]},{\"@type\":\"WebPage\",\"@id\":\"https:\\\/\\\/www.manitese.it\\\/en\\\/acqua-e-lavoro-liberano-le-donne-del-benin\\\/\",\"url\":\"https:\\\/\\\/www.manitese.it\\\/en\\\/acqua-e-lavoro-liberano-le-donne-del-benin\\\/\",\"name\":\"L\u2019acqua e il lavoro liberano le donne del Benin - Mani Tese\",\"isPartOf\":{\"@id\":\"https:\\\/\\\/www.manitese.it\\\/en\\\/#website\"},\"primaryImageOfPage\":{\"@id\":\"https:\\\/\\\/www.manitese.it\\\/en\\\/acqua-e-lavoro-liberano-le-donne-del-benin\\\/#primaryimage\"},\"image\":{\"@id\":\"https:\\\/\\\/www.manitese.it\\\/en\\\/acqua-e-lavoro-liberano-le-donne-del-benin\\\/#primaryimage\"},\"thumbnailUrl\":\"https:\\\/\\\/www.manitese.it\\\/wp-content\\\/uploads\\\/2022\\\/05\\\/pozzi-atelier-donne-benin-mani-tese-2022-8.jpg\",\"datePublished\":\"2022-05-13T08:09:00+00:00\",\"dateModified\":\"2023-11-30T11:12:59+00:00\",\"author\":{\"@id\":\"https:\\\/\\\/www.manitese.it\\\/en\\\/#\\\/schema\\\/person\\\/5a9774f17e4940e2510bfeba90f04f65\"},\"description\":\"Inaugurati i nuovi pozzi e l\u2019atelier di trasformazione della manioca che sar\u00e0 gestito dai gruppi di donne. Leggi la news!\",\"breadcrumb\":{\"@id\":\"https:\\\/\\\/www.manitese.it\\\/en\\\/acqua-e-lavoro-liberano-le-donne-del-benin\\\/#breadcrumb\"},\"inLanguage\":\"en-US\",\"potentialAction\":[{\"@type\":\"ReadAction\",\"target\":[\"https:\\\/\\\/www.manitese.it\\\/en\\\/acqua-e-lavoro-liberano-le-donne-del-benin\\\/\"]}]},{\"@type\":\"ImageObject\",\"inLanguage\":\"en-US\",\"@id\":\"https:\\\/\\\/www.manitese.it\\\/en\\\/acqua-e-lavoro-liberano-le-donne-del-benin\\\/#primaryimage\",\"url\":\"https:\\\/\\\/www.manitese.it\\\/wp-content\\\/uploads\\\/2022\\\/05\\\/pozzi-atelier-donne-benin-mani-tese-2022-8.jpg\",\"contentUrl\":\"https:\\\/\\\/www.manitese.it\\\/wp-content\\\/uploads\\\/2022\\\/05\\\/pozzi-atelier-donne-benin-mani-tese-2022-8.jpg\",\"width\":1920,\"height\":800,\"caption\":\"pozzi atelier donne benin mani tese 2022\"},{\"@type\":\"BreadcrumbList\",\"@id\":\"https:\\\/\\\/www.manitese.it\\\/en\\\/acqua-e-lavoro-liberano-le-donne-del-benin\\\/#breadcrumb\",\"itemListElement\":[{\"@type\":\"ListItem\",\"position\":1,\"name\":\"Home\",\"item\":\"https:\\\/\\\/www.manitese.it\\\/en\\\/\"},{\"@type\":\"ListItem\",\"position\":2,\"name\":\"L\u2019acqua e il lavoro liberano le donne del Benin\"}]},{\"@type\":\"WebSite\",\"@id\":\"https:\\\/\\\/www.manitese.it\\\/en\\\/#website\",\"url\":\"https:\\\/\\\/www.manitese.it\\\/en\\\/\",\"name\":\"Mani Tese\",\"description\":\"\",\"potentialAction\":[{\"@type\":\"SearchAction\",\"target\":{\"@type\":\"EntryPoint\",\"urlTemplate\":\"https:\\\/\\\/www.manitese.it\\\/en\\\/?s={search_term_string}\"},\"query-input\":{\"@type\":\"PropertyValueSpecification\",\"valueRequired\":true,\"valueName\":\"search_term_string\"}}],\"inLanguage\":\"en-US\"},{\"@type\":\"Person\",\"@id\":\"https:\\\/\\\/www.manitese.it\\\/en\\\/#\\\/schema\\\/person\\\/5a9774f17e4940e2510bfeba90f04f65\",\"name\":\"agevis\",\"image\":{\"@type\":\"ImageObject\",\"inLanguage\":\"en-US\",\"@id\":\"https:\\\/\\\/secure.gravatar.com\\\/avatar\\\/2dc96c93fcf3387a5922a93b50fb3bff01d4800590fb6a4ab91a034adb25ba17?s=96&d=mm&r=g\",\"url\":\"https:\\\/\\\/secure.gravatar.com\\\/avatar\\\/2dc96c93fcf3387a5922a93b50fb3bff01d4800590fb6a4ab91a034adb25ba17?s=96&d=mm&r=g\",\"contentUrl\":\"https:\\\/\\\/secure.gravatar.com\\\/avatar\\\/2dc96c93fcf3387a5922a93b50fb3bff01d4800590fb6a4ab91a034adb25ba17?s=96&d=mm&r=g\",\"caption\":\"agevis\"},\"url\":\"https:\\\/\\\/www.manitese.it\\\/en\\\/author\\\/wp_agevis_admin\\\/\"}]}<\/script>\n<!-- \/ Yoast SEO plugin. -->","yoast_head_json":{"title":"L\u2019acqua e il lavoro liberano le donne del Benin - Mani Tese","description":"Inaugurati i nuovi pozzi e l\u2019atelier di trasformazione della manioca che sar\u00e0 gestito dai gruppi di donne. Leggi la news!","robots":{"index":"index","follow":"follow","max-snippet":"max-snippet:-1","max-image-preview":"max-image-preview:large","max-video-preview":"max-video-preview:-1"},"canonical":"https:\/\/www.manitese.it\/en\/acqua-e-lavoro-liberano-le-donne-del-benin\/","og_locale":"en_US","og_type":"article","og_title":"L\u2019acqua e il lavoro liberano le donne del Benin - Mani Tese","og_description":"Inaugurati i nuovi pozzi e l\u2019atelier di trasformazione della manioca che sar\u00e0 gestito dai gruppi di donne. Leggi la news!","og_url":"https:\/\/www.manitese.it\/en\/acqua-e-lavoro-liberano-le-donne-del-benin\/","og_site_name":"Mani Tese","article_published_time":"2022-05-13T08:09:00+00:00","article_modified_time":"2023-11-30T11:12:59+00:00","og_image":[{"width":1920,"height":800,"url":"https:\/\/www.manitese.it\/wp-content\/uploads\/2022\/05\/pozzi-atelier-donne-benin-mani-tese-2022-8.jpg","type":"image\/jpeg"}],"author":"agevis","twitter_card":"summary_large_image","twitter_misc":{"Written by":"agevis","Est. reading time":"4 minutes"},"schema":{"@context":"https:\/\/schema.org","@graph":[{"@type":"Article","@id":"https:\/\/www.manitese.it\/en\/acqua-e-lavoro-liberano-le-donne-del-benin\/#article","isPartOf":{"@id":"https:\/\/www.manitese.it\/en\/acqua-e-lavoro-liberano-le-donne-del-benin\/"},"author":{"name":"agevis","@id":"https:\/\/www.manitese.it\/en\/#\/schema\/person\/5a9774f17e4940e2510bfeba90f04f65"},"headline":"L\u2019acqua e il lavoro liberano le donne del Benin","datePublished":"2022-05-13T08:09:00+00:00","dateModified":"2023-11-30T11:12:59+00:00","mainEntityOfPage":{"@id":"https:\/\/www.manitese.it\/en\/acqua-e-lavoro-liberano-le-donne-del-benin\/"},"wordCount":565,"commentCount":0,"image":{"@id":"https:\/\/www.manitese.it\/en\/acqua-e-lavoro-liberano-le-donne-del-benin\/#primaryimage"},"thumbnailUrl":"https:\/\/www.manitese.it\/wp-content\/uploads\/2022\/05\/pozzi-atelier-donne-benin-mani-tese-2022-8.jpg","articleSection":["Diari"],"inLanguage":"en-US","potentialAction":[{"@type":"CommentAction","name":"Comment","target":["https:\/\/www.manitese.it\/en\/acqua-e-lavoro-liberano-le-donne-del-benin\/#respond"]}]},{"@type":"WebPage","@id":"https:\/\/www.manitese.it\/en\/acqua-e-lavoro-liberano-le-donne-del-benin\/","url":"https:\/\/www.manitese.it\/en\/acqua-e-lavoro-liberano-le-donne-del-benin\/","name":"L\u2019acqua e il lavoro liberano le donne del Benin - Mani Tese","isPartOf":{"@id":"https:\/\/www.manitese.it\/en\/#website"},"primaryImageOfPage":{"@id":"https:\/\/www.manitese.it\/en\/acqua-e-lavoro-liberano-le-donne-del-benin\/#primaryimage"},"image":{"@id":"https:\/\/www.manitese.it\/en\/acqua-e-lavoro-liberano-le-donne-del-benin\/#primaryimage"},"thumbnailUrl":"https:\/\/www.manitese.it\/wp-content\/uploads\/2022\/05\/pozzi-atelier-donne-benin-mani-tese-2022-8.jpg","datePublished":"2022-05-13T08:09:00+00:00","dateModified":"2023-11-30T11:12:59+00:00","author":{"@id":"https:\/\/www.manitese.it\/en\/#\/schema\/person\/5a9774f17e4940e2510bfeba90f04f65"},"description":"Inaugurati i nuovi pozzi e l\u2019atelier di trasformazione della manioca che sar\u00e0 gestito dai gruppi di donne. Leggi la news!","breadcrumb":{"@id":"https:\/\/www.manitese.it\/en\/acqua-e-lavoro-liberano-le-donne-del-benin\/#breadcrumb"},"inLanguage":"en-US","potentialAction":[{"@type":"ReadAction","target":["https:\/\/www.manitese.it\/en\/acqua-e-lavoro-liberano-le-donne-del-benin\/"]}]},{"@type":"ImageObject","inLanguage":"en-US","@id":"https:\/\/www.manitese.it\/en\/acqua-e-lavoro-liberano-le-donne-del-benin\/#primaryimage","url":"https:\/\/www.manitese.it\/wp-content\/uploads\/2022\/05\/pozzi-atelier-donne-benin-mani-tese-2022-8.jpg","contentUrl":"https:\/\/www.manitese.it\/wp-content\/uploads\/2022\/05\/pozzi-atelier-donne-benin-mani-tese-2022-8.jpg","width":1920,"height":800,"caption":"pozzi atelier donne benin mani tese 2022"},{"@type":"BreadcrumbList","@id":"https:\/\/www.manitese.it\/en\/acqua-e-lavoro-liberano-le-donne-del-benin\/#breadcrumb","itemListElement":[{"@type":"ListItem","position":1,"name":"Home","item":"https:\/\/www.manitese.it\/en\/"},{"@type":"ListItem","position":2,"name":"L\u2019acqua e il lavoro liberano le donne del Benin"}]},{"@type":"WebSite","@id":"https:\/\/www.manitese.it\/en\/#website","url":"https:\/\/www.manitese.it\/en\/","name":"Mani Tese","description":"","potentialAction":[{"@type":"SearchAction","target":{"@type":"EntryPoint","urlTemplate":"https:\/\/www.manitese.it\/en\/?s={search_term_string}"},"query-input":{"@type":"PropertyValueSpecification","valueRequired":true,"valueName":"search_term_string"}}],"inLanguage":"en-US"},{"@type":"Person","@id":"https:\/\/www.manitese.it\/en\/#\/schema\/person\/5a9774f17e4940e2510bfeba90f04f65","name":"agevis","image":{"@type":"ImageObject","inLanguage":"en-US","@id":"https:\/\/secure.gravatar.com\/avatar\/2dc96c93fcf3387a5922a93b50fb3bff01d4800590fb6a4ab91a034adb25ba17?s=96&d=mm&r=g","url":"https:\/\/secure.gravatar.com\/avatar\/2dc96c93fcf3387a5922a93b50fb3bff01d4800590fb6a4ab91a034adb25ba17?s=96&d=mm&r=g","contentUrl":"https:\/\/secure.gravatar.com\/avatar\/2dc96c93fcf3387a5922a93b50fb3bff01d4800590fb6a4ab91a034adb25ba17?s=96&d=mm&r=g","caption":"agevis"},"url":"https:\/\/www.manitese.it\/en\/author\/wp_agevis_admin\/"}]}},"jetpack_featured_media_url":"https:\/\/www.manitese.it\/wp-content\/uploads\/2022\/05\/pozzi-atelier-donne-benin-mani-tese-2022-8.jpg","jetpack_sharing_enabled":true,"_links":{"self":[{"href":"https:\/\/www.manitese.it\/en\/wp-json\/wp\/v2\/posts\/92721","targetHints":{"allow":["GET"]}}],"collection":[{"href":"https:\/\/www.manitese.it\/en\/wp-json\/wp\/v2\/posts"}],"about":[{"href":"https:\/\/www.manitese.it\/en\/wp-json\/wp\/v2\/types\/post"}],"author":[{"embeddable":true,"href":"https:\/\/www.manitese.it\/en\/wp-json\/wp\/v2\/users\/1"}],"replies":[{"embeddable":true,"href":"https:\/\/www.manitese.it\/en\/wp-json\/wp\/v2\/comments?post=92721"}],"version-history":[{"count":3,"href":"https:\/\/www.manitese.it\/en\/wp-json\/wp\/v2\/posts\/92721\/revisions"}],"predecessor-version":[{"id":191681,"href":"https:\/\/www.manitese.it\/en\/wp-json\/wp\/v2\/posts\/92721\/revisions\/191681"}],"wp:featuredmedia":[{"embeddable":true,"href":"https:\/\/www.manitese.it\/en\/wp-json\/wp\/v2\/media\/92722"}],"wp:attachment":[{"href":"https:\/\/www.manitese.it\/en\/wp-json\/wp\/v2\/media?parent=92721"}],"wp:term":[{"taxonomy":"category","embeddable":true,"href":"https:\/\/www.manitese.it\/en\/wp-json\/wp\/v2\/categories?post=92721"},{"taxonomy":"post_tag","embeddable":true,"href":"https:\/\/www.manitese.it\/en\/wp-json\/wp\/v2\/tags?post=92721"},{"taxonomy":"thematic_area","embeddable":true,"href":"https:\/\/www.manitese.it\/en\/wp-json\/wp\/v2\/thematic_area?post=92721"}],"curies":[{"name":"wp","href":"https:\/\/api.w.org\/{rel}","templated":true}]}}