{"id":92506,"date":"2022-05-02T13:13:52","date_gmt":"2022-05-02T11:13:52","guid":{"rendered":"https:\/\/manitese.it\/?p=92506"},"modified":"2023-07-21T14:39:47","modified_gmt":"2023-07-21T12:39:47","slug":"ambiente-e-diritti-umani-un-confronto-tra-stakeholder-per-il-business-di-domani","status":"publish","type":"post","link":"https:\/\/www.manitese.it\/en\/ambiente-e-diritti-umani-un-confronto-tra-stakeholder-per-il-business-di-domani\/","title":{"rendered":"Ambiente e diritti umani: un confronto tra stakeholder per il business di domani"},"content":{"rendered":"\n<p>Il 23 febbraio la Commissione europea ha adottato una proposta di direttiva che prevede l\u2019introduzione, a carico delle imprese, di <strong>obblighi di dovuta diligenza in materia di sostenibilit\u00e0<\/strong>.<\/p>\n\n\n\n<p>L\u2019<strong>Universit\u00e0 degli Studi di Milano<\/strong>, in collaborazione con la campagna\u00a0<strong><a rel=\"noreferrer noopener\" aria-label=\"Impresa 2030 - Diamoci una regolata (apre in una nuova scheda)\" href=\"https:\/\/manitese.it\/campagne\/impresa-2030\" target=\"_blank\">Impresa 2030 &#8211; Diamoci una regolata<\/a><\/strong>, promuove un momento pubblico di confronto tra i principali attori del processo: <strong>imprese, sindacati, istituzioni ed enti del terzo settore<\/strong>.<\/p>\n\n\n\n<p>Vi aspettiamo: <strong>marted\u00ec 10 maggio<\/strong>, dalle 14.30 alle 17.30, presso la Sala Napoleonica dell&#8217;<strong>Universit\u00e0 degli Studi di Milano<\/strong> in via Sant\u2019Antonio 12.<\/p>\n\n\n\n<p>Per partecipare scrivere una mail a <a rel=\"noreferrer noopener\" href=\"mailto:conferenza10maggiounimi@gmail.com\" target=\"_blank\"><strong>conferenza10maggiounimi@gmail.com<\/strong><\/a> specificando nome, cognome, ente di appartenenza e numero di telefono. <\/p>\n\n\n\n<h4 class=\"wp-block-heading\"><u><strong>PROGRAMMA<\/strong><\/u><\/h4>\n\n\n\n<p><\/p>\n\n\n\n<p>SALUTI INTRODUTTIVI:<\/p>\n\n\n\n<ul class=\"wp-block-list\"><li><strong>Marina Carini<\/strong>, Prorettrice alla Terza Missione, Attivit\u00e0 Culturali e Impatto Sociale (Universit\u00e0 degli Studi di Milano)<\/li><li><strong>Chiara Amalfitano<\/strong>, Direttrice Dipartimento Diritto Pubblico Italiano e Sovranazionale (Universit\u00e0 degli Studi di Milano)<\/li><li><strong>Nerina Boschiero<\/strong> (Universit\u00e0 degli Studi di Milano)<\/li><li><strong>Martina Rogato<\/strong> (campagna Impresa2030)<\/li><\/ul>\n\n\n\n<p><\/p>\n\n\n\n<p>RELAZIONI A CURA DI:<\/p>\n\n\n\n<ul class=\"wp-block-list\"><li><strong>Angelica Bonfanti <\/strong>(Universit\u00e0 degli Studi di Milano, Dipartimento di Diritto Pubblico Italiano e Sovranazionale)<\/li><li><strong>Marco Fasciglione <\/strong>(Human Rights International Corner; IRISS-CNR Centro Nazionale Ricerche)<\/li><\/ul>\n\n\n\n<p><\/p>\n\n\n\n<p>TAVOLA ROTONDA CON:<\/p>\n\n\n\n<ul class=\"wp-block-list\"><li><strong>Daniela Bernacchi<\/strong> (Global Compact Network Italia)*<\/li><li><strong>Silvia Borelli<\/strong> (Universit\u00e0 di Ferrara e Segretariato Europa della CGIL)<\/li><li><strong>On. Brando Benifei <\/strong>(Parlamento Europeo, PD)<\/li><li><strong>On. Fabio Massimo Castaldo<\/strong> (Parlamento Europeo, Movimento 5 Stelle)*<\/li><li><strong>Giosu\u00e8 De Salvo<\/strong> (campagna Impresa 2030)<\/li><\/ul>\n\n\n\n<p>Modera: <strong>Marco Girardo<\/strong>, caporedattore economia di Avvenire<\/p>\n\n\n\n<p>* in attesa di conferma<\/p>\n\n\n\n<h4 class=\"wp-block-heading\"><strong>Info e registrazioni<\/strong><\/h4>\n\n\n\n<p>Per partecipare \u00e8 importante prenotarsi scrivendo a <a rel=\"noreferrer noopener\" href=\"mailto:conferenza10maggiounimi@gmail.com\" target=\"_blank\"><strong>conferenza10maggiounimi@gmail.com<\/strong><\/a>. Nella mail va specificato nome, cognome, ente di appartenenza e numero di telefono.<\/p>\n\n\n\n<h4 class=\"wp-block-heading\"><strong>La campagna Impresa2030. Diamoci una regolata<\/strong><\/h4>\n\n\n\n<p>Impresa2030, Diamoci una regolata \u00e8 una campagna di informazione, sensibilizzazione e advocacy, rivolta alla societ\u00e0 civile e ai decisori politici affinch\u00e9 la forma definitiva della direttiva su dovuta diligenza in materia di ambiente e diritti umani sia efficace e tuteli le comunit\u00e0.La campagna \u00e8 promossa da un network di organizzazioni gi\u00e0 impegnate nella difesa dei diritti umani nella propria azione quotidiana tra cui: ActionAid Italia, Equo Garantito, Fair, Fairtrade Italia, Focsiv, Fondazione Finanza Etica, Good Shepherd International Foundation, Human Rights International Corner, Large Movements, Mani Tese, Oxfam Italia, Save the Children e WeWorld.<\/p>\n","protected":false},"excerpt":{"rendered":"<p>Il 10 maggio presso l&#8217;Universit\u00e0 degli Studi di Milano si terr\u00e0 un incontro pubblico sulla direttiva che mira a imporre alle imprese il rispetto dell&#8217;ambiente e dei diritti umani.<\/p>\n","protected":false},"author":1,"featured_media":92509,"comment_status":"open","ping_status":"open","sticky":false,"template":"","format":"standard","meta":{"_acf_changed":false,"give_campaign_id":0,"inline_featured_image":false,"_jetpack_memberships_contains_paid_content":false,"footnotes":""},"categories":[24],"tags":[],"thematic_area":[],"class_list":["post-92506","post","type-post","status-publish","format-standard","has-post-thumbnail","hentry","category-eventi"],"acf":[],"yoast_head":"<!-- This site is optimized with the Yoast SEO plugin v27.5 - https:\/\/yoast.com\/product\/yoast-seo-wordpress\/ -->\n<title>Ambiente e diritti umani: un confronto tra stakeholder per il business di domani - Mani Tese<\/title>\n<meta name=\"description\" content=\"Il 10 maggio presso l&#039;Universit\u00e0 degli Studi di Milano si terr\u00e0 un incontro pubblico sulla direttiva che mira a imporre alle imprese il rispetto dell&#039;ambiente e dei diritti umani.\" \/>\n<meta name=\"robots\" content=\"index, follow, max-snippet:-1, max-image-preview:large, max-video-preview:-1\" \/>\n<link rel=\"canonical\" href=\"https:\/\/www.manitese.it\/en\/ambiente-e-diritti-umani-un-confronto-tra-stakeholder-per-il-business-di-domani\/\" \/>\n<meta property=\"og:locale\" content=\"en_US\" \/>\n<meta property=\"og:type\" content=\"article\" \/>\n<meta property=\"og:title\" content=\"Ambiente e diritti umani: un confronto tra stakeholder per il business di domani - Mani Tese\" \/>\n<meta property=\"og:description\" content=\"Il 10 maggio presso l&#039;Universit\u00e0 degli Studi di Milano si terr\u00e0 un incontro pubblico sulla direttiva che mira a imporre alle imprese il rispetto dell&#039;ambiente e dei diritti umani.\" \/>\n<meta property=\"og:url\" content=\"https:\/\/www.manitese.it\/en\/ambiente-e-diritti-umani-un-confronto-tra-stakeholder-per-il-business-di-domani\/\" \/>\n<meta property=\"og:site_name\" content=\"Mani Tese\" \/>\n<meta property=\"article:published_time\" content=\"2022-05-02T11:13:52+00:00\" \/>\n<meta property=\"article:modified_time\" content=\"2023-07-21T12:39:47+00:00\" \/>\n<meta property=\"og:image\" content=\"https:\/\/www.manitese.it\/wp-content\/uploads\/2022\/05\/conferenza-impresa-2030-mani-tese-1.jpg\" \/>\n\t<meta property=\"og:image:width\" content=\"1920\" \/>\n\t<meta property=\"og:image:height\" content=\"800\" \/>\n\t<meta property=\"og:image:type\" content=\"image\/jpeg\" \/>\n<meta name=\"author\" content=\"agevis\" \/>\n<meta name=\"twitter:card\" content=\"summary_large_image\" \/>\n<meta name=\"twitter:label1\" content=\"Written by\" \/>\n\t<meta name=\"twitter:data1\" content=\"agevis\" \/>\n\t<meta name=\"twitter:label2\" content=\"Est. reading time\" \/>\n\t<meta name=\"twitter:data2\" content=\"2 minutes\" \/>\n<script type=\"application\/ld+json\" class=\"yoast-schema-graph\">{\"@context\":\"https:\\\/\\\/schema.org\",\"@graph\":[{\"@type\":\"Article\",\"@id\":\"https:\\\/\\\/www.manitese.it\\\/en\\\/ambiente-e-diritti-umani-un-confronto-tra-stakeholder-per-il-business-di-domani\\\/#article\",\"isPartOf\":{\"@id\":\"https:\\\/\\\/www.manitese.it\\\/en\\\/ambiente-e-diritti-umani-un-confronto-tra-stakeholder-per-il-business-di-domani\\\/\"},\"author\":{\"name\":\"agevis\",\"@id\":\"https:\\\/\\\/www.manitese.it\\\/en\\\/#\\\/schema\\\/person\\\/5a9774f17e4940e2510bfeba90f04f65\"},\"headline\":\"Ambiente e diritti umani: un confronto tra stakeholder per il business di domani\",\"datePublished\":\"2022-05-02T11:13:52+00:00\",\"dateModified\":\"2023-07-21T12:39:47+00:00\",\"mainEntityOfPage\":{\"@id\":\"https:\\\/\\\/www.manitese.it\\\/en\\\/ambiente-e-diritti-umani-un-confronto-tra-stakeholder-per-il-business-di-domani\\\/\"},\"wordCount\":362,\"commentCount\":0,\"image\":{\"@id\":\"https:\\\/\\\/www.manitese.it\\\/en\\\/ambiente-e-diritti-umani-un-confronto-tra-stakeholder-per-il-business-di-domani\\\/#primaryimage\"},\"thumbnailUrl\":\"https:\\\/\\\/www.manitese.it\\\/wp-content\\\/uploads\\\/2022\\\/05\\\/conferenza-impresa-2030-mani-tese-1.jpg\",\"articleSection\":[\"Eventi\"],\"inLanguage\":\"en-US\",\"potentialAction\":[{\"@type\":\"CommentAction\",\"name\":\"Comment\",\"target\":[\"https:\\\/\\\/www.manitese.it\\\/en\\\/ambiente-e-diritti-umani-un-confronto-tra-stakeholder-per-il-business-di-domani\\\/#respond\"]}]},{\"@type\":\"WebPage\",\"@id\":\"https:\\\/\\\/www.manitese.it\\\/en\\\/ambiente-e-diritti-umani-un-confronto-tra-stakeholder-per-il-business-di-domani\\\/\",\"url\":\"https:\\\/\\\/www.manitese.it\\\/en\\\/ambiente-e-diritti-umani-un-confronto-tra-stakeholder-per-il-business-di-domani\\\/\",\"name\":\"Ambiente e diritti umani: un confronto tra stakeholder per il business di domani - Mani Tese\",\"isPartOf\":{\"@id\":\"https:\\\/\\\/www.manitese.it\\\/en\\\/#website\"},\"primaryImageOfPage\":{\"@id\":\"https:\\\/\\\/www.manitese.it\\\/en\\\/ambiente-e-diritti-umani-un-confronto-tra-stakeholder-per-il-business-di-domani\\\/#primaryimage\"},\"image\":{\"@id\":\"https:\\\/\\\/www.manitese.it\\\/en\\\/ambiente-e-diritti-umani-un-confronto-tra-stakeholder-per-il-business-di-domani\\\/#primaryimage\"},\"thumbnailUrl\":\"https:\\\/\\\/www.manitese.it\\\/wp-content\\\/uploads\\\/2022\\\/05\\\/conferenza-impresa-2030-mani-tese-1.jpg\",\"datePublished\":\"2022-05-02T11:13:52+00:00\",\"dateModified\":\"2023-07-21T12:39:47+00:00\",\"author\":{\"@id\":\"https:\\\/\\\/www.manitese.it\\\/en\\\/#\\\/schema\\\/person\\\/5a9774f17e4940e2510bfeba90f04f65\"},\"description\":\"Il 10 maggio presso l'Universit\u00e0 degli Studi di Milano si terr\u00e0 un incontro pubblico sulla direttiva che mira a imporre alle imprese il rispetto dell'ambiente e dei diritti umani.\",\"breadcrumb\":{\"@id\":\"https:\\\/\\\/www.manitese.it\\\/en\\\/ambiente-e-diritti-umani-un-confronto-tra-stakeholder-per-il-business-di-domani\\\/#breadcrumb\"},\"inLanguage\":\"en-US\",\"potentialAction\":[{\"@type\":\"ReadAction\",\"target\":[\"https:\\\/\\\/www.manitese.it\\\/en\\\/ambiente-e-diritti-umani-un-confronto-tra-stakeholder-per-il-business-di-domani\\\/\"]}]},{\"@type\":\"ImageObject\",\"inLanguage\":\"en-US\",\"@id\":\"https:\\\/\\\/www.manitese.it\\\/en\\\/ambiente-e-diritti-umani-un-confronto-tra-stakeholder-per-il-business-di-domani\\\/#primaryimage\",\"url\":\"https:\\\/\\\/www.manitese.it\\\/wp-content\\\/uploads\\\/2022\\\/05\\\/conferenza-impresa-2030-mani-tese-1.jpg\",\"contentUrl\":\"https:\\\/\\\/www.manitese.it\\\/wp-content\\\/uploads\\\/2022\\\/05\\\/conferenza-impresa-2030-mani-tese-1.jpg\",\"width\":1920,\"height\":800},{\"@type\":\"BreadcrumbList\",\"@id\":\"https:\\\/\\\/www.manitese.it\\\/en\\\/ambiente-e-diritti-umani-un-confronto-tra-stakeholder-per-il-business-di-domani\\\/#breadcrumb\",\"itemListElement\":[{\"@type\":\"ListItem\",\"position\":1,\"name\":\"Home\",\"item\":\"https:\\\/\\\/www.manitese.it\\\/en\\\/\"},{\"@type\":\"ListItem\",\"position\":2,\"name\":\"Ambiente e diritti umani: un confronto tra stakeholder per il business di domani\"}]},{\"@type\":\"WebSite\",\"@id\":\"https:\\\/\\\/www.manitese.it\\\/en\\\/#website\",\"url\":\"https:\\\/\\\/www.manitese.it\\\/en\\\/\",\"name\":\"Mani Tese\",\"description\":\"\",\"potentialAction\":[{\"@type\":\"SearchAction\",\"target\":{\"@type\":\"EntryPoint\",\"urlTemplate\":\"https:\\\/\\\/www.manitese.it\\\/en\\\/?s={search_term_string}\"},\"query-input\":{\"@type\":\"PropertyValueSpecification\",\"valueRequired\":true,\"valueName\":\"search_term_string\"}}],\"inLanguage\":\"en-US\"},{\"@type\":\"Person\",\"@id\":\"https:\\\/\\\/www.manitese.it\\\/en\\\/#\\\/schema\\\/person\\\/5a9774f17e4940e2510bfeba90f04f65\",\"name\":\"agevis\",\"image\":{\"@type\":\"ImageObject\",\"inLanguage\":\"en-US\",\"@id\":\"https:\\\/\\\/secure.gravatar.com\\\/avatar\\\/2dc96c93fcf3387a5922a93b50fb3bff01d4800590fb6a4ab91a034adb25ba17?s=96&d=mm&r=g\",\"url\":\"https:\\\/\\\/secure.gravatar.com\\\/avatar\\\/2dc96c93fcf3387a5922a93b50fb3bff01d4800590fb6a4ab91a034adb25ba17?s=96&d=mm&r=g\",\"contentUrl\":\"https:\\\/\\\/secure.gravatar.com\\\/avatar\\\/2dc96c93fcf3387a5922a93b50fb3bff01d4800590fb6a4ab91a034adb25ba17?s=96&d=mm&r=g\",\"caption\":\"agevis\"},\"url\":\"https:\\\/\\\/www.manitese.it\\\/en\\\/author\\\/wp_agevis_admin\\\/\"}]}<\/script>\n<!-- \/ Yoast SEO plugin. -->","yoast_head_json":{"title":"Ambiente e diritti umani: un confronto tra stakeholder per il business di domani - Mani Tese","description":"Il 10 maggio presso l'Universit\u00e0 degli Studi di Milano si terr\u00e0 un incontro pubblico sulla direttiva che mira a imporre alle imprese il rispetto dell'ambiente e dei diritti umani.","robots":{"index":"index","follow":"follow","max-snippet":"max-snippet:-1","max-image-preview":"max-image-preview:large","max-video-preview":"max-video-preview:-1"},"canonical":"https:\/\/www.manitese.it\/en\/ambiente-e-diritti-umani-un-confronto-tra-stakeholder-per-il-business-di-domani\/","og_locale":"en_US","og_type":"article","og_title":"Ambiente e diritti umani: un confronto tra stakeholder per il business di domani - Mani Tese","og_description":"Il 10 maggio presso l'Universit\u00e0 degli Studi di Milano si terr\u00e0 un incontro pubblico sulla direttiva che mira a imporre alle imprese il rispetto dell'ambiente e dei diritti umani.","og_url":"https:\/\/www.manitese.it\/en\/ambiente-e-diritti-umani-un-confronto-tra-stakeholder-per-il-business-di-domani\/","og_site_name":"Mani Tese","article_published_time":"2022-05-02T11:13:52+00:00","article_modified_time":"2023-07-21T12:39:47+00:00","og_image":[{"width":1920,"height":800,"url":"https:\/\/www.manitese.it\/wp-content\/uploads\/2022\/05\/conferenza-impresa-2030-mani-tese-1.jpg","type":"image\/jpeg"}],"author":"agevis","twitter_card":"summary_large_image","twitter_misc":{"Written by":"agevis","Est. reading time":"2 minutes"},"schema":{"@context":"https:\/\/schema.org","@graph":[{"@type":"Article","@id":"https:\/\/www.manitese.it\/en\/ambiente-e-diritti-umani-un-confronto-tra-stakeholder-per-il-business-di-domani\/#article","isPartOf":{"@id":"https:\/\/www.manitese.it\/en\/ambiente-e-diritti-umani-un-confronto-tra-stakeholder-per-il-business-di-domani\/"},"author":{"name":"agevis","@id":"https:\/\/www.manitese.it\/en\/#\/schema\/person\/5a9774f17e4940e2510bfeba90f04f65"},"headline":"Ambiente e diritti umani: un confronto tra stakeholder per il business di domani","datePublished":"2022-05-02T11:13:52+00:00","dateModified":"2023-07-21T12:39:47+00:00","mainEntityOfPage":{"@id":"https:\/\/www.manitese.it\/en\/ambiente-e-diritti-umani-un-confronto-tra-stakeholder-per-il-business-di-domani\/"},"wordCount":362,"commentCount":0,"image":{"@id":"https:\/\/www.manitese.it\/en\/ambiente-e-diritti-umani-un-confronto-tra-stakeholder-per-il-business-di-domani\/#primaryimage"},"thumbnailUrl":"https:\/\/www.manitese.it\/wp-content\/uploads\/2022\/05\/conferenza-impresa-2030-mani-tese-1.jpg","articleSection":["Eventi"],"inLanguage":"en-US","potentialAction":[{"@type":"CommentAction","name":"Comment","target":["https:\/\/www.manitese.it\/en\/ambiente-e-diritti-umani-un-confronto-tra-stakeholder-per-il-business-di-domani\/#respond"]}]},{"@type":"WebPage","@id":"https:\/\/www.manitese.it\/en\/ambiente-e-diritti-umani-un-confronto-tra-stakeholder-per-il-business-di-domani\/","url":"https:\/\/www.manitese.it\/en\/ambiente-e-diritti-umani-un-confronto-tra-stakeholder-per-il-business-di-domani\/","name":"Ambiente e diritti umani: un confronto tra stakeholder per il business di domani - Mani Tese","isPartOf":{"@id":"https:\/\/www.manitese.it\/en\/#website"},"primaryImageOfPage":{"@id":"https:\/\/www.manitese.it\/en\/ambiente-e-diritti-umani-un-confronto-tra-stakeholder-per-il-business-di-domani\/#primaryimage"},"image":{"@id":"https:\/\/www.manitese.it\/en\/ambiente-e-diritti-umani-un-confronto-tra-stakeholder-per-il-business-di-domani\/#primaryimage"},"thumbnailUrl":"https:\/\/www.manitese.it\/wp-content\/uploads\/2022\/05\/conferenza-impresa-2030-mani-tese-1.jpg","datePublished":"2022-05-02T11:13:52+00:00","dateModified":"2023-07-21T12:39:47+00:00","author":{"@id":"https:\/\/www.manitese.it\/en\/#\/schema\/person\/5a9774f17e4940e2510bfeba90f04f65"},"description":"Il 10 maggio presso l'Universit\u00e0 degli Studi di Milano si terr\u00e0 un incontro pubblico sulla direttiva che mira a imporre alle imprese il rispetto dell'ambiente e dei diritti umani.","breadcrumb":{"@id":"https:\/\/www.manitese.it\/en\/ambiente-e-diritti-umani-un-confronto-tra-stakeholder-per-il-business-di-domani\/#breadcrumb"},"inLanguage":"en-US","potentialAction":[{"@type":"ReadAction","target":["https:\/\/www.manitese.it\/en\/ambiente-e-diritti-umani-un-confronto-tra-stakeholder-per-il-business-di-domani\/"]}]},{"@type":"ImageObject","inLanguage":"en-US","@id":"https:\/\/www.manitese.it\/en\/ambiente-e-diritti-umani-un-confronto-tra-stakeholder-per-il-business-di-domani\/#primaryimage","url":"https:\/\/www.manitese.it\/wp-content\/uploads\/2022\/05\/conferenza-impresa-2030-mani-tese-1.jpg","contentUrl":"https:\/\/www.manitese.it\/wp-content\/uploads\/2022\/05\/conferenza-impresa-2030-mani-tese-1.jpg","width":1920,"height":800},{"@type":"BreadcrumbList","@id":"https:\/\/www.manitese.it\/en\/ambiente-e-diritti-umani-un-confronto-tra-stakeholder-per-il-business-di-domani\/#breadcrumb","itemListElement":[{"@type":"ListItem","position":1,"name":"Home","item":"https:\/\/www.manitese.it\/en\/"},{"@type":"ListItem","position":2,"name":"Ambiente e diritti umani: un confronto tra stakeholder per il business di domani"}]},{"@type":"WebSite","@id":"https:\/\/www.manitese.it\/en\/#website","url":"https:\/\/www.manitese.it\/en\/","name":"Mani Tese","description":"","potentialAction":[{"@type":"SearchAction","target":{"@type":"EntryPoint","urlTemplate":"https:\/\/www.manitese.it\/en\/?s={search_term_string}"},"query-input":{"@type":"PropertyValueSpecification","valueRequired":true,"valueName":"search_term_string"}}],"inLanguage":"en-US"},{"@type":"Person","@id":"https:\/\/www.manitese.it\/en\/#\/schema\/person\/5a9774f17e4940e2510bfeba90f04f65","name":"agevis","image":{"@type":"ImageObject","inLanguage":"en-US","@id":"https:\/\/secure.gravatar.com\/avatar\/2dc96c93fcf3387a5922a93b50fb3bff01d4800590fb6a4ab91a034adb25ba17?s=96&d=mm&r=g","url":"https:\/\/secure.gravatar.com\/avatar\/2dc96c93fcf3387a5922a93b50fb3bff01d4800590fb6a4ab91a034adb25ba17?s=96&d=mm&r=g","contentUrl":"https:\/\/secure.gravatar.com\/avatar\/2dc96c93fcf3387a5922a93b50fb3bff01d4800590fb6a4ab91a034adb25ba17?s=96&d=mm&r=g","caption":"agevis"},"url":"https:\/\/www.manitese.it\/en\/author\/wp_agevis_admin\/"}]}},"jetpack_featured_media_url":"https:\/\/www.manitese.it\/wp-content\/uploads\/2022\/05\/conferenza-impresa-2030-mani-tese-1.jpg","jetpack_sharing_enabled":true,"_links":{"self":[{"href":"https:\/\/www.manitese.it\/en\/wp-json\/wp\/v2\/posts\/92506","targetHints":{"allow":["GET"]}}],"collection":[{"href":"https:\/\/www.manitese.it\/en\/wp-json\/wp\/v2\/posts"}],"about":[{"href":"https:\/\/www.manitese.it\/en\/wp-json\/wp\/v2\/types\/post"}],"author":[{"embeddable":true,"href":"https:\/\/www.manitese.it\/en\/wp-json\/wp\/v2\/users\/1"}],"replies":[{"embeddable":true,"href":"https:\/\/www.manitese.it\/en\/wp-json\/wp\/v2\/comments?post=92506"}],"version-history":[{"count":2,"href":"https:\/\/www.manitese.it\/en\/wp-json\/wp\/v2\/posts\/92506\/revisions"}],"predecessor-version":[{"id":177882,"href":"https:\/\/www.manitese.it\/en\/wp-json\/wp\/v2\/posts\/92506\/revisions\/177882"}],"wp:featuredmedia":[{"embeddable":true,"href":"https:\/\/www.manitese.it\/en\/wp-json\/wp\/v2\/media\/92509"}],"wp:attachment":[{"href":"https:\/\/www.manitese.it\/en\/wp-json\/wp\/v2\/media?parent=92506"}],"wp:term":[{"taxonomy":"category","embeddable":true,"href":"https:\/\/www.manitese.it\/en\/wp-json\/wp\/v2\/categories?post=92506"},{"taxonomy":"post_tag","embeddable":true,"href":"https:\/\/www.manitese.it\/en\/wp-json\/wp\/v2\/tags?post=92506"},{"taxonomy":"thematic_area","embeddable":true,"href":"https:\/\/www.manitese.it\/en\/wp-json\/wp\/v2\/thematic_area?post=92506"}],"curies":[{"name":"wp","href":"https:\/\/api.w.org\/{rel}","templated":true}]}}