{"id":92077,"date":"2022-04-20T09:43:42","date_gmt":"2022-04-20T07:43:42","guid":{"rendered":"https:\/\/manitese.it\/?p=92077"},"modified":"2023-07-21T14:32:12","modified_gmt":"2023-07-21T12:32:12","slug":"mozambico-piantiamo-alberi-nella-giornata-delle-foreste","status":"publish","type":"post","link":"https:\/\/www.manitese.it\/en\/mozambico-piantiamo-alberi-nella-giornata-delle-foreste\/","title":{"rendered":"Mozambico, piantiamo alberi nella giornata internazionale delle foreste"},"content":{"rendered":"\n<p>Nella citt\u00e0 di <strong>Quelimane<\/strong> (Mozambico) siamo attivi con un nuovo\nprogetto per <strong>promuovere la sostenibilit\u00e0 ambientale e combattere i\ncambiamenti climatici<\/strong>.<\/p>\n\n\n\n<p>In occasione della <strong>Giornata Internazionale delle Foreste<\/strong>, il 21\nmarzo, \u00e8 stata quindi svolta un\u2019attivit\u00e0 di <strong>piantumazione di alberi<\/strong> per\naumentare il verde urbano e sensibilizzare la cittadinanza.<\/p>\n\n\n\n<p>Nella giornata <strong>sono state coinvolte 40 persone<\/strong>, tra cui il coordinatore di progetto di Mani Tese, il direttore del vivaio municipale e lo staff tecnico del consiglio comunale, l&#8217;associazione Access, rappresentanti dei quartieri della citt\u00e0, giovani attivisti e attiviste e semplici cittadini e cittadine.<\/p>\n\n\n\n<p>L\u2019attivit\u00e0 \u00e8 cominciata la mattina presto, alle 7 e mezza, presso il vivaio\ncomunale dove \u00e8 stata effettuata <strong>la selezione delle piantine <\/strong>tenendo\nconto della loro et\u00e0 e del loro stato fitosanitario. Per la precisione, <strong>sono state identificate 432\npiantine di acacia<\/strong> di due specie ovvero l&#8217;acacia rossa e l&#8217;acacia albizia (o\nacacia di Costantinopoli).<\/p>\n\n\n\n<p>Le piantine sono state quindi caricate su un mezzo di Mani Tese e ci si \u00e8\nrecati tutti e tutte in Avenida 25 de Junho a Quelimane per eseguire la\npiantumazione.<\/p>\n\n\n\n<p>I\/le partecipanti si sono divisi in gruppi e un primo gruppo di persone si occupava di fare delle piccole buche, un secondo gruppo effettuava la piantumazione, mentre un terzo gruppo posizionava dei piccoli recinti protettivi per ridurre il rischio di danni alla piantine.<\/p>\n\n\n\n<p>L&#8217;attivit\u00e0 \u00e8 durata circa 2 ore ed \u00e8 stato oggetto del rimboschimento pi\u00f9 di 1 km di strada. I\/le partecipanti, soddisfatti del lavoro, sono poi tornati\/e al vivaio comunale per un momento di riflessione e un rinfresco.<\/p>\n\n\n\n<p>L\u2019attivit\u00e0 rientra nell\u2019ambito del <strong>progetto Wona<\/strong>, svolto in collaborazione con <strong>Fondazione E-35<\/strong>,<strong> Municipio di Quelimane <\/strong>e<strong> UPC-Z (Unione Provinciale dei Contadini della Zambezia) <\/strong>e cofinanziato da<strong> <a rel=\"noreferrer noopener\" aria-label=\"Regione Emilia-Romagna (apre in una nuova scheda)\" href=\"https:\/\/www.regione.emilia-romagna.it\/\" target=\"_blank\">Regione Emilia-Romagna<\/a> <\/strong>e<strong> <a rel=\"noreferrer noopener\" aria-label=\"Fondazione E-35 (apre in una nuova scheda)\" href=\"https:\/\/e-35.it\/it\/home\/\" target=\"_blank\">Fondazione E-35<\/a><\/strong>.<\/p>\n\n\n\n<p>Qui di seguito alcune foto della giornata.<\/p>\n\n\n\n<div class=\"wp-block-image\"><figure class=\"aligncenter size-large\"><a href=\"https:\/\/manitese.it\/wp-content\/uploads\/2022\/04\/mozambico-giornata-foreste-mani-tese-2022-1.jpg\"><img decoding=\"async\" src=\"https:\/\/manitese.it\/wp-content\/uploads\/2022\/04\/mozambico-giornata-foreste-mani-tese-2022-1-1024x768.jpg\" alt=\"\" class=\"wp-image-92085\"\/><\/a><\/figure><\/div>\n\n\n\n<div class=\"wp-block-responsive-lightbox-gallery\">[rl_gallery id=&#8221;92114&#8243;]<\/div>\n\n\n\n<div class=\"wp-block-image\"><figure class=\"aligncenter size-large\"><a href=\"https:\/\/manitese.it\/wp-content\/uploads\/2022\/04\/mozambico-giornata-foreste-mani-tese-2022-14.jpg\"><img decoding=\"async\" src=\"https:\/\/manitese.it\/wp-content\/uploads\/2022\/04\/mozambico-giornata-foreste-mani-tese-2022-14-1024x768.jpg\" alt=\"\" class=\"wp-image-92111\"\/><\/a><\/figure><\/div>\n","protected":false},"excerpt":{"rendered":"<p>Nell\u2019ambito del progetto Wona in Mozambico, nella citt\u00e0 di Quelimane sono state piantate 432 piantine di acacia per aumentare il verde urbano.<\/p>\n","protected":false},"author":1,"featured_media":92083,"comment_status":"open","ping_status":"open","sticky":false,"template":"","format":"standard","meta":{"_acf_changed":false,"give_campaign_id":0,"inline_featured_image":false,"_jetpack_memberships_contains_paid_content":false,"footnotes":""},"categories":[3],"tags":[],"thematic_area":[],"class_list":["post-92077","post","type-post","status-publish","format-standard","has-post-thumbnail","hentry","category-diari"],"acf":[],"yoast_head":"<!-- This site is optimized with the Yoast SEO plugin v27.5 - https:\/\/yoast.com\/product\/yoast-seo-wordpress\/ -->\n<title>Mozambico, piantiamo alberi nella giornata internazionale delle foreste - Mani Tese<\/title>\n<meta name=\"description\" content=\"Nell\u2019ambito del progetto Wona in Mozambico, nella citt\u00e0 di Quelimane sono state piantate 432 piantine di acacia per aumentare il verde urbano.\" \/>\n<meta name=\"robots\" content=\"index, follow, max-snippet:-1, max-image-preview:large, max-video-preview:-1\" \/>\n<link rel=\"canonical\" href=\"https:\/\/www.manitese.it\/en\/mozambico-piantiamo-alberi-nella-giornata-delle-foreste\/\" \/>\n<meta property=\"og:locale\" content=\"en_US\" \/>\n<meta property=\"og:type\" content=\"article\" \/>\n<meta property=\"og:title\" content=\"Mozambico, piantiamo alberi nella giornata internazionale delle foreste - Mani Tese\" \/>\n<meta property=\"og:description\" content=\"Nell\u2019ambito del progetto Wona in Mozambico, nella citt\u00e0 di Quelimane sono state piantate 432 piantine di acacia per aumentare il verde urbano.\" \/>\n<meta property=\"og:url\" content=\"https:\/\/www.manitese.it\/en\/mozambico-piantiamo-alberi-nella-giornata-delle-foreste\/\" \/>\n<meta property=\"og:site_name\" content=\"Mani Tese\" \/>\n<meta property=\"article:published_time\" content=\"2022-04-20T07:43:42+00:00\" \/>\n<meta property=\"article:modified_time\" content=\"2023-07-21T12:32:12+00:00\" \/>\n<meta property=\"og:image\" content=\"https:\/\/www.manitese.it\/wp-content\/uploads\/2022\/04\/mozambico-giornata-foreste-mani-tese-2022-15.jpg\" \/>\n\t<meta property=\"og:image:width\" content=\"1920\" \/>\n\t<meta property=\"og:image:height\" content=\"800\" \/>\n\t<meta property=\"og:image:type\" content=\"image\/jpeg\" \/>\n<meta name=\"author\" content=\"agevis\" \/>\n<meta name=\"twitter:card\" content=\"summary_large_image\" \/>\n<meta name=\"twitter:label1\" content=\"Written by\" \/>\n\t<meta name=\"twitter:data1\" content=\"agevis\" \/>\n\t<meta name=\"twitter:label2\" content=\"Est. reading time\" \/>\n\t<meta name=\"twitter:data2\" content=\"1 minute\" \/>\n<script type=\"application\/ld+json\" class=\"yoast-schema-graph\">{\"@context\":\"https:\\\/\\\/schema.org\",\"@graph\":[{\"@type\":\"Article\",\"@id\":\"https:\\\/\\\/www.manitese.it\\\/en\\\/mozambico-piantiamo-alberi-nella-giornata-delle-foreste\\\/#article\",\"isPartOf\":{\"@id\":\"https:\\\/\\\/www.manitese.it\\\/en\\\/mozambico-piantiamo-alberi-nella-giornata-delle-foreste\\\/\"},\"author\":{\"name\":\"agevis\",\"@id\":\"https:\\\/\\\/www.manitese.it\\\/en\\\/#\\\/schema\\\/person\\\/5a9774f17e4940e2510bfeba90f04f65\"},\"headline\":\"Mozambico, piantiamo alberi nella giornata internazionale delle foreste\",\"datePublished\":\"2022-04-20T07:43:42+00:00\",\"dateModified\":\"2023-07-21T12:32:12+00:00\",\"mainEntityOfPage\":{\"@id\":\"https:\\\/\\\/www.manitese.it\\\/en\\\/mozambico-piantiamo-alberi-nella-giornata-delle-foreste\\\/\"},\"wordCount\":306,\"commentCount\":0,\"image\":{\"@id\":\"https:\\\/\\\/www.manitese.it\\\/en\\\/mozambico-piantiamo-alberi-nella-giornata-delle-foreste\\\/#primaryimage\"},\"thumbnailUrl\":\"https:\\\/\\\/www.manitese.it\\\/wp-content\\\/uploads\\\/2022\\\/04\\\/mozambico-giornata-foreste-mani-tese-2022-15.jpg\",\"articleSection\":[\"Diari\"],\"inLanguage\":\"en-US\",\"potentialAction\":[{\"@type\":\"CommentAction\",\"name\":\"Comment\",\"target\":[\"https:\\\/\\\/www.manitese.it\\\/en\\\/mozambico-piantiamo-alberi-nella-giornata-delle-foreste\\\/#respond\"]}]},{\"@type\":\"WebPage\",\"@id\":\"https:\\\/\\\/www.manitese.it\\\/en\\\/mozambico-piantiamo-alberi-nella-giornata-delle-foreste\\\/\",\"url\":\"https:\\\/\\\/www.manitese.it\\\/en\\\/mozambico-piantiamo-alberi-nella-giornata-delle-foreste\\\/\",\"name\":\"Mozambico, piantiamo alberi nella giornata internazionale delle foreste - Mani Tese\",\"isPartOf\":{\"@id\":\"https:\\\/\\\/www.manitese.it\\\/en\\\/#website\"},\"primaryImageOfPage\":{\"@id\":\"https:\\\/\\\/www.manitese.it\\\/en\\\/mozambico-piantiamo-alberi-nella-giornata-delle-foreste\\\/#primaryimage\"},\"image\":{\"@id\":\"https:\\\/\\\/www.manitese.it\\\/en\\\/mozambico-piantiamo-alberi-nella-giornata-delle-foreste\\\/#primaryimage\"},\"thumbnailUrl\":\"https:\\\/\\\/www.manitese.it\\\/wp-content\\\/uploads\\\/2022\\\/04\\\/mozambico-giornata-foreste-mani-tese-2022-15.jpg\",\"datePublished\":\"2022-04-20T07:43:42+00:00\",\"dateModified\":\"2023-07-21T12:32:12+00:00\",\"author\":{\"@id\":\"https:\\\/\\\/www.manitese.it\\\/en\\\/#\\\/schema\\\/person\\\/5a9774f17e4940e2510bfeba90f04f65\"},\"description\":\"Nell\u2019ambito del progetto Wona in Mozambico, nella citt\u00e0 di Quelimane sono state piantate 432 piantine di acacia per aumentare il verde urbano.\",\"breadcrumb\":{\"@id\":\"https:\\\/\\\/www.manitese.it\\\/en\\\/mozambico-piantiamo-alberi-nella-giornata-delle-foreste\\\/#breadcrumb\"},\"inLanguage\":\"en-US\",\"potentialAction\":[{\"@type\":\"ReadAction\",\"target\":[\"https:\\\/\\\/www.manitese.it\\\/en\\\/mozambico-piantiamo-alberi-nella-giornata-delle-foreste\\\/\"]}]},{\"@type\":\"ImageObject\",\"inLanguage\":\"en-US\",\"@id\":\"https:\\\/\\\/www.manitese.it\\\/en\\\/mozambico-piantiamo-alberi-nella-giornata-delle-foreste\\\/#primaryimage\",\"url\":\"https:\\\/\\\/www.manitese.it\\\/wp-content\\\/uploads\\\/2022\\\/04\\\/mozambico-giornata-foreste-mani-tese-2022-15.jpg\",\"contentUrl\":\"https:\\\/\\\/www.manitese.it\\\/wp-content\\\/uploads\\\/2022\\\/04\\\/mozambico-giornata-foreste-mani-tese-2022-15.jpg\",\"width\":1920,\"height\":800,\"caption\":\"mozambico giornata foreste mani tese 2022\"},{\"@type\":\"BreadcrumbList\",\"@id\":\"https:\\\/\\\/www.manitese.it\\\/en\\\/mozambico-piantiamo-alberi-nella-giornata-delle-foreste\\\/#breadcrumb\",\"itemListElement\":[{\"@type\":\"ListItem\",\"position\":1,\"name\":\"Home\",\"item\":\"https:\\\/\\\/www.manitese.it\\\/en\\\/\"},{\"@type\":\"ListItem\",\"position\":2,\"name\":\"Mozambico, piantiamo alberi nella giornata internazionale delle foreste\"}]},{\"@type\":\"WebSite\",\"@id\":\"https:\\\/\\\/www.manitese.it\\\/en\\\/#website\",\"url\":\"https:\\\/\\\/www.manitese.it\\\/en\\\/\",\"name\":\"Mani Tese\",\"description\":\"\",\"potentialAction\":[{\"@type\":\"SearchAction\",\"target\":{\"@type\":\"EntryPoint\",\"urlTemplate\":\"https:\\\/\\\/www.manitese.it\\\/en\\\/?s={search_term_string}\"},\"query-input\":{\"@type\":\"PropertyValueSpecification\",\"valueRequired\":true,\"valueName\":\"search_term_string\"}}],\"inLanguage\":\"en-US\"},{\"@type\":\"Person\",\"@id\":\"https:\\\/\\\/www.manitese.it\\\/en\\\/#\\\/schema\\\/person\\\/5a9774f17e4940e2510bfeba90f04f65\",\"name\":\"agevis\",\"image\":{\"@type\":\"ImageObject\",\"inLanguage\":\"en-US\",\"@id\":\"https:\\\/\\\/secure.gravatar.com\\\/avatar\\\/2dc96c93fcf3387a5922a93b50fb3bff01d4800590fb6a4ab91a034adb25ba17?s=96&d=mm&r=g\",\"url\":\"https:\\\/\\\/secure.gravatar.com\\\/avatar\\\/2dc96c93fcf3387a5922a93b50fb3bff01d4800590fb6a4ab91a034adb25ba17?s=96&d=mm&r=g\",\"contentUrl\":\"https:\\\/\\\/secure.gravatar.com\\\/avatar\\\/2dc96c93fcf3387a5922a93b50fb3bff01d4800590fb6a4ab91a034adb25ba17?s=96&d=mm&r=g\",\"caption\":\"agevis\"},\"url\":\"https:\\\/\\\/www.manitese.it\\\/en\\\/author\\\/wp_agevis_admin\\\/\"}]}<\/script>\n<!-- \/ Yoast SEO plugin. -->","yoast_head_json":{"title":"Mozambico, piantiamo alberi nella giornata internazionale delle foreste - Mani Tese","description":"Nell\u2019ambito del progetto Wona in Mozambico, nella citt\u00e0 di Quelimane sono state piantate 432 piantine di acacia per aumentare il verde urbano.","robots":{"index":"index","follow":"follow","max-snippet":"max-snippet:-1","max-image-preview":"max-image-preview:large","max-video-preview":"max-video-preview:-1"},"canonical":"https:\/\/www.manitese.it\/en\/mozambico-piantiamo-alberi-nella-giornata-delle-foreste\/","og_locale":"en_US","og_type":"article","og_title":"Mozambico, piantiamo alberi nella giornata internazionale delle foreste - Mani Tese","og_description":"Nell\u2019ambito del progetto Wona in Mozambico, nella citt\u00e0 di Quelimane sono state piantate 432 piantine di acacia per aumentare il verde urbano.","og_url":"https:\/\/www.manitese.it\/en\/mozambico-piantiamo-alberi-nella-giornata-delle-foreste\/","og_site_name":"Mani Tese","article_published_time":"2022-04-20T07:43:42+00:00","article_modified_time":"2023-07-21T12:32:12+00:00","og_image":[{"width":1920,"height":800,"url":"https:\/\/www.manitese.it\/wp-content\/uploads\/2022\/04\/mozambico-giornata-foreste-mani-tese-2022-15.jpg","type":"image\/jpeg"}],"author":"agevis","twitter_card":"summary_large_image","twitter_misc":{"Written by":"agevis","Est. reading time":"1 minute"},"schema":{"@context":"https:\/\/schema.org","@graph":[{"@type":"Article","@id":"https:\/\/www.manitese.it\/en\/mozambico-piantiamo-alberi-nella-giornata-delle-foreste\/#article","isPartOf":{"@id":"https:\/\/www.manitese.it\/en\/mozambico-piantiamo-alberi-nella-giornata-delle-foreste\/"},"author":{"name":"agevis","@id":"https:\/\/www.manitese.it\/en\/#\/schema\/person\/5a9774f17e4940e2510bfeba90f04f65"},"headline":"Mozambico, piantiamo alberi nella giornata internazionale delle foreste","datePublished":"2022-04-20T07:43:42+00:00","dateModified":"2023-07-21T12:32:12+00:00","mainEntityOfPage":{"@id":"https:\/\/www.manitese.it\/en\/mozambico-piantiamo-alberi-nella-giornata-delle-foreste\/"},"wordCount":306,"commentCount":0,"image":{"@id":"https:\/\/www.manitese.it\/en\/mozambico-piantiamo-alberi-nella-giornata-delle-foreste\/#primaryimage"},"thumbnailUrl":"https:\/\/www.manitese.it\/wp-content\/uploads\/2022\/04\/mozambico-giornata-foreste-mani-tese-2022-15.jpg","articleSection":["Diari"],"inLanguage":"en-US","potentialAction":[{"@type":"CommentAction","name":"Comment","target":["https:\/\/www.manitese.it\/en\/mozambico-piantiamo-alberi-nella-giornata-delle-foreste\/#respond"]}]},{"@type":"WebPage","@id":"https:\/\/www.manitese.it\/en\/mozambico-piantiamo-alberi-nella-giornata-delle-foreste\/","url":"https:\/\/www.manitese.it\/en\/mozambico-piantiamo-alberi-nella-giornata-delle-foreste\/","name":"Mozambico, piantiamo alberi nella giornata internazionale delle foreste - Mani Tese","isPartOf":{"@id":"https:\/\/www.manitese.it\/en\/#website"},"primaryImageOfPage":{"@id":"https:\/\/www.manitese.it\/en\/mozambico-piantiamo-alberi-nella-giornata-delle-foreste\/#primaryimage"},"image":{"@id":"https:\/\/www.manitese.it\/en\/mozambico-piantiamo-alberi-nella-giornata-delle-foreste\/#primaryimage"},"thumbnailUrl":"https:\/\/www.manitese.it\/wp-content\/uploads\/2022\/04\/mozambico-giornata-foreste-mani-tese-2022-15.jpg","datePublished":"2022-04-20T07:43:42+00:00","dateModified":"2023-07-21T12:32:12+00:00","author":{"@id":"https:\/\/www.manitese.it\/en\/#\/schema\/person\/5a9774f17e4940e2510bfeba90f04f65"},"description":"Nell\u2019ambito del progetto Wona in Mozambico, nella citt\u00e0 di Quelimane sono state piantate 432 piantine di acacia per aumentare il verde urbano.","breadcrumb":{"@id":"https:\/\/www.manitese.it\/en\/mozambico-piantiamo-alberi-nella-giornata-delle-foreste\/#breadcrumb"},"inLanguage":"en-US","potentialAction":[{"@type":"ReadAction","target":["https:\/\/www.manitese.it\/en\/mozambico-piantiamo-alberi-nella-giornata-delle-foreste\/"]}]},{"@type":"ImageObject","inLanguage":"en-US","@id":"https:\/\/www.manitese.it\/en\/mozambico-piantiamo-alberi-nella-giornata-delle-foreste\/#primaryimage","url":"https:\/\/www.manitese.it\/wp-content\/uploads\/2022\/04\/mozambico-giornata-foreste-mani-tese-2022-15.jpg","contentUrl":"https:\/\/www.manitese.it\/wp-content\/uploads\/2022\/04\/mozambico-giornata-foreste-mani-tese-2022-15.jpg","width":1920,"height":800,"caption":"mozambico giornata foreste mani tese 2022"},{"@type":"BreadcrumbList","@id":"https:\/\/www.manitese.it\/en\/mozambico-piantiamo-alberi-nella-giornata-delle-foreste\/#breadcrumb","itemListElement":[{"@type":"ListItem","position":1,"name":"Home","item":"https:\/\/www.manitese.it\/en\/"},{"@type":"ListItem","position":2,"name":"Mozambico, piantiamo alberi nella giornata internazionale delle foreste"}]},{"@type":"WebSite","@id":"https:\/\/www.manitese.it\/en\/#website","url":"https:\/\/www.manitese.it\/en\/","name":"Mani Tese","description":"","potentialAction":[{"@type":"SearchAction","target":{"@type":"EntryPoint","urlTemplate":"https:\/\/www.manitese.it\/en\/?s={search_term_string}"},"query-input":{"@type":"PropertyValueSpecification","valueRequired":true,"valueName":"search_term_string"}}],"inLanguage":"en-US"},{"@type":"Person","@id":"https:\/\/www.manitese.it\/en\/#\/schema\/person\/5a9774f17e4940e2510bfeba90f04f65","name":"agevis","image":{"@type":"ImageObject","inLanguage":"en-US","@id":"https:\/\/secure.gravatar.com\/avatar\/2dc96c93fcf3387a5922a93b50fb3bff01d4800590fb6a4ab91a034adb25ba17?s=96&d=mm&r=g","url":"https:\/\/secure.gravatar.com\/avatar\/2dc96c93fcf3387a5922a93b50fb3bff01d4800590fb6a4ab91a034adb25ba17?s=96&d=mm&r=g","contentUrl":"https:\/\/secure.gravatar.com\/avatar\/2dc96c93fcf3387a5922a93b50fb3bff01d4800590fb6a4ab91a034adb25ba17?s=96&d=mm&r=g","caption":"agevis"},"url":"https:\/\/www.manitese.it\/en\/author\/wp_agevis_admin\/"}]}},"jetpack_featured_media_url":"https:\/\/www.manitese.it\/wp-content\/uploads\/2022\/04\/mozambico-giornata-foreste-mani-tese-2022-15.jpg","jetpack_sharing_enabled":true,"_links":{"self":[{"href":"https:\/\/www.manitese.it\/en\/wp-json\/wp\/v2\/posts\/92077","targetHints":{"allow":["GET"]}}],"collection":[{"href":"https:\/\/www.manitese.it\/en\/wp-json\/wp\/v2\/posts"}],"about":[{"href":"https:\/\/www.manitese.it\/en\/wp-json\/wp\/v2\/types\/post"}],"author":[{"embeddable":true,"href":"https:\/\/www.manitese.it\/en\/wp-json\/wp\/v2\/users\/1"}],"replies":[{"embeddable":true,"href":"https:\/\/www.manitese.it\/en\/wp-json\/wp\/v2\/comments?post=92077"}],"version-history":[{"count":2,"href":"https:\/\/www.manitese.it\/en\/wp-json\/wp\/v2\/posts\/92077\/revisions"}],"predecessor-version":[{"id":177860,"href":"https:\/\/www.manitese.it\/en\/wp-json\/wp\/v2\/posts\/92077\/revisions\/177860"}],"wp:featuredmedia":[{"embeddable":true,"href":"https:\/\/www.manitese.it\/en\/wp-json\/wp\/v2\/media\/92083"}],"wp:attachment":[{"href":"https:\/\/www.manitese.it\/en\/wp-json\/wp\/v2\/media?parent=92077"}],"wp:term":[{"taxonomy":"category","embeddable":true,"href":"https:\/\/www.manitese.it\/en\/wp-json\/wp\/v2\/categories?post=92077"},{"taxonomy":"post_tag","embeddable":true,"href":"https:\/\/www.manitese.it\/en\/wp-json\/wp\/v2\/tags?post=92077"},{"taxonomy":"thematic_area","embeddable":true,"href":"https:\/\/www.manitese.it\/en\/wp-json\/wp\/v2\/thematic_area?post=92077"}],"curies":[{"name":"wp","href":"https:\/\/api.w.org\/{rel}","templated":true}]}}