{"id":91957,"date":"2022-04-14T11:27:43","date_gmt":"2022-04-14T09:27:43","guid":{"rendered":"https:\/\/manitese.it\/?p=91957"},"modified":"2023-07-21T14:22:55","modified_gmt":"2023-07-21T12:22:55","slug":"la-pace-non-si-costruisce-con-le-armi","status":"publish","type":"post","link":"https:\/\/www.manitese.it\/en\/la-pace-non-si-costruisce-con-le-armi\/","title":{"rendered":"La pace non si costruisce con le armi"},"content":{"rendered":"\n<p>Sono passate settimane dall\u2019inizio del conflitto in Ucraina. Come in Jugoslavia, in Iraq, in Siria, in Burkina Faso, la follia della guerra ha orizzonti infiniti e impatti devastanti sulle popolazioni civili generando morti, feriti e milioni di profughi. <strong>Questa \u00e8 una guerra che dobbiamo affrontare senza ipocrisie<\/strong>.<\/p>\n\n\n\n<p>Come molti oggi sentiamo che <strong>pi\u00f9 forte si deve alzare la voce contro questa guerra e contro tutte le guerre<\/strong>, dovunque scoppino, qualunque sia la loro forma e qualsiasi il nome che viene dato loro. <strong>Ci opporremo sempre a chi<\/strong> <strong>la guerra la desidera, la fomenta o la prepara<\/strong>.<\/p>\n\n\n\n<p><strong>Contestiamo la scelta del governo italiano di inviare armi in Ucraina <\/strong>a pochi giorni dall\u2019invasione russa, privandosi subito della possibilit\u00e0 di agire un negoziato. <strong>Riteniamo scellerata la scelta di aumentare le spese militari fino al 2%<\/strong> <strong>del PIL<\/strong>, cos\u00ec come richiesto dalla NATO, <strong>denunciamo la militarizzazione dei nostri territori <\/strong>e <strong>rilanciamo la necessit\u00e0<\/strong> <strong>di adottare, di nuovo dopo 40 anni, l\u2019obiezione di coscienza alla spese militari<\/strong>. Ci sembra incredibile che ancora si possa scegliere di perseverare in politiche di guerra, distruttive delle persone, dei popoli, del pianeta. Lo dice la storia e lo sanno anche i bambini: <strong>la Pace non si costruisce con le armi. La Pace si costruisce con la cultura del<\/strong> <strong>rispetto dell\u2019altro, con la cooperazione e con la promozione di stili di vita responsabili per l\u2019ambiente e per la<\/strong> <strong>giustizia. La Pace \u00e8 per tutti o non \u00e8 per nessuno<\/strong>.<\/p>\n\n\n\n<p>A fianco di tante realt\u00e0 locali, Mani Tese, con i suoi gruppi, associazioni e cooperative, si \u00e8 subito attivata per gli aiuti ai rifugiati e i presidi territoriali. Sosteniamo le realt\u00e0 locali che organizzano l\u2019accoglienza della popolazione ucraina in fuga dalla guerra, cos\u00ec come abbiamo sempre fatto e continueremo a fare per chi arriva da ogni parte del mondo. <strong>Anche per chi fugge dalle guerre combattute con armi diverse: quelle della povert\u00e0 e della schiavit\u00f9, dello<\/strong> <strong>sfruttamento e dell\u2019accaparramento delle risorse, armi altrettanto mortali e distruttive che minacciano la<\/strong> <strong>sopravvivenza e la capacit\u00e0 di futuro delle popolazioni che affianchiamo attraverso i progetti di cooperazione<\/strong> <strong>internazionale. <\/strong>Per questo promuoviamo il diritto all\u2019accoglienza di tutti i profughi e ci opponiamo all\u2019ottica razzista che applica i distinguo alle medesime sofferenze umane.<\/p>\n\n\n\n<p>Siamo vicini al popolo russo, prossima vittima di questa assurda guerra e in particolare ai russi che si oppongono alla guerra e che per questo sono perseguitati. In questo periodo cos\u00ec difficile continueremo il nostro impegno di giustizia anche promuovendo l\u2019impegno di non finanziare tutte quelle realt\u00e0 coinvolte nella produzione e commercializzazione di armi.<\/p>\n\n\n\n<p><strong>Cosa stiamo facendo e cosa possiamo fare come donne e uomini di pace? <\/strong>Come facciamo a non essere immobili davanti a questa ennesima strage e davanti a questa sconfitta umana? Da parte nostra, non possiamo che continuare a portare avanti il nostro impegno, che \u00e8 iniziato ormai quasi sessant\u2019anni fa.<\/p>\n\n\n\n<p>Attraverso i progetti di sviluppo sostenibile, l\u2019educazione alla cittadinanza globale, i percorsi di inclusione e di contrasto alle ingiustizie sociali e ambientali, la promozione del servizio civile universale, l\u2019apertura di spazi di socialit\u00e0 e di educazione alla pace e l\u2019impegno a sviluppare un&#8217;economia solidale lottiamo ogni giorno per costruire un mondo pi\u00f9 giusto. <strong>Il nostro lavoro in Africa, in Asia, in America Latina e nei tanti territori italiani in cui<\/strong> <strong>operiamo, \u00e8 un\u2019azione concreta per contrastare i meccanismi che sono alla base di ogni guerra<\/strong>.<\/p>\n\n\n\n<p>Forte di questo impegno che condivide con moltissimi volontari e sostenitori, <strong>Mani Tese aderisce alla Marcia della<\/strong> <strong>Pace Perugia-Assisi straordinaria del 24 aprile 2022, per riaffermare insieme a tutti gli operatori di pace e di<\/strong> <strong>giustizia il Diritto alla Pace, cos\u00ec semplice e oggi cos\u00ec lontano<\/strong>.<\/p>\n","protected":false},"excerpt":{"rendered":"<p>La pace \u00e8 per tutti o non \u00e8 per nessuno e si costruisce con la cultura del rispetto dell\u2019altro, la cooperazione e la promozione di stili di vita responsabili per l&#8217;ambiente e la giustizia. La nostra adesione alla Marcia della Pace Perugia-Assisi del 24 aprile.<\/p>\n","protected":false},"author":1,"featured_media":91958,"comment_status":"open","ping_status":"open","sticky":false,"template":"","format":"standard","meta":{"_acf_changed":false,"give_campaign_id":0,"inline_featured_image":false,"_jetpack_memberships_contains_paid_content":false,"footnotes":""},"categories":[5],"tags":[],"thematic_area":[],"class_list":["post-91957","post","type-post","status-publish","format-standard","has-post-thumbnail","hentry","category-attualita"],"acf":[],"yoast_head":"<!-- This site is optimized with the Yoast SEO plugin v27.5 - https:\/\/yoast.com\/product\/yoast-seo-wordpress\/ -->\n<title>La pace non si costruisce con le armi - Mani Tese<\/title>\n<meta name=\"description\" content=\"La pace \u00e8 per tutti o non \u00e8 per nessuno e si costruisce con la cultura del rispetto dell\u2019altro, la cooperazione e la promozione di stili di vita responsabili per l&#039;ambiente e la giustizia. La nostra adesione alla Marcia della Pace Perugia-Assisi del 24 aprile.\" \/>\n<meta name=\"robots\" content=\"index, follow, max-snippet:-1, max-image-preview:large, max-video-preview:-1\" \/>\n<link rel=\"canonical\" href=\"https:\/\/www.manitese.it\/en\/la-pace-non-si-costruisce-con-le-armi\/\" \/>\n<meta property=\"og:locale\" content=\"en_US\" \/>\n<meta property=\"og:type\" content=\"article\" \/>\n<meta property=\"og:title\" content=\"La pace non si costruisce con le armi - Mani Tese\" \/>\n<meta property=\"og:description\" content=\"La pace \u00e8 per tutti o non \u00e8 per nessuno e si costruisce con la cultura del rispetto dell\u2019altro, la cooperazione e la promozione di stili di vita responsabili per l&#039;ambiente e la giustizia. La nostra adesione alla Marcia della Pace Perugia-Assisi del 24 aprile.\" \/>\n<meta property=\"og:url\" content=\"https:\/\/www.manitese.it\/en\/la-pace-non-si-costruisce-con-le-armi\/\" \/>\n<meta property=\"og:site_name\" content=\"Mani Tese\" \/>\n<meta property=\"article:published_time\" content=\"2022-04-14T09:27:43+00:00\" \/>\n<meta property=\"article:modified_time\" content=\"2023-07-21T12:22:55+00:00\" \/>\n<meta property=\"og:image\" content=\"https:\/\/www.manitese.it\/wp-content\/uploads\/2022\/04\/la-pace-non-si-costruisce-con-le-armi-mani-tese-2022-1.jpg\" \/>\n\t<meta property=\"og:image:width\" content=\"1920\" \/>\n\t<meta property=\"og:image:height\" content=\"800\" \/>\n\t<meta property=\"og:image:type\" content=\"image\/jpeg\" \/>\n<meta name=\"author\" content=\"agevis\" \/>\n<meta name=\"twitter:card\" content=\"summary_large_image\" \/>\n<meta name=\"twitter:label1\" content=\"Written by\" \/>\n\t<meta name=\"twitter:data1\" content=\"agevis\" \/>\n\t<meta name=\"twitter:label2\" content=\"Est. reading time\" \/>\n\t<meta name=\"twitter:data2\" content=\"3 minutes\" \/>\n<script type=\"application\/ld+json\" class=\"yoast-schema-graph\">{\"@context\":\"https:\\\/\\\/schema.org\",\"@graph\":[{\"@type\":\"Article\",\"@id\":\"https:\\\/\\\/www.manitese.it\\\/en\\\/la-pace-non-si-costruisce-con-le-armi\\\/#article\",\"isPartOf\":{\"@id\":\"https:\\\/\\\/www.manitese.it\\\/en\\\/la-pace-non-si-costruisce-con-le-armi\\\/\"},\"author\":{\"name\":\"agevis\",\"@id\":\"https:\\\/\\\/www.manitese.it\\\/en\\\/#\\\/schema\\\/person\\\/5a9774f17e4940e2510bfeba90f04f65\"},\"headline\":\"La pace non si costruisce con le armi\",\"datePublished\":\"2022-04-14T09:27:43+00:00\",\"dateModified\":\"2023-07-21T12:22:55+00:00\",\"mainEntityOfPage\":{\"@id\":\"https:\\\/\\\/www.manitese.it\\\/en\\\/la-pace-non-si-costruisce-con-le-armi\\\/\"},\"wordCount\":616,\"commentCount\":0,\"image\":{\"@id\":\"https:\\\/\\\/www.manitese.it\\\/en\\\/la-pace-non-si-costruisce-con-le-armi\\\/#primaryimage\"},\"thumbnailUrl\":\"https:\\\/\\\/www.manitese.it\\\/wp-content\\\/uploads\\\/2022\\\/04\\\/la-pace-non-si-costruisce-con-le-armi-mani-tese-2022-1.jpg\",\"articleSection\":[\"Attualit\u00e0\"],\"inLanguage\":\"en-US\",\"potentialAction\":[{\"@type\":\"CommentAction\",\"name\":\"Comment\",\"target\":[\"https:\\\/\\\/www.manitese.it\\\/en\\\/la-pace-non-si-costruisce-con-le-armi\\\/#respond\"]}]},{\"@type\":\"WebPage\",\"@id\":\"https:\\\/\\\/www.manitese.it\\\/en\\\/la-pace-non-si-costruisce-con-le-armi\\\/\",\"url\":\"https:\\\/\\\/www.manitese.it\\\/en\\\/la-pace-non-si-costruisce-con-le-armi\\\/\",\"name\":\"La pace non si costruisce con le armi - Mani Tese\",\"isPartOf\":{\"@id\":\"https:\\\/\\\/www.manitese.it\\\/en\\\/#website\"},\"primaryImageOfPage\":{\"@id\":\"https:\\\/\\\/www.manitese.it\\\/en\\\/la-pace-non-si-costruisce-con-le-armi\\\/#primaryimage\"},\"image\":{\"@id\":\"https:\\\/\\\/www.manitese.it\\\/en\\\/la-pace-non-si-costruisce-con-le-armi\\\/#primaryimage\"},\"thumbnailUrl\":\"https:\\\/\\\/www.manitese.it\\\/wp-content\\\/uploads\\\/2022\\\/04\\\/la-pace-non-si-costruisce-con-le-armi-mani-tese-2022-1.jpg\",\"datePublished\":\"2022-04-14T09:27:43+00:00\",\"dateModified\":\"2023-07-21T12:22:55+00:00\",\"author\":{\"@id\":\"https:\\\/\\\/www.manitese.it\\\/en\\\/#\\\/schema\\\/person\\\/5a9774f17e4940e2510bfeba90f04f65\"},\"description\":\"La pace \u00e8 per tutti o non \u00e8 per nessuno e si costruisce con la cultura del rispetto dell\u2019altro, la cooperazione e la promozione di stili di vita responsabili per l'ambiente e la giustizia. La nostra adesione alla Marcia della Pace Perugia-Assisi del 24 aprile.\",\"breadcrumb\":{\"@id\":\"https:\\\/\\\/www.manitese.it\\\/en\\\/la-pace-non-si-costruisce-con-le-armi\\\/#breadcrumb\"},\"inLanguage\":\"en-US\",\"potentialAction\":[{\"@type\":\"ReadAction\",\"target\":[\"https:\\\/\\\/www.manitese.it\\\/en\\\/la-pace-non-si-costruisce-con-le-armi\\\/\"]}]},{\"@type\":\"ImageObject\",\"inLanguage\":\"en-US\",\"@id\":\"https:\\\/\\\/www.manitese.it\\\/en\\\/la-pace-non-si-costruisce-con-le-armi\\\/#primaryimage\",\"url\":\"https:\\\/\\\/www.manitese.it\\\/wp-content\\\/uploads\\\/2022\\\/04\\\/la-pace-non-si-costruisce-con-le-armi-mani-tese-2022-1.jpg\",\"contentUrl\":\"https:\\\/\\\/www.manitese.it\\\/wp-content\\\/uploads\\\/2022\\\/04\\\/la-pace-non-si-costruisce-con-le-armi-mani-tese-2022-1.jpg\",\"width\":1920,\"height\":800,\"caption\":\"la pace non si costruisce con le armi mani tese 2022\"},{\"@type\":\"BreadcrumbList\",\"@id\":\"https:\\\/\\\/www.manitese.it\\\/en\\\/la-pace-non-si-costruisce-con-le-armi\\\/#breadcrumb\",\"itemListElement\":[{\"@type\":\"ListItem\",\"position\":1,\"name\":\"Home\",\"item\":\"https:\\\/\\\/www.manitese.it\\\/en\\\/\"},{\"@type\":\"ListItem\",\"position\":2,\"name\":\"La pace non si costruisce con le armi\"}]},{\"@type\":\"WebSite\",\"@id\":\"https:\\\/\\\/www.manitese.it\\\/en\\\/#website\",\"url\":\"https:\\\/\\\/www.manitese.it\\\/en\\\/\",\"name\":\"Mani Tese\",\"description\":\"\",\"potentialAction\":[{\"@type\":\"SearchAction\",\"target\":{\"@type\":\"EntryPoint\",\"urlTemplate\":\"https:\\\/\\\/www.manitese.it\\\/en\\\/?s={search_term_string}\"},\"query-input\":{\"@type\":\"PropertyValueSpecification\",\"valueRequired\":true,\"valueName\":\"search_term_string\"}}],\"inLanguage\":\"en-US\"},{\"@type\":\"Person\",\"@id\":\"https:\\\/\\\/www.manitese.it\\\/en\\\/#\\\/schema\\\/person\\\/5a9774f17e4940e2510bfeba90f04f65\",\"name\":\"agevis\",\"image\":{\"@type\":\"ImageObject\",\"inLanguage\":\"en-US\",\"@id\":\"https:\\\/\\\/secure.gravatar.com\\\/avatar\\\/2dc96c93fcf3387a5922a93b50fb3bff01d4800590fb6a4ab91a034adb25ba17?s=96&d=mm&r=g\",\"url\":\"https:\\\/\\\/secure.gravatar.com\\\/avatar\\\/2dc96c93fcf3387a5922a93b50fb3bff01d4800590fb6a4ab91a034adb25ba17?s=96&d=mm&r=g\",\"contentUrl\":\"https:\\\/\\\/secure.gravatar.com\\\/avatar\\\/2dc96c93fcf3387a5922a93b50fb3bff01d4800590fb6a4ab91a034adb25ba17?s=96&d=mm&r=g\",\"caption\":\"agevis\"},\"url\":\"https:\\\/\\\/www.manitese.it\\\/en\\\/author\\\/wp_agevis_admin\\\/\"}]}<\/script>\n<!-- \/ Yoast SEO plugin. -->","yoast_head_json":{"title":"La pace non si costruisce con le armi - Mani Tese","description":"La pace \u00e8 per tutti o non \u00e8 per nessuno e si costruisce con la cultura del rispetto dell\u2019altro, la cooperazione e la promozione di stili di vita responsabili per l'ambiente e la giustizia. La nostra adesione alla Marcia della Pace Perugia-Assisi del 24 aprile.","robots":{"index":"index","follow":"follow","max-snippet":"max-snippet:-1","max-image-preview":"max-image-preview:large","max-video-preview":"max-video-preview:-1"},"canonical":"https:\/\/www.manitese.it\/en\/la-pace-non-si-costruisce-con-le-armi\/","og_locale":"en_US","og_type":"article","og_title":"La pace non si costruisce con le armi - Mani Tese","og_description":"La pace \u00e8 per tutti o non \u00e8 per nessuno e si costruisce con la cultura del rispetto dell\u2019altro, la cooperazione e la promozione di stili di vita responsabili per l'ambiente e la giustizia. La nostra adesione alla Marcia della Pace Perugia-Assisi del 24 aprile.","og_url":"https:\/\/www.manitese.it\/en\/la-pace-non-si-costruisce-con-le-armi\/","og_site_name":"Mani Tese","article_published_time":"2022-04-14T09:27:43+00:00","article_modified_time":"2023-07-21T12:22:55+00:00","og_image":[{"width":1920,"height":800,"url":"https:\/\/www.manitese.it\/wp-content\/uploads\/2022\/04\/la-pace-non-si-costruisce-con-le-armi-mani-tese-2022-1.jpg","type":"image\/jpeg"}],"author":"agevis","twitter_card":"summary_large_image","twitter_misc":{"Written by":"agevis","Est. reading time":"3 minutes"},"schema":{"@context":"https:\/\/schema.org","@graph":[{"@type":"Article","@id":"https:\/\/www.manitese.it\/en\/la-pace-non-si-costruisce-con-le-armi\/#article","isPartOf":{"@id":"https:\/\/www.manitese.it\/en\/la-pace-non-si-costruisce-con-le-armi\/"},"author":{"name":"agevis","@id":"https:\/\/www.manitese.it\/en\/#\/schema\/person\/5a9774f17e4940e2510bfeba90f04f65"},"headline":"La pace non si costruisce con le armi","datePublished":"2022-04-14T09:27:43+00:00","dateModified":"2023-07-21T12:22:55+00:00","mainEntityOfPage":{"@id":"https:\/\/www.manitese.it\/en\/la-pace-non-si-costruisce-con-le-armi\/"},"wordCount":616,"commentCount":0,"image":{"@id":"https:\/\/www.manitese.it\/en\/la-pace-non-si-costruisce-con-le-armi\/#primaryimage"},"thumbnailUrl":"https:\/\/www.manitese.it\/wp-content\/uploads\/2022\/04\/la-pace-non-si-costruisce-con-le-armi-mani-tese-2022-1.jpg","articleSection":["Attualit\u00e0"],"inLanguage":"en-US","potentialAction":[{"@type":"CommentAction","name":"Comment","target":["https:\/\/www.manitese.it\/en\/la-pace-non-si-costruisce-con-le-armi\/#respond"]}]},{"@type":"WebPage","@id":"https:\/\/www.manitese.it\/en\/la-pace-non-si-costruisce-con-le-armi\/","url":"https:\/\/www.manitese.it\/en\/la-pace-non-si-costruisce-con-le-armi\/","name":"La pace non si costruisce con le armi - Mani Tese","isPartOf":{"@id":"https:\/\/www.manitese.it\/en\/#website"},"primaryImageOfPage":{"@id":"https:\/\/www.manitese.it\/en\/la-pace-non-si-costruisce-con-le-armi\/#primaryimage"},"image":{"@id":"https:\/\/www.manitese.it\/en\/la-pace-non-si-costruisce-con-le-armi\/#primaryimage"},"thumbnailUrl":"https:\/\/www.manitese.it\/wp-content\/uploads\/2022\/04\/la-pace-non-si-costruisce-con-le-armi-mani-tese-2022-1.jpg","datePublished":"2022-04-14T09:27:43+00:00","dateModified":"2023-07-21T12:22:55+00:00","author":{"@id":"https:\/\/www.manitese.it\/en\/#\/schema\/person\/5a9774f17e4940e2510bfeba90f04f65"},"description":"La pace \u00e8 per tutti o non \u00e8 per nessuno e si costruisce con la cultura del rispetto dell\u2019altro, la cooperazione e la promozione di stili di vita responsabili per l'ambiente e la giustizia. La nostra adesione alla Marcia della Pace Perugia-Assisi del 24 aprile.","breadcrumb":{"@id":"https:\/\/www.manitese.it\/en\/la-pace-non-si-costruisce-con-le-armi\/#breadcrumb"},"inLanguage":"en-US","potentialAction":[{"@type":"ReadAction","target":["https:\/\/www.manitese.it\/en\/la-pace-non-si-costruisce-con-le-armi\/"]}]},{"@type":"ImageObject","inLanguage":"en-US","@id":"https:\/\/www.manitese.it\/en\/la-pace-non-si-costruisce-con-le-armi\/#primaryimage","url":"https:\/\/www.manitese.it\/wp-content\/uploads\/2022\/04\/la-pace-non-si-costruisce-con-le-armi-mani-tese-2022-1.jpg","contentUrl":"https:\/\/www.manitese.it\/wp-content\/uploads\/2022\/04\/la-pace-non-si-costruisce-con-le-armi-mani-tese-2022-1.jpg","width":1920,"height":800,"caption":"la pace non si costruisce con le armi mani tese 2022"},{"@type":"BreadcrumbList","@id":"https:\/\/www.manitese.it\/en\/la-pace-non-si-costruisce-con-le-armi\/#breadcrumb","itemListElement":[{"@type":"ListItem","position":1,"name":"Home","item":"https:\/\/www.manitese.it\/en\/"},{"@type":"ListItem","position":2,"name":"La pace non si costruisce con le armi"}]},{"@type":"WebSite","@id":"https:\/\/www.manitese.it\/en\/#website","url":"https:\/\/www.manitese.it\/en\/","name":"Mani Tese","description":"","potentialAction":[{"@type":"SearchAction","target":{"@type":"EntryPoint","urlTemplate":"https:\/\/www.manitese.it\/en\/?s={search_term_string}"},"query-input":{"@type":"PropertyValueSpecification","valueRequired":true,"valueName":"search_term_string"}}],"inLanguage":"en-US"},{"@type":"Person","@id":"https:\/\/www.manitese.it\/en\/#\/schema\/person\/5a9774f17e4940e2510bfeba90f04f65","name":"agevis","image":{"@type":"ImageObject","inLanguage":"en-US","@id":"https:\/\/secure.gravatar.com\/avatar\/2dc96c93fcf3387a5922a93b50fb3bff01d4800590fb6a4ab91a034adb25ba17?s=96&d=mm&r=g","url":"https:\/\/secure.gravatar.com\/avatar\/2dc96c93fcf3387a5922a93b50fb3bff01d4800590fb6a4ab91a034adb25ba17?s=96&d=mm&r=g","contentUrl":"https:\/\/secure.gravatar.com\/avatar\/2dc96c93fcf3387a5922a93b50fb3bff01d4800590fb6a4ab91a034adb25ba17?s=96&d=mm&r=g","caption":"agevis"},"url":"https:\/\/www.manitese.it\/en\/author\/wp_agevis_admin\/"}]}},"jetpack_featured_media_url":"https:\/\/www.manitese.it\/wp-content\/uploads\/2022\/04\/la-pace-non-si-costruisce-con-le-armi-mani-tese-2022-1.jpg","jetpack_sharing_enabled":true,"_links":{"self":[{"href":"https:\/\/www.manitese.it\/en\/wp-json\/wp\/v2\/posts\/91957","targetHints":{"allow":["GET"]}}],"collection":[{"href":"https:\/\/www.manitese.it\/en\/wp-json\/wp\/v2\/posts"}],"about":[{"href":"https:\/\/www.manitese.it\/en\/wp-json\/wp\/v2\/types\/post"}],"author":[{"embeddable":true,"href":"https:\/\/www.manitese.it\/en\/wp-json\/wp\/v2\/users\/1"}],"replies":[{"embeddable":true,"href":"https:\/\/www.manitese.it\/en\/wp-json\/wp\/v2\/comments?post=91957"}],"version-history":[{"count":2,"href":"https:\/\/www.manitese.it\/en\/wp-json\/wp\/v2\/posts\/91957\/revisions"}],"predecessor-version":[{"id":177816,"href":"https:\/\/www.manitese.it\/en\/wp-json\/wp\/v2\/posts\/91957\/revisions\/177816"}],"wp:featuredmedia":[{"embeddable":true,"href":"https:\/\/www.manitese.it\/en\/wp-json\/wp\/v2\/media\/91958"}],"wp:attachment":[{"href":"https:\/\/www.manitese.it\/en\/wp-json\/wp\/v2\/media?parent=91957"}],"wp:term":[{"taxonomy":"category","embeddable":true,"href":"https:\/\/www.manitese.it\/en\/wp-json\/wp\/v2\/categories?post=91957"},{"taxonomy":"post_tag","embeddable":true,"href":"https:\/\/www.manitese.it\/en\/wp-json\/wp\/v2\/tags?post=91957"},{"taxonomy":"thematic_area","embeddable":true,"href":"https:\/\/www.manitese.it\/en\/wp-json\/wp\/v2\/thematic_area?post=91957"}],"curies":[{"name":"wp","href":"https:\/\/api.w.org\/{rel}","templated":true}]}}