{"id":91771,"date":"2022-04-07T15:29:41","date_gmt":"2022-04-07T13:29:41","guid":{"rendered":"https:\/\/manitese.it\/?p=91771"},"modified":"2025-07-08T12:59:50","modified_gmt":"2025-07-08T10:59:50","slug":"raccontare-la-guerra-a-bambini-e-bambine","status":"publish","type":"post","link":"https:\/\/www.manitese.it\/en\/raccontare-la-guerra-a-bambini-e-bambine\/","title":{"rendered":"Raccontare la guerra ai bambini e alle bambine"},"content":{"rendered":"\r\n<p><em>Milano, 31\u00a0marzo\u00a02022<\/em> &#8211; Come si pu\u00f2 raccontare la guerra alle bambine e ai bambini? Come e quali notizie dare? \u00c8 meglio mostrare le immagini nella loro cruda verit\u00e0 o filtrarle? Come evitare di mettere loro addosso un carico di preoccupazione e ansia troppo elevato?<\/p>\r\n\r\n\r\n\r\n<p>Queste ed altre le domande a cui il ciclo di webinar \u201c<a href=\"https:\/\/manitese.us14.list-manage.com\/track\/click?u=64754befb2366ee6582abb024&amp;id=ebc863841c&amp;e=36a01fcb5b\" target=\"_blank\" rel=\"noreferrer noopener\"><strong>Raccontare la guerra ai bambini e alle bambine<\/strong><\/a>\u201d\u00a0intende provare a dare una risposta con l\u2019aiuto di esperti e formatori.<\/p>\r\n\r\n\r\n\r\n<p>Il ciclo, organizzato da <strong>Mani Tese<\/strong> e <strong>Reattiva<\/strong>, l\u2019impresa sociale di Mani Tese dedicata alla formazione, prevede <strong>due incontri on line, il 6 e il 20 aprile dalle ore 18 alle ore 19, che saranno trasmessi sul <a href=\"https:\/\/manitese.us14.list-manage.com\/track\/click?u=64754befb2366ee6582abb024&amp;id=dbae37e38a&amp;e=36a01fcb5b\" target=\"_blank\" rel=\"noreferrer noopener\">canale YouTube<\/a> e sulla <a href=\"https:\/\/manitese.us14.list-manage.com\/track\/click?u=64754befb2366ee6582abb024&amp;id=64bd7f6840&amp;e=36a01fcb5b\" target=\"_blank\" rel=\"noreferrer noopener\">pagina Facebook<\/a>\u00a0di Reattiva<\/strong>.<\/p>\r\n\r\n\r\n\r\n<p><strong>Il primo incontro<\/strong>, che si terr\u00e0 <strong>mercoled\u00ec 6 aprile<\/strong>, avr\u00e0 come ospiti <strong>Martina Recchiuti e Alberto Emiletti, della redazione di Internazionale Kids,<\/strong> il mensile per bambine e bambini che pubblica articoli, giochi e fumetti dai migliori giornali di tutto il mondo.<\/p>\r\n\r\n\r\n\r\n<p><strong>Il secondo incontro<\/strong>, che si terr\u00e0 <strong>mercoledi 20 aprile,<\/strong> avr\u00e0 come ospite<strong> Daniele Novara,\u00a0Fondatore e direttore del CPP Centro PsicoPedagogico per l\u2019educazione e la gestione dei conflitti, pedagogista e autore.<\/strong><\/p>\r\n\r\n\r\n\r\n<p>\u201cLo scoppiare di una guerra cos\u00ec vicina e cos\u00ec dolorosa ci pone di fronte a preoccupazioni e interrogativi che non hanno risposte facili n\u00e9 immediate \u2013 afferma <strong>Giacomo Petitti di Roreto, Direttore di Reattiva<\/strong> &#8211; Ancora una volta siamo chiamati a cambiare il nostro modo di fruire le informazioni e di trasmetterle ai pi\u00f9 piccoli, che pongono grandi domande e ci restituiscono, come genitori, insegnanti ed educatori, la difficile responsabilit\u00e0 di tradurre la complessit\u00e0\u201d.<\/p>\r\n\r\n\r\n\r\n<p>\u201cLa guerra \u00e8 gi\u00e0 entrata con prepotenza nelle case e nelle scuole, che hanno risposto in modo genuino e appassionato con il linguaggio della pace e della solidariet\u00e0 \u2013 continua <strong>Petitti <\/strong>&#8211; per qualcuno \u00e8 gi\u00e0 iniziato il tempo delicato dell\u2019accoglienza delle famiglie e dei bambini in fuga dal conflitto. La risposta del \u201cfare\u201d, con i gesti e con l\u2019esempio, \u00e8 fondamentale anche dal punto di vista educativo, ma non esaurisce le domande, soprattutto nel medio e lungo periodo\u201d.<\/p>\r\n\r\n\r\n\r\n<p>Il ciclo di webinar \u201c<strong>Raccontare la guerra ai bambini e alle bambine<\/strong>\u201d intende costruire insieme a genitori, insegnanti ed educatori uno spazio di riflessione sul tema. Promosso da Mani Tese e Reattiva, il ciclo \u00e8 realizzato nell\u2019ambito del progetto <em>\u201dPiccoli che Valgono<\/em>\u201d cofinanziato dall\u2019impresa sociale Con i Bambini.<\/p>\r\n\r\n\r\n\r\n<p>Per ricevere il link diretto dell\u2019evento on line \u00e8 possibile iscriversi qui:<br \/><a href=\"https:\/\/manitese.us14.list-manage.com\/track\/click?u=64754befb2366ee6582abb024&amp;id=7bdc7064e3&amp;e=36a01fcb5b\" target=\"_blank\" rel=\"noreferrer noopener\">https:\/\/www.reattiva.org\/news\/raccontare-la-guerra-ai-bambini-e-alle-bambine-19<\/a><\/p>\r\n\r\n\r\n\r\n<div class=\"wp-block-image\">\r\n<figure class=\"aligncenter size-large\"><img decoding=\"async\" class=\"wp-image-91759\" src=\"https:\/\/manitese.it\/wp-content\/uploads\/2022\/04\/raccontare-la-guerra-ai-bambini-reattiva-aprile-2022-1024x1024.png\" alt=\"\" \/><\/figure>\r\n<\/div>\r\n","protected":false},"excerpt":{"rendered":"<p>Ciclo di webinar dedicato a genitori, insegnanti ed educatori per capire come raccontare la guerra ai pi\u00f9 piccoli.<\/p>\n","protected":false},"author":1,"featured_media":91597,"comment_status":"open","ping_status":"open","sticky":false,"template":"","format":"standard","meta":{"_acf_changed":false,"give_campaign_id":0,"inline_featured_image":false,"_jetpack_memberships_contains_paid_content":false,"footnotes":""},"categories":[1],"tags":[],"thematic_area":[910],"class_list":["post-91771","post","type-post","status-publish","format-standard","has-post-thumbnail","hentry","category-news","thematic_area-poverta-educative"],"acf":[],"yoast_head":"<!-- This site is optimized with the Yoast SEO plugin v27.5 - https:\/\/yoast.com\/product\/yoast-seo-wordpress\/ -->\n<title>Raccontare la guerra ai bambini e alle bambine - Mani Tese<\/title>\n<meta name=\"description\" content=\"Ciclo di webinar dedicato a genitori, insegnanti ed educatori per capire come raccontare la guerra ai pi\u00f9 piccoli.\" \/>\n<meta name=\"robots\" content=\"index, follow, max-snippet:-1, max-image-preview:large, max-video-preview:-1\" \/>\n<link rel=\"canonical\" href=\"https:\/\/www.manitese.it\/en\/raccontare-la-guerra-a-bambini-e-bambine\/\" \/>\n<meta property=\"og:locale\" content=\"en_US\" \/>\n<meta property=\"og:type\" content=\"article\" \/>\n<meta property=\"og:title\" content=\"Raccontare la guerra ai bambini e alle bambine - Mani Tese\" \/>\n<meta property=\"og:description\" content=\"Ciclo di webinar dedicato a genitori, insegnanti ed educatori per capire come raccontare la guerra ai pi\u00f9 piccoli.\" \/>\n<meta property=\"og:url\" content=\"https:\/\/www.manitese.it\/en\/raccontare-la-guerra-a-bambini-e-bambine\/\" \/>\n<meta property=\"og:site_name\" content=\"Mani Tese\" \/>\n<meta property=\"article:published_time\" content=\"2022-04-07T13:29:41+00:00\" \/>\n<meta property=\"article:modified_time\" content=\"2025-07-08T10:59:50+00:00\" \/>\n<meta property=\"og:image\" content=\"https:\/\/www.manitese.it\/wp-content\/uploads\/2022\/03\/raccontare-la-guerra-ai-bambini-e-alle-bambine-mani-tese-2022-1.png\" \/>\n\t<meta property=\"og:image:width\" content=\"1920\" \/>\n\t<meta property=\"og:image:height\" content=\"800\" \/>\n\t<meta property=\"og:image:type\" content=\"image\/png\" \/>\n<meta name=\"author\" content=\"agevis\" \/>\n<meta name=\"twitter:card\" content=\"summary_large_image\" \/>\n<meta name=\"twitter:label1\" content=\"Written by\" \/>\n\t<meta name=\"twitter:data1\" content=\"agevis\" \/>\n\t<meta name=\"twitter:label2\" content=\"Est. reading time\" \/>\n\t<meta name=\"twitter:data2\" content=\"2 minutes\" \/>\n<script type=\"application\/ld+json\" class=\"yoast-schema-graph\">{\"@context\":\"https:\\\/\\\/schema.org\",\"@graph\":[{\"@type\":\"Article\",\"@id\":\"https:\\\/\\\/www.manitese.it\\\/en\\\/raccontare-la-guerra-a-bambini-e-bambine\\\/#article\",\"isPartOf\":{\"@id\":\"https:\\\/\\\/www.manitese.it\\\/en\\\/raccontare-la-guerra-a-bambini-e-bambine\\\/\"},\"author\":{\"name\":\"agevis\",\"@id\":\"https:\\\/\\\/www.manitese.it\\\/en\\\/#\\\/schema\\\/person\\\/5a9774f17e4940e2510bfeba90f04f65\"},\"headline\":\"Raccontare la guerra ai bambini e alle bambine\",\"datePublished\":\"2022-04-07T13:29:41+00:00\",\"dateModified\":\"2025-07-08T10:59:50+00:00\",\"mainEntityOfPage\":{\"@id\":\"https:\\\/\\\/www.manitese.it\\\/en\\\/raccontare-la-guerra-a-bambini-e-bambine\\\/\"},\"wordCount\":413,\"commentCount\":0,\"image\":{\"@id\":\"https:\\\/\\\/www.manitese.it\\\/en\\\/raccontare-la-guerra-a-bambini-e-bambine\\\/#primaryimage\"},\"thumbnailUrl\":\"https:\\\/\\\/www.manitese.it\\\/wp-content\\\/uploads\\\/2022\\\/03\\\/raccontare-la-guerra-ai-bambini-e-alle-bambine-mani-tese-2022-1.png\",\"articleSection\":[\"News\"],\"inLanguage\":\"en-US\",\"potentialAction\":[{\"@type\":\"CommentAction\",\"name\":\"Comment\",\"target\":[\"https:\\\/\\\/www.manitese.it\\\/en\\\/raccontare-la-guerra-a-bambini-e-bambine\\\/#respond\"]}]},{\"@type\":\"WebPage\",\"@id\":\"https:\\\/\\\/www.manitese.it\\\/en\\\/raccontare-la-guerra-a-bambini-e-bambine\\\/\",\"url\":\"https:\\\/\\\/www.manitese.it\\\/en\\\/raccontare-la-guerra-a-bambini-e-bambine\\\/\",\"name\":\"Raccontare la guerra ai bambini e alle bambine - Mani Tese\",\"isPartOf\":{\"@id\":\"https:\\\/\\\/www.manitese.it\\\/en\\\/#website\"},\"primaryImageOfPage\":{\"@id\":\"https:\\\/\\\/www.manitese.it\\\/en\\\/raccontare-la-guerra-a-bambini-e-bambine\\\/#primaryimage\"},\"image\":{\"@id\":\"https:\\\/\\\/www.manitese.it\\\/en\\\/raccontare-la-guerra-a-bambini-e-bambine\\\/#primaryimage\"},\"thumbnailUrl\":\"https:\\\/\\\/www.manitese.it\\\/wp-content\\\/uploads\\\/2022\\\/03\\\/raccontare-la-guerra-ai-bambini-e-alle-bambine-mani-tese-2022-1.png\",\"datePublished\":\"2022-04-07T13:29:41+00:00\",\"dateModified\":\"2025-07-08T10:59:50+00:00\",\"author\":{\"@id\":\"https:\\\/\\\/www.manitese.it\\\/en\\\/#\\\/schema\\\/person\\\/5a9774f17e4940e2510bfeba90f04f65\"},\"description\":\"Ciclo di webinar dedicato a genitori, insegnanti ed educatori per capire come raccontare la guerra ai pi\u00f9 piccoli.\",\"breadcrumb\":{\"@id\":\"https:\\\/\\\/www.manitese.it\\\/en\\\/raccontare-la-guerra-a-bambini-e-bambine\\\/#breadcrumb\"},\"inLanguage\":\"en-US\",\"potentialAction\":[{\"@type\":\"ReadAction\",\"target\":[\"https:\\\/\\\/www.manitese.it\\\/en\\\/raccontare-la-guerra-a-bambini-e-bambine\\\/\"]}]},{\"@type\":\"ImageObject\",\"inLanguage\":\"en-US\",\"@id\":\"https:\\\/\\\/www.manitese.it\\\/en\\\/raccontare-la-guerra-a-bambini-e-bambine\\\/#primaryimage\",\"url\":\"https:\\\/\\\/www.manitese.it\\\/wp-content\\\/uploads\\\/2022\\\/03\\\/raccontare-la-guerra-ai-bambini-e-alle-bambine-mani-tese-2022-1.png\",\"contentUrl\":\"https:\\\/\\\/www.manitese.it\\\/wp-content\\\/uploads\\\/2022\\\/03\\\/raccontare-la-guerra-ai-bambini-e-alle-bambine-mani-tese-2022-1.png\",\"width\":1920,\"height\":800,\"caption\":\"raccontare la guerra ai bambini e alle bambine mani tese 2022\"},{\"@type\":\"BreadcrumbList\",\"@id\":\"https:\\\/\\\/www.manitese.it\\\/en\\\/raccontare-la-guerra-a-bambini-e-bambine\\\/#breadcrumb\",\"itemListElement\":[{\"@type\":\"ListItem\",\"position\":1,\"name\":\"Home\",\"item\":\"https:\\\/\\\/www.manitese.it\\\/en\\\/\"},{\"@type\":\"ListItem\",\"position\":2,\"name\":\"Raccontare la guerra ai bambini e alle bambine\"}]},{\"@type\":\"WebSite\",\"@id\":\"https:\\\/\\\/www.manitese.it\\\/en\\\/#website\",\"url\":\"https:\\\/\\\/www.manitese.it\\\/en\\\/\",\"name\":\"Mani Tese\",\"description\":\"\",\"potentialAction\":[{\"@type\":\"SearchAction\",\"target\":{\"@type\":\"EntryPoint\",\"urlTemplate\":\"https:\\\/\\\/www.manitese.it\\\/en\\\/?s={search_term_string}\"},\"query-input\":{\"@type\":\"PropertyValueSpecification\",\"valueRequired\":true,\"valueName\":\"search_term_string\"}}],\"inLanguage\":\"en-US\"},{\"@type\":\"Person\",\"@id\":\"https:\\\/\\\/www.manitese.it\\\/en\\\/#\\\/schema\\\/person\\\/5a9774f17e4940e2510bfeba90f04f65\",\"name\":\"agevis\",\"image\":{\"@type\":\"ImageObject\",\"inLanguage\":\"en-US\",\"@id\":\"https:\\\/\\\/secure.gravatar.com\\\/avatar\\\/2dc96c93fcf3387a5922a93b50fb3bff01d4800590fb6a4ab91a034adb25ba17?s=96&d=mm&r=g\",\"url\":\"https:\\\/\\\/secure.gravatar.com\\\/avatar\\\/2dc96c93fcf3387a5922a93b50fb3bff01d4800590fb6a4ab91a034adb25ba17?s=96&d=mm&r=g\",\"contentUrl\":\"https:\\\/\\\/secure.gravatar.com\\\/avatar\\\/2dc96c93fcf3387a5922a93b50fb3bff01d4800590fb6a4ab91a034adb25ba17?s=96&d=mm&r=g\",\"caption\":\"agevis\"},\"url\":\"https:\\\/\\\/www.manitese.it\\\/en\\\/author\\\/wp_agevis_admin\\\/\"}]}<\/script>\n<!-- \/ Yoast SEO plugin. -->","yoast_head_json":{"title":"Raccontare la guerra ai bambini e alle bambine - Mani Tese","description":"Ciclo di webinar dedicato a genitori, insegnanti ed educatori per capire come raccontare la guerra ai pi\u00f9 piccoli.","robots":{"index":"index","follow":"follow","max-snippet":"max-snippet:-1","max-image-preview":"max-image-preview:large","max-video-preview":"max-video-preview:-1"},"canonical":"https:\/\/www.manitese.it\/en\/raccontare-la-guerra-a-bambini-e-bambine\/","og_locale":"en_US","og_type":"article","og_title":"Raccontare la guerra ai bambini e alle bambine - Mani Tese","og_description":"Ciclo di webinar dedicato a genitori, insegnanti ed educatori per capire come raccontare la guerra ai pi\u00f9 piccoli.","og_url":"https:\/\/www.manitese.it\/en\/raccontare-la-guerra-a-bambini-e-bambine\/","og_site_name":"Mani Tese","article_published_time":"2022-04-07T13:29:41+00:00","article_modified_time":"2025-07-08T10:59:50+00:00","og_image":[{"width":1920,"height":800,"url":"https:\/\/www.manitese.it\/wp-content\/uploads\/2022\/03\/raccontare-la-guerra-ai-bambini-e-alle-bambine-mani-tese-2022-1.png","type":"image\/png"}],"author":"agevis","twitter_card":"summary_large_image","twitter_misc":{"Written by":"agevis","Est. reading time":"2 minutes"},"schema":{"@context":"https:\/\/schema.org","@graph":[{"@type":"Article","@id":"https:\/\/www.manitese.it\/en\/raccontare-la-guerra-a-bambini-e-bambine\/#article","isPartOf":{"@id":"https:\/\/www.manitese.it\/en\/raccontare-la-guerra-a-bambini-e-bambine\/"},"author":{"name":"agevis","@id":"https:\/\/www.manitese.it\/en\/#\/schema\/person\/5a9774f17e4940e2510bfeba90f04f65"},"headline":"Raccontare la guerra ai bambini e alle bambine","datePublished":"2022-04-07T13:29:41+00:00","dateModified":"2025-07-08T10:59:50+00:00","mainEntityOfPage":{"@id":"https:\/\/www.manitese.it\/en\/raccontare-la-guerra-a-bambini-e-bambine\/"},"wordCount":413,"commentCount":0,"image":{"@id":"https:\/\/www.manitese.it\/en\/raccontare-la-guerra-a-bambini-e-bambine\/#primaryimage"},"thumbnailUrl":"https:\/\/www.manitese.it\/wp-content\/uploads\/2022\/03\/raccontare-la-guerra-ai-bambini-e-alle-bambine-mani-tese-2022-1.png","articleSection":["News"],"inLanguage":"en-US","potentialAction":[{"@type":"CommentAction","name":"Comment","target":["https:\/\/www.manitese.it\/en\/raccontare-la-guerra-a-bambini-e-bambine\/#respond"]}]},{"@type":"WebPage","@id":"https:\/\/www.manitese.it\/en\/raccontare-la-guerra-a-bambini-e-bambine\/","url":"https:\/\/www.manitese.it\/en\/raccontare-la-guerra-a-bambini-e-bambine\/","name":"Raccontare la guerra ai bambini e alle bambine - Mani Tese","isPartOf":{"@id":"https:\/\/www.manitese.it\/en\/#website"},"primaryImageOfPage":{"@id":"https:\/\/www.manitese.it\/en\/raccontare-la-guerra-a-bambini-e-bambine\/#primaryimage"},"image":{"@id":"https:\/\/www.manitese.it\/en\/raccontare-la-guerra-a-bambini-e-bambine\/#primaryimage"},"thumbnailUrl":"https:\/\/www.manitese.it\/wp-content\/uploads\/2022\/03\/raccontare-la-guerra-ai-bambini-e-alle-bambine-mani-tese-2022-1.png","datePublished":"2022-04-07T13:29:41+00:00","dateModified":"2025-07-08T10:59:50+00:00","author":{"@id":"https:\/\/www.manitese.it\/en\/#\/schema\/person\/5a9774f17e4940e2510bfeba90f04f65"},"description":"Ciclo di webinar dedicato a genitori, insegnanti ed educatori per capire come raccontare la guerra ai pi\u00f9 piccoli.","breadcrumb":{"@id":"https:\/\/www.manitese.it\/en\/raccontare-la-guerra-a-bambini-e-bambine\/#breadcrumb"},"inLanguage":"en-US","potentialAction":[{"@type":"ReadAction","target":["https:\/\/www.manitese.it\/en\/raccontare-la-guerra-a-bambini-e-bambine\/"]}]},{"@type":"ImageObject","inLanguage":"en-US","@id":"https:\/\/www.manitese.it\/en\/raccontare-la-guerra-a-bambini-e-bambine\/#primaryimage","url":"https:\/\/www.manitese.it\/wp-content\/uploads\/2022\/03\/raccontare-la-guerra-ai-bambini-e-alle-bambine-mani-tese-2022-1.png","contentUrl":"https:\/\/www.manitese.it\/wp-content\/uploads\/2022\/03\/raccontare-la-guerra-ai-bambini-e-alle-bambine-mani-tese-2022-1.png","width":1920,"height":800,"caption":"raccontare la guerra ai bambini e alle bambine mani tese 2022"},{"@type":"BreadcrumbList","@id":"https:\/\/www.manitese.it\/en\/raccontare-la-guerra-a-bambini-e-bambine\/#breadcrumb","itemListElement":[{"@type":"ListItem","position":1,"name":"Home","item":"https:\/\/www.manitese.it\/en\/"},{"@type":"ListItem","position":2,"name":"Raccontare la guerra ai bambini e alle bambine"}]},{"@type":"WebSite","@id":"https:\/\/www.manitese.it\/en\/#website","url":"https:\/\/www.manitese.it\/en\/","name":"Mani Tese","description":"","potentialAction":[{"@type":"SearchAction","target":{"@type":"EntryPoint","urlTemplate":"https:\/\/www.manitese.it\/en\/?s={search_term_string}"},"query-input":{"@type":"PropertyValueSpecification","valueRequired":true,"valueName":"search_term_string"}}],"inLanguage":"en-US"},{"@type":"Person","@id":"https:\/\/www.manitese.it\/en\/#\/schema\/person\/5a9774f17e4940e2510bfeba90f04f65","name":"agevis","image":{"@type":"ImageObject","inLanguage":"en-US","@id":"https:\/\/secure.gravatar.com\/avatar\/2dc96c93fcf3387a5922a93b50fb3bff01d4800590fb6a4ab91a034adb25ba17?s=96&d=mm&r=g","url":"https:\/\/secure.gravatar.com\/avatar\/2dc96c93fcf3387a5922a93b50fb3bff01d4800590fb6a4ab91a034adb25ba17?s=96&d=mm&r=g","contentUrl":"https:\/\/secure.gravatar.com\/avatar\/2dc96c93fcf3387a5922a93b50fb3bff01d4800590fb6a4ab91a034adb25ba17?s=96&d=mm&r=g","caption":"agevis"},"url":"https:\/\/www.manitese.it\/en\/author\/wp_agevis_admin\/"}]}},"jetpack_featured_media_url":"https:\/\/www.manitese.it\/wp-content\/uploads\/2022\/03\/raccontare-la-guerra-ai-bambini-e-alle-bambine-mani-tese-2022-1.png","jetpack_sharing_enabled":true,"_links":{"self":[{"href":"https:\/\/www.manitese.it\/en\/wp-json\/wp\/v2\/posts\/91771","targetHints":{"allow":["GET"]}}],"collection":[{"href":"https:\/\/www.manitese.it\/en\/wp-json\/wp\/v2\/posts"}],"about":[{"href":"https:\/\/www.manitese.it\/en\/wp-json\/wp\/v2\/types\/post"}],"author":[{"embeddable":true,"href":"https:\/\/www.manitese.it\/en\/wp-json\/wp\/v2\/users\/1"}],"replies":[{"embeddable":true,"href":"https:\/\/www.manitese.it\/en\/wp-json\/wp\/v2\/comments?post=91771"}],"version-history":[{"count":2,"href":"https:\/\/www.manitese.it\/en\/wp-json\/wp\/v2\/posts\/91771\/revisions"}],"predecessor-version":[{"id":191676,"href":"https:\/\/www.manitese.it\/en\/wp-json\/wp\/v2\/posts\/91771\/revisions\/191676"}],"wp:featuredmedia":[{"embeddable":true,"href":"https:\/\/www.manitese.it\/en\/wp-json\/wp\/v2\/media\/91597"}],"wp:attachment":[{"href":"https:\/\/www.manitese.it\/en\/wp-json\/wp\/v2\/media?parent=91771"}],"wp:term":[{"taxonomy":"category","embeddable":true,"href":"https:\/\/www.manitese.it\/en\/wp-json\/wp\/v2\/categories?post=91771"},{"taxonomy":"post_tag","embeddable":true,"href":"https:\/\/www.manitese.it\/en\/wp-json\/wp\/v2\/tags?post=91771"},{"taxonomy":"thematic_area","embeddable":true,"href":"https:\/\/www.manitese.it\/en\/wp-json\/wp\/v2\/thematic_area?post=91771"}],"curies":[{"name":"wp","href":"https:\/\/api.w.org\/{rel}","templated":true}]}}