{"id":91589,"date":"2022-03-30T10:09:25","date_gmt":"2022-03-30T08:09:25","guid":{"rendered":"https:\/\/manitese.it\/?p=91589"},"modified":"2023-11-30T12:00:25","modified_gmt":"2023-11-30T11:00:25","slug":"raccontare-la-guerra-ai-bambini-e-alle-bambine","status":"publish","type":"post","link":"https:\/\/www.manitese.it\/en\/raccontare-la-guerra-ai-bambini-e-alle-bambine\/","title":{"rendered":"Raccontare la guerra ai bambini e alle bambine"},"content":{"rendered":"\r\n<p>Il poeta ed educatore Danilo Dolci, uno dei grandi padri del movimento pacifista e non violento italiano, in una sua famosa poesia dal titolo <em>\u201cCiascuno cresce solo se sognato\u201d <\/em>chiama gli adulti ad <em>\u201ceducare senza nascondere l\u2019assurdo ch\u2019\u00e8 nel mondo, aperti ad ogni sviluppo ma cercando d\u2019essere franchi all\u2019altro come a s\u00e9\u201d<\/em>.<\/p>\r\n\r\n\r\n\r\n<p>Si tratta di un appello visionario, dirompente e drammaticamente attuale. Lo scoppiare di una guerra cos\u00ec vicina e cos\u00ec dolorosa ci pone di fronte a preoccupazioni e interrogativi che non hanno risposte facili n\u00e9 immediate. <strong>Ancora una volta siamo chiamati a cambiare il nostro modo di fruire informazioni e di trasmetterle ai pi\u00f9 piccoli<\/strong>, che pongono grandi domande e ci restituiscono, come genitori, insegnanti ed educatori, la difficile responsabilit\u00e0 di tradurre la complessit\u00e0.<\/p>\r\n\r\n\r\n\r\n<p>La guerra \u00e8 gi\u00e0 entrata con prepotenza nelle case e nelle scuole, che hanno risposto in modo genuino e appassionato con il linguaggio della pace e della solidariet\u00e0; per qualcuno \u00e8 gi\u00e0 iniziato il tempo delicato dell\u2019accoglienza delle famiglie e dei bambini in fuga dal conflitto. <strong>La risposta del \u201cfare\u201d, con i gesti e con l\u2019esempio, \u00e8 fondamentale anche dal punto di vista educativo, ma non esaurisce le domande, soprattutto nel medio e lungo periodo<\/strong>.<\/p>\r\n\r\n\r\n\r\n<p><strong>Come si pu\u00f2 raccontare la guerra alle bambine e ai bambini? Come dare loro le notizie e quali notizie dare? \u00c8 meglio mostrare le immagini nella loro cruda verit\u00e0 o filtrarle? Come evitare di mettere loro addosso un carico di preoccupazione e ansia troppo elevato?<\/strong><\/p>\r\n\r\n\r\n\r\n<p><strong>Mani Tese <\/strong>e<strong> <a href=\"https:\/\/www.reattiva.org\/\" target=\"_blank\" rel=\"noreferrer noopener\">Reattiva<\/a><\/strong>, nell\u2019ambito del progetto<strong> <a href=\"https:\/\/manitese.it\/progetto\/piccoli-che-valgono\" target=\"_blank\" rel=\"noreferrer noopener\">\u201cPiccoli che Valgono\u201d<\/a><\/strong> cofinanziato dall\u2019impresa sociale <strong><a href=\"https:\/\/www.conibambini.org\/\" target=\"_blank\" rel=\"noreferrer noopener\" aria-label=\"Con i Bambini (apre in una nuova scheda)\">Con i Bambini<\/a><\/strong>, propongono <strong>un ciclo di webinar per costruire insieme a genitori, insegnanti ed educatori uno spazio di riflessione sul tema<\/strong>.<\/p>\r\n\r\n\r\n\r\n<p>Primo incontro <strong>mercoled\u00ec 6 aprile<\/strong>, dalle 18 alle 19, con <strong>Martina Recchiuti<\/strong> e<strong> Alberto Emiletti<\/strong>, della redazione di <em>Internazionale Kids<\/em>, il mensile per bambine e bambini che pubblica articoli, giochi e fumetti dai migliori giornali di tutto il mondo.<\/p>\r\n\r\n\r\n\r\n<p>Secondo incontro <strong>mercoled\u00ec 20 aprile<\/strong>, sempre dalle 18 alle 19, con <strong>Daniele Novara<\/strong>, fondatore e direttore del <em>CPP Centro PsicoPedagogico per l\u2019educazione e la gestione dei conflitti<\/em>, pedagogista e autore.<\/p>\r\n\r\n\r\n\r\n<p>\u00c8 possibile seguire la diretta sulla <strong><a href=\"https:\/\/www.facebook.com\/reattiva.org\" target=\"_blank\" rel=\"noreferrer noopener\" aria-label=\"pagina Facebook (apre in una nuova scheda)\">pagina Facebook<\/a><\/strong> e sul <a href=\"https:\/\/www.youtube.com\/channel\/UCGVvBQuQOZY8Z8ZIxCHazRw\" target=\"_blank\" rel=\"noreferrer noopener\" aria-label=\"canale YouTube (apre in una nuova scheda)\"><strong>canale YouTube<\/strong><\/a> di <strong>Reattiva<\/strong>, l\u2019impresa sociale di Mani Tese dedicata alla formazione.<\/p>\r\n\r\n\r\n\r\n<p>Per ricevere il link diretto dell\u2019evento on line \u00e8 possibile iscriversi qui: <strong><a href=\"https:\/\/www.reattiva.org\/news\/raccontare-la-guerra-ai-bambini-e-alle-bambine-21\" target=\"_blank\" rel=\"noreferrer noopener\" aria-label=\" (apre in una nuova scheda)\">https:\/\/www.reattiva.org\/news\/raccontare-la-guerra-ai-bambini-e-alle-bambine-21<\/a><\/strong><\/p>\r\n\r\n\r\n\r\n<figure class=\"wp-block-image size-large\"><a href=\"https:\/\/www.reattiva.org\/news\/raccontare-la-guerra-ai-bambini-e-alle-bambine-21\" target=\"_blank\" rel=\"noreferrer noopener\"><img decoding=\"async\" class=\"wp-image-91759\" src=\"https:\/\/manitese.it\/wp-content\/uploads\/2022\/04\/raccontare-la-guerra-ai-bambini-reattiva-aprile-2022-1024x1024.png\" alt=\"\" \/><\/a><\/figure>\r\n","protected":false},"excerpt":{"rendered":"<p>Vi aspettiamo on line, il 6 e 20 aprile 2022, per un ciclo di webinar dedicato a genitori, insegnanti ed educatori per capire come raccontare la guerra ai pi\u00f9 piccoli.<\/p>\n","protected":false},"author":1,"featured_media":91597,"comment_status":"open","ping_status":"open","sticky":false,"template":"","format":"standard","meta":{"_acf_changed":false,"give_campaign_id":0,"inline_featured_image":false,"_jetpack_memberships_contains_paid_content":false,"footnotes":""},"categories":[24],"tags":[],"thematic_area":[910],"class_list":["post-91589","post","type-post","status-publish","format-standard","has-post-thumbnail","hentry","category-eventi","thematic_area-poverta-educative"],"acf":[],"yoast_head":"<!-- This site is optimized with the Yoast SEO plugin v27.5 - https:\/\/yoast.com\/product\/yoast-seo-wordpress\/ -->\n<title>Raccontare la guerra ai bambini e alle bambine - Mani Tese<\/title>\n<meta name=\"description\" content=\"Raccontare la guerra ai bambini e alle bambine: vi aspettiamo on line, il 6 e 20 aprile 2022, per un ciclo di webinar dedicato a genitori, insegnanti ed educatori per capire come raccontare la guerra ai pi\u00f9 piccoli.\" \/>\n<meta name=\"robots\" content=\"index, follow, max-snippet:-1, max-image-preview:large, max-video-preview:-1\" \/>\n<link rel=\"canonical\" href=\"https:\/\/www.manitese.it\/en\/raccontare-la-guerra-ai-bambini-e-alle-bambine\/\" \/>\n<meta property=\"og:locale\" content=\"en_US\" \/>\n<meta property=\"og:type\" content=\"article\" \/>\n<meta property=\"og:title\" content=\"Raccontare la guerra ai bambini e alle bambine - Mani Tese\" \/>\n<meta property=\"og:description\" content=\"Raccontare la guerra ai bambini e alle bambine: vi aspettiamo on line, il 6 e 20 aprile 2022, per un ciclo di webinar dedicato a genitori, insegnanti ed educatori per capire come raccontare la guerra ai pi\u00f9 piccoli.\" \/>\n<meta property=\"og:url\" content=\"https:\/\/www.manitese.it\/en\/raccontare-la-guerra-ai-bambini-e-alle-bambine\/\" \/>\n<meta property=\"og:site_name\" content=\"Mani Tese\" \/>\n<meta property=\"article:published_time\" content=\"2022-03-30T08:09:25+00:00\" \/>\n<meta property=\"article:modified_time\" content=\"2023-11-30T11:00:25+00:00\" \/>\n<meta property=\"og:image\" content=\"https:\/\/www.manitese.it\/wp-content\/uploads\/2022\/03\/raccontare-la-guerra-ai-bambini-e-alle-bambine-mani-tese-2022-1.png\" \/>\n\t<meta property=\"og:image:width\" content=\"1920\" \/>\n\t<meta property=\"og:image:height\" content=\"800\" \/>\n\t<meta property=\"og:image:type\" content=\"image\/png\" \/>\n<meta name=\"author\" content=\"agevis\" \/>\n<meta name=\"twitter:card\" content=\"summary_large_image\" \/>\n<meta name=\"twitter:label1\" content=\"Written by\" \/>\n\t<meta name=\"twitter:data1\" content=\"agevis\" \/>\n\t<meta name=\"twitter:label2\" content=\"Est. reading time\" \/>\n\t<meta name=\"twitter:data2\" content=\"2 minutes\" \/>\n<script type=\"application\/ld+json\" class=\"yoast-schema-graph\">{\"@context\":\"https:\\\/\\\/schema.org\",\"@graph\":[{\"@type\":\"Article\",\"@id\":\"https:\\\/\\\/www.manitese.it\\\/en\\\/raccontare-la-guerra-ai-bambini-e-alle-bambine\\\/#article\",\"isPartOf\":{\"@id\":\"https:\\\/\\\/www.manitese.it\\\/en\\\/raccontare-la-guerra-ai-bambini-e-alle-bambine\\\/\"},\"author\":{\"name\":\"agevis\",\"@id\":\"https:\\\/\\\/www.manitese.it\\\/en\\\/#\\\/schema\\\/person\\\/5a9774f17e4940e2510bfeba90f04f65\"},\"headline\":\"Raccontare la guerra ai bambini e alle bambine\",\"datePublished\":\"2022-03-30T08:09:25+00:00\",\"dateModified\":\"2023-11-30T11:00:25+00:00\",\"mainEntityOfPage\":{\"@id\":\"https:\\\/\\\/www.manitese.it\\\/en\\\/raccontare-la-guerra-ai-bambini-e-alle-bambine\\\/\"},\"wordCount\":395,\"commentCount\":0,\"image\":{\"@id\":\"https:\\\/\\\/www.manitese.it\\\/en\\\/raccontare-la-guerra-ai-bambini-e-alle-bambine\\\/#primaryimage\"},\"thumbnailUrl\":\"https:\\\/\\\/www.manitese.it\\\/wp-content\\\/uploads\\\/2022\\\/03\\\/raccontare-la-guerra-ai-bambini-e-alle-bambine-mani-tese-2022-1.png\",\"articleSection\":[\"Eventi\"],\"inLanguage\":\"en-US\",\"potentialAction\":[{\"@type\":\"CommentAction\",\"name\":\"Comment\",\"target\":[\"https:\\\/\\\/www.manitese.it\\\/en\\\/raccontare-la-guerra-ai-bambini-e-alle-bambine\\\/#respond\"]}]},{\"@type\":\"WebPage\",\"@id\":\"https:\\\/\\\/www.manitese.it\\\/en\\\/raccontare-la-guerra-ai-bambini-e-alle-bambine\\\/\",\"url\":\"https:\\\/\\\/www.manitese.it\\\/en\\\/raccontare-la-guerra-ai-bambini-e-alle-bambine\\\/\",\"name\":\"Raccontare la guerra ai bambini e alle bambine - Mani Tese\",\"isPartOf\":{\"@id\":\"https:\\\/\\\/www.manitese.it\\\/en\\\/#website\"},\"primaryImageOfPage\":{\"@id\":\"https:\\\/\\\/www.manitese.it\\\/en\\\/raccontare-la-guerra-ai-bambini-e-alle-bambine\\\/#primaryimage\"},\"image\":{\"@id\":\"https:\\\/\\\/www.manitese.it\\\/en\\\/raccontare-la-guerra-ai-bambini-e-alle-bambine\\\/#primaryimage\"},\"thumbnailUrl\":\"https:\\\/\\\/www.manitese.it\\\/wp-content\\\/uploads\\\/2022\\\/03\\\/raccontare-la-guerra-ai-bambini-e-alle-bambine-mani-tese-2022-1.png\",\"datePublished\":\"2022-03-30T08:09:25+00:00\",\"dateModified\":\"2023-11-30T11:00:25+00:00\",\"author\":{\"@id\":\"https:\\\/\\\/www.manitese.it\\\/en\\\/#\\\/schema\\\/person\\\/5a9774f17e4940e2510bfeba90f04f65\"},\"description\":\"Raccontare la guerra ai bambini e alle bambine: vi aspettiamo on line, il 6 e 20 aprile 2022, per un ciclo di webinar dedicato a genitori, insegnanti ed educatori per capire come raccontare la guerra ai pi\u00f9 piccoli.\",\"breadcrumb\":{\"@id\":\"https:\\\/\\\/www.manitese.it\\\/en\\\/raccontare-la-guerra-ai-bambini-e-alle-bambine\\\/#breadcrumb\"},\"inLanguage\":\"en-US\",\"potentialAction\":[{\"@type\":\"ReadAction\",\"target\":[\"https:\\\/\\\/www.manitese.it\\\/en\\\/raccontare-la-guerra-ai-bambini-e-alle-bambine\\\/\"]}]},{\"@type\":\"ImageObject\",\"inLanguage\":\"en-US\",\"@id\":\"https:\\\/\\\/www.manitese.it\\\/en\\\/raccontare-la-guerra-ai-bambini-e-alle-bambine\\\/#primaryimage\",\"url\":\"https:\\\/\\\/www.manitese.it\\\/wp-content\\\/uploads\\\/2022\\\/03\\\/raccontare-la-guerra-ai-bambini-e-alle-bambine-mani-tese-2022-1.png\",\"contentUrl\":\"https:\\\/\\\/www.manitese.it\\\/wp-content\\\/uploads\\\/2022\\\/03\\\/raccontare-la-guerra-ai-bambini-e-alle-bambine-mani-tese-2022-1.png\",\"width\":1920,\"height\":800,\"caption\":\"raccontare la guerra ai bambini e alle bambine mani tese 2022\"},{\"@type\":\"BreadcrumbList\",\"@id\":\"https:\\\/\\\/www.manitese.it\\\/en\\\/raccontare-la-guerra-ai-bambini-e-alle-bambine\\\/#breadcrumb\",\"itemListElement\":[{\"@type\":\"ListItem\",\"position\":1,\"name\":\"Home\",\"item\":\"https:\\\/\\\/www.manitese.it\\\/en\\\/\"},{\"@type\":\"ListItem\",\"position\":2,\"name\":\"Raccontare la guerra ai bambini e alle bambine\"}]},{\"@type\":\"WebSite\",\"@id\":\"https:\\\/\\\/www.manitese.it\\\/en\\\/#website\",\"url\":\"https:\\\/\\\/www.manitese.it\\\/en\\\/\",\"name\":\"Mani Tese\",\"description\":\"\",\"potentialAction\":[{\"@type\":\"SearchAction\",\"target\":{\"@type\":\"EntryPoint\",\"urlTemplate\":\"https:\\\/\\\/www.manitese.it\\\/en\\\/?s={search_term_string}\"},\"query-input\":{\"@type\":\"PropertyValueSpecification\",\"valueRequired\":true,\"valueName\":\"search_term_string\"}}],\"inLanguage\":\"en-US\"},{\"@type\":\"Person\",\"@id\":\"https:\\\/\\\/www.manitese.it\\\/en\\\/#\\\/schema\\\/person\\\/5a9774f17e4940e2510bfeba90f04f65\",\"name\":\"agevis\",\"image\":{\"@type\":\"ImageObject\",\"inLanguage\":\"en-US\",\"@id\":\"https:\\\/\\\/secure.gravatar.com\\\/avatar\\\/2dc96c93fcf3387a5922a93b50fb3bff01d4800590fb6a4ab91a034adb25ba17?s=96&d=mm&r=g\",\"url\":\"https:\\\/\\\/secure.gravatar.com\\\/avatar\\\/2dc96c93fcf3387a5922a93b50fb3bff01d4800590fb6a4ab91a034adb25ba17?s=96&d=mm&r=g\",\"contentUrl\":\"https:\\\/\\\/secure.gravatar.com\\\/avatar\\\/2dc96c93fcf3387a5922a93b50fb3bff01d4800590fb6a4ab91a034adb25ba17?s=96&d=mm&r=g\",\"caption\":\"agevis\"},\"url\":\"https:\\\/\\\/www.manitese.it\\\/en\\\/author\\\/wp_agevis_admin\\\/\"}]}<\/script>\n<!-- \/ Yoast SEO plugin. -->","yoast_head_json":{"title":"Raccontare la guerra ai bambini e alle bambine - Mani Tese","description":"Raccontare la guerra ai bambini e alle bambine: vi aspettiamo on line, il 6 e 20 aprile 2022, per un ciclo di webinar dedicato a genitori, insegnanti ed educatori per capire come raccontare la guerra ai pi\u00f9 piccoli.","robots":{"index":"index","follow":"follow","max-snippet":"max-snippet:-1","max-image-preview":"max-image-preview:large","max-video-preview":"max-video-preview:-1"},"canonical":"https:\/\/www.manitese.it\/en\/raccontare-la-guerra-ai-bambini-e-alle-bambine\/","og_locale":"en_US","og_type":"article","og_title":"Raccontare la guerra ai bambini e alle bambine - Mani Tese","og_description":"Raccontare la guerra ai bambini e alle bambine: vi aspettiamo on line, il 6 e 20 aprile 2022, per un ciclo di webinar dedicato a genitori, insegnanti ed educatori per capire come raccontare la guerra ai pi\u00f9 piccoli.","og_url":"https:\/\/www.manitese.it\/en\/raccontare-la-guerra-ai-bambini-e-alle-bambine\/","og_site_name":"Mani Tese","article_published_time":"2022-03-30T08:09:25+00:00","article_modified_time":"2023-11-30T11:00:25+00:00","og_image":[{"width":1920,"height":800,"url":"https:\/\/www.manitese.it\/wp-content\/uploads\/2022\/03\/raccontare-la-guerra-ai-bambini-e-alle-bambine-mani-tese-2022-1.png","type":"image\/png"}],"author":"agevis","twitter_card":"summary_large_image","twitter_misc":{"Written by":"agevis","Est. reading time":"2 minutes"},"schema":{"@context":"https:\/\/schema.org","@graph":[{"@type":"Article","@id":"https:\/\/www.manitese.it\/en\/raccontare-la-guerra-ai-bambini-e-alle-bambine\/#article","isPartOf":{"@id":"https:\/\/www.manitese.it\/en\/raccontare-la-guerra-ai-bambini-e-alle-bambine\/"},"author":{"name":"agevis","@id":"https:\/\/www.manitese.it\/en\/#\/schema\/person\/5a9774f17e4940e2510bfeba90f04f65"},"headline":"Raccontare la guerra ai bambini e alle bambine","datePublished":"2022-03-30T08:09:25+00:00","dateModified":"2023-11-30T11:00:25+00:00","mainEntityOfPage":{"@id":"https:\/\/www.manitese.it\/en\/raccontare-la-guerra-ai-bambini-e-alle-bambine\/"},"wordCount":395,"commentCount":0,"image":{"@id":"https:\/\/www.manitese.it\/en\/raccontare-la-guerra-ai-bambini-e-alle-bambine\/#primaryimage"},"thumbnailUrl":"https:\/\/www.manitese.it\/wp-content\/uploads\/2022\/03\/raccontare-la-guerra-ai-bambini-e-alle-bambine-mani-tese-2022-1.png","articleSection":["Eventi"],"inLanguage":"en-US","potentialAction":[{"@type":"CommentAction","name":"Comment","target":["https:\/\/www.manitese.it\/en\/raccontare-la-guerra-ai-bambini-e-alle-bambine\/#respond"]}]},{"@type":"WebPage","@id":"https:\/\/www.manitese.it\/en\/raccontare-la-guerra-ai-bambini-e-alle-bambine\/","url":"https:\/\/www.manitese.it\/en\/raccontare-la-guerra-ai-bambini-e-alle-bambine\/","name":"Raccontare la guerra ai bambini e alle bambine - Mani Tese","isPartOf":{"@id":"https:\/\/www.manitese.it\/en\/#website"},"primaryImageOfPage":{"@id":"https:\/\/www.manitese.it\/en\/raccontare-la-guerra-ai-bambini-e-alle-bambine\/#primaryimage"},"image":{"@id":"https:\/\/www.manitese.it\/en\/raccontare-la-guerra-ai-bambini-e-alle-bambine\/#primaryimage"},"thumbnailUrl":"https:\/\/www.manitese.it\/wp-content\/uploads\/2022\/03\/raccontare-la-guerra-ai-bambini-e-alle-bambine-mani-tese-2022-1.png","datePublished":"2022-03-30T08:09:25+00:00","dateModified":"2023-11-30T11:00:25+00:00","author":{"@id":"https:\/\/www.manitese.it\/en\/#\/schema\/person\/5a9774f17e4940e2510bfeba90f04f65"},"description":"Raccontare la guerra ai bambini e alle bambine: vi aspettiamo on line, il 6 e 20 aprile 2022, per un ciclo di webinar dedicato a genitori, insegnanti ed educatori per capire come raccontare la guerra ai pi\u00f9 piccoli.","breadcrumb":{"@id":"https:\/\/www.manitese.it\/en\/raccontare-la-guerra-ai-bambini-e-alle-bambine\/#breadcrumb"},"inLanguage":"en-US","potentialAction":[{"@type":"ReadAction","target":["https:\/\/www.manitese.it\/en\/raccontare-la-guerra-ai-bambini-e-alle-bambine\/"]}]},{"@type":"ImageObject","inLanguage":"en-US","@id":"https:\/\/www.manitese.it\/en\/raccontare-la-guerra-ai-bambini-e-alle-bambine\/#primaryimage","url":"https:\/\/www.manitese.it\/wp-content\/uploads\/2022\/03\/raccontare-la-guerra-ai-bambini-e-alle-bambine-mani-tese-2022-1.png","contentUrl":"https:\/\/www.manitese.it\/wp-content\/uploads\/2022\/03\/raccontare-la-guerra-ai-bambini-e-alle-bambine-mani-tese-2022-1.png","width":1920,"height":800,"caption":"raccontare la guerra ai bambini e alle bambine mani tese 2022"},{"@type":"BreadcrumbList","@id":"https:\/\/www.manitese.it\/en\/raccontare-la-guerra-ai-bambini-e-alle-bambine\/#breadcrumb","itemListElement":[{"@type":"ListItem","position":1,"name":"Home","item":"https:\/\/www.manitese.it\/en\/"},{"@type":"ListItem","position":2,"name":"Raccontare la guerra ai bambini e alle bambine"}]},{"@type":"WebSite","@id":"https:\/\/www.manitese.it\/en\/#website","url":"https:\/\/www.manitese.it\/en\/","name":"Mani Tese","description":"","potentialAction":[{"@type":"SearchAction","target":{"@type":"EntryPoint","urlTemplate":"https:\/\/www.manitese.it\/en\/?s={search_term_string}"},"query-input":{"@type":"PropertyValueSpecification","valueRequired":true,"valueName":"search_term_string"}}],"inLanguage":"en-US"},{"@type":"Person","@id":"https:\/\/www.manitese.it\/en\/#\/schema\/person\/5a9774f17e4940e2510bfeba90f04f65","name":"agevis","image":{"@type":"ImageObject","inLanguage":"en-US","@id":"https:\/\/secure.gravatar.com\/avatar\/2dc96c93fcf3387a5922a93b50fb3bff01d4800590fb6a4ab91a034adb25ba17?s=96&d=mm&r=g","url":"https:\/\/secure.gravatar.com\/avatar\/2dc96c93fcf3387a5922a93b50fb3bff01d4800590fb6a4ab91a034adb25ba17?s=96&d=mm&r=g","contentUrl":"https:\/\/secure.gravatar.com\/avatar\/2dc96c93fcf3387a5922a93b50fb3bff01d4800590fb6a4ab91a034adb25ba17?s=96&d=mm&r=g","caption":"agevis"},"url":"https:\/\/www.manitese.it\/en\/author\/wp_agevis_admin\/"}]}},"jetpack_featured_media_url":"https:\/\/www.manitese.it\/wp-content\/uploads\/2022\/03\/raccontare-la-guerra-ai-bambini-e-alle-bambine-mani-tese-2022-1.png","jetpack_sharing_enabled":true,"_links":{"self":[{"href":"https:\/\/www.manitese.it\/en\/wp-json\/wp\/v2\/posts\/91589","targetHints":{"allow":["GET"]}}],"collection":[{"href":"https:\/\/www.manitese.it\/en\/wp-json\/wp\/v2\/posts"}],"about":[{"href":"https:\/\/www.manitese.it\/en\/wp-json\/wp\/v2\/types\/post"}],"author":[{"embeddable":true,"href":"https:\/\/www.manitese.it\/en\/wp-json\/wp\/v2\/users\/1"}],"replies":[{"embeddable":true,"href":"https:\/\/www.manitese.it\/en\/wp-json\/wp\/v2\/comments?post=91589"}],"version-history":[{"count":3,"href":"https:\/\/www.manitese.it\/en\/wp-json\/wp\/v2\/posts\/91589\/revisions"}],"predecessor-version":[{"id":191677,"href":"https:\/\/www.manitese.it\/en\/wp-json\/wp\/v2\/posts\/91589\/revisions\/191677"}],"wp:featuredmedia":[{"embeddable":true,"href":"https:\/\/www.manitese.it\/en\/wp-json\/wp\/v2\/media\/91597"}],"wp:attachment":[{"href":"https:\/\/www.manitese.it\/en\/wp-json\/wp\/v2\/media?parent=91589"}],"wp:term":[{"taxonomy":"category","embeddable":true,"href":"https:\/\/www.manitese.it\/en\/wp-json\/wp\/v2\/categories?post=91589"},{"taxonomy":"post_tag","embeddable":true,"href":"https:\/\/www.manitese.it\/en\/wp-json\/wp\/v2\/tags?post=91589"},{"taxonomy":"thematic_area","embeddable":true,"href":"https:\/\/www.manitese.it\/en\/wp-json\/wp\/v2\/thematic_area?post=91589"}],"curies":[{"name":"wp","href":"https:\/\/api.w.org\/{rel}","templated":true}]}}