{"id":91420,"date":"2022-03-24T11:15:11","date_gmt":"2022-03-24T10:15:11","guid":{"rendered":"https:\/\/manitese.it\/?p=91420"},"modified":"2023-11-30T12:12:41","modified_gmt":"2023-11-30T11:12:41","slug":"benin-la-gioia-delle-donne-al-corteo-dell-8-marzo","status":"publish","type":"post","link":"https:\/\/www.manitese.it\/en\/benin-la-gioia-delle-donne-al-corteo-dell-8-marzo\/","title":{"rendered":"Benin: la gioia delle donne al corteo dell\u20198 marzo"},"content":{"rendered":"\r\n<p>Mani Tese si occupa da anni in <strong><a href=\"https:\/\/manitese.it\/paese\/benin\" target=\"_blank\" rel=\"noreferrer noopener\" aria-label=\"Benin (apre in una nuova scheda)\">Benin<\/a><\/strong> di <strong>promuovere il ruolo e l\u2019autonomia delle donne<\/strong> attraverso lo sviluppo di attivit\u00e0 generatrici di reddito a loro dedicate (come la produzione, la trasformazione e il commercio di prodotti agricoli locali) e la promozione della scolarizzazione delle bambine.<\/p>\r\n\r\n\r\n\r\n<p>Per questo, la <strong>Giornata internazionale della donna<\/strong> da qualche anno \u00e8 diventata un momento di grande festa, che le donne dei villaggi in cui siamo presenti hanno deciso di dedicare alla celebrazione del loro impegno e dei risultati raggiunti anche grazie a Mani Tese.<\/p>\r\n\r\n\r\n\r\n<p>La giornata di quest\u2019anno, in particolare, \u00e8 stata dedicata al <em>significativo contributo delle donne allo sviluppo della comunit\u00e0 attraverso il rafforzamento della loro partecipazione, indispensabile per realizzare un futuro sostenibile in cui vige realmente l\u2019uguaglianza.<\/em><\/p>\r\n\r\n\r\n\r\n<p>Tigninti, Koussocongou, Kounadorgou, Kouba, Souroukou, Tectibayaou, Tampatou, Toucountouna, Tamp\u00e8gr\u00e9, Koudengou, Bongou, Oroukou-kayo, P\u00e9lima: <strong>sono i nomi di tutte le localit\u00e0 da cui sono arrivati i gruppi di donne che hanno deciso di riunirsi per celebrare l\u20198 marzo a Tigninti<\/strong>, una localit\u00e0 situata nel comune di Natitingou in Benin.<\/p>\r\n\r\n\r\n\r\n<p>La giornata \u00e8 stata anche un\u2019occasione per <strong>festeggiare l\u2019empowerment ottenuto grazie al sostegno di Mani Tese,<\/strong> che recentemente ha consegnato alle donne strumenti e attrezzature agricole che hanno permesso loro di migliorare l\u2019attivit\u00e0 di produzione e trasformazione degli alimenti locali.<\/p>\r\n\r\n\r\n\r\n<p>I gruppi di donne si sono ritrovati all\u2019Escale di Tigninti, da cui <strong>\u00e8 partito un grande corteo composto da una lunga carovana colorata, che ha attirato una folla impressionante<\/strong>. I gruppi hanno sfilato lungo tutto il villaggio alternando canti e danze all\u2019esposizione dei loro prodotti agricoli come la manioca, i suoi derivati (gari e tapioca), la soia, il fonio e il mais giallo.<\/p>\r\n\r\n\r\n\r\n<p>La prima tappa della parata \u00e8 stata <strong>il centro di trasformazione delle donne di Tigninti<\/strong> dove, alla presenza delle autorit\u00e0 amministrative e tradizionali, il Rappresentante Paese di Mani Tese Achille Yotto Tepa ha consegnato una nuova sgranatrice, con cui \u00e8 stata effettuata la prima sgranatura in pubblico con successo. Achille ha poi consegnato al comitato di gestione le chiavi del centro stesso che verr\u00e0 utilizzato per la trasformazione del fonio, ed \u00e8 stato realizzato grazie al progetto di Mani Tese <strong><a href=\"https:\/\/manitese.it\/progetto\/sicurezza-alimentare-atacora\" target=\"_blank\" rel=\"noreferrer noopener\" aria-label=\"\u201cMiglioramento della sicurezza alimentare e delle condizioni igienico-sanitarie delle comunit\u00e0 agricole nel dipartimento dell\u2019Atacora\u201d (apre in una nuova scheda)\">\u201cMiglioramento della sicurezza alimentare e delle condizioni igienico-sanitarie delle comunit\u00e0 agricole nel dipartimento dell\u2019Atacora\u201d<\/a><\/strong> cofinanziato dai fondi dell\u2019otto per mille dell\u2019IRPEF a diretta gestione statale.<\/p>\r\n\r\n\r\n\r\n<p>I membri del comitato di gestione, che hanno ricevuto le chiavi, hanno espresso la propria gratitudine attraverso la voce del loro segretario <strong>Richard Kouagou<\/strong>.<\/p>\r\n\r\n\r\n\r\n<p>Al termine del corteo, il <strong>capo-villaggio Roger Wembokaan<\/strong> ha dichiarato: \u201cSiamo orgogliosi delle nostre donne, che sono riuscite a organizzare questo evento e ringraziamo di cuore l\u2019Ong Mani Tese per questo appoggio, che ha permesso di cambiare la vita delle donne e delle loro famiglie\u201d.<\/p>\r\n\r\n\r\n\r\n<p><strong>Kanti N\u2019Dah, la rappresentante del gruppo di donne trasformatrici di Tigninti, <\/strong>ha sottolineato come la collaborazione tra il gruppo di donne e Mani Tese abbia permesso alla comunit\u00e0 e ai villaggi circostanti di comprendere l\u2019importanza del ruolo delle donne nel mondo del lavoro e nella produzione di reddito.<\/p>\r\n\r\n\r\n\r\n<p>\u201cSe le nostre ragazze seguono corsi di educazione civica, se oggi possiamo lottare contro l\u2019abbandono scolastico, \u00e8 grazie all&#8217;Ong Mani Tese a cui rivolgo il mio pi\u00f9 profondo ringraziamento\u201d ha aggiunto <strong>il direttore della Scuola Pubblica Primaria, F\u00e9lix Okote<\/strong>.<\/p>\r\n\r\n\r\n\r\n<p><strong>Rom\u00e9o Natta, capo del distretto di Kouandata,<\/strong> ha sottolineato come <strong>non era mai accaduto nella storia di Tigninti che le donne mobilitassero cos\u00ec tanta gente<\/strong>, facendole diventare importanti attori su cui contare per lo sviluppo del territorio.<\/p>\r\n\r\n\r\n\r\n<p><strong>Achille Yotto Tepa, Rappresentante Paese di Mani Tese in Benin<\/strong>, si \u00e8 congratulato con le donne invitandole a perseverare nelle attivit\u00e0 di trasformazione con dignit\u00e0 e determinazione senza mai rinunciare all\u2019innovazione. Ha poi invitato la popolazione a investire nell\u2019educazione scolastica dei bambini e, soprattutto, delle bambine perch\u00e9 <strong>non ci pu\u00f2 essere sviluppo senza empowerment femminile<\/strong>.<\/p>\r\n\r\n\r\n\r\n<p>L\u2019evento si \u00e8 poi concluso con l\u2019intervento di <strong>Antoine N\u2019Dah, membro del Parlamento per la quarta circoscrizione elettorale<\/strong>, che si \u00e8 congratulato con le donne e con Mani Tese per il percorso realizzato.<\/p>\r\n\r\n\r\n\r\n<p>Qui di seguito alcune foto del corteo.<\/p>\r\n\r\n\r\n\r\n<div class=\"wp-block-image\">\r\n<figure class=\"aligncenter size-large\"><a href=\"https:\/\/manitese.it\/wp-content\/uploads\/2022\/03\/8-marzo-2022-benin-mani-tese-3.jpg\"><img decoding=\"async\" class=\"wp-image-91433\" src=\"https:\/\/manitese.it\/wp-content\/uploads\/2022\/03\/8-marzo-2022-benin-mani-tese-3.jpg\" alt=\"\" \/><\/a><\/figure>\r\n<\/div>\r\n\r\n\r\n\r\n<div class=\"wp-block-image\">\r\n<figure class=\"aligncenter size-large\"><a href=\"https:\/\/manitese.it\/wp-content\/uploads\/2022\/03\/8-marzo-2022-benin-mani-tese-1.jpg\"><img decoding=\"async\" class=\"wp-image-91431\" src=\"https:\/\/manitese.it\/wp-content\/uploads\/2022\/03\/8-marzo-2022-benin-mani-tese-1.jpg\" alt=\"\" \/><\/a><\/figure>\r\n<\/div>\r\n\r\n\r\n\r\n<div class=\"wp-block-image\">\r\n<figure class=\"aligncenter size-large\"><a href=\"https:\/\/manitese.it\/wp-content\/uploads\/2022\/03\/8-marzo-2022-benin-mani-tese-2-scaled.jpg\"><img decoding=\"async\" class=\"wp-image-91435\" src=\"https:\/\/manitese.it\/wp-content\/uploads\/2022\/03\/8-marzo-2022-benin-mani-tese-2-1024x768.jpg\" alt=\"\" \/><\/a><\/figure>\r\n<\/div>\r\n","protected":false},"excerpt":{"rendered":"<p>Le donne dei gruppi sostenuti da Mani Tese si sono ritrovate a Tigninti per celebrare la 4a edizione della Giornata Internazionale della Donna, da qualche anno divenuta un importante celebrazione del loro impegno e dei loro successi.<\/p>\n","protected":false},"author":1,"featured_media":91422,"comment_status":"open","ping_status":"open","sticky":false,"template":"","format":"standard","meta":{"_acf_changed":false,"give_campaign_id":0,"inline_featured_image":false,"_jetpack_memberships_contains_paid_content":false,"footnotes":""},"categories":[3],"tags":[],"thematic_area":[918,908,905],"class_list":["post-91420","post","type-post","status-publish","format-standard","has-post-thumbnail","hentry","category-diari","thematic_area-sistemi-e-filiere-agroalimentari-locali","thematic_area-parita-di-genere","thematic_area-accesso-universale-al-cibo-e-allacqua"],"acf":[],"yoast_head":"<!-- This site is optimized with the Yoast SEO plugin v27.5 - https:\/\/yoast.com\/product\/yoast-seo-wordpress\/ -->\n<title>Benin: la gioia delle donne al corteo dell\u20198 marzo - Mani Tese<\/title>\n<meta name=\"description\" content=\"Le donne dei gruppi sostenuti da Mani Tese si sono ritrovate a Tigninti per celebrare la 4a edizione della Giornata Internazionale della Donna, da qualche anno divenuta un importante celebrazione del loro impegno e dei loro successi.\" \/>\n<meta name=\"robots\" content=\"index, follow, max-snippet:-1, max-image-preview:large, max-video-preview:-1\" \/>\n<link rel=\"canonical\" href=\"https:\/\/www.manitese.it\/en\/benin-la-gioia-delle-donne-al-corteo-dell-8-marzo\/\" \/>\n<meta property=\"og:locale\" content=\"en_US\" \/>\n<meta property=\"og:type\" content=\"article\" \/>\n<meta property=\"og:title\" content=\"Benin: la gioia delle donne al corteo dell\u20198 marzo - Mani Tese\" \/>\n<meta property=\"og:description\" content=\"Le donne dei gruppi sostenuti da Mani Tese si sono ritrovate a Tigninti per celebrare la 4a edizione della Giornata Internazionale della Donna, da qualche anno divenuta un importante celebrazione del loro impegno e dei loro successi.\" \/>\n<meta property=\"og:url\" content=\"https:\/\/www.manitese.it\/en\/benin-la-gioia-delle-donne-al-corteo-dell-8-marzo\/\" \/>\n<meta property=\"og:site_name\" content=\"Mani Tese\" \/>\n<meta property=\"article:published_time\" content=\"2022-03-24T10:15:11+00:00\" \/>\n<meta property=\"article:modified_time\" content=\"2023-11-30T11:12:41+00:00\" \/>\n<meta property=\"og:image\" content=\"https:\/\/www.manitese.it\/wp-content\/uploads\/2022\/03\/8-marzo-2022-benin-mani-tese-5.jpg\" \/>\n\t<meta property=\"og:image:width\" content=\"1920\" \/>\n\t<meta property=\"og:image:height\" content=\"800\" \/>\n\t<meta property=\"og:image:type\" content=\"image\/jpeg\" \/>\n<meta name=\"author\" content=\"agevis\" \/>\n<meta name=\"twitter:card\" content=\"summary_large_image\" \/>\n<meta name=\"twitter:label1\" content=\"Written by\" \/>\n\t<meta name=\"twitter:data1\" content=\"agevis\" \/>\n\t<meta name=\"twitter:label2\" content=\"Est. reading time\" \/>\n\t<meta name=\"twitter:data2\" content=\"4 minutes\" \/>\n<script type=\"application\/ld+json\" class=\"yoast-schema-graph\">{\"@context\":\"https:\\\/\\\/schema.org\",\"@graph\":[{\"@type\":\"Article\",\"@id\":\"https:\\\/\\\/www.manitese.it\\\/en\\\/benin-la-gioia-delle-donne-al-corteo-dell-8-marzo\\\/#article\",\"isPartOf\":{\"@id\":\"https:\\\/\\\/www.manitese.it\\\/en\\\/benin-la-gioia-delle-donne-al-corteo-dell-8-marzo\\\/\"},\"author\":{\"name\":\"agevis\",\"@id\":\"https:\\\/\\\/www.manitese.it\\\/en\\\/#\\\/schema\\\/person\\\/5a9774f17e4940e2510bfeba90f04f65\"},\"headline\":\"Benin: la gioia delle donne al corteo dell\u20198 marzo\",\"datePublished\":\"2022-03-24T10:15:11+00:00\",\"dateModified\":\"2023-11-30T11:12:41+00:00\",\"mainEntityOfPage\":{\"@id\":\"https:\\\/\\\/www.manitese.it\\\/en\\\/benin-la-gioia-delle-donne-al-corteo-dell-8-marzo\\\/\"},\"wordCount\":692,\"commentCount\":0,\"image\":{\"@id\":\"https:\\\/\\\/www.manitese.it\\\/en\\\/benin-la-gioia-delle-donne-al-corteo-dell-8-marzo\\\/#primaryimage\"},\"thumbnailUrl\":\"https:\\\/\\\/www.manitese.it\\\/wp-content\\\/uploads\\\/2022\\\/03\\\/8-marzo-2022-benin-mani-tese-5.jpg\",\"articleSection\":[\"Diari\"],\"inLanguage\":\"en-US\",\"potentialAction\":[{\"@type\":\"CommentAction\",\"name\":\"Comment\",\"target\":[\"https:\\\/\\\/www.manitese.it\\\/en\\\/benin-la-gioia-delle-donne-al-corteo-dell-8-marzo\\\/#respond\"]}]},{\"@type\":\"WebPage\",\"@id\":\"https:\\\/\\\/www.manitese.it\\\/en\\\/benin-la-gioia-delle-donne-al-corteo-dell-8-marzo\\\/\",\"url\":\"https:\\\/\\\/www.manitese.it\\\/en\\\/benin-la-gioia-delle-donne-al-corteo-dell-8-marzo\\\/\",\"name\":\"Benin: la gioia delle donne al corteo dell\u20198 marzo - Mani Tese\",\"isPartOf\":{\"@id\":\"https:\\\/\\\/www.manitese.it\\\/en\\\/#website\"},\"primaryImageOfPage\":{\"@id\":\"https:\\\/\\\/www.manitese.it\\\/en\\\/benin-la-gioia-delle-donne-al-corteo-dell-8-marzo\\\/#primaryimage\"},\"image\":{\"@id\":\"https:\\\/\\\/www.manitese.it\\\/en\\\/benin-la-gioia-delle-donne-al-corteo-dell-8-marzo\\\/#primaryimage\"},\"thumbnailUrl\":\"https:\\\/\\\/www.manitese.it\\\/wp-content\\\/uploads\\\/2022\\\/03\\\/8-marzo-2022-benin-mani-tese-5.jpg\",\"datePublished\":\"2022-03-24T10:15:11+00:00\",\"dateModified\":\"2023-11-30T11:12:41+00:00\",\"author\":{\"@id\":\"https:\\\/\\\/www.manitese.it\\\/en\\\/#\\\/schema\\\/person\\\/5a9774f17e4940e2510bfeba90f04f65\"},\"description\":\"Le donne dei gruppi sostenuti da Mani Tese si sono ritrovate a Tigninti per celebrare la 4a edizione della Giornata Internazionale della Donna, da qualche anno divenuta un importante celebrazione del loro impegno e dei loro successi.\",\"breadcrumb\":{\"@id\":\"https:\\\/\\\/www.manitese.it\\\/en\\\/benin-la-gioia-delle-donne-al-corteo-dell-8-marzo\\\/#breadcrumb\"},\"inLanguage\":\"en-US\",\"potentialAction\":[{\"@type\":\"ReadAction\",\"target\":[\"https:\\\/\\\/www.manitese.it\\\/en\\\/benin-la-gioia-delle-donne-al-corteo-dell-8-marzo\\\/\"]}]},{\"@type\":\"ImageObject\",\"inLanguage\":\"en-US\",\"@id\":\"https:\\\/\\\/www.manitese.it\\\/en\\\/benin-la-gioia-delle-donne-al-corteo-dell-8-marzo\\\/#primaryimage\",\"url\":\"https:\\\/\\\/www.manitese.it\\\/wp-content\\\/uploads\\\/2022\\\/03\\\/8-marzo-2022-benin-mani-tese-5.jpg\",\"contentUrl\":\"https:\\\/\\\/www.manitese.it\\\/wp-content\\\/uploads\\\/2022\\\/03\\\/8-marzo-2022-benin-mani-tese-5.jpg\",\"width\":1920,\"height\":800,\"caption\":\"8 marzo 2022 benin mani tese\"},{\"@type\":\"BreadcrumbList\",\"@id\":\"https:\\\/\\\/www.manitese.it\\\/en\\\/benin-la-gioia-delle-donne-al-corteo-dell-8-marzo\\\/#breadcrumb\",\"itemListElement\":[{\"@type\":\"ListItem\",\"position\":1,\"name\":\"Home\",\"item\":\"https:\\\/\\\/www.manitese.it\\\/en\\\/\"},{\"@type\":\"ListItem\",\"position\":2,\"name\":\"Benin: la gioia delle donne al corteo dell\u20198 marzo\"}]},{\"@type\":\"WebSite\",\"@id\":\"https:\\\/\\\/www.manitese.it\\\/en\\\/#website\",\"url\":\"https:\\\/\\\/www.manitese.it\\\/en\\\/\",\"name\":\"Mani Tese\",\"description\":\"\",\"potentialAction\":[{\"@type\":\"SearchAction\",\"target\":{\"@type\":\"EntryPoint\",\"urlTemplate\":\"https:\\\/\\\/www.manitese.it\\\/en\\\/?s={search_term_string}\"},\"query-input\":{\"@type\":\"PropertyValueSpecification\",\"valueRequired\":true,\"valueName\":\"search_term_string\"}}],\"inLanguage\":\"en-US\"},{\"@type\":\"Person\",\"@id\":\"https:\\\/\\\/www.manitese.it\\\/en\\\/#\\\/schema\\\/person\\\/5a9774f17e4940e2510bfeba90f04f65\",\"name\":\"agevis\",\"image\":{\"@type\":\"ImageObject\",\"inLanguage\":\"en-US\",\"@id\":\"https:\\\/\\\/secure.gravatar.com\\\/avatar\\\/2dc96c93fcf3387a5922a93b50fb3bff01d4800590fb6a4ab91a034adb25ba17?s=96&d=mm&r=g\",\"url\":\"https:\\\/\\\/secure.gravatar.com\\\/avatar\\\/2dc96c93fcf3387a5922a93b50fb3bff01d4800590fb6a4ab91a034adb25ba17?s=96&d=mm&r=g\",\"contentUrl\":\"https:\\\/\\\/secure.gravatar.com\\\/avatar\\\/2dc96c93fcf3387a5922a93b50fb3bff01d4800590fb6a4ab91a034adb25ba17?s=96&d=mm&r=g\",\"caption\":\"agevis\"},\"url\":\"https:\\\/\\\/www.manitese.it\\\/en\\\/author\\\/wp_agevis_admin\\\/\"}]}<\/script>\n<!-- \/ Yoast SEO plugin. -->","yoast_head_json":{"title":"Benin: la gioia delle donne al corteo dell\u20198 marzo - Mani Tese","description":"Le donne dei gruppi sostenuti da Mani Tese si sono ritrovate a Tigninti per celebrare la 4a edizione della Giornata Internazionale della Donna, da qualche anno divenuta un importante celebrazione del loro impegno e dei loro successi.","robots":{"index":"index","follow":"follow","max-snippet":"max-snippet:-1","max-image-preview":"max-image-preview:large","max-video-preview":"max-video-preview:-1"},"canonical":"https:\/\/www.manitese.it\/en\/benin-la-gioia-delle-donne-al-corteo-dell-8-marzo\/","og_locale":"en_US","og_type":"article","og_title":"Benin: la gioia delle donne al corteo dell\u20198 marzo - Mani Tese","og_description":"Le donne dei gruppi sostenuti da Mani Tese si sono ritrovate a Tigninti per celebrare la 4a edizione della Giornata Internazionale della Donna, da qualche anno divenuta un importante celebrazione del loro impegno e dei loro successi.","og_url":"https:\/\/www.manitese.it\/en\/benin-la-gioia-delle-donne-al-corteo-dell-8-marzo\/","og_site_name":"Mani Tese","article_published_time":"2022-03-24T10:15:11+00:00","article_modified_time":"2023-11-30T11:12:41+00:00","og_image":[{"width":1920,"height":800,"url":"https:\/\/www.manitese.it\/wp-content\/uploads\/2022\/03\/8-marzo-2022-benin-mani-tese-5.jpg","type":"image\/jpeg"}],"author":"agevis","twitter_card":"summary_large_image","twitter_misc":{"Written by":"agevis","Est. reading time":"4 minutes"},"schema":{"@context":"https:\/\/schema.org","@graph":[{"@type":"Article","@id":"https:\/\/www.manitese.it\/en\/benin-la-gioia-delle-donne-al-corteo-dell-8-marzo\/#article","isPartOf":{"@id":"https:\/\/www.manitese.it\/en\/benin-la-gioia-delle-donne-al-corteo-dell-8-marzo\/"},"author":{"name":"agevis","@id":"https:\/\/www.manitese.it\/en\/#\/schema\/person\/5a9774f17e4940e2510bfeba90f04f65"},"headline":"Benin: la gioia delle donne al corteo dell\u20198 marzo","datePublished":"2022-03-24T10:15:11+00:00","dateModified":"2023-11-30T11:12:41+00:00","mainEntityOfPage":{"@id":"https:\/\/www.manitese.it\/en\/benin-la-gioia-delle-donne-al-corteo-dell-8-marzo\/"},"wordCount":692,"commentCount":0,"image":{"@id":"https:\/\/www.manitese.it\/en\/benin-la-gioia-delle-donne-al-corteo-dell-8-marzo\/#primaryimage"},"thumbnailUrl":"https:\/\/www.manitese.it\/wp-content\/uploads\/2022\/03\/8-marzo-2022-benin-mani-tese-5.jpg","articleSection":["Diari"],"inLanguage":"en-US","potentialAction":[{"@type":"CommentAction","name":"Comment","target":["https:\/\/www.manitese.it\/en\/benin-la-gioia-delle-donne-al-corteo-dell-8-marzo\/#respond"]}]},{"@type":"WebPage","@id":"https:\/\/www.manitese.it\/en\/benin-la-gioia-delle-donne-al-corteo-dell-8-marzo\/","url":"https:\/\/www.manitese.it\/en\/benin-la-gioia-delle-donne-al-corteo-dell-8-marzo\/","name":"Benin: la gioia delle donne al corteo dell\u20198 marzo - Mani Tese","isPartOf":{"@id":"https:\/\/www.manitese.it\/en\/#website"},"primaryImageOfPage":{"@id":"https:\/\/www.manitese.it\/en\/benin-la-gioia-delle-donne-al-corteo-dell-8-marzo\/#primaryimage"},"image":{"@id":"https:\/\/www.manitese.it\/en\/benin-la-gioia-delle-donne-al-corteo-dell-8-marzo\/#primaryimage"},"thumbnailUrl":"https:\/\/www.manitese.it\/wp-content\/uploads\/2022\/03\/8-marzo-2022-benin-mani-tese-5.jpg","datePublished":"2022-03-24T10:15:11+00:00","dateModified":"2023-11-30T11:12:41+00:00","author":{"@id":"https:\/\/www.manitese.it\/en\/#\/schema\/person\/5a9774f17e4940e2510bfeba90f04f65"},"description":"Le donne dei gruppi sostenuti da Mani Tese si sono ritrovate a Tigninti per celebrare la 4a edizione della Giornata Internazionale della Donna, da qualche anno divenuta un importante celebrazione del loro impegno e dei loro successi.","breadcrumb":{"@id":"https:\/\/www.manitese.it\/en\/benin-la-gioia-delle-donne-al-corteo-dell-8-marzo\/#breadcrumb"},"inLanguage":"en-US","potentialAction":[{"@type":"ReadAction","target":["https:\/\/www.manitese.it\/en\/benin-la-gioia-delle-donne-al-corteo-dell-8-marzo\/"]}]},{"@type":"ImageObject","inLanguage":"en-US","@id":"https:\/\/www.manitese.it\/en\/benin-la-gioia-delle-donne-al-corteo-dell-8-marzo\/#primaryimage","url":"https:\/\/www.manitese.it\/wp-content\/uploads\/2022\/03\/8-marzo-2022-benin-mani-tese-5.jpg","contentUrl":"https:\/\/www.manitese.it\/wp-content\/uploads\/2022\/03\/8-marzo-2022-benin-mani-tese-5.jpg","width":1920,"height":800,"caption":"8 marzo 2022 benin mani tese"},{"@type":"BreadcrumbList","@id":"https:\/\/www.manitese.it\/en\/benin-la-gioia-delle-donne-al-corteo-dell-8-marzo\/#breadcrumb","itemListElement":[{"@type":"ListItem","position":1,"name":"Home","item":"https:\/\/www.manitese.it\/en\/"},{"@type":"ListItem","position":2,"name":"Benin: la gioia delle donne al corteo dell\u20198 marzo"}]},{"@type":"WebSite","@id":"https:\/\/www.manitese.it\/en\/#website","url":"https:\/\/www.manitese.it\/en\/","name":"Mani Tese","description":"","potentialAction":[{"@type":"SearchAction","target":{"@type":"EntryPoint","urlTemplate":"https:\/\/www.manitese.it\/en\/?s={search_term_string}"},"query-input":{"@type":"PropertyValueSpecification","valueRequired":true,"valueName":"search_term_string"}}],"inLanguage":"en-US"},{"@type":"Person","@id":"https:\/\/www.manitese.it\/en\/#\/schema\/person\/5a9774f17e4940e2510bfeba90f04f65","name":"agevis","image":{"@type":"ImageObject","inLanguage":"en-US","@id":"https:\/\/secure.gravatar.com\/avatar\/2dc96c93fcf3387a5922a93b50fb3bff01d4800590fb6a4ab91a034adb25ba17?s=96&d=mm&r=g","url":"https:\/\/secure.gravatar.com\/avatar\/2dc96c93fcf3387a5922a93b50fb3bff01d4800590fb6a4ab91a034adb25ba17?s=96&d=mm&r=g","contentUrl":"https:\/\/secure.gravatar.com\/avatar\/2dc96c93fcf3387a5922a93b50fb3bff01d4800590fb6a4ab91a034adb25ba17?s=96&d=mm&r=g","caption":"agevis"},"url":"https:\/\/www.manitese.it\/en\/author\/wp_agevis_admin\/"}]}},"jetpack_featured_media_url":"https:\/\/www.manitese.it\/wp-content\/uploads\/2022\/03\/8-marzo-2022-benin-mani-tese-5.jpg","jetpack_sharing_enabled":true,"_links":{"self":[{"href":"https:\/\/www.manitese.it\/en\/wp-json\/wp\/v2\/posts\/91420","targetHints":{"allow":["GET"]}}],"collection":[{"href":"https:\/\/www.manitese.it\/en\/wp-json\/wp\/v2\/posts"}],"about":[{"href":"https:\/\/www.manitese.it\/en\/wp-json\/wp\/v2\/types\/post"}],"author":[{"embeddable":true,"href":"https:\/\/www.manitese.it\/en\/wp-json\/wp\/v2\/users\/1"}],"replies":[{"embeddable":true,"href":"https:\/\/www.manitese.it\/en\/wp-json\/wp\/v2\/comments?post=91420"}],"version-history":[{"count":3,"href":"https:\/\/www.manitese.it\/en\/wp-json\/wp\/v2\/posts\/91420\/revisions"}],"predecessor-version":[{"id":191680,"href":"https:\/\/www.manitese.it\/en\/wp-json\/wp\/v2\/posts\/91420\/revisions\/191680"}],"wp:featuredmedia":[{"embeddable":true,"href":"https:\/\/www.manitese.it\/en\/wp-json\/wp\/v2\/media\/91422"}],"wp:attachment":[{"href":"https:\/\/www.manitese.it\/en\/wp-json\/wp\/v2\/media?parent=91420"}],"wp:term":[{"taxonomy":"category","embeddable":true,"href":"https:\/\/www.manitese.it\/en\/wp-json\/wp\/v2\/categories?post=91420"},{"taxonomy":"post_tag","embeddable":true,"href":"https:\/\/www.manitese.it\/en\/wp-json\/wp\/v2\/tags?post=91420"},{"taxonomy":"thematic_area","embeddable":true,"href":"https:\/\/www.manitese.it\/en\/wp-json\/wp\/v2\/thematic_area?post=91420"}],"curies":[{"name":"wp","href":"https:\/\/api.w.org\/{rel}","templated":true}]}}