{"id":91105,"date":"2022-03-14T12:01:05","date_gmt":"2022-03-14T11:01:05","guid":{"rendered":"https:\/\/manitese.it\/?p=91105"},"modified":"2023-11-30T12:36:09","modified_gmt":"2023-11-30T11:36:09","slug":"agricoltura-circolare-storia-di-isaias-manuel","status":"publish","type":"post","link":"https:\/\/www.manitese.it\/en\/agricoltura-circolare-storia-di-isaias-manuel\/","title":{"rendered":"Agricoltura circolare: storia di Isa\u00edas Manuel"},"content":{"rendered":"\r\n<p>Nella provincia della Zambezia, in <strong>Mozambico<\/strong>, stiamo lavorando per migliorare la sicurezza alimentare e la situazione nutrizionale delle comunit\u00e0 pi\u00f9 vulnerabili, attraverso il rafforzamento dell\u2019agricoltura e dell\u2019allevamento. Lo facciamo grazie al progetto\u00a0<a href=\"https:\/\/manitese.it\/progetto\/agricoltura-circolare-per-ridurre-fame-in-zambezia\" target=\"_blank\" rel=\"noreferrer noopener\"><strong>\u201cAgricoltura circolare per ridurre la fame in Zambezia\u201d<\/strong><\/a>,\u00a0cofinanziato dall\u20198\u00d71000 a gestione statale, che potete sostenere anche voi <a href=\"https:\/\/donazioni.manitese.it\/\" target=\"_blank\" rel=\"noreferrer noopener\" aria-label=\" (apre in una nuova scheda)\"><strong>donando qui<\/strong><\/a>.<\/p>\r\n\r\n\r\n\r\n<p>Il mese scorso, dalla comunit\u00e0 di Barrone, ci \u00e8 arrivata la testimonianza di uno dei beneficiari del progetto, il signor <strong>Isa\u00edas Manuel<\/strong>, a cui lasciamo la parola.<\/p>\r\n\r\n\r\n\r\n<p>\u201cPrima del progetto \u2013 esordisce Isa\u00edas \u2013 avevamo difficolt\u00e0 nell\u2019agricoltura, per via di tecniche di coltivazione non efficaci, problemi con l\u2019irrigazione dei campi e scarso accesso alle sementi. In alcuni casi, poi, ci mancavano le conoscenze: non eravamo consapevoli dell&#8217;importanza di avere una variet\u00e0 di colture e il mais, per esempio, lo coltivavamo soltanto nella seconda parte dell\u2019anno e non nella prima.<\/p>\r\n\r\n\r\n\r\n<p><strong>Mani Tese ci ha aiutato con nuova attrezzatura, sementi e formazioni sull\u2019agricoltura. Adesso abbiamo cambiato il modo di coltivare e stiamo gi\u00e0 raccogliendo i primi frutti di questo lavoro.<\/strong><\/p>\r\n\r\n\r\n\r\n<p>Un altro problema della comunit\u00e0 \u2013 continua Isa\u00edas \u2013 era l\u2019acqua potabile. Il pozzo che avevamo nel villaggio era vecchio e l\u2019acqua non era pi\u00f9 buona da bere, la utilizzavamo solo l\u2019agricoltura e per lavarci. <strong>Ora, grazie al progetto di Mani Tese, \u00e8 stato costruito un nuovo pozzo e abbiamo a disposizione acqua potabile tutti i giorni<\/strong>.<\/p>\r\n\r\n\r\n\r\n<p>Mani Tese ci ha aiutato anche a migliorare l\u2019alimentazione dei nostri bambini. Purtroppo i nostri figli e figlie devono percorrere circa 5 km per arrivare a scuola e hanno bisogno di cibo nutriente e che dia energia. In passato davamo ai bambini il porridge con riso e zucchero, ma le famiglie che non potevano permetterselo mettevano il sale al posto dello zucchero. <strong>Grazie agli insegnamenti del progetto, abbiamo imparato altri modi per preparare il cibo per i nostri bambini. Ora prepariamo il porridge di soia e lo rendiamo pi\u00f9 nutriente con uova, pesce o altro ancora.<\/strong><\/p>\r\n\r\n\r\n\r\n<p>Una difficolt\u00e0 in pi\u00f9 che dobbiamo affrontare \u2013 prosegue Isa\u00edas \u2013 \u00e8 il cambiamento climatico. In passato seminavamo nel mese di novembre, adesso per adattarci abbiamo seminato nel mese di gennaio, ma \u00e8 un mese piovoso e questo rende pi\u00f9 difficile la produzione. Con l\u2019aiuto di Mani Tese, per\u00f2, speriamo di superare anche questa difficolt\u00e0.<\/p>\r\n\r\n\r\n\r\n<p>In futuro \u2013 conclude Isa\u00edas \u2013 speriamo di essere nuovamente coinvolti nei progetti di Mani Tese perch\u00e9 abbiamo imparato tanto, ma abbiamo bisogno anche di scuole e nuovi pozzi per la raccolta di acqua potabile. Grazie a Mani Tese e grazie a tutti quelli che ci aiuteranno.\u201d<\/p>\r\n\r\n\r\n\r\n<p>Leggi le altre storie del progetto\u00a0<a href=\"https:\/\/manitese.it\/progetto\/agricoltura-circolare-per-ridurre-fame-in-zambezia\" target=\"_blank\" rel=\"noreferrer noopener\"><strong>\u201cAgricoltura circolare per ridurre la fame in Zambezia\u201d<\/strong><\/a> e aiutaci a migliorare la sicurezza alimentare della Zambezia: <a href=\"https:\/\/manitese.it\/progetto\/agricoltura-circolare-per-ridurre-fame-in-zambezia\" target=\"_blank\" rel=\"noreferrer noopener\" aria-label=\" (apre in una nuova scheda)\">https:\/\/manitese.it\/progetto\/agricoltura-circolare-per-ridurre-fame-in-zambezia<\/a><\/p>\r\n\r\n\r\n\r\n<div class=\"wp-block-image\">\r\n<figure class=\"aligncenter size-large\"><a href=\"https:\/\/manitese.it\/wp-content\/uploads\/2022\/03\/mozambico-zambezia-agricoltura-circolare-famiglia-mani-tese.jpg\" target=\"_blank\" rel=\"noreferrer noopener\"><img decoding=\"async\" class=\"wp-image-91109\" src=\"https:\/\/manitese.it\/wp-content\/uploads\/2022\/03\/mozambico-zambezia-agricoltura-circolare-famiglia-mani-tese-1024x768.jpg\" alt=\"\" \/><\/a><\/figure>\r\n<\/div>\r\n","protected":false},"excerpt":{"rendered":"<p>Isa\u00edas Manuel ci racconta come la vita nella comunit\u00e0 di Barrone \u00e8 migliorata grazie al progetto \u201cAgricoltura Circolare\u201d.<\/p>\n","protected":false},"author":1,"featured_media":91107,"comment_status":"open","ping_status":"open","sticky":false,"template":"","format":"standard","meta":{"_acf_changed":false,"give_campaign_id":0,"inline_featured_image":false,"_jetpack_memberships_contains_paid_content":false,"footnotes":""},"categories":[3],"tags":[],"thematic_area":[917,905],"class_list":["post-91105","post","type-post","status-publish","format-standard","has-post-thumbnail","hentry","category-diari","thematic_area-economia-circolare","thematic_area-accesso-universale-al-cibo-e-allacqua"],"acf":[],"yoast_head":"<!-- This site is optimized with the Yoast SEO plugin v27.5 - https:\/\/yoast.com\/product\/yoast-seo-wordpress\/ -->\n<title>Agricoltura circolare: storia di Isa\u00edas Manuel - Mani Tese<\/title>\n<meta name=\"description\" content=\"Isa\u00edas Manuel ci racconta come la vita nella comunit\u00e0 di Barrone \u00e8 migliorata grazie al progetto \u201cAgricoltura Circolare\u201d.\" \/>\n<meta name=\"robots\" content=\"index, follow, max-snippet:-1, max-image-preview:large, max-video-preview:-1\" \/>\n<link rel=\"canonical\" href=\"https:\/\/www.manitese.it\/en\/agricoltura-circolare-storia-di-isaias-manuel\/\" \/>\n<meta property=\"og:locale\" content=\"en_US\" \/>\n<meta property=\"og:type\" content=\"article\" \/>\n<meta property=\"og:title\" content=\"Agricoltura circolare: storia di Isa\u00edas Manuel - Mani Tese\" \/>\n<meta property=\"og:description\" content=\"Isa\u00edas Manuel ci racconta come la vita nella comunit\u00e0 di Barrone \u00e8 migliorata grazie al progetto \u201cAgricoltura Circolare\u201d.\" \/>\n<meta property=\"og:url\" content=\"https:\/\/www.manitese.it\/en\/agricoltura-circolare-storia-di-isaias-manuel\/\" \/>\n<meta property=\"og:site_name\" content=\"Mani Tese\" \/>\n<meta property=\"article:published_time\" content=\"2022-03-14T11:01:05+00:00\" \/>\n<meta property=\"article:modified_time\" content=\"2023-11-30T11:36:09+00:00\" \/>\n<meta property=\"og:image\" content=\"https:\/\/www.manitese.it\/wp-content\/uploads\/2022\/03\/mozambico-zambezia-agricoltura-circolare-famiglia-mani-tese-2022-1.jpg\" \/>\n\t<meta property=\"og:image:width\" content=\"1920\" \/>\n\t<meta property=\"og:image:height\" content=\"800\" \/>\n\t<meta property=\"og:image:type\" content=\"image\/jpeg\" \/>\n<meta name=\"author\" content=\"agevis\" \/>\n<meta name=\"twitter:card\" content=\"summary_large_image\" \/>\n<meta name=\"twitter:label1\" content=\"Written by\" \/>\n\t<meta name=\"twitter:data1\" content=\"agevis\" \/>\n\t<meta name=\"twitter:label2\" content=\"Est. reading time\" \/>\n\t<meta name=\"twitter:data2\" content=\"3 minutes\" \/>\n<script type=\"application\/ld+json\" class=\"yoast-schema-graph\">{\"@context\":\"https:\\\/\\\/schema.org\",\"@graph\":[{\"@type\":\"Article\",\"@id\":\"https:\\\/\\\/www.manitese.it\\\/en\\\/agricoltura-circolare-storia-di-isaias-manuel\\\/#article\",\"isPartOf\":{\"@id\":\"https:\\\/\\\/www.manitese.it\\\/en\\\/agricoltura-circolare-storia-di-isaias-manuel\\\/\"},\"author\":{\"name\":\"agevis\",\"@id\":\"https:\\\/\\\/www.manitese.it\\\/en\\\/#\\\/schema\\\/person\\\/5a9774f17e4940e2510bfeba90f04f65\"},\"headline\":\"Agricoltura circolare: storia di Isa\u00edas Manuel\",\"datePublished\":\"2022-03-14T11:01:05+00:00\",\"dateModified\":\"2023-11-30T11:36:09+00:00\",\"mainEntityOfPage\":{\"@id\":\"https:\\\/\\\/www.manitese.it\\\/en\\\/agricoltura-circolare-storia-di-isaias-manuel\\\/\"},\"wordCount\":464,\"commentCount\":0,\"image\":{\"@id\":\"https:\\\/\\\/www.manitese.it\\\/en\\\/agricoltura-circolare-storia-di-isaias-manuel\\\/#primaryimage\"},\"thumbnailUrl\":\"https:\\\/\\\/www.manitese.it\\\/wp-content\\\/uploads\\\/2022\\\/03\\\/mozambico-zambezia-agricoltura-circolare-famiglia-mani-tese-2022-1.jpg\",\"articleSection\":[\"Diari\"],\"inLanguage\":\"en-US\",\"potentialAction\":[{\"@type\":\"CommentAction\",\"name\":\"Comment\",\"target\":[\"https:\\\/\\\/www.manitese.it\\\/en\\\/agricoltura-circolare-storia-di-isaias-manuel\\\/#respond\"]}]},{\"@type\":\"WebPage\",\"@id\":\"https:\\\/\\\/www.manitese.it\\\/en\\\/agricoltura-circolare-storia-di-isaias-manuel\\\/\",\"url\":\"https:\\\/\\\/www.manitese.it\\\/en\\\/agricoltura-circolare-storia-di-isaias-manuel\\\/\",\"name\":\"Agricoltura circolare: storia di Isa\u00edas Manuel - Mani Tese\",\"isPartOf\":{\"@id\":\"https:\\\/\\\/www.manitese.it\\\/en\\\/#website\"},\"primaryImageOfPage\":{\"@id\":\"https:\\\/\\\/www.manitese.it\\\/en\\\/agricoltura-circolare-storia-di-isaias-manuel\\\/#primaryimage\"},\"image\":{\"@id\":\"https:\\\/\\\/www.manitese.it\\\/en\\\/agricoltura-circolare-storia-di-isaias-manuel\\\/#primaryimage\"},\"thumbnailUrl\":\"https:\\\/\\\/www.manitese.it\\\/wp-content\\\/uploads\\\/2022\\\/03\\\/mozambico-zambezia-agricoltura-circolare-famiglia-mani-tese-2022-1.jpg\",\"datePublished\":\"2022-03-14T11:01:05+00:00\",\"dateModified\":\"2023-11-30T11:36:09+00:00\",\"author\":{\"@id\":\"https:\\\/\\\/www.manitese.it\\\/en\\\/#\\\/schema\\\/person\\\/5a9774f17e4940e2510bfeba90f04f65\"},\"description\":\"Isa\u00edas Manuel ci racconta come la vita nella comunit\u00e0 di Barrone \u00e8 migliorata grazie al progetto \u201cAgricoltura Circolare\u201d.\",\"breadcrumb\":{\"@id\":\"https:\\\/\\\/www.manitese.it\\\/en\\\/agricoltura-circolare-storia-di-isaias-manuel\\\/#breadcrumb\"},\"inLanguage\":\"en-US\",\"potentialAction\":[{\"@type\":\"ReadAction\",\"target\":[\"https:\\\/\\\/www.manitese.it\\\/en\\\/agricoltura-circolare-storia-di-isaias-manuel\\\/\"]}]},{\"@type\":\"ImageObject\",\"inLanguage\":\"en-US\",\"@id\":\"https:\\\/\\\/www.manitese.it\\\/en\\\/agricoltura-circolare-storia-di-isaias-manuel\\\/#primaryimage\",\"url\":\"https:\\\/\\\/www.manitese.it\\\/wp-content\\\/uploads\\\/2022\\\/03\\\/mozambico-zambezia-agricoltura-circolare-famiglia-mani-tese-2022-1.jpg\",\"contentUrl\":\"https:\\\/\\\/www.manitese.it\\\/wp-content\\\/uploads\\\/2022\\\/03\\\/mozambico-zambezia-agricoltura-circolare-famiglia-mani-tese-2022-1.jpg\",\"width\":1920,\"height\":800},{\"@type\":\"BreadcrumbList\",\"@id\":\"https:\\\/\\\/www.manitese.it\\\/en\\\/agricoltura-circolare-storia-di-isaias-manuel\\\/#breadcrumb\",\"itemListElement\":[{\"@type\":\"ListItem\",\"position\":1,\"name\":\"Home\",\"item\":\"https:\\\/\\\/www.manitese.it\\\/en\\\/\"},{\"@type\":\"ListItem\",\"position\":2,\"name\":\"Agricoltura circolare: storia di Isa\u00edas Manuel\"}]},{\"@type\":\"WebSite\",\"@id\":\"https:\\\/\\\/www.manitese.it\\\/en\\\/#website\",\"url\":\"https:\\\/\\\/www.manitese.it\\\/en\\\/\",\"name\":\"Mani Tese\",\"description\":\"\",\"potentialAction\":[{\"@type\":\"SearchAction\",\"target\":{\"@type\":\"EntryPoint\",\"urlTemplate\":\"https:\\\/\\\/www.manitese.it\\\/en\\\/?s={search_term_string}\"},\"query-input\":{\"@type\":\"PropertyValueSpecification\",\"valueRequired\":true,\"valueName\":\"search_term_string\"}}],\"inLanguage\":\"en-US\"},{\"@type\":\"Person\",\"@id\":\"https:\\\/\\\/www.manitese.it\\\/en\\\/#\\\/schema\\\/person\\\/5a9774f17e4940e2510bfeba90f04f65\",\"name\":\"agevis\",\"image\":{\"@type\":\"ImageObject\",\"inLanguage\":\"en-US\",\"@id\":\"https:\\\/\\\/secure.gravatar.com\\\/avatar\\\/2dc96c93fcf3387a5922a93b50fb3bff01d4800590fb6a4ab91a034adb25ba17?s=96&d=mm&r=g\",\"url\":\"https:\\\/\\\/secure.gravatar.com\\\/avatar\\\/2dc96c93fcf3387a5922a93b50fb3bff01d4800590fb6a4ab91a034adb25ba17?s=96&d=mm&r=g\",\"contentUrl\":\"https:\\\/\\\/secure.gravatar.com\\\/avatar\\\/2dc96c93fcf3387a5922a93b50fb3bff01d4800590fb6a4ab91a034adb25ba17?s=96&d=mm&r=g\",\"caption\":\"agevis\"},\"url\":\"https:\\\/\\\/www.manitese.it\\\/en\\\/author\\\/wp_agevis_admin\\\/\"}]}<\/script>\n<!-- \/ Yoast SEO plugin. -->","yoast_head_json":{"title":"Agricoltura circolare: storia di Isa\u00edas Manuel - Mani Tese","description":"Isa\u00edas Manuel ci racconta come la vita nella comunit\u00e0 di Barrone \u00e8 migliorata grazie al progetto \u201cAgricoltura Circolare\u201d.","robots":{"index":"index","follow":"follow","max-snippet":"max-snippet:-1","max-image-preview":"max-image-preview:large","max-video-preview":"max-video-preview:-1"},"canonical":"https:\/\/www.manitese.it\/en\/agricoltura-circolare-storia-di-isaias-manuel\/","og_locale":"en_US","og_type":"article","og_title":"Agricoltura circolare: storia di Isa\u00edas Manuel - Mani Tese","og_description":"Isa\u00edas Manuel ci racconta come la vita nella comunit\u00e0 di Barrone \u00e8 migliorata grazie al progetto \u201cAgricoltura Circolare\u201d.","og_url":"https:\/\/www.manitese.it\/en\/agricoltura-circolare-storia-di-isaias-manuel\/","og_site_name":"Mani Tese","article_published_time":"2022-03-14T11:01:05+00:00","article_modified_time":"2023-11-30T11:36:09+00:00","og_image":[{"width":1920,"height":800,"url":"https:\/\/www.manitese.it\/wp-content\/uploads\/2022\/03\/mozambico-zambezia-agricoltura-circolare-famiglia-mani-tese-2022-1.jpg","type":"image\/jpeg"}],"author":"agevis","twitter_card":"summary_large_image","twitter_misc":{"Written by":"agevis","Est. reading time":"3 minutes"},"schema":{"@context":"https:\/\/schema.org","@graph":[{"@type":"Article","@id":"https:\/\/www.manitese.it\/en\/agricoltura-circolare-storia-di-isaias-manuel\/#article","isPartOf":{"@id":"https:\/\/www.manitese.it\/en\/agricoltura-circolare-storia-di-isaias-manuel\/"},"author":{"name":"agevis","@id":"https:\/\/www.manitese.it\/en\/#\/schema\/person\/5a9774f17e4940e2510bfeba90f04f65"},"headline":"Agricoltura circolare: storia di Isa\u00edas Manuel","datePublished":"2022-03-14T11:01:05+00:00","dateModified":"2023-11-30T11:36:09+00:00","mainEntityOfPage":{"@id":"https:\/\/www.manitese.it\/en\/agricoltura-circolare-storia-di-isaias-manuel\/"},"wordCount":464,"commentCount":0,"image":{"@id":"https:\/\/www.manitese.it\/en\/agricoltura-circolare-storia-di-isaias-manuel\/#primaryimage"},"thumbnailUrl":"https:\/\/www.manitese.it\/wp-content\/uploads\/2022\/03\/mozambico-zambezia-agricoltura-circolare-famiglia-mani-tese-2022-1.jpg","articleSection":["Diari"],"inLanguage":"en-US","potentialAction":[{"@type":"CommentAction","name":"Comment","target":["https:\/\/www.manitese.it\/en\/agricoltura-circolare-storia-di-isaias-manuel\/#respond"]}]},{"@type":"WebPage","@id":"https:\/\/www.manitese.it\/en\/agricoltura-circolare-storia-di-isaias-manuel\/","url":"https:\/\/www.manitese.it\/en\/agricoltura-circolare-storia-di-isaias-manuel\/","name":"Agricoltura circolare: storia di Isa\u00edas Manuel - Mani Tese","isPartOf":{"@id":"https:\/\/www.manitese.it\/en\/#website"},"primaryImageOfPage":{"@id":"https:\/\/www.manitese.it\/en\/agricoltura-circolare-storia-di-isaias-manuel\/#primaryimage"},"image":{"@id":"https:\/\/www.manitese.it\/en\/agricoltura-circolare-storia-di-isaias-manuel\/#primaryimage"},"thumbnailUrl":"https:\/\/www.manitese.it\/wp-content\/uploads\/2022\/03\/mozambico-zambezia-agricoltura-circolare-famiglia-mani-tese-2022-1.jpg","datePublished":"2022-03-14T11:01:05+00:00","dateModified":"2023-11-30T11:36:09+00:00","author":{"@id":"https:\/\/www.manitese.it\/en\/#\/schema\/person\/5a9774f17e4940e2510bfeba90f04f65"},"description":"Isa\u00edas Manuel ci racconta come la vita nella comunit\u00e0 di Barrone \u00e8 migliorata grazie al progetto \u201cAgricoltura Circolare\u201d.","breadcrumb":{"@id":"https:\/\/www.manitese.it\/en\/agricoltura-circolare-storia-di-isaias-manuel\/#breadcrumb"},"inLanguage":"en-US","potentialAction":[{"@type":"ReadAction","target":["https:\/\/www.manitese.it\/en\/agricoltura-circolare-storia-di-isaias-manuel\/"]}]},{"@type":"ImageObject","inLanguage":"en-US","@id":"https:\/\/www.manitese.it\/en\/agricoltura-circolare-storia-di-isaias-manuel\/#primaryimage","url":"https:\/\/www.manitese.it\/wp-content\/uploads\/2022\/03\/mozambico-zambezia-agricoltura-circolare-famiglia-mani-tese-2022-1.jpg","contentUrl":"https:\/\/www.manitese.it\/wp-content\/uploads\/2022\/03\/mozambico-zambezia-agricoltura-circolare-famiglia-mani-tese-2022-1.jpg","width":1920,"height":800},{"@type":"BreadcrumbList","@id":"https:\/\/www.manitese.it\/en\/agricoltura-circolare-storia-di-isaias-manuel\/#breadcrumb","itemListElement":[{"@type":"ListItem","position":1,"name":"Home","item":"https:\/\/www.manitese.it\/en\/"},{"@type":"ListItem","position":2,"name":"Agricoltura circolare: storia di Isa\u00edas Manuel"}]},{"@type":"WebSite","@id":"https:\/\/www.manitese.it\/en\/#website","url":"https:\/\/www.manitese.it\/en\/","name":"Mani Tese","description":"","potentialAction":[{"@type":"SearchAction","target":{"@type":"EntryPoint","urlTemplate":"https:\/\/www.manitese.it\/en\/?s={search_term_string}"},"query-input":{"@type":"PropertyValueSpecification","valueRequired":true,"valueName":"search_term_string"}}],"inLanguage":"en-US"},{"@type":"Person","@id":"https:\/\/www.manitese.it\/en\/#\/schema\/person\/5a9774f17e4940e2510bfeba90f04f65","name":"agevis","image":{"@type":"ImageObject","inLanguage":"en-US","@id":"https:\/\/secure.gravatar.com\/avatar\/2dc96c93fcf3387a5922a93b50fb3bff01d4800590fb6a4ab91a034adb25ba17?s=96&d=mm&r=g","url":"https:\/\/secure.gravatar.com\/avatar\/2dc96c93fcf3387a5922a93b50fb3bff01d4800590fb6a4ab91a034adb25ba17?s=96&d=mm&r=g","contentUrl":"https:\/\/secure.gravatar.com\/avatar\/2dc96c93fcf3387a5922a93b50fb3bff01d4800590fb6a4ab91a034adb25ba17?s=96&d=mm&r=g","caption":"agevis"},"url":"https:\/\/www.manitese.it\/en\/author\/wp_agevis_admin\/"}]}},"jetpack_featured_media_url":"https:\/\/www.manitese.it\/wp-content\/uploads\/2022\/03\/mozambico-zambezia-agricoltura-circolare-famiglia-mani-tese-2022-1.jpg","jetpack_sharing_enabled":true,"_links":{"self":[{"href":"https:\/\/www.manitese.it\/en\/wp-json\/wp\/v2\/posts\/91105","targetHints":{"allow":["GET"]}}],"collection":[{"href":"https:\/\/www.manitese.it\/en\/wp-json\/wp\/v2\/posts"}],"about":[{"href":"https:\/\/www.manitese.it\/en\/wp-json\/wp\/v2\/types\/post"}],"author":[{"embeddable":true,"href":"https:\/\/www.manitese.it\/en\/wp-json\/wp\/v2\/users\/1"}],"replies":[{"embeddable":true,"href":"https:\/\/www.manitese.it\/en\/wp-json\/wp\/v2\/comments?post=91105"}],"version-history":[{"count":3,"href":"https:\/\/www.manitese.it\/en\/wp-json\/wp\/v2\/posts\/91105\/revisions"}],"predecessor-version":[{"id":191700,"href":"https:\/\/www.manitese.it\/en\/wp-json\/wp\/v2\/posts\/91105\/revisions\/191700"}],"wp:featuredmedia":[{"embeddable":true,"href":"https:\/\/www.manitese.it\/en\/wp-json\/wp\/v2\/media\/91107"}],"wp:attachment":[{"href":"https:\/\/www.manitese.it\/en\/wp-json\/wp\/v2\/media?parent=91105"}],"wp:term":[{"taxonomy":"category","embeddable":true,"href":"https:\/\/www.manitese.it\/en\/wp-json\/wp\/v2\/categories?post=91105"},{"taxonomy":"post_tag","embeddable":true,"href":"https:\/\/www.manitese.it\/en\/wp-json\/wp\/v2\/tags?post=91105"},{"taxonomy":"thematic_area","embeddable":true,"href":"https:\/\/www.manitese.it\/en\/wp-json\/wp\/v2\/thematic_area?post=91105"}],"curies":[{"name":"wp","href":"https:\/\/api.w.org\/{rel}","templated":true}]}}