{"id":91012,"date":"2021-08-01T12:35:46","date_gmt":"2021-08-01T10:35:46","guid":{"rendered":"https:\/\/manitese.it\/?p=91012"},"modified":"2023-11-30T11:54:04","modified_gmt":"2023-11-30T10:54:04","slug":"progetto-semina-la-testimonianza-di-bintou","status":"publish","type":"post","link":"https:\/\/www.manitese.it\/en\/progetto-semina-la-testimonianza-di-bintou\/","title":{"rendered":"PROGETTO SEMINA: LA TESTIMONIANZA DI BINTOU"},"content":{"rendered":"\r\n<p>Nella Regione del Nord del <strong>Burkina Faso<\/strong> e in particolare nella <strong>provincia di Yatenga<\/strong>, siamo attivi con il <strong><a href=\"https:\/\/manitese.it\/progetto\/semina-superare-emergenza-incentivando-agricoltura\" target=\"_blank\" rel=\"noreferrer noopener\" aria-label=\"progetto SEmInA \u2013 Superare l\u2019emergenza incentivando l\u2019agricoltura (apre in una nuova scheda)\">progetto SEmInA \u2013 Superare l\u2019emergenza incentivando l\u2019agricoltura<\/a><\/strong>, cofinanziato dall\u2019<strong><a href=\"https:\/\/www.aics.gov.it\/\" target=\"_blank\" rel=\"noreferrer noopener\" aria-label=\"Agenzia Italiana per la Cooperazione allo Sviluppo (apre in una nuova scheda)\">Agenzia Italiana per la Cooperazione allo Sviluppo<\/a><\/strong>.<\/p>\r\n\r\n\r\n\r\n<p>L\u2019obiettivo \u00e8 quello di <strong>migliorare le condizioni di vita delle comunit\u00e0 locali<\/strong>, riducendo l\u2019insicurezza alimentare e aumentando qualitativamente e quantitativamente le produzioni agricole, in un contesto ambientale e sociale molto difficile.<\/p>\r\n\r\n\r\n\r\n<p>Oggi vi portiamo la testimonianza di Bintou, una mamma forte e coraggiosa che abita nel villaggio di Noodin, nel Dipartimento di Ouahigouya.<\/p>\r\n\r\n\r\n\r\n<p>Mi chiamo <strong>Bintou Sawadogo<\/strong>, ho 42 anni e tre figli piccoli. Insieme ad altre famiglie vulnerabili del mio villaggio sono stata selezionata come beneficiaria del <strong><a href=\"https:\/\/manitese.it\/progetto\/semina-superare-emergenza-incentivando-agricoltura\" target=\"_blank\" rel=\"noreferrer noopener\" aria-label=\"progetto SEmInA (apre in una nuova scheda)\">progetto SEmInA<\/a><\/strong>.<\/p>\r\n\r\n\r\n\r\n<p>Per vivere coltivo un piccolo pezzo di terra vicino a casa, ma non ho buoni attrezzi per lavorare, n\u00e9 il denaro sufficiente per comprarne di nuovi. Per fortuna vicino all\u2019orto c\u2019\u00e8 un punto per la raccolta dell\u2019acqua, ma l\u2019acqua \u00e8 poca soprattutto durante la stagione secca.<\/p>\r\n\r\n\r\n\r\n<p>Non conosco nessuna tecnica per migliorare il mio orto, ma ho tanta voglia di imparare per produrre di pi\u00f9 e sostenere meglio la mia famiglia.<\/p>\r\n\r\n\r\n\r\n<p>Molte donne del villaggio hanno un orto e andiamo a coltivare tutte insieme per farci forza a vicenda e condividere gli strumenti di lavoro.<\/p>\r\n\r\n\r\n\r\n<p>Coltiviamo soprattutto pomodori, cipolle, patate e cetrioli, ma anche se l\u2019annata \u00e8 buona e tutto va bene, quello che produco \u00e8 appena sufficiente per sfamare la mia famiglia.<\/p>\r\n\r\n\r\n\r\n<p>Tradizionalmente, delimitiamo gli orti con la tecnica della siepe viva, ovvero pratichiamo il taglio di alcuni arbusti per realizzare i perimetri, ma ora questa tecnica non \u00e8 pi\u00f9 consentita e dobbiamo trovare il modo di procurarci delle reti metalliche. Questo \u00e8 per noi un altro costo da sostenere.<\/p>\r\n\r\n\r\n\r\n<p>Per tirare su l\u2019acqua dai pozzi tradizionali, facciamo uso di carrucole, corde e catini ricavati da camere d\u2019aria cucite insieme per creare dei secchi.<\/p>\r\n\r\n\r\n\r\n<p>Per rendere pi\u00f9 fertile il terreno, utilizziamo prevalentemente concime chimico e non tanto l\u2019organico perch\u00e9 non conosciamo bene le tecniche di compostaggio.<\/p>\r\n\r\n\r\n\r\n<p>Bintou insieme ad altri 360 uomini e donne appartenenti a famiglie vulnerabili dei comuni di Thiou, Ouahigouya, Zogore e Thangaya, sar\u00e0 supportata nella produzione orticola per migliorare le condizioni di vita della sua famiglia. Ricever\u00e0 una fornitura di semi di pomodoro, cipolla e cavolo e un kit di utensili composto da pala, zappa, rastrello, guanti, annaffiatoio, secchio e carriola. Sar\u00e0 inoltre formata dal nostro staff locale sulle tecniche di produzione agroecologica.<\/p>\r\n\r\n\r\n\r\n<p>Sostieni anche tu Bintou e scopri di pi\u00f9 sul <strong><a href=\"https:\/\/manitese.it\/progetto\/semina-superare-emergenza-incentivando-agricoltura\" target=\"_blank\" rel=\"noreferrer noopener\" aria-label=\"progetto SEmInA \u2013 Superare l\u2019emergenza incentivando l\u2019agricoltura (apre in una nuova scheda)\">progetto SEmInA \u2013 Superare l\u2019emergenza incentivando l\u2019agricoltura<\/a><\/strong>.<\/p>\r\n\r\n\r\n\r\n<figure class=\"wp-block-image size-large\"><a href=\"https:\/\/manitese.it\/wp-content\/uploads\/2022\/03\/testimonianza-bintou-progetto-semina-burkina-faso-mani-tese-2022.jpg\"><img decoding=\"async\" class=\"wp-image-91020\" src=\"https:\/\/manitese.it\/wp-content\/uploads\/2022\/03\/testimonianza-bintou-progetto-semina-burkina-faso-mani-tese-2022-768x1024.jpg\" alt=\"\" \/><\/a>\r\n<figcaption>Foto di Bintou<\/figcaption>\r\n<\/figure>\r\n","protected":false},"excerpt":{"rendered":"<p>Bintou \u00e8 una contadina della provincia di Yatenga (Burkina Faso) e verr\u00e0 sostenuta dal progetto SEmInA per aumentare la propria produzione e imparare le tecniche agroecologiche.<\/p>\n","protected":false},"author":1,"featured_media":91018,"comment_status":"open","ping_status":"open","sticky":false,"template":"","format":"standard","meta":{"_acf_changed":false,"give_campaign_id":0,"inline_featured_image":false,"_jetpack_memberships_contains_paid_content":false,"footnotes":""},"categories":[3],"tags":[],"thematic_area":[905],"class_list":["post-91012","post","type-post","status-publish","format-standard","has-post-thumbnail","hentry","category-diari","thematic_area-accesso-universale-al-cibo-e-allacqua"],"acf":[],"yoast_head":"<!-- This site is optimized with the Yoast SEO plugin v27.5 - https:\/\/yoast.com\/product\/yoast-seo-wordpress\/ -->\n<title>PROGETTO SEMINA: LA TESTIMONIANZA DI BINTOU - Mani Tese<\/title>\n<meta name=\"description\" content=\"Bintou \u00e8 una contadina della provincia di Yatenga (Burkina Faso) e verr\u00e0 sostenuta dal progetto SEmInA per aumentare la propria produzione e imparare le tecniche agroecologiche.\" \/>\n<meta name=\"robots\" content=\"index, follow, max-snippet:-1, max-image-preview:large, max-video-preview:-1\" \/>\n<link rel=\"canonical\" href=\"https:\/\/www.manitese.it\/en\/progetto-semina-la-testimonianza-di-bintou\/\" \/>\n<meta property=\"og:locale\" content=\"en_US\" \/>\n<meta property=\"og:type\" content=\"article\" \/>\n<meta property=\"og:title\" content=\"PROGETTO SEMINA: LA TESTIMONIANZA DI BINTOU - Mani Tese\" \/>\n<meta property=\"og:description\" content=\"Bintou \u00e8 una contadina della provincia di Yatenga (Burkina Faso) e verr\u00e0 sostenuta dal progetto SEmInA per aumentare la propria produzione e imparare le tecniche agroecologiche.\" \/>\n<meta property=\"og:url\" content=\"https:\/\/www.manitese.it\/en\/progetto-semina-la-testimonianza-di-bintou\/\" \/>\n<meta property=\"og:site_name\" content=\"Mani Tese\" \/>\n<meta property=\"article:published_time\" content=\"2021-08-01T10:35:46+00:00\" \/>\n<meta property=\"article:modified_time\" content=\"2023-11-30T10:54:04+00:00\" \/>\n<meta property=\"og:image\" content=\"https:\/\/www.manitese.it\/wp-content\/uploads\/2022\/03\/testimonianza-bintou-progetto-semina-burkina-faso-mani-tese-1.jpg\" \/>\n\t<meta property=\"og:image:width\" content=\"1920\" \/>\n\t<meta property=\"og:image:height\" content=\"800\" \/>\n\t<meta property=\"og:image:type\" content=\"image\/jpeg\" \/>\n<meta name=\"author\" content=\"agevis\" \/>\n<meta name=\"twitter:card\" content=\"summary_large_image\" \/>\n<meta name=\"twitter:label1\" content=\"Written by\" \/>\n\t<meta name=\"twitter:data1\" content=\"agevis\" \/>\n\t<meta name=\"twitter:label2\" content=\"Est. reading time\" \/>\n\t<meta name=\"twitter:data2\" content=\"3 minutes\" \/>\n<script type=\"application\/ld+json\" class=\"yoast-schema-graph\">{\"@context\":\"https:\\\/\\\/schema.org\",\"@graph\":[{\"@type\":\"Article\",\"@id\":\"https:\\\/\\\/www.manitese.it\\\/en\\\/progetto-semina-la-testimonianza-di-bintou\\\/#article\",\"isPartOf\":{\"@id\":\"https:\\\/\\\/www.manitese.it\\\/en\\\/progetto-semina-la-testimonianza-di-bintou\\\/\"},\"author\":{\"name\":\"agevis\",\"@id\":\"https:\\\/\\\/www.manitese.it\\\/en\\\/#\\\/schema\\\/person\\\/5a9774f17e4940e2510bfeba90f04f65\"},\"headline\":\"PROGETTO SEMINA: LA TESTIMONIANZA DI BINTOU\",\"datePublished\":\"2021-08-01T10:35:46+00:00\",\"dateModified\":\"2023-11-30T10:54:04+00:00\",\"mainEntityOfPage\":{\"@id\":\"https:\\\/\\\/www.manitese.it\\\/en\\\/progetto-semina-la-testimonianza-di-bintou\\\/\"},\"wordCount\":430,\"commentCount\":0,\"image\":{\"@id\":\"https:\\\/\\\/www.manitese.it\\\/en\\\/progetto-semina-la-testimonianza-di-bintou\\\/#primaryimage\"},\"thumbnailUrl\":\"https:\\\/\\\/www.manitese.it\\\/wp-content\\\/uploads\\\/2022\\\/03\\\/testimonianza-bintou-progetto-semina-burkina-faso-mani-tese-1.jpg\",\"articleSection\":[\"Diari\"],\"inLanguage\":\"en-US\",\"potentialAction\":[{\"@type\":\"CommentAction\",\"name\":\"Comment\",\"target\":[\"https:\\\/\\\/www.manitese.it\\\/en\\\/progetto-semina-la-testimonianza-di-bintou\\\/#respond\"]}]},{\"@type\":\"WebPage\",\"@id\":\"https:\\\/\\\/www.manitese.it\\\/en\\\/progetto-semina-la-testimonianza-di-bintou\\\/\",\"url\":\"https:\\\/\\\/www.manitese.it\\\/en\\\/progetto-semina-la-testimonianza-di-bintou\\\/\",\"name\":\"PROGETTO SEMINA: LA TESTIMONIANZA DI BINTOU - Mani Tese\",\"isPartOf\":{\"@id\":\"https:\\\/\\\/www.manitese.it\\\/en\\\/#website\"},\"primaryImageOfPage\":{\"@id\":\"https:\\\/\\\/www.manitese.it\\\/en\\\/progetto-semina-la-testimonianza-di-bintou\\\/#primaryimage\"},\"image\":{\"@id\":\"https:\\\/\\\/www.manitese.it\\\/en\\\/progetto-semina-la-testimonianza-di-bintou\\\/#primaryimage\"},\"thumbnailUrl\":\"https:\\\/\\\/www.manitese.it\\\/wp-content\\\/uploads\\\/2022\\\/03\\\/testimonianza-bintou-progetto-semina-burkina-faso-mani-tese-1.jpg\",\"datePublished\":\"2021-08-01T10:35:46+00:00\",\"dateModified\":\"2023-11-30T10:54:04+00:00\",\"author\":{\"@id\":\"https:\\\/\\\/www.manitese.it\\\/en\\\/#\\\/schema\\\/person\\\/5a9774f17e4940e2510bfeba90f04f65\"},\"description\":\"Bintou \u00e8 una contadina della provincia di Yatenga (Burkina Faso) e verr\u00e0 sostenuta dal progetto SEmInA per aumentare la propria produzione e imparare le tecniche agroecologiche.\",\"breadcrumb\":{\"@id\":\"https:\\\/\\\/www.manitese.it\\\/en\\\/progetto-semina-la-testimonianza-di-bintou\\\/#breadcrumb\"},\"inLanguage\":\"en-US\",\"potentialAction\":[{\"@type\":\"ReadAction\",\"target\":[\"https:\\\/\\\/www.manitese.it\\\/en\\\/progetto-semina-la-testimonianza-di-bintou\\\/\"]}]},{\"@type\":\"ImageObject\",\"inLanguage\":\"en-US\",\"@id\":\"https:\\\/\\\/www.manitese.it\\\/en\\\/progetto-semina-la-testimonianza-di-bintou\\\/#primaryimage\",\"url\":\"https:\\\/\\\/www.manitese.it\\\/wp-content\\\/uploads\\\/2022\\\/03\\\/testimonianza-bintou-progetto-semina-burkina-faso-mani-tese-1.jpg\",\"contentUrl\":\"https:\\\/\\\/www.manitese.it\\\/wp-content\\\/uploads\\\/2022\\\/03\\\/testimonianza-bintou-progetto-semina-burkina-faso-mani-tese-1.jpg\",\"width\":1920,\"height\":800,\"caption\":\"testimonianza bintou progetto semina burkina faso mani tese\"},{\"@type\":\"BreadcrumbList\",\"@id\":\"https:\\\/\\\/www.manitese.it\\\/en\\\/progetto-semina-la-testimonianza-di-bintou\\\/#breadcrumb\",\"itemListElement\":[{\"@type\":\"ListItem\",\"position\":1,\"name\":\"Home\",\"item\":\"https:\\\/\\\/www.manitese.it\\\/en\\\/\"},{\"@type\":\"ListItem\",\"position\":2,\"name\":\"PROGETTO SEMINA: LA TESTIMONIANZA DI BINTOU\"}]},{\"@type\":\"WebSite\",\"@id\":\"https:\\\/\\\/www.manitese.it\\\/en\\\/#website\",\"url\":\"https:\\\/\\\/www.manitese.it\\\/en\\\/\",\"name\":\"Mani Tese\",\"description\":\"\",\"potentialAction\":[{\"@type\":\"SearchAction\",\"target\":{\"@type\":\"EntryPoint\",\"urlTemplate\":\"https:\\\/\\\/www.manitese.it\\\/en\\\/?s={search_term_string}\"},\"query-input\":{\"@type\":\"PropertyValueSpecification\",\"valueRequired\":true,\"valueName\":\"search_term_string\"}}],\"inLanguage\":\"en-US\"},{\"@type\":\"Person\",\"@id\":\"https:\\\/\\\/www.manitese.it\\\/en\\\/#\\\/schema\\\/person\\\/5a9774f17e4940e2510bfeba90f04f65\",\"name\":\"agevis\",\"image\":{\"@type\":\"ImageObject\",\"inLanguage\":\"en-US\",\"@id\":\"https:\\\/\\\/secure.gravatar.com\\\/avatar\\\/2dc96c93fcf3387a5922a93b50fb3bff01d4800590fb6a4ab91a034adb25ba17?s=96&d=mm&r=g\",\"url\":\"https:\\\/\\\/secure.gravatar.com\\\/avatar\\\/2dc96c93fcf3387a5922a93b50fb3bff01d4800590fb6a4ab91a034adb25ba17?s=96&d=mm&r=g\",\"contentUrl\":\"https:\\\/\\\/secure.gravatar.com\\\/avatar\\\/2dc96c93fcf3387a5922a93b50fb3bff01d4800590fb6a4ab91a034adb25ba17?s=96&d=mm&r=g\",\"caption\":\"agevis\"},\"url\":\"https:\\\/\\\/www.manitese.it\\\/en\\\/author\\\/wp_agevis_admin\\\/\"}]}<\/script>\n<!-- \/ Yoast SEO plugin. -->","yoast_head_json":{"title":"PROGETTO SEMINA: LA TESTIMONIANZA DI BINTOU - Mani Tese","description":"Bintou \u00e8 una contadina della provincia di Yatenga (Burkina Faso) e verr\u00e0 sostenuta dal progetto SEmInA per aumentare la propria produzione e imparare le tecniche agroecologiche.","robots":{"index":"index","follow":"follow","max-snippet":"max-snippet:-1","max-image-preview":"max-image-preview:large","max-video-preview":"max-video-preview:-1"},"canonical":"https:\/\/www.manitese.it\/en\/progetto-semina-la-testimonianza-di-bintou\/","og_locale":"en_US","og_type":"article","og_title":"PROGETTO SEMINA: LA TESTIMONIANZA DI BINTOU - Mani Tese","og_description":"Bintou \u00e8 una contadina della provincia di Yatenga (Burkina Faso) e verr\u00e0 sostenuta dal progetto SEmInA per aumentare la propria produzione e imparare le tecniche agroecologiche.","og_url":"https:\/\/www.manitese.it\/en\/progetto-semina-la-testimonianza-di-bintou\/","og_site_name":"Mani Tese","article_published_time":"2021-08-01T10:35:46+00:00","article_modified_time":"2023-11-30T10:54:04+00:00","og_image":[{"width":1920,"height":800,"url":"https:\/\/www.manitese.it\/wp-content\/uploads\/2022\/03\/testimonianza-bintou-progetto-semina-burkina-faso-mani-tese-1.jpg","type":"image\/jpeg"}],"author":"agevis","twitter_card":"summary_large_image","twitter_misc":{"Written by":"agevis","Est. reading time":"3 minutes"},"schema":{"@context":"https:\/\/schema.org","@graph":[{"@type":"Article","@id":"https:\/\/www.manitese.it\/en\/progetto-semina-la-testimonianza-di-bintou\/#article","isPartOf":{"@id":"https:\/\/www.manitese.it\/en\/progetto-semina-la-testimonianza-di-bintou\/"},"author":{"name":"agevis","@id":"https:\/\/www.manitese.it\/en\/#\/schema\/person\/5a9774f17e4940e2510bfeba90f04f65"},"headline":"PROGETTO SEMINA: LA TESTIMONIANZA DI BINTOU","datePublished":"2021-08-01T10:35:46+00:00","dateModified":"2023-11-30T10:54:04+00:00","mainEntityOfPage":{"@id":"https:\/\/www.manitese.it\/en\/progetto-semina-la-testimonianza-di-bintou\/"},"wordCount":430,"commentCount":0,"image":{"@id":"https:\/\/www.manitese.it\/en\/progetto-semina-la-testimonianza-di-bintou\/#primaryimage"},"thumbnailUrl":"https:\/\/www.manitese.it\/wp-content\/uploads\/2022\/03\/testimonianza-bintou-progetto-semina-burkina-faso-mani-tese-1.jpg","articleSection":["Diari"],"inLanguage":"en-US","potentialAction":[{"@type":"CommentAction","name":"Comment","target":["https:\/\/www.manitese.it\/en\/progetto-semina-la-testimonianza-di-bintou\/#respond"]}]},{"@type":"WebPage","@id":"https:\/\/www.manitese.it\/en\/progetto-semina-la-testimonianza-di-bintou\/","url":"https:\/\/www.manitese.it\/en\/progetto-semina-la-testimonianza-di-bintou\/","name":"PROGETTO SEMINA: LA TESTIMONIANZA DI BINTOU - Mani Tese","isPartOf":{"@id":"https:\/\/www.manitese.it\/en\/#website"},"primaryImageOfPage":{"@id":"https:\/\/www.manitese.it\/en\/progetto-semina-la-testimonianza-di-bintou\/#primaryimage"},"image":{"@id":"https:\/\/www.manitese.it\/en\/progetto-semina-la-testimonianza-di-bintou\/#primaryimage"},"thumbnailUrl":"https:\/\/www.manitese.it\/wp-content\/uploads\/2022\/03\/testimonianza-bintou-progetto-semina-burkina-faso-mani-tese-1.jpg","datePublished":"2021-08-01T10:35:46+00:00","dateModified":"2023-11-30T10:54:04+00:00","author":{"@id":"https:\/\/www.manitese.it\/en\/#\/schema\/person\/5a9774f17e4940e2510bfeba90f04f65"},"description":"Bintou \u00e8 una contadina della provincia di Yatenga (Burkina Faso) e verr\u00e0 sostenuta dal progetto SEmInA per aumentare la propria produzione e imparare le tecniche agroecologiche.","breadcrumb":{"@id":"https:\/\/www.manitese.it\/en\/progetto-semina-la-testimonianza-di-bintou\/#breadcrumb"},"inLanguage":"en-US","potentialAction":[{"@type":"ReadAction","target":["https:\/\/www.manitese.it\/en\/progetto-semina-la-testimonianza-di-bintou\/"]}]},{"@type":"ImageObject","inLanguage":"en-US","@id":"https:\/\/www.manitese.it\/en\/progetto-semina-la-testimonianza-di-bintou\/#primaryimage","url":"https:\/\/www.manitese.it\/wp-content\/uploads\/2022\/03\/testimonianza-bintou-progetto-semina-burkina-faso-mani-tese-1.jpg","contentUrl":"https:\/\/www.manitese.it\/wp-content\/uploads\/2022\/03\/testimonianza-bintou-progetto-semina-burkina-faso-mani-tese-1.jpg","width":1920,"height":800,"caption":"testimonianza bintou progetto semina burkina faso mani tese"},{"@type":"BreadcrumbList","@id":"https:\/\/www.manitese.it\/en\/progetto-semina-la-testimonianza-di-bintou\/#breadcrumb","itemListElement":[{"@type":"ListItem","position":1,"name":"Home","item":"https:\/\/www.manitese.it\/en\/"},{"@type":"ListItem","position":2,"name":"PROGETTO SEMINA: LA TESTIMONIANZA DI BINTOU"}]},{"@type":"WebSite","@id":"https:\/\/www.manitese.it\/en\/#website","url":"https:\/\/www.manitese.it\/en\/","name":"Mani Tese","description":"","potentialAction":[{"@type":"SearchAction","target":{"@type":"EntryPoint","urlTemplate":"https:\/\/www.manitese.it\/en\/?s={search_term_string}"},"query-input":{"@type":"PropertyValueSpecification","valueRequired":true,"valueName":"search_term_string"}}],"inLanguage":"en-US"},{"@type":"Person","@id":"https:\/\/www.manitese.it\/en\/#\/schema\/person\/5a9774f17e4940e2510bfeba90f04f65","name":"agevis","image":{"@type":"ImageObject","inLanguage":"en-US","@id":"https:\/\/secure.gravatar.com\/avatar\/2dc96c93fcf3387a5922a93b50fb3bff01d4800590fb6a4ab91a034adb25ba17?s=96&d=mm&r=g","url":"https:\/\/secure.gravatar.com\/avatar\/2dc96c93fcf3387a5922a93b50fb3bff01d4800590fb6a4ab91a034adb25ba17?s=96&d=mm&r=g","contentUrl":"https:\/\/secure.gravatar.com\/avatar\/2dc96c93fcf3387a5922a93b50fb3bff01d4800590fb6a4ab91a034adb25ba17?s=96&d=mm&r=g","caption":"agevis"},"url":"https:\/\/www.manitese.it\/en\/author\/wp_agevis_admin\/"}]}},"jetpack_featured_media_url":"https:\/\/www.manitese.it\/wp-content\/uploads\/2022\/03\/testimonianza-bintou-progetto-semina-burkina-faso-mani-tese-1.jpg","jetpack_sharing_enabled":true,"_links":{"self":[{"href":"https:\/\/www.manitese.it\/en\/wp-json\/wp\/v2\/posts\/91012","targetHints":{"allow":["GET"]}}],"collection":[{"href":"https:\/\/www.manitese.it\/en\/wp-json\/wp\/v2\/posts"}],"about":[{"href":"https:\/\/www.manitese.it\/en\/wp-json\/wp\/v2\/types\/post"}],"author":[{"embeddable":true,"href":"https:\/\/www.manitese.it\/en\/wp-json\/wp\/v2\/users\/1"}],"replies":[{"embeddable":true,"href":"https:\/\/www.manitese.it\/en\/wp-json\/wp\/v2\/comments?post=91012"}],"version-history":[{"count":2,"href":"https:\/\/www.manitese.it\/en\/wp-json\/wp\/v2\/posts\/91012\/revisions"}],"predecessor-version":[{"id":191674,"href":"https:\/\/www.manitese.it\/en\/wp-json\/wp\/v2\/posts\/91012\/revisions\/191674"}],"wp:featuredmedia":[{"embeddable":true,"href":"https:\/\/www.manitese.it\/en\/wp-json\/wp\/v2\/media\/91018"}],"wp:attachment":[{"href":"https:\/\/www.manitese.it\/en\/wp-json\/wp\/v2\/media?parent=91012"}],"wp:term":[{"taxonomy":"category","embeddable":true,"href":"https:\/\/www.manitese.it\/en\/wp-json\/wp\/v2\/categories?post=91012"},{"taxonomy":"post_tag","embeddable":true,"href":"https:\/\/www.manitese.it\/en\/wp-json\/wp\/v2\/tags?post=91012"},{"taxonomy":"thematic_area","embeddable":true,"href":"https:\/\/www.manitese.it\/en\/wp-json\/wp\/v2\/thematic_area?post=91012"}],"curies":[{"name":"wp","href":"https:\/\/api.w.org\/{rel}","templated":true}]}}