{"id":90838,"date":"2022-03-04T09:49:42","date_gmt":"2022-03-04T08:49:42","guid":{"rendered":"https:\/\/manitese.it\/?p=90838"},"modified":"2023-11-29T17:50:57","modified_gmt":"2023-11-29T16:50:57","slug":"storia-di-una-bambina-che-ha-ricominciato-a-sognare","status":"publish","type":"post","link":"https:\/\/www.manitese.it\/en\/storia-di-una-bambina-che-ha-ricominciato-a-sognare\/","title":{"rendered":"Sreypin, storia di una bambina che ha ricominciato a sognare"},"content":{"rendered":"\r\n<p><strong>Sreypin<\/strong>* \u00e8 una ragazza cambogiana di 15 anni ed \u00e8 la quarta di otto fratelli. Dopo la morte del padre, la madre della bambina si \u00e8 risposata e <strong>si \u00e8 accordata con un intermediario per portare i suoi figli e figlie in Tailandia a lavorare<\/strong>.<\/p>\r\n\r\n\r\n\r\n<p><strong>Sreypin ha cos\u00ec cominciato a lavorare per una famiglia tailandese come domestica<\/strong>, pulendo la casa e prendendosi cura dei loro cani. Inizialmente guadagnava 4.000 bath tailandesi, equivalenti a <strong>107 euro al mese<\/strong>, ma la met\u00e0 del suo primo stipendio \u00e8 stata data all\u2019intermediario. Dopo alcuni mesi di lavoro, la madre di Sreypin ha chiesto un prestito al datore di lavoro della ragazza e questi ha ridotto il suo stipendio a 3.000 bath al mese, circa <strong>80 euro<\/strong>.<\/p>\r\n\r\n\r\n\r\n<p><strong>Sreypin racconta<\/strong>: \u201cQuando mia madre si \u00e8 risposata, non le importava pi\u00f9 di me, chiedeva solo i soldi. Avevo paura quando ero in Tailandia e non volevo vivere o lavorare l\u00ec, ma mia madre non mi ha aiutata. Lei non aveva idea di quanto fossero brutte le condizioni di lavoro\u201d.<\/p>\r\n\r\n\r\n\r\n<p>A un certo punto il datore di lavoro di Sreypin <strong>ha cominciato ad accusarla di furto di denaro<\/strong> e di rompere apposta oggetti di valore della casa. Cos\u00ec, un giorno, ha preso Sreypin e l\u2019ha portata in una zona sconosciuta, abbandonandola in mezzo al nulla.<\/p>\r\n\r\n\r\n\r\n<p>La giovane aveva molta paura e ricorda: \u201cNon sapevo come tornare a casa, mi sentivo persa. A un certo punto ho visto una venditrice ambulante e le ho chiesto aiuto, ma lei ha chiamato la polizia tailandese. Sono arrivati i poliziotti e mi hanno portata in un centro di accoglienza per ragazze. Sono rimasta l\u00ec per due mesi, prima di essere riportata in Cambogia\u201d.<\/p>\r\n\r\n\r\n\r\n<p>Una volta arrivata in Cambogia \u00e8 stata lasciata nel centro di transito di Poipet e a quel punto Damnok Toek, in collaborazione con le autorit\u00e0 locali, ha indirizzato la giovane al centro di accoglienza di Damnok Toek dove vive tutt\u2019oggi.<\/p>\r\n\r\n\r\n\r\n<p>\u201cOra sono qui al centro di accoglienza \u2013 <strong>dice Sreypin<\/strong> \u2013 posso studiare il Khmer (la lingua cambogiana) e imparare cose nuove. Sono molto felice al centro perch\u00e9 abbiamo una casa dove stare e ci\u00f2 che apprendo mi serve per la vita e mi rende felice. Facciamo meditazione, danza, artigianato, giardinaggio, cucina, disegno e possiamo parlare con lo psicologo\u201d.<\/p>\r\n\r\n\r\n\r\n<p>In futuro, <strong>Sreypin sogna di fare la sarta o la contadina<\/strong> perch\u00e9 le piace il giardinaggio e vuole che la frutta e la verdura siano coltivate in maniera naturale, senza prodotti chimici. Infine, desidera fortemente che anche altri bambini vulnerabili, come lei, possano andare a scuola e imparare.<\/p>\r\n\r\n\r\n\r\n<p>Aiutaci a supportare il centro di accoglienza per bambini e bambine di Damnok Toek: <a href=\"https:\/\/donazioni.manitese.it\/\" target=\"_blank\" rel=\"noreferrer noopener\" aria-label=\"https:\/\/donazioni.manitese.it\/ (apre in una nuova scheda)\"><strong>https:\/\/donazioni.manitese.it\/<\/strong><\/a><\/p>\r\n\r\n\r\n\r\n<p>*Sreypin \u00e8 un nome di fantasia per proteggere la privacy del minore.<\/p>\r\n","protected":false},"excerpt":{"rendered":"<p>Sreypin, vittima di sfruttamento fin da piccola, \u00e8 ora ospite del centro di accoglienza Damnok Toek in Cambogia e sogna di diventare sarta o contadina.<\/p>\n","protected":false},"author":1,"featured_media":90839,"comment_status":"open","ping_status":"open","sticky":false,"template":"","format":"standard","meta":{"_acf_changed":false,"give_campaign_id":0,"inline_featured_image":false,"_jetpack_memberships_contains_paid_content":false,"footnotes":""},"categories":[3],"tags":[],"thematic_area":[909],"class_list":["post-90838","post","type-post","status-publish","format-standard","has-post-thumbnail","hentry","category-diari","thematic_area-inclusione-sociale"],"acf":[],"yoast_head":"<!-- This site is optimized with the Yoast SEO plugin v27.5 - https:\/\/yoast.com\/product\/yoast-seo-wordpress\/ -->\n<title>Sreypin, storia di una bambina che ha ricominciato a sognare - Mani Tese<\/title>\n<meta name=\"description\" content=\"Sreypin, vittima di sfruttamento fin da piccola, \u00e8 ora ospite del centro di accoglienza Damnok Toek in Cambogia e sogna di diventare sarta o contadina. Leggi la sua storia.\" \/>\n<meta name=\"robots\" content=\"index, follow, max-snippet:-1, max-image-preview:large, max-video-preview:-1\" \/>\n<link rel=\"canonical\" href=\"https:\/\/www.manitese.it\/en\/storia-di-una-bambina-che-ha-ricominciato-a-sognare\/\" \/>\n<meta property=\"og:locale\" content=\"en_US\" \/>\n<meta property=\"og:type\" content=\"article\" \/>\n<meta property=\"og:title\" content=\"Sreypin, storia di una bambina che ha ricominciato a sognare - Mani Tese\" \/>\n<meta property=\"og:description\" content=\"Sreypin, vittima di sfruttamento fin da piccola, \u00e8 ora ospite del centro di accoglienza Damnok Toek in Cambogia e sogna di diventare sarta o contadina. Leggi la sua storia.\" \/>\n<meta property=\"og:url\" content=\"https:\/\/www.manitese.it\/en\/storia-di-una-bambina-che-ha-ricominciato-a-sognare\/\" \/>\n<meta property=\"og:site_name\" content=\"Mani Tese\" \/>\n<meta property=\"article:published_time\" content=\"2022-03-04T08:49:42+00:00\" \/>\n<meta property=\"article:modified_time\" content=\"2023-11-29T16:50:57+00:00\" \/>\n<meta property=\"og:image\" content=\"https:\/\/www.manitese.it\/wp-content\/uploads\/2022\/03\/storia-bambina-cambogia-mani-tese-2022-1.jpg\" \/>\n\t<meta property=\"og:image:width\" content=\"1920\" \/>\n\t<meta property=\"og:image:height\" content=\"800\" \/>\n\t<meta property=\"og:image:type\" content=\"image\/jpeg\" \/>\n<meta name=\"author\" content=\"agevis\" \/>\n<meta name=\"twitter:card\" content=\"summary_large_image\" \/>\n<meta name=\"twitter:label1\" content=\"Written by\" \/>\n\t<meta name=\"twitter:data1\" content=\"agevis\" \/>\n\t<meta name=\"twitter:label2\" content=\"Est. reading time\" \/>\n\t<meta name=\"twitter:data2\" content=\"2 minutes\" \/>\n<script type=\"application\/ld+json\" class=\"yoast-schema-graph\">{\"@context\":\"https:\\\/\\\/schema.org\",\"@graph\":[{\"@type\":\"Article\",\"@id\":\"https:\\\/\\\/www.manitese.it\\\/en\\\/storia-di-una-bambina-che-ha-ricominciato-a-sognare\\\/#article\",\"isPartOf\":{\"@id\":\"https:\\\/\\\/www.manitese.it\\\/en\\\/storia-di-una-bambina-che-ha-ricominciato-a-sognare\\\/\"},\"author\":{\"name\":\"agevis\",\"@id\":\"https:\\\/\\\/www.manitese.it\\\/en\\\/#\\\/schema\\\/person\\\/5a9774f17e4940e2510bfeba90f04f65\"},\"headline\":\"Sreypin, storia di una bambina che ha ricominciato a sognare\",\"datePublished\":\"2022-03-04T08:49:42+00:00\",\"dateModified\":\"2023-11-29T16:50:57+00:00\",\"mainEntityOfPage\":{\"@id\":\"https:\\\/\\\/www.manitese.it\\\/en\\\/storia-di-una-bambina-che-ha-ricominciato-a-sognare\\\/\"},\"wordCount\":456,\"commentCount\":0,\"image\":{\"@id\":\"https:\\\/\\\/www.manitese.it\\\/en\\\/storia-di-una-bambina-che-ha-ricominciato-a-sognare\\\/#primaryimage\"},\"thumbnailUrl\":\"https:\\\/\\\/www.manitese.it\\\/wp-content\\\/uploads\\\/2022\\\/03\\\/storia-bambina-cambogia-mani-tese-2022-1.jpg\",\"articleSection\":[\"Diari\"],\"inLanguage\":\"en-US\",\"potentialAction\":[{\"@type\":\"CommentAction\",\"name\":\"Comment\",\"target\":[\"https:\\\/\\\/www.manitese.it\\\/en\\\/storia-di-una-bambina-che-ha-ricominciato-a-sognare\\\/#respond\"]}]},{\"@type\":\"WebPage\",\"@id\":\"https:\\\/\\\/www.manitese.it\\\/en\\\/storia-di-una-bambina-che-ha-ricominciato-a-sognare\\\/\",\"url\":\"https:\\\/\\\/www.manitese.it\\\/en\\\/storia-di-una-bambina-che-ha-ricominciato-a-sognare\\\/\",\"name\":\"Sreypin, storia di una bambina che ha ricominciato a sognare - Mani Tese\",\"isPartOf\":{\"@id\":\"https:\\\/\\\/www.manitese.it\\\/en\\\/#website\"},\"primaryImageOfPage\":{\"@id\":\"https:\\\/\\\/www.manitese.it\\\/en\\\/storia-di-una-bambina-che-ha-ricominciato-a-sognare\\\/#primaryimage\"},\"image\":{\"@id\":\"https:\\\/\\\/www.manitese.it\\\/en\\\/storia-di-una-bambina-che-ha-ricominciato-a-sognare\\\/#primaryimage\"},\"thumbnailUrl\":\"https:\\\/\\\/www.manitese.it\\\/wp-content\\\/uploads\\\/2022\\\/03\\\/storia-bambina-cambogia-mani-tese-2022-1.jpg\",\"datePublished\":\"2022-03-04T08:49:42+00:00\",\"dateModified\":\"2023-11-29T16:50:57+00:00\",\"author\":{\"@id\":\"https:\\\/\\\/www.manitese.it\\\/en\\\/#\\\/schema\\\/person\\\/5a9774f17e4940e2510bfeba90f04f65\"},\"description\":\"Sreypin, vittima di sfruttamento fin da piccola, \u00e8 ora ospite del centro di accoglienza Damnok Toek in Cambogia e sogna di diventare sarta o contadina. Leggi la sua storia.\",\"breadcrumb\":{\"@id\":\"https:\\\/\\\/www.manitese.it\\\/en\\\/storia-di-una-bambina-che-ha-ricominciato-a-sognare\\\/#breadcrumb\"},\"inLanguage\":\"en-US\",\"potentialAction\":[{\"@type\":\"ReadAction\",\"target\":[\"https:\\\/\\\/www.manitese.it\\\/en\\\/storia-di-una-bambina-che-ha-ricominciato-a-sognare\\\/\"]}]},{\"@type\":\"ImageObject\",\"inLanguage\":\"en-US\",\"@id\":\"https:\\\/\\\/www.manitese.it\\\/en\\\/storia-di-una-bambina-che-ha-ricominciato-a-sognare\\\/#primaryimage\",\"url\":\"https:\\\/\\\/www.manitese.it\\\/wp-content\\\/uploads\\\/2022\\\/03\\\/storia-bambina-cambogia-mani-tese-2022-1.jpg\",\"contentUrl\":\"https:\\\/\\\/www.manitese.it\\\/wp-content\\\/uploads\\\/2022\\\/03\\\/storia-bambina-cambogia-mani-tese-2022-1.jpg\",\"width\":1920,\"height\":800,\"caption\":\"storia bambina cambogia mani tese 2022\"},{\"@type\":\"BreadcrumbList\",\"@id\":\"https:\\\/\\\/www.manitese.it\\\/en\\\/storia-di-una-bambina-che-ha-ricominciato-a-sognare\\\/#breadcrumb\",\"itemListElement\":[{\"@type\":\"ListItem\",\"position\":1,\"name\":\"Home\",\"item\":\"https:\\\/\\\/www.manitese.it\\\/en\\\/\"},{\"@type\":\"ListItem\",\"position\":2,\"name\":\"Sreypin, storia di una bambina che ha ricominciato a sognare\"}]},{\"@type\":\"WebSite\",\"@id\":\"https:\\\/\\\/www.manitese.it\\\/en\\\/#website\",\"url\":\"https:\\\/\\\/www.manitese.it\\\/en\\\/\",\"name\":\"Mani Tese\",\"description\":\"\",\"potentialAction\":[{\"@type\":\"SearchAction\",\"target\":{\"@type\":\"EntryPoint\",\"urlTemplate\":\"https:\\\/\\\/www.manitese.it\\\/en\\\/?s={search_term_string}\"},\"query-input\":{\"@type\":\"PropertyValueSpecification\",\"valueRequired\":true,\"valueName\":\"search_term_string\"}}],\"inLanguage\":\"en-US\"},{\"@type\":\"Person\",\"@id\":\"https:\\\/\\\/www.manitese.it\\\/en\\\/#\\\/schema\\\/person\\\/5a9774f17e4940e2510bfeba90f04f65\",\"name\":\"agevis\",\"image\":{\"@type\":\"ImageObject\",\"inLanguage\":\"en-US\",\"@id\":\"https:\\\/\\\/secure.gravatar.com\\\/avatar\\\/2dc96c93fcf3387a5922a93b50fb3bff01d4800590fb6a4ab91a034adb25ba17?s=96&d=mm&r=g\",\"url\":\"https:\\\/\\\/secure.gravatar.com\\\/avatar\\\/2dc96c93fcf3387a5922a93b50fb3bff01d4800590fb6a4ab91a034adb25ba17?s=96&d=mm&r=g\",\"contentUrl\":\"https:\\\/\\\/secure.gravatar.com\\\/avatar\\\/2dc96c93fcf3387a5922a93b50fb3bff01d4800590fb6a4ab91a034adb25ba17?s=96&d=mm&r=g\",\"caption\":\"agevis\"},\"url\":\"https:\\\/\\\/www.manitese.it\\\/en\\\/author\\\/wp_agevis_admin\\\/\"}]}<\/script>\n<!-- \/ Yoast SEO plugin. -->","yoast_head_json":{"title":"Sreypin, storia di una bambina che ha ricominciato a sognare - Mani Tese","description":"Sreypin, vittima di sfruttamento fin da piccola, \u00e8 ora ospite del centro di accoglienza Damnok Toek in Cambogia e sogna di diventare sarta o contadina. Leggi la sua storia.","robots":{"index":"index","follow":"follow","max-snippet":"max-snippet:-1","max-image-preview":"max-image-preview:large","max-video-preview":"max-video-preview:-1"},"canonical":"https:\/\/www.manitese.it\/en\/storia-di-una-bambina-che-ha-ricominciato-a-sognare\/","og_locale":"en_US","og_type":"article","og_title":"Sreypin, storia di una bambina che ha ricominciato a sognare - Mani Tese","og_description":"Sreypin, vittima di sfruttamento fin da piccola, \u00e8 ora ospite del centro di accoglienza Damnok Toek in Cambogia e sogna di diventare sarta o contadina. Leggi la sua storia.","og_url":"https:\/\/www.manitese.it\/en\/storia-di-una-bambina-che-ha-ricominciato-a-sognare\/","og_site_name":"Mani Tese","article_published_time":"2022-03-04T08:49:42+00:00","article_modified_time":"2023-11-29T16:50:57+00:00","og_image":[{"width":1920,"height":800,"url":"https:\/\/www.manitese.it\/wp-content\/uploads\/2022\/03\/storia-bambina-cambogia-mani-tese-2022-1.jpg","type":"image\/jpeg"}],"author":"agevis","twitter_card":"summary_large_image","twitter_misc":{"Written by":"agevis","Est. reading time":"2 minutes"},"schema":{"@context":"https:\/\/schema.org","@graph":[{"@type":"Article","@id":"https:\/\/www.manitese.it\/en\/storia-di-una-bambina-che-ha-ricominciato-a-sognare\/#article","isPartOf":{"@id":"https:\/\/www.manitese.it\/en\/storia-di-una-bambina-che-ha-ricominciato-a-sognare\/"},"author":{"name":"agevis","@id":"https:\/\/www.manitese.it\/en\/#\/schema\/person\/5a9774f17e4940e2510bfeba90f04f65"},"headline":"Sreypin, storia di una bambina che ha ricominciato a sognare","datePublished":"2022-03-04T08:49:42+00:00","dateModified":"2023-11-29T16:50:57+00:00","mainEntityOfPage":{"@id":"https:\/\/www.manitese.it\/en\/storia-di-una-bambina-che-ha-ricominciato-a-sognare\/"},"wordCount":456,"commentCount":0,"image":{"@id":"https:\/\/www.manitese.it\/en\/storia-di-una-bambina-che-ha-ricominciato-a-sognare\/#primaryimage"},"thumbnailUrl":"https:\/\/www.manitese.it\/wp-content\/uploads\/2022\/03\/storia-bambina-cambogia-mani-tese-2022-1.jpg","articleSection":["Diari"],"inLanguage":"en-US","potentialAction":[{"@type":"CommentAction","name":"Comment","target":["https:\/\/www.manitese.it\/en\/storia-di-una-bambina-che-ha-ricominciato-a-sognare\/#respond"]}]},{"@type":"WebPage","@id":"https:\/\/www.manitese.it\/en\/storia-di-una-bambina-che-ha-ricominciato-a-sognare\/","url":"https:\/\/www.manitese.it\/en\/storia-di-una-bambina-che-ha-ricominciato-a-sognare\/","name":"Sreypin, storia di una bambina che ha ricominciato a sognare - Mani Tese","isPartOf":{"@id":"https:\/\/www.manitese.it\/en\/#website"},"primaryImageOfPage":{"@id":"https:\/\/www.manitese.it\/en\/storia-di-una-bambina-che-ha-ricominciato-a-sognare\/#primaryimage"},"image":{"@id":"https:\/\/www.manitese.it\/en\/storia-di-una-bambina-che-ha-ricominciato-a-sognare\/#primaryimage"},"thumbnailUrl":"https:\/\/www.manitese.it\/wp-content\/uploads\/2022\/03\/storia-bambina-cambogia-mani-tese-2022-1.jpg","datePublished":"2022-03-04T08:49:42+00:00","dateModified":"2023-11-29T16:50:57+00:00","author":{"@id":"https:\/\/www.manitese.it\/en\/#\/schema\/person\/5a9774f17e4940e2510bfeba90f04f65"},"description":"Sreypin, vittima di sfruttamento fin da piccola, \u00e8 ora ospite del centro di accoglienza Damnok Toek in Cambogia e sogna di diventare sarta o contadina. Leggi la sua storia.","breadcrumb":{"@id":"https:\/\/www.manitese.it\/en\/storia-di-una-bambina-che-ha-ricominciato-a-sognare\/#breadcrumb"},"inLanguage":"en-US","potentialAction":[{"@type":"ReadAction","target":["https:\/\/www.manitese.it\/en\/storia-di-una-bambina-che-ha-ricominciato-a-sognare\/"]}]},{"@type":"ImageObject","inLanguage":"en-US","@id":"https:\/\/www.manitese.it\/en\/storia-di-una-bambina-che-ha-ricominciato-a-sognare\/#primaryimage","url":"https:\/\/www.manitese.it\/wp-content\/uploads\/2022\/03\/storia-bambina-cambogia-mani-tese-2022-1.jpg","contentUrl":"https:\/\/www.manitese.it\/wp-content\/uploads\/2022\/03\/storia-bambina-cambogia-mani-tese-2022-1.jpg","width":1920,"height":800,"caption":"storia bambina cambogia mani tese 2022"},{"@type":"BreadcrumbList","@id":"https:\/\/www.manitese.it\/en\/storia-di-una-bambina-che-ha-ricominciato-a-sognare\/#breadcrumb","itemListElement":[{"@type":"ListItem","position":1,"name":"Home","item":"https:\/\/www.manitese.it\/en\/"},{"@type":"ListItem","position":2,"name":"Sreypin, storia di una bambina che ha ricominciato a sognare"}]},{"@type":"WebSite","@id":"https:\/\/www.manitese.it\/en\/#website","url":"https:\/\/www.manitese.it\/en\/","name":"Mani Tese","description":"","potentialAction":[{"@type":"SearchAction","target":{"@type":"EntryPoint","urlTemplate":"https:\/\/www.manitese.it\/en\/?s={search_term_string}"},"query-input":{"@type":"PropertyValueSpecification","valueRequired":true,"valueName":"search_term_string"}}],"inLanguage":"en-US"},{"@type":"Person","@id":"https:\/\/www.manitese.it\/en\/#\/schema\/person\/5a9774f17e4940e2510bfeba90f04f65","name":"agevis","image":{"@type":"ImageObject","inLanguage":"en-US","@id":"https:\/\/secure.gravatar.com\/avatar\/2dc96c93fcf3387a5922a93b50fb3bff01d4800590fb6a4ab91a034adb25ba17?s=96&d=mm&r=g","url":"https:\/\/secure.gravatar.com\/avatar\/2dc96c93fcf3387a5922a93b50fb3bff01d4800590fb6a4ab91a034adb25ba17?s=96&d=mm&r=g","contentUrl":"https:\/\/secure.gravatar.com\/avatar\/2dc96c93fcf3387a5922a93b50fb3bff01d4800590fb6a4ab91a034adb25ba17?s=96&d=mm&r=g","caption":"agevis"},"url":"https:\/\/www.manitese.it\/en\/author\/wp_agevis_admin\/"}]}},"jetpack_featured_media_url":"https:\/\/www.manitese.it\/wp-content\/uploads\/2022\/03\/storia-bambina-cambogia-mani-tese-2022-1.jpg","jetpack_sharing_enabled":true,"_links":{"self":[{"href":"https:\/\/www.manitese.it\/en\/wp-json\/wp\/v2\/posts\/90838","targetHints":{"allow":["GET"]}}],"collection":[{"href":"https:\/\/www.manitese.it\/en\/wp-json\/wp\/v2\/posts"}],"about":[{"href":"https:\/\/www.manitese.it\/en\/wp-json\/wp\/v2\/types\/post"}],"author":[{"embeddable":true,"href":"https:\/\/www.manitese.it\/en\/wp-json\/wp\/v2\/users\/1"}],"replies":[{"embeddable":true,"href":"https:\/\/www.manitese.it\/en\/wp-json\/wp\/v2\/comments?post=90838"}],"version-history":[{"count":2,"href":"https:\/\/www.manitese.it\/en\/wp-json\/wp\/v2\/posts\/90838\/revisions"}],"predecessor-version":[{"id":177869,"href":"https:\/\/www.manitese.it\/en\/wp-json\/wp\/v2\/posts\/90838\/revisions\/177869"}],"wp:featuredmedia":[{"embeddable":true,"href":"https:\/\/www.manitese.it\/en\/wp-json\/wp\/v2\/media\/90839"}],"wp:attachment":[{"href":"https:\/\/www.manitese.it\/en\/wp-json\/wp\/v2\/media?parent=90838"}],"wp:term":[{"taxonomy":"category","embeddable":true,"href":"https:\/\/www.manitese.it\/en\/wp-json\/wp\/v2\/categories?post=90838"},{"taxonomy":"post_tag","embeddable":true,"href":"https:\/\/www.manitese.it\/en\/wp-json\/wp\/v2\/tags?post=90838"},{"taxonomy":"thematic_area","embeddable":true,"href":"https:\/\/www.manitese.it\/en\/wp-json\/wp\/v2\/thematic_area?post=90838"}],"curies":[{"name":"wp","href":"https:\/\/api.w.org\/{rel}","templated":true}]}}