{"id":90295,"date":"2022-02-21T18:01:51","date_gmt":"2022-02-21T17:01:51","guid":{"rendered":"https:\/\/manitese.it\/?p=90295"},"modified":"2023-11-30T12:38:54","modified_gmt":"2023-11-30T11:38:54","slug":"in-burkina-faso-al-fianco-delle-donne-produttrici-di-riso","status":"publish","type":"post","link":"https:\/\/www.manitese.it\/en\/in-burkina-faso-al-fianco-delle-donne-produttrici-di-riso\/","title":{"rendered":"In Burkina Faso al fianco delle donne produttrici di riso"},"content":{"rendered":"\r\n<p>Si \u00e8 appena concluso il secondo anno del <a href=\"https:\/\/manitese.it\/progetto\/miglioramento-condizioni-nutrizionali-donne-e-bambini\" target=\"_blank\" rel=\"noreferrer noopener\"><strong>\u201cProgetto per il miglioramento delle condizioni nutrizionali di donne e bambini nei distretti sanitari di Garango e Tenkodogo, Burkina Faso\u201d<\/strong><\/a>,\u00a0cofinanziato dall\u2019<a href=\"https:\/\/www.aics.gov.it\/\" target=\"_blank\" rel=\"noreferrer noopener\"><strong>Agenzia Italiana per la Cooperazione allo Sviluppo<\/strong><\/a>\u00a0e con capofila l\u2019<a href=\"http:\/\/www.aes-ccc.org\/\" target=\"_blank\" rel=\"noreferrer noopener\"><strong>ONG AES-CCC<\/strong><\/a>.<\/p>\r\n\r\n\r\n\r\n<p>All\u2019interno di questo progetto, ci occupiamo di realizzare <strong>formazioni destinate a 2000 donne rurali coltivatrici di riso <\/strong>al fine di migliorare la produzione (obiettivo 1) e, allo stesso tempo, <strong>stiamo creando dei centri di trasformazione del riso <\/strong>specializzati nella tecnica dell\u2019<em>\u00e9tuvage <\/em>che permette di produrre un riso di qualit\u00e0 migliore (il riso <em>paraboiled<\/em>) (obiettivo 2).<\/p>\r\n\r\n\r\n\r\n<p>Per quanto riguarda il primo obiettivo, quest\u2019anno <strong>abbiamo formato 1300 donne produttrici di riso<\/strong> che hanno imparato a seminare in linea (invece che in maniera randomica) e hanno\u00a0 compreso l\u2019importanza di una semina precoce, oggi fondamentale per far fronte ai cambiamenti climatici e alla diminuzione delle piogge stagionali.<\/p>\r\n\r\n\r\n\r\n<p>Inoltre, <strong>abbiamo completato la formazione di tutte le 2000 donne coinvolte nel progetto sulle tecniche di produzione del compost<\/strong> partendo dai materiali organici disponibili nel villaggio, il che comporta l\u2019abbandono di fertilizzanti chimici con un risparmio economico per le famiglie e benefici importanti per la salute dei terreni.<\/p>\r\n\r\n\r\n\r\n<p>Alcune di queste donne, sono poi state coinvolte nella creazione di 4 piccoli campi sperimentali dove il riso \u00e8 stato piantato, da una parte, con la tecnica tradizionale in uso dalle donne prima di essere coinvolte nel progetto, e dall\u2019altro lato secondo le tecniche di produzione e uso di compost promosse da Mani Tese. In questo modo, col passare del tempo e vedendo crescere il riso, le donne hanno potuto confrontare il risultato delle due tecniche e verificare l\u2019efficacia delle tecniche apprese.<\/p>\r\n\r\n\r\n\r\n<p><strong>\u00c8 bello vedere come questa sperimentazione motivi e incoraggi le donne a utilizzare le nuove tecniche e le porta ad abbandonare i fertilizzanti chimici<\/strong>. Ed \u00e8 bello vedere come anche molte donne non coinvolte nel progetto, ma che vivono in quest\u2019area, vedendo i risultati della sperimentazione prendano esempio per migliorare la coltivazione e il rendimento dei propri campi.<\/p>\r\n\r\n\r\n\r\n<p>Per quanto riguarda il secondo obiettivo, <strong>siamo molto felici di aver creato quattro nuovi centri di trasformazione del riso, formando 12 donne <\/strong>nella tecnica dell\u2019<em>\u00e9tuvage<\/em> <em>(parboilizzazione)<\/em>. Durante questo processo, il riso <em>paddy<\/em> viene sottoposto a vari cicli di <em>chauffage<\/em> e <em>sechage<\/em>, ovvero il riso viene cotto con il vapore per poi essere essiccato prima della decorticazione. Il risultato \u00e8 un riso di qualit\u00e0 fisica, organolettica e nutrizionale superiore al classico riso bianco; un riso che pu\u00f2 essere venduto sul mercato a un prezzo leggermente pi\u00f9 alto <strong>dando alle donne che lo hanno trasformato un margine di guadagno pi\u00f9 interessante<\/strong>.<\/p>\r\n\r\n\r\n\r\n<p>Per ogni centro di trasformazione del riso, sono stati poi organizzati dei momenti di condivisione, in cui le donne che hanno imparato la tecnica la mostrano alle altre donne del villaggio (anche non coinvolte nel progetto). Ogni centro \u00e8 stato poi dotato di materiali e macchinari utili al processo di trasformazione e siamo riusciti anche ad aggiungere un piccolo kit di illuminazione utile alle donne che spesso lavorano anche dopo il tramonto.<\/p>\r\n\r\n\r\n\r\n<p>I gruppi di donne dei centri di trasformazione, sono infine stati accompagnati in un processo di <strong>organizzazione in cooperativa<\/strong>. Sono state realizzate formazioni sulla gestione amministrativa ed \u00e8 stato preparato un <em>business plan <\/em>per rendere sostenibili i centri di trasformazione.<\/p>\r\n\r\n\r\n\r\n<p>Per scoprire tutte le storie del progetto, visitate la pagina dedicata sul sito: <strong><a href=\"https:\/\/manitese.it\/progetto\/miglioramento-condizioni-nutrizionali-donne-e-bambini\" target=\"_blank\" rel=\"noreferrer noopener\" aria-label=\"https:\/\/manitese.it\/progetto\/miglioramento-condizioni-nutrizionali-donne-e-bambini (apre in una nuova scheda)\">https:\/\/manitese.it\/progetto\/miglioramento-condizioni-nutrizionali-donne-e-bambini<\/a><\/strong><\/p>\r\n\r\n\r\n\r\n<p>Qui di seguito alcune foto di progetto:<\/p>\r\n\r\n\r\n\r\n<figure class=\"wp-block-image size-large\"><a href=\"https:\/\/manitese.it\/wp-content\/uploads\/2022\/02\/donne-burkina-faso-mani-tese-2022-social-1.jpg\"><img decoding=\"async\" class=\"wp-image-90300\" src=\"https:\/\/manitese.it\/wp-content\/uploads\/2022\/02\/donne-burkina-faso-mani-tese-2022-social-1-1024x683.jpg\" alt=\"\" \/><\/a><\/figure>\r\n\r\n\r\n\r\n<figure class=\"wp-block-image size-large\"><a href=\"https:\/\/manitese.it\/wp-content\/uploads\/2022\/02\/donne-burkina-faso-mani-tese-2022-social-2.jpg\"><img decoding=\"async\" class=\"wp-image-90302\" src=\"https:\/\/manitese.it\/wp-content\/uploads\/2022\/02\/donne-burkina-faso-mani-tese-2022-social-2-1024x683.jpg\" alt=\"\" \/><\/a><\/figure>\r\n\r\n\r\n\r\n<figure class=\"wp-block-image size-large\"><a href=\"https:\/\/manitese.it\/wp-content\/uploads\/2022\/02\/donne-burkina-faso-mani-tese-2022-social-3.jpg\"><img decoding=\"async\" class=\"wp-image-90304\" src=\"https:\/\/manitese.it\/wp-content\/uploads\/2022\/02\/donne-burkina-faso-mani-tese-2022-social-3-1024x683.jpg\" alt=\"\" \/><\/a><\/figure>\r\n","protected":false},"excerpt":{"rendered":"<p>Ottimi risultati dopo due anni di progetto focalizzati sulla formazione delle donne rurali e sulla creazione di centri di trasformazione del riso.<\/p>\n","protected":false},"author":1,"featured_media":90308,"comment_status":"open","ping_status":"open","sticky":false,"template":"","format":"standard","meta":{"_acf_changed":false,"give_campaign_id":0,"inline_featured_image":false,"_jetpack_memberships_contains_paid_content":false,"footnotes":""},"categories":[3],"tags":[],"thematic_area":[918,905],"class_list":["post-90295","post","type-post","status-publish","format-standard","has-post-thumbnail","hentry","category-diari","thematic_area-sistemi-e-filiere-agroalimentari-locali","thematic_area-accesso-universale-al-cibo-e-allacqua"],"acf":[],"yoast_head":"<!-- This site is optimized with the Yoast SEO plugin v27.5 - https:\/\/yoast.com\/product\/yoast-seo-wordpress\/ -->\n<title>In Burkina Faso al fianco delle donne produttrici di riso - Mani Tese<\/title>\n<meta name=\"description\" content=\"Ottimi risultati dopo due anni di progetto focalizzati sulla formazione delle donne rurali e sulla creazione di centri di trasformazione del riso. Scopri di pi\u00f9!\" \/>\n<meta name=\"robots\" content=\"index, follow, max-snippet:-1, max-image-preview:large, max-video-preview:-1\" \/>\n<link rel=\"canonical\" href=\"https:\/\/www.manitese.it\/en\/in-burkina-faso-al-fianco-delle-donne-produttrici-di-riso\/\" \/>\n<meta property=\"og:locale\" content=\"en_US\" \/>\n<meta property=\"og:type\" content=\"article\" \/>\n<meta property=\"og:title\" content=\"In Burkina Faso al fianco delle donne produttrici di riso - Mani Tese\" \/>\n<meta property=\"og:description\" content=\"Ottimi risultati dopo due anni di progetto focalizzati sulla formazione delle donne rurali e sulla creazione di centri di trasformazione del riso. Scopri di pi\u00f9!\" \/>\n<meta property=\"og:url\" content=\"https:\/\/www.manitese.it\/en\/in-burkina-faso-al-fianco-delle-donne-produttrici-di-riso\/\" \/>\n<meta property=\"og:site_name\" content=\"Mani Tese\" \/>\n<meta property=\"article:published_time\" content=\"2022-02-21T17:01:51+00:00\" \/>\n<meta property=\"article:modified_time\" content=\"2023-11-30T11:38:54+00:00\" \/>\n<meta property=\"og:image\" content=\"https:\/\/www.manitese.it\/wp-content\/uploads\/2022\/02\/donne-burkina-faso-mani-tese-2022-1.jpg\" \/>\n\t<meta property=\"og:image:width\" content=\"1920\" \/>\n\t<meta property=\"og:image:height\" content=\"800\" \/>\n\t<meta property=\"og:image:type\" content=\"image\/jpeg\" \/>\n<meta name=\"author\" content=\"agevis\" \/>\n<meta name=\"twitter:card\" content=\"summary_large_image\" \/>\n<meta name=\"twitter:label1\" content=\"Written by\" \/>\n\t<meta name=\"twitter:data1\" content=\"agevis\" \/>\n\t<meta name=\"twitter:label2\" content=\"Est. reading time\" \/>\n\t<meta name=\"twitter:data2\" content=\"4 minutes\" \/>\n<script type=\"application\/ld+json\" class=\"yoast-schema-graph\">{\"@context\":\"https:\\\/\\\/schema.org\",\"@graph\":[{\"@type\":\"Article\",\"@id\":\"https:\\\/\\\/www.manitese.it\\\/en\\\/in-burkina-faso-al-fianco-delle-donne-produttrici-di-riso\\\/#article\",\"isPartOf\":{\"@id\":\"https:\\\/\\\/www.manitese.it\\\/en\\\/in-burkina-faso-al-fianco-delle-donne-produttrici-di-riso\\\/\"},\"author\":{\"name\":\"agevis\",\"@id\":\"https:\\\/\\\/www.manitese.it\\\/en\\\/#\\\/schema\\\/person\\\/5a9774f17e4940e2510bfeba90f04f65\"},\"headline\":\"In Burkina Faso al fianco delle donne produttrici di riso\",\"datePublished\":\"2022-02-21T17:01:51+00:00\",\"dateModified\":\"2023-11-30T11:38:54+00:00\",\"mainEntityOfPage\":{\"@id\":\"https:\\\/\\\/www.manitese.it\\\/en\\\/in-burkina-faso-al-fianco-delle-donne-produttrici-di-riso\\\/\"},\"wordCount\":575,\"commentCount\":0,\"image\":{\"@id\":\"https:\\\/\\\/www.manitese.it\\\/en\\\/in-burkina-faso-al-fianco-delle-donne-produttrici-di-riso\\\/#primaryimage\"},\"thumbnailUrl\":\"https:\\\/\\\/www.manitese.it\\\/wp-content\\\/uploads\\\/2022\\\/02\\\/donne-burkina-faso-mani-tese-2022-1.jpg\",\"articleSection\":[\"Diari\"],\"inLanguage\":\"en-US\",\"potentialAction\":[{\"@type\":\"CommentAction\",\"name\":\"Comment\",\"target\":[\"https:\\\/\\\/www.manitese.it\\\/en\\\/in-burkina-faso-al-fianco-delle-donne-produttrici-di-riso\\\/#respond\"]}]},{\"@type\":\"WebPage\",\"@id\":\"https:\\\/\\\/www.manitese.it\\\/en\\\/in-burkina-faso-al-fianco-delle-donne-produttrici-di-riso\\\/\",\"url\":\"https:\\\/\\\/www.manitese.it\\\/en\\\/in-burkina-faso-al-fianco-delle-donne-produttrici-di-riso\\\/\",\"name\":\"In Burkina Faso al fianco delle donne produttrici di riso - Mani Tese\",\"isPartOf\":{\"@id\":\"https:\\\/\\\/www.manitese.it\\\/en\\\/#website\"},\"primaryImageOfPage\":{\"@id\":\"https:\\\/\\\/www.manitese.it\\\/en\\\/in-burkina-faso-al-fianco-delle-donne-produttrici-di-riso\\\/#primaryimage\"},\"image\":{\"@id\":\"https:\\\/\\\/www.manitese.it\\\/en\\\/in-burkina-faso-al-fianco-delle-donne-produttrici-di-riso\\\/#primaryimage\"},\"thumbnailUrl\":\"https:\\\/\\\/www.manitese.it\\\/wp-content\\\/uploads\\\/2022\\\/02\\\/donne-burkina-faso-mani-tese-2022-1.jpg\",\"datePublished\":\"2022-02-21T17:01:51+00:00\",\"dateModified\":\"2023-11-30T11:38:54+00:00\",\"author\":{\"@id\":\"https:\\\/\\\/www.manitese.it\\\/en\\\/#\\\/schema\\\/person\\\/5a9774f17e4940e2510bfeba90f04f65\"},\"description\":\"Ottimi risultati dopo due anni di progetto focalizzati sulla formazione delle donne rurali e sulla creazione di centri di trasformazione del riso. Scopri di pi\u00f9!\",\"breadcrumb\":{\"@id\":\"https:\\\/\\\/www.manitese.it\\\/en\\\/in-burkina-faso-al-fianco-delle-donne-produttrici-di-riso\\\/#breadcrumb\"},\"inLanguage\":\"en-US\",\"potentialAction\":[{\"@type\":\"ReadAction\",\"target\":[\"https:\\\/\\\/www.manitese.it\\\/en\\\/in-burkina-faso-al-fianco-delle-donne-produttrici-di-riso\\\/\"]}]},{\"@type\":\"ImageObject\",\"inLanguage\":\"en-US\",\"@id\":\"https:\\\/\\\/www.manitese.it\\\/en\\\/in-burkina-faso-al-fianco-delle-donne-produttrici-di-riso\\\/#primaryimage\",\"url\":\"https:\\\/\\\/www.manitese.it\\\/wp-content\\\/uploads\\\/2022\\\/02\\\/donne-burkina-faso-mani-tese-2022-1.jpg\",\"contentUrl\":\"https:\\\/\\\/www.manitese.it\\\/wp-content\\\/uploads\\\/2022\\\/02\\\/donne-burkina-faso-mani-tese-2022-1.jpg\",\"width\":1920,\"height\":800,\"caption\":\"donne burkina faso mani tese 2022\"},{\"@type\":\"BreadcrumbList\",\"@id\":\"https:\\\/\\\/www.manitese.it\\\/en\\\/in-burkina-faso-al-fianco-delle-donne-produttrici-di-riso\\\/#breadcrumb\",\"itemListElement\":[{\"@type\":\"ListItem\",\"position\":1,\"name\":\"Home\",\"item\":\"https:\\\/\\\/www.manitese.it\\\/en\\\/\"},{\"@type\":\"ListItem\",\"position\":2,\"name\":\"In Burkina Faso al fianco delle donne produttrici di riso\"}]},{\"@type\":\"WebSite\",\"@id\":\"https:\\\/\\\/www.manitese.it\\\/en\\\/#website\",\"url\":\"https:\\\/\\\/www.manitese.it\\\/en\\\/\",\"name\":\"Mani Tese\",\"description\":\"\",\"potentialAction\":[{\"@type\":\"SearchAction\",\"target\":{\"@type\":\"EntryPoint\",\"urlTemplate\":\"https:\\\/\\\/www.manitese.it\\\/en\\\/?s={search_term_string}\"},\"query-input\":{\"@type\":\"PropertyValueSpecification\",\"valueRequired\":true,\"valueName\":\"search_term_string\"}}],\"inLanguage\":\"en-US\"},{\"@type\":\"Person\",\"@id\":\"https:\\\/\\\/www.manitese.it\\\/en\\\/#\\\/schema\\\/person\\\/5a9774f17e4940e2510bfeba90f04f65\",\"name\":\"agevis\",\"image\":{\"@type\":\"ImageObject\",\"inLanguage\":\"en-US\",\"@id\":\"https:\\\/\\\/secure.gravatar.com\\\/avatar\\\/2dc96c93fcf3387a5922a93b50fb3bff01d4800590fb6a4ab91a034adb25ba17?s=96&d=mm&r=g\",\"url\":\"https:\\\/\\\/secure.gravatar.com\\\/avatar\\\/2dc96c93fcf3387a5922a93b50fb3bff01d4800590fb6a4ab91a034adb25ba17?s=96&d=mm&r=g\",\"contentUrl\":\"https:\\\/\\\/secure.gravatar.com\\\/avatar\\\/2dc96c93fcf3387a5922a93b50fb3bff01d4800590fb6a4ab91a034adb25ba17?s=96&d=mm&r=g\",\"caption\":\"agevis\"},\"url\":\"https:\\\/\\\/www.manitese.it\\\/en\\\/author\\\/wp_agevis_admin\\\/\"}]}<\/script>\n<!-- \/ Yoast SEO plugin. -->","yoast_head_json":{"title":"In Burkina Faso al fianco delle donne produttrici di riso - Mani Tese","description":"Ottimi risultati dopo due anni di progetto focalizzati sulla formazione delle donne rurali e sulla creazione di centri di trasformazione del riso. Scopri di pi\u00f9!","robots":{"index":"index","follow":"follow","max-snippet":"max-snippet:-1","max-image-preview":"max-image-preview:large","max-video-preview":"max-video-preview:-1"},"canonical":"https:\/\/www.manitese.it\/en\/in-burkina-faso-al-fianco-delle-donne-produttrici-di-riso\/","og_locale":"en_US","og_type":"article","og_title":"In Burkina Faso al fianco delle donne produttrici di riso - Mani Tese","og_description":"Ottimi risultati dopo due anni di progetto focalizzati sulla formazione delle donne rurali e sulla creazione di centri di trasformazione del riso. Scopri di pi\u00f9!","og_url":"https:\/\/www.manitese.it\/en\/in-burkina-faso-al-fianco-delle-donne-produttrici-di-riso\/","og_site_name":"Mani Tese","article_published_time":"2022-02-21T17:01:51+00:00","article_modified_time":"2023-11-30T11:38:54+00:00","og_image":[{"width":1920,"height":800,"url":"https:\/\/www.manitese.it\/wp-content\/uploads\/2022\/02\/donne-burkina-faso-mani-tese-2022-1.jpg","type":"image\/jpeg"}],"author":"agevis","twitter_card":"summary_large_image","twitter_misc":{"Written by":"agevis","Est. reading time":"4 minutes"},"schema":{"@context":"https:\/\/schema.org","@graph":[{"@type":"Article","@id":"https:\/\/www.manitese.it\/en\/in-burkina-faso-al-fianco-delle-donne-produttrici-di-riso\/#article","isPartOf":{"@id":"https:\/\/www.manitese.it\/en\/in-burkina-faso-al-fianco-delle-donne-produttrici-di-riso\/"},"author":{"name":"agevis","@id":"https:\/\/www.manitese.it\/en\/#\/schema\/person\/5a9774f17e4940e2510bfeba90f04f65"},"headline":"In Burkina Faso al fianco delle donne produttrici di riso","datePublished":"2022-02-21T17:01:51+00:00","dateModified":"2023-11-30T11:38:54+00:00","mainEntityOfPage":{"@id":"https:\/\/www.manitese.it\/en\/in-burkina-faso-al-fianco-delle-donne-produttrici-di-riso\/"},"wordCount":575,"commentCount":0,"image":{"@id":"https:\/\/www.manitese.it\/en\/in-burkina-faso-al-fianco-delle-donne-produttrici-di-riso\/#primaryimage"},"thumbnailUrl":"https:\/\/www.manitese.it\/wp-content\/uploads\/2022\/02\/donne-burkina-faso-mani-tese-2022-1.jpg","articleSection":["Diari"],"inLanguage":"en-US","potentialAction":[{"@type":"CommentAction","name":"Comment","target":["https:\/\/www.manitese.it\/en\/in-burkina-faso-al-fianco-delle-donne-produttrici-di-riso\/#respond"]}]},{"@type":"WebPage","@id":"https:\/\/www.manitese.it\/en\/in-burkina-faso-al-fianco-delle-donne-produttrici-di-riso\/","url":"https:\/\/www.manitese.it\/en\/in-burkina-faso-al-fianco-delle-donne-produttrici-di-riso\/","name":"In Burkina Faso al fianco delle donne produttrici di riso - Mani Tese","isPartOf":{"@id":"https:\/\/www.manitese.it\/en\/#website"},"primaryImageOfPage":{"@id":"https:\/\/www.manitese.it\/en\/in-burkina-faso-al-fianco-delle-donne-produttrici-di-riso\/#primaryimage"},"image":{"@id":"https:\/\/www.manitese.it\/en\/in-burkina-faso-al-fianco-delle-donne-produttrici-di-riso\/#primaryimage"},"thumbnailUrl":"https:\/\/www.manitese.it\/wp-content\/uploads\/2022\/02\/donne-burkina-faso-mani-tese-2022-1.jpg","datePublished":"2022-02-21T17:01:51+00:00","dateModified":"2023-11-30T11:38:54+00:00","author":{"@id":"https:\/\/www.manitese.it\/en\/#\/schema\/person\/5a9774f17e4940e2510bfeba90f04f65"},"description":"Ottimi risultati dopo due anni di progetto focalizzati sulla formazione delle donne rurali e sulla creazione di centri di trasformazione del riso. Scopri di pi\u00f9!","breadcrumb":{"@id":"https:\/\/www.manitese.it\/en\/in-burkina-faso-al-fianco-delle-donne-produttrici-di-riso\/#breadcrumb"},"inLanguage":"en-US","potentialAction":[{"@type":"ReadAction","target":["https:\/\/www.manitese.it\/en\/in-burkina-faso-al-fianco-delle-donne-produttrici-di-riso\/"]}]},{"@type":"ImageObject","inLanguage":"en-US","@id":"https:\/\/www.manitese.it\/en\/in-burkina-faso-al-fianco-delle-donne-produttrici-di-riso\/#primaryimage","url":"https:\/\/www.manitese.it\/wp-content\/uploads\/2022\/02\/donne-burkina-faso-mani-tese-2022-1.jpg","contentUrl":"https:\/\/www.manitese.it\/wp-content\/uploads\/2022\/02\/donne-burkina-faso-mani-tese-2022-1.jpg","width":1920,"height":800,"caption":"donne burkina faso mani tese 2022"},{"@type":"BreadcrumbList","@id":"https:\/\/www.manitese.it\/en\/in-burkina-faso-al-fianco-delle-donne-produttrici-di-riso\/#breadcrumb","itemListElement":[{"@type":"ListItem","position":1,"name":"Home","item":"https:\/\/www.manitese.it\/en\/"},{"@type":"ListItem","position":2,"name":"In Burkina Faso al fianco delle donne produttrici di riso"}]},{"@type":"WebSite","@id":"https:\/\/www.manitese.it\/en\/#website","url":"https:\/\/www.manitese.it\/en\/","name":"Mani Tese","description":"","potentialAction":[{"@type":"SearchAction","target":{"@type":"EntryPoint","urlTemplate":"https:\/\/www.manitese.it\/en\/?s={search_term_string}"},"query-input":{"@type":"PropertyValueSpecification","valueRequired":true,"valueName":"search_term_string"}}],"inLanguage":"en-US"},{"@type":"Person","@id":"https:\/\/www.manitese.it\/en\/#\/schema\/person\/5a9774f17e4940e2510bfeba90f04f65","name":"agevis","image":{"@type":"ImageObject","inLanguage":"en-US","@id":"https:\/\/secure.gravatar.com\/avatar\/2dc96c93fcf3387a5922a93b50fb3bff01d4800590fb6a4ab91a034adb25ba17?s=96&d=mm&r=g","url":"https:\/\/secure.gravatar.com\/avatar\/2dc96c93fcf3387a5922a93b50fb3bff01d4800590fb6a4ab91a034adb25ba17?s=96&d=mm&r=g","contentUrl":"https:\/\/secure.gravatar.com\/avatar\/2dc96c93fcf3387a5922a93b50fb3bff01d4800590fb6a4ab91a034adb25ba17?s=96&d=mm&r=g","caption":"agevis"},"url":"https:\/\/www.manitese.it\/en\/author\/wp_agevis_admin\/"}]}},"jetpack_featured_media_url":"https:\/\/www.manitese.it\/wp-content\/uploads\/2022\/02\/donne-burkina-faso-mani-tese-2022-1.jpg","jetpack_sharing_enabled":true,"_links":{"self":[{"href":"https:\/\/www.manitese.it\/en\/wp-json\/wp\/v2\/posts\/90295","targetHints":{"allow":["GET"]}}],"collection":[{"href":"https:\/\/www.manitese.it\/en\/wp-json\/wp\/v2\/posts"}],"about":[{"href":"https:\/\/www.manitese.it\/en\/wp-json\/wp\/v2\/types\/post"}],"author":[{"embeddable":true,"href":"https:\/\/www.manitese.it\/en\/wp-json\/wp\/v2\/users\/1"}],"replies":[{"embeddable":true,"href":"https:\/\/www.manitese.it\/en\/wp-json\/wp\/v2\/comments?post=90295"}],"version-history":[{"count":3,"href":"https:\/\/www.manitese.it\/en\/wp-json\/wp\/v2\/posts\/90295\/revisions"}],"predecessor-version":[{"id":191702,"href":"https:\/\/www.manitese.it\/en\/wp-json\/wp\/v2\/posts\/90295\/revisions\/191702"}],"wp:featuredmedia":[{"embeddable":true,"href":"https:\/\/www.manitese.it\/en\/wp-json\/wp\/v2\/media\/90308"}],"wp:attachment":[{"href":"https:\/\/www.manitese.it\/en\/wp-json\/wp\/v2\/media?parent=90295"}],"wp:term":[{"taxonomy":"category","embeddable":true,"href":"https:\/\/www.manitese.it\/en\/wp-json\/wp\/v2\/categories?post=90295"},{"taxonomy":"post_tag","embeddable":true,"href":"https:\/\/www.manitese.it\/en\/wp-json\/wp\/v2\/tags?post=90295"},{"taxonomy":"thematic_area","embeddable":true,"href":"https:\/\/www.manitese.it\/en\/wp-json\/wp\/v2\/thematic_area?post=90295"}],"curies":[{"name":"wp","href":"https:\/\/api.w.org\/{rel}","templated":true}]}}