{"id":89436,"date":"2022-02-11T08:24:52","date_gmt":"2022-02-11T07:24:52","guid":{"rendered":"https:\/\/manitese.it\/?p=89436"},"modified":"2025-04-22T09:56:51","modified_gmt":"2025-04-22T07:56:51","slug":"tutela-dell-ambiente-in-costituzione","status":"publish","type":"post","link":"https:\/\/www.manitese.it\/en\/tutela-dell-ambiente-in-costituzione\/","title":{"rendered":"La tutela dell\u2019ambiente entra nella nostra costituzione"},"content":{"rendered":"\r\n<p>Con 468 voti a favore, un contrario e sei astenuti, questa settimana la Camera dei Deputati ha introdotto nella Carta Costituzionale <strong>\u201cla tutela dell\u2019ambiente, la biodiversit\u00e0 e gli ecosistemi, anche nell\u2019interesse delle future generazioni\u201d<\/strong> (aggiunta all\u2019Articolo 9). La modifica, in seconda lettura e gi\u00e0 approvata al Senato con maggioranza dei due terzi lo scorso novembre, entrer\u00e0 in vigore con effetto immediato.<\/p>\r\n\r\n\r\n\r\n<p>Cambia anche l\u2019articolo 41, che tutela l\u2019iniziativa economica privata. \u201cL\u2019iniziativa economica privata \u00e8 libera. Non pu\u00f2 svolgersi in contrasto con l\u2019utilit\u00e0 sociale o in modo da recare danno alla sicurezza, alla libert\u00e0, alla dignit\u00e0 umana, ALLA SALUTE e ALL\u2019AMBIENTE. La legge determina i programmi e i controlli opportuni perch\u00e9 l\u2019attivit\u00e0 economica pubblica e privata possa essere indirizzata e coordinata a fini sociali E AMBIENTALI\u201d.<\/p>\r\n\r\n\r\n\r\n<p>\u201cQuest\u2019ultima modifica, in particolare, \u00e8 sostanziale \u2013 <strong>ha spiegato Giosu\u00e8 De Salvo, responsabile Advocacy, Educazione e Campagne di Mani Tese e portavoce della campagna <a href=\"https:\/\/campagnaimpresa2030.org\/\" target=\"_blank\" rel=\"noreferrer noopener\" aria-label=\"Impresa2030 (apre in una nuova scheda)\">Impresa2030<\/a> <\/strong>\u2013 La sua approvazione ci lascia molto soddisfatti, adesso \u00e8 indispensabile proseguire in questa direzione. La storia del nostro Paese \u00e8 ricca di esiti sanitari e ambientali drammatici per quanto riguarda le iniziative imprenditoriali. Adesso che la tutela dell\u2019ambiente \u00e8 entrata nella nostra Costituzione, bisogna prevedere regole pi\u00f9 severe per le aziende e rimedi certi ai loro impatti\u201d.<\/p>\r\n\r\n\r\n\r\n<p><u><strong>\u00c8 ora di darci una regolata<\/strong><\/u><\/p>\r\n\r\n\r\n\r\n<p>La campagna <strong><a href=\"https:\/\/campagnaimpresa2030.org\/\" target=\"_blank\" rel=\"noreferrer noopener\" aria-label=\"Impresa2030 (apre in una nuova scheda)\">Impresa2030<\/a><\/strong> nasce da dodici ONG italiane \u2013 ActionAid Italia, Equo Garantito, Fair, Fairtrade, Focsiv, Fondazione Finanza Etica, Human Rights International Corner (HRIC), Large Movements APS, Mani Tese, Oxfam Italia, Save the Children e WeWorld \u2013 per fare pressione sulla Commissione Europea che sta lavorando al testo di una direttiva sulla \u201cdovuta diligenza\u201d in materia di diritti umani e ambiente.<\/p>\r\n\r\n\r\n\r\n<p>\u201cChiediamo che i nostri rappresentanti istituzionali colgano questa occasione storica per ripensare il ruolo delle imprese nella societ\u00e0, e che quando la proposta di direttiva verr\u00e0 pubblicata e si aprir\u00e0 la fase di negoziazione, non cedano alle pressioni del mondo delle grandi lobby conservatrici. La tutela dell\u2019ambiente deve essere un caposaldo di tutte le legislazioni che regolano le attivit\u00e0 imprenditoriali\u201d.<\/p>\r\n\r\n\r\n\r\n<p>Dopo una serie di slittamenti indotti da contrasti in seno al collegio dei Commissari UE, la proposta di direttiva \u00e8 ora attesa entro la fine del mese di febbraio.<\/p>\r\n\r\n\r\n\r\n<p>Scopri di pi\u00f9 su <strong><a href=\"https:\/\/campagnaimpresa2030.org\/\" target=\"_blank\" rel=\"noreferrer noopener\" aria-label=\"impresa2030.org (apre in una nuova scheda)\">impresa2030.org<\/a><\/strong><\/p>\r\n","protected":false},"excerpt":{"rendered":"<p>Giosu\u00e8 De Salvo: \u201cMolto soddisfatti, adesso regole cogenti per le imprese e rimedio per le vittime di abusi\u201d.<\/p>\n","protected":false},"author":1,"featured_media":80336,"comment_status":"open","ping_status":"open","sticky":false,"template":"","format":"standard","meta":{"_acf_changed":false,"give_campaign_id":0,"inline_featured_image":false,"_jetpack_memberships_contains_paid_content":false,"footnotes":""},"categories":[5],"tags":[],"thematic_area":[],"class_list":["post-89436","post","type-post","status-publish","format-standard","has-post-thumbnail","hentry","category-attualita"],"acf":[],"yoast_head":"<!-- This site is optimized with the Yoast SEO plugin v27.5 - https:\/\/yoast.com\/product\/yoast-seo-wordpress\/ -->\n<title>La tutela dell\u2019ambiente entra nella nostra costituzione - Mani Tese<\/title>\n<meta name=\"description\" content=\"Giosu\u00e8 De Salvo: \u201cMolto soddisfatti, adesso regole cogenti per le imprese e rimedio per le vittime di abusi\u201d. Leggi il comunicato.\" \/>\n<meta name=\"robots\" content=\"index, follow, max-snippet:-1, max-image-preview:large, max-video-preview:-1\" \/>\n<link rel=\"canonical\" href=\"https:\/\/www.manitese.it\/en\/tutela-dell-ambiente-in-costituzione\/\" \/>\n<meta property=\"og:locale\" content=\"en_US\" \/>\n<meta property=\"og:type\" content=\"article\" \/>\n<meta property=\"og:title\" content=\"La tutela dell\u2019ambiente entra nella nostra costituzione - Mani Tese\" \/>\n<meta property=\"og:description\" content=\"Giosu\u00e8 De Salvo: \u201cMolto soddisfatti, adesso regole cogenti per le imprese e rimedio per le vittime di abusi\u201d. Leggi il comunicato.\" \/>\n<meta property=\"og:url\" content=\"https:\/\/www.manitese.it\/en\/tutela-dell-ambiente-in-costituzione\/\" \/>\n<meta property=\"og:site_name\" content=\"Mani Tese\" \/>\n<meta property=\"article:published_time\" content=\"2022-02-11T07:24:52+00:00\" \/>\n<meta property=\"article:modified_time\" content=\"2025-04-22T07:56:51+00:00\" \/>\n<meta property=\"og:image\" content=\"https:\/\/www.manitese.it\/wp-content\/uploads\/2021\/10\/governo-deve-obbligare-imprese-rispetto-diritti-umani-mani-tese-2021-1.jpg\" \/>\n\t<meta property=\"og:image:width\" content=\"1920\" \/>\n\t<meta property=\"og:image:height\" content=\"800\" \/>\n\t<meta property=\"og:image:type\" content=\"image\/jpeg\" \/>\n<meta name=\"author\" content=\"agevis\" \/>\n<meta name=\"twitter:card\" content=\"summary_large_image\" \/>\n<meta name=\"twitter:label1\" content=\"Written by\" \/>\n\t<meta name=\"twitter:data1\" content=\"agevis\" \/>\n\t<meta name=\"twitter:label2\" content=\"Est. reading time\" \/>\n\t<meta name=\"twitter:data2\" content=\"2 minutes\" \/>\n<script type=\"application\/ld+json\" class=\"yoast-schema-graph\">{\"@context\":\"https:\\\/\\\/schema.org\",\"@graph\":[{\"@type\":\"Article\",\"@id\":\"https:\\\/\\\/www.manitese.it\\\/en\\\/tutela-dell-ambiente-in-costituzione\\\/#article\",\"isPartOf\":{\"@id\":\"https:\\\/\\\/www.manitese.it\\\/en\\\/tutela-dell-ambiente-in-costituzione\\\/\"},\"author\":{\"name\":\"agevis\",\"@id\":\"https:\\\/\\\/www.manitese.it\\\/en\\\/#\\\/schema\\\/person\\\/5a9774f17e4940e2510bfeba90f04f65\"},\"headline\":\"La tutela dell\u2019ambiente entra nella nostra costituzione\",\"datePublished\":\"2022-02-11T07:24:52+00:00\",\"dateModified\":\"2025-04-22T07:56:51+00:00\",\"mainEntityOfPage\":{\"@id\":\"https:\\\/\\\/www.manitese.it\\\/en\\\/tutela-dell-ambiente-in-costituzione\\\/\"},\"wordCount\":376,\"commentCount\":0,\"image\":{\"@id\":\"https:\\\/\\\/www.manitese.it\\\/en\\\/tutela-dell-ambiente-in-costituzione\\\/#primaryimage\"},\"thumbnailUrl\":\"https:\\\/\\\/www.manitese.it\\\/wp-content\\\/uploads\\\/2021\\\/10\\\/governo-deve-obbligare-imprese-rispetto-diritti-umani-mani-tese-2021-1.jpg\",\"articleSection\":[\"Attualit\u00e0\"],\"inLanguage\":\"en-US\",\"potentialAction\":[{\"@type\":\"CommentAction\",\"name\":\"Comment\",\"target\":[\"https:\\\/\\\/www.manitese.it\\\/en\\\/tutela-dell-ambiente-in-costituzione\\\/#respond\"]}]},{\"@type\":\"WebPage\",\"@id\":\"https:\\\/\\\/www.manitese.it\\\/en\\\/tutela-dell-ambiente-in-costituzione\\\/\",\"url\":\"https:\\\/\\\/www.manitese.it\\\/en\\\/tutela-dell-ambiente-in-costituzione\\\/\",\"name\":\"La tutela dell\u2019ambiente entra nella nostra costituzione - Mani Tese\",\"isPartOf\":{\"@id\":\"https:\\\/\\\/www.manitese.it\\\/en\\\/#website\"},\"primaryImageOfPage\":{\"@id\":\"https:\\\/\\\/www.manitese.it\\\/en\\\/tutela-dell-ambiente-in-costituzione\\\/#primaryimage\"},\"image\":{\"@id\":\"https:\\\/\\\/www.manitese.it\\\/en\\\/tutela-dell-ambiente-in-costituzione\\\/#primaryimage\"},\"thumbnailUrl\":\"https:\\\/\\\/www.manitese.it\\\/wp-content\\\/uploads\\\/2021\\\/10\\\/governo-deve-obbligare-imprese-rispetto-diritti-umani-mani-tese-2021-1.jpg\",\"datePublished\":\"2022-02-11T07:24:52+00:00\",\"dateModified\":\"2025-04-22T07:56:51+00:00\",\"author\":{\"@id\":\"https:\\\/\\\/www.manitese.it\\\/en\\\/#\\\/schema\\\/person\\\/5a9774f17e4940e2510bfeba90f04f65\"},\"description\":\"Giosu\u00e8 De Salvo: \u201cMolto soddisfatti, adesso regole cogenti per le imprese e rimedio per le vittime di abusi\u201d. Leggi il comunicato.\",\"breadcrumb\":{\"@id\":\"https:\\\/\\\/www.manitese.it\\\/en\\\/tutela-dell-ambiente-in-costituzione\\\/#breadcrumb\"},\"inLanguage\":\"en-US\",\"potentialAction\":[{\"@type\":\"ReadAction\",\"target\":[\"https:\\\/\\\/www.manitese.it\\\/en\\\/tutela-dell-ambiente-in-costituzione\\\/\"]}]},{\"@type\":\"ImageObject\",\"inLanguage\":\"en-US\",\"@id\":\"https:\\\/\\\/www.manitese.it\\\/en\\\/tutela-dell-ambiente-in-costituzione\\\/#primaryimage\",\"url\":\"https:\\\/\\\/www.manitese.it\\\/wp-content\\\/uploads\\\/2021\\\/10\\\/governo-deve-obbligare-imprese-rispetto-diritti-umani-mani-tese-2021-1.jpg\",\"contentUrl\":\"https:\\\/\\\/www.manitese.it\\\/wp-content\\\/uploads\\\/2021\\\/10\\\/governo-deve-obbligare-imprese-rispetto-diritti-umani-mani-tese-2021-1.jpg\",\"width\":1920,\"height\":800,\"caption\":\"governo deve obbligare imprese rispetto diritti umani mani tese 2021\"},{\"@type\":\"BreadcrumbList\",\"@id\":\"https:\\\/\\\/www.manitese.it\\\/en\\\/tutela-dell-ambiente-in-costituzione\\\/#breadcrumb\",\"itemListElement\":[{\"@type\":\"ListItem\",\"position\":1,\"name\":\"Home\",\"item\":\"https:\\\/\\\/www.manitese.it\\\/en\\\/\"},{\"@type\":\"ListItem\",\"position\":2,\"name\":\"La tutela dell\u2019ambiente entra nella nostra costituzione\"}]},{\"@type\":\"WebSite\",\"@id\":\"https:\\\/\\\/www.manitese.it\\\/en\\\/#website\",\"url\":\"https:\\\/\\\/www.manitese.it\\\/en\\\/\",\"name\":\"Mani Tese\",\"description\":\"\",\"potentialAction\":[{\"@type\":\"SearchAction\",\"target\":{\"@type\":\"EntryPoint\",\"urlTemplate\":\"https:\\\/\\\/www.manitese.it\\\/en\\\/?s={search_term_string}\"},\"query-input\":{\"@type\":\"PropertyValueSpecification\",\"valueRequired\":true,\"valueName\":\"search_term_string\"}}],\"inLanguage\":\"en-US\"},{\"@type\":\"Person\",\"@id\":\"https:\\\/\\\/www.manitese.it\\\/en\\\/#\\\/schema\\\/person\\\/5a9774f17e4940e2510bfeba90f04f65\",\"name\":\"agevis\",\"image\":{\"@type\":\"ImageObject\",\"inLanguage\":\"en-US\",\"@id\":\"https:\\\/\\\/secure.gravatar.com\\\/avatar\\\/2dc96c93fcf3387a5922a93b50fb3bff01d4800590fb6a4ab91a034adb25ba17?s=96&d=mm&r=g\",\"url\":\"https:\\\/\\\/secure.gravatar.com\\\/avatar\\\/2dc96c93fcf3387a5922a93b50fb3bff01d4800590fb6a4ab91a034adb25ba17?s=96&d=mm&r=g\",\"contentUrl\":\"https:\\\/\\\/secure.gravatar.com\\\/avatar\\\/2dc96c93fcf3387a5922a93b50fb3bff01d4800590fb6a4ab91a034adb25ba17?s=96&d=mm&r=g\",\"caption\":\"agevis\"},\"url\":\"https:\\\/\\\/www.manitese.it\\\/en\\\/author\\\/wp_agevis_admin\\\/\"}]}<\/script>\n<!-- \/ Yoast SEO plugin. -->","yoast_head_json":{"title":"La tutela dell\u2019ambiente entra nella nostra costituzione - Mani Tese","description":"Giosu\u00e8 De Salvo: \u201cMolto soddisfatti, adesso regole cogenti per le imprese e rimedio per le vittime di abusi\u201d. Leggi il comunicato.","robots":{"index":"index","follow":"follow","max-snippet":"max-snippet:-1","max-image-preview":"max-image-preview:large","max-video-preview":"max-video-preview:-1"},"canonical":"https:\/\/www.manitese.it\/en\/tutela-dell-ambiente-in-costituzione\/","og_locale":"en_US","og_type":"article","og_title":"La tutela dell\u2019ambiente entra nella nostra costituzione - Mani Tese","og_description":"Giosu\u00e8 De Salvo: \u201cMolto soddisfatti, adesso regole cogenti per le imprese e rimedio per le vittime di abusi\u201d. Leggi il comunicato.","og_url":"https:\/\/www.manitese.it\/en\/tutela-dell-ambiente-in-costituzione\/","og_site_name":"Mani Tese","article_published_time":"2022-02-11T07:24:52+00:00","article_modified_time":"2025-04-22T07:56:51+00:00","og_image":[{"width":1920,"height":800,"url":"https:\/\/www.manitese.it\/wp-content\/uploads\/2021\/10\/governo-deve-obbligare-imprese-rispetto-diritti-umani-mani-tese-2021-1.jpg","type":"image\/jpeg"}],"author":"agevis","twitter_card":"summary_large_image","twitter_misc":{"Written by":"agevis","Est. reading time":"2 minutes"},"schema":{"@context":"https:\/\/schema.org","@graph":[{"@type":"Article","@id":"https:\/\/www.manitese.it\/en\/tutela-dell-ambiente-in-costituzione\/#article","isPartOf":{"@id":"https:\/\/www.manitese.it\/en\/tutela-dell-ambiente-in-costituzione\/"},"author":{"name":"agevis","@id":"https:\/\/www.manitese.it\/en\/#\/schema\/person\/5a9774f17e4940e2510bfeba90f04f65"},"headline":"La tutela dell\u2019ambiente entra nella nostra costituzione","datePublished":"2022-02-11T07:24:52+00:00","dateModified":"2025-04-22T07:56:51+00:00","mainEntityOfPage":{"@id":"https:\/\/www.manitese.it\/en\/tutela-dell-ambiente-in-costituzione\/"},"wordCount":376,"commentCount":0,"image":{"@id":"https:\/\/www.manitese.it\/en\/tutela-dell-ambiente-in-costituzione\/#primaryimage"},"thumbnailUrl":"https:\/\/www.manitese.it\/wp-content\/uploads\/2021\/10\/governo-deve-obbligare-imprese-rispetto-diritti-umani-mani-tese-2021-1.jpg","articleSection":["Attualit\u00e0"],"inLanguage":"en-US","potentialAction":[{"@type":"CommentAction","name":"Comment","target":["https:\/\/www.manitese.it\/en\/tutela-dell-ambiente-in-costituzione\/#respond"]}]},{"@type":"WebPage","@id":"https:\/\/www.manitese.it\/en\/tutela-dell-ambiente-in-costituzione\/","url":"https:\/\/www.manitese.it\/en\/tutela-dell-ambiente-in-costituzione\/","name":"La tutela dell\u2019ambiente entra nella nostra costituzione - Mani Tese","isPartOf":{"@id":"https:\/\/www.manitese.it\/en\/#website"},"primaryImageOfPage":{"@id":"https:\/\/www.manitese.it\/en\/tutela-dell-ambiente-in-costituzione\/#primaryimage"},"image":{"@id":"https:\/\/www.manitese.it\/en\/tutela-dell-ambiente-in-costituzione\/#primaryimage"},"thumbnailUrl":"https:\/\/www.manitese.it\/wp-content\/uploads\/2021\/10\/governo-deve-obbligare-imprese-rispetto-diritti-umani-mani-tese-2021-1.jpg","datePublished":"2022-02-11T07:24:52+00:00","dateModified":"2025-04-22T07:56:51+00:00","author":{"@id":"https:\/\/www.manitese.it\/en\/#\/schema\/person\/5a9774f17e4940e2510bfeba90f04f65"},"description":"Giosu\u00e8 De Salvo: \u201cMolto soddisfatti, adesso regole cogenti per le imprese e rimedio per le vittime di abusi\u201d. Leggi il comunicato.","breadcrumb":{"@id":"https:\/\/www.manitese.it\/en\/tutela-dell-ambiente-in-costituzione\/#breadcrumb"},"inLanguage":"en-US","potentialAction":[{"@type":"ReadAction","target":["https:\/\/www.manitese.it\/en\/tutela-dell-ambiente-in-costituzione\/"]}]},{"@type":"ImageObject","inLanguage":"en-US","@id":"https:\/\/www.manitese.it\/en\/tutela-dell-ambiente-in-costituzione\/#primaryimage","url":"https:\/\/www.manitese.it\/wp-content\/uploads\/2021\/10\/governo-deve-obbligare-imprese-rispetto-diritti-umani-mani-tese-2021-1.jpg","contentUrl":"https:\/\/www.manitese.it\/wp-content\/uploads\/2021\/10\/governo-deve-obbligare-imprese-rispetto-diritti-umani-mani-tese-2021-1.jpg","width":1920,"height":800,"caption":"governo deve obbligare imprese rispetto diritti umani mani tese 2021"},{"@type":"BreadcrumbList","@id":"https:\/\/www.manitese.it\/en\/tutela-dell-ambiente-in-costituzione\/#breadcrumb","itemListElement":[{"@type":"ListItem","position":1,"name":"Home","item":"https:\/\/www.manitese.it\/en\/"},{"@type":"ListItem","position":2,"name":"La tutela dell\u2019ambiente entra nella nostra costituzione"}]},{"@type":"WebSite","@id":"https:\/\/www.manitese.it\/en\/#website","url":"https:\/\/www.manitese.it\/en\/","name":"Mani Tese","description":"","potentialAction":[{"@type":"SearchAction","target":{"@type":"EntryPoint","urlTemplate":"https:\/\/www.manitese.it\/en\/?s={search_term_string}"},"query-input":{"@type":"PropertyValueSpecification","valueRequired":true,"valueName":"search_term_string"}}],"inLanguage":"en-US"},{"@type":"Person","@id":"https:\/\/www.manitese.it\/en\/#\/schema\/person\/5a9774f17e4940e2510bfeba90f04f65","name":"agevis","image":{"@type":"ImageObject","inLanguage":"en-US","@id":"https:\/\/secure.gravatar.com\/avatar\/2dc96c93fcf3387a5922a93b50fb3bff01d4800590fb6a4ab91a034adb25ba17?s=96&d=mm&r=g","url":"https:\/\/secure.gravatar.com\/avatar\/2dc96c93fcf3387a5922a93b50fb3bff01d4800590fb6a4ab91a034adb25ba17?s=96&d=mm&r=g","contentUrl":"https:\/\/secure.gravatar.com\/avatar\/2dc96c93fcf3387a5922a93b50fb3bff01d4800590fb6a4ab91a034adb25ba17?s=96&d=mm&r=g","caption":"agevis"},"url":"https:\/\/www.manitese.it\/en\/author\/wp_agevis_admin\/"}]}},"jetpack_featured_media_url":"https:\/\/www.manitese.it\/wp-content\/uploads\/2021\/10\/governo-deve-obbligare-imprese-rispetto-diritti-umani-mani-tese-2021-1.jpg","jetpack_sharing_enabled":true,"_links":{"self":[{"href":"https:\/\/www.manitese.it\/en\/wp-json\/wp\/v2\/posts\/89436","targetHints":{"allow":["GET"]}}],"collection":[{"href":"https:\/\/www.manitese.it\/en\/wp-json\/wp\/v2\/posts"}],"about":[{"href":"https:\/\/www.manitese.it\/en\/wp-json\/wp\/v2\/types\/post"}],"author":[{"embeddable":true,"href":"https:\/\/www.manitese.it\/en\/wp-json\/wp\/v2\/users\/1"}],"replies":[{"embeddable":true,"href":"https:\/\/www.manitese.it\/en\/wp-json\/wp\/v2\/comments?post=89436"}],"version-history":[{"count":3,"href":"https:\/\/www.manitese.it\/en\/wp-json\/wp\/v2\/posts\/89436\/revisions"}],"predecessor-version":[{"id":198778,"href":"https:\/\/www.manitese.it\/en\/wp-json\/wp\/v2\/posts\/89436\/revisions\/198778"}],"wp:featuredmedia":[{"embeddable":true,"href":"https:\/\/www.manitese.it\/en\/wp-json\/wp\/v2\/media\/80336"}],"wp:attachment":[{"href":"https:\/\/www.manitese.it\/en\/wp-json\/wp\/v2\/media?parent=89436"}],"wp:term":[{"taxonomy":"category","embeddable":true,"href":"https:\/\/www.manitese.it\/en\/wp-json\/wp\/v2\/categories?post=89436"},{"taxonomy":"post_tag","embeddable":true,"href":"https:\/\/www.manitese.it\/en\/wp-json\/wp\/v2\/tags?post=89436"},{"taxonomy":"thematic_area","embeddable":true,"href":"https:\/\/www.manitese.it\/en\/wp-json\/wp\/v2\/thematic_area?post=89436"}],"curies":[{"name":"wp","href":"https:\/\/api.w.org\/{rel}","templated":true}]}}