{"id":88595,"date":"2022-01-21T15:58:26","date_gmt":"2022-01-21T14:58:26","guid":{"rendered":"https:\/\/manitese.it\/?p=88595"},"modified":"2023-11-30T13:09:58","modified_gmt":"2023-11-30T12:09:58","slug":"benin-storia-di-yoro-catherine","status":"publish","type":"post","link":"https:\/\/www.manitese.it\/en\/benin-storia-di-yoro-catherine\/","title":{"rendered":"Benin: la storia di Yoro Cath\u00e9rine"},"content":{"rendered":"\r\n<p><strong>Cath\u00e9rine <\/strong>\u00e8 una donna sulla cinquantina, vive a Tamp\u00e8gr\u00e9 con i suoi 6 figli e il marito. Cath\u00e9rine ha conosciuto Mani Tese nel 2014 attraverso una formazione sulla strutturazione e l\u2019organizzazione di gruppi di trasformazione. <strong>Dopo la formazione ha costituito un gruppo con altre 25 donne dal nome \u201cT\u00e9tooma\u201d<\/strong> <strong>e ne \u00e8 diventata la Presidente<\/strong>.<\/p>\r\n\r\n\r\n\r\n<p>Grazie ai progetti di Mani Tese, <strong>il gruppo \u00e8 stato<\/strong> <strong>formato sulla trasformazione della manioca<\/strong> e sulla commercializzazione dei prodotti. Inoltre, le donne <strong>hanno ricevuto da Mani Tese le<\/strong> <strong>attrezzatture per la lavorazione<\/strong>, tra cui una grattugia motorizzata e una pressa. Infine, per garantire un\u2019indipendenza economica al gruppo, <strong>Mani Tese ha messo in contatto le donne con una struttura di microfinanza<\/strong>, che ha concesso loro dei prestiti, attraverso i quali hanno potuto aumentare le capacit\u00e0 di trasformazione e produzione.<\/p>\r\n\r\n\r\n\r\n<p>Oggi, <strong>il gruppo di Cath\u00e9rine ha un campo di produzione collettiva di manioca<\/strong>, fa orticoltura e produce verdure come i pomodori, i fagiolini e l\u2019ocra.<\/p>\r\n\r\n\r\n\r\n<p>Oggi, grazie ad un nuovo progetto di Mani Tese, <a href=\"https:\/\/manitese.it\/progetto\/sicurezza-alimentare-atacora\" target=\"_blank\" rel=\"noreferrer noopener\" aria-label=\" (apre in una nuova scheda)\"><strong>\u201cMiglioramento della sicurezza alimentare e delle condizioni igienico-sanitarie delle comunit\u00e0 dell\u2019Atacora\u201d<\/strong><\/a> cofinanziato grazie ai fondi 8 per 1000 dell\u2019IRPEF a diretta gestione statale, <strong>le donne sono formate sulle tecniche di produzione agricola <\/strong>del mais giallo, l\u2019igname, il sesamo e la patata dolce, che erano scomparsi dalle abitudini alimentari. Il ritorno di queste colture si \u00e8 rivelato un vantaggio per le famiglie perch\u00e9 ha aumentato la disponibilit\u00e0 di cibo e i loro redditi.<\/p>\r\n\r\n\r\n\r\n<p>Inoltre, <strong>Cath\u00e9rine con il suo gruppo ha partecipato ad alcune sessioni formative sull\u2019importanza della scuola<\/strong>, dopodich\u00e9 \u00e8 stata spesso chiamata alle riunioni delle associazioni dei genitori per sensibilizzarli sui rischi dell\u2019abbandono scolastico e, con il suo gruppo, <strong>ha formato una<\/strong> <strong>squadra per la sensibilizzazione delle ragazze sull\u2019importanza di non abbandonare la scuola<\/strong>.<\/p>\r\n\r\n\r\n\r\n<p>Cath\u00e9rine si chiede se non avesse fatto la formazione, ma fosse rimasta nei campi, chi avrebbe parlato a nome delle donne nel villaggio. <strong>Dice di essere grata per aver potuto partecipare alla \u201cscuola\u201d di Mani Tese<\/strong>, che le ha fatto imparare molte cose e le ha permesso di cambiare la sua vita, senza pi\u00f9 dover passare tutto il tempo a tagliare legna per trasformarla in carbone come ancora fanno molte donne del suo villaggio.<\/p>\r\n\r\n\r\n\r\n<p>Oggi Cath\u00e9rine \u00e8 in grado di contribuire alle spese di casa grazie ai profitti che ricava dalla commercializzazione del gari, la manioca lavorata, e quando i suoi figli sono malati e suo marito \u00e8 assente, riesce a occuparsi di loro. Inoltre, riesce a comprarsi anche qualcosa per s\u00e9.<\/p>\r\n\r\n\r\n\r\n<p>I suoi tre figli pi\u00f9 grandi, purtroppo, non vanno pi\u00f9 a scuola, ma i tre pi\u00f9 piccoli s\u00ec, uno \u00e8 gi\u00e0 alla scuola secondaria.<\/p>\r\n\r\n\r\n\r\n<p><strong>Aver capito l\u2019importanza della scuola per i figli \u00e8 stato fondamentale e di questo ringrazia Mani Tese e tutto lo staff.<\/strong><\/p>\r\n\r\n\r\n\r\n<p>Si ritiene una donna felice perch\u00e9 ha acquistato un nuovo valore anche all\u2019interno della famiglia e considera Mani Tese come la \u201cscuola\u201d che non ha avuto la possibilit\u00e0 di frequentare.<\/p>\r\n\r\n\r\n\r\n<div class=\"wp-block-image\">\r\n<figure class=\"aligncenter size-large\"><a href=\"https:\/\/manitese.it\/wp-content\/uploads\/2022\/01\/storia-yoro-catherine-benin-mani-tese-2022-gallery.jpg\" target=\"_blank\" rel=\"noreferrer noopener\"><img decoding=\"async\" class=\"wp-image-88600\" src=\"https:\/\/manitese.it\/wp-content\/uploads\/2022\/01\/storia-yoro-catherine-benin-mani-tese-2022-gallery-1024x768.jpg\" alt=\"\" \/><\/a>\r\n<figcaption>Una foto di Cath\u00e9rine davanti alla sua casa<\/figcaption>\r\n<\/figure>\r\n<\/div>\r\n","protected":false},"excerpt":{"rendered":"<p>Da tagliatrice di legna a presidente di un proficuo gruppo di donne orticoltrici: \u201cQuella di Mani Tese \u00e8 la \u201cscuola\u201d che non ho potuto frequentare\u201d.<\/p>\n","protected":false},"author":1,"featured_media":88602,"comment_status":"open","ping_status":"open","sticky":false,"template":"","format":"standard","meta":{"_acf_changed":false,"give_campaign_id":0,"inline_featured_image":false,"_jetpack_memberships_contains_paid_content":false,"footnotes":""},"categories":[3],"tags":[],"thematic_area":[918,908,905],"class_list":["post-88595","post","type-post","status-publish","format-standard","has-post-thumbnail","hentry","category-diari","thematic_area-sistemi-e-filiere-agroalimentari-locali","thematic_area-parita-di-genere","thematic_area-accesso-universale-al-cibo-e-allacqua"],"acf":[],"yoast_head":"<!-- This site is optimized with the Yoast SEO plugin v27.5 - https:\/\/yoast.com\/product\/yoast-seo-wordpress\/ -->\n<title>Benin: la storia di Yoro Cath\u00e9rine - Mani Tese<\/title>\n<meta name=\"description\" content=\"Da tagliatrice di legna a presidente di un proficuo gruppo di donne orticoltrici: \u201cQuella di Mani Tese \u00e8 la \u201cscuola\u201d che non ho potuto frequentare\u201d.\" \/>\n<meta name=\"robots\" content=\"index, follow, max-snippet:-1, max-image-preview:large, max-video-preview:-1\" \/>\n<link rel=\"canonical\" href=\"https:\/\/www.manitese.it\/en\/benin-storia-di-yoro-catherine\/\" \/>\n<meta property=\"og:locale\" content=\"en_US\" \/>\n<meta property=\"og:type\" content=\"article\" \/>\n<meta property=\"og:title\" content=\"Benin: la storia di Yoro Cath\u00e9rine - Mani Tese\" \/>\n<meta property=\"og:description\" content=\"Da tagliatrice di legna a presidente di un proficuo gruppo di donne orticoltrici: \u201cQuella di Mani Tese \u00e8 la \u201cscuola\u201d che non ho potuto frequentare\u201d.\" \/>\n<meta property=\"og:url\" content=\"https:\/\/www.manitese.it\/en\/benin-storia-di-yoro-catherine\/\" \/>\n<meta property=\"og:site_name\" content=\"Mani Tese\" \/>\n<meta property=\"article:published_time\" content=\"2022-01-21T14:58:26+00:00\" \/>\n<meta property=\"article:modified_time\" content=\"2023-11-30T12:09:58+00:00\" \/>\n<meta property=\"og:image\" content=\"https:\/\/www.manitese.it\/wp-content\/uploads\/2022\/01\/storia-yoro-catherine-benin-mani-tese-2022-1.jpg\" \/>\n\t<meta property=\"og:image:width\" content=\"1920\" \/>\n\t<meta property=\"og:image:height\" content=\"800\" \/>\n\t<meta property=\"og:image:type\" content=\"image\/jpeg\" \/>\n<meta name=\"author\" content=\"agevis\" \/>\n<meta name=\"twitter:card\" content=\"summary_large_image\" \/>\n<meta name=\"twitter:label1\" content=\"Written by\" \/>\n\t<meta name=\"twitter:data1\" content=\"agevis\" \/>\n\t<meta name=\"twitter:label2\" content=\"Est. reading time\" \/>\n\t<meta name=\"twitter:data2\" content=\"3 minutes\" \/>\n<script type=\"application\/ld+json\" class=\"yoast-schema-graph\">{\"@context\":\"https:\\\/\\\/schema.org\",\"@graph\":[{\"@type\":\"Article\",\"@id\":\"https:\\\/\\\/www.manitese.it\\\/en\\\/benin-storia-di-yoro-catherine\\\/#article\",\"isPartOf\":{\"@id\":\"https:\\\/\\\/www.manitese.it\\\/en\\\/benin-storia-di-yoro-catherine\\\/\"},\"author\":{\"name\":\"agevis\",\"@id\":\"https:\\\/\\\/www.manitese.it\\\/en\\\/#\\\/schema\\\/person\\\/5a9774f17e4940e2510bfeba90f04f65\"},\"headline\":\"Benin: la storia di Yoro Cath\u00e9rine\",\"datePublished\":\"2022-01-21T14:58:26+00:00\",\"dateModified\":\"2023-11-30T12:09:58+00:00\",\"mainEntityOfPage\":{\"@id\":\"https:\\\/\\\/www.manitese.it\\\/en\\\/benin-storia-di-yoro-catherine\\\/\"},\"wordCount\":510,\"commentCount\":0,\"image\":{\"@id\":\"https:\\\/\\\/www.manitese.it\\\/en\\\/benin-storia-di-yoro-catherine\\\/#primaryimage\"},\"thumbnailUrl\":\"https:\\\/\\\/www.manitese.it\\\/wp-content\\\/uploads\\\/2022\\\/01\\\/storia-yoro-catherine-benin-mani-tese-2022-1.jpg\",\"articleSection\":[\"Diari\"],\"inLanguage\":\"en-US\",\"potentialAction\":[{\"@type\":\"CommentAction\",\"name\":\"Comment\",\"target\":[\"https:\\\/\\\/www.manitese.it\\\/en\\\/benin-storia-di-yoro-catherine\\\/#respond\"]}]},{\"@type\":\"WebPage\",\"@id\":\"https:\\\/\\\/www.manitese.it\\\/en\\\/benin-storia-di-yoro-catherine\\\/\",\"url\":\"https:\\\/\\\/www.manitese.it\\\/en\\\/benin-storia-di-yoro-catherine\\\/\",\"name\":\"Benin: la storia di Yoro Cath\u00e9rine - Mani Tese\",\"isPartOf\":{\"@id\":\"https:\\\/\\\/www.manitese.it\\\/en\\\/#website\"},\"primaryImageOfPage\":{\"@id\":\"https:\\\/\\\/www.manitese.it\\\/en\\\/benin-storia-di-yoro-catherine\\\/#primaryimage\"},\"image\":{\"@id\":\"https:\\\/\\\/www.manitese.it\\\/en\\\/benin-storia-di-yoro-catherine\\\/#primaryimage\"},\"thumbnailUrl\":\"https:\\\/\\\/www.manitese.it\\\/wp-content\\\/uploads\\\/2022\\\/01\\\/storia-yoro-catherine-benin-mani-tese-2022-1.jpg\",\"datePublished\":\"2022-01-21T14:58:26+00:00\",\"dateModified\":\"2023-11-30T12:09:58+00:00\",\"author\":{\"@id\":\"https:\\\/\\\/www.manitese.it\\\/en\\\/#\\\/schema\\\/person\\\/5a9774f17e4940e2510bfeba90f04f65\"},\"description\":\"Da tagliatrice di legna a presidente di un proficuo gruppo di donne orticoltrici: \u201cQuella di Mani Tese \u00e8 la \u201cscuola\u201d che non ho potuto frequentare\u201d.\",\"breadcrumb\":{\"@id\":\"https:\\\/\\\/www.manitese.it\\\/en\\\/benin-storia-di-yoro-catherine\\\/#breadcrumb\"},\"inLanguage\":\"en-US\",\"potentialAction\":[{\"@type\":\"ReadAction\",\"target\":[\"https:\\\/\\\/www.manitese.it\\\/en\\\/benin-storia-di-yoro-catherine\\\/\"]}]},{\"@type\":\"ImageObject\",\"inLanguage\":\"en-US\",\"@id\":\"https:\\\/\\\/www.manitese.it\\\/en\\\/benin-storia-di-yoro-catherine\\\/#primaryimage\",\"url\":\"https:\\\/\\\/www.manitese.it\\\/wp-content\\\/uploads\\\/2022\\\/01\\\/storia-yoro-catherine-benin-mani-tese-2022-1.jpg\",\"contentUrl\":\"https:\\\/\\\/www.manitese.it\\\/wp-content\\\/uploads\\\/2022\\\/01\\\/storia-yoro-catherine-benin-mani-tese-2022-1.jpg\",\"width\":1920,\"height\":800},{\"@type\":\"BreadcrumbList\",\"@id\":\"https:\\\/\\\/www.manitese.it\\\/en\\\/benin-storia-di-yoro-catherine\\\/#breadcrumb\",\"itemListElement\":[{\"@type\":\"ListItem\",\"position\":1,\"name\":\"Home\",\"item\":\"https:\\\/\\\/www.manitese.it\\\/en\\\/\"},{\"@type\":\"ListItem\",\"position\":2,\"name\":\"Benin: la storia di Yoro Cath\u00e9rine\"}]},{\"@type\":\"WebSite\",\"@id\":\"https:\\\/\\\/www.manitese.it\\\/en\\\/#website\",\"url\":\"https:\\\/\\\/www.manitese.it\\\/en\\\/\",\"name\":\"Mani Tese\",\"description\":\"\",\"potentialAction\":[{\"@type\":\"SearchAction\",\"target\":{\"@type\":\"EntryPoint\",\"urlTemplate\":\"https:\\\/\\\/www.manitese.it\\\/en\\\/?s={search_term_string}\"},\"query-input\":{\"@type\":\"PropertyValueSpecification\",\"valueRequired\":true,\"valueName\":\"search_term_string\"}}],\"inLanguage\":\"en-US\"},{\"@type\":\"Person\",\"@id\":\"https:\\\/\\\/www.manitese.it\\\/en\\\/#\\\/schema\\\/person\\\/5a9774f17e4940e2510bfeba90f04f65\",\"name\":\"agevis\",\"image\":{\"@type\":\"ImageObject\",\"inLanguage\":\"en-US\",\"@id\":\"https:\\\/\\\/secure.gravatar.com\\\/avatar\\\/2dc96c93fcf3387a5922a93b50fb3bff01d4800590fb6a4ab91a034adb25ba17?s=96&d=mm&r=g\",\"url\":\"https:\\\/\\\/secure.gravatar.com\\\/avatar\\\/2dc96c93fcf3387a5922a93b50fb3bff01d4800590fb6a4ab91a034adb25ba17?s=96&d=mm&r=g\",\"contentUrl\":\"https:\\\/\\\/secure.gravatar.com\\\/avatar\\\/2dc96c93fcf3387a5922a93b50fb3bff01d4800590fb6a4ab91a034adb25ba17?s=96&d=mm&r=g\",\"caption\":\"agevis\"},\"url\":\"https:\\\/\\\/www.manitese.it\\\/en\\\/author\\\/wp_agevis_admin\\\/\"}]}<\/script>\n<!-- \/ Yoast SEO plugin. -->","yoast_head_json":{"title":"Benin: la storia di Yoro Cath\u00e9rine - Mani Tese","description":"Da tagliatrice di legna a presidente di un proficuo gruppo di donne orticoltrici: \u201cQuella di Mani Tese \u00e8 la \u201cscuola\u201d che non ho potuto frequentare\u201d.","robots":{"index":"index","follow":"follow","max-snippet":"max-snippet:-1","max-image-preview":"max-image-preview:large","max-video-preview":"max-video-preview:-1"},"canonical":"https:\/\/www.manitese.it\/en\/benin-storia-di-yoro-catherine\/","og_locale":"en_US","og_type":"article","og_title":"Benin: la storia di Yoro Cath\u00e9rine - Mani Tese","og_description":"Da tagliatrice di legna a presidente di un proficuo gruppo di donne orticoltrici: \u201cQuella di Mani Tese \u00e8 la \u201cscuola\u201d che non ho potuto frequentare\u201d.","og_url":"https:\/\/www.manitese.it\/en\/benin-storia-di-yoro-catherine\/","og_site_name":"Mani Tese","article_published_time":"2022-01-21T14:58:26+00:00","article_modified_time":"2023-11-30T12:09:58+00:00","og_image":[{"width":1920,"height":800,"url":"https:\/\/www.manitese.it\/wp-content\/uploads\/2022\/01\/storia-yoro-catherine-benin-mani-tese-2022-1.jpg","type":"image\/jpeg"}],"author":"agevis","twitter_card":"summary_large_image","twitter_misc":{"Written by":"agevis","Est. reading time":"3 minutes"},"schema":{"@context":"https:\/\/schema.org","@graph":[{"@type":"Article","@id":"https:\/\/www.manitese.it\/en\/benin-storia-di-yoro-catherine\/#article","isPartOf":{"@id":"https:\/\/www.manitese.it\/en\/benin-storia-di-yoro-catherine\/"},"author":{"name":"agevis","@id":"https:\/\/www.manitese.it\/en\/#\/schema\/person\/5a9774f17e4940e2510bfeba90f04f65"},"headline":"Benin: la storia di Yoro Cath\u00e9rine","datePublished":"2022-01-21T14:58:26+00:00","dateModified":"2023-11-30T12:09:58+00:00","mainEntityOfPage":{"@id":"https:\/\/www.manitese.it\/en\/benin-storia-di-yoro-catherine\/"},"wordCount":510,"commentCount":0,"image":{"@id":"https:\/\/www.manitese.it\/en\/benin-storia-di-yoro-catherine\/#primaryimage"},"thumbnailUrl":"https:\/\/www.manitese.it\/wp-content\/uploads\/2022\/01\/storia-yoro-catherine-benin-mani-tese-2022-1.jpg","articleSection":["Diari"],"inLanguage":"en-US","potentialAction":[{"@type":"CommentAction","name":"Comment","target":["https:\/\/www.manitese.it\/en\/benin-storia-di-yoro-catherine\/#respond"]}]},{"@type":"WebPage","@id":"https:\/\/www.manitese.it\/en\/benin-storia-di-yoro-catherine\/","url":"https:\/\/www.manitese.it\/en\/benin-storia-di-yoro-catherine\/","name":"Benin: la storia di Yoro Cath\u00e9rine - Mani Tese","isPartOf":{"@id":"https:\/\/www.manitese.it\/en\/#website"},"primaryImageOfPage":{"@id":"https:\/\/www.manitese.it\/en\/benin-storia-di-yoro-catherine\/#primaryimage"},"image":{"@id":"https:\/\/www.manitese.it\/en\/benin-storia-di-yoro-catherine\/#primaryimage"},"thumbnailUrl":"https:\/\/www.manitese.it\/wp-content\/uploads\/2022\/01\/storia-yoro-catherine-benin-mani-tese-2022-1.jpg","datePublished":"2022-01-21T14:58:26+00:00","dateModified":"2023-11-30T12:09:58+00:00","author":{"@id":"https:\/\/www.manitese.it\/en\/#\/schema\/person\/5a9774f17e4940e2510bfeba90f04f65"},"description":"Da tagliatrice di legna a presidente di un proficuo gruppo di donne orticoltrici: \u201cQuella di Mani Tese \u00e8 la \u201cscuola\u201d che non ho potuto frequentare\u201d.","breadcrumb":{"@id":"https:\/\/www.manitese.it\/en\/benin-storia-di-yoro-catherine\/#breadcrumb"},"inLanguage":"en-US","potentialAction":[{"@type":"ReadAction","target":["https:\/\/www.manitese.it\/en\/benin-storia-di-yoro-catherine\/"]}]},{"@type":"ImageObject","inLanguage":"en-US","@id":"https:\/\/www.manitese.it\/en\/benin-storia-di-yoro-catherine\/#primaryimage","url":"https:\/\/www.manitese.it\/wp-content\/uploads\/2022\/01\/storia-yoro-catherine-benin-mani-tese-2022-1.jpg","contentUrl":"https:\/\/www.manitese.it\/wp-content\/uploads\/2022\/01\/storia-yoro-catherine-benin-mani-tese-2022-1.jpg","width":1920,"height":800},{"@type":"BreadcrumbList","@id":"https:\/\/www.manitese.it\/en\/benin-storia-di-yoro-catherine\/#breadcrumb","itemListElement":[{"@type":"ListItem","position":1,"name":"Home","item":"https:\/\/www.manitese.it\/en\/"},{"@type":"ListItem","position":2,"name":"Benin: la storia di Yoro Cath\u00e9rine"}]},{"@type":"WebSite","@id":"https:\/\/www.manitese.it\/en\/#website","url":"https:\/\/www.manitese.it\/en\/","name":"Mani Tese","description":"","potentialAction":[{"@type":"SearchAction","target":{"@type":"EntryPoint","urlTemplate":"https:\/\/www.manitese.it\/en\/?s={search_term_string}"},"query-input":{"@type":"PropertyValueSpecification","valueRequired":true,"valueName":"search_term_string"}}],"inLanguage":"en-US"},{"@type":"Person","@id":"https:\/\/www.manitese.it\/en\/#\/schema\/person\/5a9774f17e4940e2510bfeba90f04f65","name":"agevis","image":{"@type":"ImageObject","inLanguage":"en-US","@id":"https:\/\/secure.gravatar.com\/avatar\/2dc96c93fcf3387a5922a93b50fb3bff01d4800590fb6a4ab91a034adb25ba17?s=96&d=mm&r=g","url":"https:\/\/secure.gravatar.com\/avatar\/2dc96c93fcf3387a5922a93b50fb3bff01d4800590fb6a4ab91a034adb25ba17?s=96&d=mm&r=g","contentUrl":"https:\/\/secure.gravatar.com\/avatar\/2dc96c93fcf3387a5922a93b50fb3bff01d4800590fb6a4ab91a034adb25ba17?s=96&d=mm&r=g","caption":"agevis"},"url":"https:\/\/www.manitese.it\/en\/author\/wp_agevis_admin\/"}]}},"jetpack_featured_media_url":"https:\/\/www.manitese.it\/wp-content\/uploads\/2022\/01\/storia-yoro-catherine-benin-mani-tese-2022-1.jpg","jetpack_sharing_enabled":true,"_links":{"self":[{"href":"https:\/\/www.manitese.it\/en\/wp-json\/wp\/v2\/posts\/88595","targetHints":{"allow":["GET"]}}],"collection":[{"href":"https:\/\/www.manitese.it\/en\/wp-json\/wp\/v2\/posts"}],"about":[{"href":"https:\/\/www.manitese.it\/en\/wp-json\/wp\/v2\/types\/post"}],"author":[{"embeddable":true,"href":"https:\/\/www.manitese.it\/en\/wp-json\/wp\/v2\/users\/1"}],"replies":[{"embeddable":true,"href":"https:\/\/www.manitese.it\/en\/wp-json\/wp\/v2\/comments?post=88595"}],"version-history":[{"count":2,"href":"https:\/\/www.manitese.it\/en\/wp-json\/wp\/v2\/posts\/88595\/revisions"}],"predecessor-version":[{"id":177873,"href":"https:\/\/www.manitese.it\/en\/wp-json\/wp\/v2\/posts\/88595\/revisions\/177873"}],"wp:featuredmedia":[{"embeddable":true,"href":"https:\/\/www.manitese.it\/en\/wp-json\/wp\/v2\/media\/88602"}],"wp:attachment":[{"href":"https:\/\/www.manitese.it\/en\/wp-json\/wp\/v2\/media?parent=88595"}],"wp:term":[{"taxonomy":"category","embeddable":true,"href":"https:\/\/www.manitese.it\/en\/wp-json\/wp\/v2\/categories?post=88595"},{"taxonomy":"post_tag","embeddable":true,"href":"https:\/\/www.manitese.it\/en\/wp-json\/wp\/v2\/tags?post=88595"},{"taxonomy":"thematic_area","embeddable":true,"href":"https:\/\/www.manitese.it\/en\/wp-json\/wp\/v2\/thematic_area?post=88595"}],"curies":[{"name":"wp","href":"https:\/\/api.w.org\/{rel}","templated":true}]}}