{"id":87558,"date":"2021-12-15T14:26:18","date_gmt":"2021-12-15T13:26:18","guid":{"rendered":"https:\/\/manitese.it\/?p=87558"},"modified":"2023-07-21T14:23:45","modified_gmt":"2023-07-21T12:23:45","slug":"la-difficile-situazione-in-kenya-fra-omicron-e-riscaldamento-globale","status":"publish","type":"post","link":"https:\/\/www.manitese.it\/en\/la-difficile-situazione-in-kenya-fra-omicron-e-riscaldamento-globale\/","title":{"rendered":"La difficile situazione in Kenya fra omicron e riscaldamento globale"},"content":{"rendered":"\n<p><em>di Samuele Tini, Responsabile Paese in Kenya di\nMani Tese<\/em><\/p>\n\n\n\n<p>Ci piacerebbe scrivere dei\nnostri progetti e delle iniziative che stiamo portando avanti in Kenya, ma in\nquesto momento \u00e8 doveroso anche informare e sensibilizzare su ci\u00f2 che sta\naccadendo nel Paese.<\/p>\n\n\n\n<p><strong>Il Kenya si trova in un momento difficile<\/strong>. Dopo due anni di precipitazioni sporadiche\ncausate dal cambiamento climatico, quest\u2019anno la situazione \u00e8 ulteriormente\npeggiorata.<\/p>\n\n\n\n<p>Le Nazioni Unite hanno recentemente lanciato <a href=\"https:\/\/reliefweb.int\/report\/kenya\/kenya-drought-flash-appeal-oct-dec-2021-september-2021\" target=\"_blank\" rel=\"noreferrer noopener\" aria-label=\" (apre in una nuova scheda)\">un appello<\/a> per salvaguardare ben 2,1 milioni di persone a rischio. Da quella data, le notizie non sono state purtroppo incoraggianti.<\/p>\n\n\n\n<p><strong>Le precipitazioni tardano ad arrivare e i giornali\nlocali riportano sempre pi\u00f9 notizie di conflitti fra le persone e la fauna\nselvatica<\/strong>. A causa della siccit\u00e0,\ninfatti, gli animali escono dalle aree protette per cercare cibo finendo per\nentrare nelle zone abitate. Molti animali, fra cui decine di elefanti, giraffe\ne atri erbivori, in questi giorni sono purtroppo decedute, come riportato dal\nquotidiano nazionale Nation. <strong>Si sono\nverificate altres\u00ec perdite di bestiame<\/strong>.<\/p>\n\n\n\n<p>Come riportato dai\nquotidiani nazionali, alcuni rappresentanti politici delle comunit\u00e0 pi\u00f9 colpite &nbsp;hanno &nbsp;provocatoriamente\nrichiesto di posticipare le elezioni e usare i soldi ad esse destinati per\ncontrastare la siccit\u00e0.&nbsp; <\/p>\n\n\n\n<p>Come se non bastasse, pochi giorni fa (il 28 novembre) <strong>Nairobi \u00e8 stata colpita da un nubifragio<\/strong>. Le immagini delle auto che navigano e affondano nell\u2019acqua hanno fatto il giro del Paese. <a href=\"https:\/\/www.kenyans.co.ke\/news\/71007-scary-scenes-car-submerged-floods-hit-mombasa-road-photos-video\" target=\"_blank\" rel=\"noreferrer noopener\" aria-label=\" (apre in una nuova scheda)\">Alcune foto<\/a><a rel=\"noreferrer noopener\" aria-label=\"  (apre in una nuova scheda)\" href=\"https:\/\/www.kenyans.co.ke\/news\/71007-scary-scenes-car-submerged-floods-hit-mombasa-road-photos-video\" target=\"_blank\"> <\/a><a href=\"https:\/\/www.kenyans.co.ke\/news\/71007-scary-scenes-car-submerged-floods-hit-mombasa-road-photos-video\">qui<\/a><\/p>\n\n\n\n<p><strong>Il cambiamento climatico<\/strong>, insomma,<strong>\n\u00e8 ormai una realt\u00e0<\/strong>. Anche le nostre attivit\u00e0 nella zona di Baringo\nrisentono della grave siccit\u00e0 che sta mettendo in difficolt\u00e0 le comunit\u00e0 con\ncui collaboriamo.<\/p>\n\n\n\n<p><strong>Oltre al rovente martello della siccit\u00e0, \u00e8 tornata\na farsi sentire anche l\u2019incudine della pandemia.<\/strong><\/p>\n\n\n\n<p>Dopo la notizia dell\u2019obbligo\nvaccinale richiesto per buona parte delle attivit\u00e0 entro dicembre e dopo aver assistito\na una riduzione dei casi Covid, <strong>ecco che\nla nuova variante Omicron sembra riportarci al mondo del 2020 con chiusure,\nblocco dei voli e conseguente crisi economica<\/strong>. <\/p>\n\n\n\n<p>Per Paesi come il Kenya,\nper i quali il turismo \u00e8 una delle fonti di reddito pi\u00f9 importanti, queste restrizioni,\ncos\u00ec come una pi\u00f9 generale fobia verso l\u2019Africa, rischiano di dare il colpo di\ngrazia alle gi\u00e0 precarie attivit\u00e0 economiche. Proprio a un mese dalla stagione\nestiva dell\u2019emisfero australe, fanno temere il peggio. <\/p>\n\n\n\n<p>Il Kenya per ora non \u00e8\nstato colpito dai blocchi annunciati da vari Paesi, ma l\u2019effetto di riflesso si\nfar\u00e0 sentire. E il tasso di positivit\u00e0 \u00e8 quintuplicato nel giro di una settimana,\narrivando al 6,6% e creando nuovamente allarmi e voci di chiusure.<\/p>\n\n\n\n<p>L\u2019Unione Africana ha chiesto\ndi non creare panico e di evitare provvedimenti discriminatori. <strong>Da pi\u00f9 parti si chiede di fornire finalmente\npi\u00f9 vaccini al continente africano<\/strong> che, con l\u2019eccezione del Sud Africa,\ndetiene percentuali molto basse di persone vaccinate. Servono inoltre attivit\u00e0\ndi formazione e sensibilizzazione per le popolazioni provate dalla crisi\neconomica e dagli impatti del cambiamento climatico. <\/p>\n\n\n\n<p>Noi di Mani Tese, come sempre, cerchiamo di lavorare a fianco delle comunit\u00e0 in questo momento delicato auspicando un pronto ritorno alla normalit\u00e0, che eviti ulteriori scossoni a economie gi\u00e0 abbastanza fragili.<\/p>\n\n\n\n<figure class=\"wp-block-image size-large\"><img decoding=\"async\" src=\"https:\/\/manitese.it\/wp-content\/uploads\/2021\/12\/kenya-omicron-riscaldamento-globale-mani-tese-2021-1024x683.jpg\" alt=\"\" class=\"wp-image-87572\"\/><figcaption>Un bambino raccoglie acqua dal fiume Molo prosciugato dalla siccit\u00e0 (\u00a9 Alessandro Grassani)<\/figcaption><\/figure>\n","protected":false},"excerpt":{"rendered":"<p>La siccit\u00e0, i nubifragi e ora anche la variante Omicron rischiano di mettere in ginocchio il Paese. Il report del nostro Responsabile Paese.<\/p>\n","protected":false},"author":1,"featured_media":87561,"comment_status":"open","ping_status":"open","sticky":false,"template":"","format":"standard","meta":{"_acf_changed":false,"give_campaign_id":0,"inline_featured_image":false,"_jetpack_memberships_contains_paid_content":false,"footnotes":""},"categories":[5],"tags":[],"thematic_area":[],"class_list":["post-87558","post","type-post","status-publish","format-standard","has-post-thumbnail","hentry","category-attualita"],"acf":[],"yoast_head":"<!-- This site is optimized with the Yoast SEO plugin v27.5 - https:\/\/yoast.com\/product\/yoast-seo-wordpress\/ -->\n<title>La difficile situazione in Kenya fra omicron e riscaldamento globale - Mani Tese<\/title>\n<meta name=\"description\" content=\"La siccit\u00e0, i nubifragi e ora anche la variante Omicron rischiano di mettere in ginocchio il Paese. Il report del nostro Responsabile Paese.\" \/>\n<meta name=\"robots\" content=\"index, follow, max-snippet:-1, max-image-preview:large, max-video-preview:-1\" \/>\n<link rel=\"canonical\" href=\"https:\/\/www.manitese.it\/en\/la-difficile-situazione-in-kenya-fra-omicron-e-riscaldamento-globale\/\" \/>\n<meta property=\"og:locale\" content=\"en_US\" \/>\n<meta property=\"og:type\" content=\"article\" \/>\n<meta property=\"og:title\" content=\"La difficile situazione in Kenya fra omicron e riscaldamento globale - Mani Tese\" \/>\n<meta property=\"og:description\" content=\"La siccit\u00e0, i nubifragi e ora anche la variante Omicron rischiano di mettere in ginocchio il Paese. Il report del nostro Responsabile Paese.\" \/>\n<meta property=\"og:url\" content=\"https:\/\/www.manitese.it\/en\/la-difficile-situazione-in-kenya-fra-omicron-e-riscaldamento-globale\/\" \/>\n<meta property=\"og:site_name\" content=\"Mani Tese\" \/>\n<meta property=\"article:published_time\" content=\"2021-12-15T13:26:18+00:00\" \/>\n<meta property=\"article:modified_time\" content=\"2023-07-21T12:23:45+00:00\" \/>\n<meta property=\"og:image\" content=\"https:\/\/www.manitese.it\/wp-content\/uploads\/2021\/12\/kenya-omicron-riscaldamento-globale-mani-tese-2021-news-1.jpg\" \/>\n\t<meta property=\"og:image:width\" content=\"1920\" \/>\n\t<meta property=\"og:image:height\" content=\"800\" \/>\n\t<meta property=\"og:image:type\" content=\"image\/jpeg\" \/>\n<meta name=\"author\" content=\"agevis\" \/>\n<meta name=\"twitter:card\" content=\"summary_large_image\" \/>\n<meta name=\"twitter:label1\" content=\"Written by\" \/>\n\t<meta name=\"twitter:data1\" content=\"agevis\" \/>\n\t<meta name=\"twitter:label2\" content=\"Est. reading time\" \/>\n\t<meta name=\"twitter:data2\" content=\"3 minutes\" \/>\n<script type=\"application\/ld+json\" class=\"yoast-schema-graph\">{\"@context\":\"https:\\\/\\\/schema.org\",\"@graph\":[{\"@type\":\"Article\",\"@id\":\"https:\\\/\\\/www.manitese.it\\\/en\\\/la-difficile-situazione-in-kenya-fra-omicron-e-riscaldamento-globale\\\/#article\",\"isPartOf\":{\"@id\":\"https:\\\/\\\/www.manitese.it\\\/en\\\/la-difficile-situazione-in-kenya-fra-omicron-e-riscaldamento-globale\\\/\"},\"author\":{\"name\":\"agevis\",\"@id\":\"https:\\\/\\\/www.manitese.it\\\/en\\\/#\\\/schema\\\/person\\\/5a9774f17e4940e2510bfeba90f04f65\"},\"headline\":\"La difficile situazione in Kenya fra omicron e riscaldamento globale\",\"datePublished\":\"2021-12-15T13:26:18+00:00\",\"dateModified\":\"2023-07-21T12:23:45+00:00\",\"mainEntityOfPage\":{\"@id\":\"https:\\\/\\\/www.manitese.it\\\/en\\\/la-difficile-situazione-in-kenya-fra-omicron-e-riscaldamento-globale\\\/\"},\"wordCount\":529,\"commentCount\":0,\"image\":{\"@id\":\"https:\\\/\\\/www.manitese.it\\\/en\\\/la-difficile-situazione-in-kenya-fra-omicron-e-riscaldamento-globale\\\/#primaryimage\"},\"thumbnailUrl\":\"https:\\\/\\\/www.manitese.it\\\/wp-content\\\/uploads\\\/2021\\\/12\\\/kenya-omicron-riscaldamento-globale-mani-tese-2021-news-1.jpg\",\"articleSection\":[\"Attualit\u00e0\"],\"inLanguage\":\"en-US\",\"potentialAction\":[{\"@type\":\"CommentAction\",\"name\":\"Comment\",\"target\":[\"https:\\\/\\\/www.manitese.it\\\/en\\\/la-difficile-situazione-in-kenya-fra-omicron-e-riscaldamento-globale\\\/#respond\"]}]},{\"@type\":\"WebPage\",\"@id\":\"https:\\\/\\\/www.manitese.it\\\/en\\\/la-difficile-situazione-in-kenya-fra-omicron-e-riscaldamento-globale\\\/\",\"url\":\"https:\\\/\\\/www.manitese.it\\\/en\\\/la-difficile-situazione-in-kenya-fra-omicron-e-riscaldamento-globale\\\/\",\"name\":\"La difficile situazione in Kenya fra omicron e riscaldamento globale - Mani Tese\",\"isPartOf\":{\"@id\":\"https:\\\/\\\/www.manitese.it\\\/en\\\/#website\"},\"primaryImageOfPage\":{\"@id\":\"https:\\\/\\\/www.manitese.it\\\/en\\\/la-difficile-situazione-in-kenya-fra-omicron-e-riscaldamento-globale\\\/#primaryimage\"},\"image\":{\"@id\":\"https:\\\/\\\/www.manitese.it\\\/en\\\/la-difficile-situazione-in-kenya-fra-omicron-e-riscaldamento-globale\\\/#primaryimage\"},\"thumbnailUrl\":\"https:\\\/\\\/www.manitese.it\\\/wp-content\\\/uploads\\\/2021\\\/12\\\/kenya-omicron-riscaldamento-globale-mani-tese-2021-news-1.jpg\",\"datePublished\":\"2021-12-15T13:26:18+00:00\",\"dateModified\":\"2023-07-21T12:23:45+00:00\",\"author\":{\"@id\":\"https:\\\/\\\/www.manitese.it\\\/en\\\/#\\\/schema\\\/person\\\/5a9774f17e4940e2510bfeba90f04f65\"},\"description\":\"La siccit\u00e0, i nubifragi e ora anche la variante Omicron rischiano di mettere in ginocchio il Paese. Il report del nostro Responsabile Paese.\",\"breadcrumb\":{\"@id\":\"https:\\\/\\\/www.manitese.it\\\/en\\\/la-difficile-situazione-in-kenya-fra-omicron-e-riscaldamento-globale\\\/#breadcrumb\"},\"inLanguage\":\"en-US\",\"potentialAction\":[{\"@type\":\"ReadAction\",\"target\":[\"https:\\\/\\\/www.manitese.it\\\/en\\\/la-difficile-situazione-in-kenya-fra-omicron-e-riscaldamento-globale\\\/\"]}]},{\"@type\":\"ImageObject\",\"inLanguage\":\"en-US\",\"@id\":\"https:\\\/\\\/www.manitese.it\\\/en\\\/la-difficile-situazione-in-kenya-fra-omicron-e-riscaldamento-globale\\\/#primaryimage\",\"url\":\"https:\\\/\\\/www.manitese.it\\\/wp-content\\\/uploads\\\/2021\\\/12\\\/kenya-omicron-riscaldamento-globale-mani-tese-2021-news-1.jpg\",\"contentUrl\":\"https:\\\/\\\/www.manitese.it\\\/wp-content\\\/uploads\\\/2021\\\/12\\\/kenya-omicron-riscaldamento-globale-mani-tese-2021-news-1.jpg\",\"width\":1920,\"height\":800},{\"@type\":\"BreadcrumbList\",\"@id\":\"https:\\\/\\\/www.manitese.it\\\/en\\\/la-difficile-situazione-in-kenya-fra-omicron-e-riscaldamento-globale\\\/#breadcrumb\",\"itemListElement\":[{\"@type\":\"ListItem\",\"position\":1,\"name\":\"Home\",\"item\":\"https:\\\/\\\/www.manitese.it\\\/en\\\/\"},{\"@type\":\"ListItem\",\"position\":2,\"name\":\"La difficile situazione in Kenya fra omicron e riscaldamento globale\"}]},{\"@type\":\"WebSite\",\"@id\":\"https:\\\/\\\/www.manitese.it\\\/en\\\/#website\",\"url\":\"https:\\\/\\\/www.manitese.it\\\/en\\\/\",\"name\":\"Mani Tese\",\"description\":\"\",\"potentialAction\":[{\"@type\":\"SearchAction\",\"target\":{\"@type\":\"EntryPoint\",\"urlTemplate\":\"https:\\\/\\\/www.manitese.it\\\/en\\\/?s={search_term_string}\"},\"query-input\":{\"@type\":\"PropertyValueSpecification\",\"valueRequired\":true,\"valueName\":\"search_term_string\"}}],\"inLanguage\":\"en-US\"},{\"@type\":\"Person\",\"@id\":\"https:\\\/\\\/www.manitese.it\\\/en\\\/#\\\/schema\\\/person\\\/5a9774f17e4940e2510bfeba90f04f65\",\"name\":\"agevis\",\"image\":{\"@type\":\"ImageObject\",\"inLanguage\":\"en-US\",\"@id\":\"https:\\\/\\\/secure.gravatar.com\\\/avatar\\\/2dc96c93fcf3387a5922a93b50fb3bff01d4800590fb6a4ab91a034adb25ba17?s=96&d=mm&r=g\",\"url\":\"https:\\\/\\\/secure.gravatar.com\\\/avatar\\\/2dc96c93fcf3387a5922a93b50fb3bff01d4800590fb6a4ab91a034adb25ba17?s=96&d=mm&r=g\",\"contentUrl\":\"https:\\\/\\\/secure.gravatar.com\\\/avatar\\\/2dc96c93fcf3387a5922a93b50fb3bff01d4800590fb6a4ab91a034adb25ba17?s=96&d=mm&r=g\",\"caption\":\"agevis\"},\"url\":\"https:\\\/\\\/www.manitese.it\\\/en\\\/author\\\/wp_agevis_admin\\\/\"}]}<\/script>\n<!-- \/ Yoast SEO plugin. -->","yoast_head_json":{"title":"La difficile situazione in Kenya fra omicron e riscaldamento globale - Mani Tese","description":"La siccit\u00e0, i nubifragi e ora anche la variante Omicron rischiano di mettere in ginocchio il Paese. Il report del nostro Responsabile Paese.","robots":{"index":"index","follow":"follow","max-snippet":"max-snippet:-1","max-image-preview":"max-image-preview:large","max-video-preview":"max-video-preview:-1"},"canonical":"https:\/\/www.manitese.it\/en\/la-difficile-situazione-in-kenya-fra-omicron-e-riscaldamento-globale\/","og_locale":"en_US","og_type":"article","og_title":"La difficile situazione in Kenya fra omicron e riscaldamento globale - Mani Tese","og_description":"La siccit\u00e0, i nubifragi e ora anche la variante Omicron rischiano di mettere in ginocchio il Paese. Il report del nostro Responsabile Paese.","og_url":"https:\/\/www.manitese.it\/en\/la-difficile-situazione-in-kenya-fra-omicron-e-riscaldamento-globale\/","og_site_name":"Mani Tese","article_published_time":"2021-12-15T13:26:18+00:00","article_modified_time":"2023-07-21T12:23:45+00:00","og_image":[{"width":1920,"height":800,"url":"https:\/\/www.manitese.it\/wp-content\/uploads\/2021\/12\/kenya-omicron-riscaldamento-globale-mani-tese-2021-news-1.jpg","type":"image\/jpeg"}],"author":"agevis","twitter_card":"summary_large_image","twitter_misc":{"Written by":"agevis","Est. reading time":"3 minutes"},"schema":{"@context":"https:\/\/schema.org","@graph":[{"@type":"Article","@id":"https:\/\/www.manitese.it\/en\/la-difficile-situazione-in-kenya-fra-omicron-e-riscaldamento-globale\/#article","isPartOf":{"@id":"https:\/\/www.manitese.it\/en\/la-difficile-situazione-in-kenya-fra-omicron-e-riscaldamento-globale\/"},"author":{"name":"agevis","@id":"https:\/\/www.manitese.it\/en\/#\/schema\/person\/5a9774f17e4940e2510bfeba90f04f65"},"headline":"La difficile situazione in Kenya fra omicron e riscaldamento globale","datePublished":"2021-12-15T13:26:18+00:00","dateModified":"2023-07-21T12:23:45+00:00","mainEntityOfPage":{"@id":"https:\/\/www.manitese.it\/en\/la-difficile-situazione-in-kenya-fra-omicron-e-riscaldamento-globale\/"},"wordCount":529,"commentCount":0,"image":{"@id":"https:\/\/www.manitese.it\/en\/la-difficile-situazione-in-kenya-fra-omicron-e-riscaldamento-globale\/#primaryimage"},"thumbnailUrl":"https:\/\/www.manitese.it\/wp-content\/uploads\/2021\/12\/kenya-omicron-riscaldamento-globale-mani-tese-2021-news-1.jpg","articleSection":["Attualit\u00e0"],"inLanguage":"en-US","potentialAction":[{"@type":"CommentAction","name":"Comment","target":["https:\/\/www.manitese.it\/en\/la-difficile-situazione-in-kenya-fra-omicron-e-riscaldamento-globale\/#respond"]}]},{"@type":"WebPage","@id":"https:\/\/www.manitese.it\/en\/la-difficile-situazione-in-kenya-fra-omicron-e-riscaldamento-globale\/","url":"https:\/\/www.manitese.it\/en\/la-difficile-situazione-in-kenya-fra-omicron-e-riscaldamento-globale\/","name":"La difficile situazione in Kenya fra omicron e riscaldamento globale - Mani Tese","isPartOf":{"@id":"https:\/\/www.manitese.it\/en\/#website"},"primaryImageOfPage":{"@id":"https:\/\/www.manitese.it\/en\/la-difficile-situazione-in-kenya-fra-omicron-e-riscaldamento-globale\/#primaryimage"},"image":{"@id":"https:\/\/www.manitese.it\/en\/la-difficile-situazione-in-kenya-fra-omicron-e-riscaldamento-globale\/#primaryimage"},"thumbnailUrl":"https:\/\/www.manitese.it\/wp-content\/uploads\/2021\/12\/kenya-omicron-riscaldamento-globale-mani-tese-2021-news-1.jpg","datePublished":"2021-12-15T13:26:18+00:00","dateModified":"2023-07-21T12:23:45+00:00","author":{"@id":"https:\/\/www.manitese.it\/en\/#\/schema\/person\/5a9774f17e4940e2510bfeba90f04f65"},"description":"La siccit\u00e0, i nubifragi e ora anche la variante Omicron rischiano di mettere in ginocchio il Paese. Il report del nostro Responsabile Paese.","breadcrumb":{"@id":"https:\/\/www.manitese.it\/en\/la-difficile-situazione-in-kenya-fra-omicron-e-riscaldamento-globale\/#breadcrumb"},"inLanguage":"en-US","potentialAction":[{"@type":"ReadAction","target":["https:\/\/www.manitese.it\/en\/la-difficile-situazione-in-kenya-fra-omicron-e-riscaldamento-globale\/"]}]},{"@type":"ImageObject","inLanguage":"en-US","@id":"https:\/\/www.manitese.it\/en\/la-difficile-situazione-in-kenya-fra-omicron-e-riscaldamento-globale\/#primaryimage","url":"https:\/\/www.manitese.it\/wp-content\/uploads\/2021\/12\/kenya-omicron-riscaldamento-globale-mani-tese-2021-news-1.jpg","contentUrl":"https:\/\/www.manitese.it\/wp-content\/uploads\/2021\/12\/kenya-omicron-riscaldamento-globale-mani-tese-2021-news-1.jpg","width":1920,"height":800},{"@type":"BreadcrumbList","@id":"https:\/\/www.manitese.it\/en\/la-difficile-situazione-in-kenya-fra-omicron-e-riscaldamento-globale\/#breadcrumb","itemListElement":[{"@type":"ListItem","position":1,"name":"Home","item":"https:\/\/www.manitese.it\/en\/"},{"@type":"ListItem","position":2,"name":"La difficile situazione in Kenya fra omicron e riscaldamento globale"}]},{"@type":"WebSite","@id":"https:\/\/www.manitese.it\/en\/#website","url":"https:\/\/www.manitese.it\/en\/","name":"Mani Tese","description":"","potentialAction":[{"@type":"SearchAction","target":{"@type":"EntryPoint","urlTemplate":"https:\/\/www.manitese.it\/en\/?s={search_term_string}"},"query-input":{"@type":"PropertyValueSpecification","valueRequired":true,"valueName":"search_term_string"}}],"inLanguage":"en-US"},{"@type":"Person","@id":"https:\/\/www.manitese.it\/en\/#\/schema\/person\/5a9774f17e4940e2510bfeba90f04f65","name":"agevis","image":{"@type":"ImageObject","inLanguage":"en-US","@id":"https:\/\/secure.gravatar.com\/avatar\/2dc96c93fcf3387a5922a93b50fb3bff01d4800590fb6a4ab91a034adb25ba17?s=96&d=mm&r=g","url":"https:\/\/secure.gravatar.com\/avatar\/2dc96c93fcf3387a5922a93b50fb3bff01d4800590fb6a4ab91a034adb25ba17?s=96&d=mm&r=g","contentUrl":"https:\/\/secure.gravatar.com\/avatar\/2dc96c93fcf3387a5922a93b50fb3bff01d4800590fb6a4ab91a034adb25ba17?s=96&d=mm&r=g","caption":"agevis"},"url":"https:\/\/www.manitese.it\/en\/author\/wp_agevis_admin\/"}]}},"jetpack_featured_media_url":"https:\/\/www.manitese.it\/wp-content\/uploads\/2021\/12\/kenya-omicron-riscaldamento-globale-mani-tese-2021-news-1.jpg","jetpack_sharing_enabled":true,"_links":{"self":[{"href":"https:\/\/www.manitese.it\/en\/wp-json\/wp\/v2\/posts\/87558","targetHints":{"allow":["GET"]}}],"collection":[{"href":"https:\/\/www.manitese.it\/en\/wp-json\/wp\/v2\/posts"}],"about":[{"href":"https:\/\/www.manitese.it\/en\/wp-json\/wp\/v2\/types\/post"}],"author":[{"embeddable":true,"href":"https:\/\/www.manitese.it\/en\/wp-json\/wp\/v2\/users\/1"}],"replies":[{"embeddable":true,"href":"https:\/\/www.manitese.it\/en\/wp-json\/wp\/v2\/comments?post=87558"}],"version-history":[{"count":2,"href":"https:\/\/www.manitese.it\/en\/wp-json\/wp\/v2\/posts\/87558\/revisions"}],"predecessor-version":[{"id":177821,"href":"https:\/\/www.manitese.it\/en\/wp-json\/wp\/v2\/posts\/87558\/revisions\/177821"}],"wp:featuredmedia":[{"embeddable":true,"href":"https:\/\/www.manitese.it\/en\/wp-json\/wp\/v2\/media\/87561"}],"wp:attachment":[{"href":"https:\/\/www.manitese.it\/en\/wp-json\/wp\/v2\/media?parent=87558"}],"wp:term":[{"taxonomy":"category","embeddable":true,"href":"https:\/\/www.manitese.it\/en\/wp-json\/wp\/v2\/categories?post=87558"},{"taxonomy":"post_tag","embeddable":true,"href":"https:\/\/www.manitese.it\/en\/wp-json\/wp\/v2\/tags?post=87558"},{"taxonomy":"thematic_area","embeddable":true,"href":"https:\/\/www.manitese.it\/en\/wp-json\/wp\/v2\/thematic_area?post=87558"}],"curies":[{"name":"wp","href":"https:\/\/api.w.org\/{rel}","templated":true}]}}