{"id":87060,"date":"2021-12-06T12:30:30","date_gmt":"2021-12-06T11:30:30","guid":{"rendered":"https:\/\/manitese.it\/?p=87060"},"modified":"2023-11-30T16:03:43","modified_gmt":"2023-11-30T15:03:43","slug":"aggiornamento-dal-progetto-agricoltura-circolare-in-zambezia","status":"publish","type":"post","link":"https:\/\/www.manitese.it\/en\/aggiornamento-dal-progetto-agricoltura-circolare-in-zambezia\/","title":{"rendered":"Un aggiornamento dal progetto agricoltura circolare in Zambezia"},"content":{"rendered":"\r\n<p><em>di Andrea Sandrini<\/em><\/p>\r\n\r\n\r\n\r\n<p>La <strong>Zamb\u00e9zia<\/strong> \u00e8 una delle province pi\u00f9 povere del <strong>Mozambico<\/strong> e un\u2019area con <strong>un alto tasso di malnutrizione<\/strong>. Qui Mani Tese, da oltre 25 anni, porta avanti i suoi progetti di cooperazione e sviluppo con un focus su <strong>Quelimane<\/strong>, capitale amministrativa della Zamb\u00e9zia, che ha visto crescere la sua popolazione in maniera esponenziale negli ultimi anni.<\/p>\r\n\r\n\r\n\r\n<p>In questo contesto,<strong> garantire la disponibilit\u00e0 di cibo e una dieta completa e nutriente<\/strong>, oltre alla promozione di un\u2019agricoltura sostenibile, \u00e8 la sfida principale che ci proponiamo di affrontare nell\u2019ambito del progetto\u00a0<a href=\"https:\/\/manitese.it\/progetto\/agricoltura-circolare-per-ridurre-fame-in-zambezia\" target=\"_blank\" rel=\"noreferrer noopener\"><strong>\u201cAgricoltura circolare\u201d<\/strong><\/a> cofinanziato dall\u20198\u00d71000 a gestione statale.<\/p>\r\n\r\n\r\n\r\n<p>Nelle 6 comunit\u00e0 beneficiarie (Barrone, Eduba, Safure, Navilembo, Mudenga, Mazuere) del <em>posto administrativo<\/em> di Maquival, all\u2019interno del distretto di Quelimane, il progetto sta dando i suoi frutti. Sono gi\u00e0 state avviate tutta una serie di attivit\u00e0 iniziali <a href=\"https:\/\/manitese.it\/formazioni-agricoltura-circolare-e-distribuzione-semi-in-mozambico\" target=\"_blank\" rel=\"noreferrer noopener\" aria-label=\" (apre in una nuova scheda)\"><strong>(che potete leggere qui)<\/strong><\/a> e, per ogni comunit\u00e0, <strong>\u00e8 stato creato un campo dimostrativo dove lo staff<\/strong> di Mani Tese e del partner locale UPC-Z (Unione Provinciale dei Contadini della Zamb\u00e9zia) <strong>sta mostrando le tecniche e i benefici dell\u2019agricoltura di conservazione<\/strong>. Inoltre sono stati costruiti pollai e porcilaie e sono stati istituiti 6 comitati per la gestione dell\u2019allevamento.<\/p>\r\n\r\n\r\n\r\n<p>Il progetto \u00e8 ora entrato in una fase importante per una serie di fattori, uno su tutti <strong>l\u2019inizio della campagna agricola<\/strong>, inaugurata ufficialmente il 13 novembre. L\u2019appoggio dei tecnici di Mani Tese e UPC-Z alle comunit\u00e0 beneficiarie \u00e8 pi\u00f9 che mai importante in questa fase perch\u00e9 \u00e8 il momento dell\u2019<strong>acquisto e distribuzione di sementi cerealicole e leguminose<\/strong> e della distribuzione di materiale di protezione per i contadini.<\/p>\r\n\r\n\r\n\r\n<p>Un altro fattore di rilievo \u00e8 l\u2019approssimarsi della stagione delle piogge, che detta ritmi serrati per lo svolgimento di alcune attivit\u00e0 che devono essere concluse prima del termine della stagione secca. In particolare, dovranno essere realizzati in tempi brevi la <strong>costruzione di sei pozzi<\/strong>, in ognuna delle comunit\u00e0 beneficiarie, <strong>insieme ai sistemi di irrigazione che aiutino la campagna agricola<\/strong>.<\/p>\r\n\r\n\r\n\r\n<p>Una componente molto rilevante del progetto riguarda poi il rinforzo dell\u2019apporto proteico nella dieta delle comunit\u00e0 beneficiarie. Proprio per questo il progetto prevede <strong>l\u2019introduzione di animali (suini, galline e anatre), dei cicli di formazione e la costituzione di due allevamenti dimostrativi per la riproduzione degli animali<\/strong>. La distribuzione degli animali \u00e8 stata fissata per il mese di febbraio, quando le piogge saranno ormai diminuite, in quanto l\u2019umidit\u00e0 permette al virus del Newcastle, che colpisce sia le galline che le anatre,di proliferare e circolare maggiormente.<\/p>\r\n\r\n\r\n\r\n<p>Per promuovere l\u2019importanza di una dieta completa e salutare, infine, oltre alle sessioni di formazione pi\u00f9 classiche, <strong>si prevede di ingaggiare una compagnia teatrale affinch\u00e9 riesca a coinvolgere e sensibilizzare in forma partecipativa i membri dell\u2019intera comunit\u00e0<\/strong>. Verr\u00e0 pertanto proposta, tra dicembre e gennaio, una pi\u00e8ce formativa in tema di agricoltura e nutrizione e successivamente, dopo che sar\u00e0 stata fatta la distribuzione di animali, una rappresentazione sull\u2019importanza di una nutrizione con un buon apporto proteico e sul tema dell\u2019allevamento.<\/p>\r\n\r\n\r\n\r\n<p>Qui di seguito alcune foto relative alle formazioni sull\u2019agricoltura circolare:<\/p>\r\n\r\n\r\n\r\n<div class=\"wp-block-image\">\r\n<figure class=\"aligncenter size-large\"><a href=\"https:\/\/manitese.it\/wp-content\/uploads\/2021\/12\/aggiornamento-agricoltura-circolare-zambezia-2.jpg\" target=\"_blank\" rel=\"noreferrer noopener\"><img decoding=\"async\" class=\"wp-image-87065\" src=\"https:\/\/manitese.it\/wp-content\/uploads\/2021\/12\/aggiornamento-agricoltura-circolare-zambezia-2-1024x768.jpg\" alt=\"\" \/><\/a><\/figure>\r\n<\/div>\r\n\r\n\r\n\r\n<div class=\"wp-block-image\">\r\n<figure class=\"aligncenter size-large\"><a href=\"https:\/\/manitese.it\/wp-content\/uploads\/2021\/12\/aggiornamento-agricoltura-circolare-zambezia-3.jpg\" target=\"_blank\" rel=\"noreferrer noopener\"><img decoding=\"async\" class=\"wp-image-87067\" src=\"https:\/\/manitese.it\/wp-content\/uploads\/2021\/12\/aggiornamento-agricoltura-circolare-zambezia-3-1024x768.jpg\" alt=\"\" \/><\/a><\/figure>\r\n<\/div>\r\n\r\n\r\n\r\n<div class=\"wp-block-image\">\r\n<figure class=\"aligncenter size-large\"><a href=\"https:\/\/manitese.it\/wp-content\/uploads\/2021\/12\/aggiornamento-agricoltura-circolare-zambezia-4.jpg\" target=\"_blank\" rel=\"noreferrer noopener\"><img decoding=\"async\" class=\"wp-image-87069\" src=\"https:\/\/manitese.it\/wp-content\/uploads\/2021\/12\/aggiornamento-agricoltura-circolare-zambezia-4-1024x768.jpg\" alt=\"\" \/><\/a><\/figure>\r\n<\/div>\r\n\r\n\r\n\r\n<div class=\"wp-block-image\">\r\n<figure class=\"aligncenter size-large\"><a href=\"https:\/\/manitese.it\/wp-content\/uploads\/2021\/12\/aggiornamento-agricoltura-circolare-zambezia-5.jpg\" target=\"_blank\" rel=\"noreferrer noopener\"><img decoding=\"async\" class=\"wp-image-87071\" src=\"https:\/\/manitese.it\/wp-content\/uploads\/2021\/12\/aggiornamento-agricoltura-circolare-zambezia-5-1024x768.jpg\" alt=\"\" \/><\/a><\/figure>\r\n<\/div>\r\n\r\n\r\n\r\n<div class=\"wp-block-image\">\r\n<figure class=\"aligncenter size-large\"><a href=\"https:\/\/manitese.it\/wp-content\/uploads\/2021\/12\/aggiornamento-agricoltura-circolare-zambezia-6.jpg\" target=\"_blank\" rel=\"noreferrer noopener\"><img decoding=\"async\" class=\"wp-image-87073\" src=\"https:\/\/manitese.it\/wp-content\/uploads\/2021\/12\/aggiornamento-agricoltura-circolare-zambezia-6-1024x768.jpg\" alt=\"\" \/><\/a><\/figure>\r\n<\/div>\r\n\r\n\r\n\r\n<div class=\"wp-block-image\">\r\n<figure class=\"aligncenter size-large\"><a href=\"https:\/\/manitese.it\/wp-content\/uploads\/2021\/12\/aggiornamento-agricoltura-circolare-zambezia-7.jpg\" target=\"_blank\" rel=\"noreferrer noopener\"><img decoding=\"async\" class=\"wp-image-87075\" src=\"https:\/\/manitese.it\/wp-content\/uploads\/2021\/12\/aggiornamento-agricoltura-circolare-zambezia-7-1024x768.jpg\" alt=\"\" \/><\/a><\/figure>\r\n<\/div>\r\n","protected":false},"excerpt":{"rendered":"<p>Proseguono le attivit\u00e0 di Mani Tese e UPC-Z finalizzate soprattutto alla formazione di contadini e allevatori di 6 comunit\u00e0 rurali.<\/p>\n","protected":false},"author":1,"featured_media":87063,"comment_status":"open","ping_status":"open","sticky":false,"template":"","format":"standard","meta":{"_acf_changed":false,"give_campaign_id":0,"inline_featured_image":false,"_jetpack_memberships_contains_paid_content":false,"footnotes":""},"categories":[3],"tags":[],"thematic_area":[917,905],"class_list":["post-87060","post","type-post","status-publish","format-standard","has-post-thumbnail","hentry","category-diari","thematic_area-economia-circolare","thematic_area-accesso-universale-al-cibo-e-allacqua"],"acf":[],"yoast_head":"<!-- This site is optimized with the Yoast SEO plugin v27.5 - https:\/\/yoast.com\/product\/yoast-seo-wordpress\/ -->\n<title>Un aggiornamento dal progetto agricoltura circolare in Zambezia - Mani Tese<\/title>\n<meta name=\"description\" content=\"Proseguono le attivit\u00e0 di Mani Tese e UPC-Z finalizzate soprattutto alla formazione di contadini e allevatori di 6 comunit\u00e0 rurali.\" \/>\n<meta name=\"robots\" content=\"index, follow, max-snippet:-1, max-image-preview:large, max-video-preview:-1\" \/>\n<link rel=\"canonical\" href=\"https:\/\/www.manitese.it\/en\/aggiornamento-dal-progetto-agricoltura-circolare-in-zambezia\/\" \/>\n<meta property=\"og:locale\" content=\"en_US\" \/>\n<meta property=\"og:type\" content=\"article\" \/>\n<meta property=\"og:title\" content=\"Un aggiornamento dal progetto agricoltura circolare in Zambezia - Mani Tese\" \/>\n<meta property=\"og:description\" content=\"Proseguono le attivit\u00e0 di Mani Tese e UPC-Z finalizzate soprattutto alla formazione di contadini e allevatori di 6 comunit\u00e0 rurali.\" \/>\n<meta property=\"og:url\" content=\"https:\/\/www.manitese.it\/en\/aggiornamento-dal-progetto-agricoltura-circolare-in-zambezia\/\" \/>\n<meta property=\"og:site_name\" content=\"Mani Tese\" \/>\n<meta property=\"article:published_time\" content=\"2021-12-06T11:30:30+00:00\" \/>\n<meta property=\"article:modified_time\" content=\"2023-11-30T15:03:43+00:00\" \/>\n<meta property=\"og:image\" content=\"https:\/\/www.manitese.it\/wp-content\/uploads\/2021\/12\/aggiornamento-agricoltura-circolare-zambezia-1.jpg\" \/>\n\t<meta property=\"og:image:width\" content=\"1920\" \/>\n\t<meta property=\"og:image:height\" content=\"800\" \/>\n\t<meta property=\"og:image:type\" content=\"image\/jpeg\" \/>\n<meta name=\"author\" content=\"agevis\" \/>\n<meta name=\"twitter:card\" content=\"summary_large_image\" \/>\n<meta name=\"twitter:label1\" content=\"Written by\" \/>\n\t<meta name=\"twitter:data1\" content=\"agevis\" \/>\n\t<meta name=\"twitter:label2\" content=\"Est. reading time\" \/>\n\t<meta name=\"twitter:data2\" content=\"4 minutes\" \/>\n<script type=\"application\/ld+json\" class=\"yoast-schema-graph\">{\"@context\":\"https:\\\/\\\/schema.org\",\"@graph\":[{\"@type\":\"Article\",\"@id\":\"https:\\\/\\\/www.manitese.it\\\/en\\\/aggiornamento-dal-progetto-agricoltura-circolare-in-zambezia\\\/#article\",\"isPartOf\":{\"@id\":\"https:\\\/\\\/www.manitese.it\\\/en\\\/aggiornamento-dal-progetto-agricoltura-circolare-in-zambezia\\\/\"},\"author\":{\"name\":\"agevis\",\"@id\":\"https:\\\/\\\/www.manitese.it\\\/en\\\/#\\\/schema\\\/person\\\/5a9774f17e4940e2510bfeba90f04f65\"},\"headline\":\"Un aggiornamento dal progetto agricoltura circolare in Zambezia\",\"datePublished\":\"2021-12-06T11:30:30+00:00\",\"dateModified\":\"2023-11-30T15:03:43+00:00\",\"mainEntityOfPage\":{\"@id\":\"https:\\\/\\\/www.manitese.it\\\/en\\\/aggiornamento-dal-progetto-agricoltura-circolare-in-zambezia\\\/\"},\"wordCount\":511,\"commentCount\":0,\"image\":{\"@id\":\"https:\\\/\\\/www.manitese.it\\\/en\\\/aggiornamento-dal-progetto-agricoltura-circolare-in-zambezia\\\/#primaryimage\"},\"thumbnailUrl\":\"https:\\\/\\\/www.manitese.it\\\/wp-content\\\/uploads\\\/2021\\\/12\\\/aggiornamento-agricoltura-circolare-zambezia-1.jpg\",\"articleSection\":[\"Diari\"],\"inLanguage\":\"en-US\",\"potentialAction\":[{\"@type\":\"CommentAction\",\"name\":\"Comment\",\"target\":[\"https:\\\/\\\/www.manitese.it\\\/en\\\/aggiornamento-dal-progetto-agricoltura-circolare-in-zambezia\\\/#respond\"]}]},{\"@type\":\"WebPage\",\"@id\":\"https:\\\/\\\/www.manitese.it\\\/en\\\/aggiornamento-dal-progetto-agricoltura-circolare-in-zambezia\\\/\",\"url\":\"https:\\\/\\\/www.manitese.it\\\/en\\\/aggiornamento-dal-progetto-agricoltura-circolare-in-zambezia\\\/\",\"name\":\"Un aggiornamento dal progetto agricoltura circolare in Zambezia - Mani Tese\",\"isPartOf\":{\"@id\":\"https:\\\/\\\/www.manitese.it\\\/en\\\/#website\"},\"primaryImageOfPage\":{\"@id\":\"https:\\\/\\\/www.manitese.it\\\/en\\\/aggiornamento-dal-progetto-agricoltura-circolare-in-zambezia\\\/#primaryimage\"},\"image\":{\"@id\":\"https:\\\/\\\/www.manitese.it\\\/en\\\/aggiornamento-dal-progetto-agricoltura-circolare-in-zambezia\\\/#primaryimage\"},\"thumbnailUrl\":\"https:\\\/\\\/www.manitese.it\\\/wp-content\\\/uploads\\\/2021\\\/12\\\/aggiornamento-agricoltura-circolare-zambezia-1.jpg\",\"datePublished\":\"2021-12-06T11:30:30+00:00\",\"dateModified\":\"2023-11-30T15:03:43+00:00\",\"author\":{\"@id\":\"https:\\\/\\\/www.manitese.it\\\/en\\\/#\\\/schema\\\/person\\\/5a9774f17e4940e2510bfeba90f04f65\"},\"description\":\"Proseguono le attivit\u00e0 di Mani Tese e UPC-Z finalizzate soprattutto alla formazione di contadini e allevatori di 6 comunit\u00e0 rurali.\",\"breadcrumb\":{\"@id\":\"https:\\\/\\\/www.manitese.it\\\/en\\\/aggiornamento-dal-progetto-agricoltura-circolare-in-zambezia\\\/#breadcrumb\"},\"inLanguage\":\"en-US\",\"potentialAction\":[{\"@type\":\"ReadAction\",\"target\":[\"https:\\\/\\\/www.manitese.it\\\/en\\\/aggiornamento-dal-progetto-agricoltura-circolare-in-zambezia\\\/\"]}]},{\"@type\":\"ImageObject\",\"inLanguage\":\"en-US\",\"@id\":\"https:\\\/\\\/www.manitese.it\\\/en\\\/aggiornamento-dal-progetto-agricoltura-circolare-in-zambezia\\\/#primaryimage\",\"url\":\"https:\\\/\\\/www.manitese.it\\\/wp-content\\\/uploads\\\/2021\\\/12\\\/aggiornamento-agricoltura-circolare-zambezia-1.jpg\",\"contentUrl\":\"https:\\\/\\\/www.manitese.it\\\/wp-content\\\/uploads\\\/2021\\\/12\\\/aggiornamento-agricoltura-circolare-zambezia-1.jpg\",\"width\":1920,\"height\":800},{\"@type\":\"BreadcrumbList\",\"@id\":\"https:\\\/\\\/www.manitese.it\\\/en\\\/aggiornamento-dal-progetto-agricoltura-circolare-in-zambezia\\\/#breadcrumb\",\"itemListElement\":[{\"@type\":\"ListItem\",\"position\":1,\"name\":\"Home\",\"item\":\"https:\\\/\\\/www.manitese.it\\\/en\\\/\"},{\"@type\":\"ListItem\",\"position\":2,\"name\":\"Un aggiornamento dal progetto agricoltura circolare in Zambezia\"}]},{\"@type\":\"WebSite\",\"@id\":\"https:\\\/\\\/www.manitese.it\\\/en\\\/#website\",\"url\":\"https:\\\/\\\/www.manitese.it\\\/en\\\/\",\"name\":\"Mani Tese\",\"description\":\"\",\"potentialAction\":[{\"@type\":\"SearchAction\",\"target\":{\"@type\":\"EntryPoint\",\"urlTemplate\":\"https:\\\/\\\/www.manitese.it\\\/en\\\/?s={search_term_string}\"},\"query-input\":{\"@type\":\"PropertyValueSpecification\",\"valueRequired\":true,\"valueName\":\"search_term_string\"}}],\"inLanguage\":\"en-US\"},{\"@type\":\"Person\",\"@id\":\"https:\\\/\\\/www.manitese.it\\\/en\\\/#\\\/schema\\\/person\\\/5a9774f17e4940e2510bfeba90f04f65\",\"name\":\"agevis\",\"image\":{\"@type\":\"ImageObject\",\"inLanguage\":\"en-US\",\"@id\":\"https:\\\/\\\/secure.gravatar.com\\\/avatar\\\/2dc96c93fcf3387a5922a93b50fb3bff01d4800590fb6a4ab91a034adb25ba17?s=96&d=mm&r=g\",\"url\":\"https:\\\/\\\/secure.gravatar.com\\\/avatar\\\/2dc96c93fcf3387a5922a93b50fb3bff01d4800590fb6a4ab91a034adb25ba17?s=96&d=mm&r=g\",\"contentUrl\":\"https:\\\/\\\/secure.gravatar.com\\\/avatar\\\/2dc96c93fcf3387a5922a93b50fb3bff01d4800590fb6a4ab91a034adb25ba17?s=96&d=mm&r=g\",\"caption\":\"agevis\"},\"url\":\"https:\\\/\\\/www.manitese.it\\\/en\\\/author\\\/wp_agevis_admin\\\/\"}]}<\/script>\n<!-- \/ Yoast SEO plugin. -->","yoast_head_json":{"title":"Un aggiornamento dal progetto agricoltura circolare in Zambezia - Mani Tese","description":"Proseguono le attivit\u00e0 di Mani Tese e UPC-Z finalizzate soprattutto alla formazione di contadini e allevatori di 6 comunit\u00e0 rurali.","robots":{"index":"index","follow":"follow","max-snippet":"max-snippet:-1","max-image-preview":"max-image-preview:large","max-video-preview":"max-video-preview:-1"},"canonical":"https:\/\/www.manitese.it\/en\/aggiornamento-dal-progetto-agricoltura-circolare-in-zambezia\/","og_locale":"en_US","og_type":"article","og_title":"Un aggiornamento dal progetto agricoltura circolare in Zambezia - Mani Tese","og_description":"Proseguono le attivit\u00e0 di Mani Tese e UPC-Z finalizzate soprattutto alla formazione di contadini e allevatori di 6 comunit\u00e0 rurali.","og_url":"https:\/\/www.manitese.it\/en\/aggiornamento-dal-progetto-agricoltura-circolare-in-zambezia\/","og_site_name":"Mani Tese","article_published_time":"2021-12-06T11:30:30+00:00","article_modified_time":"2023-11-30T15:03:43+00:00","og_image":[{"width":1920,"height":800,"url":"https:\/\/www.manitese.it\/wp-content\/uploads\/2021\/12\/aggiornamento-agricoltura-circolare-zambezia-1.jpg","type":"image\/jpeg"}],"author":"agevis","twitter_card":"summary_large_image","twitter_misc":{"Written by":"agevis","Est. reading time":"4 minutes"},"schema":{"@context":"https:\/\/schema.org","@graph":[{"@type":"Article","@id":"https:\/\/www.manitese.it\/en\/aggiornamento-dal-progetto-agricoltura-circolare-in-zambezia\/#article","isPartOf":{"@id":"https:\/\/www.manitese.it\/en\/aggiornamento-dal-progetto-agricoltura-circolare-in-zambezia\/"},"author":{"name":"agevis","@id":"https:\/\/www.manitese.it\/en\/#\/schema\/person\/5a9774f17e4940e2510bfeba90f04f65"},"headline":"Un aggiornamento dal progetto agricoltura circolare in Zambezia","datePublished":"2021-12-06T11:30:30+00:00","dateModified":"2023-11-30T15:03:43+00:00","mainEntityOfPage":{"@id":"https:\/\/www.manitese.it\/en\/aggiornamento-dal-progetto-agricoltura-circolare-in-zambezia\/"},"wordCount":511,"commentCount":0,"image":{"@id":"https:\/\/www.manitese.it\/en\/aggiornamento-dal-progetto-agricoltura-circolare-in-zambezia\/#primaryimage"},"thumbnailUrl":"https:\/\/www.manitese.it\/wp-content\/uploads\/2021\/12\/aggiornamento-agricoltura-circolare-zambezia-1.jpg","articleSection":["Diari"],"inLanguage":"en-US","potentialAction":[{"@type":"CommentAction","name":"Comment","target":["https:\/\/www.manitese.it\/en\/aggiornamento-dal-progetto-agricoltura-circolare-in-zambezia\/#respond"]}]},{"@type":"WebPage","@id":"https:\/\/www.manitese.it\/en\/aggiornamento-dal-progetto-agricoltura-circolare-in-zambezia\/","url":"https:\/\/www.manitese.it\/en\/aggiornamento-dal-progetto-agricoltura-circolare-in-zambezia\/","name":"Un aggiornamento dal progetto agricoltura circolare in Zambezia - Mani Tese","isPartOf":{"@id":"https:\/\/www.manitese.it\/en\/#website"},"primaryImageOfPage":{"@id":"https:\/\/www.manitese.it\/en\/aggiornamento-dal-progetto-agricoltura-circolare-in-zambezia\/#primaryimage"},"image":{"@id":"https:\/\/www.manitese.it\/en\/aggiornamento-dal-progetto-agricoltura-circolare-in-zambezia\/#primaryimage"},"thumbnailUrl":"https:\/\/www.manitese.it\/wp-content\/uploads\/2021\/12\/aggiornamento-agricoltura-circolare-zambezia-1.jpg","datePublished":"2021-12-06T11:30:30+00:00","dateModified":"2023-11-30T15:03:43+00:00","author":{"@id":"https:\/\/www.manitese.it\/en\/#\/schema\/person\/5a9774f17e4940e2510bfeba90f04f65"},"description":"Proseguono le attivit\u00e0 di Mani Tese e UPC-Z finalizzate soprattutto alla formazione di contadini e allevatori di 6 comunit\u00e0 rurali.","breadcrumb":{"@id":"https:\/\/www.manitese.it\/en\/aggiornamento-dal-progetto-agricoltura-circolare-in-zambezia\/#breadcrumb"},"inLanguage":"en-US","potentialAction":[{"@type":"ReadAction","target":["https:\/\/www.manitese.it\/en\/aggiornamento-dal-progetto-agricoltura-circolare-in-zambezia\/"]}]},{"@type":"ImageObject","inLanguage":"en-US","@id":"https:\/\/www.manitese.it\/en\/aggiornamento-dal-progetto-agricoltura-circolare-in-zambezia\/#primaryimage","url":"https:\/\/www.manitese.it\/wp-content\/uploads\/2021\/12\/aggiornamento-agricoltura-circolare-zambezia-1.jpg","contentUrl":"https:\/\/www.manitese.it\/wp-content\/uploads\/2021\/12\/aggiornamento-agricoltura-circolare-zambezia-1.jpg","width":1920,"height":800},{"@type":"BreadcrumbList","@id":"https:\/\/www.manitese.it\/en\/aggiornamento-dal-progetto-agricoltura-circolare-in-zambezia\/#breadcrumb","itemListElement":[{"@type":"ListItem","position":1,"name":"Home","item":"https:\/\/www.manitese.it\/en\/"},{"@type":"ListItem","position":2,"name":"Un aggiornamento dal progetto agricoltura circolare in Zambezia"}]},{"@type":"WebSite","@id":"https:\/\/www.manitese.it\/en\/#website","url":"https:\/\/www.manitese.it\/en\/","name":"Mani Tese","description":"","potentialAction":[{"@type":"SearchAction","target":{"@type":"EntryPoint","urlTemplate":"https:\/\/www.manitese.it\/en\/?s={search_term_string}"},"query-input":{"@type":"PropertyValueSpecification","valueRequired":true,"valueName":"search_term_string"}}],"inLanguage":"en-US"},{"@type":"Person","@id":"https:\/\/www.manitese.it\/en\/#\/schema\/person\/5a9774f17e4940e2510bfeba90f04f65","name":"agevis","image":{"@type":"ImageObject","inLanguage":"en-US","@id":"https:\/\/secure.gravatar.com\/avatar\/2dc96c93fcf3387a5922a93b50fb3bff01d4800590fb6a4ab91a034adb25ba17?s=96&d=mm&r=g","url":"https:\/\/secure.gravatar.com\/avatar\/2dc96c93fcf3387a5922a93b50fb3bff01d4800590fb6a4ab91a034adb25ba17?s=96&d=mm&r=g","contentUrl":"https:\/\/secure.gravatar.com\/avatar\/2dc96c93fcf3387a5922a93b50fb3bff01d4800590fb6a4ab91a034adb25ba17?s=96&d=mm&r=g","caption":"agevis"},"url":"https:\/\/www.manitese.it\/en\/author\/wp_agevis_admin\/"}]}},"jetpack_featured_media_url":"https:\/\/www.manitese.it\/wp-content\/uploads\/2021\/12\/aggiornamento-agricoltura-circolare-zambezia-1.jpg","jetpack_sharing_enabled":true,"_links":{"self":[{"href":"https:\/\/www.manitese.it\/en\/wp-json\/wp\/v2\/posts\/87060","targetHints":{"allow":["GET"]}}],"collection":[{"href":"https:\/\/www.manitese.it\/en\/wp-json\/wp\/v2\/posts"}],"about":[{"href":"https:\/\/www.manitese.it\/en\/wp-json\/wp\/v2\/types\/post"}],"author":[{"embeddable":true,"href":"https:\/\/www.manitese.it\/en\/wp-json\/wp\/v2\/users\/1"}],"replies":[{"embeddable":true,"href":"https:\/\/www.manitese.it\/en\/wp-json\/wp\/v2\/comments?post=87060"}],"version-history":[{"count":3,"href":"https:\/\/www.manitese.it\/en\/wp-json\/wp\/v2\/posts\/87060\/revisions"}],"predecessor-version":[{"id":191688,"href":"https:\/\/www.manitese.it\/en\/wp-json\/wp\/v2\/posts\/87060\/revisions\/191688"}],"wp:featuredmedia":[{"embeddable":true,"href":"https:\/\/www.manitese.it\/en\/wp-json\/wp\/v2\/media\/87063"}],"wp:attachment":[{"href":"https:\/\/www.manitese.it\/en\/wp-json\/wp\/v2\/media?parent=87060"}],"wp:term":[{"taxonomy":"category","embeddable":true,"href":"https:\/\/www.manitese.it\/en\/wp-json\/wp\/v2\/categories?post=87060"},{"taxonomy":"post_tag","embeddable":true,"href":"https:\/\/www.manitese.it\/en\/wp-json\/wp\/v2\/tags?post=87060"},{"taxonomy":"thematic_area","embeddable":true,"href":"https:\/\/www.manitese.it\/en\/wp-json\/wp\/v2\/thematic_area?post=87060"}],"curies":[{"name":"wp","href":"https:\/\/api.w.org\/{rel}","templated":true}]}}