{"id":86789,"date":"2021-12-05T10:47:00","date_gmt":"2021-12-05T09:47:00","guid":{"rendered":"https:\/\/manitese.it\/?p=86789"},"modified":"2023-07-21T14:18:18","modified_gmt":"2023-07-21T12:18:18","slug":"cibo-clima-e-citta","status":"publish","type":"post","link":"https:\/\/www.manitese.it\/en\/cibo-clima-e-citta\/","title":{"rendered":"Cibo, clima e citt\u00e0"},"content":{"rendered":"\n<p><em>di FRANCESCA GIACOMETTI, Area Advocacy di Mani Tese<\/em><\/p>\n\n\n\n<p>Da sempre per Mani Tese il diritto al cibo \u00e8 legato indissolubilmente a questioni di giustizia ambientale, sociale ed economica. Il modo con cui coltiviamo, ci nutriamo e produciamo scarti alimentari comporta effetti rilevanti sulla nostra salute e su quella dell\u2019ambiente.<\/p>\n\n\n\n<p>In questa direzione la nostra associazione ha realizzato diverse iniziative negli ultimi anni. Tra queste ricordiamo l\u2019Expo dei Popoli del 2015, che con i suoi delegati ha chiesto a gran voce pi\u00f9 sovranit\u00e0 alimentare e pi\u00f9 agroecologia, il progetto \u201cAgrecologia in Martesana\u201d e l\u2019installazione \u201cLa Terra mi sta stretta\u201d.<\/p>\n\n\n\n<p>Dal 2020 partecipiamo al progetto <strong><a href=\"http:\/\/www.foodwave.eu\" target=\"_blank\" rel=\"noreferrer noopener\" aria-label=\" (apre in una nuova scheda)\">Food Wave<\/a><\/strong>, finanziato dalla Commissione Europea, coordinato dal Comune di Milano e realizzato in partnership con sedici enti locali e tredici organizzazioni della societ\u00e0 civile, dislocate in sedici Paesi europei e in Brasile.<\/p>\n\n\n\n<p><strong><u>L\u2019onda del cibo<\/u><\/strong><\/p>\n\n\n\n<p>Dati recenti hanno dimostrato che l\u2019agricoltura industriale, da sola, \u00e8 responsabile di circa un terzo delle emissioni di CO2 a livello globale. Allo stesso tempo \u00e8 il settore che viene pi\u00f9 penalizzato dagli stessi cambiamenti climatici che ha contribuito a causare. \u00c8 come un\u2019onda anomala che deve essere fermata.<\/p>\n\n\n\n<p>Food Wave (letteralmente \u201cl\u2019onda del cibo\u201d) vuole provare a infrangere l\u2019attuale situazione paradossale dell\u2019agricoltura industriale proponendo sistemi alternativi del cibo e generando una spinta al cambiamento a partire dai e dalle giovani europee. Il progetto ha infatti creato una rete europea con l\u2019obiettivo di coinvolgere i giovani di 20 citt\u00e0 sul tema del cibo e dei sistemi agroalimentari urbani sostenibili. Argomenti come la transizione agroecologica o i sistemi alternativi del cibo si inseriscono quindi nel contesto di Food Wave abbinandosi al problema del cambiamento climatico e alla dimensione urbana dell\u2019agricoltura, andando a creare un nesso tra cibo, clima e citt\u00e0 con molteplici sfide e altrettante opportunit\u00e0.<\/p>\n\n\n\n<p>I giovani che vivono nelle citt\u00e0 europee sono chiamati all\u2019azione in qualit\u00e0 di generatori di cambiamento. A partire dalle proprie abitudini alimentari e di consumo fino ad arrivare alle politiche pubbliche, servono nuovi paradigmi per far fronte a una transizione tanto urgente quanto necessaria.<\/p>\n\n\n\n<p><strong><u>Gli strumenti del cambiamento<\/u><\/strong><\/p>\n\n\n\n<p>Per generare cambiamento, per\u00f2, servono degli strumenti adeguati, fondati su dati scientifici aggiornati e che sfocino in competenze utili nella pratica.<\/p>\n\n\n\n<p>Uno dei pilastri di Food Wave affidati al coordinamento di Mani Tese \u00e8 proprio quello legato alla <strong>formazione di giovani attivisti<\/strong> che possano interagire sia con la comunit\u00e0 locale, sia con le amministrazioni per portare avanti dei progetti di rigenerazione agricola e forestale e, in ultimo, contribuire allo sforzo comunitario di mitigazione e adattamento al cambiamento climatico.<\/p>\n\n\n\n<p>A questo scopo, sono state organizzate in tutta Europa diverse scuole di formazione per attivisti e nello specifico, a Milano, due edizioni si sono susseguite tra l\u2019inverno del 2020 e l\u2019estate del 2021.<\/p>\n\n\n\n<p>Organizzate in collaborazione con Fondazione Acra, il Comune di Milano e il comune di Torino, le due edizioni della <strong>scuola di attivismo \u201cCibo, Clima e Citt\u00e0\u201d<\/strong> hanno dato l\u2019opportunit\u00e0 a circa 60 ragazze e ragazzi di confrontarsi con esperti, rappresentanti della Milano Food Policy (che a ottobre scorso ha inoltre ricevuto l\u2019Earthshot Price per gli Hub Antispreco) e realt\u00e0 attive sul territorio cittadino (CasciNet per la rigenerazione agricola, Recup per la lotta allo spreco alimentare e Pane Quotidiano per il tema del diritto al cibo). In questo modo, i partecipanti &#8211; provenienti principalmente da Milano e Torino &#8211; hanno potuto conoscere meglio il panorama associazionistico e istituzionale milanese legato ai sistemi alimentari alternativi, agroecologici e inclusivi.<\/p>\n\n\n\n<p>In parallelo alle scuole di attivismo, un bando del Comune di Milano per la realizzazione di \u201cstreet actions\u201d, attivit\u00e0 aperte alla popolazione di diversi quartieri delle citt\u00e0 di Milano e Torino, ha consentito di portare i temi di Food Wave al di fuori del cerchio degli addetti ai lavori, proponendo eventi pubblici ad alto contenuto creativo e partecipativo per le comunit\u00e0 coinvolte. Tutte queste attivit\u00e0 contribuiscono a perseguire quello che \u00e8 il vero obiettivo del progetto: costruire e rafforzare una rete di reti giovanili che nelle citt\u00e0 target possa diventare un soggetto politico riconoscibile, capace di partecipare alla governance delle politiche pubbliche sul cibo, avanzare proposte concrete, in collaborazione con le associazioni e le Ong locali che da tempo di occupano del tema, monitorare la transizione agroecologica delle nostre citt\u00e0, in linea con gli Obiettivi di Sviluppo Sostenibile che le Nazioni Unite intendono raggiungere da qui al 2030. <\/p>\n\n\n\n<div class=\"wp-block-image\"><figure class=\"aligncenter size-large\"><a href=\"https:\/\/manitese.it\/wp-content\/uploads\/2021\/12\/cibo-clima-citt\u00e0-2-giornale-dicembre-2021-mani-tese.jpg\" target=\"_blank\" rel=\"noreferrer noopener\"><img decoding=\"async\" src=\"https:\/\/manitese.it\/wp-content\/uploads\/2021\/12\/cibo-clima-citt\u00e0-2-giornale-dicembre-2021-mani-tese-1024x683.jpg\" alt=\"\" class=\"wp-image-87315\"\/><\/a><figcaption>Foto di Alberto Martin<\/figcaption><\/figure><\/div>\n","protected":false},"excerpt":{"rendered":"<p>II progetto Food Wave e le scuole di attivismo di Mani Tese. L\u2019onda dei giovani europei per partecipare alla governance delle politiche pubbliche sul cibo e della transizione agroecologica delle proprie citt\u00e0.<\/p>\n","protected":false},"author":1,"featured_media":87305,"comment_status":"open","ping_status":"open","sticky":false,"template":"","format":"standard","meta":{"_acf_changed":false,"give_campaign_id":0,"inline_featured_image":false,"_jetpack_memberships_contains_paid_content":false,"footnotes":""},"categories":[12],"tags":[],"thematic_area":[],"class_list":["post-86789","post","type-post","status-publish","format-standard","has-post-thumbnail","hentry","category-il-nostro-giornale"],"acf":[],"yoast_head":"<!-- This site is optimized with the Yoast SEO plugin v27.5 - https:\/\/yoast.com\/product\/yoast-seo-wordpress\/ -->\n<title>Cibo, clima e citt\u00e0 - Mani Tese<\/title>\n<meta name=\"description\" content=\"II progetto Food Wave e le scuole di attivismo di Mani Tese. L\u2019onda dei giovani europei per partecipare alla governance delle politiche pubbliche sul cibo e della transizione agroecologica delle proprie citt\u00e0.\" \/>\n<meta name=\"robots\" content=\"index, follow, max-snippet:-1, max-image-preview:large, max-video-preview:-1\" \/>\n<link rel=\"canonical\" href=\"https:\/\/www.manitese.it\/en\/cibo-clima-e-citta\/\" \/>\n<meta property=\"og:locale\" content=\"en_US\" \/>\n<meta property=\"og:type\" content=\"article\" \/>\n<meta property=\"og:title\" content=\"Cibo, clima e citt\u00e0 - Mani Tese\" \/>\n<meta property=\"og:description\" content=\"II progetto Food Wave e le scuole di attivismo di Mani Tese. L\u2019onda dei giovani europei per partecipare alla governance delle politiche pubbliche sul cibo e della transizione agroecologica delle proprie citt\u00e0.\" \/>\n<meta property=\"og:url\" content=\"https:\/\/www.manitese.it\/en\/cibo-clima-e-citta\/\" \/>\n<meta property=\"og:site_name\" content=\"Mani Tese\" \/>\n<meta property=\"article:published_time\" content=\"2021-12-05T09:47:00+00:00\" \/>\n<meta property=\"article:modified_time\" content=\"2023-07-21T12:18:18+00:00\" \/>\n<meta property=\"og:image\" content=\"https:\/\/www.manitese.it\/wp-content\/uploads\/2021\/12\/cibo-clima-citta-giornale-dicembre-2021-mani-tese.jpg\" \/>\n\t<meta property=\"og:image:width\" content=\"1920\" \/>\n\t<meta property=\"og:image:height\" content=\"800\" \/>\n\t<meta property=\"og:image:type\" content=\"image\/jpeg\" \/>\n<meta name=\"author\" content=\"agevis\" \/>\n<meta name=\"twitter:card\" content=\"summary_large_image\" \/>\n<meta name=\"twitter:label1\" content=\"Written by\" \/>\n\t<meta name=\"twitter:data1\" content=\"agevis\" \/>\n\t<meta name=\"twitter:label2\" content=\"Est. reading time\" \/>\n\t<meta name=\"twitter:data2\" content=\"4 minutes\" \/>\n<script type=\"application\/ld+json\" class=\"yoast-schema-graph\">{\"@context\":\"https:\\\/\\\/schema.org\",\"@graph\":[{\"@type\":\"Article\",\"@id\":\"https:\\\/\\\/www.manitese.it\\\/en\\\/cibo-clima-e-citta\\\/#article\",\"isPartOf\":{\"@id\":\"https:\\\/\\\/www.manitese.it\\\/en\\\/cibo-clima-e-citta\\\/\"},\"author\":{\"name\":\"agevis\",\"@id\":\"https:\\\/\\\/www.manitese.it\\\/en\\\/#\\\/schema\\\/person\\\/5a9774f17e4940e2510bfeba90f04f65\"},\"headline\":\"Cibo, clima e citt\u00e0\",\"datePublished\":\"2021-12-05T09:47:00+00:00\",\"dateModified\":\"2023-07-21T12:18:18+00:00\",\"mainEntityOfPage\":{\"@id\":\"https:\\\/\\\/www.manitese.it\\\/en\\\/cibo-clima-e-citta\\\/\"},\"wordCount\":728,\"commentCount\":0,\"image\":{\"@id\":\"https:\\\/\\\/www.manitese.it\\\/en\\\/cibo-clima-e-citta\\\/#primaryimage\"},\"thumbnailUrl\":\"https:\\\/\\\/www.manitese.it\\\/wp-content\\\/uploads\\\/2021\\\/12\\\/cibo-clima-citta-giornale-dicembre-2021-mani-tese.jpg\",\"articleSection\":[\"Il nostro giornale\"],\"inLanguage\":\"en-US\",\"potentialAction\":[{\"@type\":\"CommentAction\",\"name\":\"Comment\",\"target\":[\"https:\\\/\\\/www.manitese.it\\\/en\\\/cibo-clima-e-citta\\\/#respond\"]}]},{\"@type\":\"WebPage\",\"@id\":\"https:\\\/\\\/www.manitese.it\\\/en\\\/cibo-clima-e-citta\\\/\",\"url\":\"https:\\\/\\\/www.manitese.it\\\/en\\\/cibo-clima-e-citta\\\/\",\"name\":\"Cibo, clima e citt\u00e0 - Mani Tese\",\"isPartOf\":{\"@id\":\"https:\\\/\\\/www.manitese.it\\\/en\\\/#website\"},\"primaryImageOfPage\":{\"@id\":\"https:\\\/\\\/www.manitese.it\\\/en\\\/cibo-clima-e-citta\\\/#primaryimage\"},\"image\":{\"@id\":\"https:\\\/\\\/www.manitese.it\\\/en\\\/cibo-clima-e-citta\\\/#primaryimage\"},\"thumbnailUrl\":\"https:\\\/\\\/www.manitese.it\\\/wp-content\\\/uploads\\\/2021\\\/12\\\/cibo-clima-citta-giornale-dicembre-2021-mani-tese.jpg\",\"datePublished\":\"2021-12-05T09:47:00+00:00\",\"dateModified\":\"2023-07-21T12:18:18+00:00\",\"author\":{\"@id\":\"https:\\\/\\\/www.manitese.it\\\/en\\\/#\\\/schema\\\/person\\\/5a9774f17e4940e2510bfeba90f04f65\"},\"description\":\"II progetto Food Wave e le scuole di attivismo di Mani Tese. L\u2019onda dei giovani europei per partecipare alla governance delle politiche pubbliche sul cibo e della transizione agroecologica delle proprie citt\u00e0.\",\"breadcrumb\":{\"@id\":\"https:\\\/\\\/www.manitese.it\\\/en\\\/cibo-clima-e-citta\\\/#breadcrumb\"},\"inLanguage\":\"en-US\",\"potentialAction\":[{\"@type\":\"ReadAction\",\"target\":[\"https:\\\/\\\/www.manitese.it\\\/en\\\/cibo-clima-e-citta\\\/\"]}]},{\"@type\":\"ImageObject\",\"inLanguage\":\"en-US\",\"@id\":\"https:\\\/\\\/www.manitese.it\\\/en\\\/cibo-clima-e-citta\\\/#primaryimage\",\"url\":\"https:\\\/\\\/www.manitese.it\\\/wp-content\\\/uploads\\\/2021\\\/12\\\/cibo-clima-citta-giornale-dicembre-2021-mani-tese.jpg\",\"contentUrl\":\"https:\\\/\\\/www.manitese.it\\\/wp-content\\\/uploads\\\/2021\\\/12\\\/cibo-clima-citta-giornale-dicembre-2021-mani-tese.jpg\",\"width\":1920,\"height\":800,\"caption\":\"Alberto Martin\"},{\"@type\":\"BreadcrumbList\",\"@id\":\"https:\\\/\\\/www.manitese.it\\\/en\\\/cibo-clima-e-citta\\\/#breadcrumb\",\"itemListElement\":[{\"@type\":\"ListItem\",\"position\":1,\"name\":\"Home\",\"item\":\"https:\\\/\\\/www.manitese.it\\\/en\\\/\"},{\"@type\":\"ListItem\",\"position\":2,\"name\":\"Cibo, clima e citt\u00e0\"}]},{\"@type\":\"WebSite\",\"@id\":\"https:\\\/\\\/www.manitese.it\\\/en\\\/#website\",\"url\":\"https:\\\/\\\/www.manitese.it\\\/en\\\/\",\"name\":\"Mani Tese\",\"description\":\"\",\"potentialAction\":[{\"@type\":\"SearchAction\",\"target\":{\"@type\":\"EntryPoint\",\"urlTemplate\":\"https:\\\/\\\/www.manitese.it\\\/en\\\/?s={search_term_string}\"},\"query-input\":{\"@type\":\"PropertyValueSpecification\",\"valueRequired\":true,\"valueName\":\"search_term_string\"}}],\"inLanguage\":\"en-US\"},{\"@type\":\"Person\",\"@id\":\"https:\\\/\\\/www.manitese.it\\\/en\\\/#\\\/schema\\\/person\\\/5a9774f17e4940e2510bfeba90f04f65\",\"name\":\"agevis\",\"image\":{\"@type\":\"ImageObject\",\"inLanguage\":\"en-US\",\"@id\":\"https:\\\/\\\/secure.gravatar.com\\\/avatar\\\/2dc96c93fcf3387a5922a93b50fb3bff01d4800590fb6a4ab91a034adb25ba17?s=96&d=mm&r=g\",\"url\":\"https:\\\/\\\/secure.gravatar.com\\\/avatar\\\/2dc96c93fcf3387a5922a93b50fb3bff01d4800590fb6a4ab91a034adb25ba17?s=96&d=mm&r=g\",\"contentUrl\":\"https:\\\/\\\/secure.gravatar.com\\\/avatar\\\/2dc96c93fcf3387a5922a93b50fb3bff01d4800590fb6a4ab91a034adb25ba17?s=96&d=mm&r=g\",\"caption\":\"agevis\"},\"url\":\"https:\\\/\\\/www.manitese.it\\\/en\\\/author\\\/wp_agevis_admin\\\/\"}]}<\/script>\n<!-- \/ Yoast SEO plugin. -->","yoast_head_json":{"title":"Cibo, clima e citt\u00e0 - Mani Tese","description":"II progetto Food Wave e le scuole di attivismo di Mani Tese. L\u2019onda dei giovani europei per partecipare alla governance delle politiche pubbliche sul cibo e della transizione agroecologica delle proprie citt\u00e0.","robots":{"index":"index","follow":"follow","max-snippet":"max-snippet:-1","max-image-preview":"max-image-preview:large","max-video-preview":"max-video-preview:-1"},"canonical":"https:\/\/www.manitese.it\/en\/cibo-clima-e-citta\/","og_locale":"en_US","og_type":"article","og_title":"Cibo, clima e citt\u00e0 - Mani Tese","og_description":"II progetto Food Wave e le scuole di attivismo di Mani Tese. L\u2019onda dei giovani europei per partecipare alla governance delle politiche pubbliche sul cibo e della transizione agroecologica delle proprie citt\u00e0.","og_url":"https:\/\/www.manitese.it\/en\/cibo-clima-e-citta\/","og_site_name":"Mani Tese","article_published_time":"2021-12-05T09:47:00+00:00","article_modified_time":"2023-07-21T12:18:18+00:00","og_image":[{"width":1920,"height":800,"url":"https:\/\/www.manitese.it\/wp-content\/uploads\/2021\/12\/cibo-clima-citta-giornale-dicembre-2021-mani-tese.jpg","type":"image\/jpeg"}],"author":"agevis","twitter_card":"summary_large_image","twitter_misc":{"Written by":"agevis","Est. reading time":"4 minutes"},"schema":{"@context":"https:\/\/schema.org","@graph":[{"@type":"Article","@id":"https:\/\/www.manitese.it\/en\/cibo-clima-e-citta\/#article","isPartOf":{"@id":"https:\/\/www.manitese.it\/en\/cibo-clima-e-citta\/"},"author":{"name":"agevis","@id":"https:\/\/www.manitese.it\/en\/#\/schema\/person\/5a9774f17e4940e2510bfeba90f04f65"},"headline":"Cibo, clima e citt\u00e0","datePublished":"2021-12-05T09:47:00+00:00","dateModified":"2023-07-21T12:18:18+00:00","mainEntityOfPage":{"@id":"https:\/\/www.manitese.it\/en\/cibo-clima-e-citta\/"},"wordCount":728,"commentCount":0,"image":{"@id":"https:\/\/www.manitese.it\/en\/cibo-clima-e-citta\/#primaryimage"},"thumbnailUrl":"https:\/\/www.manitese.it\/wp-content\/uploads\/2021\/12\/cibo-clima-citta-giornale-dicembre-2021-mani-tese.jpg","articleSection":["Il nostro giornale"],"inLanguage":"en-US","potentialAction":[{"@type":"CommentAction","name":"Comment","target":["https:\/\/www.manitese.it\/en\/cibo-clima-e-citta\/#respond"]}]},{"@type":"WebPage","@id":"https:\/\/www.manitese.it\/en\/cibo-clima-e-citta\/","url":"https:\/\/www.manitese.it\/en\/cibo-clima-e-citta\/","name":"Cibo, clima e citt\u00e0 - Mani Tese","isPartOf":{"@id":"https:\/\/www.manitese.it\/en\/#website"},"primaryImageOfPage":{"@id":"https:\/\/www.manitese.it\/en\/cibo-clima-e-citta\/#primaryimage"},"image":{"@id":"https:\/\/www.manitese.it\/en\/cibo-clima-e-citta\/#primaryimage"},"thumbnailUrl":"https:\/\/www.manitese.it\/wp-content\/uploads\/2021\/12\/cibo-clima-citta-giornale-dicembre-2021-mani-tese.jpg","datePublished":"2021-12-05T09:47:00+00:00","dateModified":"2023-07-21T12:18:18+00:00","author":{"@id":"https:\/\/www.manitese.it\/en\/#\/schema\/person\/5a9774f17e4940e2510bfeba90f04f65"},"description":"II progetto Food Wave e le scuole di attivismo di Mani Tese. L\u2019onda dei giovani europei per partecipare alla governance delle politiche pubbliche sul cibo e della transizione agroecologica delle proprie citt\u00e0.","breadcrumb":{"@id":"https:\/\/www.manitese.it\/en\/cibo-clima-e-citta\/#breadcrumb"},"inLanguage":"en-US","potentialAction":[{"@type":"ReadAction","target":["https:\/\/www.manitese.it\/en\/cibo-clima-e-citta\/"]}]},{"@type":"ImageObject","inLanguage":"en-US","@id":"https:\/\/www.manitese.it\/en\/cibo-clima-e-citta\/#primaryimage","url":"https:\/\/www.manitese.it\/wp-content\/uploads\/2021\/12\/cibo-clima-citta-giornale-dicembre-2021-mani-tese.jpg","contentUrl":"https:\/\/www.manitese.it\/wp-content\/uploads\/2021\/12\/cibo-clima-citta-giornale-dicembre-2021-mani-tese.jpg","width":1920,"height":800,"caption":"Alberto Martin"},{"@type":"BreadcrumbList","@id":"https:\/\/www.manitese.it\/en\/cibo-clima-e-citta\/#breadcrumb","itemListElement":[{"@type":"ListItem","position":1,"name":"Home","item":"https:\/\/www.manitese.it\/en\/"},{"@type":"ListItem","position":2,"name":"Cibo, clima e citt\u00e0"}]},{"@type":"WebSite","@id":"https:\/\/www.manitese.it\/en\/#website","url":"https:\/\/www.manitese.it\/en\/","name":"Mani Tese","description":"","potentialAction":[{"@type":"SearchAction","target":{"@type":"EntryPoint","urlTemplate":"https:\/\/www.manitese.it\/en\/?s={search_term_string}"},"query-input":{"@type":"PropertyValueSpecification","valueRequired":true,"valueName":"search_term_string"}}],"inLanguage":"en-US"},{"@type":"Person","@id":"https:\/\/www.manitese.it\/en\/#\/schema\/person\/5a9774f17e4940e2510bfeba90f04f65","name":"agevis","image":{"@type":"ImageObject","inLanguage":"en-US","@id":"https:\/\/secure.gravatar.com\/avatar\/2dc96c93fcf3387a5922a93b50fb3bff01d4800590fb6a4ab91a034adb25ba17?s=96&d=mm&r=g","url":"https:\/\/secure.gravatar.com\/avatar\/2dc96c93fcf3387a5922a93b50fb3bff01d4800590fb6a4ab91a034adb25ba17?s=96&d=mm&r=g","contentUrl":"https:\/\/secure.gravatar.com\/avatar\/2dc96c93fcf3387a5922a93b50fb3bff01d4800590fb6a4ab91a034adb25ba17?s=96&d=mm&r=g","caption":"agevis"},"url":"https:\/\/www.manitese.it\/en\/author\/wp_agevis_admin\/"}]}},"jetpack_featured_media_url":"https:\/\/www.manitese.it\/wp-content\/uploads\/2021\/12\/cibo-clima-citta-giornale-dicembre-2021-mani-tese.jpg","jetpack_sharing_enabled":true,"_links":{"self":[{"href":"https:\/\/www.manitese.it\/en\/wp-json\/wp\/v2\/posts\/86789","targetHints":{"allow":["GET"]}}],"collection":[{"href":"https:\/\/www.manitese.it\/en\/wp-json\/wp\/v2\/posts"}],"about":[{"href":"https:\/\/www.manitese.it\/en\/wp-json\/wp\/v2\/types\/post"}],"author":[{"embeddable":true,"href":"https:\/\/www.manitese.it\/en\/wp-json\/wp\/v2\/users\/1"}],"replies":[{"embeddable":true,"href":"https:\/\/www.manitese.it\/en\/wp-json\/wp\/v2\/comments?post=86789"}],"version-history":[{"count":2,"href":"https:\/\/www.manitese.it\/en\/wp-json\/wp\/v2\/posts\/86789\/revisions"}],"predecessor-version":[{"id":177791,"href":"https:\/\/www.manitese.it\/en\/wp-json\/wp\/v2\/posts\/86789\/revisions\/177791"}],"wp:featuredmedia":[{"embeddable":true,"href":"https:\/\/www.manitese.it\/en\/wp-json\/wp\/v2\/media\/87305"}],"wp:attachment":[{"href":"https:\/\/www.manitese.it\/en\/wp-json\/wp\/v2\/media?parent=86789"}],"wp:term":[{"taxonomy":"category","embeddable":true,"href":"https:\/\/www.manitese.it\/en\/wp-json\/wp\/v2\/categories?post=86789"},{"taxonomy":"post_tag","embeddable":true,"href":"https:\/\/www.manitese.it\/en\/wp-json\/wp\/v2\/tags?post=86789"},{"taxonomy":"thematic_area","embeddable":true,"href":"https:\/\/www.manitese.it\/en\/wp-json\/wp\/v2\/thematic_area?post=86789"}],"curies":[{"name":"wp","href":"https:\/\/api.w.org\/{rel}","templated":true}]}}