{"id":80664,"date":"2021-10-14T17:38:27","date_gmt":"2021-10-14T15:38:27","guid":{"rendered":"https:\/\/manitese.it\/?p=80664"},"modified":"2023-07-20T18:16:02","modified_gmt":"2023-07-20T16:16:02","slug":"aumenta-il-traffico-di-minori-in-benin","status":"publish","type":"post","link":"https:\/\/www.manitese.it\/en\/aumenta-il-traffico-di-minori-in-benin\/","title":{"rendered":"AUMENTA IL TRAFFICO DI MINORI IN BENIN"},"content":{"rendered":"\n<p><strong>Il\nfenomeno del traffico di minori sta peggiorando sempre di pi\u00f9 in Benin, in\nparticolare nelle zone di Atacora e Donga<\/strong>, dove trafficanti di\nbambini destinati allo sfruttamento in Paesi come il Niger, il Togo, la Nigeria\no il Ghana vengono regolarmente intercettati sulla strada.<\/p>\n\n\n\n<p>I trafficanti fingono di\ncontribuire alla loro assistenza sociale promettendo ai genitori un futuro\nmigliore sia per il bambino che per loro stessi. Si fanno cos\u00ec affidare minori\ngeneralmente tra gli 8 e i 15 anni, diretti nei Paesi vicini e anche in altre\nregioni del Benin per un lavoro remunerativo.<\/p>\n\n\n\n<p><strong><u>La situazione in Atacora<\/u><\/strong><\/p>\n\n\n\n<p><strong>Mani\nTese \u00e8 presente da molti anni in Benin e nel dipartimento dell\u2019Atacora in\nparticolare, dove ha realizzato diversi progetti per contrastare la dispersione\nscolastica<\/strong>, un fenomeno collegato e spesso conseguente al traffico di\nminori. Secondo i risultati di un&#8217;indagine condotta dall&#8217;organizzazione locale &#8220;Fee-D\u00e9veloppement&#8221;,\n&nbsp;e successivamente trasmessi dall&#8217;Agenzia\ndi stampa del Benin (ABP) nel 2020, <strong>2096\nbambini sono stati segnalati come vittime di tratta in cinque comuni\ndell\u2019Atacora. <\/strong>Il comune di Kouand\u00e9 guida questa triste classifica con 794\ncasi identificati, seguito da altri comuni come Mat\u00e9ri, P\u00e9hunco, Toucountouna e\nCobly.<\/p>\n\n\n\n<p><strong>Questo\nfenomeno si sta diffondendo in tutto il dipartimento portando molti bambini ad\nabbandonare la scuola.<\/strong> Per l&#8217;esame del Certificato di Educazione\nPrimaria (CEP) della sessione di giugno 2021, su un totale di 12078 candidati\nregistrati, <strong>685 studenti sono stati\nsegnalati assenti<\/strong> dal Servizio di esami e concorsi della direzione\ndipartimentale dell&#8217;educazione infantile e primaria di Atacora.<\/p>\n\n\n\n<p><strong><u>Il\ndramma delle ragazze costrette ad abbandonare la scuola<\/u><\/strong><\/p>\n\n\n\n<p><strong>La situazione dell&#8217;educazione, in Atacora,\n\u00e8 particolarmente drammatica per quanto riguarda le ragazze.<\/strong> Il\ntasso di analfabetismo \u00e8 molto alto ma ha una maggiore propensione tra le\ndonne, <strong>per le quali il valore \u00e8 circa dell&#8217;80%.<\/strong>\nLe donne purtroppo non vengono educate poich\u00e9 si occupano dell&#8217;agricoltura e\ndella famiglia, di solito in condizioni di sottomissione. A causa dei bassi\nlivelli di alfabetizzazione, la maggior parte di loro non possiede o gestisce\ndenaro e non \u00e8 in grado di avviare imprese. Il tasso di disoccupazione delle\ndonne nel 2018 \u00e8 stato infatti del 51,7%.<\/p>\n\n\n\n<p><strong><u>I progetti di Mani Tese<\/u><\/strong><\/p>\n\n\n\n<p><strong>Mani\nTese ha sviluppato diversi progetti per combattere la dispersione scolastica in\ntre comuni del dipartimento Atacora<\/strong> (Natitingou, Toucountouna e\nKouand\u00e9), che hanno contribuito a <strong>sensibilizzare\nle bambine, i loro insegnanti e le loro famiglie<\/strong> sui diritti dei bambini e\ndelle bambine e sull&#8217;importanza dell&#8217;istruzione. In totale, sono state <strong>9 le scuole coinvolte.<\/strong> <\/p>\n\n\n\n<p>L\u2019attivit\u00e0 ha anche previsto <strong>la creazione di comitati di monitoraggio\ndella frequenza scolastica<\/strong> nelle scuole e <strong>il sostegno alle famiglie pi\u00f9 povere<\/strong> fornendo sementi per la\ncreazione di campi da coltivare.<\/p>\n\n\n\n<p>Sono stati poi organizzati <strong>programmi radiofonici<\/strong> su due radio\ncomunitarie per sensibilizzare la popolazione sull&#8217;importanza del diritto\nall&#8217;istruzione e sui pericoli legati all&#8217;abbandono scolastico, soprattutto per\nle ragazze. <\/p>\n\n\n\n<p>L&#8217;intervento di Mani Tese ha\npermesso alle comunit\u00e0 di avere una migliore consapevolezza del fenomeno della\ndispersione scolastica e delle sue conseguenze, tuttavia, c\u2019\u00e8 ancora molto da\nfare perch\u00e9 non tutti i villaggi dei tre comuni sono stati raggiunti dalle attivit\u00e0\nproposte e la determinazione della popolazione a garantire il diritto\nall&#8217;istruzione dei bambini e delle bambine non \u00e8 ancora sufficiente.<\/p>\n\n\n\n<p>L\u2019impegno di Mani Tese oggi prosegue\ncon un nuovo progetto, che intende contrastare il traffico di bambini e il\nfenomeno della dispersione scolastica mettendo al centro in particolare <strong>la legge sul codice dell\u2019infanzia esistente\nin Benin. <\/strong><\/p>\n\n\n\n<p>Continuano <strong>i programmi radiofonici,<\/strong> nel corso dei\nquali vengono presentate le diverse tematiche affrontate dal codice\ndell\u2019infanzia.<\/p>\n\n\n\n<p>Prosegue inoltre l\u2019impegno nelle scuole, che passano <strong>da 9 a 20,<\/strong> nelle quali vengono proposti <strong>percorsi di sensibilizzazione sull\u2019importanza del diritto all\u2019istruzione e sui fattori e le conseguenze della dispersione scolastica<\/strong>, soprattutto delle ragazze.<\/p>\n\n\n\n<p>Di fondamentale importanza \u00e8\nil coinvolgimento delle istituzioni locali. A questo proposito sono in\nprogramma diversi incontri tra autorit\u00e0 civili, direttori delle scuole e leader\ncomunitari locali allo scopo di <strong>elaborare\nstrategie condivise per la protezione e la lotta al traffico dei bambini e\ndelle bambine. <\/strong><\/p>\n\n\n\n<p>Tutte queste attivit\u00e0 necessitano per\u00f2 di supporto perci\u00f2 ogni contributo \u00e8 prezioso e ben accetto!<\/p>\n\n\n\n<p><em>Aiutaci a sostenere i bambini e le bambine vittime di tratta e dispersione scolastica in Benin con un piccolo contributo:<\/em> <a href=\"https:\/\/donazioni.manitese.it\/\" target=\"_blank\" rel=\"noreferrer noopener\" aria-label=\"https:\/\/donazioni.manitese.it\/ (apre in una nuova scheda)\">https:\/\/donazioni.manitese.it\/<\/a><\/p>\n","protected":false},"excerpt":{"rendered":"<p>Ora pi\u00f9 che mai la nostra azione nel Paese \u00e8 necessaria per sensibilizzare sull\u2019importanza dell\u2019educazione scolastica e per evitare che i minori cadano preda dei trafficanti.<\/p>\n","protected":false},"author":1,"featured_media":80671,"comment_status":"open","ping_status":"open","sticky":false,"template":"","format":"standard","meta":{"_acf_changed":false,"give_campaign_id":0,"inline_featured_image":false,"_jetpack_memberships_contains_paid_content":false,"footnotes":""},"categories":[3],"tags":[],"thematic_area":[],"class_list":["post-80664","post","type-post","status-publish","format-standard","has-post-thumbnail","hentry","category-diari"],"acf":[],"yoast_head":"<!-- This site is optimized with the Yoast SEO plugin v27.5 - https:\/\/yoast.com\/product\/yoast-seo-wordpress\/ -->\n<title>AUMENTA IL TRAFFICO DI MINORI IN BENIN - Mani Tese<\/title>\n<meta name=\"description\" content=\"Ora pi\u00f9 che mai la nostra azione nel Paese \u00e8 necessaria per sensibilizzare sull\u2019importanza dell\u2019educazione scolastica e per evitare che i minori cadano preda dei trafficanti.\" \/>\n<meta name=\"robots\" content=\"index, follow, max-snippet:-1, max-image-preview:large, max-video-preview:-1\" \/>\n<link rel=\"canonical\" href=\"https:\/\/www.manitese.it\/en\/aumenta-il-traffico-di-minori-in-benin\/\" \/>\n<meta property=\"og:locale\" content=\"en_US\" \/>\n<meta property=\"og:type\" content=\"article\" \/>\n<meta property=\"og:title\" content=\"AUMENTA IL TRAFFICO DI MINORI IN BENIN - Mani Tese\" \/>\n<meta property=\"og:description\" content=\"Ora pi\u00f9 che mai la nostra azione nel Paese \u00e8 necessaria per sensibilizzare sull\u2019importanza dell\u2019educazione scolastica e per evitare che i minori cadano preda dei trafficanti.\" \/>\n<meta property=\"og:url\" content=\"https:\/\/www.manitese.it\/en\/aumenta-il-traffico-di-minori-in-benin\/\" \/>\n<meta property=\"og:site_name\" content=\"Mani Tese\" \/>\n<meta property=\"article:published_time\" content=\"2021-10-14T15:38:27+00:00\" \/>\n<meta property=\"article:modified_time\" content=\"2023-07-20T16:16:02+00:00\" \/>\n<meta property=\"og:image\" content=\"https:\/\/www.manitese.it\/wp-content\/uploads\/2021\/10\/aumenta-il-traffico-di-minori-in-benin-mani-tese-2021-cover-1.jpg\" \/>\n\t<meta property=\"og:image:width\" content=\"1920\" \/>\n\t<meta property=\"og:image:height\" content=\"800\" \/>\n\t<meta property=\"og:image:type\" content=\"image\/jpeg\" \/>\n<meta name=\"author\" content=\"agevis\" \/>\n<meta name=\"twitter:card\" content=\"summary_large_image\" \/>\n<meta name=\"twitter:label1\" content=\"Written by\" \/>\n\t<meta name=\"twitter:data1\" content=\"agevis\" \/>\n\t<meta name=\"twitter:label2\" content=\"Est. reading time\" \/>\n\t<meta name=\"twitter:data2\" content=\"3 minutes\" \/>\n<script type=\"application\/ld+json\" class=\"yoast-schema-graph\">{\"@context\":\"https:\\\/\\\/schema.org\",\"@graph\":[{\"@type\":\"Article\",\"@id\":\"https:\\\/\\\/www.manitese.it\\\/en\\\/aumenta-il-traffico-di-minori-in-benin\\\/#article\",\"isPartOf\":{\"@id\":\"https:\\\/\\\/www.manitese.it\\\/en\\\/aumenta-il-traffico-di-minori-in-benin\\\/\"},\"author\":{\"name\":\"agevis\",\"@id\":\"https:\\\/\\\/www.manitese.it\\\/en\\\/#\\\/schema\\\/person\\\/5a9774f17e4940e2510bfeba90f04f65\"},\"headline\":\"AUMENTA IL TRAFFICO DI MINORI IN BENIN\",\"datePublished\":\"2021-10-14T15:38:27+00:00\",\"dateModified\":\"2023-07-20T16:16:02+00:00\",\"mainEntityOfPage\":{\"@id\":\"https:\\\/\\\/www.manitese.it\\\/en\\\/aumenta-il-traffico-di-minori-in-benin\\\/\"},\"wordCount\":711,\"commentCount\":0,\"image\":{\"@id\":\"https:\\\/\\\/www.manitese.it\\\/en\\\/aumenta-il-traffico-di-minori-in-benin\\\/#primaryimage\"},\"thumbnailUrl\":\"https:\\\/\\\/www.manitese.it\\\/wp-content\\\/uploads\\\/2021\\\/10\\\/aumenta-il-traffico-di-minori-in-benin-mani-tese-2021-cover-1.jpg\",\"articleSection\":[\"Diari\"],\"inLanguage\":\"en-US\",\"potentialAction\":[{\"@type\":\"CommentAction\",\"name\":\"Comment\",\"target\":[\"https:\\\/\\\/www.manitese.it\\\/en\\\/aumenta-il-traffico-di-minori-in-benin\\\/#respond\"]}]},{\"@type\":\"WebPage\",\"@id\":\"https:\\\/\\\/www.manitese.it\\\/en\\\/aumenta-il-traffico-di-minori-in-benin\\\/\",\"url\":\"https:\\\/\\\/www.manitese.it\\\/en\\\/aumenta-il-traffico-di-minori-in-benin\\\/\",\"name\":\"AUMENTA IL TRAFFICO DI MINORI IN BENIN - Mani Tese\",\"isPartOf\":{\"@id\":\"https:\\\/\\\/www.manitese.it\\\/en\\\/#website\"},\"primaryImageOfPage\":{\"@id\":\"https:\\\/\\\/www.manitese.it\\\/en\\\/aumenta-il-traffico-di-minori-in-benin\\\/#primaryimage\"},\"image\":{\"@id\":\"https:\\\/\\\/www.manitese.it\\\/en\\\/aumenta-il-traffico-di-minori-in-benin\\\/#primaryimage\"},\"thumbnailUrl\":\"https:\\\/\\\/www.manitese.it\\\/wp-content\\\/uploads\\\/2021\\\/10\\\/aumenta-il-traffico-di-minori-in-benin-mani-tese-2021-cover-1.jpg\",\"datePublished\":\"2021-10-14T15:38:27+00:00\",\"dateModified\":\"2023-07-20T16:16:02+00:00\",\"author\":{\"@id\":\"https:\\\/\\\/www.manitese.it\\\/en\\\/#\\\/schema\\\/person\\\/5a9774f17e4940e2510bfeba90f04f65\"},\"description\":\"Ora pi\u00f9 che mai la nostra azione nel Paese \u00e8 necessaria per sensibilizzare sull\u2019importanza dell\u2019educazione scolastica e per evitare che i minori cadano preda dei trafficanti.\",\"breadcrumb\":{\"@id\":\"https:\\\/\\\/www.manitese.it\\\/en\\\/aumenta-il-traffico-di-minori-in-benin\\\/#breadcrumb\"},\"inLanguage\":\"en-US\",\"potentialAction\":[{\"@type\":\"ReadAction\",\"target\":[\"https:\\\/\\\/www.manitese.it\\\/en\\\/aumenta-il-traffico-di-minori-in-benin\\\/\"]}]},{\"@type\":\"ImageObject\",\"inLanguage\":\"en-US\",\"@id\":\"https:\\\/\\\/www.manitese.it\\\/en\\\/aumenta-il-traffico-di-minori-in-benin\\\/#primaryimage\",\"url\":\"https:\\\/\\\/www.manitese.it\\\/wp-content\\\/uploads\\\/2021\\\/10\\\/aumenta-il-traffico-di-minori-in-benin-mani-tese-2021-cover-1.jpg\",\"contentUrl\":\"https:\\\/\\\/www.manitese.it\\\/wp-content\\\/uploads\\\/2021\\\/10\\\/aumenta-il-traffico-di-minori-in-benin-mani-tese-2021-cover-1.jpg\",\"width\":1920,\"height\":800},{\"@type\":\"BreadcrumbList\",\"@id\":\"https:\\\/\\\/www.manitese.it\\\/en\\\/aumenta-il-traffico-di-minori-in-benin\\\/#breadcrumb\",\"itemListElement\":[{\"@type\":\"ListItem\",\"position\":1,\"name\":\"Home\",\"item\":\"https:\\\/\\\/www.manitese.it\\\/en\\\/\"},{\"@type\":\"ListItem\",\"position\":2,\"name\":\"AUMENTA IL TRAFFICO DI MINORI IN BENIN\"}]},{\"@type\":\"WebSite\",\"@id\":\"https:\\\/\\\/www.manitese.it\\\/en\\\/#website\",\"url\":\"https:\\\/\\\/www.manitese.it\\\/en\\\/\",\"name\":\"Mani Tese\",\"description\":\"\",\"potentialAction\":[{\"@type\":\"SearchAction\",\"target\":{\"@type\":\"EntryPoint\",\"urlTemplate\":\"https:\\\/\\\/www.manitese.it\\\/en\\\/?s={search_term_string}\"},\"query-input\":{\"@type\":\"PropertyValueSpecification\",\"valueRequired\":true,\"valueName\":\"search_term_string\"}}],\"inLanguage\":\"en-US\"},{\"@type\":\"Person\",\"@id\":\"https:\\\/\\\/www.manitese.it\\\/en\\\/#\\\/schema\\\/person\\\/5a9774f17e4940e2510bfeba90f04f65\",\"name\":\"agevis\",\"image\":{\"@type\":\"ImageObject\",\"inLanguage\":\"en-US\",\"@id\":\"https:\\\/\\\/secure.gravatar.com\\\/avatar\\\/2dc96c93fcf3387a5922a93b50fb3bff01d4800590fb6a4ab91a034adb25ba17?s=96&d=mm&r=g\",\"url\":\"https:\\\/\\\/secure.gravatar.com\\\/avatar\\\/2dc96c93fcf3387a5922a93b50fb3bff01d4800590fb6a4ab91a034adb25ba17?s=96&d=mm&r=g\",\"contentUrl\":\"https:\\\/\\\/secure.gravatar.com\\\/avatar\\\/2dc96c93fcf3387a5922a93b50fb3bff01d4800590fb6a4ab91a034adb25ba17?s=96&d=mm&r=g\",\"caption\":\"agevis\"},\"url\":\"https:\\\/\\\/www.manitese.it\\\/en\\\/author\\\/wp_agevis_admin\\\/\"}]}<\/script>\n<!-- \/ Yoast SEO plugin. -->","yoast_head_json":{"title":"AUMENTA IL TRAFFICO DI MINORI IN BENIN - Mani Tese","description":"Ora pi\u00f9 che mai la nostra azione nel Paese \u00e8 necessaria per sensibilizzare sull\u2019importanza dell\u2019educazione scolastica e per evitare che i minori cadano preda dei trafficanti.","robots":{"index":"index","follow":"follow","max-snippet":"max-snippet:-1","max-image-preview":"max-image-preview:large","max-video-preview":"max-video-preview:-1"},"canonical":"https:\/\/www.manitese.it\/en\/aumenta-il-traffico-di-minori-in-benin\/","og_locale":"en_US","og_type":"article","og_title":"AUMENTA IL TRAFFICO DI MINORI IN BENIN - Mani Tese","og_description":"Ora pi\u00f9 che mai la nostra azione nel Paese \u00e8 necessaria per sensibilizzare sull\u2019importanza dell\u2019educazione scolastica e per evitare che i minori cadano preda dei trafficanti.","og_url":"https:\/\/www.manitese.it\/en\/aumenta-il-traffico-di-minori-in-benin\/","og_site_name":"Mani Tese","article_published_time":"2021-10-14T15:38:27+00:00","article_modified_time":"2023-07-20T16:16:02+00:00","og_image":[{"width":1920,"height":800,"url":"https:\/\/www.manitese.it\/wp-content\/uploads\/2021\/10\/aumenta-il-traffico-di-minori-in-benin-mani-tese-2021-cover-1.jpg","type":"image\/jpeg"}],"author":"agevis","twitter_card":"summary_large_image","twitter_misc":{"Written by":"agevis","Est. reading time":"3 minutes"},"schema":{"@context":"https:\/\/schema.org","@graph":[{"@type":"Article","@id":"https:\/\/www.manitese.it\/en\/aumenta-il-traffico-di-minori-in-benin\/#article","isPartOf":{"@id":"https:\/\/www.manitese.it\/en\/aumenta-il-traffico-di-minori-in-benin\/"},"author":{"name":"agevis","@id":"https:\/\/www.manitese.it\/en\/#\/schema\/person\/5a9774f17e4940e2510bfeba90f04f65"},"headline":"AUMENTA IL TRAFFICO DI MINORI IN BENIN","datePublished":"2021-10-14T15:38:27+00:00","dateModified":"2023-07-20T16:16:02+00:00","mainEntityOfPage":{"@id":"https:\/\/www.manitese.it\/en\/aumenta-il-traffico-di-minori-in-benin\/"},"wordCount":711,"commentCount":0,"image":{"@id":"https:\/\/www.manitese.it\/en\/aumenta-il-traffico-di-minori-in-benin\/#primaryimage"},"thumbnailUrl":"https:\/\/www.manitese.it\/wp-content\/uploads\/2021\/10\/aumenta-il-traffico-di-minori-in-benin-mani-tese-2021-cover-1.jpg","articleSection":["Diari"],"inLanguage":"en-US","potentialAction":[{"@type":"CommentAction","name":"Comment","target":["https:\/\/www.manitese.it\/en\/aumenta-il-traffico-di-minori-in-benin\/#respond"]}]},{"@type":"WebPage","@id":"https:\/\/www.manitese.it\/en\/aumenta-il-traffico-di-minori-in-benin\/","url":"https:\/\/www.manitese.it\/en\/aumenta-il-traffico-di-minori-in-benin\/","name":"AUMENTA IL TRAFFICO DI MINORI IN BENIN - Mani Tese","isPartOf":{"@id":"https:\/\/www.manitese.it\/en\/#website"},"primaryImageOfPage":{"@id":"https:\/\/www.manitese.it\/en\/aumenta-il-traffico-di-minori-in-benin\/#primaryimage"},"image":{"@id":"https:\/\/www.manitese.it\/en\/aumenta-il-traffico-di-minori-in-benin\/#primaryimage"},"thumbnailUrl":"https:\/\/www.manitese.it\/wp-content\/uploads\/2021\/10\/aumenta-il-traffico-di-minori-in-benin-mani-tese-2021-cover-1.jpg","datePublished":"2021-10-14T15:38:27+00:00","dateModified":"2023-07-20T16:16:02+00:00","author":{"@id":"https:\/\/www.manitese.it\/en\/#\/schema\/person\/5a9774f17e4940e2510bfeba90f04f65"},"description":"Ora pi\u00f9 che mai la nostra azione nel Paese \u00e8 necessaria per sensibilizzare sull\u2019importanza dell\u2019educazione scolastica e per evitare che i minori cadano preda dei trafficanti.","breadcrumb":{"@id":"https:\/\/www.manitese.it\/en\/aumenta-il-traffico-di-minori-in-benin\/#breadcrumb"},"inLanguage":"en-US","potentialAction":[{"@type":"ReadAction","target":["https:\/\/www.manitese.it\/en\/aumenta-il-traffico-di-minori-in-benin\/"]}]},{"@type":"ImageObject","inLanguage":"en-US","@id":"https:\/\/www.manitese.it\/en\/aumenta-il-traffico-di-minori-in-benin\/#primaryimage","url":"https:\/\/www.manitese.it\/wp-content\/uploads\/2021\/10\/aumenta-il-traffico-di-minori-in-benin-mani-tese-2021-cover-1.jpg","contentUrl":"https:\/\/www.manitese.it\/wp-content\/uploads\/2021\/10\/aumenta-il-traffico-di-minori-in-benin-mani-tese-2021-cover-1.jpg","width":1920,"height":800},{"@type":"BreadcrumbList","@id":"https:\/\/www.manitese.it\/en\/aumenta-il-traffico-di-minori-in-benin\/#breadcrumb","itemListElement":[{"@type":"ListItem","position":1,"name":"Home","item":"https:\/\/www.manitese.it\/en\/"},{"@type":"ListItem","position":2,"name":"AUMENTA IL TRAFFICO DI MINORI IN BENIN"}]},{"@type":"WebSite","@id":"https:\/\/www.manitese.it\/en\/#website","url":"https:\/\/www.manitese.it\/en\/","name":"Mani Tese","description":"","potentialAction":[{"@type":"SearchAction","target":{"@type":"EntryPoint","urlTemplate":"https:\/\/www.manitese.it\/en\/?s={search_term_string}"},"query-input":{"@type":"PropertyValueSpecification","valueRequired":true,"valueName":"search_term_string"}}],"inLanguage":"en-US"},{"@type":"Person","@id":"https:\/\/www.manitese.it\/en\/#\/schema\/person\/5a9774f17e4940e2510bfeba90f04f65","name":"agevis","image":{"@type":"ImageObject","inLanguage":"en-US","@id":"https:\/\/secure.gravatar.com\/avatar\/2dc96c93fcf3387a5922a93b50fb3bff01d4800590fb6a4ab91a034adb25ba17?s=96&d=mm&r=g","url":"https:\/\/secure.gravatar.com\/avatar\/2dc96c93fcf3387a5922a93b50fb3bff01d4800590fb6a4ab91a034adb25ba17?s=96&d=mm&r=g","contentUrl":"https:\/\/secure.gravatar.com\/avatar\/2dc96c93fcf3387a5922a93b50fb3bff01d4800590fb6a4ab91a034adb25ba17?s=96&d=mm&r=g","caption":"agevis"},"url":"https:\/\/www.manitese.it\/en\/author\/wp_agevis_admin\/"}]}},"jetpack_featured_media_url":"https:\/\/www.manitese.it\/wp-content\/uploads\/2021\/10\/aumenta-il-traffico-di-minori-in-benin-mani-tese-2021-cover-1.jpg","jetpack_sharing_enabled":true,"_links":{"self":[{"href":"https:\/\/www.manitese.it\/en\/wp-json\/wp\/v2\/posts\/80664","targetHints":{"allow":["GET"]}}],"collection":[{"href":"https:\/\/www.manitese.it\/en\/wp-json\/wp\/v2\/posts"}],"about":[{"href":"https:\/\/www.manitese.it\/en\/wp-json\/wp\/v2\/types\/post"}],"author":[{"embeddable":true,"href":"https:\/\/www.manitese.it\/en\/wp-json\/wp\/v2\/users\/1"}],"replies":[{"embeddable":true,"href":"https:\/\/www.manitese.it\/en\/wp-json\/wp\/v2\/comments?post=80664"}],"version-history":[{"count":1,"href":"https:\/\/www.manitese.it\/en\/wp-json\/wp\/v2\/posts\/80664\/revisions"}],"predecessor-version":[{"id":177163,"href":"https:\/\/www.manitese.it\/en\/wp-json\/wp\/v2\/posts\/80664\/revisions\/177163"}],"wp:featuredmedia":[{"embeddable":true,"href":"https:\/\/www.manitese.it\/en\/wp-json\/wp\/v2\/media\/80671"}],"wp:attachment":[{"href":"https:\/\/www.manitese.it\/en\/wp-json\/wp\/v2\/media?parent=80664"}],"wp:term":[{"taxonomy":"category","embeddable":true,"href":"https:\/\/www.manitese.it\/en\/wp-json\/wp\/v2\/categories?post=80664"},{"taxonomy":"post_tag","embeddable":true,"href":"https:\/\/www.manitese.it\/en\/wp-json\/wp\/v2\/tags?post=80664"},{"taxonomy":"thematic_area","embeddable":true,"href":"https:\/\/www.manitese.it\/en\/wp-json\/wp\/v2\/thematic_area?post=80664"}],"curies":[{"name":"wp","href":"https:\/\/api.w.org\/{rel}","templated":true}]}}