{"id":79841,"date":"2021-09-23T15:19:31","date_gmt":"2021-09-23T13:19:31","guid":{"rendered":"https:\/\/manitese.it\/?p=79841"},"modified":"2025-07-10T11:25:01","modified_gmt":"2025-07-10T09:25:01","slug":"il-futuro-nelle-nostre-mani","status":"publish","type":"post","link":"https:\/\/www.manitese.it\/en\/il-futuro-nelle-nostre-mani\/","title":{"rendered":"Il futuro \u00e8 nelle nostre mani!"},"content":{"rendered":"\n<p><strong>Cambiare il sistema per cambiare il clima<\/strong>. \u00c8 questo il motto di <strong>Mani Tese<\/strong> che parteciper\u00e0 attivamente agli eventi organizzati in occasione della <em>Youth4Climate<\/em> e della <em>PreCOP<\/em>, che quest\u2019anno si terranno in Italia, a Milano, fra il 28 settembre e il 2 ottobre 2021. Si tratta di importanti tappe di avvicinamento alla <strong>COP26 <\/strong>del prossimo novembre, a Glasgow (Scozia), dove si riuniranno le nazioni di tutto il mondo per decidere sul futuro degli abitanti del pianeta.<\/p>\n\n\n\n<p>Le iniziative di <strong>Mani Tese<\/strong> avranno luogo nell\u2019ambito del percorso <strong><a rel=\"noreferrer noopener\" aria-label=\"Climate Open Platform (apre in una nuova scheda)\" href=\"http:\/\/climateopenplatform.org\/\" target=\"_blank\">Climate Open Platform<\/a><\/strong>, una piattaforma lanciata dai <em>Fridays for Future<\/em> nel maggio scorso, a cui hanno aderito decine di associazioni e sigle sindacali, con l\u2019obiettivo di influenzare i processi istituzionali attraverso un <strong><a rel=\"noreferrer noopener\" aria-label=\"Eco Social Forum (apre in una nuova scheda)\" href=\"http:\/\/climateopenplatform.org\/programma-eco-social-forum\/\" target=\"_blank\">Eco Social Forum<\/a><\/strong>, che si svolger\u00e0 dal 28 al 30 settembre, e due manifestazioni di piazza: il <em>Climate Strike<\/em> degli Studenti del 1 ottobre e il <em>Climate Strike Generale<\/em> del 2 ottobre.<\/p>\n\n\n\n<p><\/p>\n\n\n\n<p><strong><u>Gli eventi di Mani Tese<\/u><\/strong><\/p>\n\n\n\n<p>Mani Tese parteciper\u00e0 attivamente a diversi eventi della <strong>Climate Open Platform<\/strong>, che spazieranno in particolare su tre ambiti della sostenibilit\u00e0: <strong>cibo, moda e salute<\/strong>.<\/p>\n\n\n\n<p><em>\u201cIl nostro motto \u00e8 <\/em>\u2018<em><strong>cambiare il sistema per cambiare il clima<\/strong><\/em>\u2019 \u2013 dichiara <strong>Giosu\u00e8 De Salvo, Responsabile Advocacy di Mani Tese<\/strong> \u2013 <em>Per questo abbiamo pensato di mettere al centro dell\u2019Eco Social Forum i nessi tra cibo\/clima e moda\/clima, due ambiti in cui Mani Tese \u00e8 fortemente impegnata nel superare un modo convenzionale di produrre che \u00e8 ormai provato essere insostenibile dal punto di vista sociale, ambientale e climatico. A questo si aggiunger\u00e0 un approfondimento sulle relazioni tra crisi climatica e pandemia, un tema abbandonato troppo in fretta per non mettere in discussione un sistema economico dominante che \u00e8 in larga parte basato su estrattivismo e sfruttamento senza regole di risorse naturali e di persone\u201d<\/em>.<\/p>\n\n\n\n<p><\/p>\n\n\n\n<p><strong>Marted\u00ec 28 settembre 2021, ore 15.00<br><font color=\"green\">Salute, cambiamento climatico e tutela della biodiversit\u00e0, nell\u2019era delle pandemie<\/font><\/strong><br>Convegno co-organizzato da Mani Tese con IPSIA ACLI<br><em>Presso Acli Milanesi<br>Via della Signoria 3, Milano<\/em><\/p>\n\n\n\n<p>Con:<\/p>\n\n\n\n<ul class=\"wp-block-list\"><li>Maria Cristina Rulli, <em>Politecnico di Milano<\/em><\/li><li>Nicoletta Dentico, <em>Society for International<\/em><\/li><li>Development Monica Di Sisto,<em> FairWatch Italia<\/em><\/li><\/ul>\n\n\n\n<p><\/p>\n\n\n\n<p><\/p>\n\n\n\n<p><strong>Mercoledi 29 settembre 2021, ore 10.00<br><font color=\"green\">From Soil to Fork. Dal suolo al piatto<\/font><\/strong><br>Convegno organizzato da Legambiente<br><em>Presso Cascina Nascosta (Parco Sempione)<br>Viale Emilio Alemagna 14, Milano<\/em><\/p>\n\n\n\n<p><\/p>\n\n\n\n<p><strong>Gioved\u00ec 30 settembre 2021, ore 10.00<br><font color=\"green\">Senza agricoltura contadina non c\u2019\u00e8 transizione ecologica. Agroecologia e sovranit\u00e0 alimentare per raffreddare il pianeta<\/font><\/strong><br>Convegno organizzato da ARI \u2013 Associazione Rurale Italiana<br><em>Presso Cascina Nascosta (Parco Sempione)<br>Viale Emilio Alemagna 14, Milano<\/em><\/p>\n\n\n\n<p><\/p>\n\n\n\n<p><strong>Sabato 2 ottobre 2021, ore 14:45<br><font color=\"green\">Global March for Climate Justice<\/font><\/strong><br><em>Presso Largo Benedetto Cairoli, Milano<\/em><br>La Marcia per la Giustizia Climatica della <strong>Climate Open Platform <\/strong>di chi crede fermamente che non debbano essere gli ultimi a pagare le conseguenze del disastro climatico, ma chi se n&#8217;\u00e8 reso responsabile, di chi sa che senza giustizia sociale non ci pu\u00f2 essere transizione ecologica. Il ritrovo per chi vuole manifestare con Mani Tese \u00e8 di fronte all\u2019ingresso di Decathlon Milano Cairoli alle ore 14.45.<\/p>\n\n\n\n<p><\/p>\n\n\n\n<p><strong>Domenica 3 ottobre 2021, ore 16:30<br><font color=\"green\">Un\u2019altra moda \u00e8 possibile<\/font><\/strong><br>Sfilata e laboratori dedicati alla sostenibilit\u00e0 co-organizzati da Mani Tese con vari partner<br><em>Presso Giardini in Transito \u2013 Giardino Comunitario Lea Garofalo<br>Via Montello 3, Milano<\/em><\/p>\n\n\n\n<p><u>Programma dell\u2019evento:<\/u><\/p>\n\n\n\n<ul class=\"wp-block-list\"><li><strong>16:30 | Belli capelli con l\u2019upcycling<\/strong>: laboratorio per adulti a cura di Dress ECOde e Carlotta Redaelli Workshop per realizzare accessori per i capelli, turbanti, fasce e scrunchies recuperando tessuti di scarto.<\/li><\/ul>\n\n\n\n<ul class=\"wp-block-list\"><li><strong>17:30 | Immagina e crea il tuo eco-animaletto<\/strong>: laboratorio per bambini\/e a cura di Dress ECOde e Carlotta Redaelli Workshop per creare animaletti con stoffe di recupero dedica-to a bambini\/e 6-10 anni.<\/li><\/ul>\n\n\n\n<ul class=\"wp-block-list\"><li><strong>18:30 | Sfilata \u201cUn\u2019altra moda \u00e8 possibile\u201d<\/strong>: le possibili alternative alla fast fashion sfilano in passerella! A cura di Cooperativa Sociale Mani Tese, Manigolde Sartoria Sociale e Oso.<\/li><\/ul>\n\n\n\n<p><\/p>\n\n\n\n<p><\/p>\n\n\n\n<p><strong><u>Il poster di Mani Tese<\/u><\/strong><\/p>\n\n\n\n<p>In fondo a questa pagina potete scaricare il poster con il claim \u201c<strong>IL FUTURO \u00c8 NELLE NOSTRE MANI!<\/strong>\u201d. La particolarit\u00e0 del poster \u00e8 la presenza di due fessure (da ritagliare) nelle quali infilare le proprie mani, che andranno cos\u00ec fisicamente a sorreggere un\u2019immagine della Terra. <\/p>\n\n\n\n<p>Il poster potr\u00e0 essere stampato e portato con s\u00e9 durante eventi e manifestazione per il clima e sostenibilit\u00e0 in tutta Italia.<\/p>\n\n\n\n<p><\/p>\n\n\n\n<h1 class=\"has-text-align-center wp-block-heading\">Scarica il poster<\/h1>\n\n\n\n<h1 class=\"has-text-align-center wp-block-heading\">in <strong><a rel=\"noreferrer noopener\" aria-label=\"formato A2 (apre in una nuova scheda)\" href=\"https:\/\/manitese.it\/wp-content\/uploads\/2021\/09\/poster-mani-tese-il-futuro-nelle-nostre-mani-A2.pdf\" target=\"_blank\">FORMATO A2<\/a><\/strong><\/h1>\n\n\n\n<h1 class=\"has-text-align-center wp-block-heading\">o in <strong><a rel=\"noreferrer noopener\" aria-label=\"formato A3 (apre in una nuova scheda)\" href=\"https:\/\/manitese.it\/wp-content\/uploads\/2021\/09\/poster-mani-tese-il-futuro-nelle-nostre-mani-A3.pdf\" target=\"_blank\">FORMATO A3<\/a><\/strong><\/h1>\n","protected":false},"excerpt":{"rendered":"<p>Gli eventi di Mani Tese in occasione della Pre COP 26 a Milano: \u201cCambiare il sistema per cambiare il clima\u201d.<\/p>\n","protected":false},"author":1,"featured_media":79865,"comment_status":"open","ping_status":"open","sticky":false,"template":"","format":"standard","meta":{"_acf_changed":false,"give_campaign_id":0,"inline_featured_image":false,"_jetpack_memberships_contains_paid_content":false,"footnotes":""},"categories":[1],"tags":[],"thematic_area":[],"class_list":["post-79841","post","type-post","status-publish","format-standard","has-post-thumbnail","hentry","category-news"],"acf":[],"yoast_head":"<!-- This site is optimized with the Yoast SEO plugin v27.5 - https:\/\/yoast.com\/product\/yoast-seo-wordpress\/ -->\n<title>Il futuro \u00e8 nelle nostre mani! - Mani Tese<\/title>\n<meta name=\"description\" content=\"Gli eventi di Mani Tese in occasione della Pre COP 26 a Milano: \u201cCambiare il sistema per cambiare il clima\u201d. Scopri di pi\u00f9!\" \/>\n<meta name=\"robots\" content=\"index, follow, max-snippet:-1, max-image-preview:large, max-video-preview:-1\" \/>\n<link rel=\"canonical\" href=\"https:\/\/www.manitese.it\/en\/il-futuro-nelle-nostre-mani\/\" \/>\n<meta property=\"og:locale\" content=\"en_US\" \/>\n<meta property=\"og:type\" content=\"article\" \/>\n<meta property=\"og:title\" content=\"Il futuro \u00e8 nelle nostre mani! - Mani Tese\" \/>\n<meta property=\"og:description\" content=\"Gli eventi di Mani Tese in occasione della Pre COP 26 a Milano: \u201cCambiare il sistema per cambiare il clima\u201d. Scopri di pi\u00f9!\" \/>\n<meta property=\"og:url\" content=\"https:\/\/www.manitese.it\/en\/il-futuro-nelle-nostre-mani\/\" \/>\n<meta property=\"og:site_name\" content=\"Mani Tese\" \/>\n<meta property=\"article:published_time\" content=\"2021-09-23T13:19:31+00:00\" \/>\n<meta property=\"article:modified_time\" content=\"2025-07-10T09:25:01+00:00\" \/>\n<meta property=\"og:image\" content=\"https:\/\/www.manitese.it\/wp-content\/uploads\/2021\/09\/il-futuro-nelle-nostre-mani-cover-2-1.jpg\" \/>\n\t<meta property=\"og:image:width\" content=\"1920\" \/>\n\t<meta property=\"og:image:height\" content=\"800\" \/>\n\t<meta property=\"og:image:type\" content=\"image\/jpeg\" \/>\n<meta name=\"author\" content=\"agevis\" \/>\n<meta name=\"twitter:card\" content=\"summary_large_image\" \/>\n<meta name=\"twitter:label1\" content=\"Written by\" \/>\n\t<meta name=\"twitter:data1\" content=\"agevis\" \/>\n\t<meta name=\"twitter:label2\" content=\"Est. reading time\" \/>\n\t<meta name=\"twitter:data2\" content=\"3 minutes\" \/>\n<script type=\"application\/ld+json\" class=\"yoast-schema-graph\">{\"@context\":\"https:\\\/\\\/schema.org\",\"@graph\":[{\"@type\":\"Article\",\"@id\":\"https:\\\/\\\/www.manitese.it\\\/en\\\/il-futuro-nelle-nostre-mani\\\/#article\",\"isPartOf\":{\"@id\":\"https:\\\/\\\/www.manitese.it\\\/en\\\/il-futuro-nelle-nostre-mani\\\/\"},\"author\":{\"name\":\"agevis\",\"@id\":\"https:\\\/\\\/www.manitese.it\\\/en\\\/#\\\/schema\\\/person\\\/5a9774f17e4940e2510bfeba90f04f65\"},\"headline\":\"Il futuro \u00e8 nelle nostre mani!\",\"datePublished\":\"2021-09-23T13:19:31+00:00\",\"dateModified\":\"2025-07-10T09:25:01+00:00\",\"mainEntityOfPage\":{\"@id\":\"https:\\\/\\\/www.manitese.it\\\/en\\\/il-futuro-nelle-nostre-mani\\\/\"},\"wordCount\":676,\"commentCount\":0,\"image\":{\"@id\":\"https:\\\/\\\/www.manitese.it\\\/en\\\/il-futuro-nelle-nostre-mani\\\/#primaryimage\"},\"thumbnailUrl\":\"https:\\\/\\\/www.manitese.it\\\/wp-content\\\/uploads\\\/2021\\\/09\\\/il-futuro-nelle-nostre-mani-cover-2-1.jpg\",\"articleSection\":[\"News\"],\"inLanguage\":\"en-US\",\"potentialAction\":[{\"@type\":\"CommentAction\",\"name\":\"Comment\",\"target\":[\"https:\\\/\\\/www.manitese.it\\\/en\\\/il-futuro-nelle-nostre-mani\\\/#respond\"]}]},{\"@type\":\"WebPage\",\"@id\":\"https:\\\/\\\/www.manitese.it\\\/en\\\/il-futuro-nelle-nostre-mani\\\/\",\"url\":\"https:\\\/\\\/www.manitese.it\\\/en\\\/il-futuro-nelle-nostre-mani\\\/\",\"name\":\"Il futuro \u00e8 nelle nostre mani! - Mani Tese\",\"isPartOf\":{\"@id\":\"https:\\\/\\\/www.manitese.it\\\/en\\\/#website\"},\"primaryImageOfPage\":{\"@id\":\"https:\\\/\\\/www.manitese.it\\\/en\\\/il-futuro-nelle-nostre-mani\\\/#primaryimage\"},\"image\":{\"@id\":\"https:\\\/\\\/www.manitese.it\\\/en\\\/il-futuro-nelle-nostre-mani\\\/#primaryimage\"},\"thumbnailUrl\":\"https:\\\/\\\/www.manitese.it\\\/wp-content\\\/uploads\\\/2021\\\/09\\\/il-futuro-nelle-nostre-mani-cover-2-1.jpg\",\"datePublished\":\"2021-09-23T13:19:31+00:00\",\"dateModified\":\"2025-07-10T09:25:01+00:00\",\"author\":{\"@id\":\"https:\\\/\\\/www.manitese.it\\\/en\\\/#\\\/schema\\\/person\\\/5a9774f17e4940e2510bfeba90f04f65\"},\"description\":\"Gli eventi di Mani Tese in occasione della Pre COP 26 a Milano: \u201cCambiare il sistema per cambiare il clima\u201d. Scopri di pi\u00f9!\",\"breadcrumb\":{\"@id\":\"https:\\\/\\\/www.manitese.it\\\/en\\\/il-futuro-nelle-nostre-mani\\\/#breadcrumb\"},\"inLanguage\":\"en-US\",\"potentialAction\":[{\"@type\":\"ReadAction\",\"target\":[\"https:\\\/\\\/www.manitese.it\\\/en\\\/il-futuro-nelle-nostre-mani\\\/\"]}]},{\"@type\":\"ImageObject\",\"inLanguage\":\"en-US\",\"@id\":\"https:\\\/\\\/www.manitese.it\\\/en\\\/il-futuro-nelle-nostre-mani\\\/#primaryimage\",\"url\":\"https:\\\/\\\/www.manitese.it\\\/wp-content\\\/uploads\\\/2021\\\/09\\\/il-futuro-nelle-nostre-mani-cover-2-1.jpg\",\"contentUrl\":\"https:\\\/\\\/www.manitese.it\\\/wp-content\\\/uploads\\\/2021\\\/09\\\/il-futuro-nelle-nostre-mani-cover-2-1.jpg\",\"width\":1920,\"height\":800,\"caption\":\"il futuro nelle nostre mani\"},{\"@type\":\"BreadcrumbList\",\"@id\":\"https:\\\/\\\/www.manitese.it\\\/en\\\/il-futuro-nelle-nostre-mani\\\/#breadcrumb\",\"itemListElement\":[{\"@type\":\"ListItem\",\"position\":1,\"name\":\"Home\",\"item\":\"https:\\\/\\\/www.manitese.it\\\/en\\\/\"},{\"@type\":\"ListItem\",\"position\":2,\"name\":\"Il futuro \u00e8 nelle nostre mani!\"}]},{\"@type\":\"WebSite\",\"@id\":\"https:\\\/\\\/www.manitese.it\\\/en\\\/#website\",\"url\":\"https:\\\/\\\/www.manitese.it\\\/en\\\/\",\"name\":\"Mani Tese\",\"description\":\"\",\"potentialAction\":[{\"@type\":\"SearchAction\",\"target\":{\"@type\":\"EntryPoint\",\"urlTemplate\":\"https:\\\/\\\/www.manitese.it\\\/en\\\/?s={search_term_string}\"},\"query-input\":{\"@type\":\"PropertyValueSpecification\",\"valueRequired\":true,\"valueName\":\"search_term_string\"}}],\"inLanguage\":\"en-US\"},{\"@type\":\"Person\",\"@id\":\"https:\\\/\\\/www.manitese.it\\\/en\\\/#\\\/schema\\\/person\\\/5a9774f17e4940e2510bfeba90f04f65\",\"name\":\"agevis\",\"image\":{\"@type\":\"ImageObject\",\"inLanguage\":\"en-US\",\"@id\":\"https:\\\/\\\/secure.gravatar.com\\\/avatar\\\/2dc96c93fcf3387a5922a93b50fb3bff01d4800590fb6a4ab91a034adb25ba17?s=96&d=mm&r=g\",\"url\":\"https:\\\/\\\/secure.gravatar.com\\\/avatar\\\/2dc96c93fcf3387a5922a93b50fb3bff01d4800590fb6a4ab91a034adb25ba17?s=96&d=mm&r=g\",\"contentUrl\":\"https:\\\/\\\/secure.gravatar.com\\\/avatar\\\/2dc96c93fcf3387a5922a93b50fb3bff01d4800590fb6a4ab91a034adb25ba17?s=96&d=mm&r=g\",\"caption\":\"agevis\"},\"url\":\"https:\\\/\\\/www.manitese.it\\\/en\\\/author\\\/wp_agevis_admin\\\/\"}]}<\/script>\n<!-- \/ Yoast SEO plugin. -->","yoast_head_json":{"title":"Il futuro \u00e8 nelle nostre mani! - Mani Tese","description":"Gli eventi di Mani Tese in occasione della Pre COP 26 a Milano: \u201cCambiare il sistema per cambiare il clima\u201d. Scopri di pi\u00f9!","robots":{"index":"index","follow":"follow","max-snippet":"max-snippet:-1","max-image-preview":"max-image-preview:large","max-video-preview":"max-video-preview:-1"},"canonical":"https:\/\/www.manitese.it\/en\/il-futuro-nelle-nostre-mani\/","og_locale":"en_US","og_type":"article","og_title":"Il futuro \u00e8 nelle nostre mani! - Mani Tese","og_description":"Gli eventi di Mani Tese in occasione della Pre COP 26 a Milano: \u201cCambiare il sistema per cambiare il clima\u201d. Scopri di pi\u00f9!","og_url":"https:\/\/www.manitese.it\/en\/il-futuro-nelle-nostre-mani\/","og_site_name":"Mani Tese","article_published_time":"2021-09-23T13:19:31+00:00","article_modified_time":"2025-07-10T09:25:01+00:00","og_image":[{"width":1920,"height":800,"url":"https:\/\/www.manitese.it\/wp-content\/uploads\/2021\/09\/il-futuro-nelle-nostre-mani-cover-2-1.jpg","type":"image\/jpeg"}],"author":"agevis","twitter_card":"summary_large_image","twitter_misc":{"Written by":"agevis","Est. reading time":"3 minutes"},"schema":{"@context":"https:\/\/schema.org","@graph":[{"@type":"Article","@id":"https:\/\/www.manitese.it\/en\/il-futuro-nelle-nostre-mani\/#article","isPartOf":{"@id":"https:\/\/www.manitese.it\/en\/il-futuro-nelle-nostre-mani\/"},"author":{"name":"agevis","@id":"https:\/\/www.manitese.it\/en\/#\/schema\/person\/5a9774f17e4940e2510bfeba90f04f65"},"headline":"Il futuro \u00e8 nelle nostre mani!","datePublished":"2021-09-23T13:19:31+00:00","dateModified":"2025-07-10T09:25:01+00:00","mainEntityOfPage":{"@id":"https:\/\/www.manitese.it\/en\/il-futuro-nelle-nostre-mani\/"},"wordCount":676,"commentCount":0,"image":{"@id":"https:\/\/www.manitese.it\/en\/il-futuro-nelle-nostre-mani\/#primaryimage"},"thumbnailUrl":"https:\/\/www.manitese.it\/wp-content\/uploads\/2021\/09\/il-futuro-nelle-nostre-mani-cover-2-1.jpg","articleSection":["News"],"inLanguage":"en-US","potentialAction":[{"@type":"CommentAction","name":"Comment","target":["https:\/\/www.manitese.it\/en\/il-futuro-nelle-nostre-mani\/#respond"]}]},{"@type":"WebPage","@id":"https:\/\/www.manitese.it\/en\/il-futuro-nelle-nostre-mani\/","url":"https:\/\/www.manitese.it\/en\/il-futuro-nelle-nostre-mani\/","name":"Il futuro \u00e8 nelle nostre mani! - Mani Tese","isPartOf":{"@id":"https:\/\/www.manitese.it\/en\/#website"},"primaryImageOfPage":{"@id":"https:\/\/www.manitese.it\/en\/il-futuro-nelle-nostre-mani\/#primaryimage"},"image":{"@id":"https:\/\/www.manitese.it\/en\/il-futuro-nelle-nostre-mani\/#primaryimage"},"thumbnailUrl":"https:\/\/www.manitese.it\/wp-content\/uploads\/2021\/09\/il-futuro-nelle-nostre-mani-cover-2-1.jpg","datePublished":"2021-09-23T13:19:31+00:00","dateModified":"2025-07-10T09:25:01+00:00","author":{"@id":"https:\/\/www.manitese.it\/en\/#\/schema\/person\/5a9774f17e4940e2510bfeba90f04f65"},"description":"Gli eventi di Mani Tese in occasione della Pre COP 26 a Milano: \u201cCambiare il sistema per cambiare il clima\u201d. Scopri di pi\u00f9!","breadcrumb":{"@id":"https:\/\/www.manitese.it\/en\/il-futuro-nelle-nostre-mani\/#breadcrumb"},"inLanguage":"en-US","potentialAction":[{"@type":"ReadAction","target":["https:\/\/www.manitese.it\/en\/il-futuro-nelle-nostre-mani\/"]}]},{"@type":"ImageObject","inLanguage":"en-US","@id":"https:\/\/www.manitese.it\/en\/il-futuro-nelle-nostre-mani\/#primaryimage","url":"https:\/\/www.manitese.it\/wp-content\/uploads\/2021\/09\/il-futuro-nelle-nostre-mani-cover-2-1.jpg","contentUrl":"https:\/\/www.manitese.it\/wp-content\/uploads\/2021\/09\/il-futuro-nelle-nostre-mani-cover-2-1.jpg","width":1920,"height":800,"caption":"il futuro nelle nostre mani"},{"@type":"BreadcrumbList","@id":"https:\/\/www.manitese.it\/en\/il-futuro-nelle-nostre-mani\/#breadcrumb","itemListElement":[{"@type":"ListItem","position":1,"name":"Home","item":"https:\/\/www.manitese.it\/en\/"},{"@type":"ListItem","position":2,"name":"Il futuro \u00e8 nelle nostre mani!"}]},{"@type":"WebSite","@id":"https:\/\/www.manitese.it\/en\/#website","url":"https:\/\/www.manitese.it\/en\/","name":"Mani Tese","description":"","potentialAction":[{"@type":"SearchAction","target":{"@type":"EntryPoint","urlTemplate":"https:\/\/www.manitese.it\/en\/?s={search_term_string}"},"query-input":{"@type":"PropertyValueSpecification","valueRequired":true,"valueName":"search_term_string"}}],"inLanguage":"en-US"},{"@type":"Person","@id":"https:\/\/www.manitese.it\/en\/#\/schema\/person\/5a9774f17e4940e2510bfeba90f04f65","name":"agevis","image":{"@type":"ImageObject","inLanguage":"en-US","@id":"https:\/\/secure.gravatar.com\/avatar\/2dc96c93fcf3387a5922a93b50fb3bff01d4800590fb6a4ab91a034adb25ba17?s=96&d=mm&r=g","url":"https:\/\/secure.gravatar.com\/avatar\/2dc96c93fcf3387a5922a93b50fb3bff01d4800590fb6a4ab91a034adb25ba17?s=96&d=mm&r=g","contentUrl":"https:\/\/secure.gravatar.com\/avatar\/2dc96c93fcf3387a5922a93b50fb3bff01d4800590fb6a4ab91a034adb25ba17?s=96&d=mm&r=g","caption":"agevis"},"url":"https:\/\/www.manitese.it\/en\/author\/wp_agevis_admin\/"}]}},"jetpack_featured_media_url":"https:\/\/www.manitese.it\/wp-content\/uploads\/2021\/09\/il-futuro-nelle-nostre-mani-cover-2-1.jpg","jetpack_sharing_enabled":true,"_links":{"self":[{"href":"https:\/\/www.manitese.it\/en\/wp-json\/wp\/v2\/posts\/79841","targetHints":{"allow":["GET"]}}],"collection":[{"href":"https:\/\/www.manitese.it\/en\/wp-json\/wp\/v2\/posts"}],"about":[{"href":"https:\/\/www.manitese.it\/en\/wp-json\/wp\/v2\/types\/post"}],"author":[{"embeddable":true,"href":"https:\/\/www.manitese.it\/en\/wp-json\/wp\/v2\/users\/1"}],"replies":[{"embeddable":true,"href":"https:\/\/www.manitese.it\/en\/wp-json\/wp\/v2\/comments?post=79841"}],"version-history":[{"count":2,"href":"https:\/\/www.manitese.it\/en\/wp-json\/wp\/v2\/posts\/79841\/revisions"}],"predecessor-version":[{"id":177730,"href":"https:\/\/www.manitese.it\/en\/wp-json\/wp\/v2\/posts\/79841\/revisions\/177730"}],"wp:featuredmedia":[{"embeddable":true,"href":"https:\/\/www.manitese.it\/en\/wp-json\/wp\/v2\/media\/79865"}],"wp:attachment":[{"href":"https:\/\/www.manitese.it\/en\/wp-json\/wp\/v2\/media?parent=79841"}],"wp:term":[{"taxonomy":"category","embeddable":true,"href":"https:\/\/www.manitese.it\/en\/wp-json\/wp\/v2\/categories?post=79841"},{"taxonomy":"post_tag","embeddable":true,"href":"https:\/\/www.manitese.it\/en\/wp-json\/wp\/v2\/tags?post=79841"},{"taxonomy":"thematic_area","embeddable":true,"href":"https:\/\/www.manitese.it\/en\/wp-json\/wp\/v2\/thematic_area?post=79841"}],"curies":[{"name":"wp","href":"https:\/\/api.w.org\/{rel}","templated":true}]}}