{"id":79701,"date":"2021-09-16T14:09:07","date_gmt":"2021-09-16T12:09:07","guid":{"rendered":"https:\/\/manitese.it\/?p=79701"},"modified":"2023-11-30T17:02:09","modified_gmt":"2023-11-30T16:02:09","slug":"vita-e-rinascita-di-tha-vittima-di-sfruttamento-in-cambogia","status":"publish","type":"post","link":"https:\/\/www.manitese.it\/en\/vita-e-rinascita-di-tha-vittima-di-sfruttamento-in-cambogia\/","title":{"rendered":"VITA E RINASCITA DI THA, VITTIMA DI SFRUTTAMENTO IN CAMBOGIA"},"content":{"rendered":"\r\n<p><strong>Tha*<\/strong> \u00e8 una bambina originaria della provincia di Pursat in Cambogia. Dopo la separazione col marito, <strong>la madre di Tha decise di migrare in Thailandia<\/strong>, con l\u2019aiuto di un intermediario, <strong>e la bambina fin\u00ec a mendicare per strada.<\/strong><\/p>\r\n\r\n\r\n\r\n<p><strong>La madre di Tha sapeva che l\u2019intermediario la costringeva a elemosinare<\/strong>, ma si rifiut\u00f2 sempre di andare alla polizia a denunciarlo per non essere riportata in Cambogia. In seguito, la madre di Tha si rispos\u00f2 con un altro uomo e non si preoccup\u00f2 pi\u00f9 della figlia.<\/p>\r\n\r\n\r\n\r\n<p>\u201cAvevo molta paura \u2013 <strong>ci ha raccontato poi Tha<\/strong> \u2013 Non volevo pi\u00f9 vivere e lavorare in Thailandia, ma mia madre non mi ascoltava. Cos\u00ec ho cercato di trovare un altro lavoro e ho parlato della mia situazione alla gente, che poi ha denunciato tutto alla polizia\u201d.<\/p>\r\n\r\n\r\n\r\n<p>Nel dicembre 2019, Tha \u00e8 stata identificata dalla polizia di immigrazione thailandese ed \u00e8 stata mandata in un centro per bambini e bambine chiamato Banbratakan, dove \u00e8 rimasta prima di essere riportata in Cambogia. Una volta arrivata nel suo Paese di origine, tramite il <strong>Poipet Transit Centre<\/strong> \u00e8 stata indirizzata al <strong><a href=\"https:\/\/manitese.it\/progetto\/cambogia-centro-accoglienza-bambini-vittime-trafficking-rischio-abusi\" target=\"_blank\" rel=\"noreferrer noopener\" aria-label=\"centro di accoglienza di Damnok Toek (apre in una nuova scheda)\">centro di accoglienza di Damnok Toek<\/a><\/strong>, supportato da Mani Tese.<\/p>\r\n\r\n\r\n\r\n<p>\u201cAll\u2019inizio \u2013 <strong>ci raccontano gli operatori di Damnok Toek<\/strong> \u2013 Tha era molto intimorita e non voleva parlare n\u00e9 con gli altri bambini n\u00e9 con il personale del centro. Poi \u00e8 emerso che la piccola si vergognava di essere stata abbandonata dalla madre e sfruttata dagli intermediari\u201d.<\/p>\r\n\r\n\r\n\r\n<p>Da quando vive al centro di accoglienza di Damnok Toek, per\u00f2, <strong>Tha \u00e8 gradualmente rinata e ha potuto studiare e imparare il khmer, la lingua cambogiana<\/strong>. \u00c8 molto felice della sua nuova vita e di poter imparare nuove discipline, come la meditazione, la danza, l&#8217;artigianato e il disegno. Riceve anche un supporto di consulenza e di assistenza dalla squadra del centro di accoglienza.<\/p>\r\n\r\n\r\n\r\n<p><strong>Tha finalmente sorride e ci dice<\/strong>: \u201cNon ho pi\u00f9 paura, tutti qui mi hanno aiutato. Voglio studiare duramente per poter avere una mia attivit\u00e0, forse un piccolo negozio, penso di poterlo fare. In futuro, se ne avr\u00f2 l&#8217;opportunit\u00e0, spero di poter sostenere altri bambini vulnerabili come me. Non voglio che abbandonino la scuola e vengano sfruttati\u201d.<\/p>\r\n\r\n\r\n\r\n<p><em>*Tha \u00e8 un nome di fantasia per proteggere la privacy del minore.<\/em><\/p>\r\n","protected":false},"excerpt":{"rendered":"<p>Quella di Tha \u00e8 una delle tante storie di bambine e bambini vittima di sfruttamento in Thailandia e Cambogia: l\u2019organizzazione Damnok Toek si occupa di loro con l\u2019aiuto di Mani Tese.<\/p>\n","protected":false},"author":1,"featured_media":79706,"comment_status":"open","ping_status":"open","sticky":false,"template":"","format":"standard","meta":{"_acf_changed":false,"give_campaign_id":0,"inline_featured_image":false,"_jetpack_memberships_contains_paid_content":false,"footnotes":""},"categories":[3],"tags":[],"thematic_area":[909],"class_list":["post-79701","post","type-post","status-publish","format-standard","has-post-thumbnail","hentry","category-diari","thematic_area-inclusione-sociale"],"acf":[],"yoast_head":"<!-- This site is optimized with the Yoast SEO plugin v27.5 - https:\/\/yoast.com\/product\/yoast-seo-wordpress\/ -->\n<title>VITA E RINASCITA DI THA, VITTIMA DI SFRUTTAMENTO IN CAMBOGIA - Mani Tese<\/title>\n<meta name=\"description\" content=\"Quella di Tha \u00e8 una delle tante storie di bambine e bambini vittima di sfruttamento in Thailandia e Cambogia: l\u2019organizzazione Damnok Toek si occupa di loro con l\u2019aiuto di Mani Tese.\" \/>\n<meta name=\"robots\" content=\"index, follow, max-snippet:-1, max-image-preview:large, max-video-preview:-1\" \/>\n<link rel=\"canonical\" href=\"https:\/\/www.manitese.it\/en\/vita-e-rinascita-di-tha-vittima-di-sfruttamento-in-cambogia\/\" \/>\n<meta property=\"og:locale\" content=\"en_US\" \/>\n<meta property=\"og:type\" content=\"article\" \/>\n<meta property=\"og:title\" content=\"VITA E RINASCITA DI THA, VITTIMA DI SFRUTTAMENTO IN CAMBOGIA - Mani Tese\" \/>\n<meta property=\"og:description\" content=\"Quella di Tha \u00e8 una delle tante storie di bambine e bambini vittima di sfruttamento in Thailandia e Cambogia: l\u2019organizzazione Damnok Toek si occupa di loro con l\u2019aiuto di Mani Tese.\" \/>\n<meta property=\"og:url\" content=\"https:\/\/www.manitese.it\/en\/vita-e-rinascita-di-tha-vittima-di-sfruttamento-in-cambogia\/\" \/>\n<meta property=\"og:site_name\" content=\"Mani Tese\" \/>\n<meta property=\"article:published_time\" content=\"2021-09-16T12:09:07+00:00\" \/>\n<meta property=\"article:modified_time\" content=\"2023-11-30T16:02:09+00:00\" \/>\n<meta property=\"og:image\" content=\"https:\/\/www.manitese.it\/wp-content\/uploads\/2021\/09\/storia-tha-cambogia-mani-tese-2021-1.jpg\" \/>\n\t<meta property=\"og:image:width\" content=\"1920\" \/>\n\t<meta property=\"og:image:height\" content=\"800\" \/>\n\t<meta property=\"og:image:type\" content=\"image\/jpeg\" \/>\n<meta name=\"author\" content=\"agevis\" \/>\n<meta name=\"twitter:card\" content=\"summary_large_image\" \/>\n<meta name=\"twitter:label1\" content=\"Written by\" \/>\n\t<meta name=\"twitter:data1\" content=\"agevis\" \/>\n\t<meta name=\"twitter:label2\" content=\"Est. reading time\" \/>\n\t<meta name=\"twitter:data2\" content=\"2 minutes\" \/>\n<script type=\"application\/ld+json\" class=\"yoast-schema-graph\">{\"@context\":\"https:\\\/\\\/schema.org\",\"@graph\":[{\"@type\":\"Article\",\"@id\":\"https:\\\/\\\/www.manitese.it\\\/en\\\/vita-e-rinascita-di-tha-vittima-di-sfruttamento-in-cambogia\\\/#article\",\"isPartOf\":{\"@id\":\"https:\\\/\\\/www.manitese.it\\\/en\\\/vita-e-rinascita-di-tha-vittima-di-sfruttamento-in-cambogia\\\/\"},\"author\":{\"name\":\"agevis\",\"@id\":\"https:\\\/\\\/www.manitese.it\\\/en\\\/#\\\/schema\\\/person\\\/5a9774f17e4940e2510bfeba90f04f65\"},\"headline\":\"VITA E RINASCITA DI THA, VITTIMA DI SFRUTTAMENTO IN CAMBOGIA\",\"datePublished\":\"2021-09-16T12:09:07+00:00\",\"dateModified\":\"2023-11-30T16:02:09+00:00\",\"mainEntityOfPage\":{\"@id\":\"https:\\\/\\\/www.manitese.it\\\/en\\\/vita-e-rinascita-di-tha-vittima-di-sfruttamento-in-cambogia\\\/\"},\"wordCount\":371,\"commentCount\":0,\"image\":{\"@id\":\"https:\\\/\\\/www.manitese.it\\\/en\\\/vita-e-rinascita-di-tha-vittima-di-sfruttamento-in-cambogia\\\/#primaryimage\"},\"thumbnailUrl\":\"https:\\\/\\\/www.manitese.it\\\/wp-content\\\/uploads\\\/2021\\\/09\\\/storia-tha-cambogia-mani-tese-2021-1.jpg\",\"articleSection\":[\"Diari\"],\"inLanguage\":\"en-US\",\"potentialAction\":[{\"@type\":\"CommentAction\",\"name\":\"Comment\",\"target\":[\"https:\\\/\\\/www.manitese.it\\\/en\\\/vita-e-rinascita-di-tha-vittima-di-sfruttamento-in-cambogia\\\/#respond\"]}]},{\"@type\":\"WebPage\",\"@id\":\"https:\\\/\\\/www.manitese.it\\\/en\\\/vita-e-rinascita-di-tha-vittima-di-sfruttamento-in-cambogia\\\/\",\"url\":\"https:\\\/\\\/www.manitese.it\\\/en\\\/vita-e-rinascita-di-tha-vittima-di-sfruttamento-in-cambogia\\\/\",\"name\":\"VITA E RINASCITA DI THA, VITTIMA DI SFRUTTAMENTO IN CAMBOGIA - Mani Tese\",\"isPartOf\":{\"@id\":\"https:\\\/\\\/www.manitese.it\\\/en\\\/#website\"},\"primaryImageOfPage\":{\"@id\":\"https:\\\/\\\/www.manitese.it\\\/en\\\/vita-e-rinascita-di-tha-vittima-di-sfruttamento-in-cambogia\\\/#primaryimage\"},\"image\":{\"@id\":\"https:\\\/\\\/www.manitese.it\\\/en\\\/vita-e-rinascita-di-tha-vittima-di-sfruttamento-in-cambogia\\\/#primaryimage\"},\"thumbnailUrl\":\"https:\\\/\\\/www.manitese.it\\\/wp-content\\\/uploads\\\/2021\\\/09\\\/storia-tha-cambogia-mani-tese-2021-1.jpg\",\"datePublished\":\"2021-09-16T12:09:07+00:00\",\"dateModified\":\"2023-11-30T16:02:09+00:00\",\"author\":{\"@id\":\"https:\\\/\\\/www.manitese.it\\\/en\\\/#\\\/schema\\\/person\\\/5a9774f17e4940e2510bfeba90f04f65\"},\"description\":\"Quella di Tha \u00e8 una delle tante storie di bambine e bambini vittima di sfruttamento in Thailandia e Cambogia: l\u2019organizzazione Damnok Toek si occupa di loro con l\u2019aiuto di Mani Tese.\",\"breadcrumb\":{\"@id\":\"https:\\\/\\\/www.manitese.it\\\/en\\\/vita-e-rinascita-di-tha-vittima-di-sfruttamento-in-cambogia\\\/#breadcrumb\"},\"inLanguage\":\"en-US\",\"potentialAction\":[{\"@type\":\"ReadAction\",\"target\":[\"https:\\\/\\\/www.manitese.it\\\/en\\\/vita-e-rinascita-di-tha-vittima-di-sfruttamento-in-cambogia\\\/\"]}]},{\"@type\":\"ImageObject\",\"inLanguage\":\"en-US\",\"@id\":\"https:\\\/\\\/www.manitese.it\\\/en\\\/vita-e-rinascita-di-tha-vittima-di-sfruttamento-in-cambogia\\\/#primaryimage\",\"url\":\"https:\\\/\\\/www.manitese.it\\\/wp-content\\\/uploads\\\/2021\\\/09\\\/storia-tha-cambogia-mani-tese-2021-1.jpg\",\"contentUrl\":\"https:\\\/\\\/www.manitese.it\\\/wp-content\\\/uploads\\\/2021\\\/09\\\/storia-tha-cambogia-mani-tese-2021-1.jpg\",\"width\":1920,\"height\":800},{\"@type\":\"BreadcrumbList\",\"@id\":\"https:\\\/\\\/www.manitese.it\\\/en\\\/vita-e-rinascita-di-tha-vittima-di-sfruttamento-in-cambogia\\\/#breadcrumb\",\"itemListElement\":[{\"@type\":\"ListItem\",\"position\":1,\"name\":\"Home\",\"item\":\"https:\\\/\\\/www.manitese.it\\\/en\\\/\"},{\"@type\":\"ListItem\",\"position\":2,\"name\":\"VITA E RINASCITA DI THA, VITTIMA DI SFRUTTAMENTO IN CAMBOGIA\"}]},{\"@type\":\"WebSite\",\"@id\":\"https:\\\/\\\/www.manitese.it\\\/en\\\/#website\",\"url\":\"https:\\\/\\\/www.manitese.it\\\/en\\\/\",\"name\":\"Mani Tese\",\"description\":\"\",\"potentialAction\":[{\"@type\":\"SearchAction\",\"target\":{\"@type\":\"EntryPoint\",\"urlTemplate\":\"https:\\\/\\\/www.manitese.it\\\/en\\\/?s={search_term_string}\"},\"query-input\":{\"@type\":\"PropertyValueSpecification\",\"valueRequired\":true,\"valueName\":\"search_term_string\"}}],\"inLanguage\":\"en-US\"},{\"@type\":\"Person\",\"@id\":\"https:\\\/\\\/www.manitese.it\\\/en\\\/#\\\/schema\\\/person\\\/5a9774f17e4940e2510bfeba90f04f65\",\"name\":\"agevis\",\"image\":{\"@type\":\"ImageObject\",\"inLanguage\":\"en-US\",\"@id\":\"https:\\\/\\\/secure.gravatar.com\\\/avatar\\\/2dc96c93fcf3387a5922a93b50fb3bff01d4800590fb6a4ab91a034adb25ba17?s=96&d=mm&r=g\",\"url\":\"https:\\\/\\\/secure.gravatar.com\\\/avatar\\\/2dc96c93fcf3387a5922a93b50fb3bff01d4800590fb6a4ab91a034adb25ba17?s=96&d=mm&r=g\",\"contentUrl\":\"https:\\\/\\\/secure.gravatar.com\\\/avatar\\\/2dc96c93fcf3387a5922a93b50fb3bff01d4800590fb6a4ab91a034adb25ba17?s=96&d=mm&r=g\",\"caption\":\"agevis\"},\"url\":\"https:\\\/\\\/www.manitese.it\\\/en\\\/author\\\/wp_agevis_admin\\\/\"}]}<\/script>\n<!-- \/ Yoast SEO plugin. -->","yoast_head_json":{"title":"VITA E RINASCITA DI THA, VITTIMA DI SFRUTTAMENTO IN CAMBOGIA - Mani Tese","description":"Quella di Tha \u00e8 una delle tante storie di bambine e bambini vittima di sfruttamento in Thailandia e Cambogia: l\u2019organizzazione Damnok Toek si occupa di loro con l\u2019aiuto di Mani Tese.","robots":{"index":"index","follow":"follow","max-snippet":"max-snippet:-1","max-image-preview":"max-image-preview:large","max-video-preview":"max-video-preview:-1"},"canonical":"https:\/\/www.manitese.it\/en\/vita-e-rinascita-di-tha-vittima-di-sfruttamento-in-cambogia\/","og_locale":"en_US","og_type":"article","og_title":"VITA E RINASCITA DI THA, VITTIMA DI SFRUTTAMENTO IN CAMBOGIA - Mani Tese","og_description":"Quella di Tha \u00e8 una delle tante storie di bambine e bambini vittima di sfruttamento in Thailandia e Cambogia: l\u2019organizzazione Damnok Toek si occupa di loro con l\u2019aiuto di Mani Tese.","og_url":"https:\/\/www.manitese.it\/en\/vita-e-rinascita-di-tha-vittima-di-sfruttamento-in-cambogia\/","og_site_name":"Mani Tese","article_published_time":"2021-09-16T12:09:07+00:00","article_modified_time":"2023-11-30T16:02:09+00:00","og_image":[{"width":1920,"height":800,"url":"https:\/\/www.manitese.it\/wp-content\/uploads\/2021\/09\/storia-tha-cambogia-mani-tese-2021-1.jpg","type":"image\/jpeg"}],"author":"agevis","twitter_card":"summary_large_image","twitter_misc":{"Written by":"agevis","Est. reading time":"2 minutes"},"schema":{"@context":"https:\/\/schema.org","@graph":[{"@type":"Article","@id":"https:\/\/www.manitese.it\/en\/vita-e-rinascita-di-tha-vittima-di-sfruttamento-in-cambogia\/#article","isPartOf":{"@id":"https:\/\/www.manitese.it\/en\/vita-e-rinascita-di-tha-vittima-di-sfruttamento-in-cambogia\/"},"author":{"name":"agevis","@id":"https:\/\/www.manitese.it\/en\/#\/schema\/person\/5a9774f17e4940e2510bfeba90f04f65"},"headline":"VITA E RINASCITA DI THA, VITTIMA DI SFRUTTAMENTO IN CAMBOGIA","datePublished":"2021-09-16T12:09:07+00:00","dateModified":"2023-11-30T16:02:09+00:00","mainEntityOfPage":{"@id":"https:\/\/www.manitese.it\/en\/vita-e-rinascita-di-tha-vittima-di-sfruttamento-in-cambogia\/"},"wordCount":371,"commentCount":0,"image":{"@id":"https:\/\/www.manitese.it\/en\/vita-e-rinascita-di-tha-vittima-di-sfruttamento-in-cambogia\/#primaryimage"},"thumbnailUrl":"https:\/\/www.manitese.it\/wp-content\/uploads\/2021\/09\/storia-tha-cambogia-mani-tese-2021-1.jpg","articleSection":["Diari"],"inLanguage":"en-US","potentialAction":[{"@type":"CommentAction","name":"Comment","target":["https:\/\/www.manitese.it\/en\/vita-e-rinascita-di-tha-vittima-di-sfruttamento-in-cambogia\/#respond"]}]},{"@type":"WebPage","@id":"https:\/\/www.manitese.it\/en\/vita-e-rinascita-di-tha-vittima-di-sfruttamento-in-cambogia\/","url":"https:\/\/www.manitese.it\/en\/vita-e-rinascita-di-tha-vittima-di-sfruttamento-in-cambogia\/","name":"VITA E RINASCITA DI THA, VITTIMA DI SFRUTTAMENTO IN CAMBOGIA - Mani Tese","isPartOf":{"@id":"https:\/\/www.manitese.it\/en\/#website"},"primaryImageOfPage":{"@id":"https:\/\/www.manitese.it\/en\/vita-e-rinascita-di-tha-vittima-di-sfruttamento-in-cambogia\/#primaryimage"},"image":{"@id":"https:\/\/www.manitese.it\/en\/vita-e-rinascita-di-tha-vittima-di-sfruttamento-in-cambogia\/#primaryimage"},"thumbnailUrl":"https:\/\/www.manitese.it\/wp-content\/uploads\/2021\/09\/storia-tha-cambogia-mani-tese-2021-1.jpg","datePublished":"2021-09-16T12:09:07+00:00","dateModified":"2023-11-30T16:02:09+00:00","author":{"@id":"https:\/\/www.manitese.it\/en\/#\/schema\/person\/5a9774f17e4940e2510bfeba90f04f65"},"description":"Quella di Tha \u00e8 una delle tante storie di bambine e bambini vittima di sfruttamento in Thailandia e Cambogia: l\u2019organizzazione Damnok Toek si occupa di loro con l\u2019aiuto di Mani Tese.","breadcrumb":{"@id":"https:\/\/www.manitese.it\/en\/vita-e-rinascita-di-tha-vittima-di-sfruttamento-in-cambogia\/#breadcrumb"},"inLanguage":"en-US","potentialAction":[{"@type":"ReadAction","target":["https:\/\/www.manitese.it\/en\/vita-e-rinascita-di-tha-vittima-di-sfruttamento-in-cambogia\/"]}]},{"@type":"ImageObject","inLanguage":"en-US","@id":"https:\/\/www.manitese.it\/en\/vita-e-rinascita-di-tha-vittima-di-sfruttamento-in-cambogia\/#primaryimage","url":"https:\/\/www.manitese.it\/wp-content\/uploads\/2021\/09\/storia-tha-cambogia-mani-tese-2021-1.jpg","contentUrl":"https:\/\/www.manitese.it\/wp-content\/uploads\/2021\/09\/storia-tha-cambogia-mani-tese-2021-1.jpg","width":1920,"height":800},{"@type":"BreadcrumbList","@id":"https:\/\/www.manitese.it\/en\/vita-e-rinascita-di-tha-vittima-di-sfruttamento-in-cambogia\/#breadcrumb","itemListElement":[{"@type":"ListItem","position":1,"name":"Home","item":"https:\/\/www.manitese.it\/en\/"},{"@type":"ListItem","position":2,"name":"VITA E RINASCITA DI THA, VITTIMA DI SFRUTTAMENTO IN CAMBOGIA"}]},{"@type":"WebSite","@id":"https:\/\/www.manitese.it\/en\/#website","url":"https:\/\/www.manitese.it\/en\/","name":"Mani Tese","description":"","potentialAction":[{"@type":"SearchAction","target":{"@type":"EntryPoint","urlTemplate":"https:\/\/www.manitese.it\/en\/?s={search_term_string}"},"query-input":{"@type":"PropertyValueSpecification","valueRequired":true,"valueName":"search_term_string"}}],"inLanguage":"en-US"},{"@type":"Person","@id":"https:\/\/www.manitese.it\/en\/#\/schema\/person\/5a9774f17e4940e2510bfeba90f04f65","name":"agevis","image":{"@type":"ImageObject","inLanguage":"en-US","@id":"https:\/\/secure.gravatar.com\/avatar\/2dc96c93fcf3387a5922a93b50fb3bff01d4800590fb6a4ab91a034adb25ba17?s=96&d=mm&r=g","url":"https:\/\/secure.gravatar.com\/avatar\/2dc96c93fcf3387a5922a93b50fb3bff01d4800590fb6a4ab91a034adb25ba17?s=96&d=mm&r=g","contentUrl":"https:\/\/secure.gravatar.com\/avatar\/2dc96c93fcf3387a5922a93b50fb3bff01d4800590fb6a4ab91a034adb25ba17?s=96&d=mm&r=g","caption":"agevis"},"url":"https:\/\/www.manitese.it\/en\/author\/wp_agevis_admin\/"}]}},"jetpack_featured_media_url":"https:\/\/www.manitese.it\/wp-content\/uploads\/2021\/09\/storia-tha-cambogia-mani-tese-2021-1.jpg","jetpack_sharing_enabled":true,"_links":{"self":[{"href":"https:\/\/www.manitese.it\/en\/wp-json\/wp\/v2\/posts\/79701","targetHints":{"allow":["GET"]}}],"collection":[{"href":"https:\/\/www.manitese.it\/en\/wp-json\/wp\/v2\/posts"}],"about":[{"href":"https:\/\/www.manitese.it\/en\/wp-json\/wp\/v2\/types\/post"}],"author":[{"embeddable":true,"href":"https:\/\/www.manitese.it\/en\/wp-json\/wp\/v2\/users\/1"}],"replies":[{"embeddable":true,"href":"https:\/\/www.manitese.it\/en\/wp-json\/wp\/v2\/comments?post=79701"}],"version-history":[{"count":2,"href":"https:\/\/www.manitese.it\/en\/wp-json\/wp\/v2\/posts\/79701\/revisions"}],"predecessor-version":[{"id":191725,"href":"https:\/\/www.manitese.it\/en\/wp-json\/wp\/v2\/posts\/79701\/revisions\/191725"}],"wp:featuredmedia":[{"embeddable":true,"href":"https:\/\/www.manitese.it\/en\/wp-json\/wp\/v2\/media\/79706"}],"wp:attachment":[{"href":"https:\/\/www.manitese.it\/en\/wp-json\/wp\/v2\/media?parent=79701"}],"wp:term":[{"taxonomy":"category","embeddable":true,"href":"https:\/\/www.manitese.it\/en\/wp-json\/wp\/v2\/categories?post=79701"},{"taxonomy":"post_tag","embeddable":true,"href":"https:\/\/www.manitese.it\/en\/wp-json\/wp\/v2\/tags?post=79701"},{"taxonomy":"thematic_area","embeddable":true,"href":"https:\/\/www.manitese.it\/en\/wp-json\/wp\/v2\/thematic_area?post=79701"}],"curies":[{"name":"wp","href":"https:\/\/api.w.org\/{rel}","templated":true}]}}