{"id":78873,"date":"2021-07-26T17:38:56","date_gmt":"2021-07-26T15:38:56","guid":{"rendered":"https:\/\/manitese.it\/?p=78873"},"modified":"2023-07-21T14:24:02","modified_gmt":"2023-07-21T12:24:02","slug":"cresce-nel-mondo-la-critica-al-vertice-onu-sui-sistemi-alimentari","status":"publish","type":"post","link":"https:\/\/www.manitese.it\/en\/cresce-nel-mondo-la-critica-al-vertice-onu-sui-sistemi-alimentari\/","title":{"rendered":"Cresce nel mondo la critica al vertice onu sui sistemi alimentari"},"content":{"rendered":"\n<p>In questi giorni <strong>dal 26 al 28 luglio<\/strong> si tiene a Roma presso la FAO il <strong>pre-Summit sui Sistemi Alimentari<\/strong>, che anticipa il <strong>Summit ONU sui Sistemi Alimentari<\/strong> indetto dal Segretario Generale Antonio Guterres e previsto a New York il prossimo settembre.<\/p>\n\n\n\n<p>Il dibattito sui sistemi del cibo \u00e8 cruciale perch\u00e9 l\u201980% delle terre agricole in Asia in Africa a Sud del Sahara \u00e8 gestito da piccoli contadini (&lt;10 ha) che forniscono l\u201980% del cibo in queste due macro-regioni (FAO).<\/p>\n\n\n\n<p>2,5 miliardi di persone nei paesi poveri dipendono direttamente dal settore agro-alimentare. Al contrario, il 75% del cibo mondiale deriva da sole 12 piante e 5 specie animali. (FAO)<\/p>\n\n\n\n<p><strong>La scelta di quale indirizzo dare ai sistemi alimentari del futuro \u00e8 pertanto strategica.<\/strong><\/p>\n\n\n\n<p>In occasione del pre-Summit sui Sistemi Alimentari molte associazioni, organizzazioni internazionali della societ\u00e0 civile, associazioni di piccoli produttori e allevatori, comunit\u00e0 indigene ed esperti internazionali, oltre a rappresentanti del mondo scientifico ed accademico stanno si stanno <strong>mobilitando per esprimere il loro dissenso<\/strong>, rispetto al ruolo che stanno assumendo le multinazionali del cibo.<\/p>\n\n\n\n<p>Il focus del dissenso consiste nel fatto che nell\u2019organizzazione del Summit ONU, <strong>le Nazioni Unite hanno ridimensionato il ruolo della FAO<\/strong>, che \u00e8 sempre stata al centro del dibattito sulle questioni alimentari, affiancandola con il World Economic Forum, una fondazione privata focalizzata sulle questioni economiche. Questa decisione ha portato a un indebolimento del ruolo della societ\u00e0 civile che nella FAO ha degli spazi ufficiali di consultazione <strong>(Civil Society Mechanism &#8211; CSM)<\/strong>. Al contrario, assumono un ruolo, pi\u00f9 forte che in passato, le grandi imprese e le grandi fondazioni filantropiche.<\/p>\n\n\n\n<p>Il ruolo di guida del Forum \u00e8 stato assegnato alla prof.ssa Agnes Kalibata, una figura molto connotata nel dibattito del settore, poich\u00e9 \u00e8 la presidente dell\u2019Alleanza per la Rivoluzione Verde in Africa, un\u2019associazione filantropica che propone un modello di agricoltura fondato sull\u2019intensificazione orientata al mercato.<\/p>\n\n\n\n<p>Si \u00e8 dunque giunti a una sorta di polarizzazione tra due posizioni: una rappresentata dall\u2019Alleanza per la Rivoluzione Verde, maggiormente legata alle reti economiche internazionali, l\u2019altra, rappresentata dalle organizzazioni della societ\u00e0 civile presenti nel CSM, che spingono per un modello agroecologico centrato sulle reti locali e regionali.<\/p>\n\n\n\n<p>Per queste ragioni <strong>organizzazioni importanti della societ\u00e0 civile come &#8220;La via Campesina&#8221; hanno deciso di boicottare il forum, organizzando un evento alternativo centrato sul ruolo dei movimenti indigeni e contadini<\/strong>.<\/p>\n\n\n\n<p><strong>Mani Tese, per la sua storia e i suoi valori ha seguito i lavori del CSM e ha sottoscritto le lettere inviate nei mesi scorsi dal CSM al segretario delle Nazioni Unite Guterres per chiedere di rivedere le sue decisioni circa la leadership del processo, sostenendo la centralit\u00e0 della FAO e denunciando i rischi dell\u2019affidamento al WEF.<\/strong><\/p>\n\n\n\n<p>Inoltre Mani Tese tramite la rete Azione TerrAE partecipa ai lavori del Food System for the People <a rel=\"noreferrer noopener\" aria-label=\"https:\/\/www.foodsystems4people.org\/ (apre in una nuova scheda)\" href=\"https:\/\/www.foodsystems4people.org\/\" target=\"_blank\"><strong>www.foodsystems4people.org<\/strong><\/a><\/p>\n\n\n\n<p>Mani tese promuove le manifestazioni in corso che convergono intorno all\u2019iniziativa. Qui il programma delle tre giornate di Contro-Mobilitazione: <strong><a href=\"https:\/\/www.csm4cfs.org\/call-action-mobilization-challenge-un-food-systems-summit-re-claim-peoples-sovereignty-food-systems\/\" target=\"_blank\" rel=\"noreferrer noopener\" aria-label=\"Call to action | Peoples\u2019 Counter-Mobilization to Transform Corporate Food Systems (apre in una nuova scheda)\">Call to action | Peoples\u2019 Counter-Mobilization to Transform Corporate Food Systems<\/a><\/strong><\/p>\n","protected":false},"excerpt":{"rendered":"<p>Troppo dominante, secondo le organizzazioni della societ\u00e0 civile fra cui Mani Tese, il ruolo delle multinazionali del cibo. Intanto a Roma si sta tenendo presso la FAO il pre-Summit sui Sistemi Alimentari.<\/p>\n","protected":false},"author":1,"featured_media":78883,"comment_status":"open","ping_status":"open","sticky":false,"template":"","format":"standard","meta":{"_acf_changed":false,"give_campaign_id":0,"inline_featured_image":false,"_jetpack_memberships_contains_paid_content":false,"footnotes":""},"categories":[5],"tags":[],"thematic_area":[],"class_list":["post-78873","post","type-post","status-publish","format-standard","has-post-thumbnail","hentry","category-attualita"],"acf":[],"yoast_head":"<!-- This site is optimized with the Yoast SEO plugin v27.5 - https:\/\/yoast.com\/product\/yoast-seo-wordpress\/ -->\n<title>Cresce nel mondo la critica al vertice onu sui sistemi alimentari - Mani Tese<\/title>\n<meta name=\"description\" content=\"Troppo dominante, secondo le organizzazioni della societ\u00e0 civile fra cui Mani Tese, il ruolo delle multinazionali del cibo. Intanto a Roma si sta tenendo presso la FAO il pre-Summit sui Sistemi Alimentari.\" \/>\n<meta name=\"robots\" content=\"index, follow, max-snippet:-1, max-image-preview:large, max-video-preview:-1\" \/>\n<link rel=\"canonical\" href=\"https:\/\/www.manitese.it\/en\/cresce-nel-mondo-la-critica-al-vertice-onu-sui-sistemi-alimentari\/\" \/>\n<meta property=\"og:locale\" content=\"en_US\" \/>\n<meta property=\"og:type\" content=\"article\" \/>\n<meta property=\"og:title\" content=\"Cresce nel mondo la critica al vertice onu sui sistemi alimentari - Mani Tese\" \/>\n<meta property=\"og:description\" content=\"Troppo dominante, secondo le organizzazioni della societ\u00e0 civile fra cui Mani Tese, il ruolo delle multinazionali del cibo. Intanto a Roma si sta tenendo presso la FAO il pre-Summit sui Sistemi Alimentari.\" \/>\n<meta property=\"og:url\" content=\"https:\/\/www.manitese.it\/en\/cresce-nel-mondo-la-critica-al-vertice-onu-sui-sistemi-alimentari\/\" \/>\n<meta property=\"og:site_name\" content=\"Mani Tese\" \/>\n<meta property=\"article:published_time\" content=\"2021-07-26T15:38:56+00:00\" \/>\n<meta property=\"article:modified_time\" content=\"2023-07-21T12:24:02+00:00\" \/>\n<meta property=\"og:image\" content=\"https:\/\/www.manitese.it\/wp-content\/uploads\/2021\/07\/vertice-onu-sui-sistemi-alimentari-2021-mani-tese-1.jpg\" \/>\n\t<meta property=\"og:image:width\" content=\"1920\" \/>\n\t<meta property=\"og:image:height\" content=\"800\" \/>\n\t<meta property=\"og:image:type\" content=\"image\/jpeg\" \/>\n<meta name=\"author\" content=\"agevis\" \/>\n<meta name=\"twitter:card\" content=\"summary_large_image\" \/>\n<meta name=\"twitter:label1\" content=\"Written by\" \/>\n\t<meta name=\"twitter:data1\" content=\"agevis\" \/>\n\t<meta name=\"twitter:label2\" content=\"Est. reading time\" \/>\n\t<meta name=\"twitter:data2\" content=\"2 minutes\" \/>\n<script type=\"application\/ld+json\" class=\"yoast-schema-graph\">{\"@context\":\"https:\\\/\\\/schema.org\",\"@graph\":[{\"@type\":\"Article\",\"@id\":\"https:\\\/\\\/www.manitese.it\\\/en\\\/cresce-nel-mondo-la-critica-al-vertice-onu-sui-sistemi-alimentari\\\/#article\",\"isPartOf\":{\"@id\":\"https:\\\/\\\/www.manitese.it\\\/en\\\/cresce-nel-mondo-la-critica-al-vertice-onu-sui-sistemi-alimentari\\\/\"},\"author\":{\"name\":\"agevis\",\"@id\":\"https:\\\/\\\/www.manitese.it\\\/en\\\/#\\\/schema\\\/person\\\/5a9774f17e4940e2510bfeba90f04f65\"},\"headline\":\"Cresce nel mondo la critica al vertice onu sui sistemi alimentari\",\"datePublished\":\"2021-07-26T15:38:56+00:00\",\"dateModified\":\"2023-07-21T12:24:02+00:00\",\"mainEntityOfPage\":{\"@id\":\"https:\\\/\\\/www.manitese.it\\\/en\\\/cresce-nel-mondo-la-critica-al-vertice-onu-sui-sistemi-alimentari\\\/\"},\"wordCount\":500,\"commentCount\":0,\"image\":{\"@id\":\"https:\\\/\\\/www.manitese.it\\\/en\\\/cresce-nel-mondo-la-critica-al-vertice-onu-sui-sistemi-alimentari\\\/#primaryimage\"},\"thumbnailUrl\":\"https:\\\/\\\/www.manitese.it\\\/wp-content\\\/uploads\\\/2021\\\/07\\\/vertice-onu-sui-sistemi-alimentari-2021-mani-tese-1.jpg\",\"articleSection\":[\"Attualit\u00e0\"],\"inLanguage\":\"en-US\",\"potentialAction\":[{\"@type\":\"CommentAction\",\"name\":\"Comment\",\"target\":[\"https:\\\/\\\/www.manitese.it\\\/en\\\/cresce-nel-mondo-la-critica-al-vertice-onu-sui-sistemi-alimentari\\\/#respond\"]}]},{\"@type\":\"WebPage\",\"@id\":\"https:\\\/\\\/www.manitese.it\\\/en\\\/cresce-nel-mondo-la-critica-al-vertice-onu-sui-sistemi-alimentari\\\/\",\"url\":\"https:\\\/\\\/www.manitese.it\\\/en\\\/cresce-nel-mondo-la-critica-al-vertice-onu-sui-sistemi-alimentari\\\/\",\"name\":\"Cresce nel mondo la critica al vertice onu sui sistemi alimentari - Mani Tese\",\"isPartOf\":{\"@id\":\"https:\\\/\\\/www.manitese.it\\\/en\\\/#website\"},\"primaryImageOfPage\":{\"@id\":\"https:\\\/\\\/www.manitese.it\\\/en\\\/cresce-nel-mondo-la-critica-al-vertice-onu-sui-sistemi-alimentari\\\/#primaryimage\"},\"image\":{\"@id\":\"https:\\\/\\\/www.manitese.it\\\/en\\\/cresce-nel-mondo-la-critica-al-vertice-onu-sui-sistemi-alimentari\\\/#primaryimage\"},\"thumbnailUrl\":\"https:\\\/\\\/www.manitese.it\\\/wp-content\\\/uploads\\\/2021\\\/07\\\/vertice-onu-sui-sistemi-alimentari-2021-mani-tese-1.jpg\",\"datePublished\":\"2021-07-26T15:38:56+00:00\",\"dateModified\":\"2023-07-21T12:24:02+00:00\",\"author\":{\"@id\":\"https:\\\/\\\/www.manitese.it\\\/en\\\/#\\\/schema\\\/person\\\/5a9774f17e4940e2510bfeba90f04f65\"},\"description\":\"Troppo dominante, secondo le organizzazioni della societ\u00e0 civile fra cui Mani Tese, il ruolo delle multinazionali del cibo. Intanto a Roma si sta tenendo presso la FAO il pre-Summit sui Sistemi Alimentari.\",\"breadcrumb\":{\"@id\":\"https:\\\/\\\/www.manitese.it\\\/en\\\/cresce-nel-mondo-la-critica-al-vertice-onu-sui-sistemi-alimentari\\\/#breadcrumb\"},\"inLanguage\":\"en-US\",\"potentialAction\":[{\"@type\":\"ReadAction\",\"target\":[\"https:\\\/\\\/www.manitese.it\\\/en\\\/cresce-nel-mondo-la-critica-al-vertice-onu-sui-sistemi-alimentari\\\/\"]}]},{\"@type\":\"ImageObject\",\"inLanguage\":\"en-US\",\"@id\":\"https:\\\/\\\/www.manitese.it\\\/en\\\/cresce-nel-mondo-la-critica-al-vertice-onu-sui-sistemi-alimentari\\\/#primaryimage\",\"url\":\"https:\\\/\\\/www.manitese.it\\\/wp-content\\\/uploads\\\/2021\\\/07\\\/vertice-onu-sui-sistemi-alimentari-2021-mani-tese-1.jpg\",\"contentUrl\":\"https:\\\/\\\/www.manitese.it\\\/wp-content\\\/uploads\\\/2021\\\/07\\\/vertice-onu-sui-sistemi-alimentari-2021-mani-tese-1.jpg\",\"width\":1920,\"height\":800,\"caption\":\"vertice onu sui sistemi alimentari 2021 mani tese\"},{\"@type\":\"BreadcrumbList\",\"@id\":\"https:\\\/\\\/www.manitese.it\\\/en\\\/cresce-nel-mondo-la-critica-al-vertice-onu-sui-sistemi-alimentari\\\/#breadcrumb\",\"itemListElement\":[{\"@type\":\"ListItem\",\"position\":1,\"name\":\"Home\",\"item\":\"https:\\\/\\\/www.manitese.it\\\/en\\\/\"},{\"@type\":\"ListItem\",\"position\":2,\"name\":\"Cresce nel mondo la critica al vertice onu sui sistemi alimentari\"}]},{\"@type\":\"WebSite\",\"@id\":\"https:\\\/\\\/www.manitese.it\\\/en\\\/#website\",\"url\":\"https:\\\/\\\/www.manitese.it\\\/en\\\/\",\"name\":\"Mani Tese\",\"description\":\"\",\"potentialAction\":[{\"@type\":\"SearchAction\",\"target\":{\"@type\":\"EntryPoint\",\"urlTemplate\":\"https:\\\/\\\/www.manitese.it\\\/en\\\/?s={search_term_string}\"},\"query-input\":{\"@type\":\"PropertyValueSpecification\",\"valueRequired\":true,\"valueName\":\"search_term_string\"}}],\"inLanguage\":\"en-US\"},{\"@type\":\"Person\",\"@id\":\"https:\\\/\\\/www.manitese.it\\\/en\\\/#\\\/schema\\\/person\\\/5a9774f17e4940e2510bfeba90f04f65\",\"name\":\"agevis\",\"image\":{\"@type\":\"ImageObject\",\"inLanguage\":\"en-US\",\"@id\":\"https:\\\/\\\/secure.gravatar.com\\\/avatar\\\/2dc96c93fcf3387a5922a93b50fb3bff01d4800590fb6a4ab91a034adb25ba17?s=96&d=mm&r=g\",\"url\":\"https:\\\/\\\/secure.gravatar.com\\\/avatar\\\/2dc96c93fcf3387a5922a93b50fb3bff01d4800590fb6a4ab91a034adb25ba17?s=96&d=mm&r=g\",\"contentUrl\":\"https:\\\/\\\/secure.gravatar.com\\\/avatar\\\/2dc96c93fcf3387a5922a93b50fb3bff01d4800590fb6a4ab91a034adb25ba17?s=96&d=mm&r=g\",\"caption\":\"agevis\"},\"url\":\"https:\\\/\\\/www.manitese.it\\\/en\\\/author\\\/wp_agevis_admin\\\/\"}]}<\/script>\n<!-- \/ Yoast SEO plugin. -->","yoast_head_json":{"title":"Cresce nel mondo la critica al vertice onu sui sistemi alimentari - Mani Tese","description":"Troppo dominante, secondo le organizzazioni della societ\u00e0 civile fra cui Mani Tese, il ruolo delle multinazionali del cibo. Intanto a Roma si sta tenendo presso la FAO il pre-Summit sui Sistemi Alimentari.","robots":{"index":"index","follow":"follow","max-snippet":"max-snippet:-1","max-image-preview":"max-image-preview:large","max-video-preview":"max-video-preview:-1"},"canonical":"https:\/\/www.manitese.it\/en\/cresce-nel-mondo-la-critica-al-vertice-onu-sui-sistemi-alimentari\/","og_locale":"en_US","og_type":"article","og_title":"Cresce nel mondo la critica al vertice onu sui sistemi alimentari - Mani Tese","og_description":"Troppo dominante, secondo le organizzazioni della societ\u00e0 civile fra cui Mani Tese, il ruolo delle multinazionali del cibo. Intanto a Roma si sta tenendo presso la FAO il pre-Summit sui Sistemi Alimentari.","og_url":"https:\/\/www.manitese.it\/en\/cresce-nel-mondo-la-critica-al-vertice-onu-sui-sistemi-alimentari\/","og_site_name":"Mani Tese","article_published_time":"2021-07-26T15:38:56+00:00","article_modified_time":"2023-07-21T12:24:02+00:00","og_image":[{"width":1920,"height":800,"url":"https:\/\/www.manitese.it\/wp-content\/uploads\/2021\/07\/vertice-onu-sui-sistemi-alimentari-2021-mani-tese-1.jpg","type":"image\/jpeg"}],"author":"agevis","twitter_card":"summary_large_image","twitter_misc":{"Written by":"agevis","Est. reading time":"2 minutes"},"schema":{"@context":"https:\/\/schema.org","@graph":[{"@type":"Article","@id":"https:\/\/www.manitese.it\/en\/cresce-nel-mondo-la-critica-al-vertice-onu-sui-sistemi-alimentari\/#article","isPartOf":{"@id":"https:\/\/www.manitese.it\/en\/cresce-nel-mondo-la-critica-al-vertice-onu-sui-sistemi-alimentari\/"},"author":{"name":"agevis","@id":"https:\/\/www.manitese.it\/en\/#\/schema\/person\/5a9774f17e4940e2510bfeba90f04f65"},"headline":"Cresce nel mondo la critica al vertice onu sui sistemi alimentari","datePublished":"2021-07-26T15:38:56+00:00","dateModified":"2023-07-21T12:24:02+00:00","mainEntityOfPage":{"@id":"https:\/\/www.manitese.it\/en\/cresce-nel-mondo-la-critica-al-vertice-onu-sui-sistemi-alimentari\/"},"wordCount":500,"commentCount":0,"image":{"@id":"https:\/\/www.manitese.it\/en\/cresce-nel-mondo-la-critica-al-vertice-onu-sui-sistemi-alimentari\/#primaryimage"},"thumbnailUrl":"https:\/\/www.manitese.it\/wp-content\/uploads\/2021\/07\/vertice-onu-sui-sistemi-alimentari-2021-mani-tese-1.jpg","articleSection":["Attualit\u00e0"],"inLanguage":"en-US","potentialAction":[{"@type":"CommentAction","name":"Comment","target":["https:\/\/www.manitese.it\/en\/cresce-nel-mondo-la-critica-al-vertice-onu-sui-sistemi-alimentari\/#respond"]}]},{"@type":"WebPage","@id":"https:\/\/www.manitese.it\/en\/cresce-nel-mondo-la-critica-al-vertice-onu-sui-sistemi-alimentari\/","url":"https:\/\/www.manitese.it\/en\/cresce-nel-mondo-la-critica-al-vertice-onu-sui-sistemi-alimentari\/","name":"Cresce nel mondo la critica al vertice onu sui sistemi alimentari - Mani Tese","isPartOf":{"@id":"https:\/\/www.manitese.it\/en\/#website"},"primaryImageOfPage":{"@id":"https:\/\/www.manitese.it\/en\/cresce-nel-mondo-la-critica-al-vertice-onu-sui-sistemi-alimentari\/#primaryimage"},"image":{"@id":"https:\/\/www.manitese.it\/en\/cresce-nel-mondo-la-critica-al-vertice-onu-sui-sistemi-alimentari\/#primaryimage"},"thumbnailUrl":"https:\/\/www.manitese.it\/wp-content\/uploads\/2021\/07\/vertice-onu-sui-sistemi-alimentari-2021-mani-tese-1.jpg","datePublished":"2021-07-26T15:38:56+00:00","dateModified":"2023-07-21T12:24:02+00:00","author":{"@id":"https:\/\/www.manitese.it\/en\/#\/schema\/person\/5a9774f17e4940e2510bfeba90f04f65"},"description":"Troppo dominante, secondo le organizzazioni della societ\u00e0 civile fra cui Mani Tese, il ruolo delle multinazionali del cibo. Intanto a Roma si sta tenendo presso la FAO il pre-Summit sui Sistemi Alimentari.","breadcrumb":{"@id":"https:\/\/www.manitese.it\/en\/cresce-nel-mondo-la-critica-al-vertice-onu-sui-sistemi-alimentari\/#breadcrumb"},"inLanguage":"en-US","potentialAction":[{"@type":"ReadAction","target":["https:\/\/www.manitese.it\/en\/cresce-nel-mondo-la-critica-al-vertice-onu-sui-sistemi-alimentari\/"]}]},{"@type":"ImageObject","inLanguage":"en-US","@id":"https:\/\/www.manitese.it\/en\/cresce-nel-mondo-la-critica-al-vertice-onu-sui-sistemi-alimentari\/#primaryimage","url":"https:\/\/www.manitese.it\/wp-content\/uploads\/2021\/07\/vertice-onu-sui-sistemi-alimentari-2021-mani-tese-1.jpg","contentUrl":"https:\/\/www.manitese.it\/wp-content\/uploads\/2021\/07\/vertice-onu-sui-sistemi-alimentari-2021-mani-tese-1.jpg","width":1920,"height":800,"caption":"vertice onu sui sistemi alimentari 2021 mani tese"},{"@type":"BreadcrumbList","@id":"https:\/\/www.manitese.it\/en\/cresce-nel-mondo-la-critica-al-vertice-onu-sui-sistemi-alimentari\/#breadcrumb","itemListElement":[{"@type":"ListItem","position":1,"name":"Home","item":"https:\/\/www.manitese.it\/en\/"},{"@type":"ListItem","position":2,"name":"Cresce nel mondo la critica al vertice onu sui sistemi alimentari"}]},{"@type":"WebSite","@id":"https:\/\/www.manitese.it\/en\/#website","url":"https:\/\/www.manitese.it\/en\/","name":"Mani Tese","description":"","potentialAction":[{"@type":"SearchAction","target":{"@type":"EntryPoint","urlTemplate":"https:\/\/www.manitese.it\/en\/?s={search_term_string}"},"query-input":{"@type":"PropertyValueSpecification","valueRequired":true,"valueName":"search_term_string"}}],"inLanguage":"en-US"},{"@type":"Person","@id":"https:\/\/www.manitese.it\/en\/#\/schema\/person\/5a9774f17e4940e2510bfeba90f04f65","name":"agevis","image":{"@type":"ImageObject","inLanguage":"en-US","@id":"https:\/\/secure.gravatar.com\/avatar\/2dc96c93fcf3387a5922a93b50fb3bff01d4800590fb6a4ab91a034adb25ba17?s=96&d=mm&r=g","url":"https:\/\/secure.gravatar.com\/avatar\/2dc96c93fcf3387a5922a93b50fb3bff01d4800590fb6a4ab91a034adb25ba17?s=96&d=mm&r=g","contentUrl":"https:\/\/secure.gravatar.com\/avatar\/2dc96c93fcf3387a5922a93b50fb3bff01d4800590fb6a4ab91a034adb25ba17?s=96&d=mm&r=g","caption":"agevis"},"url":"https:\/\/www.manitese.it\/en\/author\/wp_agevis_admin\/"}]}},"jetpack_featured_media_url":"https:\/\/www.manitese.it\/wp-content\/uploads\/2021\/07\/vertice-onu-sui-sistemi-alimentari-2021-mani-tese-1.jpg","jetpack_sharing_enabled":true,"_links":{"self":[{"href":"https:\/\/www.manitese.it\/en\/wp-json\/wp\/v2\/posts\/78873","targetHints":{"allow":["GET"]}}],"collection":[{"href":"https:\/\/www.manitese.it\/en\/wp-json\/wp\/v2\/posts"}],"about":[{"href":"https:\/\/www.manitese.it\/en\/wp-json\/wp\/v2\/types\/post"}],"author":[{"embeddable":true,"href":"https:\/\/www.manitese.it\/en\/wp-json\/wp\/v2\/users\/1"}],"replies":[{"embeddable":true,"href":"https:\/\/www.manitese.it\/en\/wp-json\/wp\/v2\/comments?post=78873"}],"version-history":[{"count":2,"href":"https:\/\/www.manitese.it\/en\/wp-json\/wp\/v2\/posts\/78873\/revisions"}],"predecessor-version":[{"id":177823,"href":"https:\/\/www.manitese.it\/en\/wp-json\/wp\/v2\/posts\/78873\/revisions\/177823"}],"wp:featuredmedia":[{"embeddable":true,"href":"https:\/\/www.manitese.it\/en\/wp-json\/wp\/v2\/media\/78883"}],"wp:attachment":[{"href":"https:\/\/www.manitese.it\/en\/wp-json\/wp\/v2\/media?parent=78873"}],"wp:term":[{"taxonomy":"category","embeddable":true,"href":"https:\/\/www.manitese.it\/en\/wp-json\/wp\/v2\/categories?post=78873"},{"taxonomy":"post_tag","embeddable":true,"href":"https:\/\/www.manitese.it\/en\/wp-json\/wp\/v2\/tags?post=78873"},{"taxonomy":"thematic_area","embeddable":true,"href":"https:\/\/www.manitese.it\/en\/wp-json\/wp\/v2\/thematic_area?post=78873"}],"curies":[{"name":"wp","href":"https:\/\/api.w.org\/{rel}","templated":true}]}}