{"id":78829,"date":"2021-07-29T13:39:00","date_gmt":"2021-07-29T11:39:00","guid":{"rendered":"https:\/\/manitese.it\/?p=78829"},"modified":"2023-11-30T10:20:24","modified_gmt":"2023-11-30T09:20:24","slug":"dall-orticoltura-alla-frutticoltura-la-storia-di-david","status":"publish","type":"post","link":"https:\/\/www.manitese.it\/en\/dall-orticoltura-alla-frutticoltura-la-storia-di-david\/","title":{"rendered":"DALL\u2019ORTICOLTURA ALLA FRUTTICOLTURA: LA STORIA DI DAVID"},"content":{"rendered":"\r\n<p><strong>David Chelal<\/strong> vive nella zona di Kirambach, nella <strong>contea di Baringo<\/strong>. Nel 2014 ha cominciato a dedicarsi all&#8217;<strong>orticoltura<\/strong>, ma inizialmente non aveva sufficienti conoscenze in materia e i suoi raccolti erano poveri. Convinto per\u00f2 che l&#8217;orticoltura potesse cambiare la sua vita, David si \u00e8 trasferito prendendo in affitto un nuovo terreno.<\/p>\r\n\r\n\r\n\r\n<p>Durante questo periodo di cambiamento, David ha imparato molte cose sulla <strong>frutticoltura<\/strong>. Ha iniziato a piantare <strong>banani<\/strong> e a prendersi cura degli <strong>alberi di mango<\/strong> che gi\u00e0 si trovavano in quel terreno. Se durante la prima esperienza come agricoltore l\u2019acqua scarseggiava, dopo il trasferimento David \u00e8 stato pi\u00f9 fortunato perch\u00e9 il nuovo terreno \u00e8 raggiunto da un piccolo canale proveniente da un vicino fiume.<\/p>\r\n\r\n\r\n\r\n<p>La nuova attivit\u00e0 di David \u00e8 iniziata molto bene, tanto che ha per il momento abbandonato l\u2019orticoltura e il suo desiderio \u00e8 quello di espandere la frutticoltura e aumentare cos\u00ec il proprio reddito. Vista la sua determinazione, lo staff di Mani Tese in Kenya ha deciso di coinvolgerlo nel progetto\u00a0<a href=\"https:\/\/manitese.it\/progetto\/agrichange-piccole-imprese-grandi-opportunita\" target=\"_blank\" rel=\"noreferrer noopener\"><strong>\u201cAgri-change: piccole imprese grandi opportunit\u00e0. Sviluppo di filiere agro-alimentari nel bacino del fiume Molo\u201d<\/strong><\/a>, cofinanziato dall\u2019<a href=\"https:\/\/www.aics.gov.it\/\" target=\"_blank\" rel=\"noreferrer noopener\"><strong>Agenzia Italiana per la cooperazione allo sviluppo<\/strong><\/a>.<\/p>\r\n\r\n\r\n\r\n<p><strong>Sono state quindi consegnate a David alcune piante da frutto<\/strong>, in particolare 125 piante di papaia, 15 piante di acacia e 10 piante di mango. Ora David vuole diventare un fornitore di frutta per la citt\u00e0 di Marigat, dove vi \u00e8 un importante mercato, e per altre aree vicine, ma non abbandona il progetto di coltivare ortaggi, anzi.<\/p>\r\n\r\n\r\n\r\n<p>\u201cQuesta esperienza \u2013 <strong>racconta David<\/strong> \u2013 mi ha fatto capire che, con le conoscenze, posso avere successo anche con la coltivazione di ortaggi. Adesso, per\u00f2, la cosa pi\u00f9 importante \u00e8 che i frutti dei miei alberi vengano raccolti e diventino sia cibo nutriente per la mia famiglia sia una fonte di reddito. Ringrazio Mani Tese perch\u00e9 la formazione \u00e8 stata fondamentale per permettermi di far crescere bene le piantine\u201d.<\/p>\r\n\r\n\r\n\r\n<p>Al momento della nostra visita alla fattoria di David, gli alberi erano in ottimo stato ed era gi\u00e0 cominciato il momento della raccolta. La speranza \u00e8 che l\u2019esempio di David possa portare altri agricoltori e abitanti della zona a sviluppare le proprie attivit\u00e0 aumentando il proprio reddito e migliorando le proprie condizioni di vita.<\/p>\r\n\r\n\r\n\r\n<div class=\"wp-block-image\">\r\n<figure class=\"aligncenter size-large\"><a href=\"https:\/\/manitese.it\/wp-content\/uploads\/2021\/07\/david-frutticoltura-kenya-mani-tese-2021_1.jpg\" target=\"_blank\" rel=\"noreferrer noopener\"><img decoding=\"async\" class=\"wp-image-78836\" src=\"https:\/\/manitese.it\/wp-content\/uploads\/2021\/07\/david-frutticoltura-kenya-mani-tese-2021_1-1024x768.jpg\" alt=\"\" \/><\/a><\/figure>\r\n<\/div>\r\n","protected":false},"excerpt":{"rendered":"<p>Grazie al progetto AGRI-CHANGE, che Mani Tese sta realizzando in Kenya, David Chelal sta sviluppando la sua coltivazione di alberi da frutto.<\/p>\n","protected":false},"author":1,"featured_media":78832,"comment_status":"open","ping_status":"open","sticky":false,"template":"","format":"standard","meta":{"_acf_changed":false,"give_campaign_id":0,"inline_featured_image":false,"_jetpack_memberships_contains_paid_content":false,"footnotes":""},"categories":[3],"tags":[],"thematic_area":[918,917],"class_list":["post-78829","post","type-post","status-publish","format-standard","has-post-thumbnail","hentry","category-diari","thematic_area-sistemi-e-filiere-agroalimentari-locali","thematic_area-economia-circolare"],"acf":[],"yoast_head":"<!-- This site is optimized with the Yoast SEO plugin v27.5 - https:\/\/yoast.com\/product\/yoast-seo-wordpress\/ -->\n<title>DALL\u2019ORTICOLTURA ALLA FRUTTICOLTURA: LA STORIA DI DAVID - Mani Tese<\/title>\n<meta name=\"description\" content=\"Grazie al progetto AGRI-CHANGE, che Mani Tese sta realizzando in Kenya, David Chelal sta sviluppando la sua coltivazione di alberi da frutto.\" \/>\n<meta name=\"robots\" content=\"index, follow, max-snippet:-1, max-image-preview:large, max-video-preview:-1\" \/>\n<link rel=\"canonical\" href=\"https:\/\/www.manitese.it\/en\/dall-orticoltura-alla-frutticoltura-la-storia-di-david\/\" \/>\n<meta property=\"og:locale\" content=\"en_US\" \/>\n<meta property=\"og:type\" content=\"article\" \/>\n<meta property=\"og:title\" content=\"DALL\u2019ORTICOLTURA ALLA FRUTTICOLTURA: LA STORIA DI DAVID - Mani Tese\" \/>\n<meta property=\"og:description\" content=\"Grazie al progetto AGRI-CHANGE, che Mani Tese sta realizzando in Kenya, David Chelal sta sviluppando la sua coltivazione di alberi da frutto.\" \/>\n<meta property=\"og:url\" content=\"https:\/\/www.manitese.it\/en\/dall-orticoltura-alla-frutticoltura-la-storia-di-david\/\" \/>\n<meta property=\"og:site_name\" content=\"Mani Tese\" \/>\n<meta property=\"article:published_time\" content=\"2021-07-29T11:39:00+00:00\" \/>\n<meta property=\"article:modified_time\" content=\"2023-11-30T09:20:24+00:00\" \/>\n<meta property=\"og:image\" content=\"https:\/\/www.manitese.it\/wp-content\/uploads\/2021\/07\/david-frutticoltura-kenya-mani-tese-2021-1.jpg\" \/>\n\t<meta property=\"og:image:width\" content=\"1920\" \/>\n\t<meta property=\"og:image:height\" content=\"800\" \/>\n\t<meta property=\"og:image:type\" content=\"image\/jpeg\" \/>\n<meta name=\"author\" content=\"agevis\" \/>\n<meta name=\"twitter:card\" content=\"summary_large_image\" \/>\n<meta name=\"twitter:label1\" content=\"Written by\" \/>\n\t<meta name=\"twitter:data1\" content=\"agevis\" \/>\n\t<meta name=\"twitter:label2\" content=\"Est. reading time\" \/>\n\t<meta name=\"twitter:data2\" content=\"2 minutes\" \/>\n<script type=\"application\/ld+json\" class=\"yoast-schema-graph\">{\"@context\":\"https:\\\/\\\/schema.org\",\"@graph\":[{\"@type\":\"Article\",\"@id\":\"https:\\\/\\\/www.manitese.it\\\/en\\\/dall-orticoltura-alla-frutticoltura-la-storia-di-david\\\/#article\",\"isPartOf\":{\"@id\":\"https:\\\/\\\/www.manitese.it\\\/en\\\/dall-orticoltura-alla-frutticoltura-la-storia-di-david\\\/\"},\"author\":{\"name\":\"agevis\",\"@id\":\"https:\\\/\\\/www.manitese.it\\\/en\\\/#\\\/schema\\\/person\\\/5a9774f17e4940e2510bfeba90f04f65\"},\"headline\":\"DALL\u2019ORTICOLTURA ALLA FRUTTICOLTURA: LA STORIA DI DAVID\",\"datePublished\":\"2021-07-29T11:39:00+00:00\",\"dateModified\":\"2023-11-30T09:20:24+00:00\",\"mainEntityOfPage\":{\"@id\":\"https:\\\/\\\/www.manitese.it\\\/en\\\/dall-orticoltura-alla-frutticoltura-la-storia-di-david\\\/\"},\"wordCount\":367,\"commentCount\":0,\"image\":{\"@id\":\"https:\\\/\\\/www.manitese.it\\\/en\\\/dall-orticoltura-alla-frutticoltura-la-storia-di-david\\\/#primaryimage\"},\"thumbnailUrl\":\"https:\\\/\\\/www.manitese.it\\\/wp-content\\\/uploads\\\/2021\\\/07\\\/david-frutticoltura-kenya-mani-tese-2021-1.jpg\",\"articleSection\":[\"Diari\"],\"inLanguage\":\"en-US\",\"potentialAction\":[{\"@type\":\"CommentAction\",\"name\":\"Comment\",\"target\":[\"https:\\\/\\\/www.manitese.it\\\/en\\\/dall-orticoltura-alla-frutticoltura-la-storia-di-david\\\/#respond\"]}]},{\"@type\":\"WebPage\",\"@id\":\"https:\\\/\\\/www.manitese.it\\\/en\\\/dall-orticoltura-alla-frutticoltura-la-storia-di-david\\\/\",\"url\":\"https:\\\/\\\/www.manitese.it\\\/en\\\/dall-orticoltura-alla-frutticoltura-la-storia-di-david\\\/\",\"name\":\"DALL\u2019ORTICOLTURA ALLA FRUTTICOLTURA: LA STORIA DI DAVID - Mani Tese\",\"isPartOf\":{\"@id\":\"https:\\\/\\\/www.manitese.it\\\/en\\\/#website\"},\"primaryImageOfPage\":{\"@id\":\"https:\\\/\\\/www.manitese.it\\\/en\\\/dall-orticoltura-alla-frutticoltura-la-storia-di-david\\\/#primaryimage\"},\"image\":{\"@id\":\"https:\\\/\\\/www.manitese.it\\\/en\\\/dall-orticoltura-alla-frutticoltura-la-storia-di-david\\\/#primaryimage\"},\"thumbnailUrl\":\"https:\\\/\\\/www.manitese.it\\\/wp-content\\\/uploads\\\/2021\\\/07\\\/david-frutticoltura-kenya-mani-tese-2021-1.jpg\",\"datePublished\":\"2021-07-29T11:39:00+00:00\",\"dateModified\":\"2023-11-30T09:20:24+00:00\",\"author\":{\"@id\":\"https:\\\/\\\/www.manitese.it\\\/en\\\/#\\\/schema\\\/person\\\/5a9774f17e4940e2510bfeba90f04f65\"},\"description\":\"Grazie al progetto AGRI-CHANGE, che Mani Tese sta realizzando in Kenya, David Chelal sta sviluppando la sua coltivazione di alberi da frutto.\",\"breadcrumb\":{\"@id\":\"https:\\\/\\\/www.manitese.it\\\/en\\\/dall-orticoltura-alla-frutticoltura-la-storia-di-david\\\/#breadcrumb\"},\"inLanguage\":\"en-US\",\"potentialAction\":[{\"@type\":\"ReadAction\",\"target\":[\"https:\\\/\\\/www.manitese.it\\\/en\\\/dall-orticoltura-alla-frutticoltura-la-storia-di-david\\\/\"]}]},{\"@type\":\"ImageObject\",\"inLanguage\":\"en-US\",\"@id\":\"https:\\\/\\\/www.manitese.it\\\/en\\\/dall-orticoltura-alla-frutticoltura-la-storia-di-david\\\/#primaryimage\",\"url\":\"https:\\\/\\\/www.manitese.it\\\/wp-content\\\/uploads\\\/2021\\\/07\\\/david-frutticoltura-kenya-mani-tese-2021-1.jpg\",\"contentUrl\":\"https:\\\/\\\/www.manitese.it\\\/wp-content\\\/uploads\\\/2021\\\/07\\\/david-frutticoltura-kenya-mani-tese-2021-1.jpg\",\"width\":1920,\"height\":800},{\"@type\":\"BreadcrumbList\",\"@id\":\"https:\\\/\\\/www.manitese.it\\\/en\\\/dall-orticoltura-alla-frutticoltura-la-storia-di-david\\\/#breadcrumb\",\"itemListElement\":[{\"@type\":\"ListItem\",\"position\":1,\"name\":\"Home\",\"item\":\"https:\\\/\\\/www.manitese.it\\\/en\\\/\"},{\"@type\":\"ListItem\",\"position\":2,\"name\":\"DALL\u2019ORTICOLTURA ALLA FRUTTICOLTURA: LA STORIA DI DAVID\"}]},{\"@type\":\"WebSite\",\"@id\":\"https:\\\/\\\/www.manitese.it\\\/en\\\/#website\",\"url\":\"https:\\\/\\\/www.manitese.it\\\/en\\\/\",\"name\":\"Mani Tese\",\"description\":\"\",\"potentialAction\":[{\"@type\":\"SearchAction\",\"target\":{\"@type\":\"EntryPoint\",\"urlTemplate\":\"https:\\\/\\\/www.manitese.it\\\/en\\\/?s={search_term_string}\"},\"query-input\":{\"@type\":\"PropertyValueSpecification\",\"valueRequired\":true,\"valueName\":\"search_term_string\"}}],\"inLanguage\":\"en-US\"},{\"@type\":\"Person\",\"@id\":\"https:\\\/\\\/www.manitese.it\\\/en\\\/#\\\/schema\\\/person\\\/5a9774f17e4940e2510bfeba90f04f65\",\"name\":\"agevis\",\"image\":{\"@type\":\"ImageObject\",\"inLanguage\":\"en-US\",\"@id\":\"https:\\\/\\\/secure.gravatar.com\\\/avatar\\\/2dc96c93fcf3387a5922a93b50fb3bff01d4800590fb6a4ab91a034adb25ba17?s=96&d=mm&r=g\",\"url\":\"https:\\\/\\\/secure.gravatar.com\\\/avatar\\\/2dc96c93fcf3387a5922a93b50fb3bff01d4800590fb6a4ab91a034adb25ba17?s=96&d=mm&r=g\",\"contentUrl\":\"https:\\\/\\\/secure.gravatar.com\\\/avatar\\\/2dc96c93fcf3387a5922a93b50fb3bff01d4800590fb6a4ab91a034adb25ba17?s=96&d=mm&r=g\",\"caption\":\"agevis\"},\"url\":\"https:\\\/\\\/www.manitese.it\\\/en\\\/author\\\/wp_agevis_admin\\\/\"}]}<\/script>\n<!-- \/ Yoast SEO plugin. -->","yoast_head_json":{"title":"DALL\u2019ORTICOLTURA ALLA FRUTTICOLTURA: LA STORIA DI DAVID - Mani Tese","description":"Grazie al progetto AGRI-CHANGE, che Mani Tese sta realizzando in Kenya, David Chelal sta sviluppando la sua coltivazione di alberi da frutto.","robots":{"index":"index","follow":"follow","max-snippet":"max-snippet:-1","max-image-preview":"max-image-preview:large","max-video-preview":"max-video-preview:-1"},"canonical":"https:\/\/www.manitese.it\/en\/dall-orticoltura-alla-frutticoltura-la-storia-di-david\/","og_locale":"en_US","og_type":"article","og_title":"DALL\u2019ORTICOLTURA ALLA FRUTTICOLTURA: LA STORIA DI DAVID - Mani Tese","og_description":"Grazie al progetto AGRI-CHANGE, che Mani Tese sta realizzando in Kenya, David Chelal sta sviluppando la sua coltivazione di alberi da frutto.","og_url":"https:\/\/www.manitese.it\/en\/dall-orticoltura-alla-frutticoltura-la-storia-di-david\/","og_site_name":"Mani Tese","article_published_time":"2021-07-29T11:39:00+00:00","article_modified_time":"2023-11-30T09:20:24+00:00","og_image":[{"width":1920,"height":800,"url":"https:\/\/www.manitese.it\/wp-content\/uploads\/2021\/07\/david-frutticoltura-kenya-mani-tese-2021-1.jpg","type":"image\/jpeg"}],"author":"agevis","twitter_card":"summary_large_image","twitter_misc":{"Written by":"agevis","Est. reading time":"2 minutes"},"schema":{"@context":"https:\/\/schema.org","@graph":[{"@type":"Article","@id":"https:\/\/www.manitese.it\/en\/dall-orticoltura-alla-frutticoltura-la-storia-di-david\/#article","isPartOf":{"@id":"https:\/\/www.manitese.it\/en\/dall-orticoltura-alla-frutticoltura-la-storia-di-david\/"},"author":{"name":"agevis","@id":"https:\/\/www.manitese.it\/en\/#\/schema\/person\/5a9774f17e4940e2510bfeba90f04f65"},"headline":"DALL\u2019ORTICOLTURA ALLA FRUTTICOLTURA: LA STORIA DI DAVID","datePublished":"2021-07-29T11:39:00+00:00","dateModified":"2023-11-30T09:20:24+00:00","mainEntityOfPage":{"@id":"https:\/\/www.manitese.it\/en\/dall-orticoltura-alla-frutticoltura-la-storia-di-david\/"},"wordCount":367,"commentCount":0,"image":{"@id":"https:\/\/www.manitese.it\/en\/dall-orticoltura-alla-frutticoltura-la-storia-di-david\/#primaryimage"},"thumbnailUrl":"https:\/\/www.manitese.it\/wp-content\/uploads\/2021\/07\/david-frutticoltura-kenya-mani-tese-2021-1.jpg","articleSection":["Diari"],"inLanguage":"en-US","potentialAction":[{"@type":"CommentAction","name":"Comment","target":["https:\/\/www.manitese.it\/en\/dall-orticoltura-alla-frutticoltura-la-storia-di-david\/#respond"]}]},{"@type":"WebPage","@id":"https:\/\/www.manitese.it\/en\/dall-orticoltura-alla-frutticoltura-la-storia-di-david\/","url":"https:\/\/www.manitese.it\/en\/dall-orticoltura-alla-frutticoltura-la-storia-di-david\/","name":"DALL\u2019ORTICOLTURA ALLA FRUTTICOLTURA: LA STORIA DI DAVID - Mani Tese","isPartOf":{"@id":"https:\/\/www.manitese.it\/en\/#website"},"primaryImageOfPage":{"@id":"https:\/\/www.manitese.it\/en\/dall-orticoltura-alla-frutticoltura-la-storia-di-david\/#primaryimage"},"image":{"@id":"https:\/\/www.manitese.it\/en\/dall-orticoltura-alla-frutticoltura-la-storia-di-david\/#primaryimage"},"thumbnailUrl":"https:\/\/www.manitese.it\/wp-content\/uploads\/2021\/07\/david-frutticoltura-kenya-mani-tese-2021-1.jpg","datePublished":"2021-07-29T11:39:00+00:00","dateModified":"2023-11-30T09:20:24+00:00","author":{"@id":"https:\/\/www.manitese.it\/en\/#\/schema\/person\/5a9774f17e4940e2510bfeba90f04f65"},"description":"Grazie al progetto AGRI-CHANGE, che Mani Tese sta realizzando in Kenya, David Chelal sta sviluppando la sua coltivazione di alberi da frutto.","breadcrumb":{"@id":"https:\/\/www.manitese.it\/en\/dall-orticoltura-alla-frutticoltura-la-storia-di-david\/#breadcrumb"},"inLanguage":"en-US","potentialAction":[{"@type":"ReadAction","target":["https:\/\/www.manitese.it\/en\/dall-orticoltura-alla-frutticoltura-la-storia-di-david\/"]}]},{"@type":"ImageObject","inLanguage":"en-US","@id":"https:\/\/www.manitese.it\/en\/dall-orticoltura-alla-frutticoltura-la-storia-di-david\/#primaryimage","url":"https:\/\/www.manitese.it\/wp-content\/uploads\/2021\/07\/david-frutticoltura-kenya-mani-tese-2021-1.jpg","contentUrl":"https:\/\/www.manitese.it\/wp-content\/uploads\/2021\/07\/david-frutticoltura-kenya-mani-tese-2021-1.jpg","width":1920,"height":800},{"@type":"BreadcrumbList","@id":"https:\/\/www.manitese.it\/en\/dall-orticoltura-alla-frutticoltura-la-storia-di-david\/#breadcrumb","itemListElement":[{"@type":"ListItem","position":1,"name":"Home","item":"https:\/\/www.manitese.it\/en\/"},{"@type":"ListItem","position":2,"name":"DALL\u2019ORTICOLTURA ALLA FRUTTICOLTURA: LA STORIA DI DAVID"}]},{"@type":"WebSite","@id":"https:\/\/www.manitese.it\/en\/#website","url":"https:\/\/www.manitese.it\/en\/","name":"Mani Tese","description":"","potentialAction":[{"@type":"SearchAction","target":{"@type":"EntryPoint","urlTemplate":"https:\/\/www.manitese.it\/en\/?s={search_term_string}"},"query-input":{"@type":"PropertyValueSpecification","valueRequired":true,"valueName":"search_term_string"}}],"inLanguage":"en-US"},{"@type":"Person","@id":"https:\/\/www.manitese.it\/en\/#\/schema\/person\/5a9774f17e4940e2510bfeba90f04f65","name":"agevis","image":{"@type":"ImageObject","inLanguage":"en-US","@id":"https:\/\/secure.gravatar.com\/avatar\/2dc96c93fcf3387a5922a93b50fb3bff01d4800590fb6a4ab91a034adb25ba17?s=96&d=mm&r=g","url":"https:\/\/secure.gravatar.com\/avatar\/2dc96c93fcf3387a5922a93b50fb3bff01d4800590fb6a4ab91a034adb25ba17?s=96&d=mm&r=g","contentUrl":"https:\/\/secure.gravatar.com\/avatar\/2dc96c93fcf3387a5922a93b50fb3bff01d4800590fb6a4ab91a034adb25ba17?s=96&d=mm&r=g","caption":"agevis"},"url":"https:\/\/www.manitese.it\/en\/author\/wp_agevis_admin\/"}]}},"jetpack_featured_media_url":"https:\/\/www.manitese.it\/wp-content\/uploads\/2021\/07\/david-frutticoltura-kenya-mani-tese-2021-1.jpg","jetpack_sharing_enabled":true,"_links":{"self":[{"href":"https:\/\/www.manitese.it\/en\/wp-json\/wp\/v2\/posts\/78829","targetHints":{"allow":["GET"]}}],"collection":[{"href":"https:\/\/www.manitese.it\/en\/wp-json\/wp\/v2\/posts"}],"about":[{"href":"https:\/\/www.manitese.it\/en\/wp-json\/wp\/v2\/types\/post"}],"author":[{"embeddable":true,"href":"https:\/\/www.manitese.it\/en\/wp-json\/wp\/v2\/users\/1"}],"replies":[{"embeddable":true,"href":"https:\/\/www.manitese.it\/en\/wp-json\/wp\/v2\/comments?post=78829"}],"version-history":[{"count":2,"href":"https:\/\/www.manitese.it\/en\/wp-json\/wp\/v2\/posts\/78829\/revisions"}],"predecessor-version":[{"id":191664,"href":"https:\/\/www.manitese.it\/en\/wp-json\/wp\/v2\/posts\/78829\/revisions\/191664"}],"wp:featuredmedia":[{"embeddable":true,"href":"https:\/\/www.manitese.it\/en\/wp-json\/wp\/v2\/media\/78832"}],"wp:attachment":[{"href":"https:\/\/www.manitese.it\/en\/wp-json\/wp\/v2\/media?parent=78829"}],"wp:term":[{"taxonomy":"category","embeddable":true,"href":"https:\/\/www.manitese.it\/en\/wp-json\/wp\/v2\/categories?post=78829"},{"taxonomy":"post_tag","embeddable":true,"href":"https:\/\/www.manitese.it\/en\/wp-json\/wp\/v2\/tags?post=78829"},{"taxonomy":"thematic_area","embeddable":true,"href":"https:\/\/www.manitese.it\/en\/wp-json\/wp\/v2\/thematic_area?post=78829"}],"curies":[{"name":"wp","href":"https:\/\/api.w.org\/{rel}","templated":true}]}}