{"id":78627,"date":"2021-07-21T13:21:39","date_gmt":"2021-07-21T11:21:39","guid":{"rendered":"https:\/\/manitese.it\/?p=78627"},"modified":"2023-12-18T12:10:11","modified_gmt":"2023-12-18T11:10:11","slug":"in-burkina-faso-formiamo-le-organizzazioni-sulla-violenza-di-genere","status":"publish","type":"post","link":"https:\/\/www.manitese.it\/en\/in-burkina-faso-formiamo-le-organizzazioni-sulla-violenza-di-genere\/","title":{"rendered":"IN BURKINA FASO FORMIAMO LE ORGANIZZAZIONI SULLA VIOLENZA DI GENERE"},"content":{"rendered":"\r\n<p>Se nasci, cresci e vivi in <strong>un contesto dove la donna \u00e8 considerata inferiore all\u2019uomo<\/strong>, al primo schiaffo non dirai nulla, perch\u00e9 ti sembrer\u00e0 normale, ti sembrer\u00e0 di essertelo meritato, ti sembrer\u00e0 giusto. Se nasci, cresci e vivi in un contesto del genere, quando tuo marito torner\u00e0 a casa la sera e urler\u00e0 dicendo che la cena non \u00e8 ancora pronta e c\u2019\u00e8 della polvere nell\u2019angolo, ti sentirai in colpa per aver fatto tardi a raccogliere quintali di legna nel bosco, trasportandola sulle spalle. Gli darai ragione e ti scuserai. Se nasci, cresci e vivi in un contesto di questo tipo e nessuno te lo dice, semplicemente non puoi sapere che <strong>tutto ci\u00f2 non va bene, non \u00e8 affatto normale e che hai dei diritti<\/strong>.<\/p>\r\n\r\n\r\n\r\n<p>Per questo negli ultimi due mesi, con il progetto\u00a0<strong>\u201c<\/strong><a href=\"https:\/\/manitese.it\/progetto\/promozione-sociale-donne-bambini-servizi-sanitari\" target=\"_blank\" rel=\"noreferrer noopener\" aria-label=\" (apre in una nuova scheda)\"><strong>Promozione sociale e dei diritti delle donne e dei bambini per il miglioramento dei servizi sanitari e di stato civile<\/strong><\/a><strong>\u201d<\/strong>, cofinanziato dall\u2019<strong>Unione Europea <\/strong>nell\u2019ambito del programma \u201cPopulation\u201d, abbiamo formato le organizzazioni della societ\u00e0 civile di 7 province in 3 regioni del Burkina Faso su <strong>cosa sono le<\/strong> <strong>violenze di genere<\/strong>, come riconoscerne i segni, <strong>quali sono gli<\/strong> <strong>strumenti di tutela<\/strong> e come accompagnare le vittime ad avere il <strong>supporto psicologico e giuridico<\/strong> che serve loro.<\/p>\r\n\r\n\r\n\r\n<p>La formazione, rivolta a persone, sia uomini sia donne, con un certo livello di formazione e apertura mentale di modo da responsabilizzarli in seno alle comunit\u00e0 di appartenenza, partiva da una domanda molto semplice ovvero: <strong>qual \u00e8 un compito prettamente maschile e uno prettamente femminile?<\/strong> Le risposte sono state quelle che immaginiamo: \u201cla donna deve occuparsi dei bambini\u201d, \u201cla donna deve cucinare\u201d, \u201cla donna deve curare la casa\u201d, \u201cl\u2019uomo lavora\u201d.<\/p>\r\n\r\n\r\n\r\n<p>La formatrice ha quindi chiesto agli uomini presenti se fosse mai capitato loro di spazzare il cortile o lavare i piatti. La maggior parte di loro ha risposto di s\u00ec. Lei allora ha chiesto loro di alzarsi e di mostrarsi per bene: in effetti non sembravano aver subito danni permanenti. Risate in sala. <strong>\u00c8 stato poi mostrato visivamente, con l\u2019aiuto di cartelli, il numero di incarichi e compiti che tradizionalmente incombono sulla donna e quelli che invece sono attribuiti all\u2019uomo<\/strong>. Sono stati letti e ad ognuno \u00e8 stato assegnato un tempo di esecuzione realistico. Alla fine c\u2019era il silenzio in sala. E a quel punto, di fronte ad un lieve imbarazzo ma soprattutto ad una maggiore comprensione, abbiamo iniziato a parlare di violenza, che \u00e8 sbagliata a prescindere dal contesto culturale e dalle abitudini, che va denunciata e le cui vittime vanno individuate e supportate.<\/p>\r\n\r\n\r\n\r\n<p><strong>I partecipanti hanno accettato la sfida<\/strong>: si sono confrontati su casi molto crudi e duri delle loro comunit\u00e0 (parliamo di spose bambine, di ragazzine di 11 anni messe incinte da un familiare e poi allontanate dalla famiglia in quanto streghe, di mutilazione genitale femminile e tanto altro) e si sono impegnati ad essere un punto di riferimento, sia per sensibilizzare le persone della propria zona, sia per farsi carico di individuare e supportare le vittime con gli strumenti che la legge mette a disposizione.<\/p>\r\n\r\n\r\n\r\n<p>Nei prossimi mesi <strong>organizzeremo delle sessioni di teatro<\/strong> per arrivare direttamente al cuore delle comunit\u00e0 e diffondere il messaggio, in modo che le stesse potenziali vittime sappiano a chi rivolgersi in caso di bisogno. E speriamo che il cambiamento inizi da qui, dalla consapevolezza che NO!, non \u00e8 giusto.<\/p>\r\n\r\n\r\n\r\n<p>Qui sotto alcune foto della formazione:<\/p>\r\n\r\n\r\n\r\n<figure class=\"wp-block-image size-large\"><a href=\"https:\/\/manitese.it\/wp-content\/uploads\/2021\/07\/formazione-violenza-di-genere-burkina-faso-mani-tese-2021.jpg\" target=\"_blank\" rel=\"noreferrer noopener\"><img decoding=\"async\" class=\"wp-image-78636\" src=\"https:\/\/manitese.it\/wp-content\/uploads\/2021\/07\/formazione-violenza-di-genere-burkina-faso-mani-tese-2021-1024x768.jpg\" alt=\"\" \/><\/a><\/figure>\r\n\r\n\r\n\r\n<figure class=\"wp-block-image size-large\"><a href=\"https:\/\/manitese.it\/wp-content\/uploads\/2021\/07\/formazione-violenza-di-genere-burkina-faso-mani-tese-2021_2.jpg\" target=\"_blank\" rel=\"noreferrer noopener\"><img decoding=\"async\" class=\"wp-image-78638\" src=\"https:\/\/manitese.it\/wp-content\/uploads\/2021\/07\/formazione-violenza-di-genere-burkina-faso-mani-tese-2021_2-1024x768.jpg\" alt=\"\" \/><\/a><\/figure>\r\n","protected":false},"excerpt":{"rendered":"<p>Nei mesi scorsi abbiamo coinvolto le organizzazioni della societ\u00e0 civile di tre regioni del Burkina Faso per far riflettere sul tema della violenza di genere.<\/p>\n","protected":false},"author":1,"featured_media":78630,"comment_status":"open","ping_status":"open","sticky":false,"template":"","format":"standard","meta":{"_acf_changed":false,"give_campaign_id":0,"inline_featured_image":false,"_jetpack_memberships_contains_paid_content":false,"footnotes":""},"categories":[3],"tags":[],"thematic_area":[909,908],"class_list":["post-78627","post","type-post","status-publish","format-standard","has-post-thumbnail","hentry","category-diari","thematic_area-inclusione-sociale","thematic_area-parita-di-genere"],"acf":[],"yoast_head":"<!-- This site is optimized with the Yoast SEO plugin v27.5 - https:\/\/yoast.com\/product\/yoast-seo-wordpress\/ -->\n<title>IN BURKINA FASO FORMIAMO LE ORGANIZZAZIONI SULLA VIOLENZA DI GENERE - Mani Tese<\/title>\n<meta name=\"description\" content=\"Nei mesi scorsi abbiamo coinvolto le organizzazioni della societ\u00e0 civile di tre regioni del Burkina Faso per far riflettere sul tema della violenza di genere.\" \/>\n<meta name=\"robots\" content=\"index, follow, max-snippet:-1, max-image-preview:large, max-video-preview:-1\" \/>\n<link rel=\"canonical\" href=\"https:\/\/www.manitese.it\/en\/in-burkina-faso-formiamo-le-organizzazioni-sulla-violenza-di-genere\/\" \/>\n<meta property=\"og:locale\" content=\"en_US\" \/>\n<meta property=\"og:type\" content=\"article\" \/>\n<meta property=\"og:title\" content=\"IN BURKINA FASO FORMIAMO LE ORGANIZZAZIONI SULLA VIOLENZA DI GENERE - Mani Tese\" \/>\n<meta property=\"og:description\" content=\"Nei mesi scorsi abbiamo coinvolto le organizzazioni della societ\u00e0 civile di tre regioni del Burkina Faso per far riflettere sul tema della violenza di genere.\" \/>\n<meta property=\"og:url\" content=\"https:\/\/www.manitese.it\/en\/in-burkina-faso-formiamo-le-organizzazioni-sulla-violenza-di-genere\/\" \/>\n<meta property=\"og:site_name\" content=\"Mani Tese\" \/>\n<meta property=\"article:published_time\" content=\"2021-07-21T11:21:39+00:00\" \/>\n<meta property=\"article:modified_time\" content=\"2023-12-18T11:10:11+00:00\" \/>\n<meta property=\"og:image\" content=\"https:\/\/www.manitese.it\/wp-content\/uploads\/2021\/07\/formazione-violenza-di-genere-burkina-faso-mani-tese-2021-cover-1.jpg\" \/>\n\t<meta property=\"og:image:width\" content=\"1920\" \/>\n\t<meta property=\"og:image:height\" content=\"800\" \/>\n\t<meta property=\"og:image:type\" content=\"image\/jpeg\" \/>\n<meta name=\"author\" content=\"agevis\" \/>\n<meta name=\"twitter:card\" content=\"summary_large_image\" \/>\n<meta name=\"twitter:label1\" content=\"Written by\" \/>\n\t<meta name=\"twitter:data1\" content=\"agevis\" \/>\n\t<meta name=\"twitter:label2\" content=\"Est. reading time\" \/>\n\t<meta name=\"twitter:data2\" content=\"3 minutes\" \/>\n<script type=\"application\/ld+json\" class=\"yoast-schema-graph\">{\"@context\":\"https:\\\/\\\/schema.org\",\"@graph\":[{\"@type\":\"Article\",\"@id\":\"https:\\\/\\\/www.manitese.it\\\/en\\\/in-burkina-faso-formiamo-le-organizzazioni-sulla-violenza-di-genere\\\/#article\",\"isPartOf\":{\"@id\":\"https:\\\/\\\/www.manitese.it\\\/en\\\/in-burkina-faso-formiamo-le-organizzazioni-sulla-violenza-di-genere\\\/\"},\"author\":{\"name\":\"agevis\",\"@id\":\"https:\\\/\\\/www.manitese.it\\\/en\\\/#\\\/schema\\\/person\\\/5a9774f17e4940e2510bfeba90f04f65\"},\"headline\":\"IN BURKINA FASO FORMIAMO LE ORGANIZZAZIONI SULLA VIOLENZA DI GENERE\",\"datePublished\":\"2021-07-21T11:21:39+00:00\",\"dateModified\":\"2023-12-18T11:10:11+00:00\",\"mainEntityOfPage\":{\"@id\":\"https:\\\/\\\/www.manitese.it\\\/en\\\/in-burkina-faso-formiamo-le-organizzazioni-sulla-violenza-di-genere\\\/\"},\"wordCount\":570,\"commentCount\":0,\"image\":{\"@id\":\"https:\\\/\\\/www.manitese.it\\\/en\\\/in-burkina-faso-formiamo-le-organizzazioni-sulla-violenza-di-genere\\\/#primaryimage\"},\"thumbnailUrl\":\"https:\\\/\\\/www.manitese.it\\\/wp-content\\\/uploads\\\/2021\\\/07\\\/formazione-violenza-di-genere-burkina-faso-mani-tese-2021-cover-1.jpg\",\"articleSection\":[\"Diari\"],\"inLanguage\":\"en-US\",\"potentialAction\":[{\"@type\":\"CommentAction\",\"name\":\"Comment\",\"target\":[\"https:\\\/\\\/www.manitese.it\\\/en\\\/in-burkina-faso-formiamo-le-organizzazioni-sulla-violenza-di-genere\\\/#respond\"]}]},{\"@type\":\"WebPage\",\"@id\":\"https:\\\/\\\/www.manitese.it\\\/en\\\/in-burkina-faso-formiamo-le-organizzazioni-sulla-violenza-di-genere\\\/\",\"url\":\"https:\\\/\\\/www.manitese.it\\\/en\\\/in-burkina-faso-formiamo-le-organizzazioni-sulla-violenza-di-genere\\\/\",\"name\":\"IN BURKINA FASO FORMIAMO LE ORGANIZZAZIONI SULLA VIOLENZA DI GENERE - Mani Tese\",\"isPartOf\":{\"@id\":\"https:\\\/\\\/www.manitese.it\\\/en\\\/#website\"},\"primaryImageOfPage\":{\"@id\":\"https:\\\/\\\/www.manitese.it\\\/en\\\/in-burkina-faso-formiamo-le-organizzazioni-sulla-violenza-di-genere\\\/#primaryimage\"},\"image\":{\"@id\":\"https:\\\/\\\/www.manitese.it\\\/en\\\/in-burkina-faso-formiamo-le-organizzazioni-sulla-violenza-di-genere\\\/#primaryimage\"},\"thumbnailUrl\":\"https:\\\/\\\/www.manitese.it\\\/wp-content\\\/uploads\\\/2021\\\/07\\\/formazione-violenza-di-genere-burkina-faso-mani-tese-2021-cover-1.jpg\",\"datePublished\":\"2021-07-21T11:21:39+00:00\",\"dateModified\":\"2023-12-18T11:10:11+00:00\",\"author\":{\"@id\":\"https:\\\/\\\/www.manitese.it\\\/en\\\/#\\\/schema\\\/person\\\/5a9774f17e4940e2510bfeba90f04f65\"},\"description\":\"Nei mesi scorsi abbiamo coinvolto le organizzazioni della societ\u00e0 civile di tre regioni del Burkina Faso per far riflettere sul tema della violenza di genere.\",\"breadcrumb\":{\"@id\":\"https:\\\/\\\/www.manitese.it\\\/en\\\/in-burkina-faso-formiamo-le-organizzazioni-sulla-violenza-di-genere\\\/#breadcrumb\"},\"inLanguage\":\"en-US\",\"potentialAction\":[{\"@type\":\"ReadAction\",\"target\":[\"https:\\\/\\\/www.manitese.it\\\/en\\\/in-burkina-faso-formiamo-le-organizzazioni-sulla-violenza-di-genere\\\/\"]}]},{\"@type\":\"ImageObject\",\"inLanguage\":\"en-US\",\"@id\":\"https:\\\/\\\/www.manitese.it\\\/en\\\/in-burkina-faso-formiamo-le-organizzazioni-sulla-violenza-di-genere\\\/#primaryimage\",\"url\":\"https:\\\/\\\/www.manitese.it\\\/wp-content\\\/uploads\\\/2021\\\/07\\\/formazione-violenza-di-genere-burkina-faso-mani-tese-2021-cover-1.jpg\",\"contentUrl\":\"https:\\\/\\\/www.manitese.it\\\/wp-content\\\/uploads\\\/2021\\\/07\\\/formazione-violenza-di-genere-burkina-faso-mani-tese-2021-cover-1.jpg\",\"width\":1920,\"height\":800},{\"@type\":\"BreadcrumbList\",\"@id\":\"https:\\\/\\\/www.manitese.it\\\/en\\\/in-burkina-faso-formiamo-le-organizzazioni-sulla-violenza-di-genere\\\/#breadcrumb\",\"itemListElement\":[{\"@type\":\"ListItem\",\"position\":1,\"name\":\"Home\",\"item\":\"https:\\\/\\\/www.manitese.it\\\/en\\\/\"},{\"@type\":\"ListItem\",\"position\":2,\"name\":\"IN BURKINA FASO FORMIAMO LE ORGANIZZAZIONI SULLA VIOLENZA DI GENERE\"}]},{\"@type\":\"WebSite\",\"@id\":\"https:\\\/\\\/www.manitese.it\\\/en\\\/#website\",\"url\":\"https:\\\/\\\/www.manitese.it\\\/en\\\/\",\"name\":\"Mani Tese\",\"description\":\"\",\"potentialAction\":[{\"@type\":\"SearchAction\",\"target\":{\"@type\":\"EntryPoint\",\"urlTemplate\":\"https:\\\/\\\/www.manitese.it\\\/en\\\/?s={search_term_string}\"},\"query-input\":{\"@type\":\"PropertyValueSpecification\",\"valueRequired\":true,\"valueName\":\"search_term_string\"}}],\"inLanguage\":\"en-US\"},{\"@type\":\"Person\",\"@id\":\"https:\\\/\\\/www.manitese.it\\\/en\\\/#\\\/schema\\\/person\\\/5a9774f17e4940e2510bfeba90f04f65\",\"name\":\"agevis\",\"image\":{\"@type\":\"ImageObject\",\"inLanguage\":\"en-US\",\"@id\":\"https:\\\/\\\/secure.gravatar.com\\\/avatar\\\/2dc96c93fcf3387a5922a93b50fb3bff01d4800590fb6a4ab91a034adb25ba17?s=96&d=mm&r=g\",\"url\":\"https:\\\/\\\/secure.gravatar.com\\\/avatar\\\/2dc96c93fcf3387a5922a93b50fb3bff01d4800590fb6a4ab91a034adb25ba17?s=96&d=mm&r=g\",\"contentUrl\":\"https:\\\/\\\/secure.gravatar.com\\\/avatar\\\/2dc96c93fcf3387a5922a93b50fb3bff01d4800590fb6a4ab91a034adb25ba17?s=96&d=mm&r=g\",\"caption\":\"agevis\"},\"url\":\"https:\\\/\\\/www.manitese.it\\\/en\\\/author\\\/wp_agevis_admin\\\/\"}]}<\/script>\n<!-- \/ Yoast SEO plugin. -->","yoast_head_json":{"title":"IN BURKINA FASO FORMIAMO LE ORGANIZZAZIONI SULLA VIOLENZA DI GENERE - Mani Tese","description":"Nei mesi scorsi abbiamo coinvolto le organizzazioni della societ\u00e0 civile di tre regioni del Burkina Faso per far riflettere sul tema della violenza di genere.","robots":{"index":"index","follow":"follow","max-snippet":"max-snippet:-1","max-image-preview":"max-image-preview:large","max-video-preview":"max-video-preview:-1"},"canonical":"https:\/\/www.manitese.it\/en\/in-burkina-faso-formiamo-le-organizzazioni-sulla-violenza-di-genere\/","og_locale":"en_US","og_type":"article","og_title":"IN BURKINA FASO FORMIAMO LE ORGANIZZAZIONI SULLA VIOLENZA DI GENERE - Mani Tese","og_description":"Nei mesi scorsi abbiamo coinvolto le organizzazioni della societ\u00e0 civile di tre regioni del Burkina Faso per far riflettere sul tema della violenza di genere.","og_url":"https:\/\/www.manitese.it\/en\/in-burkina-faso-formiamo-le-organizzazioni-sulla-violenza-di-genere\/","og_site_name":"Mani Tese","article_published_time":"2021-07-21T11:21:39+00:00","article_modified_time":"2023-12-18T11:10:11+00:00","og_image":[{"width":1920,"height":800,"url":"https:\/\/www.manitese.it\/wp-content\/uploads\/2021\/07\/formazione-violenza-di-genere-burkina-faso-mani-tese-2021-cover-1.jpg","type":"image\/jpeg"}],"author":"agevis","twitter_card":"summary_large_image","twitter_misc":{"Written by":"agevis","Est. reading time":"3 minutes"},"schema":{"@context":"https:\/\/schema.org","@graph":[{"@type":"Article","@id":"https:\/\/www.manitese.it\/en\/in-burkina-faso-formiamo-le-organizzazioni-sulla-violenza-di-genere\/#article","isPartOf":{"@id":"https:\/\/www.manitese.it\/en\/in-burkina-faso-formiamo-le-organizzazioni-sulla-violenza-di-genere\/"},"author":{"name":"agevis","@id":"https:\/\/www.manitese.it\/en\/#\/schema\/person\/5a9774f17e4940e2510bfeba90f04f65"},"headline":"IN BURKINA FASO FORMIAMO LE ORGANIZZAZIONI SULLA VIOLENZA DI GENERE","datePublished":"2021-07-21T11:21:39+00:00","dateModified":"2023-12-18T11:10:11+00:00","mainEntityOfPage":{"@id":"https:\/\/www.manitese.it\/en\/in-burkina-faso-formiamo-le-organizzazioni-sulla-violenza-di-genere\/"},"wordCount":570,"commentCount":0,"image":{"@id":"https:\/\/www.manitese.it\/en\/in-burkina-faso-formiamo-le-organizzazioni-sulla-violenza-di-genere\/#primaryimage"},"thumbnailUrl":"https:\/\/www.manitese.it\/wp-content\/uploads\/2021\/07\/formazione-violenza-di-genere-burkina-faso-mani-tese-2021-cover-1.jpg","articleSection":["Diari"],"inLanguage":"en-US","potentialAction":[{"@type":"CommentAction","name":"Comment","target":["https:\/\/www.manitese.it\/en\/in-burkina-faso-formiamo-le-organizzazioni-sulla-violenza-di-genere\/#respond"]}]},{"@type":"WebPage","@id":"https:\/\/www.manitese.it\/en\/in-burkina-faso-formiamo-le-organizzazioni-sulla-violenza-di-genere\/","url":"https:\/\/www.manitese.it\/en\/in-burkina-faso-formiamo-le-organizzazioni-sulla-violenza-di-genere\/","name":"IN BURKINA FASO FORMIAMO LE ORGANIZZAZIONI SULLA VIOLENZA DI GENERE - Mani Tese","isPartOf":{"@id":"https:\/\/www.manitese.it\/en\/#website"},"primaryImageOfPage":{"@id":"https:\/\/www.manitese.it\/en\/in-burkina-faso-formiamo-le-organizzazioni-sulla-violenza-di-genere\/#primaryimage"},"image":{"@id":"https:\/\/www.manitese.it\/en\/in-burkina-faso-formiamo-le-organizzazioni-sulla-violenza-di-genere\/#primaryimage"},"thumbnailUrl":"https:\/\/www.manitese.it\/wp-content\/uploads\/2021\/07\/formazione-violenza-di-genere-burkina-faso-mani-tese-2021-cover-1.jpg","datePublished":"2021-07-21T11:21:39+00:00","dateModified":"2023-12-18T11:10:11+00:00","author":{"@id":"https:\/\/www.manitese.it\/en\/#\/schema\/person\/5a9774f17e4940e2510bfeba90f04f65"},"description":"Nei mesi scorsi abbiamo coinvolto le organizzazioni della societ\u00e0 civile di tre regioni del Burkina Faso per far riflettere sul tema della violenza di genere.","breadcrumb":{"@id":"https:\/\/www.manitese.it\/en\/in-burkina-faso-formiamo-le-organizzazioni-sulla-violenza-di-genere\/#breadcrumb"},"inLanguage":"en-US","potentialAction":[{"@type":"ReadAction","target":["https:\/\/www.manitese.it\/en\/in-burkina-faso-formiamo-le-organizzazioni-sulla-violenza-di-genere\/"]}]},{"@type":"ImageObject","inLanguage":"en-US","@id":"https:\/\/www.manitese.it\/en\/in-burkina-faso-formiamo-le-organizzazioni-sulla-violenza-di-genere\/#primaryimage","url":"https:\/\/www.manitese.it\/wp-content\/uploads\/2021\/07\/formazione-violenza-di-genere-burkina-faso-mani-tese-2021-cover-1.jpg","contentUrl":"https:\/\/www.manitese.it\/wp-content\/uploads\/2021\/07\/formazione-violenza-di-genere-burkina-faso-mani-tese-2021-cover-1.jpg","width":1920,"height":800},{"@type":"BreadcrumbList","@id":"https:\/\/www.manitese.it\/en\/in-burkina-faso-formiamo-le-organizzazioni-sulla-violenza-di-genere\/#breadcrumb","itemListElement":[{"@type":"ListItem","position":1,"name":"Home","item":"https:\/\/www.manitese.it\/en\/"},{"@type":"ListItem","position":2,"name":"IN BURKINA FASO FORMIAMO LE ORGANIZZAZIONI SULLA VIOLENZA DI GENERE"}]},{"@type":"WebSite","@id":"https:\/\/www.manitese.it\/en\/#website","url":"https:\/\/www.manitese.it\/en\/","name":"Mani Tese","description":"","potentialAction":[{"@type":"SearchAction","target":{"@type":"EntryPoint","urlTemplate":"https:\/\/www.manitese.it\/en\/?s={search_term_string}"},"query-input":{"@type":"PropertyValueSpecification","valueRequired":true,"valueName":"search_term_string"}}],"inLanguage":"en-US"},{"@type":"Person","@id":"https:\/\/www.manitese.it\/en\/#\/schema\/person\/5a9774f17e4940e2510bfeba90f04f65","name":"agevis","image":{"@type":"ImageObject","inLanguage":"en-US","@id":"https:\/\/secure.gravatar.com\/avatar\/2dc96c93fcf3387a5922a93b50fb3bff01d4800590fb6a4ab91a034adb25ba17?s=96&d=mm&r=g","url":"https:\/\/secure.gravatar.com\/avatar\/2dc96c93fcf3387a5922a93b50fb3bff01d4800590fb6a4ab91a034adb25ba17?s=96&d=mm&r=g","contentUrl":"https:\/\/secure.gravatar.com\/avatar\/2dc96c93fcf3387a5922a93b50fb3bff01d4800590fb6a4ab91a034adb25ba17?s=96&d=mm&r=g","caption":"agevis"},"url":"https:\/\/www.manitese.it\/en\/author\/wp_agevis_admin\/"}]}},"jetpack_featured_media_url":"https:\/\/www.manitese.it\/wp-content\/uploads\/2021\/07\/formazione-violenza-di-genere-burkina-faso-mani-tese-2021-cover-1.jpg","jetpack_sharing_enabled":true,"_links":{"self":[{"href":"https:\/\/www.manitese.it\/en\/wp-json\/wp\/v2\/posts\/78627","targetHints":{"allow":["GET"]}}],"collection":[{"href":"https:\/\/www.manitese.it\/en\/wp-json\/wp\/v2\/posts"}],"about":[{"href":"https:\/\/www.manitese.it\/en\/wp-json\/wp\/v2\/types\/post"}],"author":[{"embeddable":true,"href":"https:\/\/www.manitese.it\/en\/wp-json\/wp\/v2\/users\/1"}],"replies":[{"embeddable":true,"href":"https:\/\/www.manitese.it\/en\/wp-json\/wp\/v2\/comments?post=78627"}],"version-history":[{"count":2,"href":"https:\/\/www.manitese.it\/en\/wp-json\/wp\/v2\/posts\/78627\/revisions"}],"predecessor-version":[{"id":191890,"href":"https:\/\/www.manitese.it\/en\/wp-json\/wp\/v2\/posts\/78627\/revisions\/191890"}],"wp:featuredmedia":[{"embeddable":true,"href":"https:\/\/www.manitese.it\/en\/wp-json\/wp\/v2\/media\/78630"}],"wp:attachment":[{"href":"https:\/\/www.manitese.it\/en\/wp-json\/wp\/v2\/media?parent=78627"}],"wp:term":[{"taxonomy":"category","embeddable":true,"href":"https:\/\/www.manitese.it\/en\/wp-json\/wp\/v2\/categories?post=78627"},{"taxonomy":"post_tag","embeddable":true,"href":"https:\/\/www.manitese.it\/en\/wp-json\/wp\/v2\/tags?post=78627"},{"taxonomy":"thematic_area","embeddable":true,"href":"https:\/\/www.manitese.it\/en\/wp-json\/wp\/v2\/thematic_area?post=78627"}],"curies":[{"name":"wp","href":"https:\/\/api.w.org\/{rel}","templated":true}]}}