{"id":78558,"date":"2021-07-20T16:44:19","date_gmt":"2021-07-20T14:44:19","guid":{"rendered":"https:\/\/manitese.it\/?p=78558"},"modified":"2023-12-12T17:58:59","modified_gmt":"2023-12-12T16:58:59","slug":"l-impresa-di-crescere-insieme-in-burkina-faso","status":"publish","type":"post","link":"https:\/\/www.manitese.it\/en\/l-impresa-di-crescere-insieme-in-burkina-faso\/","title":{"rendered":"L\u2019IMPRESA DI CRESCERE INSIEME IN BURKINA FASO"},"content":{"rendered":"\r\n<p>Il 13 luglio 2021 Mani Tese ha ospitato online il convegno conclusivo del progetto <strong><a href=\"https:\/\/manitese.it\/progetto\/imprese-sociali-innovative-partecipazione-migranti-per-inclusione-sociale-burkina-faso\" target=\"_blank\" rel=\"noreferrer noopener\" aria-label=\"\u201cImprese sociali innovative e partecipazione sociale dei migranti per l\u2019inclusione sociale in Burkina Faso\u201d (apre in una nuova scheda)\">\u201cImprese sociali innovative e partecipazione sociale dei migranti per l\u2019inclusione sociale in Burkina Faso\u201d<\/a><\/strong>.<\/p>\r\n\r\n\r\n\r\n<p>Il progetto, promosso dall\u2019<a href=\"https:\/\/www.aics.gov.it\/\" target=\"_blank\" rel=\"noreferrer noopener\" aria-label=\"Agenzia Italiana per la Cooperazione allo Sviluppo (apre in una nuova scheda)\"><strong>Agenzia Italiana per la Cooperazione allo Sviluppo<\/strong><\/a> e dalla <strong>Fondazione Maria Enrica<\/strong>, ha avuto inizio nel 2018 con la prospettiva di <strong>contribuire al miglioramento delle condizioni di vita della popolazione rurale in Burkina Faso<\/strong>, favorendo lo sviluppo di attivit\u00e0 produttive, imprenditoriali e innovative, <strong>valorizzando soprattutto il ruolo dei giovani, delle donne e dei migranti in Italia<\/strong>.<\/p>\r\n\r\n\r\n\r\n<p>Nel corso di tre anni ha portato allo<strong> sviluppo di 20 imprese sociali<\/strong>, coinvolgendo direttamente le associazioni della diaspora burkinab\u00e9 in Italia, e <strong>formato pi\u00f9 di 900 giovani<\/strong> sull\u2019informatica di base e le nuove tecnologie.<\/p>\r\n\r\n\r\n\r\n<p>L\u2019evento ha visto la partecipazione di quasi tutte le realt\u00e0 che hanno contribuito alla implementazione del progetto (ACRA, CeSPI, una delle Associazioni della Diaspora che ha partecipato al progetto UABT \u2013 Unione delle Associazioni del Burkina Faso di Treviso, Chico Mendes, Watinoma e il Comune di Milano) che sono intervenute, non solo per condividere i risultati raggiunti, ma anche per individuare e mettere in evidenza le pratiche che hanno portato ad una realizzazione positiva dell\u2019attivit\u00e0 e che hanno messo le fondamenta per la sostenibilit\u00e0 dell\u2019iniziativa.<\/p>\r\n\r\n\r\n\r\n<p>L\u2019evento \u00e8 riuscito nel suo intento di dare un assaggio di tutte le componenti di progetto: dalla formazione dei giovani imprenditori e imprenditrici e l\u2019accompagnamento delle imprese nel loro sviluppo, dal coinvolgimento della diaspora burkinab\u00e9 residente in Italia, l\u2019esperienza del Teatro Forum e di altre campagne per la sensibilizzazione delle comunit\u00e0 a pi\u00f9 temi, fino alla presentazione di alcuni dei prodotti alimentari realizzati dalle imprese.<\/p>\r\n\r\n\r\n\r\n<p>Molti i concetti chiave che sono emersi durante l\u2019evento. Tra questi, il fatto che il progetto sia stato in grado di fare leva sui segmenti della societ\u00e0 che pi\u00f9 hanno potenzialit\u00e0 nel contesto burkinab\u00e9: i giovani, le donne che compongono la maggior parte della popolazione e i migranti burkinab\u00e9 in Italia, di cui si \u00e8 cercato di riconoscere e rafforzare le capacit\u00e0 e il protagonismo. <strong>Idriss Tarabure<\/strong>, portavoce dell\u2019<strong>Associazione Diaspora di Treviso<\/strong>, ha evidenziato l\u2019importanza del coinvolgimento della diaspora nel progetto che, grazie al riconoscimento come attore di sviluppo, ha potuto rafforzare il legame con i propri luoghi di nascita e le proprie comunit\u00e0.<\/p>\r\n\r\n\r\n\r\n<p>L\u2019evento ha cos\u00ec dato l\u2019opportunit\u00e0 di evidenziare che il lavoro in partenariato con pi\u00f9 attori diversi costituisca un enorme vantaggio per rendere concreto il cambiamento.<\/p>\r\n\r\n\r\n\r\n<p>Qui sotto puoi riguardare l&#8217;evento completo:<\/p>\r\n\r\n\r\n\r\n<p><iframe title=\"YouTube video player\" src=\"https:\/\/www.youtube.com\/embed\/YY1LOE79HfU\" width=\"100%\" height=\"450\" frameborder=\"0\" allowfullscreen=\"allowfullscreen\"><\/iframe><\/p>\r\n","protected":false},"excerpt":{"rendered":"<p>Online l\u2019evento conclusivo del progetto \u201cImprese sociali innovative e partecipazione sociale dei migranti per l\u2019inclusione sociale in Burkina Faso\u201d.<\/p>\n","protected":false},"author":1,"featured_media":70094,"comment_status":"open","ping_status":"open","sticky":false,"template":"","format":"standard","meta":{"_acf_changed":false,"give_campaign_id":0,"inline_featured_image":false,"_jetpack_memberships_contains_paid_content":false,"footnotes":""},"categories":[1],"tags":[],"thematic_area":[918,907,916],"class_list":["post-78558","post","type-post","status-publish","format-standard","has-post-thumbnail","hentry","category-news","thematic_area-sistemi-e-filiere-agroalimentari-locali","thematic_area-imprenditoria-sociale","thematic_area-citta-e-pratiche-sostenibili"],"acf":[],"yoast_head":"<!-- This site is optimized with the Yoast SEO plugin v27.5 - https:\/\/yoast.com\/product\/yoast-seo-wordpress\/ -->\n<title>L\u2019IMPRESA DI CRESCERE INSIEME IN BURKINA FASO - Mani Tese<\/title>\n<meta name=\"description\" content=\"Online l\u2019evento conclusivo del progetto \u201cImprese sociali innovative e partecipazione sociale dei migranti per l\u2019inclusione sociale in Burkina Faso\u201d.\" \/>\n<meta name=\"robots\" content=\"index, follow, max-snippet:-1, max-image-preview:large, max-video-preview:-1\" \/>\n<link rel=\"canonical\" href=\"https:\/\/www.manitese.it\/en\/l-impresa-di-crescere-insieme-in-burkina-faso\/\" \/>\n<meta property=\"og:locale\" content=\"en_US\" \/>\n<meta property=\"og:type\" content=\"article\" \/>\n<meta property=\"og:title\" content=\"L\u2019IMPRESA DI CRESCERE INSIEME IN BURKINA FASO - Mani Tese\" \/>\n<meta property=\"og:description\" content=\"Online l\u2019evento conclusivo del progetto \u201cImprese sociali innovative e partecipazione sociale dei migranti per l\u2019inclusione sociale in Burkina Faso\u201d.\" \/>\n<meta property=\"og:url\" content=\"https:\/\/www.manitese.it\/en\/l-impresa-di-crescere-insieme-in-burkina-faso\/\" \/>\n<meta property=\"og:site_name\" content=\"Mani Tese\" \/>\n<meta property=\"article:published_time\" content=\"2021-07-20T14:44:19+00:00\" \/>\n<meta property=\"article:modified_time\" content=\"2023-12-12T16:58:59+00:00\" \/>\n<meta property=\"og:image\" content=\"https:\/\/www.manitese.it\/wp-content\/uploads\/2020\/12\/couscous-jeanne-cover-mani-tese-2020-1.jpg\" \/>\n\t<meta property=\"og:image:width\" content=\"1920\" \/>\n\t<meta property=\"og:image:height\" content=\"800\" \/>\n\t<meta property=\"og:image:type\" content=\"image\/jpeg\" \/>\n<meta name=\"author\" content=\"agevis\" \/>\n<meta name=\"twitter:card\" content=\"summary_large_image\" \/>\n<meta name=\"twitter:label1\" content=\"Written by\" \/>\n\t<meta name=\"twitter:data1\" content=\"agevis\" \/>\n\t<meta name=\"twitter:label2\" content=\"Est. reading time\" \/>\n\t<meta name=\"twitter:data2\" content=\"2 minutes\" \/>\n<script type=\"application\/ld+json\" class=\"yoast-schema-graph\">{\"@context\":\"https:\\\/\\\/schema.org\",\"@graph\":[{\"@type\":\"Article\",\"@id\":\"https:\\\/\\\/www.manitese.it\\\/en\\\/l-impresa-di-crescere-insieme-in-burkina-faso\\\/#article\",\"isPartOf\":{\"@id\":\"https:\\\/\\\/www.manitese.it\\\/en\\\/l-impresa-di-crescere-insieme-in-burkina-faso\\\/\"},\"author\":{\"name\":\"agevis\",\"@id\":\"https:\\\/\\\/www.manitese.it\\\/en\\\/#\\\/schema\\\/person\\\/5a9774f17e4940e2510bfeba90f04f65\"},\"headline\":\"L\u2019IMPRESA DI CRESCERE INSIEME IN BURKINA FASO\",\"datePublished\":\"2021-07-20T14:44:19+00:00\",\"dateModified\":\"2023-12-12T16:58:59+00:00\",\"mainEntityOfPage\":{\"@id\":\"https:\\\/\\\/www.manitese.it\\\/en\\\/l-impresa-di-crescere-insieme-in-burkina-faso\\\/\"},\"wordCount\":422,\"commentCount\":0,\"image\":{\"@id\":\"https:\\\/\\\/www.manitese.it\\\/en\\\/l-impresa-di-crescere-insieme-in-burkina-faso\\\/#primaryimage\"},\"thumbnailUrl\":\"https:\\\/\\\/www.manitese.it\\\/wp-content\\\/uploads\\\/2020\\\/12\\\/couscous-jeanne-cover-mani-tese-2020-1.jpg\",\"articleSection\":[\"News\"],\"inLanguage\":\"en-US\",\"potentialAction\":[{\"@type\":\"CommentAction\",\"name\":\"Comment\",\"target\":[\"https:\\\/\\\/www.manitese.it\\\/en\\\/l-impresa-di-crescere-insieme-in-burkina-faso\\\/#respond\"]}]},{\"@type\":\"WebPage\",\"@id\":\"https:\\\/\\\/www.manitese.it\\\/en\\\/l-impresa-di-crescere-insieme-in-burkina-faso\\\/\",\"url\":\"https:\\\/\\\/www.manitese.it\\\/en\\\/l-impresa-di-crescere-insieme-in-burkina-faso\\\/\",\"name\":\"L\u2019IMPRESA DI CRESCERE INSIEME IN BURKINA FASO - Mani Tese\",\"isPartOf\":{\"@id\":\"https:\\\/\\\/www.manitese.it\\\/en\\\/#website\"},\"primaryImageOfPage\":{\"@id\":\"https:\\\/\\\/www.manitese.it\\\/en\\\/l-impresa-di-crescere-insieme-in-burkina-faso\\\/#primaryimage\"},\"image\":{\"@id\":\"https:\\\/\\\/www.manitese.it\\\/en\\\/l-impresa-di-crescere-insieme-in-burkina-faso\\\/#primaryimage\"},\"thumbnailUrl\":\"https:\\\/\\\/www.manitese.it\\\/wp-content\\\/uploads\\\/2020\\\/12\\\/couscous-jeanne-cover-mani-tese-2020-1.jpg\",\"datePublished\":\"2021-07-20T14:44:19+00:00\",\"dateModified\":\"2023-12-12T16:58:59+00:00\",\"author\":{\"@id\":\"https:\\\/\\\/www.manitese.it\\\/en\\\/#\\\/schema\\\/person\\\/5a9774f17e4940e2510bfeba90f04f65\"},\"description\":\"Online l\u2019evento conclusivo del progetto \u201cImprese sociali innovative e partecipazione sociale dei migranti per l\u2019inclusione sociale in Burkina Faso\u201d.\",\"breadcrumb\":{\"@id\":\"https:\\\/\\\/www.manitese.it\\\/en\\\/l-impresa-di-crescere-insieme-in-burkina-faso\\\/#breadcrumb\"},\"inLanguage\":\"en-US\",\"potentialAction\":[{\"@type\":\"ReadAction\",\"target\":[\"https:\\\/\\\/www.manitese.it\\\/en\\\/l-impresa-di-crescere-insieme-in-burkina-faso\\\/\"]}]},{\"@type\":\"ImageObject\",\"inLanguage\":\"en-US\",\"@id\":\"https:\\\/\\\/www.manitese.it\\\/en\\\/l-impresa-di-crescere-insieme-in-burkina-faso\\\/#primaryimage\",\"url\":\"https:\\\/\\\/www.manitese.it\\\/wp-content\\\/uploads\\\/2020\\\/12\\\/couscous-jeanne-cover-mani-tese-2020-1.jpg\",\"contentUrl\":\"https:\\\/\\\/www.manitese.it\\\/wp-content\\\/uploads\\\/2020\\\/12\\\/couscous-jeanne-cover-mani-tese-2020-1.jpg\",\"width\":1920,\"height\":800,\"caption\":\"couscous jeanne cover mani tese 2020\"},{\"@type\":\"BreadcrumbList\",\"@id\":\"https:\\\/\\\/www.manitese.it\\\/en\\\/l-impresa-di-crescere-insieme-in-burkina-faso\\\/#breadcrumb\",\"itemListElement\":[{\"@type\":\"ListItem\",\"position\":1,\"name\":\"Home\",\"item\":\"https:\\\/\\\/www.manitese.it\\\/en\\\/\"},{\"@type\":\"ListItem\",\"position\":2,\"name\":\"L\u2019IMPRESA DI CRESCERE INSIEME IN BURKINA FASO\"}]},{\"@type\":\"WebSite\",\"@id\":\"https:\\\/\\\/www.manitese.it\\\/en\\\/#website\",\"url\":\"https:\\\/\\\/www.manitese.it\\\/en\\\/\",\"name\":\"Mani Tese\",\"description\":\"\",\"potentialAction\":[{\"@type\":\"SearchAction\",\"target\":{\"@type\":\"EntryPoint\",\"urlTemplate\":\"https:\\\/\\\/www.manitese.it\\\/en\\\/?s={search_term_string}\"},\"query-input\":{\"@type\":\"PropertyValueSpecification\",\"valueRequired\":true,\"valueName\":\"search_term_string\"}}],\"inLanguage\":\"en-US\"},{\"@type\":\"Person\",\"@id\":\"https:\\\/\\\/www.manitese.it\\\/en\\\/#\\\/schema\\\/person\\\/5a9774f17e4940e2510bfeba90f04f65\",\"name\":\"agevis\",\"image\":{\"@type\":\"ImageObject\",\"inLanguage\":\"en-US\",\"@id\":\"https:\\\/\\\/secure.gravatar.com\\\/avatar\\\/2dc96c93fcf3387a5922a93b50fb3bff01d4800590fb6a4ab91a034adb25ba17?s=96&d=mm&r=g\",\"url\":\"https:\\\/\\\/secure.gravatar.com\\\/avatar\\\/2dc96c93fcf3387a5922a93b50fb3bff01d4800590fb6a4ab91a034adb25ba17?s=96&d=mm&r=g\",\"contentUrl\":\"https:\\\/\\\/secure.gravatar.com\\\/avatar\\\/2dc96c93fcf3387a5922a93b50fb3bff01d4800590fb6a4ab91a034adb25ba17?s=96&d=mm&r=g\",\"caption\":\"agevis\"},\"url\":\"https:\\\/\\\/www.manitese.it\\\/en\\\/author\\\/wp_agevis_admin\\\/\"}]}<\/script>\n<!-- \/ Yoast SEO plugin. -->","yoast_head_json":{"title":"L\u2019IMPRESA DI CRESCERE INSIEME IN BURKINA FASO - Mani Tese","description":"Online l\u2019evento conclusivo del progetto \u201cImprese sociali innovative e partecipazione sociale dei migranti per l\u2019inclusione sociale in Burkina Faso\u201d.","robots":{"index":"index","follow":"follow","max-snippet":"max-snippet:-1","max-image-preview":"max-image-preview:large","max-video-preview":"max-video-preview:-1"},"canonical":"https:\/\/www.manitese.it\/en\/l-impresa-di-crescere-insieme-in-burkina-faso\/","og_locale":"en_US","og_type":"article","og_title":"L\u2019IMPRESA DI CRESCERE INSIEME IN BURKINA FASO - Mani Tese","og_description":"Online l\u2019evento conclusivo del progetto \u201cImprese sociali innovative e partecipazione sociale dei migranti per l\u2019inclusione sociale in Burkina Faso\u201d.","og_url":"https:\/\/www.manitese.it\/en\/l-impresa-di-crescere-insieme-in-burkina-faso\/","og_site_name":"Mani Tese","article_published_time":"2021-07-20T14:44:19+00:00","article_modified_time":"2023-12-12T16:58:59+00:00","og_image":[{"width":1920,"height":800,"url":"https:\/\/www.manitese.it\/wp-content\/uploads\/2020\/12\/couscous-jeanne-cover-mani-tese-2020-1.jpg","type":"image\/jpeg"}],"author":"agevis","twitter_card":"summary_large_image","twitter_misc":{"Written by":"agevis","Est. reading time":"2 minutes"},"schema":{"@context":"https:\/\/schema.org","@graph":[{"@type":"Article","@id":"https:\/\/www.manitese.it\/en\/l-impresa-di-crescere-insieme-in-burkina-faso\/#article","isPartOf":{"@id":"https:\/\/www.manitese.it\/en\/l-impresa-di-crescere-insieme-in-burkina-faso\/"},"author":{"name":"agevis","@id":"https:\/\/www.manitese.it\/en\/#\/schema\/person\/5a9774f17e4940e2510bfeba90f04f65"},"headline":"L\u2019IMPRESA DI CRESCERE INSIEME IN BURKINA FASO","datePublished":"2021-07-20T14:44:19+00:00","dateModified":"2023-12-12T16:58:59+00:00","mainEntityOfPage":{"@id":"https:\/\/www.manitese.it\/en\/l-impresa-di-crescere-insieme-in-burkina-faso\/"},"wordCount":422,"commentCount":0,"image":{"@id":"https:\/\/www.manitese.it\/en\/l-impresa-di-crescere-insieme-in-burkina-faso\/#primaryimage"},"thumbnailUrl":"https:\/\/www.manitese.it\/wp-content\/uploads\/2020\/12\/couscous-jeanne-cover-mani-tese-2020-1.jpg","articleSection":["News"],"inLanguage":"en-US","potentialAction":[{"@type":"CommentAction","name":"Comment","target":["https:\/\/www.manitese.it\/en\/l-impresa-di-crescere-insieme-in-burkina-faso\/#respond"]}]},{"@type":"WebPage","@id":"https:\/\/www.manitese.it\/en\/l-impresa-di-crescere-insieme-in-burkina-faso\/","url":"https:\/\/www.manitese.it\/en\/l-impresa-di-crescere-insieme-in-burkina-faso\/","name":"L\u2019IMPRESA DI CRESCERE INSIEME IN BURKINA FASO - Mani Tese","isPartOf":{"@id":"https:\/\/www.manitese.it\/en\/#website"},"primaryImageOfPage":{"@id":"https:\/\/www.manitese.it\/en\/l-impresa-di-crescere-insieme-in-burkina-faso\/#primaryimage"},"image":{"@id":"https:\/\/www.manitese.it\/en\/l-impresa-di-crescere-insieme-in-burkina-faso\/#primaryimage"},"thumbnailUrl":"https:\/\/www.manitese.it\/wp-content\/uploads\/2020\/12\/couscous-jeanne-cover-mani-tese-2020-1.jpg","datePublished":"2021-07-20T14:44:19+00:00","dateModified":"2023-12-12T16:58:59+00:00","author":{"@id":"https:\/\/www.manitese.it\/en\/#\/schema\/person\/5a9774f17e4940e2510bfeba90f04f65"},"description":"Online l\u2019evento conclusivo del progetto \u201cImprese sociali innovative e partecipazione sociale dei migranti per l\u2019inclusione sociale in Burkina Faso\u201d.","breadcrumb":{"@id":"https:\/\/www.manitese.it\/en\/l-impresa-di-crescere-insieme-in-burkina-faso\/#breadcrumb"},"inLanguage":"en-US","potentialAction":[{"@type":"ReadAction","target":["https:\/\/www.manitese.it\/en\/l-impresa-di-crescere-insieme-in-burkina-faso\/"]}]},{"@type":"ImageObject","inLanguage":"en-US","@id":"https:\/\/www.manitese.it\/en\/l-impresa-di-crescere-insieme-in-burkina-faso\/#primaryimage","url":"https:\/\/www.manitese.it\/wp-content\/uploads\/2020\/12\/couscous-jeanne-cover-mani-tese-2020-1.jpg","contentUrl":"https:\/\/www.manitese.it\/wp-content\/uploads\/2020\/12\/couscous-jeanne-cover-mani-tese-2020-1.jpg","width":1920,"height":800,"caption":"couscous jeanne cover mani tese 2020"},{"@type":"BreadcrumbList","@id":"https:\/\/www.manitese.it\/en\/l-impresa-di-crescere-insieme-in-burkina-faso\/#breadcrumb","itemListElement":[{"@type":"ListItem","position":1,"name":"Home","item":"https:\/\/www.manitese.it\/en\/"},{"@type":"ListItem","position":2,"name":"L\u2019IMPRESA DI CRESCERE INSIEME IN BURKINA FASO"}]},{"@type":"WebSite","@id":"https:\/\/www.manitese.it\/en\/#website","url":"https:\/\/www.manitese.it\/en\/","name":"Mani Tese","description":"","potentialAction":[{"@type":"SearchAction","target":{"@type":"EntryPoint","urlTemplate":"https:\/\/www.manitese.it\/en\/?s={search_term_string}"},"query-input":{"@type":"PropertyValueSpecification","valueRequired":true,"valueName":"search_term_string"}}],"inLanguage":"en-US"},{"@type":"Person","@id":"https:\/\/www.manitese.it\/en\/#\/schema\/person\/5a9774f17e4940e2510bfeba90f04f65","name":"agevis","image":{"@type":"ImageObject","inLanguage":"en-US","@id":"https:\/\/secure.gravatar.com\/avatar\/2dc96c93fcf3387a5922a93b50fb3bff01d4800590fb6a4ab91a034adb25ba17?s=96&d=mm&r=g","url":"https:\/\/secure.gravatar.com\/avatar\/2dc96c93fcf3387a5922a93b50fb3bff01d4800590fb6a4ab91a034adb25ba17?s=96&d=mm&r=g","contentUrl":"https:\/\/secure.gravatar.com\/avatar\/2dc96c93fcf3387a5922a93b50fb3bff01d4800590fb6a4ab91a034adb25ba17?s=96&d=mm&r=g","caption":"agevis"},"url":"https:\/\/www.manitese.it\/en\/author\/wp_agevis_admin\/"}]}},"jetpack_featured_media_url":"https:\/\/www.manitese.it\/wp-content\/uploads\/2020\/12\/couscous-jeanne-cover-mani-tese-2020-1.jpg","jetpack_sharing_enabled":true,"_links":{"self":[{"href":"https:\/\/www.manitese.it\/en\/wp-json\/wp\/v2\/posts\/78558","targetHints":{"allow":["GET"]}}],"collection":[{"href":"https:\/\/www.manitese.it\/en\/wp-json\/wp\/v2\/posts"}],"about":[{"href":"https:\/\/www.manitese.it\/en\/wp-json\/wp\/v2\/types\/post"}],"author":[{"embeddable":true,"href":"https:\/\/www.manitese.it\/en\/wp-json\/wp\/v2\/users\/1"}],"replies":[{"embeddable":true,"href":"https:\/\/www.manitese.it\/en\/wp-json\/wp\/v2\/comments?post=78558"}],"version-history":[{"count":2,"href":"https:\/\/www.manitese.it\/en\/wp-json\/wp\/v2\/posts\/78558\/revisions"}],"predecessor-version":[{"id":191848,"href":"https:\/\/www.manitese.it\/en\/wp-json\/wp\/v2\/posts\/78558\/revisions\/191848"}],"wp:featuredmedia":[{"embeddable":true,"href":"https:\/\/www.manitese.it\/en\/wp-json\/wp\/v2\/media\/70094"}],"wp:attachment":[{"href":"https:\/\/www.manitese.it\/en\/wp-json\/wp\/v2\/media?parent=78558"}],"wp:term":[{"taxonomy":"category","embeddable":true,"href":"https:\/\/www.manitese.it\/en\/wp-json\/wp\/v2\/categories?post=78558"},{"taxonomy":"post_tag","embeddable":true,"href":"https:\/\/www.manitese.it\/en\/wp-json\/wp\/v2\/tags?post=78558"},{"taxonomy":"thematic_area","embeddable":true,"href":"https:\/\/www.manitese.it\/en\/wp-json\/wp\/v2\/thematic_area?post=78558"}],"curies":[{"name":"wp","href":"https:\/\/api.w.org\/{rel}","templated":true}]}}