{"id":78344,"date":"2021-07-13T17:40:43","date_gmt":"2021-07-13T15:40:43","guid":{"rendered":"https:\/\/manitese.it\/?p=78344"},"modified":"2025-07-10T11:25:30","modified_gmt":"2025-07-10T09:25:30","slug":"burkina-faso-20-nuove-imprese-contro-la-poverta","status":"publish","type":"post","link":"https:\/\/www.manitese.it\/en\/burkina-faso-20-nuove-imprese-contro-la-poverta\/","title":{"rendered":"Burkina Faso, 20 nuove imprese contro la povert\u00e0"},"content":{"rendered":"\r\n<p>Nonostante in Burkina Faso gli attacchi alla popolazione civile siano sempre pi\u00f9 frequenti nelle regioni del Nord e dell\u2019Est,\u00a0<strong>Mani Tese<\/strong>, ONG che da oltre 57 anni si batte per la giustizia nel mondo, prosegue il suo impegno nel Paese contro la povert\u00e0,\u00a0<strong>sviluppando venti nuove attivit\u00e0 produttive, imprenditoriali e innovative coinvolgendo donne, giovani locali e migranti della diaspora in Italia<\/strong>.<\/p>\r\n\r\n\r\n\r\n<p>Si avvia infatti alla conclusione il progetto \u201c<a href=\"https:\/\/manitese.it\/progetto\/imprese-sociali-innovative-partecipazione-migranti-per-inclusione-sociale-burkina-faso\" target=\"_blank\" rel=\"noreferrer noopener\" aria-label=\" (apre in una nuova scheda)\"><strong><u>Imprese sociali innovative e partecipazione dei migranti per l\u2019inclusione sociale in Burkina Faso<\/u><\/strong><\/a><strong>\u201d\u00a0<\/strong>cofinanziato dall\u2019<a href=\"https:\/\/www.aics.gov.it\/\" target=\"_blank\" rel=\"noreferrer noopener\" aria-label=\" (apre in una nuova scheda)\"><strong><u>Agenzia Italiana per la Cooperazione allo Sviluppo<\/u><\/strong><\/a>\u00a0(AICS) e da\u00a0<strong>Fondazione Maria Enrica<\/strong>, e realizzato da\u00a0<strong>Mani Tese<\/strong>, in qualit\u00e0 di capofila, in partenariato con\u00a0<strong>Fondazione ACRA, CeSPI, Chico Mendes, Fenafer-B, FIAB, Comune di Ouagadougou, Comune di Milano, ITAL-WATINOMA e associazione Watinoma<\/strong>.<\/p>\r\n\r\n\r\n\r\n<p>In Burkina Faso i risultati del progetto sono stati presentati durante un evento pubblico il 1\u00b0 giugno 2021.\u00a0<a href=\"https:\/\/manitese.it\/l-impresa-di-crescere-insieme\" target=\"_blank\" rel=\"noreferrer noopener\" aria-label=\" (apre in una nuova scheda)\"><strong><u>In Italia il progetto verr\u00e0 illustrato il 13 luglio alle 18 in diretta on line<\/u><\/strong><\/a>\u00a0con il coinvolgimento di alcuni dei protagonisti del progetto sia dall\u2019Italia che dal Burkina Faso. L\u2019evento \u00e8 un\u2019occasione per dare voce a tutte le realt\u00e0 coinvolte, che potranno cos\u00ec raccontare in maniera diretta le loro esperienze.<\/p>\r\n\r\n\r\n\r\n<p><strong><u>La crisi in Burkina Faso<\/u><\/strong><\/p>\r\n\r\n\r\n\r\n<p>In Burkina Faso, Mali e Niger \u00e8 in atto una crisi che sembra inarrestabile e che sta causando immani sofferenze alla popolazione civile: attacchi, morti e migliaia di sfollati che devono fuggire dalle proprie terre.\u201c<em>Le persone e, in particolare, le comunit\u00e0 rurali stanno soffrendo molto questa situazione di vera e propria guerra<\/em>\u201d racconta\u00a0<strong>Giulia Polato, Responsabile Paese di Mani Tese in Burkina,<\/strong>\u00a0che a Ouagadougou gestisce i progetti dell\u2019Ong \u201c<em>Con il suo impegno e quello dei suoi collaboratori\u00a0<\/em><strong><em>Mani Tese attualmente sta portando avanti cinque progetti per<\/em><\/strong><em><strong>\u00a0combattere la povert\u00e0 diffusa che colpisce la sua popolazione<\/strong>. La povert\u00e0 \u00e8 purtroppo un terreno fertile per i terroristi, che riescono cos\u00ec a reclutare giovani senza prospettive di futuro\u201d.<\/em><\/p>\r\n\r\n\r\n\r\n<p><strong><u>Il progetto \u201cImprese sociali\u201d<\/u><\/strong><\/p>\r\n\r\n\r\n\r\n<p>Tra gli interventi di\u00a0<strong>Mani Tese<\/strong>\u00a0nel Paese in risposta alla povert\u00e0 \u00e8 quasi giunto alla sua conclusione il progetto, di una durata complessiva di 38 mesi,\u00a0<strong>\u201c<\/strong><a href=\"https:\/\/manitese.it\/progetto\/imprese-sociali-innovative-partecipazione-migranti-per-inclusione-sociale-burkina-faso\" target=\"_blank\" rel=\"noreferrer noopener\" aria-label=\" (apre in una nuova scheda)\"><strong><u>Imprese sociali innovative e partecipazione dei migranti per l\u2019inclusione sociale in Burkina Faso<\/u><\/strong><\/a><strong>\u201d\u00a0<\/strong>cofinanziato dall\u2019<a href=\"https:\/\/www.aics.gov.it\/\" target=\"_blank\" rel=\"noreferrer noopener\" aria-label=\" (apre in una nuova scheda)\"><strong><u>Agenzia Italiana per la Cooperazione allo Sviluppo<\/u><\/strong><\/a>\u00a0e da\u00a0<strong>Fondazione Maria Enrica<\/strong>.<\/p>\r\n\r\n\r\n\r\n<p>Le diverse organizzazioni coinvolte\u00a0&#8211; <strong>Mani Tese<\/strong>, capofila del progetto, e i gi\u00e0 citati partner &#8211; hanno operato su pi\u00f9 fronti per rispondere alle sfide della \u201cterra degli uomini integri\u201d.\u00a0Nell\u2019ambito del progetto sono state infatti numerose e importanti le attivit\u00e0 imprenditoriali promosse.<\/p>\r\n\r\n\r\n\r\n<p>Tra queste,<strong> la creazione e l\u2019avvio di 20 piccole imprese di donne e giovani della filiera agro-alimentare<\/strong>\u00a0nelle regioni Centro-Est e Centro-Ovest del Burkina Faso, che ha visto il coinvolgimento anche delle\u00a0<strong>associazioni della diaspora burkinab\u00e9 in Italia<\/strong>, sostenitrici di alcune di queste imprese grazie a un reinvestimento utile delle loro rimesse.<\/p>\r\n\r\n\r\n\r\n<p>A queste imprese Mani Tese ha dedicato la\u00a0<strong>web serie<\/strong>\u00a0\u201c<a href=\"https:\/\/www.youtube.com\/playlist?list=PLHq3uAH5bJ_bZZF6r16F4qICfK804lNxV\" target=\"_blank\" rel=\"noreferrer noopener\" aria-label=\" (apre in una nuova scheda)\"><strong><u>Imprese per crescere insieme in Burkina Faso<\/u><\/strong><\/a>\u201d, on line sul canale YouTube della ONG: una raccolta di 20 video (con sottotitoli in italiano e francese) che racconta le storie delle imprenditrici e degli imprenditori che hanno contribuito a crearle. A loro \u00e8 anche dedicato\u00a0<strong>un blog tematico<\/strong>\u00a0sul sito di Mani Tese: \u201c<a href=\"https:\/\/manitese.it\/impresa-di-crescere-insieme\" target=\"_blank\" rel=\"noreferrer noopener\" aria-label=\" (apre in una nuova scheda)\"><strong><u>L\u2019impresa di crescere insieme<\/u><\/strong><\/a>\u201d.<\/p>\r\n\r\n\r\n\r\n<p>Nell\u2019ambito del progetto sono stati inoltre\u00a0<strong>formati oltre 900 giovani e 60 insegnanti sull\u2019informatica di base e le nuove tecnologie\u00a0<\/strong>ed \u00e8 stata avviata<strong>\u00a0un\u2019impresa sociale di commercializzazione di prodotti burkinab\u00e9<\/strong>\u00a0sostenuta anche da\u00a0<strong>campagne di sensibilizzazione sull\u2019alimentazione sana e sostenibile<\/strong>.<\/p>\r\n\r\n\r\n\r\n<p>Il progetto ha visto anche\u00a0<strong>l\u2019installazione di un impianto di irrigazione sulla cintura verde della citt\u00e0 di Ouagadougou, la distribuzione di kit di orticoltura e motopompe a 201 donne agricoltrici della capitale\u00a0<\/strong>e l\u2019organizzazione, a Ouagadougou, del<strong>\u00a0Forum Africano del Milan Urban Food Policy Pact<\/strong>, a cui hanno aderito diverse citt\u00e0 africane raccogliendo la sfida per una prospettiva sostenibile di\u00a0<em>urban food system<\/em>.<\/p>\r\n\r\n\r\n\r\n<p>I risultati del progetto sono stati presentati a Koudougou il 1\u00b0 giugno 2021 durante un evento alla presenza delle autorit\u00e0 locali, che hanno sempre accompagnato il progetto, e del direttore e dello staff dell\u2019Agenzia Italiana per la Cooperazione allo Sviluppo in Burkina Faso e Niger, che hanno seguito da vicino tutti gli interventi realizzati in questi tre anni.<\/p>\r\n\r\n\r\n\r\n<p>All\u2019evento\u00a0<strong>erano presenti tutte le 20 imprese e alcuni dei produttori sostenuti dal progetto<\/strong>, con stand espositivi dei loro prodotti.<\/p>\r\n\r\n\r\n\r\n<p><em>\u201c\u00c8 stato un lavoro impegnativo<\/em>\u201d conclude\u00a0<strong>Giulia Polato<\/strong><em>\u00a0\u201cma pensiamo di aver dato tutti gli strumenti alle imprese formate affinch\u00e9 siano solide e continuino a crescere. Non possiamo che augurare loro un\u00a0beog neere <\/em>(\u201cavvenire migliore\u201d in lingua locale moor\u00e9)<em>\u00a0per tutto ci\u00f2 che le aspetta\u201d.<\/em><\/p>\r\n\r\n\r\n\r\n<p><strong>Domenico Bruzzone<\/strong>,\u00a0<strong>direttore della sede AICS di Ouagadougou<\/strong>, ha espresso la propria soddisfazione per il lavoro svolto, complimentandosi per l\u2019impegno profuso dai partner dell\u2019iniziativa e sottolineando come le tematiche relative all\u2019inserimento lavorativo dei giovani e allo sviluppo dell\u2019imprenditorialit\u00e0 siano due temi chiave dell\u2019Agenzia. <strong>Mirko Tricoli, funzionario di supporto alla sede AICS di Ouagadougou e in precedenza referente per AICS del Summit Nazionale delle Diaspore in Italia<\/strong>, ha rimarcato quanto anche il coinvolgimento attivo della diaspora in questo progetto sia stato da apprezzare. Nel nostro Paese, infatti, la diaspora burkinab\u00e9 \u00e8 spesso un attore attivo, integrato e partecipe dello sviluppo economico: integrarla nel progetto non solo ha dimostrato un\u2019attenzione particolare e una conoscenza delle dinamiche relazionali Italia-Burkina, ma anche \u201cun perfetto allineamento con il lavoro e la strategia dell\u2019Agenzia\u201d.<\/p>\r\n\r\n\r\n\r\n<p>Per informazioni sull&#8217;evento on-line del 13 luglio: <a href=\"mailto:cooperazione@manitese.it\" target=\"_blank\" rel=\"noreferrer noopener\"><strong>cooperazione@manitese.it<\/strong><\/a><\/p>\r\n\r\n\r\n\r\n<p>Iscrizioni:\u00a0<a href=\"https:\/\/manitese.it\/l-impresa-di-crescere-insieme\" target=\"_blank\" rel=\"noreferrer noopener\" aria-label=\" (apre in una nuova scheda)\"><u><strong>https:\/\/manitese.it\/l-impresa-di-crescere-insieme<\/strong><\/u><\/a><\/p>\r\n","protected":false},"excerpt":{"rendered":"<p>Nonostante la crisi, in tre anni Mani Tese ha avviato 20 imprese sociali ha e formato pi\u00f9 di 900 giovani sull\u2019informatica di base e le nuove tecnologie.<\/p>\n","protected":false},"author":1,"featured_media":78037,"comment_status":"open","ping_status":"open","sticky":false,"template":"","format":"standard","meta":{"_acf_changed":false,"give_campaign_id":0,"inline_featured_image":false,"_jetpack_memberships_contains_paid_content":false,"footnotes":""},"categories":[1],"tags":[],"thematic_area":[918,907,916],"class_list":["post-78344","post","type-post","status-publish","format-standard","has-post-thumbnail","hentry","category-news","thematic_area-sistemi-e-filiere-agroalimentari-locali","thematic_area-imprenditoria-sociale","thematic_area-citta-e-pratiche-sostenibili"],"acf":[],"yoast_head":"<!-- This site is optimized with the Yoast SEO plugin v27.5 - https:\/\/yoast.com\/product\/yoast-seo-wordpress\/ -->\n<title>Burkina Faso, 20 nuove imprese contro la povert\u00e0 - Mani Tese<\/title>\n<meta name=\"description\" content=\"Nonostante la crisi, in tre anni Mani Tese ha avviato 20 imprese sociali ha e formato pi\u00f9 di 900 giovani sull\u2019informatica di base e le nuove tecnologie.\" \/>\n<meta name=\"robots\" content=\"index, follow, max-snippet:-1, max-image-preview:large, max-video-preview:-1\" \/>\n<link rel=\"canonical\" href=\"https:\/\/www.manitese.it\/en\/burkina-faso-20-nuove-imprese-contro-la-poverta\/\" \/>\n<meta property=\"og:locale\" content=\"en_US\" \/>\n<meta property=\"og:type\" content=\"article\" \/>\n<meta property=\"og:title\" content=\"Burkina Faso, 20 nuove imprese contro la povert\u00e0 - Mani Tese\" \/>\n<meta property=\"og:description\" content=\"Nonostante la crisi, in tre anni Mani Tese ha avviato 20 imprese sociali ha e formato pi\u00f9 di 900 giovani sull\u2019informatica di base e le nuove tecnologie.\" \/>\n<meta property=\"og:url\" content=\"https:\/\/www.manitese.it\/en\/burkina-faso-20-nuove-imprese-contro-la-poverta\/\" \/>\n<meta property=\"og:site_name\" content=\"Mani Tese\" \/>\n<meta property=\"article:published_time\" content=\"2021-07-13T15:40:43+00:00\" \/>\n<meta property=\"article:modified_time\" content=\"2025-07-10T09:25:30+00:00\" \/>\n<meta property=\"og:image\" content=\"https:\/\/www.manitese.it\/wp-content\/uploads\/2021\/07\/impresa-di-crescere-insieme-burkina-faso-mani-tese-2021-1.jpg\" \/>\n\t<meta property=\"og:image:width\" content=\"1920\" \/>\n\t<meta property=\"og:image:height\" content=\"800\" \/>\n\t<meta property=\"og:image:type\" content=\"image\/jpeg\" \/>\n<meta name=\"author\" content=\"agevis\" \/>\n<meta name=\"twitter:card\" content=\"summary_large_image\" \/>\n<meta name=\"twitter:label1\" content=\"Written by\" \/>\n\t<meta name=\"twitter:data1\" content=\"agevis\" \/>\n\t<meta name=\"twitter:label2\" content=\"Est. reading time\" \/>\n\t<meta name=\"twitter:data2\" content=\"4 minutes\" \/>\n<script type=\"application\/ld+json\" class=\"yoast-schema-graph\">{\"@context\":\"https:\\\/\\\/schema.org\",\"@graph\":[{\"@type\":\"Article\",\"@id\":\"https:\\\/\\\/www.manitese.it\\\/en\\\/burkina-faso-20-nuove-imprese-contro-la-poverta\\\/#article\",\"isPartOf\":{\"@id\":\"https:\\\/\\\/www.manitese.it\\\/en\\\/burkina-faso-20-nuove-imprese-contro-la-poverta\\\/\"},\"author\":{\"name\":\"agevis\",\"@id\":\"https:\\\/\\\/www.manitese.it\\\/en\\\/#\\\/schema\\\/person\\\/5a9774f17e4940e2510bfeba90f04f65\"},\"headline\":\"Burkina Faso, 20 nuove imprese contro la povert\u00e0\",\"datePublished\":\"2021-07-13T15:40:43+00:00\",\"dateModified\":\"2025-07-10T09:25:30+00:00\",\"mainEntityOfPage\":{\"@id\":\"https:\\\/\\\/www.manitese.it\\\/en\\\/burkina-faso-20-nuove-imprese-contro-la-poverta\\\/\"},\"wordCount\":916,\"commentCount\":0,\"image\":{\"@id\":\"https:\\\/\\\/www.manitese.it\\\/en\\\/burkina-faso-20-nuove-imprese-contro-la-poverta\\\/#primaryimage\"},\"thumbnailUrl\":\"https:\\\/\\\/www.manitese.it\\\/wp-content\\\/uploads\\\/2021\\\/07\\\/impresa-di-crescere-insieme-burkina-faso-mani-tese-2021-1.jpg\",\"articleSection\":[\"News\"],\"inLanguage\":\"en-US\",\"potentialAction\":[{\"@type\":\"CommentAction\",\"name\":\"Comment\",\"target\":[\"https:\\\/\\\/www.manitese.it\\\/en\\\/burkina-faso-20-nuove-imprese-contro-la-poverta\\\/#respond\"]}]},{\"@type\":\"WebPage\",\"@id\":\"https:\\\/\\\/www.manitese.it\\\/en\\\/burkina-faso-20-nuove-imprese-contro-la-poverta\\\/\",\"url\":\"https:\\\/\\\/www.manitese.it\\\/en\\\/burkina-faso-20-nuove-imprese-contro-la-poverta\\\/\",\"name\":\"Burkina Faso, 20 nuove imprese contro la povert\u00e0 - Mani Tese\",\"isPartOf\":{\"@id\":\"https:\\\/\\\/www.manitese.it\\\/en\\\/#website\"},\"primaryImageOfPage\":{\"@id\":\"https:\\\/\\\/www.manitese.it\\\/en\\\/burkina-faso-20-nuove-imprese-contro-la-poverta\\\/#primaryimage\"},\"image\":{\"@id\":\"https:\\\/\\\/www.manitese.it\\\/en\\\/burkina-faso-20-nuove-imprese-contro-la-poverta\\\/#primaryimage\"},\"thumbnailUrl\":\"https:\\\/\\\/www.manitese.it\\\/wp-content\\\/uploads\\\/2021\\\/07\\\/impresa-di-crescere-insieme-burkina-faso-mani-tese-2021-1.jpg\",\"datePublished\":\"2021-07-13T15:40:43+00:00\",\"dateModified\":\"2025-07-10T09:25:30+00:00\",\"author\":{\"@id\":\"https:\\\/\\\/www.manitese.it\\\/en\\\/#\\\/schema\\\/person\\\/5a9774f17e4940e2510bfeba90f04f65\"},\"description\":\"Nonostante la crisi, in tre anni Mani Tese ha avviato 20 imprese sociali ha e formato pi\u00f9 di 900 giovani sull\u2019informatica di base e le nuove tecnologie.\",\"breadcrumb\":{\"@id\":\"https:\\\/\\\/www.manitese.it\\\/en\\\/burkina-faso-20-nuove-imprese-contro-la-poverta\\\/#breadcrumb\"},\"inLanguage\":\"en-US\",\"potentialAction\":[{\"@type\":\"ReadAction\",\"target\":[\"https:\\\/\\\/www.manitese.it\\\/en\\\/burkina-faso-20-nuove-imprese-contro-la-poverta\\\/\"]}]},{\"@type\":\"ImageObject\",\"inLanguage\":\"en-US\",\"@id\":\"https:\\\/\\\/www.manitese.it\\\/en\\\/burkina-faso-20-nuove-imprese-contro-la-poverta\\\/#primaryimage\",\"url\":\"https:\\\/\\\/www.manitese.it\\\/wp-content\\\/uploads\\\/2021\\\/07\\\/impresa-di-crescere-insieme-burkina-faso-mani-tese-2021-1.jpg\",\"contentUrl\":\"https:\\\/\\\/www.manitese.it\\\/wp-content\\\/uploads\\\/2021\\\/07\\\/impresa-di-crescere-insieme-burkina-faso-mani-tese-2021-1.jpg\",\"width\":1920,\"height\":800},{\"@type\":\"BreadcrumbList\",\"@id\":\"https:\\\/\\\/www.manitese.it\\\/en\\\/burkina-faso-20-nuove-imprese-contro-la-poverta\\\/#breadcrumb\",\"itemListElement\":[{\"@type\":\"ListItem\",\"position\":1,\"name\":\"Home\",\"item\":\"https:\\\/\\\/www.manitese.it\\\/en\\\/\"},{\"@type\":\"ListItem\",\"position\":2,\"name\":\"Burkina Faso, 20 nuove imprese contro la povert\u00e0\"}]},{\"@type\":\"WebSite\",\"@id\":\"https:\\\/\\\/www.manitese.it\\\/en\\\/#website\",\"url\":\"https:\\\/\\\/www.manitese.it\\\/en\\\/\",\"name\":\"Mani Tese\",\"description\":\"\",\"potentialAction\":[{\"@type\":\"SearchAction\",\"target\":{\"@type\":\"EntryPoint\",\"urlTemplate\":\"https:\\\/\\\/www.manitese.it\\\/en\\\/?s={search_term_string}\"},\"query-input\":{\"@type\":\"PropertyValueSpecification\",\"valueRequired\":true,\"valueName\":\"search_term_string\"}}],\"inLanguage\":\"en-US\"},{\"@type\":\"Person\",\"@id\":\"https:\\\/\\\/www.manitese.it\\\/en\\\/#\\\/schema\\\/person\\\/5a9774f17e4940e2510bfeba90f04f65\",\"name\":\"agevis\",\"image\":{\"@type\":\"ImageObject\",\"inLanguage\":\"en-US\",\"@id\":\"https:\\\/\\\/secure.gravatar.com\\\/avatar\\\/2dc96c93fcf3387a5922a93b50fb3bff01d4800590fb6a4ab91a034adb25ba17?s=96&d=mm&r=g\",\"url\":\"https:\\\/\\\/secure.gravatar.com\\\/avatar\\\/2dc96c93fcf3387a5922a93b50fb3bff01d4800590fb6a4ab91a034adb25ba17?s=96&d=mm&r=g\",\"contentUrl\":\"https:\\\/\\\/secure.gravatar.com\\\/avatar\\\/2dc96c93fcf3387a5922a93b50fb3bff01d4800590fb6a4ab91a034adb25ba17?s=96&d=mm&r=g\",\"caption\":\"agevis\"},\"url\":\"https:\\\/\\\/www.manitese.it\\\/en\\\/author\\\/wp_agevis_admin\\\/\"}]}<\/script>\n<!-- \/ Yoast SEO plugin. -->","yoast_head_json":{"title":"Burkina Faso, 20 nuove imprese contro la povert\u00e0 - Mani Tese","description":"Nonostante la crisi, in tre anni Mani Tese ha avviato 20 imprese sociali ha e formato pi\u00f9 di 900 giovani sull\u2019informatica di base e le nuove tecnologie.","robots":{"index":"index","follow":"follow","max-snippet":"max-snippet:-1","max-image-preview":"max-image-preview:large","max-video-preview":"max-video-preview:-1"},"canonical":"https:\/\/www.manitese.it\/en\/burkina-faso-20-nuove-imprese-contro-la-poverta\/","og_locale":"en_US","og_type":"article","og_title":"Burkina Faso, 20 nuove imprese contro la povert\u00e0 - Mani Tese","og_description":"Nonostante la crisi, in tre anni Mani Tese ha avviato 20 imprese sociali ha e formato pi\u00f9 di 900 giovani sull\u2019informatica di base e le nuove tecnologie.","og_url":"https:\/\/www.manitese.it\/en\/burkina-faso-20-nuove-imprese-contro-la-poverta\/","og_site_name":"Mani Tese","article_published_time":"2021-07-13T15:40:43+00:00","article_modified_time":"2025-07-10T09:25:30+00:00","og_image":[{"width":1920,"height":800,"url":"https:\/\/www.manitese.it\/wp-content\/uploads\/2021\/07\/impresa-di-crescere-insieme-burkina-faso-mani-tese-2021-1.jpg","type":"image\/jpeg"}],"author":"agevis","twitter_card":"summary_large_image","twitter_misc":{"Written by":"agevis","Est. reading time":"4 minutes"},"schema":{"@context":"https:\/\/schema.org","@graph":[{"@type":"Article","@id":"https:\/\/www.manitese.it\/en\/burkina-faso-20-nuove-imprese-contro-la-poverta\/#article","isPartOf":{"@id":"https:\/\/www.manitese.it\/en\/burkina-faso-20-nuove-imprese-contro-la-poverta\/"},"author":{"name":"agevis","@id":"https:\/\/www.manitese.it\/en\/#\/schema\/person\/5a9774f17e4940e2510bfeba90f04f65"},"headline":"Burkina Faso, 20 nuove imprese contro la povert\u00e0","datePublished":"2021-07-13T15:40:43+00:00","dateModified":"2025-07-10T09:25:30+00:00","mainEntityOfPage":{"@id":"https:\/\/www.manitese.it\/en\/burkina-faso-20-nuove-imprese-contro-la-poverta\/"},"wordCount":916,"commentCount":0,"image":{"@id":"https:\/\/www.manitese.it\/en\/burkina-faso-20-nuove-imprese-contro-la-poverta\/#primaryimage"},"thumbnailUrl":"https:\/\/www.manitese.it\/wp-content\/uploads\/2021\/07\/impresa-di-crescere-insieme-burkina-faso-mani-tese-2021-1.jpg","articleSection":["News"],"inLanguage":"en-US","potentialAction":[{"@type":"CommentAction","name":"Comment","target":["https:\/\/www.manitese.it\/en\/burkina-faso-20-nuove-imprese-contro-la-poverta\/#respond"]}]},{"@type":"WebPage","@id":"https:\/\/www.manitese.it\/en\/burkina-faso-20-nuove-imprese-contro-la-poverta\/","url":"https:\/\/www.manitese.it\/en\/burkina-faso-20-nuove-imprese-contro-la-poverta\/","name":"Burkina Faso, 20 nuove imprese contro la povert\u00e0 - Mani Tese","isPartOf":{"@id":"https:\/\/www.manitese.it\/en\/#website"},"primaryImageOfPage":{"@id":"https:\/\/www.manitese.it\/en\/burkina-faso-20-nuove-imprese-contro-la-poverta\/#primaryimage"},"image":{"@id":"https:\/\/www.manitese.it\/en\/burkina-faso-20-nuove-imprese-contro-la-poverta\/#primaryimage"},"thumbnailUrl":"https:\/\/www.manitese.it\/wp-content\/uploads\/2021\/07\/impresa-di-crescere-insieme-burkina-faso-mani-tese-2021-1.jpg","datePublished":"2021-07-13T15:40:43+00:00","dateModified":"2025-07-10T09:25:30+00:00","author":{"@id":"https:\/\/www.manitese.it\/en\/#\/schema\/person\/5a9774f17e4940e2510bfeba90f04f65"},"description":"Nonostante la crisi, in tre anni Mani Tese ha avviato 20 imprese sociali ha e formato pi\u00f9 di 900 giovani sull\u2019informatica di base e le nuove tecnologie.","breadcrumb":{"@id":"https:\/\/www.manitese.it\/en\/burkina-faso-20-nuove-imprese-contro-la-poverta\/#breadcrumb"},"inLanguage":"en-US","potentialAction":[{"@type":"ReadAction","target":["https:\/\/www.manitese.it\/en\/burkina-faso-20-nuove-imprese-contro-la-poverta\/"]}]},{"@type":"ImageObject","inLanguage":"en-US","@id":"https:\/\/www.manitese.it\/en\/burkina-faso-20-nuove-imprese-contro-la-poverta\/#primaryimage","url":"https:\/\/www.manitese.it\/wp-content\/uploads\/2021\/07\/impresa-di-crescere-insieme-burkina-faso-mani-tese-2021-1.jpg","contentUrl":"https:\/\/www.manitese.it\/wp-content\/uploads\/2021\/07\/impresa-di-crescere-insieme-burkina-faso-mani-tese-2021-1.jpg","width":1920,"height":800},{"@type":"BreadcrumbList","@id":"https:\/\/www.manitese.it\/en\/burkina-faso-20-nuove-imprese-contro-la-poverta\/#breadcrumb","itemListElement":[{"@type":"ListItem","position":1,"name":"Home","item":"https:\/\/www.manitese.it\/en\/"},{"@type":"ListItem","position":2,"name":"Burkina Faso, 20 nuove imprese contro la povert\u00e0"}]},{"@type":"WebSite","@id":"https:\/\/www.manitese.it\/en\/#website","url":"https:\/\/www.manitese.it\/en\/","name":"Mani Tese","description":"","potentialAction":[{"@type":"SearchAction","target":{"@type":"EntryPoint","urlTemplate":"https:\/\/www.manitese.it\/en\/?s={search_term_string}"},"query-input":{"@type":"PropertyValueSpecification","valueRequired":true,"valueName":"search_term_string"}}],"inLanguage":"en-US"},{"@type":"Person","@id":"https:\/\/www.manitese.it\/en\/#\/schema\/person\/5a9774f17e4940e2510bfeba90f04f65","name":"agevis","image":{"@type":"ImageObject","inLanguage":"en-US","@id":"https:\/\/secure.gravatar.com\/avatar\/2dc96c93fcf3387a5922a93b50fb3bff01d4800590fb6a4ab91a034adb25ba17?s=96&d=mm&r=g","url":"https:\/\/secure.gravatar.com\/avatar\/2dc96c93fcf3387a5922a93b50fb3bff01d4800590fb6a4ab91a034adb25ba17?s=96&d=mm&r=g","contentUrl":"https:\/\/secure.gravatar.com\/avatar\/2dc96c93fcf3387a5922a93b50fb3bff01d4800590fb6a4ab91a034adb25ba17?s=96&d=mm&r=g","caption":"agevis"},"url":"https:\/\/www.manitese.it\/en\/author\/wp_agevis_admin\/"}]}},"jetpack_featured_media_url":"https:\/\/www.manitese.it\/wp-content\/uploads\/2021\/07\/impresa-di-crescere-insieme-burkina-faso-mani-tese-2021-1.jpg","jetpack_sharing_enabled":true,"_links":{"self":[{"href":"https:\/\/www.manitese.it\/en\/wp-json\/wp\/v2\/posts\/78344","targetHints":{"allow":["GET"]}}],"collection":[{"href":"https:\/\/www.manitese.it\/en\/wp-json\/wp\/v2\/posts"}],"about":[{"href":"https:\/\/www.manitese.it\/en\/wp-json\/wp\/v2\/types\/post"}],"author":[{"embeddable":true,"href":"https:\/\/www.manitese.it\/en\/wp-json\/wp\/v2\/users\/1"}],"replies":[{"embeddable":true,"href":"https:\/\/www.manitese.it\/en\/wp-json\/wp\/v2\/comments?post=78344"}],"version-history":[{"count":2,"href":"https:\/\/www.manitese.it\/en\/wp-json\/wp\/v2\/posts\/78344\/revisions"}],"predecessor-version":[{"id":191849,"href":"https:\/\/www.manitese.it\/en\/wp-json\/wp\/v2\/posts\/78344\/revisions\/191849"}],"wp:featuredmedia":[{"embeddable":true,"href":"https:\/\/www.manitese.it\/en\/wp-json\/wp\/v2\/media\/78037"}],"wp:attachment":[{"href":"https:\/\/www.manitese.it\/en\/wp-json\/wp\/v2\/media?parent=78344"}],"wp:term":[{"taxonomy":"category","embeddable":true,"href":"https:\/\/www.manitese.it\/en\/wp-json\/wp\/v2\/categories?post=78344"},{"taxonomy":"post_tag","embeddable":true,"href":"https:\/\/www.manitese.it\/en\/wp-json\/wp\/v2\/tags?post=78344"},{"taxonomy":"thematic_area","embeddable":true,"href":"https:\/\/www.manitese.it\/en\/wp-json\/wp\/v2\/thematic_area?post=78344"}],"curies":[{"name":"wp","href":"https:\/\/api.w.org\/{rel}","templated":true}]}}