{"id":78324,"date":"2021-07-16T08:52:12","date_gmt":"2021-07-16T06:52:12","guid":{"rendered":"https:\/\/manitese.it\/?p=78324"},"modified":"2023-11-30T15:54:00","modified_gmt":"2023-11-30T14:54:00","slug":"sapiens-a-5p-kit-didattico","status":"publish","type":"post","link":"https:\/\/www.manitese.it\/en\/sapiens-a-5p-kit-didattico\/","title":{"rendered":"SAPIENS A 5P: IL KIT DIDATTICO PER PARLARE DI SVILUPPO SOSTENIBILE"},"content":{"rendered":"\r\n<p>A partire dalle lezioni apprese durante i \u201cpercorsi di ricerca azione nella scuola secondaria di primo grado\u201d sviluppati in 5 regioni italiane grazie al progetto <strong><a href=\"https:\/\/manitese.it\/progetto\/piccoli-che-valgono\" target=\"_blank\" rel=\"noreferrer noopener\" aria-label=\"\u201cPiccoli che Valgono!\u201d (apre in una nuova scheda)\">\u201cPiccoli che Valgono!\u201d<\/a><\/strong>, finanziato dall\u2019Impresa Sociale <a href=\"https:\/\/www.conibambini.org\/\" target=\"_blank\" rel=\"noreferrer noopener\"><strong>Con i Bambini<\/strong><\/a>, Mani Tese ha realizzato il kit didattico <strong><a href=\"https:\/\/manitese.it\/wp-content\/uploads\/2021\/09\/PcV_KIT2021-2.0-1.pdf\" target=\"_blank\" rel=\"noreferrer noopener\" aria-label=\" (apre in una nuova scheda)\">\u201cSapiens a 5P: proposte di Educazione Civica nell\u2019era dell\u2019antropocene\u201d<\/a><\/strong> per parlare ai ragazzi e alle ragazze di cittadinanza globale, diritto al cibo, scelte economiche consapevoli, clima e migrazioni.<\/p>\r\n\r\n\r\n\r\n<p><strong>Obiettivo del kit didattico<\/strong>, che si inserisce entro il quadro di insegnamento dell\u2019Educazione Civica promosso dal MIUR attraverso la legge n.92 del 2019, \u00e8 l\u2019integrazione dell\u2019insegnamento delle materie curriculari con moduli specifici incentrati sul tema dello <strong>sviluppo sostenibile<\/strong> come definito dai 17 obiettivi dell\u2019<strong>Agenda ONU 2030<\/strong>. Una collaborazione volta ad aumentare il potenziale impatto dell\u2019Educazione Civica come motore di un cambiamento che, muovendo dalla scuola, abbraccia il resto della comunit\u00e0 e del mondo.<\/p>\r\n\r\n\r\n\r\n<p>Attraverso questa nuova lettura, l\u2019Educazione Civica supera i canoni di una tradizionale disciplina, assumendo pi\u00f9 propriamente la valenza di matrice valoriale trasversale che va coniugata con le discipline di studio, per evitare superficiali e improduttive aggregazioni di contenuti teorici e per sviluppare processi di interconnessione tra saperi disciplinari ed extradisciplinari.<\/p>\r\n\r\n\r\n\r\n<p><strong>I percorsi proposti all\u2019interno del kit<\/strong> invitano i ragazzi e le ragazze ad attivarsi per compiere il salto evolutivo necessario a contrastare l\u2019insostenibilit\u00e0 dell\u2019attuale modello di sviluppo, proponendo nuovi modelli educativi in grado di coinvolgere i loro pari in un processo di <strong>attivismo, rinnovamento ed interscambio continuo<\/strong>.<\/p>\r\n\r\n\r\n\r\n<p>Il kit didattico rappresenta <strong>uno strumento utile a formatori e docenti<\/strong> per proporre percorsi, fuori e dentro la scuola, in cui i reali protagonisti siano i ragazzi e le ragazze. La metodologia proposta vuole superare il sistema classe, inteso come uno spazio fisico fisso abitato da un gruppo di ragazzi intorno a cui girano gli insegnanti che impostano la didattica, a favore di un modello pi\u00f9 diffuso, fruibile a piccoli gruppi e in spazi diversi, magari in parte gestiti fuori dalla scuola, in collaborazione con tutti gli attori delle comunit\u00e0 educanti territoriali.<\/p>\r\n\r\n\r\n\r\n<p>Come Mani Tese crediamo che, <strong>nella lotta alla dispersione scolastica<\/strong>, soprattutto durante questo periodo di emergenza, sia necessaria <strong>una rinnovata alleanza tra scuola e terzo settore<\/strong>. Attraverso questo kit didattico, vogliamo mettere a disposizione attivit\u00e0, metodi, spazi e capacit\u00e0 progettuale, per facilitare lo sviluppo di competenze, conoscenze e abilit\u00e0 al fine di migliorare il benessere degli studenti attraverso la sperimentazione di meccanismi partecipativi.<\/p>\r\n\r\n\r\n\r\n<p>Siamo convinti, infatti, che sia fondamentale essere presenti per lavorare insieme a docenti e studenti nella costruzione di un nuovo modello di scuola, pi\u00f9 creativo e partecipato.<\/p>\r\n\r\n\r\n\r\n<p><a href=\"https:\/\/manitese.it\/progetto\/piccoli-che-valgono\" target=\"_blank\" rel=\"noreferrer noopener\"><strong>\u201cPiccoli che Valgono!\u201d<\/strong><\/a>\u00a0\u202f\u00e8 un progetto selezionato da\u00a0<a href=\"https:\/\/www.conibambini.org\/\" target=\"_blank\" rel=\"noreferrer noopener\"><strong>Con i Bambini<\/strong><\/a>\u00a0nell\u2019ambito del Fondo per il contrasto della povert\u00e0 educativa minorile promosso da\u00a0<a href=\"https:\/\/manitese.it\/\" target=\"_blank\" rel=\"noreferrer noopener\"><strong>Mani Tese<\/strong><\/a>\u00a0\u202finsieme ad altri partner.<\/p>\r\n\r\n\r\n\r\n<h2 class=\"has-text-align-center wp-block-heading\"><strong><a href=\"https:\/\/manitese.it\/wp-content\/uploads\/2021\/09\/PcV_KIT2021-2.0-1.pdf\" target=\"_blank\" rel=\"noreferrer noopener\" aria-label=\" (apre in una nuova scheda)\">SCARICA GRATUITAMENTE IL KIT DIDATTICO<\/a><\/strong><\/h2>\r\n\r\n\r\n\r\n<figure class=\"wp-block-image size-large\"><a href=\"https:\/\/manitese.it\/wp-content\/uploads\/2021\/09\/PcV_KIT2021-2.0-1.pdf\" target=\"_blank\" rel=\"noreferrer noopener\"><img decoding=\"async\" class=\"wp-image-78327\" src=\"https:\/\/manitese.it\/wp-content\/uploads\/2021\/07\/kit-didattico-sapiens-5P-social-Mani-Tese-724x1024.jpg\" alt=\"\" \/><\/a><\/figure>\r\n","protected":false},"excerpt":{"rendered":"<p>Mani Tese propone a docenti e formatori uno strumento per parlare ai ragazzi e alle ragazze di cittadinanza globale, diritto al cibo, economia, clima e migrazioni.<\/p>\n","protected":false},"author":1,"featured_media":78325,"comment_status":"open","ping_status":"open","sticky":false,"template":"","format":"standard","meta":{"_acf_changed":false,"give_campaign_id":0,"inline_featured_image":false,"_jetpack_memberships_contains_paid_content":false,"footnotes":""},"categories":[1],"tags":[],"thematic_area":[910],"class_list":["post-78324","post","type-post","status-publish","format-standard","has-post-thumbnail","hentry","category-news","thematic_area-poverta-educative"],"acf":[],"yoast_head":"<!-- This site is optimized with the Yoast SEO plugin v27.5 - https:\/\/yoast.com\/product\/yoast-seo-wordpress\/ -->\n<title>SAPIENS A 5P: IL KIT DIDATTICO PER PARLARE DI SVILUPPO SOSTENIBILE - Mani Tese<\/title>\n<meta name=\"description\" content=\"Mani Tese propone a docenti e formatori uno strumento per parlare ai ragazzi e alle ragazze di cittadinanza globale, diritto al cibo, economia, clima e migrazioni.\" \/>\n<meta name=\"robots\" content=\"index, follow, max-snippet:-1, max-image-preview:large, max-video-preview:-1\" \/>\n<link rel=\"canonical\" href=\"https:\/\/www.manitese.it\/en\/sapiens-a-5p-kit-didattico\/\" \/>\n<meta property=\"og:locale\" content=\"en_US\" \/>\n<meta property=\"og:type\" content=\"article\" \/>\n<meta property=\"og:title\" content=\"SAPIENS A 5P: IL KIT DIDATTICO PER PARLARE DI SVILUPPO SOSTENIBILE - Mani Tese\" \/>\n<meta property=\"og:description\" content=\"Mani Tese propone a docenti e formatori uno strumento per parlare ai ragazzi e alle ragazze di cittadinanza globale, diritto al cibo, economia, clima e migrazioni.\" \/>\n<meta property=\"og:url\" content=\"https:\/\/www.manitese.it\/en\/sapiens-a-5p-kit-didattico\/\" \/>\n<meta property=\"og:site_name\" content=\"Mani Tese\" \/>\n<meta property=\"article:published_time\" content=\"2021-07-16T06:52:12+00:00\" \/>\n<meta property=\"article:modified_time\" content=\"2023-11-30T14:54:00+00:00\" \/>\n<meta property=\"og:image\" content=\"https:\/\/www.manitese.it\/wp-content\/uploads\/2021\/07\/kit-didattico-sapiens-5P-sito-Mani-Tese-1.jpg\" \/>\n\t<meta property=\"og:image:width\" content=\"1920\" \/>\n\t<meta property=\"og:image:height\" content=\"800\" \/>\n\t<meta property=\"og:image:type\" content=\"image\/jpeg\" \/>\n<meta name=\"author\" content=\"agevis\" \/>\n<meta name=\"twitter:card\" content=\"summary_large_image\" \/>\n<meta name=\"twitter:label1\" content=\"Written by\" \/>\n\t<meta name=\"twitter:data1\" content=\"agevis\" \/>\n\t<meta name=\"twitter:label2\" content=\"Est. reading time\" \/>\n\t<meta name=\"twitter:data2\" content=\"3 minutes\" \/>\n<script type=\"application\/ld+json\" class=\"yoast-schema-graph\">{\"@context\":\"https:\\\/\\\/schema.org\",\"@graph\":[{\"@type\":\"Article\",\"@id\":\"https:\\\/\\\/www.manitese.it\\\/en\\\/sapiens-a-5p-kit-didattico\\\/#article\",\"isPartOf\":{\"@id\":\"https:\\\/\\\/www.manitese.it\\\/en\\\/sapiens-a-5p-kit-didattico\\\/\"},\"author\":{\"name\":\"agevis\",\"@id\":\"https:\\\/\\\/www.manitese.it\\\/en\\\/#\\\/schema\\\/person\\\/5a9774f17e4940e2510bfeba90f04f65\"},\"headline\":\"SAPIENS A 5P: IL KIT DIDATTICO PER PARLARE DI SVILUPPO SOSTENIBILE\",\"datePublished\":\"2021-07-16T06:52:12+00:00\",\"dateModified\":\"2023-11-30T14:54:00+00:00\",\"mainEntityOfPage\":{\"@id\":\"https:\\\/\\\/www.manitese.it\\\/en\\\/sapiens-a-5p-kit-didattico\\\/\"},\"wordCount\":473,\"commentCount\":0,\"image\":{\"@id\":\"https:\\\/\\\/www.manitese.it\\\/en\\\/sapiens-a-5p-kit-didattico\\\/#primaryimage\"},\"thumbnailUrl\":\"https:\\\/\\\/www.manitese.it\\\/wp-content\\\/uploads\\\/2021\\\/07\\\/kit-didattico-sapiens-5P-sito-Mani-Tese-1.jpg\",\"articleSection\":[\"News\"],\"inLanguage\":\"en-US\",\"potentialAction\":[{\"@type\":\"CommentAction\",\"name\":\"Comment\",\"target\":[\"https:\\\/\\\/www.manitese.it\\\/en\\\/sapiens-a-5p-kit-didattico\\\/#respond\"]}]},{\"@type\":\"WebPage\",\"@id\":\"https:\\\/\\\/www.manitese.it\\\/en\\\/sapiens-a-5p-kit-didattico\\\/\",\"url\":\"https:\\\/\\\/www.manitese.it\\\/en\\\/sapiens-a-5p-kit-didattico\\\/\",\"name\":\"SAPIENS A 5P: IL KIT DIDATTICO PER PARLARE DI SVILUPPO SOSTENIBILE - Mani Tese\",\"isPartOf\":{\"@id\":\"https:\\\/\\\/www.manitese.it\\\/en\\\/#website\"},\"primaryImageOfPage\":{\"@id\":\"https:\\\/\\\/www.manitese.it\\\/en\\\/sapiens-a-5p-kit-didattico\\\/#primaryimage\"},\"image\":{\"@id\":\"https:\\\/\\\/www.manitese.it\\\/en\\\/sapiens-a-5p-kit-didattico\\\/#primaryimage\"},\"thumbnailUrl\":\"https:\\\/\\\/www.manitese.it\\\/wp-content\\\/uploads\\\/2021\\\/07\\\/kit-didattico-sapiens-5P-sito-Mani-Tese-1.jpg\",\"datePublished\":\"2021-07-16T06:52:12+00:00\",\"dateModified\":\"2023-11-30T14:54:00+00:00\",\"author\":{\"@id\":\"https:\\\/\\\/www.manitese.it\\\/en\\\/#\\\/schema\\\/person\\\/5a9774f17e4940e2510bfeba90f04f65\"},\"description\":\"Mani Tese propone a docenti e formatori uno strumento per parlare ai ragazzi e alle ragazze di cittadinanza globale, diritto al cibo, economia, clima e migrazioni.\",\"breadcrumb\":{\"@id\":\"https:\\\/\\\/www.manitese.it\\\/en\\\/sapiens-a-5p-kit-didattico\\\/#breadcrumb\"},\"inLanguage\":\"en-US\",\"potentialAction\":[{\"@type\":\"ReadAction\",\"target\":[\"https:\\\/\\\/www.manitese.it\\\/en\\\/sapiens-a-5p-kit-didattico\\\/\"]}]},{\"@type\":\"ImageObject\",\"inLanguage\":\"en-US\",\"@id\":\"https:\\\/\\\/www.manitese.it\\\/en\\\/sapiens-a-5p-kit-didattico\\\/#primaryimage\",\"url\":\"https:\\\/\\\/www.manitese.it\\\/wp-content\\\/uploads\\\/2021\\\/07\\\/kit-didattico-sapiens-5P-sito-Mani-Tese-1.jpg\",\"contentUrl\":\"https:\\\/\\\/www.manitese.it\\\/wp-content\\\/uploads\\\/2021\\\/07\\\/kit-didattico-sapiens-5P-sito-Mani-Tese-1.jpg\",\"width\":1920,\"height\":800},{\"@type\":\"BreadcrumbList\",\"@id\":\"https:\\\/\\\/www.manitese.it\\\/en\\\/sapiens-a-5p-kit-didattico\\\/#breadcrumb\",\"itemListElement\":[{\"@type\":\"ListItem\",\"position\":1,\"name\":\"Home\",\"item\":\"https:\\\/\\\/www.manitese.it\\\/en\\\/\"},{\"@type\":\"ListItem\",\"position\":2,\"name\":\"SAPIENS A 5P: IL KIT DIDATTICO PER PARLARE DI SVILUPPO SOSTENIBILE\"}]},{\"@type\":\"WebSite\",\"@id\":\"https:\\\/\\\/www.manitese.it\\\/en\\\/#website\",\"url\":\"https:\\\/\\\/www.manitese.it\\\/en\\\/\",\"name\":\"Mani Tese\",\"description\":\"\",\"potentialAction\":[{\"@type\":\"SearchAction\",\"target\":{\"@type\":\"EntryPoint\",\"urlTemplate\":\"https:\\\/\\\/www.manitese.it\\\/en\\\/?s={search_term_string}\"},\"query-input\":{\"@type\":\"PropertyValueSpecification\",\"valueRequired\":true,\"valueName\":\"search_term_string\"}}],\"inLanguage\":\"en-US\"},{\"@type\":\"Person\",\"@id\":\"https:\\\/\\\/www.manitese.it\\\/en\\\/#\\\/schema\\\/person\\\/5a9774f17e4940e2510bfeba90f04f65\",\"name\":\"agevis\",\"image\":{\"@type\":\"ImageObject\",\"inLanguage\":\"en-US\",\"@id\":\"https:\\\/\\\/secure.gravatar.com\\\/avatar\\\/2dc96c93fcf3387a5922a93b50fb3bff01d4800590fb6a4ab91a034adb25ba17?s=96&d=mm&r=g\",\"url\":\"https:\\\/\\\/secure.gravatar.com\\\/avatar\\\/2dc96c93fcf3387a5922a93b50fb3bff01d4800590fb6a4ab91a034adb25ba17?s=96&d=mm&r=g\",\"contentUrl\":\"https:\\\/\\\/secure.gravatar.com\\\/avatar\\\/2dc96c93fcf3387a5922a93b50fb3bff01d4800590fb6a4ab91a034adb25ba17?s=96&d=mm&r=g\",\"caption\":\"agevis\"},\"url\":\"https:\\\/\\\/www.manitese.it\\\/en\\\/author\\\/wp_agevis_admin\\\/\"}]}<\/script>\n<!-- \/ Yoast SEO plugin. -->","yoast_head_json":{"title":"SAPIENS A 5P: IL KIT DIDATTICO PER PARLARE DI SVILUPPO SOSTENIBILE - Mani Tese","description":"Mani Tese propone a docenti e formatori uno strumento per parlare ai ragazzi e alle ragazze di cittadinanza globale, diritto al cibo, economia, clima e migrazioni.","robots":{"index":"index","follow":"follow","max-snippet":"max-snippet:-1","max-image-preview":"max-image-preview:large","max-video-preview":"max-video-preview:-1"},"canonical":"https:\/\/www.manitese.it\/en\/sapiens-a-5p-kit-didattico\/","og_locale":"en_US","og_type":"article","og_title":"SAPIENS A 5P: IL KIT DIDATTICO PER PARLARE DI SVILUPPO SOSTENIBILE - Mani Tese","og_description":"Mani Tese propone a docenti e formatori uno strumento per parlare ai ragazzi e alle ragazze di cittadinanza globale, diritto al cibo, economia, clima e migrazioni.","og_url":"https:\/\/www.manitese.it\/en\/sapiens-a-5p-kit-didattico\/","og_site_name":"Mani Tese","article_published_time":"2021-07-16T06:52:12+00:00","article_modified_time":"2023-11-30T14:54:00+00:00","og_image":[{"width":1920,"height":800,"url":"https:\/\/www.manitese.it\/wp-content\/uploads\/2021\/07\/kit-didattico-sapiens-5P-sito-Mani-Tese-1.jpg","type":"image\/jpeg"}],"author":"agevis","twitter_card":"summary_large_image","twitter_misc":{"Written by":"agevis","Est. reading time":"3 minutes"},"schema":{"@context":"https:\/\/schema.org","@graph":[{"@type":"Article","@id":"https:\/\/www.manitese.it\/en\/sapiens-a-5p-kit-didattico\/#article","isPartOf":{"@id":"https:\/\/www.manitese.it\/en\/sapiens-a-5p-kit-didattico\/"},"author":{"name":"agevis","@id":"https:\/\/www.manitese.it\/en\/#\/schema\/person\/5a9774f17e4940e2510bfeba90f04f65"},"headline":"SAPIENS A 5P: IL KIT DIDATTICO PER PARLARE DI SVILUPPO SOSTENIBILE","datePublished":"2021-07-16T06:52:12+00:00","dateModified":"2023-11-30T14:54:00+00:00","mainEntityOfPage":{"@id":"https:\/\/www.manitese.it\/en\/sapiens-a-5p-kit-didattico\/"},"wordCount":473,"commentCount":0,"image":{"@id":"https:\/\/www.manitese.it\/en\/sapiens-a-5p-kit-didattico\/#primaryimage"},"thumbnailUrl":"https:\/\/www.manitese.it\/wp-content\/uploads\/2021\/07\/kit-didattico-sapiens-5P-sito-Mani-Tese-1.jpg","articleSection":["News"],"inLanguage":"en-US","potentialAction":[{"@type":"CommentAction","name":"Comment","target":["https:\/\/www.manitese.it\/en\/sapiens-a-5p-kit-didattico\/#respond"]}]},{"@type":"WebPage","@id":"https:\/\/www.manitese.it\/en\/sapiens-a-5p-kit-didattico\/","url":"https:\/\/www.manitese.it\/en\/sapiens-a-5p-kit-didattico\/","name":"SAPIENS A 5P: IL KIT DIDATTICO PER PARLARE DI SVILUPPO SOSTENIBILE - Mani Tese","isPartOf":{"@id":"https:\/\/www.manitese.it\/en\/#website"},"primaryImageOfPage":{"@id":"https:\/\/www.manitese.it\/en\/sapiens-a-5p-kit-didattico\/#primaryimage"},"image":{"@id":"https:\/\/www.manitese.it\/en\/sapiens-a-5p-kit-didattico\/#primaryimage"},"thumbnailUrl":"https:\/\/www.manitese.it\/wp-content\/uploads\/2021\/07\/kit-didattico-sapiens-5P-sito-Mani-Tese-1.jpg","datePublished":"2021-07-16T06:52:12+00:00","dateModified":"2023-11-30T14:54:00+00:00","author":{"@id":"https:\/\/www.manitese.it\/en\/#\/schema\/person\/5a9774f17e4940e2510bfeba90f04f65"},"description":"Mani Tese propone a docenti e formatori uno strumento per parlare ai ragazzi e alle ragazze di cittadinanza globale, diritto al cibo, economia, clima e migrazioni.","breadcrumb":{"@id":"https:\/\/www.manitese.it\/en\/sapiens-a-5p-kit-didattico\/#breadcrumb"},"inLanguage":"en-US","potentialAction":[{"@type":"ReadAction","target":["https:\/\/www.manitese.it\/en\/sapiens-a-5p-kit-didattico\/"]}]},{"@type":"ImageObject","inLanguage":"en-US","@id":"https:\/\/www.manitese.it\/en\/sapiens-a-5p-kit-didattico\/#primaryimage","url":"https:\/\/www.manitese.it\/wp-content\/uploads\/2021\/07\/kit-didattico-sapiens-5P-sito-Mani-Tese-1.jpg","contentUrl":"https:\/\/www.manitese.it\/wp-content\/uploads\/2021\/07\/kit-didattico-sapiens-5P-sito-Mani-Tese-1.jpg","width":1920,"height":800},{"@type":"BreadcrumbList","@id":"https:\/\/www.manitese.it\/en\/sapiens-a-5p-kit-didattico\/#breadcrumb","itemListElement":[{"@type":"ListItem","position":1,"name":"Home","item":"https:\/\/www.manitese.it\/en\/"},{"@type":"ListItem","position":2,"name":"SAPIENS A 5P: IL KIT DIDATTICO PER PARLARE DI SVILUPPO SOSTENIBILE"}]},{"@type":"WebSite","@id":"https:\/\/www.manitese.it\/en\/#website","url":"https:\/\/www.manitese.it\/en\/","name":"Mani Tese","description":"","potentialAction":[{"@type":"SearchAction","target":{"@type":"EntryPoint","urlTemplate":"https:\/\/www.manitese.it\/en\/?s={search_term_string}"},"query-input":{"@type":"PropertyValueSpecification","valueRequired":true,"valueName":"search_term_string"}}],"inLanguage":"en-US"},{"@type":"Person","@id":"https:\/\/www.manitese.it\/en\/#\/schema\/person\/5a9774f17e4940e2510bfeba90f04f65","name":"agevis","image":{"@type":"ImageObject","inLanguage":"en-US","@id":"https:\/\/secure.gravatar.com\/avatar\/2dc96c93fcf3387a5922a93b50fb3bff01d4800590fb6a4ab91a034adb25ba17?s=96&d=mm&r=g","url":"https:\/\/secure.gravatar.com\/avatar\/2dc96c93fcf3387a5922a93b50fb3bff01d4800590fb6a4ab91a034adb25ba17?s=96&d=mm&r=g","contentUrl":"https:\/\/secure.gravatar.com\/avatar\/2dc96c93fcf3387a5922a93b50fb3bff01d4800590fb6a4ab91a034adb25ba17?s=96&d=mm&r=g","caption":"agevis"},"url":"https:\/\/www.manitese.it\/en\/author\/wp_agevis_admin\/"}]}},"jetpack_featured_media_url":"https:\/\/www.manitese.it\/wp-content\/uploads\/2021\/07\/kit-didattico-sapiens-5P-sito-Mani-Tese-1.jpg","jetpack_sharing_enabled":true,"_links":{"self":[{"href":"https:\/\/www.manitese.it\/en\/wp-json\/wp\/v2\/posts\/78324","targetHints":{"allow":["GET"]}}],"collection":[{"href":"https:\/\/www.manitese.it\/en\/wp-json\/wp\/v2\/posts"}],"about":[{"href":"https:\/\/www.manitese.it\/en\/wp-json\/wp\/v2\/types\/post"}],"author":[{"embeddable":true,"href":"https:\/\/www.manitese.it\/en\/wp-json\/wp\/v2\/users\/1"}],"replies":[{"embeddable":true,"href":"https:\/\/www.manitese.it\/en\/wp-json\/wp\/v2\/comments?post=78324"}],"version-history":[{"count":2,"href":"https:\/\/www.manitese.it\/en\/wp-json\/wp\/v2\/posts\/78324\/revisions"}],"predecessor-version":[{"id":191710,"href":"https:\/\/www.manitese.it\/en\/wp-json\/wp\/v2\/posts\/78324\/revisions\/191710"}],"wp:featuredmedia":[{"embeddable":true,"href":"https:\/\/www.manitese.it\/en\/wp-json\/wp\/v2\/media\/78325"}],"wp:attachment":[{"href":"https:\/\/www.manitese.it\/en\/wp-json\/wp\/v2\/media?parent=78324"}],"wp:term":[{"taxonomy":"category","embeddable":true,"href":"https:\/\/www.manitese.it\/en\/wp-json\/wp\/v2\/categories?post=78324"},{"taxonomy":"post_tag","embeddable":true,"href":"https:\/\/www.manitese.it\/en\/wp-json\/wp\/v2\/tags?post=78324"},{"taxonomy":"thematic_area","embeddable":true,"href":"https:\/\/www.manitese.it\/en\/wp-json\/wp\/v2\/thematic_area?post=78324"}],"curies":[{"name":"wp","href":"https:\/\/api.w.org\/{rel}","templated":true}]}}