{"id":78242,"date":"2021-07-08T17:38:35","date_gmt":"2021-07-08T15:38:35","guid":{"rendered":"https:\/\/manitese.it\/?p=78242"},"modified":"2023-07-21T14:24:21","modified_gmt":"2023-07-21T12:24:21","slug":"mani-tese-aderisce-alla-climate-open-platform","status":"publish","type":"post","link":"https:\/\/www.manitese.it\/en\/mani-tese-aderisce-alla-climate-open-platform\/","title":{"rendered":"Mani Tese aderisce alla Climate Open Platform"},"content":{"rendered":"\n<p>Da sempre Mani Tese\npromuove la <strong>giustizia ambientale<\/strong> nel mondo, come il diritto delle\ncomunit\u00e0 a esercitare il pieno controllo sulle risorse naturali ed energetiche\ndel proprio territorio.<\/p>\n\n\n\n<p>Negli ultimi anni,\nper\u00f2, il <strong>cambiamento climatico<\/strong> sta alterando l\u2019accesso a queste risorse,\ncausando <strong>gravi danni <\/strong>soprattutto<strong> alle popolazioni indigene del Sud\ndel mondo<\/strong>.<\/p>\n\n\n\n<p>Come spesso accade, sono i soggetti pi\u00f9 vulnerabili a pagare il prezzo delle <strong>scelte scellerate<\/strong> <strong>delle grandi aziende e della politica<\/strong>.<\/p>\n\n\n\n<p>Per questo motivo abbiamo deciso di aderire alla <strong>Climate Open Platform<\/strong>, una rete di organizzazioni e individui che vuole prendere voce in occasione della <strong>COP26<\/strong> del prossimo novembre a Glasgow (Scozia), dove si riuniranno le nazioni di tutto il mondo per decidere sul futuro di tutti gli abitanti del pianeta.<\/p>\n\n\n\n<p><u>Leggi qui sotto l\u2019appello<\/u><\/p>\n\n\n\n<p><strong>Gli Accordi di Parigi della COP21 del 2015 sembravano un importante primo passo nella giusta direzione. A sei anni di distanza i risultati conseguiti sono largamente insoddisfacenti.<\/strong><\/p>\n\n\n\n<p>L\u2019obiettivo di limitare il riscaldamento globale al di sotto\ndi 1,5 gradi \u00e8 stato messo in discussione, tanto che ora si parla di non\nsuperare i 2 gradi. Ma tra i due valori c\u2019\u00e8 un\u2019enorme differenza rispetto\nall\u2019impatto sugli ecosistemi e alla vita delle persone che vivono nelle zone\npi\u00f9 a rischio.&nbsp;Siamo stanchi che la crisi climatica non venga presa sul\nserio e siamo stanchi delle promesse vuote di politici e governi di tutto il\nmondo. Sono stati fatti timidi passi avanti, ma non si \u00e8 ancora agito con la\nnecessaria urgenza e concretezza, mentre gi\u00e0 si abbattono su di noi fenomeni\nmeteorologici estremi, desertificazione e molti altri eventi cataclismici.\nSiamo stanchi dell\u2019opera di inquinamento e greenwashing del dibattito pubblico\nda parte delle compagnie petrolifere, delle lobby private e di tutti gli altri\ngrandi devastatori del pianeta. Pensiamo sia importante che la vita sul pianeta\nvenga difesa dall\u2019approccio predatorio ed estrattivista che i potenti della\nterra hanno portato avanti negli ultimi secoli.<\/p>\n\n\n\n<p>Per questo \u00e8 fondamentale prendere voce in occasione della\u00a0<strong>COP26\u00a0<\/strong>del prossimo<strong>\u00a0novembre<\/strong>, a\u00a0<strong>Glasgow\u00a0<\/strong>(Scozia) dove si riuniranno le nazioni di tutto il mondo per\u00a0<strong>decidere sul futuro di tutti gli abitanti del pianeta<\/strong>.<\/p>\n\n\n\n<div class=\"wp-block-image\"><figure class=\"aligncenter size-large\"><a href=\"https:\/\/manitese.it\/wp-content\/uploads\/2021\/07\/mani-tese-aderisce-alla-climate-open-platform-2021_1-1.jpg\"><img decoding=\"async\" src=\"https:\/\/manitese.it\/wp-content\/uploads\/2021\/07\/mani-tese-aderisce-alla-climate-open-platform-2021_1-1.jpg\" alt=\"\" class=\"wp-image-78256\"\/><\/a><\/figure><\/div>\n\n\n\n<p>Le tappe di avvicinamento verso questo evento si terranno\nproprio nel nostro Paese, a&nbsp;<strong>Milano<\/strong>,&nbsp;<strong>tra il 28 settembre e\nil 2 Ottobre<\/strong>. La&nbsp;<strong>Youth4Climate&nbsp;<\/strong>e la&nbsp;<strong>PreCOP&nbsp;<\/strong>sono\nchiamate ad avanzare raccomandazioni e a definire i temi chiave per i negoziati\ndel mese successivo.<\/p>\n\n\n\n<p>Diamo quindi vita al percorso \u201c<strong>Climate Open Platform<\/strong>\u201d. Come\u00a0<strong>societ\u00e0 civile\u00a0<\/strong>e\u00a0<strong>movimenti vogliamo fare la nostra parte<\/strong>, monitorando e cercando di influenzare i processi istituzionali, in accordo con le associazioni e i movimenti che agiranno a Glasgow e che condividono\u00a0<strong>il principio guida della nostra azione: la Giustizia Climatica<\/strong>.<\/p>\n\n\n\n<p>Con giustizia climatica intendiamo quel cambiamento sociale,\neconomico e politico volto a fermare ed invertire gli effetti del cambiamento\nclimatico e ridistribuire in modo equo risorse e benessere a livello globale,\nattraverso un ruolo forte degli stati e la centralit\u00e0 della democrazia reale e\ndella partecipazione.<\/p>\n\n\n\n<p>Un impegno di giustizia che conferisce al riscaldamento globale una dimensione etica e politica, oltre che ambientale, e che esige di considerare l\u2019impatto\u00a0sproporzionato dei cambiamenti climatici sui cittadini e sulle comunit\u00e0, sia nelle economie ricche che in quelle impoverite. I gruppi sociali e i popoli pi\u00f9 vulnerabili sono infatti quelli che ne subiscono l\u2019impatto maggiore anche se sono i meno responsabili delle emissioni climalteranti complessive. I diritti dei popoli, specialmente nelle aree del mondo storicamente e\/o tuttora sfruttate, devono essere tutelati.<\/p>\n\n\n\n<div class=\"wp-block-image\"><figure class=\"aligncenter size-large\"><a href=\"https:\/\/manitese.it\/wp-content\/uploads\/2021\/07\/mani-tese-aderisce-alla-climate-open-platform-2021_3.jpg\"><img decoding=\"async\" src=\"https:\/\/manitese.it\/wp-content\/uploads\/2021\/07\/mani-tese-aderisce-alla-climate-open-platform-2021_3.jpg\" alt=\"\" class=\"wp-image-78258\"\/><\/a><\/figure><\/div>\n\n\n\n<p>Premettendo che:<\/p>\n\n\n\n<ul class=\"wp-block-list\"><li>Nei rapporti IPCC (in particolare \u201cSpecial Report: Global Warming of 1.5\u00b0C\u201d), l\u2019abbandono dei combustibili fossili \u00e8 una costante per gli scenari di sviluppo che permetterebbero di raggiungere il traguardo degli 1.5\u00b0C.\u00a0<strong>Pertanto \u00e8 necessario che non siano autorizzati nuovi      progetti di ricerca, estrazione, processazione (trasformazione) e consumo di combustibili fossili, e che si proceda ad una graduale riconversione di quelli esistenti, procedendo verso una giusta transizione.<\/strong><\/li><li><strong>UNFCCC sostiene che la transizione ad un\u2019economia circolare sia necessaria: la produzione ed i consumi devono seguire i ritmi dettati dai reali bisogni umani compatibilmente con le risorse naturali.<\/strong>\u00a0Abbandonando quindi l\u2019idea di una crescita infinita in un mondo finito, anche la finanza deve cambiare radicalmente il suo approccio disinvestendo dalle fonti fossili e dai progetti estrattivi incompatibili con la tutela del pianeta e chi lo vive, reindirizzando le risorse verso iniziative realmente sostenibili e solidali.<\/li><li>Affinch\u00e9 la lotta per la giustizia climatica segua il consenso scientifico      affidandosi alla\u00a0<strong>migliore scienza a disposizione<\/strong>\u00a0e affinch\u00e9 la comunit\u00e0 scientifica abbia un ruolo attivo nel contribuire a determinare gli obiettivi ed i passaggi della transizione verso uno      scenario climatico stabile e sicuro per il pianeta e chi lo vive,\u00a0<strong>la      conoscenza scientifica deve essere libera, gratuita, accessibile e      partecipabile.<\/strong>\u00a0Nessuno deve trarre profitto sulla conoscenza      scientifica e per questo ribadiamo anche la necessit\u00e0 che i vaccini per il Covid siano liberi dai diritti di propriet\u00e0 intellettuale.<\/li><li><strong>Numerosi studi e statistiche sottolineano il legame tra crisi climatica e violazioni dei diritti umani<\/strong>: il cambiamento climatico mette a rischio la sicurezza ed i mezzi di sostentamento di miliardi di esseri umani. I diritti umani (includendo ma non limitandosi a quelli sanciti nella carta internazionale dei diritti umani) e i diritti dei lavoratori e delle lavoratrici, devono essere garantiti per tutte e tutti, ovunque. Assieme ai diritti umani vanno riconosciuti i diritti della natura, cos\u00ec come sostenuto dalle cosmogonie indigene.<\/li><li><strong>I popoli e territori che stanno soffrendo per primi e pi\u00f9 duramente gli effetti della crisi climatica hanno in comune un passato di sfruttamento da parte delle potenze coloniali e sono quelli che hanno minori responsabilit\u00e0 per la crisi climatica.\u00a0<\/strong>La lotta per la giustizia climatica \u00e8 quindi una lotta antirazzista e anticolonialista. \u00c8 necessario smantellare il sistema che continua a perpetrare disuguaglianze e sfruttamento su scala globale. \u00c8 necessaria l\u2019introduzione di riparazioni verso le comunit\u00e0 del Sud Globale e le comunit\u00e0 indigene di tutto il mondo, esigendo il finanziamento immediato del Green Climate Fund e ripagandole appieno attraverso una redistribuzione di potere e risorse, nonch\u00e9 la cancellazione del debito dei paesi pi\u00f9 poveri.<\/li><li><strong>La lotta per la giustizia climatica \u00e8 una lotta transfemminista\u00a0<\/strong>che      promuove l\u2019abolizione dei ruoli di genere e delle dinamiche patriarcali nella famiglia, nella societ\u00e0, nell\u2019economia, nella politica ed in ogni altro contesto.<\/li><li>\u00c8 ormai appurato il legame tra pandemia, zoonosi e distruzione degli      ecosistemi.\u00a0<strong>La tutela degli ecosistemi \u00e8 tutela del benessere e      della salute umana, e poich\u00e9 vige una relazione di interdipendenza tra ogni essere vivente, \u00e8 importante che venga protetta.<\/strong>\u00a0Al perseguimento di questo obiettivo sar\u00e0 fondamentale la COP15 sulla Biodiversit\u00e0 che deve definire limiti pi\u00f9 stringenti per la conservazione della biodiversit\u00e0 e opporsi a tutti gli interventi che la alterano, a partire dall\u2019introduzione di specie invasive fino all\u2019inquinamento di suolo, acqua e aria.<\/li><li>La crisi climatica mette a rischio milioni di posti di lavoro in tutto il      mondo.\u00a0<strong>Per tutelare le lavoratrici ed i lavoratori \u00e8 necessaria      una giusta transizione ecologica, che non pu\u00f2 avvenire a loro spese.\u00a0<\/strong>Devono essere definiti, attraverso percorsi partecipativi, piani per la giusta transizione per pianificare un nuovo modello di sviluppo sostenibile e creare nuovi posti di lavoro e misure di giusta transizione, ammortizzatori sociali universali, formazione permanente e riqualificazione professionale. I diritti delle lavoratrici e dei lavoratori devono essere tutelati ed i loro mezzi di sostentamento      garantiti durante e dopo la transizione verso un\u2019economia sostenibile.<\/li><li>Il nostro pianeta, l\u2019unico che abbiamo, \u00e8 un bene comune condiviso da chiunque lo abiti.\u00a0<strong>Ogni individuo ha diritto alla libert\u00e0 di      movimento e ogni migrante deve vedersi riconosciuti i diritti fondamentali<\/strong>, soprattutto in una situazione di crisi pandemica e climatica che aumenta le disuguaglianze su scala globale. La COP26 deve procedere speditamente per il riconoscimento dei migranti ambientali e relativo sostegno a programmi di adattamento e riparazione di danni e perdite (<em>loss &amp; damages<\/em>).<\/li><li>I progetti delle\u00a0<strong>grandi opere inutili, dannose e inquinanti<\/strong>\u00a0non      sono pi\u00f9 sostenibili e vanno favoriti interventi pi\u00f9 localizzati che      garantiscano la salute dei territori e di chi li abita.<\/li><li>Riconosciamo il fondamentale ruolo che un\u2019<strong>istruzione<\/strong>\u00a0gratuita e libera dai finanziamenti dei privati ha nel dare a noi e alle prossime generazioni gli strumenti essenziali per immaginare e praticare una transizione ecologica e un cambiamento giusto ed equo.<\/li><\/ul>\n\n\n\n<p>A partire da queste premesse, la Climate Open Platform si\npropone di essere uno spazio di convergenza politica e organizzativa, in cui\ncontinuare un lavoro collettivo basato sul confronto e il consenso tra tutte le\nrealt\u00e0 e gli individui che vorranno prendere parte alla costruzione di questo\npercorso.<\/p>\n\n\n\n<p>Durante l\u2019ultima settimana di settembre, in contemporanea con gli incontri di Youth Cop e Pre Cop,<strong>\u00a0Climate Open Platform organizzer\u00e0 a Milano l\u2019Eco-social Forum<\/strong>, una settimana, di eventi, iniziative, dibattiti, azioni, che mettano al centro la battaglia per la giustizia climatica e sociale,<strong>\u00a0e<\/strong>\u00a0<strong>scender\u00e0 in piazza il 1 e 2 ottobre<\/strong>, tornando a portare nelle strade della citt\u00e0 la lotta per un mondo pi\u00f9 giusto.<\/p>\n\n\n\n<div class=\"wp-block-image\"><figure class=\"aligncenter size-large\"><a href=\"https:\/\/manitese.it\/wp-content\/uploads\/2021\/07\/mani-tese-aderisce-alla-climate-open-platform-2021_3-1.jpg\"><img decoding=\"async\" src=\"https:\/\/manitese.it\/wp-content\/uploads\/2021\/07\/mani-tese-aderisce-alla-climate-open-platform-2021_3-1.jpg\" alt=\"\" class=\"wp-image-78260\"\/><\/a><\/figure><\/div>\n\n\n\n<p>Inoltre Climate Open Platform valuter\u00e0 la partecipazione o\nla solidariet\u00e0 ad azioni e mobilitazioni non violente per la giustizia\nclimatica organizzate da altri\/e attivisti\/e, organizzazioni e movimenti, che\npromuovano un orizzonte di rivendicazione coerente con questo appello.<\/p>\n\n\n\n<p><strong>Verso e durante questi importanti eventi vogliamo\ncostruire un percorso che faccia sentire la nostra voce, la voce di tutte e\ntutti, la voce di chi vuole dare un futuro diverso al pianeta.<\/strong><\/p>\n\n\n\n<p><strong>Diffondiamo, partecipiamo, organizziamoci!<\/strong><\/p>\n\n\n\n<div class=\"wp-block-image\"><figure class=\"aligncenter size-large\"><a href=\"https:\/\/manitese.it\/wp-content\/uploads\/2021\/07\/mani-tese-aderisce-alla-climate-open-platform-2021_2.jpg\"><img decoding=\"async\" src=\"https:\/\/manitese.it\/wp-content\/uploads\/2021\/07\/mani-tese-aderisce-alla-climate-open-platform-2021_2.jpg\" alt=\"\" class=\"wp-image-78262\"\/><\/a><\/figure><\/div>\n","protected":false},"excerpt":{"rendered":"<p>L\u2019appello della societ\u00e0 civile e dei movimenti per fermare e invertire gli effetti del cambiamento climatico e ridistribuire in modo equo risorse e benessere.<\/p>\n","protected":false},"author":1,"featured_media":78245,"comment_status":"open","ping_status":"open","sticky":false,"template":"","format":"standard","meta":{"_acf_changed":false,"give_campaign_id":0,"inline_featured_image":false,"_jetpack_memberships_contains_paid_content":false,"footnotes":""},"categories":[5],"tags":[],"thematic_area":[],"class_list":["post-78242","post","type-post","status-publish","format-standard","has-post-thumbnail","hentry","category-attualita"],"acf":[],"yoast_head":"<!-- This site is optimized with the Yoast SEO plugin v27.5 - https:\/\/yoast.com\/product\/yoast-seo-wordpress\/ -->\n<title>Mani Tese aderisce alla Climate Open Platform - Mani Tese<\/title>\n<meta name=\"description\" content=\"L\u2019appello della societ\u00e0 civile e dei movimenti per fermare e invertire gli effetti del cambiamento climatico e ridistribuire in modo equo risorse e benessere.\" \/>\n<meta name=\"robots\" content=\"index, follow, max-snippet:-1, max-image-preview:large, max-video-preview:-1\" \/>\n<link rel=\"canonical\" href=\"https:\/\/www.manitese.it\/en\/mani-tese-aderisce-alla-climate-open-platform\/\" \/>\n<meta property=\"og:locale\" content=\"en_US\" \/>\n<meta property=\"og:type\" content=\"article\" \/>\n<meta property=\"og:title\" content=\"Mani Tese aderisce alla Climate Open Platform - Mani Tese\" \/>\n<meta property=\"og:description\" content=\"L\u2019appello della societ\u00e0 civile e dei movimenti per fermare e invertire gli effetti del cambiamento climatico e ridistribuire in modo equo risorse e benessere.\" \/>\n<meta property=\"og:url\" content=\"https:\/\/www.manitese.it\/en\/mani-tese-aderisce-alla-climate-open-platform\/\" \/>\n<meta property=\"og:site_name\" content=\"Mani Tese\" \/>\n<meta property=\"article:published_time\" content=\"2021-07-08T15:38:35+00:00\" \/>\n<meta property=\"article:modified_time\" content=\"2023-07-21T12:24:21+00:00\" \/>\n<meta property=\"og:image\" content=\"https:\/\/www.manitese.it\/wp-content\/uploads\/2021\/07\/mani-tese-aderisce-alla-climate-open-platform-2021-1.jpg\" \/>\n\t<meta property=\"og:image:width\" content=\"1920\" \/>\n\t<meta property=\"og:image:height\" content=\"800\" \/>\n\t<meta property=\"og:image:type\" content=\"image\/jpeg\" \/>\n<meta name=\"author\" content=\"agevis\" \/>\n<meta name=\"twitter:card\" content=\"summary_large_image\" \/>\n<meta name=\"twitter:label1\" content=\"Written by\" \/>\n\t<meta name=\"twitter:data1\" content=\"agevis\" \/>\n\t<meta name=\"twitter:label2\" content=\"Est. reading time\" \/>\n\t<meta name=\"twitter:data2\" content=\"8 minutes\" \/>\n<script type=\"application\/ld+json\" class=\"yoast-schema-graph\">{\"@context\":\"https:\\\/\\\/schema.org\",\"@graph\":[{\"@type\":\"Article\",\"@id\":\"https:\\\/\\\/www.manitese.it\\\/en\\\/mani-tese-aderisce-alla-climate-open-platform\\\/#article\",\"isPartOf\":{\"@id\":\"https:\\\/\\\/www.manitese.it\\\/en\\\/mani-tese-aderisce-alla-climate-open-platform\\\/\"},\"author\":{\"name\":\"agevis\",\"@id\":\"https:\\\/\\\/www.manitese.it\\\/en\\\/#\\\/schema\\\/person\\\/5a9774f17e4940e2510bfeba90f04f65\"},\"headline\":\"Mani Tese aderisce alla Climate Open Platform\",\"datePublished\":\"2021-07-08T15:38:35+00:00\",\"dateModified\":\"2023-07-21T12:24:21+00:00\",\"mainEntityOfPage\":{\"@id\":\"https:\\\/\\\/www.manitese.it\\\/en\\\/mani-tese-aderisce-alla-climate-open-platform\\\/\"},\"wordCount\":1566,\"commentCount\":0,\"image\":{\"@id\":\"https:\\\/\\\/www.manitese.it\\\/en\\\/mani-tese-aderisce-alla-climate-open-platform\\\/#primaryimage\"},\"thumbnailUrl\":\"https:\\\/\\\/www.manitese.it\\\/wp-content\\\/uploads\\\/2021\\\/07\\\/mani-tese-aderisce-alla-climate-open-platform-2021-1.jpg\",\"articleSection\":[\"Attualit\u00e0\"],\"inLanguage\":\"en-US\",\"potentialAction\":[{\"@type\":\"CommentAction\",\"name\":\"Comment\",\"target\":[\"https:\\\/\\\/www.manitese.it\\\/en\\\/mani-tese-aderisce-alla-climate-open-platform\\\/#respond\"]}]},{\"@type\":\"WebPage\",\"@id\":\"https:\\\/\\\/www.manitese.it\\\/en\\\/mani-tese-aderisce-alla-climate-open-platform\\\/\",\"url\":\"https:\\\/\\\/www.manitese.it\\\/en\\\/mani-tese-aderisce-alla-climate-open-platform\\\/\",\"name\":\"Mani Tese aderisce alla Climate Open Platform - Mani Tese\",\"isPartOf\":{\"@id\":\"https:\\\/\\\/www.manitese.it\\\/en\\\/#website\"},\"primaryImageOfPage\":{\"@id\":\"https:\\\/\\\/www.manitese.it\\\/en\\\/mani-tese-aderisce-alla-climate-open-platform\\\/#primaryimage\"},\"image\":{\"@id\":\"https:\\\/\\\/www.manitese.it\\\/en\\\/mani-tese-aderisce-alla-climate-open-platform\\\/#primaryimage\"},\"thumbnailUrl\":\"https:\\\/\\\/www.manitese.it\\\/wp-content\\\/uploads\\\/2021\\\/07\\\/mani-tese-aderisce-alla-climate-open-platform-2021-1.jpg\",\"datePublished\":\"2021-07-08T15:38:35+00:00\",\"dateModified\":\"2023-07-21T12:24:21+00:00\",\"author\":{\"@id\":\"https:\\\/\\\/www.manitese.it\\\/en\\\/#\\\/schema\\\/person\\\/5a9774f17e4940e2510bfeba90f04f65\"},\"description\":\"L\u2019appello della societ\u00e0 civile e dei movimenti per fermare e invertire gli effetti del cambiamento climatico e ridistribuire in modo equo risorse e benessere.\",\"breadcrumb\":{\"@id\":\"https:\\\/\\\/www.manitese.it\\\/en\\\/mani-tese-aderisce-alla-climate-open-platform\\\/#breadcrumb\"},\"inLanguage\":\"en-US\",\"potentialAction\":[{\"@type\":\"ReadAction\",\"target\":[\"https:\\\/\\\/www.manitese.it\\\/en\\\/mani-tese-aderisce-alla-climate-open-platform\\\/\"]}]},{\"@type\":\"ImageObject\",\"inLanguage\":\"en-US\",\"@id\":\"https:\\\/\\\/www.manitese.it\\\/en\\\/mani-tese-aderisce-alla-climate-open-platform\\\/#primaryimage\",\"url\":\"https:\\\/\\\/www.manitese.it\\\/wp-content\\\/uploads\\\/2021\\\/07\\\/mani-tese-aderisce-alla-climate-open-platform-2021-1.jpg\",\"contentUrl\":\"https:\\\/\\\/www.manitese.it\\\/wp-content\\\/uploads\\\/2021\\\/07\\\/mani-tese-aderisce-alla-climate-open-platform-2021-1.jpg\",\"width\":1920,\"height\":800,\"caption\":\"mani tese aderisce alla climate open platform 2021\"},{\"@type\":\"BreadcrumbList\",\"@id\":\"https:\\\/\\\/www.manitese.it\\\/en\\\/mani-tese-aderisce-alla-climate-open-platform\\\/#breadcrumb\",\"itemListElement\":[{\"@type\":\"ListItem\",\"position\":1,\"name\":\"Home\",\"item\":\"https:\\\/\\\/www.manitese.it\\\/en\\\/\"},{\"@type\":\"ListItem\",\"position\":2,\"name\":\"Mani Tese aderisce alla Climate Open Platform\"}]},{\"@type\":\"WebSite\",\"@id\":\"https:\\\/\\\/www.manitese.it\\\/en\\\/#website\",\"url\":\"https:\\\/\\\/www.manitese.it\\\/en\\\/\",\"name\":\"Mani Tese\",\"description\":\"\",\"potentialAction\":[{\"@type\":\"SearchAction\",\"target\":{\"@type\":\"EntryPoint\",\"urlTemplate\":\"https:\\\/\\\/www.manitese.it\\\/en\\\/?s={search_term_string}\"},\"query-input\":{\"@type\":\"PropertyValueSpecification\",\"valueRequired\":true,\"valueName\":\"search_term_string\"}}],\"inLanguage\":\"en-US\"},{\"@type\":\"Person\",\"@id\":\"https:\\\/\\\/www.manitese.it\\\/en\\\/#\\\/schema\\\/person\\\/5a9774f17e4940e2510bfeba90f04f65\",\"name\":\"agevis\",\"image\":{\"@type\":\"ImageObject\",\"inLanguage\":\"en-US\",\"@id\":\"https:\\\/\\\/secure.gravatar.com\\\/avatar\\\/2dc96c93fcf3387a5922a93b50fb3bff01d4800590fb6a4ab91a034adb25ba17?s=96&d=mm&r=g\",\"url\":\"https:\\\/\\\/secure.gravatar.com\\\/avatar\\\/2dc96c93fcf3387a5922a93b50fb3bff01d4800590fb6a4ab91a034adb25ba17?s=96&d=mm&r=g\",\"contentUrl\":\"https:\\\/\\\/secure.gravatar.com\\\/avatar\\\/2dc96c93fcf3387a5922a93b50fb3bff01d4800590fb6a4ab91a034adb25ba17?s=96&d=mm&r=g\",\"caption\":\"agevis\"},\"url\":\"https:\\\/\\\/www.manitese.it\\\/en\\\/author\\\/wp_agevis_admin\\\/\"}]}<\/script>\n<!-- \/ Yoast SEO plugin. -->","yoast_head_json":{"title":"Mani Tese aderisce alla Climate Open Platform - Mani Tese","description":"L\u2019appello della societ\u00e0 civile e dei movimenti per fermare e invertire gli effetti del cambiamento climatico e ridistribuire in modo equo risorse e benessere.","robots":{"index":"index","follow":"follow","max-snippet":"max-snippet:-1","max-image-preview":"max-image-preview:large","max-video-preview":"max-video-preview:-1"},"canonical":"https:\/\/www.manitese.it\/en\/mani-tese-aderisce-alla-climate-open-platform\/","og_locale":"en_US","og_type":"article","og_title":"Mani Tese aderisce alla Climate Open Platform - Mani Tese","og_description":"L\u2019appello della societ\u00e0 civile e dei movimenti per fermare e invertire gli effetti del cambiamento climatico e ridistribuire in modo equo risorse e benessere.","og_url":"https:\/\/www.manitese.it\/en\/mani-tese-aderisce-alla-climate-open-platform\/","og_site_name":"Mani Tese","article_published_time":"2021-07-08T15:38:35+00:00","article_modified_time":"2023-07-21T12:24:21+00:00","og_image":[{"width":1920,"height":800,"url":"https:\/\/www.manitese.it\/wp-content\/uploads\/2021\/07\/mani-tese-aderisce-alla-climate-open-platform-2021-1.jpg","type":"image\/jpeg"}],"author":"agevis","twitter_card":"summary_large_image","twitter_misc":{"Written by":"agevis","Est. reading time":"8 minutes"},"schema":{"@context":"https:\/\/schema.org","@graph":[{"@type":"Article","@id":"https:\/\/www.manitese.it\/en\/mani-tese-aderisce-alla-climate-open-platform\/#article","isPartOf":{"@id":"https:\/\/www.manitese.it\/en\/mani-tese-aderisce-alla-climate-open-platform\/"},"author":{"name":"agevis","@id":"https:\/\/www.manitese.it\/en\/#\/schema\/person\/5a9774f17e4940e2510bfeba90f04f65"},"headline":"Mani Tese aderisce alla Climate Open Platform","datePublished":"2021-07-08T15:38:35+00:00","dateModified":"2023-07-21T12:24:21+00:00","mainEntityOfPage":{"@id":"https:\/\/www.manitese.it\/en\/mani-tese-aderisce-alla-climate-open-platform\/"},"wordCount":1566,"commentCount":0,"image":{"@id":"https:\/\/www.manitese.it\/en\/mani-tese-aderisce-alla-climate-open-platform\/#primaryimage"},"thumbnailUrl":"https:\/\/www.manitese.it\/wp-content\/uploads\/2021\/07\/mani-tese-aderisce-alla-climate-open-platform-2021-1.jpg","articleSection":["Attualit\u00e0"],"inLanguage":"en-US","potentialAction":[{"@type":"CommentAction","name":"Comment","target":["https:\/\/www.manitese.it\/en\/mani-tese-aderisce-alla-climate-open-platform\/#respond"]}]},{"@type":"WebPage","@id":"https:\/\/www.manitese.it\/en\/mani-tese-aderisce-alla-climate-open-platform\/","url":"https:\/\/www.manitese.it\/en\/mani-tese-aderisce-alla-climate-open-platform\/","name":"Mani Tese aderisce alla Climate Open Platform - Mani Tese","isPartOf":{"@id":"https:\/\/www.manitese.it\/en\/#website"},"primaryImageOfPage":{"@id":"https:\/\/www.manitese.it\/en\/mani-tese-aderisce-alla-climate-open-platform\/#primaryimage"},"image":{"@id":"https:\/\/www.manitese.it\/en\/mani-tese-aderisce-alla-climate-open-platform\/#primaryimage"},"thumbnailUrl":"https:\/\/www.manitese.it\/wp-content\/uploads\/2021\/07\/mani-tese-aderisce-alla-climate-open-platform-2021-1.jpg","datePublished":"2021-07-08T15:38:35+00:00","dateModified":"2023-07-21T12:24:21+00:00","author":{"@id":"https:\/\/www.manitese.it\/en\/#\/schema\/person\/5a9774f17e4940e2510bfeba90f04f65"},"description":"L\u2019appello della societ\u00e0 civile e dei movimenti per fermare e invertire gli effetti del cambiamento climatico e ridistribuire in modo equo risorse e benessere.","breadcrumb":{"@id":"https:\/\/www.manitese.it\/en\/mani-tese-aderisce-alla-climate-open-platform\/#breadcrumb"},"inLanguage":"en-US","potentialAction":[{"@type":"ReadAction","target":["https:\/\/www.manitese.it\/en\/mani-tese-aderisce-alla-climate-open-platform\/"]}]},{"@type":"ImageObject","inLanguage":"en-US","@id":"https:\/\/www.manitese.it\/en\/mani-tese-aderisce-alla-climate-open-platform\/#primaryimage","url":"https:\/\/www.manitese.it\/wp-content\/uploads\/2021\/07\/mani-tese-aderisce-alla-climate-open-platform-2021-1.jpg","contentUrl":"https:\/\/www.manitese.it\/wp-content\/uploads\/2021\/07\/mani-tese-aderisce-alla-climate-open-platform-2021-1.jpg","width":1920,"height":800,"caption":"mani tese aderisce alla climate open platform 2021"},{"@type":"BreadcrumbList","@id":"https:\/\/www.manitese.it\/en\/mani-tese-aderisce-alla-climate-open-platform\/#breadcrumb","itemListElement":[{"@type":"ListItem","position":1,"name":"Home","item":"https:\/\/www.manitese.it\/en\/"},{"@type":"ListItem","position":2,"name":"Mani Tese aderisce alla Climate Open Platform"}]},{"@type":"WebSite","@id":"https:\/\/www.manitese.it\/en\/#website","url":"https:\/\/www.manitese.it\/en\/","name":"Mani Tese","description":"","potentialAction":[{"@type":"SearchAction","target":{"@type":"EntryPoint","urlTemplate":"https:\/\/www.manitese.it\/en\/?s={search_term_string}"},"query-input":{"@type":"PropertyValueSpecification","valueRequired":true,"valueName":"search_term_string"}}],"inLanguage":"en-US"},{"@type":"Person","@id":"https:\/\/www.manitese.it\/en\/#\/schema\/person\/5a9774f17e4940e2510bfeba90f04f65","name":"agevis","image":{"@type":"ImageObject","inLanguage":"en-US","@id":"https:\/\/secure.gravatar.com\/avatar\/2dc96c93fcf3387a5922a93b50fb3bff01d4800590fb6a4ab91a034adb25ba17?s=96&d=mm&r=g","url":"https:\/\/secure.gravatar.com\/avatar\/2dc96c93fcf3387a5922a93b50fb3bff01d4800590fb6a4ab91a034adb25ba17?s=96&d=mm&r=g","contentUrl":"https:\/\/secure.gravatar.com\/avatar\/2dc96c93fcf3387a5922a93b50fb3bff01d4800590fb6a4ab91a034adb25ba17?s=96&d=mm&r=g","caption":"agevis"},"url":"https:\/\/www.manitese.it\/en\/author\/wp_agevis_admin\/"}]}},"jetpack_featured_media_url":"https:\/\/www.manitese.it\/wp-content\/uploads\/2021\/07\/mani-tese-aderisce-alla-climate-open-platform-2021-1.jpg","jetpack_sharing_enabled":true,"_links":{"self":[{"href":"https:\/\/www.manitese.it\/en\/wp-json\/wp\/v2\/posts\/78242","targetHints":{"allow":["GET"]}}],"collection":[{"href":"https:\/\/www.manitese.it\/en\/wp-json\/wp\/v2\/posts"}],"about":[{"href":"https:\/\/www.manitese.it\/en\/wp-json\/wp\/v2\/types\/post"}],"author":[{"embeddable":true,"href":"https:\/\/www.manitese.it\/en\/wp-json\/wp\/v2\/users\/1"}],"replies":[{"embeddable":true,"href":"https:\/\/www.manitese.it\/en\/wp-json\/wp\/v2\/comments?post=78242"}],"version-history":[{"count":2,"href":"https:\/\/www.manitese.it\/en\/wp-json\/wp\/v2\/posts\/78242\/revisions"}],"predecessor-version":[{"id":177824,"href":"https:\/\/www.manitese.it\/en\/wp-json\/wp\/v2\/posts\/78242\/revisions\/177824"}],"wp:featuredmedia":[{"embeddable":true,"href":"https:\/\/www.manitese.it\/en\/wp-json\/wp\/v2\/media\/78245"}],"wp:attachment":[{"href":"https:\/\/www.manitese.it\/en\/wp-json\/wp\/v2\/media?parent=78242"}],"wp:term":[{"taxonomy":"category","embeddable":true,"href":"https:\/\/www.manitese.it\/en\/wp-json\/wp\/v2\/categories?post=78242"},{"taxonomy":"post_tag","embeddable":true,"href":"https:\/\/www.manitese.it\/en\/wp-json\/wp\/v2\/tags?post=78242"},{"taxonomy":"thematic_area","embeddable":true,"href":"https:\/\/www.manitese.it\/en\/wp-json\/wp\/v2\/thematic_area?post=78242"}],"curies":[{"name":"wp","href":"https:\/\/api.w.org\/{rel}","templated":true}]}}