{"id":78090,"date":"2021-07-27T12:48:33","date_gmt":"2021-07-27T10:48:33","guid":{"rendered":"https:\/\/manitese.it\/?p=78090"},"modified":"2023-07-21T14:18:35","modified_gmt":"2023-07-21T12:18:35","slug":"linfanzia-negata-dei-bambini-talibe","status":"publish","type":"post","link":"https:\/\/www.manitese.it\/en\/linfanzia-negata-dei-bambini-talibe\/","title":{"rendered":"L\u2019infanzia negata dei bambini Talib\u00e9"},"content":{"rendered":"\n<p><strong>La tratta di esseri umani rappresenta un crimine globale<\/strong>. I gruppi organizzati e i trafficanti che si celano dietro questo fenomeno lucrativo approfittano di individui disperati e in stato di vulnerabilit\u00e0. Il Protocollo di Palermo del 2000 per prevenire, reprimere e punire la tratta di persone, in particolare di donne e bambini, \u00e8 uno dei tre protocolli associati alla Convenzione delle Nazioni Unite contro la criminalit\u00e0 organizzata transnazionale. La definizione di tratta di persone in esso contenuta costituisce uno strumento vitale per l\u2019identificazione delle vittime e per la prosecuzione di ogni forma di sfruttamento che possa configurare il crimine. I Paesi che ratificano il Protocollo hanno il dovere di perseguire il crimine e adottare misure interne in linea con le previsioni in esso contenute, capaci di fornire protezione e assistenza alle vittime di tratta e assicurando il rispetto dei loro diritti.<\/p>\n\n\n\n<p>La Guinea-Bissau ha ratificato il Protocollo di Palermo nel 2007. Tuttavia, secondo il Rapporto sulla Tratta di Persone del 2020, <strong>il Governo della Guinea-Bissau, nonostante abbia adottato un piano di azione volto a regolamentare il fenomeno della tratta, non rispetta ancora sufficientemente gli standard minimi internazionali<\/strong>. In ragione di ci\u00f2, per il terzo anno consecutivo, la Guinea-Bissau \u00e8 stata collocata nella speciale lista di controllo del Dipartimento di Stato degli Stati Uniti d\u2019America.<\/p>\n\n\n\n<h3 class=\"wp-block-heading\"><strong>Il fenomeno dei bambini Talib\u00e9<\/strong><\/h3>\n\n\n\n<p>Nella sezione riguardante il profilo delle <strong>vittime di tratta<\/strong>, vengono annoverati i <strong>bambini Talib\u00e9<\/strong>. Si tratta di bambini che, inviati in Senegal per l\u2019apprendimento dei precetti coranici, sono invece costretti a mendicare nelle strade e diventano vittime di diverse forme di violenza fisica e psicologica perpetrate da maestri coranici provenienti, nella maggior parte dei casi, dalle regioni di Gabu e Bafata. Questi ultimi, conosciuti dalle comunit\u00e0 di provenienza dei bambini, sono spesso stati Talib\u00e9 a loro volta e approfittano della debolezza delle istituzioni e dei confini terrestri per condurre i minori in Senegal.<\/p>\n\n\n\n<p>Mani Tese dal 2018 interviene nelle regioni ad est della Guinea Bissau, particolarmente colpite dal fenomeno, per assicurare la tutela dei diritti dei minori vittime di tratta, ricalcando il <strong>Paradigma delle 4P \u2013 Prosecution, Protection, Prevention, Partnership \u2013<\/strong> che continua a fungere da quadro fondamentale di riferimento per combattere la tratta di persone. In linea con le disposizioni contenute nel Protocollo di Palermo, che all\u2019articolo 9 invita gli Stati ad adottare misure protettive e di prevenzione in cooperazione con le organizzazioni internazionali e la societ\u00e0 civile, Mani Tese coopera con <strong>AMIC, l\u2019Associazione locale Amigos das Crian\u00e7as<\/strong>, che dal 2005 si batte per la protezione dei diritti dell\u2019infanzia con lo scopo di fortificarne le competenze.<\/p>\n\n\n\n<p>Nell\u2019ambito del progetto <strong>\u201cInvestire sul futuro: protezione, formazione e occupazione per i migranti di ritorno, i migranti potenziali ed i migranti minori non accompagnati in Senegal, Gambia e Guinea Bissau\u201d<\/strong> cofinanziato dall\u2019<strong>Agenzia Italiana per la Cooperazione allo Sviluppo<\/strong> (Codice VIS\/REG\/11659\/5), Mani Tese previene il fenomeno sensibilizzando le comunit\u00e0 di origine dei flussi di tratta attraverso <strong>dibattiti comunitari e campagne radiofoniche realizzate in lingua locale<\/strong>, grazie alle quali i genitori vengono a conoscenza delle condizioni degradanti che affliggeranno i bambini una volta giunti in Senegal. Mani Tese crea inoltre dei <strong>Comitati Comunitari di Prevenzione e Allerta Precoce <\/strong>presso i villaggi in cui lavora, istruendo i membri che ne fanno parte sulle caratteristiche del fenomeno e esortandoli a contattare istituzioni e associazioni quando i bambini stanno per essere prelevati.<\/p>\n\n\n\n<p>Mani Tese si occupa anche di proteggere i minori soccorrendoli in Senegal, grazie a un approccio integrato e transfrontaliero che, basandosi sulla <strong>Rete di protezione dei bambini in mobilit\u00e0 dell\u2019Africa dell\u2019Ovest<\/strong>, consente di identificare le vittime di origine guineense e facilitarne il rientro in sicurezza in Guinea-Bissau. Mani Tese supporta inoltre il <strong>processo di riabilitazione dei minori<\/strong>, assicurando <strong>supporto psico-sociale e psicologico<\/strong> fin dai primi giorni di presa in carico e dopo la reintegrazione nelle comunit\u00e0 di appartenenza, e facilitando il reinserimento presso le scuole coprendo il <strong>pagamento delle tasse<\/strong> di iscrizione e fornendo i <strong>materiali scolastici<\/strong> necessari. Consapevole che il coordinamento sia fondamentale per aumentare l\u2019impatto del nostro intervento, Mani Tese opera all\u2019interno di <strong>partenariati<\/strong>, nazionali e transfrontalieri, condividendo il suo impegno <strong>con istituzioni, organizzazioni internazionali e locali e attori chiave<\/strong> impegnati nella lotta alla tratta dei minori Talib\u00e9, come <strong>il Comitato Nazionale per l\u2019Abbandono delle Pratiche Nefaste, il Consiglio Nazionale della Giovent\u00f9 Islamica e la Lega Guineense per i Diritti Umani<\/strong>.<\/p>\n\n\n\n<h3 class=\"wp-block-heading\"><strong>Oltre 160 le vittime salvate dalla tratta<\/strong><\/h3>\n\n\n\n<p>Grazie a un approccio che si \u00e8 sempre pi\u00f9 strutturato nel corso degli anni, Mani Tese ed AMIC hanno facilitato il rientro in sicurezza e la successiva <strong>protezione e reintegrazione di pi\u00f9 di 160 bambini<\/strong> identificati nei Paesi confinanti con la Guinea-Bissau. Gli sforzi concreti compiuti da Mani Tese nel contrasto del fenomeno sono stati riconosciuti dallo Stato, che nel 2020 ha ammesso l\u2019ONG al Comitato Nazionale per la Prevenzione e il Contrasto alla Tratta di Esseri Umani in veste di osservatore.<\/p>\n\n\n\n<p>Tuttavia, la strada da percorrere \u00e8 ancora lunga. Nei Paesi\na basso reddito come la Guinea-Bissau, le vittime di tratta sono, nella met\u00e0\ndei casi, bambini. Il fenomeno \u00e8 alimentato da fattori molteplici e difficolt\u00e0\neconomiche e povert\u00e0 costituiscono le ragioni che maggiormente alimentano il\ncrimine.<\/p>\n\n\n\n<p>Dopo lo scoppio della pandemia nell\u2019Africa dell\u2019Ovest, il Governo senegalese ha imposto il copri fuoco e ordinato che tutti i minori venissero accolti nei centri di accoglienza statale. <strong>Nella sola citt\u00e0 di Dakar, a giugno del 2020, sono stati identificati pi\u00f9 di 2000 minori Talib\u00e9: di questi, 160 circa erano di origine guineense<\/strong>. I numeri sono aumentati nel corso dei mesi e si presume che a causa della recessione causata dalla pandemia, che certamente amplificher\u00e0 le ineguaglianze socio-economiche, il bacino delle vittime continuer\u00e0 ad aumentare. Mani Tese continuer\u00e0 ad agire in difesa delle vittime di tratta, portando avanti il proprio impegno di giustizia nei confronti dei minori.<\/p>\n\n\n\n<figure class=\"wp-block-image size-large\"><a href=\"https:\/\/manitese.it\/wp-content\/uploads\/2021\/07\/infanzia-negata-bambini-talib\u00e9-2-mani-tese-2021-guinea-bissau.jpg\" target=\"_blank\" rel=\"noreferrer noopener\"><img decoding=\"async\" src=\"https:\/\/manitese.it\/wp-content\/uploads\/2021\/07\/infanzia-negata-bambini-talib\u00e9-2-mani-tese-2021-guinea-bissau-1024x683.jpg\" alt=\"\" class=\"wp-image-78095\"\/><\/a><\/figure>\n\n\n\n<figure class=\"wp-block-image size-large\"><a href=\"https:\/\/manitese.it\/wp-content\/uploads\/2021\/07\/infanzia-negata-bambini-talib\u00e9-3-mani-tese-2021-guinea-bissau.jpg\" target=\"_blank\" rel=\"noreferrer noopener\"><img decoding=\"async\" src=\"https:\/\/manitese.it\/wp-content\/uploads\/2021\/07\/infanzia-negata-bambini-talib\u00e9-3-mani-tese-2021-guinea-bissau-1024x683.jpg\" alt=\"\" class=\"wp-image-78097\"\/><\/a><\/figure>\n","protected":false},"excerpt":{"rendered":"<p>La protezione delle vittime e la prevenzione del fenomeno della tratta dei minori nell\u2019azione di Mani Tese in Guinea-Bissau.<\/p>\n","protected":false},"author":1,"featured_media":78093,"comment_status":"open","ping_status":"open","sticky":false,"template":"","format":"standard","meta":{"_acf_changed":false,"give_campaign_id":0,"inline_featured_image":false,"_jetpack_memberships_contains_paid_content":false,"footnotes":""},"categories":[12],"tags":[],"thematic_area":[],"class_list":["post-78090","post","type-post","status-publish","format-standard","has-post-thumbnail","hentry","category-il-nostro-giornale"],"acf":[],"yoast_head":"<!-- This site is optimized with the Yoast SEO plugin v27.5 - https:\/\/yoast.com\/product\/yoast-seo-wordpress\/ -->\n<title>L\u2019infanzia negata dei bambini Talib\u00e9 - Mani Tese<\/title>\n<meta name=\"description\" content=\"La protezione delle vittime e la prevenzione del fenomeno della tratta dei minori nell\u2019azione di Mani Tese in Guinea-Bissau.\" \/>\n<meta name=\"robots\" content=\"index, follow, max-snippet:-1, max-image-preview:large, max-video-preview:-1\" \/>\n<link rel=\"canonical\" href=\"https:\/\/www.manitese.it\/en\/linfanzia-negata-dei-bambini-talibe\/\" \/>\n<meta property=\"og:locale\" content=\"en_US\" \/>\n<meta property=\"og:type\" content=\"article\" \/>\n<meta property=\"og:title\" content=\"L\u2019infanzia negata dei bambini Talib\u00e9 - Mani Tese\" \/>\n<meta property=\"og:description\" content=\"La protezione delle vittime e la prevenzione del fenomeno della tratta dei minori nell\u2019azione di Mani Tese in Guinea-Bissau.\" \/>\n<meta property=\"og:url\" content=\"https:\/\/www.manitese.it\/en\/linfanzia-negata-dei-bambini-talibe\/\" \/>\n<meta property=\"og:site_name\" content=\"Mani Tese\" \/>\n<meta property=\"article:published_time\" content=\"2021-07-27T10:48:33+00:00\" \/>\n<meta property=\"article:modified_time\" content=\"2023-07-21T12:18:35+00:00\" \/>\n<meta property=\"og:image\" content=\"https:\/\/www.manitese.it\/wp-content\/uploads\/2021\/07\/infanzia-negata-bambini-talibe-mani-tese-2021-guinea-bissau.jpg\" \/>\n\t<meta property=\"og:image:width\" content=\"1920\" \/>\n\t<meta property=\"og:image:height\" content=\"800\" \/>\n\t<meta property=\"og:image:type\" content=\"image\/jpeg\" \/>\n<meta name=\"author\" content=\"agevis\" \/>\n<meta name=\"twitter:card\" content=\"summary_large_image\" \/>\n<meta name=\"twitter:label1\" content=\"Written by\" \/>\n\t<meta name=\"twitter:data1\" content=\"agevis\" \/>\n\t<meta name=\"twitter:label2\" content=\"Est. reading time\" \/>\n\t<meta name=\"twitter:data2\" content=\"5 minutes\" \/>\n<script type=\"application\/ld+json\" class=\"yoast-schema-graph\">{\"@context\":\"https:\\\/\\\/schema.org\",\"@graph\":[{\"@type\":\"Article\",\"@id\":\"https:\\\/\\\/www.manitese.it\\\/en\\\/linfanzia-negata-dei-bambini-talibe\\\/#article\",\"isPartOf\":{\"@id\":\"https:\\\/\\\/www.manitese.it\\\/en\\\/linfanzia-negata-dei-bambini-talibe\\\/\"},\"author\":{\"name\":\"agevis\",\"@id\":\"https:\\\/\\\/www.manitese.it\\\/en\\\/#\\\/schema\\\/person\\\/5a9774f17e4940e2510bfeba90f04f65\"},\"headline\":\"L\u2019infanzia negata dei bambini Talib\u00e9\",\"datePublished\":\"2021-07-27T10:48:33+00:00\",\"dateModified\":\"2023-07-21T12:18:35+00:00\",\"mainEntityOfPage\":{\"@id\":\"https:\\\/\\\/www.manitese.it\\\/en\\\/linfanzia-negata-dei-bambini-talibe\\\/\"},\"wordCount\":963,\"commentCount\":0,\"image\":{\"@id\":\"https:\\\/\\\/www.manitese.it\\\/en\\\/linfanzia-negata-dei-bambini-talibe\\\/#primaryimage\"},\"thumbnailUrl\":\"https:\\\/\\\/www.manitese.it\\\/wp-content\\\/uploads\\\/2021\\\/07\\\/infanzia-negata-bambini-talibe-mani-tese-2021-guinea-bissau.jpg\",\"articleSection\":[\"Il nostro giornale\"],\"inLanguage\":\"en-US\",\"potentialAction\":[{\"@type\":\"CommentAction\",\"name\":\"Comment\",\"target\":[\"https:\\\/\\\/www.manitese.it\\\/en\\\/linfanzia-negata-dei-bambini-talibe\\\/#respond\"]}]},{\"@type\":\"WebPage\",\"@id\":\"https:\\\/\\\/www.manitese.it\\\/en\\\/linfanzia-negata-dei-bambini-talibe\\\/\",\"url\":\"https:\\\/\\\/www.manitese.it\\\/en\\\/linfanzia-negata-dei-bambini-talibe\\\/\",\"name\":\"L\u2019infanzia negata dei bambini Talib\u00e9 - Mani Tese\",\"isPartOf\":{\"@id\":\"https:\\\/\\\/www.manitese.it\\\/en\\\/#website\"},\"primaryImageOfPage\":{\"@id\":\"https:\\\/\\\/www.manitese.it\\\/en\\\/linfanzia-negata-dei-bambini-talibe\\\/#primaryimage\"},\"image\":{\"@id\":\"https:\\\/\\\/www.manitese.it\\\/en\\\/linfanzia-negata-dei-bambini-talibe\\\/#primaryimage\"},\"thumbnailUrl\":\"https:\\\/\\\/www.manitese.it\\\/wp-content\\\/uploads\\\/2021\\\/07\\\/infanzia-negata-bambini-talibe-mani-tese-2021-guinea-bissau.jpg\",\"datePublished\":\"2021-07-27T10:48:33+00:00\",\"dateModified\":\"2023-07-21T12:18:35+00:00\",\"author\":{\"@id\":\"https:\\\/\\\/www.manitese.it\\\/en\\\/#\\\/schema\\\/person\\\/5a9774f17e4940e2510bfeba90f04f65\"},\"description\":\"La protezione delle vittime e la prevenzione del fenomeno della tratta dei minori nell\u2019azione di Mani Tese in Guinea-Bissau.\",\"breadcrumb\":{\"@id\":\"https:\\\/\\\/www.manitese.it\\\/en\\\/linfanzia-negata-dei-bambini-talibe\\\/#breadcrumb\"},\"inLanguage\":\"en-US\",\"potentialAction\":[{\"@type\":\"ReadAction\",\"target\":[\"https:\\\/\\\/www.manitese.it\\\/en\\\/linfanzia-negata-dei-bambini-talibe\\\/\"]}]},{\"@type\":\"ImageObject\",\"inLanguage\":\"en-US\",\"@id\":\"https:\\\/\\\/www.manitese.it\\\/en\\\/linfanzia-negata-dei-bambini-talibe\\\/#primaryimage\",\"url\":\"https:\\\/\\\/www.manitese.it\\\/wp-content\\\/uploads\\\/2021\\\/07\\\/infanzia-negata-bambini-talibe-mani-tese-2021-guinea-bissau.jpg\",\"contentUrl\":\"https:\\\/\\\/www.manitese.it\\\/wp-content\\\/uploads\\\/2021\\\/07\\\/infanzia-negata-bambini-talibe-mani-tese-2021-guinea-bissau.jpg\",\"width\":1920,\"height\":800},{\"@type\":\"BreadcrumbList\",\"@id\":\"https:\\\/\\\/www.manitese.it\\\/en\\\/linfanzia-negata-dei-bambini-talibe\\\/#breadcrumb\",\"itemListElement\":[{\"@type\":\"ListItem\",\"position\":1,\"name\":\"Home\",\"item\":\"https:\\\/\\\/www.manitese.it\\\/en\\\/\"},{\"@type\":\"ListItem\",\"position\":2,\"name\":\"L\u2019infanzia negata dei bambini Talib\u00e9\"}]},{\"@type\":\"WebSite\",\"@id\":\"https:\\\/\\\/www.manitese.it\\\/en\\\/#website\",\"url\":\"https:\\\/\\\/www.manitese.it\\\/en\\\/\",\"name\":\"Mani Tese\",\"description\":\"\",\"potentialAction\":[{\"@type\":\"SearchAction\",\"target\":{\"@type\":\"EntryPoint\",\"urlTemplate\":\"https:\\\/\\\/www.manitese.it\\\/en\\\/?s={search_term_string}\"},\"query-input\":{\"@type\":\"PropertyValueSpecification\",\"valueRequired\":true,\"valueName\":\"search_term_string\"}}],\"inLanguage\":\"en-US\"},{\"@type\":\"Person\",\"@id\":\"https:\\\/\\\/www.manitese.it\\\/en\\\/#\\\/schema\\\/person\\\/5a9774f17e4940e2510bfeba90f04f65\",\"name\":\"agevis\",\"image\":{\"@type\":\"ImageObject\",\"inLanguage\":\"en-US\",\"@id\":\"https:\\\/\\\/secure.gravatar.com\\\/avatar\\\/2dc96c93fcf3387a5922a93b50fb3bff01d4800590fb6a4ab91a034adb25ba17?s=96&d=mm&r=g\",\"url\":\"https:\\\/\\\/secure.gravatar.com\\\/avatar\\\/2dc96c93fcf3387a5922a93b50fb3bff01d4800590fb6a4ab91a034adb25ba17?s=96&d=mm&r=g\",\"contentUrl\":\"https:\\\/\\\/secure.gravatar.com\\\/avatar\\\/2dc96c93fcf3387a5922a93b50fb3bff01d4800590fb6a4ab91a034adb25ba17?s=96&d=mm&r=g\",\"caption\":\"agevis\"},\"url\":\"https:\\\/\\\/www.manitese.it\\\/en\\\/author\\\/wp_agevis_admin\\\/\"}]}<\/script>\n<!-- \/ Yoast SEO plugin. -->","yoast_head_json":{"title":"L\u2019infanzia negata dei bambini Talib\u00e9 - Mani Tese","description":"La protezione delle vittime e la prevenzione del fenomeno della tratta dei minori nell\u2019azione di Mani Tese in Guinea-Bissau.","robots":{"index":"index","follow":"follow","max-snippet":"max-snippet:-1","max-image-preview":"max-image-preview:large","max-video-preview":"max-video-preview:-1"},"canonical":"https:\/\/www.manitese.it\/en\/linfanzia-negata-dei-bambini-talibe\/","og_locale":"en_US","og_type":"article","og_title":"L\u2019infanzia negata dei bambini Talib\u00e9 - Mani Tese","og_description":"La protezione delle vittime e la prevenzione del fenomeno della tratta dei minori nell\u2019azione di Mani Tese in Guinea-Bissau.","og_url":"https:\/\/www.manitese.it\/en\/linfanzia-negata-dei-bambini-talibe\/","og_site_name":"Mani Tese","article_published_time":"2021-07-27T10:48:33+00:00","article_modified_time":"2023-07-21T12:18:35+00:00","og_image":[{"width":1920,"height":800,"url":"https:\/\/www.manitese.it\/wp-content\/uploads\/2021\/07\/infanzia-negata-bambini-talibe-mani-tese-2021-guinea-bissau.jpg","type":"image\/jpeg"}],"author":"agevis","twitter_card":"summary_large_image","twitter_misc":{"Written by":"agevis","Est. reading time":"5 minutes"},"schema":{"@context":"https:\/\/schema.org","@graph":[{"@type":"Article","@id":"https:\/\/www.manitese.it\/en\/linfanzia-negata-dei-bambini-talibe\/#article","isPartOf":{"@id":"https:\/\/www.manitese.it\/en\/linfanzia-negata-dei-bambini-talibe\/"},"author":{"name":"agevis","@id":"https:\/\/www.manitese.it\/en\/#\/schema\/person\/5a9774f17e4940e2510bfeba90f04f65"},"headline":"L\u2019infanzia negata dei bambini Talib\u00e9","datePublished":"2021-07-27T10:48:33+00:00","dateModified":"2023-07-21T12:18:35+00:00","mainEntityOfPage":{"@id":"https:\/\/www.manitese.it\/en\/linfanzia-negata-dei-bambini-talibe\/"},"wordCount":963,"commentCount":0,"image":{"@id":"https:\/\/www.manitese.it\/en\/linfanzia-negata-dei-bambini-talibe\/#primaryimage"},"thumbnailUrl":"https:\/\/www.manitese.it\/wp-content\/uploads\/2021\/07\/infanzia-negata-bambini-talibe-mani-tese-2021-guinea-bissau.jpg","articleSection":["Il nostro giornale"],"inLanguage":"en-US","potentialAction":[{"@type":"CommentAction","name":"Comment","target":["https:\/\/www.manitese.it\/en\/linfanzia-negata-dei-bambini-talibe\/#respond"]}]},{"@type":"WebPage","@id":"https:\/\/www.manitese.it\/en\/linfanzia-negata-dei-bambini-talibe\/","url":"https:\/\/www.manitese.it\/en\/linfanzia-negata-dei-bambini-talibe\/","name":"L\u2019infanzia negata dei bambini Talib\u00e9 - Mani Tese","isPartOf":{"@id":"https:\/\/www.manitese.it\/en\/#website"},"primaryImageOfPage":{"@id":"https:\/\/www.manitese.it\/en\/linfanzia-negata-dei-bambini-talibe\/#primaryimage"},"image":{"@id":"https:\/\/www.manitese.it\/en\/linfanzia-negata-dei-bambini-talibe\/#primaryimage"},"thumbnailUrl":"https:\/\/www.manitese.it\/wp-content\/uploads\/2021\/07\/infanzia-negata-bambini-talibe-mani-tese-2021-guinea-bissau.jpg","datePublished":"2021-07-27T10:48:33+00:00","dateModified":"2023-07-21T12:18:35+00:00","author":{"@id":"https:\/\/www.manitese.it\/en\/#\/schema\/person\/5a9774f17e4940e2510bfeba90f04f65"},"description":"La protezione delle vittime e la prevenzione del fenomeno della tratta dei minori nell\u2019azione di Mani Tese in Guinea-Bissau.","breadcrumb":{"@id":"https:\/\/www.manitese.it\/en\/linfanzia-negata-dei-bambini-talibe\/#breadcrumb"},"inLanguage":"en-US","potentialAction":[{"@type":"ReadAction","target":["https:\/\/www.manitese.it\/en\/linfanzia-negata-dei-bambini-talibe\/"]}]},{"@type":"ImageObject","inLanguage":"en-US","@id":"https:\/\/www.manitese.it\/en\/linfanzia-negata-dei-bambini-talibe\/#primaryimage","url":"https:\/\/www.manitese.it\/wp-content\/uploads\/2021\/07\/infanzia-negata-bambini-talibe-mani-tese-2021-guinea-bissau.jpg","contentUrl":"https:\/\/www.manitese.it\/wp-content\/uploads\/2021\/07\/infanzia-negata-bambini-talibe-mani-tese-2021-guinea-bissau.jpg","width":1920,"height":800},{"@type":"BreadcrumbList","@id":"https:\/\/www.manitese.it\/en\/linfanzia-negata-dei-bambini-talibe\/#breadcrumb","itemListElement":[{"@type":"ListItem","position":1,"name":"Home","item":"https:\/\/www.manitese.it\/en\/"},{"@type":"ListItem","position":2,"name":"L\u2019infanzia negata dei bambini Talib\u00e9"}]},{"@type":"WebSite","@id":"https:\/\/www.manitese.it\/en\/#website","url":"https:\/\/www.manitese.it\/en\/","name":"Mani Tese","description":"","potentialAction":[{"@type":"SearchAction","target":{"@type":"EntryPoint","urlTemplate":"https:\/\/www.manitese.it\/en\/?s={search_term_string}"},"query-input":{"@type":"PropertyValueSpecification","valueRequired":true,"valueName":"search_term_string"}}],"inLanguage":"en-US"},{"@type":"Person","@id":"https:\/\/www.manitese.it\/en\/#\/schema\/person\/5a9774f17e4940e2510bfeba90f04f65","name":"agevis","image":{"@type":"ImageObject","inLanguage":"en-US","@id":"https:\/\/secure.gravatar.com\/avatar\/2dc96c93fcf3387a5922a93b50fb3bff01d4800590fb6a4ab91a034adb25ba17?s=96&d=mm&r=g","url":"https:\/\/secure.gravatar.com\/avatar\/2dc96c93fcf3387a5922a93b50fb3bff01d4800590fb6a4ab91a034adb25ba17?s=96&d=mm&r=g","contentUrl":"https:\/\/secure.gravatar.com\/avatar\/2dc96c93fcf3387a5922a93b50fb3bff01d4800590fb6a4ab91a034adb25ba17?s=96&d=mm&r=g","caption":"agevis"},"url":"https:\/\/www.manitese.it\/en\/author\/wp_agevis_admin\/"}]}},"jetpack_featured_media_url":"https:\/\/www.manitese.it\/wp-content\/uploads\/2021\/07\/infanzia-negata-bambini-talibe-mani-tese-2021-guinea-bissau.jpg","jetpack_sharing_enabled":true,"_links":{"self":[{"href":"https:\/\/www.manitese.it\/en\/wp-json\/wp\/v2\/posts\/78090","targetHints":{"allow":["GET"]}}],"collection":[{"href":"https:\/\/www.manitese.it\/en\/wp-json\/wp\/v2\/posts"}],"about":[{"href":"https:\/\/www.manitese.it\/en\/wp-json\/wp\/v2\/types\/post"}],"author":[{"embeddable":true,"href":"https:\/\/www.manitese.it\/en\/wp-json\/wp\/v2\/users\/1"}],"replies":[{"embeddable":true,"href":"https:\/\/www.manitese.it\/en\/wp-json\/wp\/v2\/comments?post=78090"}],"version-history":[{"count":2,"href":"https:\/\/www.manitese.it\/en\/wp-json\/wp\/v2\/posts\/78090\/revisions"}],"predecessor-version":[{"id":177793,"href":"https:\/\/www.manitese.it\/en\/wp-json\/wp\/v2\/posts\/78090\/revisions\/177793"}],"wp:featuredmedia":[{"embeddable":true,"href":"https:\/\/www.manitese.it\/en\/wp-json\/wp\/v2\/media\/78093"}],"wp:attachment":[{"href":"https:\/\/www.manitese.it\/en\/wp-json\/wp\/v2\/media?parent=78090"}],"wp:term":[{"taxonomy":"category","embeddable":true,"href":"https:\/\/www.manitese.it\/en\/wp-json\/wp\/v2\/categories?post=78090"},{"taxonomy":"post_tag","embeddable":true,"href":"https:\/\/www.manitese.it\/en\/wp-json\/wp\/v2\/tags?post=78090"},{"taxonomy":"thematic_area","embeddable":true,"href":"https:\/\/www.manitese.it\/en\/wp-json\/wp\/v2\/thematic_area?post=78090"}],"curies":[{"name":"wp","href":"https:\/\/api.w.org\/{rel}","templated":true}]}}