{"id":77462,"date":"2021-06-15T09:03:50","date_gmt":"2021-06-15T07:03:50","guid":{"rendered":"https:\/\/manitese.it\/?p=77462"},"modified":"2023-12-18T16:37:00","modified_gmt":"2023-12-18T15:37:00","slug":"il-coprifuoco-svela-la-gravita-del-fenomeno-dei-bambini-talibe","status":"publish","type":"post","link":"https:\/\/www.manitese.it\/en\/il-coprifuoco-svela-la-gravita-del-fenomeno-dei-bambini-talibe\/","title":{"rendered":"IL COPRIFUOCO SVELA TUTTA LA GRAVIT\u00c0 DEL FENOMENO DEI BAMBINI TALIB\u00c8"},"content":{"rendered":"\r\n<p><em>di Giulia Inguaggiato, Cooperante di Mani Tese in Guinea-Bissau<\/em><\/p>\r\n\r\n\r\n\r\n<p>\u00c8 passato quasi un anno da quando, con lo scoppio della pandemia da Covid-19 nell\u2019Africa Occidentale, le misure restrittive imposte dagli Stati per tentare di contenere il propagarsi della malattia, ed evitare le conseguenze disastrose che gi\u00e0 si registravano da qualche mese nel resto del mondo, hanno messo in luce la gravit\u00e0 del <strong>fenomeno dei minori Talib\u00e9<\/strong>.<\/p>\r\n\r\n\r\n\r\n<p>Con l\u2019imposizione del coprifuoco da parte del Governo Senegalese, \u00e8 emersa con maggiore chiarezza la debolezza di coloro che una casa nella quale vivere non ce l\u2019avevano e che avevano fatto della strada la propria dimora. <strong>Nel solo maggio del 2020, sono stati individuati pi\u00f9 di mille bambini in condizione di vulnerabilit\u00e0<\/strong>. Numeri importanti che sono aumentati nel corso dei mesi e che hanno portato il Ministero della Famiglia senegalese a prendere la decisione di <strong>ritirare i bambini dalle strade ed accoglierli nei diversi centri di accoglienza, governativi e non, presenti sul territorio nazionale<\/strong>.<\/p>\r\n\r\n\r\n\r\n<p>Effettuate le consuete operazioni volte a identificare la nazionalit\u00e0 dei minori con lo scopo di condurli nelle rispettive comunit\u00e0 di appartenenza, si \u00e8 confermata la natura transfrontaliera del fenomeno. La maggior parte dei bambini erano senegalesi, ma sono stati identificati anche numerosi minori non accompagnati provenienti dalla Guinea-Bissau, dalla Guinea Conakry e dal Gambia. Numeri pi\u00f9 contenuti si registravano, invece, per coloro che provenivano da Mali, Nigeria e Togo. Se i bambini di origine senegalese sono stati in poco tempo ricongiunti alle proprie famiglie, un diverso destino \u00e8 toccato ai minori di altra nazionalit\u00e0.<\/p>\r\n\r\n\r\n\r\n<p>Le informazioni che giornalmente giungevano in Guinea-Bissau dal vicino Paese di confine hanno condotto istituzioni, organizzazioni internazionali, ONG e associazioni locali a costituire una <strong>Task-Force transfrontaliera per facilitare il rientro dei minori di origine guineense<\/strong>. Tuttavia, nonostante gli sforzi e le azioni congiunte, i minori non hanno potuto fare rientro in Guinea-Bissau prima di novembre dello stesso anno. <strong>L\u2019emergenza pandemica, infatti, si \u00e8 prepotentemente aggiunta a quella cronica che si registrava nel Paese, mettendo in luce le fragilit\u00e0 di uno Stato che da solo non \u00e8 in grado di fronteggiare un fenomeno ampio e complesso<\/strong>. La chiusura delle frontiere terrestri ha certamente rallentato le operazioni di rientro, ma l\u2019assenza di mezzi e risorse da parte dello Stato, uniti alle carenze strutturali determinate dalla mancanza di centri statali e all\u2019impossibilit\u00e0 di fornire una risposta efficace capace di fare fronte a numeri tanto elevati, hanno ostacolato la possibilit\u00e0 di intervenire con maggiore rapidit\u00e0.<\/p>\r\n\r\n\r\n\r\n<p>Il contributo di <strong>AMIC,<\/strong> associazione locale che si occupa della protezione dei minori Talib\u00e9 e con la quale <strong>Mani Tese<\/strong> coopera ormai da diversi anni, \u00e8 stato fondamentale per superare la situazione di stallo venutasi a creare e grazie al progetto <a href=\"https:\/\/manitese.it\/progetto\/futuro-protezione-formazione-occupazione-migranti-in-senegal-gambia-guinea-bissau\" target=\"_blank\" rel=\"noreferrer noopener\" aria-label=\" (apre in una nuova scheda)\"><strong>\u201cInvestire sul futuro: protezione, formazione e occupazione per i migranti di ritorno, i migranti potenziali ed i migranti minori non accompagnati in Senegal, Gambia e Guinea Bissau\u201d<\/strong><\/a>, co-finanziato dall\u2019<a href=\"https:\/\/www.aics.gov.it\/\" target=\"_blank\" rel=\"noreferrer noopener\" aria-label=\" (apre in una nuova scheda)\"><strong>Agenzia Italiana per la Cooperazione allo Sviluppo<\/strong><\/a>, \u00e8 stato possibile agire con risposte concrete.<strong> Dal primo ingresso avvenuto a novembre, sono stati accolti e riunificati alle proprie famiglie 90 bambini Talib\u00e9.<\/strong> Tutti i minori accolti nel centro di accoglienza temporanea di AMIC di Gabu, unico del Paese, hanno ricevuto supporto psico-sociale e assistenza sanitaria iniziali, oltre che kit di igiene e vestiti.<\/p>\r\n\r\n\r\n\r\n<p><strong>Nel corso di questi mesi, abbiamo anche contributo a rendere pi\u00f9 accogliente il centro di AMIC<\/strong>, acquistando mobili e letti, dotandolo di un sistema di illuminazione alimentato con pannelli solari e fornendo la cucina di beni e servizi necessari per assicurare i pasti giornalieri. Abbiamo inoltre comprato strumenti musicali, giochi e materiale ludico e stiamo dotando il centro di un parco giochi per garantire ai minori un\u2019accoglienza idonea e tentare di restituire, in parte, un\u2019infanzia spesso negata.<\/p>\r\n\r\n\r\n\r\n<p>Consapevoli che il reinserimento nelle comunit\u00e0 possa essere spesso difficile e complesso, <strong>stiamo anche assicurando un accompagnamento post-reingresso.<\/strong> Cos\u00ec, una volta ricongiunti alle comunit\u00e0 di origine, i bambini e le famiglie continuino a ricevere supporto psico-sociale, forniti da uno psicologo e da un assistente sociale che visitano i villaggi e che, allo stesso tempo, assicurano la reintegrazione scolastica, incontrando i maestri delle scuole comunitarie, pagando la retta di iscrizione e fornendo dei kit scolastici.<\/p>\r\n\r\n\r\n\r\n<p>Stiamo facendo del nostro meglio per rispondere in maniera efficace a una crisi che non sembra possa dirsi superata. <strong>Continuiamo a ricevere liste contenenti i nomi di minori di origine guineense identificati in Senegal e adesso, considerata l\u2019imminenza della stagione delle piogge che render\u00e0 ancora pi\u00f9 difficili le operazioni di ingresso e reintegro dei minori e l\u2019ormai prossima conclusione del progetto in corso, stiamo effettuando una vera e propria corsa contro il tempo<\/strong>.<\/p>\r\n\r\n\r\n\r\n<p>Continueremo ad agire fino a quando ne avremo le possibilit\u00e0, ma \u00e8 chiaro che sarebbe opportuno un intervento pi\u00f9 strutturato da parte dello Stato e una risposta che possa fare fronte alle complessit\u00e0 di un fenomeno nel quale usi, costumi e tradizioni sono ormai amalgamati alle ristrettezze economiche in cui ancora vivono parecchie famiglie nelle zone pi\u00f9 remote del Paese e che probabilmente saranno acuite proprio dalla pandemia.<\/p>\r\n","protected":false},"excerpt":{"rendered":"<p>Da novembre a oggi sono stati 90 i minori di strada accolti nel centro in Guinea-Bissau sostenuto da Mani Tese e poi riunificati alle proprie famiglie.<\/p>\n","protected":false},"author":1,"featured_media":77463,"comment_status":"open","ping_status":"open","sticky":false,"template":"","format":"standard","meta":{"_acf_changed":false,"give_campaign_id":0,"inline_featured_image":false,"_jetpack_memberships_contains_paid_content":false,"footnotes":""},"categories":[3],"tags":[],"thematic_area":[909,910],"class_list":["post-77462","post","type-post","status-publish","format-standard","has-post-thumbnail","hentry","category-diari","thematic_area-inclusione-sociale","thematic_area-poverta-educative"],"acf":[],"yoast_head":"<!-- This site is optimized with the Yoast SEO plugin v27.5 - https:\/\/yoast.com\/product\/yoast-seo-wordpress\/ -->\n<title>IL COPRIFUOCO SVELA TUTTA LA GRAVIT\u00c0 DEL FENOMENO DEI BAMBINI TALIB\u00c8 - Mani Tese<\/title>\n<meta name=\"description\" content=\"Da novembre a oggi sono stati 90 i minori di strada accolti nel centro in Guinea-Bissau sostenuto da Mani Tese e poi riunificati alle proprie famiglie.\" \/>\n<meta name=\"robots\" content=\"index, follow, max-snippet:-1, max-image-preview:large, max-video-preview:-1\" \/>\n<link rel=\"canonical\" href=\"https:\/\/www.manitese.it\/en\/il-coprifuoco-svela-la-gravita-del-fenomeno-dei-bambini-talibe\/\" \/>\n<meta property=\"og:locale\" content=\"en_US\" \/>\n<meta property=\"og:type\" content=\"article\" \/>\n<meta property=\"og:title\" content=\"IL COPRIFUOCO SVELA TUTTA LA GRAVIT\u00c0 DEL FENOMENO DEI BAMBINI TALIB\u00c8 - Mani Tese\" \/>\n<meta property=\"og:description\" content=\"Da novembre a oggi sono stati 90 i minori di strada accolti nel centro in Guinea-Bissau sostenuto da Mani Tese e poi riunificati alle proprie famiglie.\" \/>\n<meta property=\"og:url\" content=\"https:\/\/www.manitese.it\/en\/il-coprifuoco-svela-la-gravita-del-fenomeno-dei-bambini-talibe\/\" \/>\n<meta property=\"og:site_name\" content=\"Mani Tese\" \/>\n<meta property=\"article:published_time\" content=\"2021-06-15T07:03:50+00:00\" \/>\n<meta property=\"article:modified_time\" content=\"2023-12-18T15:37:00+00:00\" \/>\n<meta property=\"og:image\" content=\"https:\/\/www.manitese.it\/wp-content\/uploads\/2021\/06\/bambini-talibe-guinea-bissau-mani-tese-2021-1.jpg\" \/>\n\t<meta property=\"og:image:width\" content=\"1920\" \/>\n\t<meta property=\"og:image:height\" content=\"800\" \/>\n\t<meta property=\"og:image:type\" content=\"image\/jpeg\" \/>\n<meta name=\"author\" content=\"agevis\" \/>\n<meta name=\"twitter:card\" content=\"summary_large_image\" \/>\n<meta name=\"twitter:label1\" content=\"Written by\" \/>\n\t<meta name=\"twitter:data1\" content=\"agevis\" \/>\n\t<meta name=\"twitter:label2\" content=\"Est. reading time\" \/>\n\t<meta name=\"twitter:data2\" content=\"4 minutes\" \/>\n<script type=\"application\/ld+json\" class=\"yoast-schema-graph\">{\"@context\":\"https:\\\/\\\/schema.org\",\"@graph\":[{\"@type\":\"Article\",\"@id\":\"https:\\\/\\\/www.manitese.it\\\/en\\\/il-coprifuoco-svela-la-gravita-del-fenomeno-dei-bambini-talibe\\\/#article\",\"isPartOf\":{\"@id\":\"https:\\\/\\\/www.manitese.it\\\/en\\\/il-coprifuoco-svela-la-gravita-del-fenomeno-dei-bambini-talibe\\\/\"},\"author\":{\"name\":\"agevis\",\"@id\":\"https:\\\/\\\/www.manitese.it\\\/en\\\/#\\\/schema\\\/person\\\/5a9774f17e4940e2510bfeba90f04f65\"},\"headline\":\"IL COPRIFUOCO SVELA TUTTA LA GRAVIT\u00c0 DEL FENOMENO DEI BAMBINI TALIB\u00c8\",\"datePublished\":\"2021-06-15T07:03:50+00:00\",\"dateModified\":\"2023-12-18T15:37:00+00:00\",\"mainEntityOfPage\":{\"@id\":\"https:\\\/\\\/www.manitese.it\\\/en\\\/il-coprifuoco-svela-la-gravita-del-fenomeno-dei-bambini-talibe\\\/\"},\"wordCount\":839,\"commentCount\":0,\"image\":{\"@id\":\"https:\\\/\\\/www.manitese.it\\\/en\\\/il-coprifuoco-svela-la-gravita-del-fenomeno-dei-bambini-talibe\\\/#primaryimage\"},\"thumbnailUrl\":\"https:\\\/\\\/www.manitese.it\\\/wp-content\\\/uploads\\\/2021\\\/06\\\/bambini-talibe-guinea-bissau-mani-tese-2021-1.jpg\",\"articleSection\":[\"Diari\"],\"inLanguage\":\"en-US\",\"potentialAction\":[{\"@type\":\"CommentAction\",\"name\":\"Comment\",\"target\":[\"https:\\\/\\\/www.manitese.it\\\/en\\\/il-coprifuoco-svela-la-gravita-del-fenomeno-dei-bambini-talibe\\\/#respond\"]}]},{\"@type\":\"WebPage\",\"@id\":\"https:\\\/\\\/www.manitese.it\\\/en\\\/il-coprifuoco-svela-la-gravita-del-fenomeno-dei-bambini-talibe\\\/\",\"url\":\"https:\\\/\\\/www.manitese.it\\\/en\\\/il-coprifuoco-svela-la-gravita-del-fenomeno-dei-bambini-talibe\\\/\",\"name\":\"IL COPRIFUOCO SVELA TUTTA LA GRAVIT\u00c0 DEL FENOMENO DEI BAMBINI TALIB\u00c8 - Mani Tese\",\"isPartOf\":{\"@id\":\"https:\\\/\\\/www.manitese.it\\\/en\\\/#website\"},\"primaryImageOfPage\":{\"@id\":\"https:\\\/\\\/www.manitese.it\\\/en\\\/il-coprifuoco-svela-la-gravita-del-fenomeno-dei-bambini-talibe\\\/#primaryimage\"},\"image\":{\"@id\":\"https:\\\/\\\/www.manitese.it\\\/en\\\/il-coprifuoco-svela-la-gravita-del-fenomeno-dei-bambini-talibe\\\/#primaryimage\"},\"thumbnailUrl\":\"https:\\\/\\\/www.manitese.it\\\/wp-content\\\/uploads\\\/2021\\\/06\\\/bambini-talibe-guinea-bissau-mani-tese-2021-1.jpg\",\"datePublished\":\"2021-06-15T07:03:50+00:00\",\"dateModified\":\"2023-12-18T15:37:00+00:00\",\"author\":{\"@id\":\"https:\\\/\\\/www.manitese.it\\\/en\\\/#\\\/schema\\\/person\\\/5a9774f17e4940e2510bfeba90f04f65\"},\"description\":\"Da novembre a oggi sono stati 90 i minori di strada accolti nel centro in Guinea-Bissau sostenuto da Mani Tese e poi riunificati alle proprie famiglie.\",\"breadcrumb\":{\"@id\":\"https:\\\/\\\/www.manitese.it\\\/en\\\/il-coprifuoco-svela-la-gravita-del-fenomeno-dei-bambini-talibe\\\/#breadcrumb\"},\"inLanguage\":\"en-US\",\"potentialAction\":[{\"@type\":\"ReadAction\",\"target\":[\"https:\\\/\\\/www.manitese.it\\\/en\\\/il-coprifuoco-svela-la-gravita-del-fenomeno-dei-bambini-talibe\\\/\"]}]},{\"@type\":\"ImageObject\",\"inLanguage\":\"en-US\",\"@id\":\"https:\\\/\\\/www.manitese.it\\\/en\\\/il-coprifuoco-svela-la-gravita-del-fenomeno-dei-bambini-talibe\\\/#primaryimage\",\"url\":\"https:\\\/\\\/www.manitese.it\\\/wp-content\\\/uploads\\\/2021\\\/06\\\/bambini-talibe-guinea-bissau-mani-tese-2021-1.jpg\",\"contentUrl\":\"https:\\\/\\\/www.manitese.it\\\/wp-content\\\/uploads\\\/2021\\\/06\\\/bambini-talibe-guinea-bissau-mani-tese-2021-1.jpg\",\"width\":1920,\"height\":800,\"caption\":\"Mirko Cecchi\"},{\"@type\":\"BreadcrumbList\",\"@id\":\"https:\\\/\\\/www.manitese.it\\\/en\\\/il-coprifuoco-svela-la-gravita-del-fenomeno-dei-bambini-talibe\\\/#breadcrumb\",\"itemListElement\":[{\"@type\":\"ListItem\",\"position\":1,\"name\":\"Home\",\"item\":\"https:\\\/\\\/www.manitese.it\\\/en\\\/\"},{\"@type\":\"ListItem\",\"position\":2,\"name\":\"IL COPRIFUOCO SVELA TUTTA LA GRAVIT\u00c0 DEL FENOMENO DEI BAMBINI TALIB\u00c8\"}]},{\"@type\":\"WebSite\",\"@id\":\"https:\\\/\\\/www.manitese.it\\\/en\\\/#website\",\"url\":\"https:\\\/\\\/www.manitese.it\\\/en\\\/\",\"name\":\"Mani Tese\",\"description\":\"\",\"potentialAction\":[{\"@type\":\"SearchAction\",\"target\":{\"@type\":\"EntryPoint\",\"urlTemplate\":\"https:\\\/\\\/www.manitese.it\\\/en\\\/?s={search_term_string}\"},\"query-input\":{\"@type\":\"PropertyValueSpecification\",\"valueRequired\":true,\"valueName\":\"search_term_string\"}}],\"inLanguage\":\"en-US\"},{\"@type\":\"Person\",\"@id\":\"https:\\\/\\\/www.manitese.it\\\/en\\\/#\\\/schema\\\/person\\\/5a9774f17e4940e2510bfeba90f04f65\",\"name\":\"agevis\",\"image\":{\"@type\":\"ImageObject\",\"inLanguage\":\"en-US\",\"@id\":\"https:\\\/\\\/secure.gravatar.com\\\/avatar\\\/2dc96c93fcf3387a5922a93b50fb3bff01d4800590fb6a4ab91a034adb25ba17?s=96&d=mm&r=g\",\"url\":\"https:\\\/\\\/secure.gravatar.com\\\/avatar\\\/2dc96c93fcf3387a5922a93b50fb3bff01d4800590fb6a4ab91a034adb25ba17?s=96&d=mm&r=g\",\"contentUrl\":\"https:\\\/\\\/secure.gravatar.com\\\/avatar\\\/2dc96c93fcf3387a5922a93b50fb3bff01d4800590fb6a4ab91a034adb25ba17?s=96&d=mm&r=g\",\"caption\":\"agevis\"},\"url\":\"https:\\\/\\\/www.manitese.it\\\/en\\\/author\\\/wp_agevis_admin\\\/\"}]}<\/script>\n<!-- \/ Yoast SEO plugin. -->","yoast_head_json":{"title":"IL COPRIFUOCO SVELA TUTTA LA GRAVIT\u00c0 DEL FENOMENO DEI BAMBINI TALIB\u00c8 - Mani Tese","description":"Da novembre a oggi sono stati 90 i minori di strada accolti nel centro in Guinea-Bissau sostenuto da Mani Tese e poi riunificati alle proprie famiglie.","robots":{"index":"index","follow":"follow","max-snippet":"max-snippet:-1","max-image-preview":"max-image-preview:large","max-video-preview":"max-video-preview:-1"},"canonical":"https:\/\/www.manitese.it\/en\/il-coprifuoco-svela-la-gravita-del-fenomeno-dei-bambini-talibe\/","og_locale":"en_US","og_type":"article","og_title":"IL COPRIFUOCO SVELA TUTTA LA GRAVIT\u00c0 DEL FENOMENO DEI BAMBINI TALIB\u00c8 - Mani Tese","og_description":"Da novembre a oggi sono stati 90 i minori di strada accolti nel centro in Guinea-Bissau sostenuto da Mani Tese e poi riunificati alle proprie famiglie.","og_url":"https:\/\/www.manitese.it\/en\/il-coprifuoco-svela-la-gravita-del-fenomeno-dei-bambini-talibe\/","og_site_name":"Mani Tese","article_published_time":"2021-06-15T07:03:50+00:00","article_modified_time":"2023-12-18T15:37:00+00:00","og_image":[{"width":1920,"height":800,"url":"https:\/\/www.manitese.it\/wp-content\/uploads\/2021\/06\/bambini-talibe-guinea-bissau-mani-tese-2021-1.jpg","type":"image\/jpeg"}],"author":"agevis","twitter_card":"summary_large_image","twitter_misc":{"Written by":"agevis","Est. reading time":"4 minutes"},"schema":{"@context":"https:\/\/schema.org","@graph":[{"@type":"Article","@id":"https:\/\/www.manitese.it\/en\/il-coprifuoco-svela-la-gravita-del-fenomeno-dei-bambini-talibe\/#article","isPartOf":{"@id":"https:\/\/www.manitese.it\/en\/il-coprifuoco-svela-la-gravita-del-fenomeno-dei-bambini-talibe\/"},"author":{"name":"agevis","@id":"https:\/\/www.manitese.it\/en\/#\/schema\/person\/5a9774f17e4940e2510bfeba90f04f65"},"headline":"IL COPRIFUOCO SVELA TUTTA LA GRAVIT\u00c0 DEL FENOMENO DEI BAMBINI TALIB\u00c8","datePublished":"2021-06-15T07:03:50+00:00","dateModified":"2023-12-18T15:37:00+00:00","mainEntityOfPage":{"@id":"https:\/\/www.manitese.it\/en\/il-coprifuoco-svela-la-gravita-del-fenomeno-dei-bambini-talibe\/"},"wordCount":839,"commentCount":0,"image":{"@id":"https:\/\/www.manitese.it\/en\/il-coprifuoco-svela-la-gravita-del-fenomeno-dei-bambini-talibe\/#primaryimage"},"thumbnailUrl":"https:\/\/www.manitese.it\/wp-content\/uploads\/2021\/06\/bambini-talibe-guinea-bissau-mani-tese-2021-1.jpg","articleSection":["Diari"],"inLanguage":"en-US","potentialAction":[{"@type":"CommentAction","name":"Comment","target":["https:\/\/www.manitese.it\/en\/il-coprifuoco-svela-la-gravita-del-fenomeno-dei-bambini-talibe\/#respond"]}]},{"@type":"WebPage","@id":"https:\/\/www.manitese.it\/en\/il-coprifuoco-svela-la-gravita-del-fenomeno-dei-bambini-talibe\/","url":"https:\/\/www.manitese.it\/en\/il-coprifuoco-svela-la-gravita-del-fenomeno-dei-bambini-talibe\/","name":"IL COPRIFUOCO SVELA TUTTA LA GRAVIT\u00c0 DEL FENOMENO DEI BAMBINI TALIB\u00c8 - Mani Tese","isPartOf":{"@id":"https:\/\/www.manitese.it\/en\/#website"},"primaryImageOfPage":{"@id":"https:\/\/www.manitese.it\/en\/il-coprifuoco-svela-la-gravita-del-fenomeno-dei-bambini-talibe\/#primaryimage"},"image":{"@id":"https:\/\/www.manitese.it\/en\/il-coprifuoco-svela-la-gravita-del-fenomeno-dei-bambini-talibe\/#primaryimage"},"thumbnailUrl":"https:\/\/www.manitese.it\/wp-content\/uploads\/2021\/06\/bambini-talibe-guinea-bissau-mani-tese-2021-1.jpg","datePublished":"2021-06-15T07:03:50+00:00","dateModified":"2023-12-18T15:37:00+00:00","author":{"@id":"https:\/\/www.manitese.it\/en\/#\/schema\/person\/5a9774f17e4940e2510bfeba90f04f65"},"description":"Da novembre a oggi sono stati 90 i minori di strada accolti nel centro in Guinea-Bissau sostenuto da Mani Tese e poi riunificati alle proprie famiglie.","breadcrumb":{"@id":"https:\/\/www.manitese.it\/en\/il-coprifuoco-svela-la-gravita-del-fenomeno-dei-bambini-talibe\/#breadcrumb"},"inLanguage":"en-US","potentialAction":[{"@type":"ReadAction","target":["https:\/\/www.manitese.it\/en\/il-coprifuoco-svela-la-gravita-del-fenomeno-dei-bambini-talibe\/"]}]},{"@type":"ImageObject","inLanguage":"en-US","@id":"https:\/\/www.manitese.it\/en\/il-coprifuoco-svela-la-gravita-del-fenomeno-dei-bambini-talibe\/#primaryimage","url":"https:\/\/www.manitese.it\/wp-content\/uploads\/2021\/06\/bambini-talibe-guinea-bissau-mani-tese-2021-1.jpg","contentUrl":"https:\/\/www.manitese.it\/wp-content\/uploads\/2021\/06\/bambini-talibe-guinea-bissau-mani-tese-2021-1.jpg","width":1920,"height":800,"caption":"Mirko Cecchi"},{"@type":"BreadcrumbList","@id":"https:\/\/www.manitese.it\/en\/il-coprifuoco-svela-la-gravita-del-fenomeno-dei-bambini-talibe\/#breadcrumb","itemListElement":[{"@type":"ListItem","position":1,"name":"Home","item":"https:\/\/www.manitese.it\/en\/"},{"@type":"ListItem","position":2,"name":"IL COPRIFUOCO SVELA TUTTA LA GRAVIT\u00c0 DEL FENOMENO DEI BAMBINI TALIB\u00c8"}]},{"@type":"WebSite","@id":"https:\/\/www.manitese.it\/en\/#website","url":"https:\/\/www.manitese.it\/en\/","name":"Mani Tese","description":"","potentialAction":[{"@type":"SearchAction","target":{"@type":"EntryPoint","urlTemplate":"https:\/\/www.manitese.it\/en\/?s={search_term_string}"},"query-input":{"@type":"PropertyValueSpecification","valueRequired":true,"valueName":"search_term_string"}}],"inLanguage":"en-US"},{"@type":"Person","@id":"https:\/\/www.manitese.it\/en\/#\/schema\/person\/5a9774f17e4940e2510bfeba90f04f65","name":"agevis","image":{"@type":"ImageObject","inLanguage":"en-US","@id":"https:\/\/secure.gravatar.com\/avatar\/2dc96c93fcf3387a5922a93b50fb3bff01d4800590fb6a4ab91a034adb25ba17?s=96&d=mm&r=g","url":"https:\/\/secure.gravatar.com\/avatar\/2dc96c93fcf3387a5922a93b50fb3bff01d4800590fb6a4ab91a034adb25ba17?s=96&d=mm&r=g","contentUrl":"https:\/\/secure.gravatar.com\/avatar\/2dc96c93fcf3387a5922a93b50fb3bff01d4800590fb6a4ab91a034adb25ba17?s=96&d=mm&r=g","caption":"agevis"},"url":"https:\/\/www.manitese.it\/en\/author\/wp_agevis_admin\/"}]}},"jetpack_featured_media_url":"https:\/\/www.manitese.it\/wp-content\/uploads\/2021\/06\/bambini-talibe-guinea-bissau-mani-tese-2021-1.jpg","jetpack_sharing_enabled":true,"_links":{"self":[{"href":"https:\/\/www.manitese.it\/en\/wp-json\/wp\/v2\/posts\/77462","targetHints":{"allow":["GET"]}}],"collection":[{"href":"https:\/\/www.manitese.it\/en\/wp-json\/wp\/v2\/posts"}],"about":[{"href":"https:\/\/www.manitese.it\/en\/wp-json\/wp\/v2\/types\/post"}],"author":[{"embeddable":true,"href":"https:\/\/www.manitese.it\/en\/wp-json\/wp\/v2\/users\/1"}],"replies":[{"embeddable":true,"href":"https:\/\/www.manitese.it\/en\/wp-json\/wp\/v2\/comments?post=77462"}],"version-history":[{"count":2,"href":"https:\/\/www.manitese.it\/en\/wp-json\/wp\/v2\/posts\/77462\/revisions"}],"predecessor-version":[{"id":191895,"href":"https:\/\/www.manitese.it\/en\/wp-json\/wp\/v2\/posts\/77462\/revisions\/191895"}],"wp:featuredmedia":[{"embeddable":true,"href":"https:\/\/www.manitese.it\/en\/wp-json\/wp\/v2\/media\/77463"}],"wp:attachment":[{"href":"https:\/\/www.manitese.it\/en\/wp-json\/wp\/v2\/media?parent=77462"}],"wp:term":[{"taxonomy":"category","embeddable":true,"href":"https:\/\/www.manitese.it\/en\/wp-json\/wp\/v2\/categories?post=77462"},{"taxonomy":"post_tag","embeddable":true,"href":"https:\/\/www.manitese.it\/en\/wp-json\/wp\/v2\/tags?post=77462"},{"taxonomy":"thematic_area","embeddable":true,"href":"https:\/\/www.manitese.it\/en\/wp-json\/wp\/v2\/thematic_area?post=77462"}],"curies":[{"name":"wp","href":"https:\/\/api.w.org\/{rel}","templated":true}]}}