{"id":77227,"date":"2021-06-07T15:44:33","date_gmt":"2021-06-07T13:44:33","guid":{"rendered":"https:\/\/manitese.it\/?p=77227"},"modified":"2023-12-12T18:00:12","modified_gmt":"2023-12-12T17:00:12","slug":"evento-di-bilancio-del-progetto-imprese-in-burkina-faso","status":"publish","type":"post","link":"https:\/\/www.manitese.it\/en\/evento-di-bilancio-del-progetto-imprese-in-burkina-faso\/","title":{"rendered":"BURKINA FASO: EVENTO DI BILANCIO DEL NOSTRO PROGETTO DEDICATO ALLE IMPRESE SOCIALI"},"content":{"rendered":"\r\n<p>Il 1\u00b0 giugno, nella citt\u00e0 di Koudougou, nel Centro-Ovest del Burkina Faso, si \u00e8 tenuto l\u2019evento di bilancio del progetto\u00a0<strong>\u201c<\/strong><a href=\"https:\/\/manitese.it\/progetto\/imprese-sociali-innovative-partecipazione-migranti-per-inclusione-sociale-burkina-faso\" target=\"_blank\" rel=\"noreferrer noopener\"><strong>Imprese sociali innovative e partecipazione dei migranti per l\u2019inclusione sociale in Burkina Faso<\/strong><\/a><strong>\u201d\u00a0<\/strong>cofinanziato dall\u2019<a href=\"https:\/\/www.aics.gov.it\/\" target=\"_blank\" rel=\"noreferrer noopener\"><strong>Agenzia Italiana per la Cooperazione allo Sviluppo<\/strong><\/a> e da\u00a0<strong>Fondazione Maria Enrica<\/strong>. Un progetto di 38 mesi che ha come obiettivo lo sviluppo di attivit\u00e0 produttive, imprenditoriali e innovative, e il coinvolgimento di donne e giovani locali e di migranti in Italia.<\/p>\r\n\r\n\r\n\r\n<p><strong>Mani Tese<\/strong>, capofila del progetto, insieme ai partner <strong>Fondazione<\/strong> <strong>ACRA, Cespi, Chico Mendes, Fenafer-B, FIAB, Comune di Ouagadougou, Comune di Milano e le associazioni Ital-Watinoma e Watinoma<\/strong>, ha lavorato in questi tre anni su pi\u00f9 fronti, per rispondere alle sfide di un Paese come il Burkina Faso, la \u201cterra degli uomini integri\u201d, che lotta tutti i giorni per uscire dalla povert\u00e0 e dall\u2019insicurezza.<\/p>\r\n\r\n\r\n\r\n<p>Tante sono state le attivit\u00e0 promosse e fra queste vogliamo citare: la <strong>formazione e strutturazione di 20 piccole imprese di donne e giovani della filiera agro alimentare<\/strong> nelle regioni Centro-Est e Centro-Ovest del Burkina Faso; il <strong>supporto alle associazioni della diaspora burkinab\u00e8 in Italia<\/strong> per coinvolgerla maggiormente nei progetti di sviluppo del proprio Paese; le <strong>campagne di sensibilizzazione sull\u2019alimentazione sana <\/strong>e sul reinvestimento utile delle rimesse della diaspora; <strong>l\u2019accompagnamento di un\u2019impresa sociale di commercializzazione di prodotti burkinab\u00e8<\/strong> e dei suoi fornitori; la <strong>formazione di oltre 900 giovani e 60 insegnanti sull\u2019informatica di base e le nuove tecnologie; l\u2019organizzazione del Forum Africano del Milan Urban Food Policy Pact<\/strong>, a cui hanno aderito diverse citt\u00e0 africane raccogliendo la sfida per una prospettiva sostenibile di <em>urban food system<\/em>; <strong>l\u2019installazione di un impianto di irrigazione sulla cintura verde della citt\u00e0 di Ouagadougou<\/strong>, la <strong>distribuzione di kit di orticoltura e motopompe a 201 donne agricoltrici della capitale<\/strong> e la lista sarebbe ancora lunga.<\/p>\r\n\r\n\r\n\r\n<p>L\u2019incontro si \u00e8 svolto alla presenza delle autorit\u00e0 locali, che hanno sempre accompagnato il progetto, e del direttore e dello staff dell\u2019Agenzia Italiana per la Cooperazione allo Sviluppo in Burkina Faso e Niger, che hanno seguito da vicino tutti gli interventi realizzati in questi tre anni.<\/p>\r\n\r\n\r\n\r\n<p>Dopo un primo momento di condivisione dei risultati raggiunti e delle prospettive future per i beneficiari del progetto, gli invitati hanno potuto toccare con mano quanto discusso: <strong>erano infatti presenti tutte le 20 imprese, e alcuni dei produttori sostenuti dal progetto<\/strong>, con degli stand in cui esponevano e vendevano i loro prodotti che sono stati utilizzati anche per il momento conviviale di rinfresco al termine dell\u2019evento.<\/p>\r\n\r\n\r\n\r\n<p>Nel suo intervento, il dott. <strong>Domenico Bruzzone<\/strong>, direttore della sede AICS di Ouagadougou, ha espresso la sua soddisfazione per il lavoro svolto, complimentandosi per l\u2019impegno profuso dai partner nell\u2019iniziativa e sottolineando come le tematiche relative all\u2019inserimento lavorativo dei giovani e allo sviluppo dell\u2019imprenditorialit\u00e0 siano due temi chiave della stessa agenzia.<\/p>\r\n\r\n\r\n\r\n<p>Il dott. <strong>Mirko Tricoli<\/strong>, ora funzionario di supporto alla sede AICS di Ouagadougou ma prima referente per AICS del Summit Nazionale delle Diaspore in Italia, ha rimarcato quanto anche il coinvolgimento attivo della diaspora in questo progetto sia da apprezzare. Nel nostro Paese, infatti, la diaspora burkinab\u00e8 \u00e8 un attore attivo, integrato e partecipe dello sviluppo economico, lo stesso coordinatore del Summit \u00e8 attualmente un burkinab\u00e8, e pertanto integrare questo tipo di soggetto nel progetto, non solo dimostra un\u2019attenzione particolare e una conoscenza delle dinamiche relazionali Italia-Burkina, ma anche \u201cun perfetto allineamento con il lavoro e la strategia dell\u2019agenzia\u201d.<\/p>\r\n\r\n\r\n\r\n<p>La soddisfazione da parte dello staff in loco \u00e8 stata invece espressa da <strong>Giulia Polato<\/strong>, capo progetto di Mani Tese, che ha dichiarato: \u201c\u00c8 stato un lavoro impegnativo, ma pensiamo di aver dato tutti gli strumenti alle imprese formate, affinch\u00e9 possano essere solide e continuare a crescere e non possiamo che augurare un <em>beog neere<\/em> (\u201cavvenire migliore\u201d in lingua locale moor\u00e9) per tutto ci\u00f2 che aspetta loro\u201d.<\/p>\r\n\r\n\r\n\r\n<p>Qui di seguito alcune foto dell&#8217;evento:<\/p>\r\n\r\n\r\n\r\n<div class=\"wp-block-image\">\r\n<figure class=\"aligncenter size-large\"><a href=\"https:\/\/manitese.it\/wp-content\/uploads\/2021\/06\/burkina-faso-progetto-imprese-evento-bilancio-mani-tese-2021_1.jpg\"><img decoding=\"async\" class=\"wp-image-77233\" src=\"https:\/\/manitese.it\/wp-content\/uploads\/2021\/06\/burkina-faso-progetto-imprese-evento-bilancio-mani-tese-2021_1-1024x683.jpg\" alt=\"\" \/><\/a>\r\n<figcaption>\u00a9 AICS Ouagadougou<\/figcaption>\r\n<\/figure>\r\n<\/div>\r\n\r\n\r\n\r\n<div class=\"wp-block-image\">\r\n<figure class=\"aligncenter size-large\"><a href=\"https:\/\/manitese.it\/wp-content\/uploads\/2021\/06\/burkina-faso-progetto-imprese-evento-bilancio-mani-tese-2021_3.jpg\"><img decoding=\"async\" class=\"wp-image-77235\" src=\"https:\/\/manitese.it\/wp-content\/uploads\/2021\/06\/burkina-faso-progetto-imprese-evento-bilancio-mani-tese-2021_3-1024x683.jpg\" alt=\"\" \/><\/a>\r\n<figcaption>\u00a9 AICS Ouagadougou<\/figcaption>\r\n<\/figure>\r\n<\/div>\r\n\r\n\r\n\r\n<div class=\"wp-block-image\">\r\n<figure class=\"aligncenter size-large\"><a href=\"https:\/\/manitese.it\/wp-content\/uploads\/2021\/06\/burkina-faso-progetto-imprese-evento-bilancio-mani-tese-2021_2.jpg\"><img decoding=\"async\" class=\"wp-image-77239\" src=\"https:\/\/manitese.it\/wp-content\/uploads\/2021\/06\/burkina-faso-progetto-imprese-evento-bilancio-mani-tese-2021_2-1024x683.jpg\" alt=\"\" \/><\/a>\r\n<figcaption>\u00a9 AICS Ouagadougou<\/figcaption>\r\n<\/figure>\r\n<\/div>\r\n\r\n\r\n\r\n<figure class=\"wp-block-image size-large\"><a href=\"https:\/\/manitese.it\/wp-content\/uploads\/2021\/06\/burkina-faso-progetto-imprese-evento-bilancio-mani-tese-2021_5.jpg\"><img decoding=\"async\" class=\"wp-image-77241\" src=\"https:\/\/manitese.it\/wp-content\/uploads\/2021\/06\/burkina-faso-progetto-imprese-evento-bilancio-mani-tese-2021_5-1024x683.jpg\" alt=\"\" \/><\/a>\r\n<figcaption>\u00a9 AICS Ouagadougou<\/figcaption>\r\n<\/figure>\r\n\r\n\r\n\r\n<div class=\"wp-block-image\">\r\n<figure class=\"aligncenter size-large\"><a href=\"https:\/\/manitese.it\/wp-content\/uploads\/2021\/06\/burkina-faso-progetto-imprese-evento-bilancio-mani-tese-2021_4.jpg\"><img decoding=\"async\" class=\"wp-image-77243\" src=\"https:\/\/manitese.it\/wp-content\/uploads\/2021\/06\/burkina-faso-progetto-imprese-evento-bilancio-mani-tese-2021_4-1024x683.jpg\" alt=\"\" \/><\/a>\r\n<figcaption>\u00a9 AICS Ouagadougou<\/figcaption>\r\n<\/figure>\r\n<\/div>\r\n\r\n\r\n\r\n<div class=\"wp-block-image\">\r\n<figure class=\"aligncenter size-large\"><a href=\"https:\/\/manitese.it\/wp-content\/uploads\/2021\/06\/\u00a9-Sougrinoma-Isma\u00ebl-Gansore-di-Afriktilgre.com_.jpg\"><img decoding=\"async\" class=\"wp-image-77245\" src=\"https:\/\/manitese.it\/wp-content\/uploads\/2021\/06\/\u00a9-Sougrinoma-Isma\u00ebl-Gansore-di-Afriktilgre.com_.jpg\" alt=\"\" \/><\/a>\r\n<figcaption>\u00a9 Sougrinoma Isma\u00ebl Gansore di Afriktilgre.com<\/figcaption>\r\n<\/figure>\r\n<\/div>\r\n\r\n\r\n\r\n<h2 class=\"has-text-align-center wp-block-heading\"><strong><a href=\"https:\/\/manitese.it\/progetto\/imprese-sociali-innovative-partecipazione-migranti-per-inclusione-sociale-burkina-faso\" target=\"_blank\" rel=\"noreferrer noopener\" aria-label=\"LEGGETE QUI TUTTE LE NEWS RELATIVE AL PROGETTO IMPRESE (apre in una nuova scheda)\">LEGGETE QUI TUTTE LE NEWS RELATIVE AL PROGETTO IMPRESE<\/a><\/strong><\/h2>\r\n\r\n\r\n\r\n<h2 class=\"has-text-align-center wp-block-heading\"><strong><a href=\"https:\/\/manitese.it\/impresa-di-crescere-insieme\" target=\"_blank\" rel=\"noreferrer noopener\" aria-label=\"E VISITATE IL BLOG \u201cL\u2019IMPRESA DI CRESCERE INSIEME\u201d! (apre in una nuova scheda)\">E VISITATE IL BLOG \u201cL\u2019IMPRESA DI CRESCERE INSIEME\u201d!<\/a><\/strong><\/h2>\r\n","protected":false},"excerpt":{"rendered":"<p>All\u2019incontro hanno partecipato, oltre che le autorit\u00e0 locali e AICS, anche i rappresentanti delle 20 imprese e i produttori coinvolti nel progetto.<\/p>\n","protected":false},"author":1,"featured_media":77228,"comment_status":"open","ping_status":"open","sticky":false,"template":"","format":"standard","meta":{"_acf_changed":false,"give_campaign_id":0,"inline_featured_image":false,"_jetpack_memberships_contains_paid_content":false,"footnotes":""},"categories":[3],"tags":[],"thematic_area":[918,907,916],"class_list":["post-77227","post","type-post","status-publish","format-standard","has-post-thumbnail","hentry","category-diari","thematic_area-sistemi-e-filiere-agroalimentari-locali","thematic_area-imprenditoria-sociale","thematic_area-citta-e-pratiche-sostenibili"],"acf":[],"yoast_head":"<!-- This site is optimized with the Yoast SEO plugin v27.5 - https:\/\/yoast.com\/product\/yoast-seo-wordpress\/ -->\n<title>BURKINA FASO: EVENTO DI BILANCIO DEL NOSTRO PROGETTO DEDICATO ALLE IMPRESE SOCIALI - Mani Tese<\/title>\n<meta name=\"description\" content=\"All\u2019incontro hanno partecipato, oltre che le autorit\u00e0 locali e AICS, anche i rappresentanti delle 20 imprese e i produttori coinvolti nel progetto.\" \/>\n<meta name=\"robots\" content=\"index, follow, max-snippet:-1, max-image-preview:large, max-video-preview:-1\" \/>\n<link rel=\"canonical\" href=\"https:\/\/www.manitese.it\/en\/evento-di-bilancio-del-progetto-imprese-in-burkina-faso\/\" \/>\n<meta property=\"og:locale\" content=\"en_US\" \/>\n<meta property=\"og:type\" content=\"article\" \/>\n<meta property=\"og:title\" content=\"BURKINA FASO: EVENTO DI BILANCIO DEL NOSTRO PROGETTO DEDICATO ALLE IMPRESE SOCIALI - Mani Tese\" \/>\n<meta property=\"og:description\" content=\"All\u2019incontro hanno partecipato, oltre che le autorit\u00e0 locali e AICS, anche i rappresentanti delle 20 imprese e i produttori coinvolti nel progetto.\" \/>\n<meta property=\"og:url\" content=\"https:\/\/www.manitese.it\/en\/evento-di-bilancio-del-progetto-imprese-in-burkina-faso\/\" \/>\n<meta property=\"og:site_name\" content=\"Mani Tese\" \/>\n<meta property=\"article:published_time\" content=\"2021-06-07T13:44:33+00:00\" \/>\n<meta property=\"article:modified_time\" content=\"2023-12-12T17:00:12+00:00\" \/>\n<meta property=\"og:image\" content=\"https:\/\/www.manitese.it\/wp-content\/uploads\/2021\/06\/burkina-faso-progetto-imprese-evento-bilancio-mani-tese-2021-1.jpg\" \/>\n\t<meta property=\"og:image:width\" content=\"1920\" \/>\n\t<meta property=\"og:image:height\" content=\"800\" \/>\n\t<meta property=\"og:image:type\" content=\"image\/jpeg\" \/>\n<meta name=\"author\" content=\"agevis\" \/>\n<meta name=\"twitter:card\" content=\"summary_large_image\" \/>\n<meta name=\"twitter:label1\" content=\"Written by\" \/>\n\t<meta name=\"twitter:data1\" content=\"agevis\" \/>\n\t<meta name=\"twitter:label2\" content=\"Est. reading time\" \/>\n\t<meta name=\"twitter:data2\" content=\"5 minutes\" \/>\n<script type=\"application\/ld+json\" class=\"yoast-schema-graph\">{\"@context\":\"https:\\\/\\\/schema.org\",\"@graph\":[{\"@type\":\"Article\",\"@id\":\"https:\\\/\\\/www.manitese.it\\\/en\\\/evento-di-bilancio-del-progetto-imprese-in-burkina-faso\\\/#article\",\"isPartOf\":{\"@id\":\"https:\\\/\\\/www.manitese.it\\\/en\\\/evento-di-bilancio-del-progetto-imprese-in-burkina-faso\\\/\"},\"author\":{\"name\":\"agevis\",\"@id\":\"https:\\\/\\\/www.manitese.it\\\/en\\\/#\\\/schema\\\/person\\\/5a9774f17e4940e2510bfeba90f04f65\"},\"headline\":\"BURKINA FASO: EVENTO DI BILANCIO DEL NOSTRO PROGETTO DEDICATO ALLE IMPRESE SOCIALI\",\"datePublished\":\"2021-06-07T13:44:33+00:00\",\"dateModified\":\"2023-12-12T17:00:12+00:00\",\"mainEntityOfPage\":{\"@id\":\"https:\\\/\\\/www.manitese.it\\\/en\\\/evento-di-bilancio-del-progetto-imprese-in-burkina-faso\\\/\"},\"wordCount\":685,\"commentCount\":0,\"image\":{\"@id\":\"https:\\\/\\\/www.manitese.it\\\/en\\\/evento-di-bilancio-del-progetto-imprese-in-burkina-faso\\\/#primaryimage\"},\"thumbnailUrl\":\"https:\\\/\\\/www.manitese.it\\\/wp-content\\\/uploads\\\/2021\\\/06\\\/burkina-faso-progetto-imprese-evento-bilancio-mani-tese-2021-1.jpg\",\"articleSection\":[\"Diari\"],\"inLanguage\":\"en-US\",\"potentialAction\":[{\"@type\":\"CommentAction\",\"name\":\"Comment\",\"target\":[\"https:\\\/\\\/www.manitese.it\\\/en\\\/evento-di-bilancio-del-progetto-imprese-in-burkina-faso\\\/#respond\"]}]},{\"@type\":\"WebPage\",\"@id\":\"https:\\\/\\\/www.manitese.it\\\/en\\\/evento-di-bilancio-del-progetto-imprese-in-burkina-faso\\\/\",\"url\":\"https:\\\/\\\/www.manitese.it\\\/en\\\/evento-di-bilancio-del-progetto-imprese-in-burkina-faso\\\/\",\"name\":\"BURKINA FASO: EVENTO DI BILANCIO DEL NOSTRO PROGETTO DEDICATO ALLE IMPRESE SOCIALI - Mani Tese\",\"isPartOf\":{\"@id\":\"https:\\\/\\\/www.manitese.it\\\/en\\\/#website\"},\"primaryImageOfPage\":{\"@id\":\"https:\\\/\\\/www.manitese.it\\\/en\\\/evento-di-bilancio-del-progetto-imprese-in-burkina-faso\\\/#primaryimage\"},\"image\":{\"@id\":\"https:\\\/\\\/www.manitese.it\\\/en\\\/evento-di-bilancio-del-progetto-imprese-in-burkina-faso\\\/#primaryimage\"},\"thumbnailUrl\":\"https:\\\/\\\/www.manitese.it\\\/wp-content\\\/uploads\\\/2021\\\/06\\\/burkina-faso-progetto-imprese-evento-bilancio-mani-tese-2021-1.jpg\",\"datePublished\":\"2021-06-07T13:44:33+00:00\",\"dateModified\":\"2023-12-12T17:00:12+00:00\",\"author\":{\"@id\":\"https:\\\/\\\/www.manitese.it\\\/en\\\/#\\\/schema\\\/person\\\/5a9774f17e4940e2510bfeba90f04f65\"},\"description\":\"All\u2019incontro hanno partecipato, oltre che le autorit\u00e0 locali e AICS, anche i rappresentanti delle 20 imprese e i produttori coinvolti nel progetto.\",\"breadcrumb\":{\"@id\":\"https:\\\/\\\/www.manitese.it\\\/en\\\/evento-di-bilancio-del-progetto-imprese-in-burkina-faso\\\/#breadcrumb\"},\"inLanguage\":\"en-US\",\"potentialAction\":[{\"@type\":\"ReadAction\",\"target\":[\"https:\\\/\\\/www.manitese.it\\\/en\\\/evento-di-bilancio-del-progetto-imprese-in-burkina-faso\\\/\"]}]},{\"@type\":\"ImageObject\",\"inLanguage\":\"en-US\",\"@id\":\"https:\\\/\\\/www.manitese.it\\\/en\\\/evento-di-bilancio-del-progetto-imprese-in-burkina-faso\\\/#primaryimage\",\"url\":\"https:\\\/\\\/www.manitese.it\\\/wp-content\\\/uploads\\\/2021\\\/06\\\/burkina-faso-progetto-imprese-evento-bilancio-mani-tese-2021-1.jpg\",\"contentUrl\":\"https:\\\/\\\/www.manitese.it\\\/wp-content\\\/uploads\\\/2021\\\/06\\\/burkina-faso-progetto-imprese-evento-bilancio-mani-tese-2021-1.jpg\",\"width\":1920,\"height\":800,\"caption\":\"burkina faso progetto imprese evento bilancio mani tese 2021\"},{\"@type\":\"BreadcrumbList\",\"@id\":\"https:\\\/\\\/www.manitese.it\\\/en\\\/evento-di-bilancio-del-progetto-imprese-in-burkina-faso\\\/#breadcrumb\",\"itemListElement\":[{\"@type\":\"ListItem\",\"position\":1,\"name\":\"Home\",\"item\":\"https:\\\/\\\/www.manitese.it\\\/en\\\/\"},{\"@type\":\"ListItem\",\"position\":2,\"name\":\"BURKINA FASO: EVENTO DI BILANCIO DEL NOSTRO PROGETTO DEDICATO ALLE IMPRESE SOCIALI\"}]},{\"@type\":\"WebSite\",\"@id\":\"https:\\\/\\\/www.manitese.it\\\/en\\\/#website\",\"url\":\"https:\\\/\\\/www.manitese.it\\\/en\\\/\",\"name\":\"Mani Tese\",\"description\":\"\",\"potentialAction\":[{\"@type\":\"SearchAction\",\"target\":{\"@type\":\"EntryPoint\",\"urlTemplate\":\"https:\\\/\\\/www.manitese.it\\\/en\\\/?s={search_term_string}\"},\"query-input\":{\"@type\":\"PropertyValueSpecification\",\"valueRequired\":true,\"valueName\":\"search_term_string\"}}],\"inLanguage\":\"en-US\"},{\"@type\":\"Person\",\"@id\":\"https:\\\/\\\/www.manitese.it\\\/en\\\/#\\\/schema\\\/person\\\/5a9774f17e4940e2510bfeba90f04f65\",\"name\":\"agevis\",\"image\":{\"@type\":\"ImageObject\",\"inLanguage\":\"en-US\",\"@id\":\"https:\\\/\\\/secure.gravatar.com\\\/avatar\\\/2dc96c93fcf3387a5922a93b50fb3bff01d4800590fb6a4ab91a034adb25ba17?s=96&d=mm&r=g\",\"url\":\"https:\\\/\\\/secure.gravatar.com\\\/avatar\\\/2dc96c93fcf3387a5922a93b50fb3bff01d4800590fb6a4ab91a034adb25ba17?s=96&d=mm&r=g\",\"contentUrl\":\"https:\\\/\\\/secure.gravatar.com\\\/avatar\\\/2dc96c93fcf3387a5922a93b50fb3bff01d4800590fb6a4ab91a034adb25ba17?s=96&d=mm&r=g\",\"caption\":\"agevis\"},\"url\":\"https:\\\/\\\/www.manitese.it\\\/en\\\/author\\\/wp_agevis_admin\\\/\"}]}<\/script>\n<!-- \/ Yoast SEO plugin. -->","yoast_head_json":{"title":"BURKINA FASO: EVENTO DI BILANCIO DEL NOSTRO PROGETTO DEDICATO ALLE IMPRESE SOCIALI - Mani Tese","description":"All\u2019incontro hanno partecipato, oltre che le autorit\u00e0 locali e AICS, anche i rappresentanti delle 20 imprese e i produttori coinvolti nel progetto.","robots":{"index":"index","follow":"follow","max-snippet":"max-snippet:-1","max-image-preview":"max-image-preview:large","max-video-preview":"max-video-preview:-1"},"canonical":"https:\/\/www.manitese.it\/en\/evento-di-bilancio-del-progetto-imprese-in-burkina-faso\/","og_locale":"en_US","og_type":"article","og_title":"BURKINA FASO: EVENTO DI BILANCIO DEL NOSTRO PROGETTO DEDICATO ALLE IMPRESE SOCIALI - Mani Tese","og_description":"All\u2019incontro hanno partecipato, oltre che le autorit\u00e0 locali e AICS, anche i rappresentanti delle 20 imprese e i produttori coinvolti nel progetto.","og_url":"https:\/\/www.manitese.it\/en\/evento-di-bilancio-del-progetto-imprese-in-burkina-faso\/","og_site_name":"Mani Tese","article_published_time":"2021-06-07T13:44:33+00:00","article_modified_time":"2023-12-12T17:00:12+00:00","og_image":[{"width":1920,"height":800,"url":"https:\/\/www.manitese.it\/wp-content\/uploads\/2021\/06\/burkina-faso-progetto-imprese-evento-bilancio-mani-tese-2021-1.jpg","type":"image\/jpeg"}],"author":"agevis","twitter_card":"summary_large_image","twitter_misc":{"Written by":"agevis","Est. reading time":"5 minutes"},"schema":{"@context":"https:\/\/schema.org","@graph":[{"@type":"Article","@id":"https:\/\/www.manitese.it\/en\/evento-di-bilancio-del-progetto-imprese-in-burkina-faso\/#article","isPartOf":{"@id":"https:\/\/www.manitese.it\/en\/evento-di-bilancio-del-progetto-imprese-in-burkina-faso\/"},"author":{"name":"agevis","@id":"https:\/\/www.manitese.it\/en\/#\/schema\/person\/5a9774f17e4940e2510bfeba90f04f65"},"headline":"BURKINA FASO: EVENTO DI BILANCIO DEL NOSTRO PROGETTO DEDICATO ALLE IMPRESE SOCIALI","datePublished":"2021-06-07T13:44:33+00:00","dateModified":"2023-12-12T17:00:12+00:00","mainEntityOfPage":{"@id":"https:\/\/www.manitese.it\/en\/evento-di-bilancio-del-progetto-imprese-in-burkina-faso\/"},"wordCount":685,"commentCount":0,"image":{"@id":"https:\/\/www.manitese.it\/en\/evento-di-bilancio-del-progetto-imprese-in-burkina-faso\/#primaryimage"},"thumbnailUrl":"https:\/\/www.manitese.it\/wp-content\/uploads\/2021\/06\/burkina-faso-progetto-imprese-evento-bilancio-mani-tese-2021-1.jpg","articleSection":["Diari"],"inLanguage":"en-US","potentialAction":[{"@type":"CommentAction","name":"Comment","target":["https:\/\/www.manitese.it\/en\/evento-di-bilancio-del-progetto-imprese-in-burkina-faso\/#respond"]}]},{"@type":"WebPage","@id":"https:\/\/www.manitese.it\/en\/evento-di-bilancio-del-progetto-imprese-in-burkina-faso\/","url":"https:\/\/www.manitese.it\/en\/evento-di-bilancio-del-progetto-imprese-in-burkina-faso\/","name":"BURKINA FASO: EVENTO DI BILANCIO DEL NOSTRO PROGETTO DEDICATO ALLE IMPRESE SOCIALI - Mani Tese","isPartOf":{"@id":"https:\/\/www.manitese.it\/en\/#website"},"primaryImageOfPage":{"@id":"https:\/\/www.manitese.it\/en\/evento-di-bilancio-del-progetto-imprese-in-burkina-faso\/#primaryimage"},"image":{"@id":"https:\/\/www.manitese.it\/en\/evento-di-bilancio-del-progetto-imprese-in-burkina-faso\/#primaryimage"},"thumbnailUrl":"https:\/\/www.manitese.it\/wp-content\/uploads\/2021\/06\/burkina-faso-progetto-imprese-evento-bilancio-mani-tese-2021-1.jpg","datePublished":"2021-06-07T13:44:33+00:00","dateModified":"2023-12-12T17:00:12+00:00","author":{"@id":"https:\/\/www.manitese.it\/en\/#\/schema\/person\/5a9774f17e4940e2510bfeba90f04f65"},"description":"All\u2019incontro hanno partecipato, oltre che le autorit\u00e0 locali e AICS, anche i rappresentanti delle 20 imprese e i produttori coinvolti nel progetto.","breadcrumb":{"@id":"https:\/\/www.manitese.it\/en\/evento-di-bilancio-del-progetto-imprese-in-burkina-faso\/#breadcrumb"},"inLanguage":"en-US","potentialAction":[{"@type":"ReadAction","target":["https:\/\/www.manitese.it\/en\/evento-di-bilancio-del-progetto-imprese-in-burkina-faso\/"]}]},{"@type":"ImageObject","inLanguage":"en-US","@id":"https:\/\/www.manitese.it\/en\/evento-di-bilancio-del-progetto-imprese-in-burkina-faso\/#primaryimage","url":"https:\/\/www.manitese.it\/wp-content\/uploads\/2021\/06\/burkina-faso-progetto-imprese-evento-bilancio-mani-tese-2021-1.jpg","contentUrl":"https:\/\/www.manitese.it\/wp-content\/uploads\/2021\/06\/burkina-faso-progetto-imprese-evento-bilancio-mani-tese-2021-1.jpg","width":1920,"height":800,"caption":"burkina faso progetto imprese evento bilancio mani tese 2021"},{"@type":"BreadcrumbList","@id":"https:\/\/www.manitese.it\/en\/evento-di-bilancio-del-progetto-imprese-in-burkina-faso\/#breadcrumb","itemListElement":[{"@type":"ListItem","position":1,"name":"Home","item":"https:\/\/www.manitese.it\/en\/"},{"@type":"ListItem","position":2,"name":"BURKINA FASO: EVENTO DI BILANCIO DEL NOSTRO PROGETTO DEDICATO ALLE IMPRESE SOCIALI"}]},{"@type":"WebSite","@id":"https:\/\/www.manitese.it\/en\/#website","url":"https:\/\/www.manitese.it\/en\/","name":"Mani Tese","description":"","potentialAction":[{"@type":"SearchAction","target":{"@type":"EntryPoint","urlTemplate":"https:\/\/www.manitese.it\/en\/?s={search_term_string}"},"query-input":{"@type":"PropertyValueSpecification","valueRequired":true,"valueName":"search_term_string"}}],"inLanguage":"en-US"},{"@type":"Person","@id":"https:\/\/www.manitese.it\/en\/#\/schema\/person\/5a9774f17e4940e2510bfeba90f04f65","name":"agevis","image":{"@type":"ImageObject","inLanguage":"en-US","@id":"https:\/\/secure.gravatar.com\/avatar\/2dc96c93fcf3387a5922a93b50fb3bff01d4800590fb6a4ab91a034adb25ba17?s=96&d=mm&r=g","url":"https:\/\/secure.gravatar.com\/avatar\/2dc96c93fcf3387a5922a93b50fb3bff01d4800590fb6a4ab91a034adb25ba17?s=96&d=mm&r=g","contentUrl":"https:\/\/secure.gravatar.com\/avatar\/2dc96c93fcf3387a5922a93b50fb3bff01d4800590fb6a4ab91a034adb25ba17?s=96&d=mm&r=g","caption":"agevis"},"url":"https:\/\/www.manitese.it\/en\/author\/wp_agevis_admin\/"}]}},"jetpack_featured_media_url":"https:\/\/www.manitese.it\/wp-content\/uploads\/2021\/06\/burkina-faso-progetto-imprese-evento-bilancio-mani-tese-2021-1.jpg","jetpack_sharing_enabled":true,"_links":{"self":[{"href":"https:\/\/www.manitese.it\/en\/wp-json\/wp\/v2\/posts\/77227","targetHints":{"allow":["GET"]}}],"collection":[{"href":"https:\/\/www.manitese.it\/en\/wp-json\/wp\/v2\/posts"}],"about":[{"href":"https:\/\/www.manitese.it\/en\/wp-json\/wp\/v2\/types\/post"}],"author":[{"embeddable":true,"href":"https:\/\/www.manitese.it\/en\/wp-json\/wp\/v2\/users\/1"}],"replies":[{"embeddable":true,"href":"https:\/\/www.manitese.it\/en\/wp-json\/wp\/v2\/comments?post=77227"}],"version-history":[{"count":2,"href":"https:\/\/www.manitese.it\/en\/wp-json\/wp\/v2\/posts\/77227\/revisions"}],"predecessor-version":[{"id":191851,"href":"https:\/\/www.manitese.it\/en\/wp-json\/wp\/v2\/posts\/77227\/revisions\/191851"}],"wp:featuredmedia":[{"embeddable":true,"href":"https:\/\/www.manitese.it\/en\/wp-json\/wp\/v2\/media\/77228"}],"wp:attachment":[{"href":"https:\/\/www.manitese.it\/en\/wp-json\/wp\/v2\/media?parent=77227"}],"wp:term":[{"taxonomy":"category","embeddable":true,"href":"https:\/\/www.manitese.it\/en\/wp-json\/wp\/v2\/categories?post=77227"},{"taxonomy":"post_tag","embeddable":true,"href":"https:\/\/www.manitese.it\/en\/wp-json\/wp\/v2\/tags?post=77227"},{"taxonomy":"thematic_area","embeddable":true,"href":"https:\/\/www.manitese.it\/en\/wp-json\/wp\/v2\/thematic_area?post=77227"}],"curies":[{"name":"wp","href":"https:\/\/api.w.org\/{rel}","templated":true}]}}