{"id":77158,"date":"2021-06-06T10:45:16","date_gmt":"2021-06-06T08:45:16","guid":{"rendered":"https:\/\/manitese.it\/?p=77158"},"modified":"2023-07-21T14:24:34","modified_gmt":"2023-07-21T12:24:34","slug":"no-pace-per-il-burkina-faso","status":"publish","type":"post","link":"https:\/\/www.manitese.it\/en\/no-pace-per-il-burkina-faso\/","title":{"rendered":"Non c&#8217;\u00e8 pace per il Burkina Faso: ancora sangue e morti nel &#8220;Paese degli uomini integri&#8221;"},"content":{"rendered":"\n<p><strong>Sono pi\u00f9 di 100<\/strong>, secondo diverse fonti, <strong>i civili uccisi<\/strong> <strong>nell\u2019attacco avvenuto <\/strong>nella notte tra il 4 e 5 giugno presso il villaggio di Solhan, situato nella provincia di Yagha nella regione del Sahel, situata <strong>al confine tra Burkina Faso appunto, Mali e Niger<\/strong>. In questi tre Paesi, purtroppo, \u00e8 in atto una crisi che al momento sembra inarrestabile e che sta causando immani sofferenze alla popolazione civile: attacchi, morti e migliaia di sfollati che devono fuggire dalle proprie terre sono notizie quotidiane.<\/p>\n\n\n\n<p>Tornando a quanto successo a Solhan secondo l\u2019agenzia di stampa del Burkina Faso i terroristi, diversi gruppi di matrice jihadista operano da anni in questa zona del Paese, <strong>sono entrati nel villaggio sparando sulle persone che incontravano, incendiando abitazioni e il mercato del villaggio<\/strong>. \u00c8&nbsp;la pi\u00f9 grave tragedia dal 2015, anno che viene considerato quello di avvio del processo di destabilizzazione del Burkina Faso, che ha portato fino ad oggi a pi\u00f9 di 1400 morti e a pi\u00f9 di un milione di sfollati interni.<\/p>\n\n\n\n<p>&#8220;Il Paese \u00e8 sotto shock per questo ulteriore attacco &#8211; ci racconta <strong>Giulia Polato<\/strong> da Ouagadougou, dove gestisce i progetti di Mani Tese nel Paese &#8211; Le persone sono atterrite, stanche e devastate da questa guerra di cui al di l\u00e0 del Mediterraneo nessuno parla. Oggi sono 132 i morti da piangere. E domani?&#8221;<\/p>\n\n\n\n<p><strong>Sono tre i giorni di lutto nazionale proclamati dal Presidente Rock Kabor\u00e9<\/strong> che ha dichiarato inoltre che le forze di difesa e sicurezza del Paese sono state mobilitate per ricercare e neutralizzare gli autori di questo ignobile atto.<\/p>\n\n\n\n<p><strong>Mani Tese si unisce al dolore del popolo del Burkina Faso e dei famigliari delle vittime in questo momento di grande sofferenza<\/strong>. Resta, inoltre, impegnata con ancor pi\u00f9 motivazioni con vari progetti di sviluppo nel Paese per combattere la povert\u00e0 diffusa che colpisce la sua popolazione. Povert\u00e0 terreno fertile, purtroppo, per i terroristi che riescono a reclutare giovani, senza prospettive di futuro, per le loro efferate azioni. <\/p>\n","protected":false},"excerpt":{"rendered":"<p>Poco si sa e quasi nessuno ne parla in Italia di questa crisi senza fine.<\/p>\n","protected":false},"author":1,"featured_media":77159,"comment_status":"open","ping_status":"open","sticky":false,"template":"","format":"standard","meta":{"_acf_changed":false,"give_campaign_id":0,"inline_featured_image":false,"_jetpack_memberships_contains_paid_content":false,"footnotes":""},"categories":[5],"tags":[],"thematic_area":[],"class_list":["post-77158","post","type-post","status-publish","format-standard","has-post-thumbnail","hentry","category-attualita"],"acf":[],"yoast_head":"<!-- This site is optimized with the Yoast SEO plugin v27.5 - https:\/\/yoast.com\/product\/yoast-seo-wordpress\/ -->\n<title>Non c&#039;\u00e8 pace per il Burkina Faso: ancora sangue e morti nel &quot;Paese degli uomini integri&quot; - Mani Tese<\/title>\n<meta name=\"description\" content=\"Poco si sa e quasi nessuno ne parla in Italia di questa crisi senza fine.\" \/>\n<meta name=\"robots\" content=\"index, follow, max-snippet:-1, max-image-preview:large, max-video-preview:-1\" \/>\n<link rel=\"canonical\" href=\"https:\/\/www.manitese.it\/en\/no-pace-per-il-burkina-faso\/\" \/>\n<meta property=\"og:locale\" content=\"en_US\" \/>\n<meta property=\"og:type\" content=\"article\" \/>\n<meta property=\"og:title\" content=\"Non c&#039;\u00e8 pace per il Burkina Faso: ancora sangue e morti nel &quot;Paese degli uomini integri&quot; - Mani Tese\" \/>\n<meta property=\"og:description\" content=\"Poco si sa e quasi nessuno ne parla in Italia di questa crisi senza fine.\" \/>\n<meta property=\"og:url\" content=\"https:\/\/www.manitese.it\/en\/no-pace-per-il-burkina-faso\/\" \/>\n<meta property=\"og:site_name\" content=\"Mani Tese\" \/>\n<meta property=\"article:published_time\" content=\"2021-06-06T08:45:16+00:00\" \/>\n<meta property=\"article:modified_time\" content=\"2023-07-21T12:24:34+00:00\" \/>\n<meta property=\"og:image\" content=\"https:\/\/www.manitese.it\/wp-content\/uploads\/2021\/06\/attentato-burkina-faso-mani-tese-2021-1.jpg\" \/>\n\t<meta property=\"og:image:width\" content=\"1920\" \/>\n\t<meta property=\"og:image:height\" content=\"800\" \/>\n\t<meta property=\"og:image:type\" content=\"image\/jpeg\" \/>\n<meta name=\"author\" content=\"agevis\" \/>\n<meta name=\"twitter:card\" content=\"summary_large_image\" \/>\n<meta name=\"twitter:label1\" content=\"Written by\" \/>\n\t<meta name=\"twitter:data1\" content=\"agevis\" \/>\n\t<meta name=\"twitter:label2\" content=\"Est. reading time\" \/>\n\t<meta name=\"twitter:data2\" content=\"2 minutes\" \/>\n<script type=\"application\/ld+json\" class=\"yoast-schema-graph\">{\"@context\":\"https:\\\/\\\/schema.org\",\"@graph\":[{\"@type\":\"Article\",\"@id\":\"https:\\\/\\\/www.manitese.it\\\/en\\\/no-pace-per-il-burkina-faso\\\/#article\",\"isPartOf\":{\"@id\":\"https:\\\/\\\/www.manitese.it\\\/en\\\/no-pace-per-il-burkina-faso\\\/\"},\"author\":{\"name\":\"agevis\",\"@id\":\"https:\\\/\\\/www.manitese.it\\\/en\\\/#\\\/schema\\\/person\\\/5a9774f17e4940e2510bfeba90f04f65\"},\"headline\":\"Non c&#8217;\u00e8 pace per il Burkina Faso: ancora sangue e morti nel &#8220;Paese degli uomini integri&#8221;\",\"datePublished\":\"2021-06-06T08:45:16+00:00\",\"dateModified\":\"2023-07-21T12:24:34+00:00\",\"mainEntityOfPage\":{\"@id\":\"https:\\\/\\\/www.manitese.it\\\/en\\\/no-pace-per-il-burkina-faso\\\/\"},\"wordCount\":337,\"commentCount\":0,\"image\":{\"@id\":\"https:\\\/\\\/www.manitese.it\\\/en\\\/no-pace-per-il-burkina-faso\\\/#primaryimage\"},\"thumbnailUrl\":\"https:\\\/\\\/www.manitese.it\\\/wp-content\\\/uploads\\\/2021\\\/06\\\/attentato-burkina-faso-mani-tese-2021-1.jpg\",\"articleSection\":[\"Attualit\u00e0\"],\"inLanguage\":\"en-US\",\"potentialAction\":[{\"@type\":\"CommentAction\",\"name\":\"Comment\",\"target\":[\"https:\\\/\\\/www.manitese.it\\\/en\\\/no-pace-per-il-burkina-faso\\\/#respond\"]}]},{\"@type\":\"WebPage\",\"@id\":\"https:\\\/\\\/www.manitese.it\\\/en\\\/no-pace-per-il-burkina-faso\\\/\",\"url\":\"https:\\\/\\\/www.manitese.it\\\/en\\\/no-pace-per-il-burkina-faso\\\/\",\"name\":\"Non c'\u00e8 pace per il Burkina Faso: ancora sangue e morti nel \\\"Paese degli uomini integri\\\" - Mani Tese\",\"isPartOf\":{\"@id\":\"https:\\\/\\\/www.manitese.it\\\/en\\\/#website\"},\"primaryImageOfPage\":{\"@id\":\"https:\\\/\\\/www.manitese.it\\\/en\\\/no-pace-per-il-burkina-faso\\\/#primaryimage\"},\"image\":{\"@id\":\"https:\\\/\\\/www.manitese.it\\\/en\\\/no-pace-per-il-burkina-faso\\\/#primaryimage\"},\"thumbnailUrl\":\"https:\\\/\\\/www.manitese.it\\\/wp-content\\\/uploads\\\/2021\\\/06\\\/attentato-burkina-faso-mani-tese-2021-1.jpg\",\"datePublished\":\"2021-06-06T08:45:16+00:00\",\"dateModified\":\"2023-07-21T12:24:34+00:00\",\"author\":{\"@id\":\"https:\\\/\\\/www.manitese.it\\\/en\\\/#\\\/schema\\\/person\\\/5a9774f17e4940e2510bfeba90f04f65\"},\"description\":\"Poco si sa e quasi nessuno ne parla in Italia di questa crisi senza fine.\",\"breadcrumb\":{\"@id\":\"https:\\\/\\\/www.manitese.it\\\/en\\\/no-pace-per-il-burkina-faso\\\/#breadcrumb\"},\"inLanguage\":\"en-US\",\"potentialAction\":[{\"@type\":\"ReadAction\",\"target\":[\"https:\\\/\\\/www.manitese.it\\\/en\\\/no-pace-per-il-burkina-faso\\\/\"]}]},{\"@type\":\"ImageObject\",\"inLanguage\":\"en-US\",\"@id\":\"https:\\\/\\\/www.manitese.it\\\/en\\\/no-pace-per-il-burkina-faso\\\/#primaryimage\",\"url\":\"https:\\\/\\\/www.manitese.it\\\/wp-content\\\/uploads\\\/2021\\\/06\\\/attentato-burkina-faso-mani-tese-2021-1.jpg\",\"contentUrl\":\"https:\\\/\\\/www.manitese.it\\\/wp-content\\\/uploads\\\/2021\\\/06\\\/attentato-burkina-faso-mani-tese-2021-1.jpg\",\"width\":1920,\"height\":800,\"caption\":\"attentato burkina faso mani tese 2021\"},{\"@type\":\"BreadcrumbList\",\"@id\":\"https:\\\/\\\/www.manitese.it\\\/en\\\/no-pace-per-il-burkina-faso\\\/#breadcrumb\",\"itemListElement\":[{\"@type\":\"ListItem\",\"position\":1,\"name\":\"Home\",\"item\":\"https:\\\/\\\/www.manitese.it\\\/en\\\/\"},{\"@type\":\"ListItem\",\"position\":2,\"name\":\"Non c&#8217;\u00e8 pace per il Burkina Faso: ancora sangue e morti nel &#8220;Paese degli uomini integri&#8221;\"}]},{\"@type\":\"WebSite\",\"@id\":\"https:\\\/\\\/www.manitese.it\\\/en\\\/#website\",\"url\":\"https:\\\/\\\/www.manitese.it\\\/en\\\/\",\"name\":\"Mani Tese\",\"description\":\"\",\"potentialAction\":[{\"@type\":\"SearchAction\",\"target\":{\"@type\":\"EntryPoint\",\"urlTemplate\":\"https:\\\/\\\/www.manitese.it\\\/en\\\/?s={search_term_string}\"},\"query-input\":{\"@type\":\"PropertyValueSpecification\",\"valueRequired\":true,\"valueName\":\"search_term_string\"}}],\"inLanguage\":\"en-US\"},{\"@type\":\"Person\",\"@id\":\"https:\\\/\\\/www.manitese.it\\\/en\\\/#\\\/schema\\\/person\\\/5a9774f17e4940e2510bfeba90f04f65\",\"name\":\"agevis\",\"image\":{\"@type\":\"ImageObject\",\"inLanguage\":\"en-US\",\"@id\":\"https:\\\/\\\/secure.gravatar.com\\\/avatar\\\/2dc96c93fcf3387a5922a93b50fb3bff01d4800590fb6a4ab91a034adb25ba17?s=96&d=mm&r=g\",\"url\":\"https:\\\/\\\/secure.gravatar.com\\\/avatar\\\/2dc96c93fcf3387a5922a93b50fb3bff01d4800590fb6a4ab91a034adb25ba17?s=96&d=mm&r=g\",\"contentUrl\":\"https:\\\/\\\/secure.gravatar.com\\\/avatar\\\/2dc96c93fcf3387a5922a93b50fb3bff01d4800590fb6a4ab91a034adb25ba17?s=96&d=mm&r=g\",\"caption\":\"agevis\"},\"url\":\"https:\\\/\\\/www.manitese.it\\\/en\\\/author\\\/wp_agevis_admin\\\/\"}]}<\/script>\n<!-- \/ Yoast SEO plugin. -->","yoast_head_json":{"title":"Non c'\u00e8 pace per il Burkina Faso: ancora sangue e morti nel \"Paese degli uomini integri\" - Mani Tese","description":"Poco si sa e quasi nessuno ne parla in Italia di questa crisi senza fine.","robots":{"index":"index","follow":"follow","max-snippet":"max-snippet:-1","max-image-preview":"max-image-preview:large","max-video-preview":"max-video-preview:-1"},"canonical":"https:\/\/www.manitese.it\/en\/no-pace-per-il-burkina-faso\/","og_locale":"en_US","og_type":"article","og_title":"Non c'\u00e8 pace per il Burkina Faso: ancora sangue e morti nel \"Paese degli uomini integri\" - Mani Tese","og_description":"Poco si sa e quasi nessuno ne parla in Italia di questa crisi senza fine.","og_url":"https:\/\/www.manitese.it\/en\/no-pace-per-il-burkina-faso\/","og_site_name":"Mani Tese","article_published_time":"2021-06-06T08:45:16+00:00","article_modified_time":"2023-07-21T12:24:34+00:00","og_image":[{"width":1920,"height":800,"url":"https:\/\/www.manitese.it\/wp-content\/uploads\/2021\/06\/attentato-burkina-faso-mani-tese-2021-1.jpg","type":"image\/jpeg"}],"author":"agevis","twitter_card":"summary_large_image","twitter_misc":{"Written by":"agevis","Est. reading time":"2 minutes"},"schema":{"@context":"https:\/\/schema.org","@graph":[{"@type":"Article","@id":"https:\/\/www.manitese.it\/en\/no-pace-per-il-burkina-faso\/#article","isPartOf":{"@id":"https:\/\/www.manitese.it\/en\/no-pace-per-il-burkina-faso\/"},"author":{"name":"agevis","@id":"https:\/\/www.manitese.it\/en\/#\/schema\/person\/5a9774f17e4940e2510bfeba90f04f65"},"headline":"Non c&#8217;\u00e8 pace per il Burkina Faso: ancora sangue e morti nel &#8220;Paese degli uomini integri&#8221;","datePublished":"2021-06-06T08:45:16+00:00","dateModified":"2023-07-21T12:24:34+00:00","mainEntityOfPage":{"@id":"https:\/\/www.manitese.it\/en\/no-pace-per-il-burkina-faso\/"},"wordCount":337,"commentCount":0,"image":{"@id":"https:\/\/www.manitese.it\/en\/no-pace-per-il-burkina-faso\/#primaryimage"},"thumbnailUrl":"https:\/\/www.manitese.it\/wp-content\/uploads\/2021\/06\/attentato-burkina-faso-mani-tese-2021-1.jpg","articleSection":["Attualit\u00e0"],"inLanguage":"en-US","potentialAction":[{"@type":"CommentAction","name":"Comment","target":["https:\/\/www.manitese.it\/en\/no-pace-per-il-burkina-faso\/#respond"]}]},{"@type":"WebPage","@id":"https:\/\/www.manitese.it\/en\/no-pace-per-il-burkina-faso\/","url":"https:\/\/www.manitese.it\/en\/no-pace-per-il-burkina-faso\/","name":"Non c'\u00e8 pace per il Burkina Faso: ancora sangue e morti nel \"Paese degli uomini integri\" - Mani Tese","isPartOf":{"@id":"https:\/\/www.manitese.it\/en\/#website"},"primaryImageOfPage":{"@id":"https:\/\/www.manitese.it\/en\/no-pace-per-il-burkina-faso\/#primaryimage"},"image":{"@id":"https:\/\/www.manitese.it\/en\/no-pace-per-il-burkina-faso\/#primaryimage"},"thumbnailUrl":"https:\/\/www.manitese.it\/wp-content\/uploads\/2021\/06\/attentato-burkina-faso-mani-tese-2021-1.jpg","datePublished":"2021-06-06T08:45:16+00:00","dateModified":"2023-07-21T12:24:34+00:00","author":{"@id":"https:\/\/www.manitese.it\/en\/#\/schema\/person\/5a9774f17e4940e2510bfeba90f04f65"},"description":"Poco si sa e quasi nessuno ne parla in Italia di questa crisi senza fine.","breadcrumb":{"@id":"https:\/\/www.manitese.it\/en\/no-pace-per-il-burkina-faso\/#breadcrumb"},"inLanguage":"en-US","potentialAction":[{"@type":"ReadAction","target":["https:\/\/www.manitese.it\/en\/no-pace-per-il-burkina-faso\/"]}]},{"@type":"ImageObject","inLanguage":"en-US","@id":"https:\/\/www.manitese.it\/en\/no-pace-per-il-burkina-faso\/#primaryimage","url":"https:\/\/www.manitese.it\/wp-content\/uploads\/2021\/06\/attentato-burkina-faso-mani-tese-2021-1.jpg","contentUrl":"https:\/\/www.manitese.it\/wp-content\/uploads\/2021\/06\/attentato-burkina-faso-mani-tese-2021-1.jpg","width":1920,"height":800,"caption":"attentato burkina faso mani tese 2021"},{"@type":"BreadcrumbList","@id":"https:\/\/www.manitese.it\/en\/no-pace-per-il-burkina-faso\/#breadcrumb","itemListElement":[{"@type":"ListItem","position":1,"name":"Home","item":"https:\/\/www.manitese.it\/en\/"},{"@type":"ListItem","position":2,"name":"Non c&#8217;\u00e8 pace per il Burkina Faso: ancora sangue e morti nel &#8220;Paese degli uomini integri&#8221;"}]},{"@type":"WebSite","@id":"https:\/\/www.manitese.it\/en\/#website","url":"https:\/\/www.manitese.it\/en\/","name":"Mani Tese","description":"","potentialAction":[{"@type":"SearchAction","target":{"@type":"EntryPoint","urlTemplate":"https:\/\/www.manitese.it\/en\/?s={search_term_string}"},"query-input":{"@type":"PropertyValueSpecification","valueRequired":true,"valueName":"search_term_string"}}],"inLanguage":"en-US"},{"@type":"Person","@id":"https:\/\/www.manitese.it\/en\/#\/schema\/person\/5a9774f17e4940e2510bfeba90f04f65","name":"agevis","image":{"@type":"ImageObject","inLanguage":"en-US","@id":"https:\/\/secure.gravatar.com\/avatar\/2dc96c93fcf3387a5922a93b50fb3bff01d4800590fb6a4ab91a034adb25ba17?s=96&d=mm&r=g","url":"https:\/\/secure.gravatar.com\/avatar\/2dc96c93fcf3387a5922a93b50fb3bff01d4800590fb6a4ab91a034adb25ba17?s=96&d=mm&r=g","contentUrl":"https:\/\/secure.gravatar.com\/avatar\/2dc96c93fcf3387a5922a93b50fb3bff01d4800590fb6a4ab91a034adb25ba17?s=96&d=mm&r=g","caption":"agevis"},"url":"https:\/\/www.manitese.it\/en\/author\/wp_agevis_admin\/"}]}},"jetpack_featured_media_url":"https:\/\/www.manitese.it\/wp-content\/uploads\/2021\/06\/attentato-burkina-faso-mani-tese-2021-1.jpg","jetpack_sharing_enabled":true,"_links":{"self":[{"href":"https:\/\/www.manitese.it\/en\/wp-json\/wp\/v2\/posts\/77158","targetHints":{"allow":["GET"]}}],"collection":[{"href":"https:\/\/www.manitese.it\/en\/wp-json\/wp\/v2\/posts"}],"about":[{"href":"https:\/\/www.manitese.it\/en\/wp-json\/wp\/v2\/types\/post"}],"author":[{"embeddable":true,"href":"https:\/\/www.manitese.it\/en\/wp-json\/wp\/v2\/users\/1"}],"replies":[{"embeddable":true,"href":"https:\/\/www.manitese.it\/en\/wp-json\/wp\/v2\/comments?post=77158"}],"version-history":[{"count":2,"href":"https:\/\/www.manitese.it\/en\/wp-json\/wp\/v2\/posts\/77158\/revisions"}],"predecessor-version":[{"id":177825,"href":"https:\/\/www.manitese.it\/en\/wp-json\/wp\/v2\/posts\/77158\/revisions\/177825"}],"wp:featuredmedia":[{"embeddable":true,"href":"https:\/\/www.manitese.it\/en\/wp-json\/wp\/v2\/media\/77159"}],"wp:attachment":[{"href":"https:\/\/www.manitese.it\/en\/wp-json\/wp\/v2\/media?parent=77158"}],"wp:term":[{"taxonomy":"category","embeddable":true,"href":"https:\/\/www.manitese.it\/en\/wp-json\/wp\/v2\/categories?post=77158"},{"taxonomy":"post_tag","embeddable":true,"href":"https:\/\/www.manitese.it\/en\/wp-json\/wp\/v2\/tags?post=77158"},{"taxonomy":"thematic_area","embeddable":true,"href":"https:\/\/www.manitese.it\/en\/wp-json\/wp\/v2\/thematic_area?post=77158"}],"curies":[{"name":"wp","href":"https:\/\/api.w.org\/{rel}","templated":true}]}}