{"id":76716,"date":"2021-05-26T13:10:34","date_gmt":"2021-05-26T11:10:34","guid":{"rendered":"https:\/\/manitese.it\/?p=76716"},"modified":"2023-11-30T17:27:38","modified_gmt":"2023-11-30T16:27:38","slug":"benin-dopo-la-siccita-le-prime-piogge-portano-la-speranza","status":"publish","type":"post","link":"https:\/\/www.manitese.it\/en\/benin-dopo-la-siccita-le-prime-piogge-portano-la-speranza\/","title":{"rendered":"BENIN: DOPO LA SICCIT\u00c0, LE PRIME PIOGGE PORTANO LA SPERANZA DI SCONFIGGERE LA FAME"},"content":{"rendered":"\r\n<p>Sono stati mesi molto difficili per il dipartimento dell\u2019Atacor\u00e0, situato nella zona nord del Benin al confine con il Burkina Faso. Non solo per la pandemia in corso, ma anche <strong>per gli effetti, ben pi\u00f9 gravi della siccit\u00e0<\/strong>: <strong>fiumi e torrenti si sono totalmente prosciugati<\/strong> rendendo molto difficili le attivit\u00e0 agricole di contro-stagione (quelle che di solito si svolgono nel periodo secco utilizzando fonti d\u2019acqua diverse dalle piogge). <strong>Anche le falde da dove pescano i pozzi per l\u2019acqua potabile sono state in sofferenza<\/strong>.<\/p>\r\n\r\n\r\n\r\n<p>Purtroppo <strong>fenomeni di siccit\u00e0 e desertificazione colpiscono con sempre pi\u00f9 frequenza il Paese e, in particolare, la zona dell\u2019Atacor\u00e0<\/strong> rendendo difficile la sopravvivenza di molte famiglie, che dipendono dai pozzi d\u2019acqua per dissetarsi e dalle coltivazioni per nutrirsi, e <strong>aumentando l\u2019insicurezza alimentare, che colpisce il 51% della popolazione della zona<\/strong>.<\/p>\r\n\r\n\r\n\r\n<p>Mani Tese interviene nella zona con il progetto <a href=\"https:\/\/manitese.it\/progetto\/sicurezza-alimentare-atacora\" target=\"_blank\" rel=\"noreferrer noopener\" aria-label=\"\u201cMiglioramento della sicurezza alimentare e delle condizioni igienico-sanitarie delle comunit\u00e0 dell\u2019Atacor\u00e0\u201d (apre in una nuova scheda)\">\u201c<strong>Miglioramento della sicurezza alimentare e delle condizioni igienico-sanitarie delle comunit\u00e0 dell\u2019Atacor\u00e0<\/strong>\u201d<\/a>. Iniziato da sette mesi, il progetto ha visto concluse le attivit\u00e0 preliminari e <strong>ora le comunit\u00e0 beneficiarie di agricoltori stanno iniziando a mobilitarsi per la stagione agricola perch\u00e9 sono finalmente arrivate le prime piogge<\/strong>.<\/p>\r\n\r\n\r\n\r\n<p>Il progetto mette a disposizione <strong>risorse tecniche e materiali per migliorare le condizioni di vita delle comunit\u00e0 <\/strong>in termini di produzione agricola e condizioni igienico-sanitarie, favorendo l\u2019apporto nutrizionale e incrementando l\u2019accesso all\u2019acqua potabile.<\/p>\r\n\r\n\r\n\r\n<p>In questi mesi sono stati selezionati <strong>66 gruppi di agricoltori e agricoltrici<\/strong>, la maggior parte composti da <strong>donne <\/strong>gi\u00e0 collaborano insieme in maniera mutualistica e cooperativa.<\/p>\r\n\r\n\r\n\r\n<p>I gruppi provengono da <strong>21 diversi villaggi<\/strong> dei Comuni rurali di Natitingou, Kuand\u00e9 e Toucountouna e, nei mesi scorsi, <strong>sono stati visitati pi\u00f9 volte dai tecnici agronomi di progetto<\/strong> per verificare con loro la disponibilit\u00e0 di terra e il lavoro in preparazione del periodo di coltivazione, non appena fossero arrivate le piogge.<\/p>\r\n\r\n\r\n\r\n<p>Per ogni gruppo \u00e8 stata individuata una porzione di terra dimostrativa dove poter piantare <strong>patate dolci, una specie locale di mais giallo, sesamo e fonio<\/strong>, prodotti tradizionali della zona e altamente nutritivi. Negli anni questi prodotti sono stati soppiantati dalla coltivazione, finalizzata alla rendita, del cotone e dalla monocultura del mais da semente importata. <strong>L\u2019intento del progetto \u00e8 proprio quello di recuperare queste colture tradizionali, <\/strong>che si adattano bene all\u2019ambiente locale. \u00c8 infatti la monocultura che negli anni ha ridotto la diversificazione delle diete e impoverito i terreni favorendo la malnutrizione.<\/p>\r\n\r\n\r\n\r\n<p>Sono stati tantissimi i gruppi che hanno chiesto di far parte del progetto, a testimonianza dell\u2019interesse che ha suscitato la riscoperta della tradizione agricola locale.<\/p>\r\n\r\n\r\n\r\n<p>Nelle scorse settimane, viste le piogge in arrivo, l\u2019equipe di progetto <strong>ha consegnato le sementi dei quattro prodotti a tutti i 66 gruppi<\/strong>, insieme ad alcuni <strong>semplici attrezzi,<\/strong> come la zappa con punta in ferro che, a differenza di quella tradizionale in legno, facilita la coltivazione.<\/p>\r\n\r\n\r\n\r\n<p>Le sementi serviranno sia per i campi dimostrativi, dove si svolgeranno <strong>sessioni formative con la tecnica del <em>learning by doing<\/em><\/strong> (imparare facendo), sia per le coltivazioni individuali.<\/p>\r\n\r\n\r\n\r\n<p>Ora i contadini e le contadine hanno davanti a s\u00e9 mesi molto impegnativi, i primi di duro lavoro nei campi, e mesi successivi di attesa nella speranza che le piogge siano continue e regolari per favorire un buon raccolto per il mese di ottobre. Ce la metteranno davvero tutta, e noi saremo l\u00ec al loro fianco, per supportarli in questa importante impresa.<\/p>\r\n\r\n\r\n\r\n<p>Qui di seguito alcune foto della consegna delle zappe con punta in ferro e delle formazioni:<\/p>\r\n\r\n\r\n\r\n<div class=\"wp-block-image\">\r\n<figure class=\"aligncenter size-large\"><a href=\"https:\/\/manitese.it\/wp-content\/uploads\/2021\/05\/Benin-siccit\u00e0-piogge-agricoltura-mani-tese-2021-1.jpg\"><img decoding=\"async\" class=\"wp-image-76727\" src=\"https:\/\/manitese.it\/wp-content\/uploads\/2021\/05\/Benin-siccit\u00e0-piogge-agricoltura-mani-tese-2021-1-1024x768.jpg\" alt=\"\" \/><\/a><\/figure>\r\n<\/div>\r\n\r\n\r\n\r\n<div class=\"wp-block-image\">\r\n<figure class=\"aligncenter size-large\"><a href=\"https:\/\/manitese.it\/wp-content\/uploads\/2021\/05\/Benin-siccit\u00e0-piogge-agricoltura-mani-tese-2021-2.jpg\"><img decoding=\"async\" class=\"wp-image-76729\" src=\"https:\/\/manitese.it\/wp-content\/uploads\/2021\/05\/Benin-siccit\u00e0-piogge-agricoltura-mani-tese-2021-2-1024x768.jpg\" alt=\"\" \/><\/a><\/figure>\r\n<\/div>\r\n\r\n\r\n\r\n<div class=\"wp-block-image\">\r\n<figure class=\"aligncenter size-large\"><a href=\"https:\/\/manitese.it\/wp-content\/uploads\/2021\/05\/Benin-siccit\u00e0-piogge-agricoltura-mani-tese-2021-3.jpg\"><img decoding=\"async\" class=\"wp-image-76731\" src=\"https:\/\/manitese.it\/wp-content\/uploads\/2021\/05\/Benin-siccit\u00e0-piogge-agricoltura-mani-tese-2021-3-1024x768.jpg\" alt=\"\" \/><\/a><\/figure>\r\n<\/div>\r\n\r\n\r\n\r\n<div class=\"wp-block-image\">\r\n<figure class=\"aligncenter size-large\"><a href=\"https:\/\/manitese.it\/wp-content\/uploads\/2021\/05\/Benin-siccit\u00e0-piogge-agricoltura-mani-tese-2021-4.jpg\"><img decoding=\"async\" class=\"wp-image-76733\" src=\"https:\/\/manitese.it\/wp-content\/uploads\/2021\/05\/Benin-siccit\u00e0-piogge-agricoltura-mani-tese-2021-4-1024x768.jpg\" alt=\"\" \/><\/a><\/figure>\r\n<\/div>\r\n\r\n\r\n\r\n<div class=\"wp-block-image\">\r\n<figure class=\"aligncenter size-large\"><a href=\"https:\/\/manitese.it\/wp-content\/uploads\/2021\/05\/Benin-siccit\u00e0-piogge-agricoltura-mani-tese-2021-5.jpg\"><img decoding=\"async\" class=\"wp-image-76735\" src=\"https:\/\/manitese.it\/wp-content\/uploads\/2021\/05\/Benin-siccit\u00e0-piogge-agricoltura-mani-tese-2021-5-1024x768.jpg\" alt=\"\" \/><\/a><\/figure>\r\n<\/div>\r\n\r\n\r\n\r\n<div class=\"wp-block-image\">\r\n<figure class=\"aligncenter size-large\"><a href=\"https:\/\/manitese.it\/wp-content\/uploads\/2021\/05\/Benin-siccit\u00e0-piogge-agricoltura-mani-tese-2021-6.jpg\"><img decoding=\"async\" class=\"wp-image-76737\" src=\"https:\/\/manitese.it\/wp-content\/uploads\/2021\/05\/Benin-siccit\u00e0-piogge-agricoltura-mani-tese-2021-6-1024x768.jpg\" alt=\"\" \/><\/a><\/figure>\r\n<\/div>\r\n\r\n\r\n\r\n<div class=\"wp-block-image\">\r\n<figure class=\"aligncenter size-large\"><a href=\"https:\/\/manitese.it\/wp-content\/uploads\/2021\/05\/Benin-siccit\u00e0-piogge-agricoltura-mani-tese-2021-7.jpg\"><img decoding=\"async\" class=\"wp-image-76739\" src=\"https:\/\/manitese.it\/wp-content\/uploads\/2021\/05\/Benin-siccit\u00e0-piogge-agricoltura-mani-tese-2021-7-1024x768.jpg\" alt=\"\" \/><\/a><\/figure>\r\n<\/div>\r\n\r\n\r\n\r\n<div class=\"wp-block-image\">\r\n<figure class=\"aligncenter size-large\"><a href=\"https:\/\/manitese.it\/wp-content\/uploads\/2021\/05\/Benin-siccit\u00e0-piogge-agricoltura-mani-tese-2021-8.jpg\"><img decoding=\"async\" class=\"wp-image-76741\" src=\"https:\/\/manitese.it\/wp-content\/uploads\/2021\/05\/Benin-siccit\u00e0-piogge-agricoltura-mani-tese-2021-8-1024x768.jpg\" alt=\"\" \/><\/a><\/figure>\r\n<\/div>\r\n\r\n\r\n\r\n<div class=\"wp-block-image\">\r\n<figure class=\"aligncenter size-large\"><a href=\"https:\/\/manitese.it\/wp-content\/uploads\/2021\/05\/Benin-siccit\u00e0-piogge-agricoltura-mani-tese-2021-9.jpg\"><img decoding=\"async\" class=\"wp-image-76743\" src=\"https:\/\/manitese.it\/wp-content\/uploads\/2021\/05\/Benin-siccit\u00e0-piogge-agricoltura-mani-tese-2021-9-1024x768.jpg\" alt=\"\" \/><\/a><\/figure>\r\n<\/div>\r\n","protected":false},"excerpt":{"rendered":"<p>Nell\u2019Atacor\u00e0, dopo mesi durissimi, sono arrivate le prime piogge. Dopo sette mesi di preparazione, siamo pronti per iniziare la stagione agricola recuperando le colture tradizionali e migliorando l\u2019accesso all\u2019acqua potabile.<\/p>\n","protected":false},"author":1,"featured_media":76723,"comment_status":"open","ping_status":"open","sticky":false,"template":"","format":"standard","meta":{"_acf_changed":false,"give_campaign_id":0,"inline_featured_image":false,"_jetpack_memberships_contains_paid_content":false,"footnotes":""},"categories":[3],"tags":[],"thematic_area":[918,908,905],"class_list":["post-76716","post","type-post","status-publish","format-standard","has-post-thumbnail","hentry","category-diari","thematic_area-sistemi-e-filiere-agroalimentari-locali","thematic_area-parita-di-genere","thematic_area-accesso-universale-al-cibo-e-allacqua"],"acf":[],"yoast_head":"<!-- This site is optimized with the Yoast SEO plugin v27.5 - https:\/\/yoast.com\/product\/yoast-seo-wordpress\/ -->\n<title>BENIN: DOPO LA SICCIT\u00c0, LE PRIME PIOGGE PORTANO LA SPERANZA DI SCONFIGGERE LA FAME - Mani Tese<\/title>\n<meta name=\"description\" content=\"Nell\u2019Atacor\u00e0, dopo mesi durissimi, sono arrivate le prime piogge. Dopo sette mesi di preparazione, siamo pronti per iniziare la stagione agricola recuperando le colture tradizionali e migliorando l\u2019accesso all\u2019acqua potabile.\" \/>\n<meta name=\"robots\" content=\"index, follow, max-snippet:-1, max-image-preview:large, max-video-preview:-1\" \/>\n<link rel=\"canonical\" href=\"https:\/\/www.manitese.it\/en\/benin-dopo-la-siccita-le-prime-piogge-portano-la-speranza\/\" \/>\n<meta property=\"og:locale\" content=\"en_US\" \/>\n<meta property=\"og:type\" content=\"article\" \/>\n<meta property=\"og:title\" content=\"BENIN: DOPO LA SICCIT\u00c0, LE PRIME PIOGGE PORTANO LA SPERANZA DI SCONFIGGERE LA FAME - Mani Tese\" \/>\n<meta property=\"og:description\" content=\"Nell\u2019Atacor\u00e0, dopo mesi durissimi, sono arrivate le prime piogge. Dopo sette mesi di preparazione, siamo pronti per iniziare la stagione agricola recuperando le colture tradizionali e migliorando l\u2019accesso all\u2019acqua potabile.\" \/>\n<meta property=\"og:url\" content=\"https:\/\/www.manitese.it\/en\/benin-dopo-la-siccita-le-prime-piogge-portano-la-speranza\/\" \/>\n<meta property=\"og:site_name\" content=\"Mani Tese\" \/>\n<meta property=\"article:published_time\" content=\"2021-05-26T11:10:34+00:00\" \/>\n<meta property=\"article:modified_time\" content=\"2023-11-30T16:27:38+00:00\" \/>\n<meta property=\"og:image\" content=\"https:\/\/www.manitese.it\/wp-content\/uploads\/2021\/05\/Benin-siccita-piogge-agricoltura-mani-tese-2021.jpg\" \/>\n\t<meta property=\"og:image:width\" content=\"1920\" \/>\n\t<meta property=\"og:image:height\" content=\"799\" \/>\n\t<meta property=\"og:image:type\" content=\"image\/jpeg\" \/>\n<meta name=\"author\" content=\"agevis\" \/>\n<meta name=\"twitter:card\" content=\"summary_large_image\" \/>\n<meta name=\"twitter:label1\" content=\"Written by\" \/>\n\t<meta name=\"twitter:data1\" content=\"agevis\" \/>\n\t<meta name=\"twitter:label2\" content=\"Est. reading time\" \/>\n\t<meta name=\"twitter:data2\" content=\"5 minutes\" \/>\n<script type=\"application\/ld+json\" class=\"yoast-schema-graph\">{\"@context\":\"https:\\\/\\\/schema.org\",\"@graph\":[{\"@type\":\"Article\",\"@id\":\"https:\\\/\\\/www.manitese.it\\\/en\\\/benin-dopo-la-siccita-le-prime-piogge-portano-la-speranza\\\/#article\",\"isPartOf\":{\"@id\":\"https:\\\/\\\/www.manitese.it\\\/en\\\/benin-dopo-la-siccita-le-prime-piogge-portano-la-speranza\\\/\"},\"author\":{\"name\":\"agevis\",\"@id\":\"https:\\\/\\\/www.manitese.it\\\/en\\\/#\\\/schema\\\/person\\\/5a9774f17e4940e2510bfeba90f04f65\"},\"headline\":\"BENIN: DOPO LA SICCIT\u00c0, LE PRIME PIOGGE PORTANO LA SPERANZA DI SCONFIGGERE LA FAME\",\"datePublished\":\"2021-05-26T11:10:34+00:00\",\"dateModified\":\"2023-11-30T16:27:38+00:00\",\"mainEntityOfPage\":{\"@id\":\"https:\\\/\\\/www.manitese.it\\\/en\\\/benin-dopo-la-siccita-le-prime-piogge-portano-la-speranza\\\/\"},\"wordCount\":585,\"commentCount\":0,\"image\":{\"@id\":\"https:\\\/\\\/www.manitese.it\\\/en\\\/benin-dopo-la-siccita-le-prime-piogge-portano-la-speranza\\\/#primaryimage\"},\"thumbnailUrl\":\"https:\\\/\\\/www.manitese.it\\\/wp-content\\\/uploads\\\/2021\\\/05\\\/Benin-siccita-piogge-agricoltura-mani-tese-2021.jpg\",\"articleSection\":[\"Diari\"],\"inLanguage\":\"en-US\",\"potentialAction\":[{\"@type\":\"CommentAction\",\"name\":\"Comment\",\"target\":[\"https:\\\/\\\/www.manitese.it\\\/en\\\/benin-dopo-la-siccita-le-prime-piogge-portano-la-speranza\\\/#respond\"]}]},{\"@type\":\"WebPage\",\"@id\":\"https:\\\/\\\/www.manitese.it\\\/en\\\/benin-dopo-la-siccita-le-prime-piogge-portano-la-speranza\\\/\",\"url\":\"https:\\\/\\\/www.manitese.it\\\/en\\\/benin-dopo-la-siccita-le-prime-piogge-portano-la-speranza\\\/\",\"name\":\"BENIN: DOPO LA SICCIT\u00c0, LE PRIME PIOGGE PORTANO LA SPERANZA DI SCONFIGGERE LA FAME - Mani Tese\",\"isPartOf\":{\"@id\":\"https:\\\/\\\/www.manitese.it\\\/en\\\/#website\"},\"primaryImageOfPage\":{\"@id\":\"https:\\\/\\\/www.manitese.it\\\/en\\\/benin-dopo-la-siccita-le-prime-piogge-portano-la-speranza\\\/#primaryimage\"},\"image\":{\"@id\":\"https:\\\/\\\/www.manitese.it\\\/en\\\/benin-dopo-la-siccita-le-prime-piogge-portano-la-speranza\\\/#primaryimage\"},\"thumbnailUrl\":\"https:\\\/\\\/www.manitese.it\\\/wp-content\\\/uploads\\\/2021\\\/05\\\/Benin-siccita-piogge-agricoltura-mani-tese-2021.jpg\",\"datePublished\":\"2021-05-26T11:10:34+00:00\",\"dateModified\":\"2023-11-30T16:27:38+00:00\",\"author\":{\"@id\":\"https:\\\/\\\/www.manitese.it\\\/en\\\/#\\\/schema\\\/person\\\/5a9774f17e4940e2510bfeba90f04f65\"},\"description\":\"Nell\u2019Atacor\u00e0, dopo mesi durissimi, sono arrivate le prime piogge. Dopo sette mesi di preparazione, siamo pronti per iniziare la stagione agricola recuperando le colture tradizionali e migliorando l\u2019accesso all\u2019acqua potabile.\",\"breadcrumb\":{\"@id\":\"https:\\\/\\\/www.manitese.it\\\/en\\\/benin-dopo-la-siccita-le-prime-piogge-portano-la-speranza\\\/#breadcrumb\"},\"inLanguage\":\"en-US\",\"potentialAction\":[{\"@type\":\"ReadAction\",\"target\":[\"https:\\\/\\\/www.manitese.it\\\/en\\\/benin-dopo-la-siccita-le-prime-piogge-portano-la-speranza\\\/\"]}]},{\"@type\":\"ImageObject\",\"inLanguage\":\"en-US\",\"@id\":\"https:\\\/\\\/www.manitese.it\\\/en\\\/benin-dopo-la-siccita-le-prime-piogge-portano-la-speranza\\\/#primaryimage\",\"url\":\"https:\\\/\\\/www.manitese.it\\\/wp-content\\\/uploads\\\/2021\\\/05\\\/Benin-siccita-piogge-agricoltura-mani-tese-2021.jpg\",\"contentUrl\":\"https:\\\/\\\/www.manitese.it\\\/wp-content\\\/uploads\\\/2021\\\/05\\\/Benin-siccita-piogge-agricoltura-mani-tese-2021.jpg\",\"width\":1920,\"height\":799,\"caption\":\"Benin siccit\u00e0 piogge agricoltura mani tese 2021\"},{\"@type\":\"BreadcrumbList\",\"@id\":\"https:\\\/\\\/www.manitese.it\\\/en\\\/benin-dopo-la-siccita-le-prime-piogge-portano-la-speranza\\\/#breadcrumb\",\"itemListElement\":[{\"@type\":\"ListItem\",\"position\":1,\"name\":\"Home\",\"item\":\"https:\\\/\\\/www.manitese.it\\\/en\\\/\"},{\"@type\":\"ListItem\",\"position\":2,\"name\":\"BENIN: DOPO LA SICCIT\u00c0, LE PRIME PIOGGE PORTANO LA SPERANZA DI SCONFIGGERE LA FAME\"}]},{\"@type\":\"WebSite\",\"@id\":\"https:\\\/\\\/www.manitese.it\\\/en\\\/#website\",\"url\":\"https:\\\/\\\/www.manitese.it\\\/en\\\/\",\"name\":\"Mani Tese\",\"description\":\"\",\"potentialAction\":[{\"@type\":\"SearchAction\",\"target\":{\"@type\":\"EntryPoint\",\"urlTemplate\":\"https:\\\/\\\/www.manitese.it\\\/en\\\/?s={search_term_string}\"},\"query-input\":{\"@type\":\"PropertyValueSpecification\",\"valueRequired\":true,\"valueName\":\"search_term_string\"}}],\"inLanguage\":\"en-US\"},{\"@type\":\"Person\",\"@id\":\"https:\\\/\\\/www.manitese.it\\\/en\\\/#\\\/schema\\\/person\\\/5a9774f17e4940e2510bfeba90f04f65\",\"name\":\"agevis\",\"image\":{\"@type\":\"ImageObject\",\"inLanguage\":\"en-US\",\"@id\":\"https:\\\/\\\/secure.gravatar.com\\\/avatar\\\/2dc96c93fcf3387a5922a93b50fb3bff01d4800590fb6a4ab91a034adb25ba17?s=96&d=mm&r=g\",\"url\":\"https:\\\/\\\/secure.gravatar.com\\\/avatar\\\/2dc96c93fcf3387a5922a93b50fb3bff01d4800590fb6a4ab91a034adb25ba17?s=96&d=mm&r=g\",\"contentUrl\":\"https:\\\/\\\/secure.gravatar.com\\\/avatar\\\/2dc96c93fcf3387a5922a93b50fb3bff01d4800590fb6a4ab91a034adb25ba17?s=96&d=mm&r=g\",\"caption\":\"agevis\"},\"url\":\"https:\\\/\\\/www.manitese.it\\\/en\\\/author\\\/wp_agevis_admin\\\/\"}]}<\/script>\n<!-- \/ Yoast SEO plugin. -->","yoast_head_json":{"title":"BENIN: DOPO LA SICCIT\u00c0, LE PRIME PIOGGE PORTANO LA SPERANZA DI SCONFIGGERE LA FAME - Mani Tese","description":"Nell\u2019Atacor\u00e0, dopo mesi durissimi, sono arrivate le prime piogge. Dopo sette mesi di preparazione, siamo pronti per iniziare la stagione agricola recuperando le colture tradizionali e migliorando l\u2019accesso all\u2019acqua potabile.","robots":{"index":"index","follow":"follow","max-snippet":"max-snippet:-1","max-image-preview":"max-image-preview:large","max-video-preview":"max-video-preview:-1"},"canonical":"https:\/\/www.manitese.it\/en\/benin-dopo-la-siccita-le-prime-piogge-portano-la-speranza\/","og_locale":"en_US","og_type":"article","og_title":"BENIN: DOPO LA SICCIT\u00c0, LE PRIME PIOGGE PORTANO LA SPERANZA DI SCONFIGGERE LA FAME - Mani Tese","og_description":"Nell\u2019Atacor\u00e0, dopo mesi durissimi, sono arrivate le prime piogge. Dopo sette mesi di preparazione, siamo pronti per iniziare la stagione agricola recuperando le colture tradizionali e migliorando l\u2019accesso all\u2019acqua potabile.","og_url":"https:\/\/www.manitese.it\/en\/benin-dopo-la-siccita-le-prime-piogge-portano-la-speranza\/","og_site_name":"Mani Tese","article_published_time":"2021-05-26T11:10:34+00:00","article_modified_time":"2023-11-30T16:27:38+00:00","og_image":[{"width":1920,"height":799,"url":"https:\/\/www.manitese.it\/wp-content\/uploads\/2021\/05\/Benin-siccita-piogge-agricoltura-mani-tese-2021.jpg","type":"image\/jpeg"}],"author":"agevis","twitter_card":"summary_large_image","twitter_misc":{"Written by":"agevis","Est. reading time":"5 minutes"},"schema":{"@context":"https:\/\/schema.org","@graph":[{"@type":"Article","@id":"https:\/\/www.manitese.it\/en\/benin-dopo-la-siccita-le-prime-piogge-portano-la-speranza\/#article","isPartOf":{"@id":"https:\/\/www.manitese.it\/en\/benin-dopo-la-siccita-le-prime-piogge-portano-la-speranza\/"},"author":{"name":"agevis","@id":"https:\/\/www.manitese.it\/en\/#\/schema\/person\/5a9774f17e4940e2510bfeba90f04f65"},"headline":"BENIN: DOPO LA SICCIT\u00c0, LE PRIME PIOGGE PORTANO LA SPERANZA DI SCONFIGGERE LA FAME","datePublished":"2021-05-26T11:10:34+00:00","dateModified":"2023-11-30T16:27:38+00:00","mainEntityOfPage":{"@id":"https:\/\/www.manitese.it\/en\/benin-dopo-la-siccita-le-prime-piogge-portano-la-speranza\/"},"wordCount":585,"commentCount":0,"image":{"@id":"https:\/\/www.manitese.it\/en\/benin-dopo-la-siccita-le-prime-piogge-portano-la-speranza\/#primaryimage"},"thumbnailUrl":"https:\/\/www.manitese.it\/wp-content\/uploads\/2021\/05\/Benin-siccita-piogge-agricoltura-mani-tese-2021.jpg","articleSection":["Diari"],"inLanguage":"en-US","potentialAction":[{"@type":"CommentAction","name":"Comment","target":["https:\/\/www.manitese.it\/en\/benin-dopo-la-siccita-le-prime-piogge-portano-la-speranza\/#respond"]}]},{"@type":"WebPage","@id":"https:\/\/www.manitese.it\/en\/benin-dopo-la-siccita-le-prime-piogge-portano-la-speranza\/","url":"https:\/\/www.manitese.it\/en\/benin-dopo-la-siccita-le-prime-piogge-portano-la-speranza\/","name":"BENIN: DOPO LA SICCIT\u00c0, LE PRIME PIOGGE PORTANO LA SPERANZA DI SCONFIGGERE LA FAME - Mani Tese","isPartOf":{"@id":"https:\/\/www.manitese.it\/en\/#website"},"primaryImageOfPage":{"@id":"https:\/\/www.manitese.it\/en\/benin-dopo-la-siccita-le-prime-piogge-portano-la-speranza\/#primaryimage"},"image":{"@id":"https:\/\/www.manitese.it\/en\/benin-dopo-la-siccita-le-prime-piogge-portano-la-speranza\/#primaryimage"},"thumbnailUrl":"https:\/\/www.manitese.it\/wp-content\/uploads\/2021\/05\/Benin-siccita-piogge-agricoltura-mani-tese-2021.jpg","datePublished":"2021-05-26T11:10:34+00:00","dateModified":"2023-11-30T16:27:38+00:00","author":{"@id":"https:\/\/www.manitese.it\/en\/#\/schema\/person\/5a9774f17e4940e2510bfeba90f04f65"},"description":"Nell\u2019Atacor\u00e0, dopo mesi durissimi, sono arrivate le prime piogge. Dopo sette mesi di preparazione, siamo pronti per iniziare la stagione agricola recuperando le colture tradizionali e migliorando l\u2019accesso all\u2019acqua potabile.","breadcrumb":{"@id":"https:\/\/www.manitese.it\/en\/benin-dopo-la-siccita-le-prime-piogge-portano-la-speranza\/#breadcrumb"},"inLanguage":"en-US","potentialAction":[{"@type":"ReadAction","target":["https:\/\/www.manitese.it\/en\/benin-dopo-la-siccita-le-prime-piogge-portano-la-speranza\/"]}]},{"@type":"ImageObject","inLanguage":"en-US","@id":"https:\/\/www.manitese.it\/en\/benin-dopo-la-siccita-le-prime-piogge-portano-la-speranza\/#primaryimage","url":"https:\/\/www.manitese.it\/wp-content\/uploads\/2021\/05\/Benin-siccita-piogge-agricoltura-mani-tese-2021.jpg","contentUrl":"https:\/\/www.manitese.it\/wp-content\/uploads\/2021\/05\/Benin-siccita-piogge-agricoltura-mani-tese-2021.jpg","width":1920,"height":799,"caption":"Benin siccit\u00e0 piogge agricoltura mani tese 2021"},{"@type":"BreadcrumbList","@id":"https:\/\/www.manitese.it\/en\/benin-dopo-la-siccita-le-prime-piogge-portano-la-speranza\/#breadcrumb","itemListElement":[{"@type":"ListItem","position":1,"name":"Home","item":"https:\/\/www.manitese.it\/en\/"},{"@type":"ListItem","position":2,"name":"BENIN: DOPO LA SICCIT\u00c0, LE PRIME PIOGGE PORTANO LA SPERANZA DI SCONFIGGERE LA FAME"}]},{"@type":"WebSite","@id":"https:\/\/www.manitese.it\/en\/#website","url":"https:\/\/www.manitese.it\/en\/","name":"Mani Tese","description":"","potentialAction":[{"@type":"SearchAction","target":{"@type":"EntryPoint","urlTemplate":"https:\/\/www.manitese.it\/en\/?s={search_term_string}"},"query-input":{"@type":"PropertyValueSpecification","valueRequired":true,"valueName":"search_term_string"}}],"inLanguage":"en-US"},{"@type":"Person","@id":"https:\/\/www.manitese.it\/en\/#\/schema\/person\/5a9774f17e4940e2510bfeba90f04f65","name":"agevis","image":{"@type":"ImageObject","inLanguage":"en-US","@id":"https:\/\/secure.gravatar.com\/avatar\/2dc96c93fcf3387a5922a93b50fb3bff01d4800590fb6a4ab91a034adb25ba17?s=96&d=mm&r=g","url":"https:\/\/secure.gravatar.com\/avatar\/2dc96c93fcf3387a5922a93b50fb3bff01d4800590fb6a4ab91a034adb25ba17?s=96&d=mm&r=g","contentUrl":"https:\/\/secure.gravatar.com\/avatar\/2dc96c93fcf3387a5922a93b50fb3bff01d4800590fb6a4ab91a034adb25ba17?s=96&d=mm&r=g","caption":"agevis"},"url":"https:\/\/www.manitese.it\/en\/author\/wp_agevis_admin\/"}]}},"jetpack_featured_media_url":"https:\/\/www.manitese.it\/wp-content\/uploads\/2021\/05\/Benin-siccita-piogge-agricoltura-mani-tese-2021.jpg","jetpack_sharing_enabled":true,"_links":{"self":[{"href":"https:\/\/www.manitese.it\/en\/wp-json\/wp\/v2\/posts\/76716","targetHints":{"allow":["GET"]}}],"collection":[{"href":"https:\/\/www.manitese.it\/en\/wp-json\/wp\/v2\/posts"}],"about":[{"href":"https:\/\/www.manitese.it\/en\/wp-json\/wp\/v2\/types\/post"}],"author":[{"embeddable":true,"href":"https:\/\/www.manitese.it\/en\/wp-json\/wp\/v2\/users\/1"}],"replies":[{"embeddable":true,"href":"https:\/\/www.manitese.it\/en\/wp-json\/wp\/v2\/comments?post=76716"}],"version-history":[{"count":2,"href":"https:\/\/www.manitese.it\/en\/wp-json\/wp\/v2\/posts\/76716\/revisions"}],"predecessor-version":[{"id":191733,"href":"https:\/\/www.manitese.it\/en\/wp-json\/wp\/v2\/posts\/76716\/revisions\/191733"}],"wp:featuredmedia":[{"embeddable":true,"href":"https:\/\/www.manitese.it\/en\/wp-json\/wp\/v2\/media\/76723"}],"wp:attachment":[{"href":"https:\/\/www.manitese.it\/en\/wp-json\/wp\/v2\/media?parent=76716"}],"wp:term":[{"taxonomy":"category","embeddable":true,"href":"https:\/\/www.manitese.it\/en\/wp-json\/wp\/v2\/categories?post=76716"},{"taxonomy":"post_tag","embeddable":true,"href":"https:\/\/www.manitese.it\/en\/wp-json\/wp\/v2\/tags?post=76716"},{"taxonomy":"thematic_area","embeddable":true,"href":"https:\/\/www.manitese.it\/en\/wp-json\/wp\/v2\/thematic_area?post=76716"}],"curies":[{"name":"wp","href":"https:\/\/api.w.org\/{rel}","templated":true}]}}