{"id":76389,"date":"2021-05-24T08:12:00","date_gmt":"2021-05-24T06:12:00","guid":{"rendered":"https:\/\/manitese.it\/?p=76389"},"modified":"2025-07-10T11:25:49","modified_gmt":"2025-07-10T09:25:49","slug":"piano-scuola-estate-2021","status":"publish","type":"post","link":"https:\/\/www.manitese.it\/en\/piano-scuola-estate-2021\/","title":{"rendered":"Piano scuola estate 2021: diventare \u201cSapiens a 5P\u201d con Mani Tese"},"content":{"rendered":"\n<p><strong>Mani Tese ha ideato una nuova proposta formativa per i gruppi e per le scuole<\/strong>, ideale per tutto l\u2019anno e, in particolare, come attivit\u00e0 partecipativa per il <strong>Piano Scuola Estate 2021<\/strong>.<\/p>\n\n\n\n<p><em>\u201cSe la pandemia ci ha insegnato qualcosa, \u00e8 che siamo tutti e tutte inter-connessi<\/em> &#8211;<strong> dichiara Giacomo Petitti di Roreto, Responsabile Educazione e Formazione di Mani Tese <\/strong>&#8211;<strong> <\/strong><em>Per affrontare le sfide del XXI secolo non basta pi\u00f9 usare la stessa ragione che ha guidato l\u2019homo sapiens a colonizzare il mondo 200.000 anni fa. \u00c8 ora che l\u2019essere umano evolva nel proprio modo di rapportarsi agli altri, al Pianeta Terra e alle altre specie viventi trovando un nuovo modo di concepire la propria felicit\u00e0 e le proprie relazioni.\u201d<\/em><\/p>\n\n\n\n<p>Per questo <strong>Mani Tese<\/strong>, da sempre in prima linea nell\u2019educare i cittadini e le cittadine di domani per creare un futuro pi\u00f9 giusto e sostenibile, \u00e8 convinta che <strong>sia giunto il momento che l&#8217;homo sapiens compia un salto evolutivo e diventi homo sapiens a 5P!<\/strong><\/p>\n\n\n\n<p><u><strong>Che cosa sono i Sapiens a 5P<\/strong><\/u><\/p>\n\n\n\n<p>Come \u00e8 scritto nell\u2019<strong>Agenda 2030<\/strong>, l\u2019essere umano deve <strong>allenarsi a trasformare il mondo <\/strong>abbandonando le cose come si sono sempre fatte e abbracciando cinque concetti chiave, le cosiddette 5P:<\/p>\n\n\n\n<ol class=\"wp-block-list\"><li><strong>Persone<\/strong>. Eliminare fame e povert\u00e0 in tutte le forme, garantire dignit\u00e0 e uguaglianza.<\/li><li><strong>Prosperit\u00e0<\/strong>. Garantire vite prospere e piene in armonia con la natura.<\/li><li><strong>Pace<\/strong>. Promuovere societ\u00e0 pacifiche, giuste e inclusive.<\/li><li><strong>Partnership<\/strong>. Implementare l\u2019Agenda attraverso solide partnership.<\/li><li><strong>Pianeta<\/strong>. Proteggere le risorse naturali e il clima del pianeta per le generazioni future.<\/li><\/ol>\n\n\n\n<p><\/p>\n\n\n\n<p><u><strong>Come diventare Sapiens a 5P<\/strong><\/u><\/p>\n\n\n\n<p>Partendo da questi assunti dell\u2019Agenda 2030, Mani Tese ha ideato <strong>\u201cSAPIENS A 5P\u201d, nuovi percorsi formativi per classi e\/o gruppi di tutte le et\u00e0: veri e propri esercizi di allenamento a un futuro sostenibile per diventare homo sapiens \u201ca 5P\u201d<\/strong>.<\/p>\n\n\n\n<p><em>\u201cVogliamo rendere l\u2019Agenda 2030 un tema vicino agli studenti, concreto e appassionante\u201d<\/em> afferma <strong>Giacomo Petitti di Roreto<\/strong>.<\/p>\n\n\n\n<p>Affrontando temi diversi <strong>(dal cambiamento climatico alla cittadinanza economica, dalla moda alle migrazioni, passando per l\u2019acqua, il cibo e lo sfruttamento ineguale delle risorse naturali)<\/strong> i percorsi provano a innescare un cambiamento del nostro modo di fare e di approcciare la complessit\u00e0, cercando di mettere in dubbio gli schemi di riferimento abituali che non ci permettono di cambiare rotta.<\/p>\n\n\n\n<p>Quest\u2019anno l\u2019offerta formativa di Mani Tese \u00e8 realizzata in partnership con <strong>Reattiva<\/strong>, la nuova impresa sociale dedicata alla formazione nata dall\u2019esperienza e dalle competenze di Mani Tese.<\/p>\n\n\n\n<p><u><strong>Il Piano Scuola Estate 2021<\/strong><\/u><\/p>\n\n\n\n<p>L\u2019offerta formativa <strong>\u201cSAPIENS A 5P\u201d<\/strong> \u00e8 particolarmente indicata come attivit\u00e0 da svolgere con gli studenti e le studentesse nell\u2019ambito del <strong>Piano Scuola Estate 2021<\/strong>.<\/p>\n\n\n\n<p><em>\u201cIl recupero di una dimensione laboratoriale e interattiva, soprattutto nelle realt\u00e0 pi\u00f9 periferiche, \u00e8 la vera priorit\u00e0 in questo periodo di chiusura dell\u2019anno scolastico <\/em>&#8211; <strong>prosegue Giacomo Petitti di Roreto<\/strong> &#8211; <em>Per questo Mani Tese \u00e8 ben lieta di offrire i suoi percorsi di Educazione Civica e Cittadinanza Globale, da sempre pensati e realizzati attraverso metodologie inclusive e partecipative, anche nell\u2019ambito del Piano Scuola Estate 2021. Condividiamo in particolare l\u2019intenzione di ricostruire una socialit\u00e0 \u201caffettuosa\u201d, soprattutto nell\u2019ottica di fare da ponte per ragazze e ragazzi nel delicato passaggio tra la scuola primaria e secondaria.\u201d<\/em><\/p>\n\n\n\n<p><u><strong>A chi si rivolge l\u2019offerta formativa<\/strong><\/u><\/p>\n\n\n\n<p>I percorsi sono strutturati <strong>per studenti e studentesse di tutte le et\u00e0, con una particolare attenzione ai gruppi classi che vanno dai 6 ai 18 anni<\/strong>.<\/p>\n\n\n\n<p>Per educare cittadini e cittadine globali gli educatori e le educatrici di Mani Tese applicano metodologie partecipative: i laboratori sono quindi progettati per gruppi (formali e non formali) <strong>dalle 10 alle 30 persone<\/strong>.<\/p>\n\n\n\n<p><u><strong>Dove si svolge<\/strong><\/u><\/p>\n\n\n\n<p>Tutti i laboratori possono essere realizzati <strong>in presenza, in modalit\u00e0 mista oppure interamente on-line<\/strong>, a seconda delle esigenze specifiche del richiedente e delle condizioni di contesto.<\/p>\n\n\n\n<p><u><strong>Come aderire alle proposte di Mani Tese<\/strong><\/u><\/p>\n\n\n\n<p>Per aderire alle proposte \u00e8 sufficiente contattare <strong>l\u2019ufficio di Educazione alla Cittadinanza Globale di Mani Tese<\/strong> per un colloquio scrivendo a <strong>ecg@manitese.it <\/strong>o chiamando il numero di telefono <strong>02-4075165<\/strong>.<\/p>\n\n\n\n<p>Gli educatori e le educatrici concorderanno insieme agli insegnanti o agli interessati un percorso che tenga conto delle specifiche esigenze del gruppo-classe e della fascia d\u2019et\u00e0 dei destinatari.<\/p>\n\n\n\n<p>\u00c8 possibile scaricare <strong><a href=\"https:\/\/manitese.it\/wp-content\/uploads\/2021\/09\/offerta-formativa-mani-tese-reattiva-2021.pdf\" target=\"_blank\" rel=\"noreferrer noopener\" aria-label=\" (apre in una nuova scheda)\">la brochure dell\u2019offerta formativa completa<\/a><\/strong> sul sito di Mani Tese.<\/p>\n\n\n\n<h2 class=\"has-text-align-center wp-block-heading\"><strong><a href=\"https:\/\/manitese.it\/wp-content\/uploads\/2021\/09\/offerta-formativa-mani-tese-reattiva-2021.pdf\" target=\"_blank\" rel=\"noreferrer noopener\" aria-label=\" (apre in una nuova scheda)\">SCARICA LA BROCHURE DELL\u2019OFFERTA FORMATIVA<\/a><\/strong><\/h2>\n\n\n\n<div class=\"wp-block-image\"><figure class=\"aligncenter size-large\"><a href=\"https:\/\/manitese.it\/wp-content\/uploads\/2021\/09\/offerta-formativa-mani-tese-reattiva-2021.pdf\" target=\"_blank\" rel=\"noreferrer noopener\"><img decoding=\"async\" src=\"https:\/\/manitese.it\/wp-content\/uploads\/2021\/05\/OFFERTA-FORMATIVA-2021_COPERTINA-1024x1024.png\" alt=\"offerta formativa mani tese 2021\" class=\"wp-image-76397\"\/><\/a><\/figure><\/div>\n","protected":false},"excerpt":{"rendered":"<p>Le nuove proposte di Educazione Civica e di Educazione alla Cittadinanza Globale di Mani Tese per allenarsi a un futuro sostenibile attraverso le 5P dell\u2019Agenda 2030.<\/p>\n","protected":false},"author":1,"featured_media":76340,"comment_status":"open","ping_status":"open","sticky":false,"template":"","format":"standard","meta":{"_acf_changed":false,"give_campaign_id":0,"inline_featured_image":false,"_jetpack_memberships_contains_paid_content":false,"footnotes":""},"categories":[1],"tags":[],"thematic_area":[],"class_list":["post-76389","post","type-post","status-publish","format-standard","has-post-thumbnail","hentry","category-news"],"acf":[],"yoast_head":"<!-- This site is optimized with the Yoast SEO plugin v27.5 - https:\/\/yoast.com\/product\/yoast-seo-wordpress\/ -->\n<title>Piano scuola estate 2021: diventare \u201cSapiens a 5P\u201d con Mani Tese - Mani Tese<\/title>\n<meta name=\"description\" content=\"Le nuove proposte di Educazione Civica e di Educazione alla Cittadinanza Globale di Mani Tese per allenarsi a un futuro sostenibile attraverso le 5P dell\u2019Agenda 2030.\" \/>\n<meta name=\"robots\" content=\"index, follow, max-snippet:-1, max-image-preview:large, max-video-preview:-1\" \/>\n<link rel=\"canonical\" href=\"https:\/\/www.manitese.it\/en\/piano-scuola-estate-2021\/\" \/>\n<meta property=\"og:locale\" content=\"en_US\" \/>\n<meta property=\"og:type\" content=\"article\" \/>\n<meta property=\"og:title\" content=\"Piano scuola estate 2021: diventare \u201cSapiens a 5P\u201d con Mani Tese - Mani Tese\" \/>\n<meta property=\"og:description\" content=\"Le nuove proposte di Educazione Civica e di Educazione alla Cittadinanza Globale di Mani Tese per allenarsi a un futuro sostenibile attraverso le 5P dell\u2019Agenda 2030.\" \/>\n<meta property=\"og:url\" content=\"https:\/\/www.manitese.it\/en\/piano-scuola-estate-2021\/\" \/>\n<meta property=\"og:site_name\" content=\"Mani Tese\" \/>\n<meta property=\"article:published_time\" content=\"2021-05-24T06:12:00+00:00\" \/>\n<meta property=\"article:modified_time\" content=\"2025-07-10T09:25:49+00:00\" \/>\n<meta property=\"og:image\" content=\"https:\/\/www.manitese.it\/wp-content\/uploads\/2017\/05\/offerta-formativa-mani-tese-reattiva-2021-1.jpg\" \/>\n\t<meta property=\"og:image:width\" content=\"1920\" \/>\n\t<meta property=\"og:image:height\" content=\"800\" \/>\n\t<meta property=\"og:image:type\" content=\"image\/jpeg\" \/>\n<meta name=\"author\" content=\"agevis\" \/>\n<meta name=\"twitter:card\" content=\"summary_large_image\" \/>\n<meta name=\"twitter:label1\" content=\"Written by\" \/>\n\t<meta name=\"twitter:data1\" content=\"agevis\" \/>\n\t<meta name=\"twitter:label2\" content=\"Est. reading time\" \/>\n\t<meta name=\"twitter:data2\" content=\"4 minutes\" \/>\n<script type=\"application\/ld+json\" class=\"yoast-schema-graph\">{\"@context\":\"https:\\\/\\\/schema.org\",\"@graph\":[{\"@type\":\"Article\",\"@id\":\"https:\\\/\\\/www.manitese.it\\\/en\\\/piano-scuola-estate-2021\\\/#article\",\"isPartOf\":{\"@id\":\"https:\\\/\\\/www.manitese.it\\\/en\\\/piano-scuola-estate-2021\\\/\"},\"author\":{\"name\":\"agevis\",\"@id\":\"https:\\\/\\\/www.manitese.it\\\/en\\\/#\\\/schema\\\/person\\\/5a9774f17e4940e2510bfeba90f04f65\"},\"headline\":\"Piano scuola estate 2021: diventare \u201cSapiens a 5P\u201d con Mani Tese\",\"datePublished\":\"2021-05-24T06:12:00+00:00\",\"dateModified\":\"2025-07-10T09:25:49+00:00\",\"mainEntityOfPage\":{\"@id\":\"https:\\\/\\\/www.manitese.it\\\/en\\\/piano-scuola-estate-2021\\\/\"},\"wordCount\":714,\"commentCount\":0,\"image\":{\"@id\":\"https:\\\/\\\/www.manitese.it\\\/en\\\/piano-scuola-estate-2021\\\/#primaryimage\"},\"thumbnailUrl\":\"https:\\\/\\\/www.manitese.it\\\/wp-content\\\/uploads\\\/2017\\\/05\\\/offerta-formativa-mani-tese-reattiva-2021-1.jpg\",\"articleSection\":[\"News\"],\"inLanguage\":\"en-US\",\"potentialAction\":[{\"@type\":\"CommentAction\",\"name\":\"Comment\",\"target\":[\"https:\\\/\\\/www.manitese.it\\\/en\\\/piano-scuola-estate-2021\\\/#respond\"]}]},{\"@type\":\"WebPage\",\"@id\":\"https:\\\/\\\/www.manitese.it\\\/en\\\/piano-scuola-estate-2021\\\/\",\"url\":\"https:\\\/\\\/www.manitese.it\\\/en\\\/piano-scuola-estate-2021\\\/\",\"name\":\"Piano scuola estate 2021: diventare \u201cSapiens a 5P\u201d con Mani Tese - Mani Tese\",\"isPartOf\":{\"@id\":\"https:\\\/\\\/www.manitese.it\\\/en\\\/#website\"},\"primaryImageOfPage\":{\"@id\":\"https:\\\/\\\/www.manitese.it\\\/en\\\/piano-scuola-estate-2021\\\/#primaryimage\"},\"image\":{\"@id\":\"https:\\\/\\\/www.manitese.it\\\/en\\\/piano-scuola-estate-2021\\\/#primaryimage\"},\"thumbnailUrl\":\"https:\\\/\\\/www.manitese.it\\\/wp-content\\\/uploads\\\/2017\\\/05\\\/offerta-formativa-mani-tese-reattiva-2021-1.jpg\",\"datePublished\":\"2021-05-24T06:12:00+00:00\",\"dateModified\":\"2025-07-10T09:25:49+00:00\",\"author\":{\"@id\":\"https:\\\/\\\/www.manitese.it\\\/en\\\/#\\\/schema\\\/person\\\/5a9774f17e4940e2510bfeba90f04f65\"},\"description\":\"Le nuove proposte di Educazione Civica e di Educazione alla Cittadinanza Globale di Mani Tese per allenarsi a un futuro sostenibile attraverso le 5P dell\u2019Agenda 2030.\",\"breadcrumb\":{\"@id\":\"https:\\\/\\\/www.manitese.it\\\/en\\\/piano-scuola-estate-2021\\\/#breadcrumb\"},\"inLanguage\":\"en-US\",\"potentialAction\":[{\"@type\":\"ReadAction\",\"target\":[\"https:\\\/\\\/www.manitese.it\\\/en\\\/piano-scuola-estate-2021\\\/\"]}]},{\"@type\":\"ImageObject\",\"inLanguage\":\"en-US\",\"@id\":\"https:\\\/\\\/www.manitese.it\\\/en\\\/piano-scuola-estate-2021\\\/#primaryimage\",\"url\":\"https:\\\/\\\/www.manitese.it\\\/wp-content\\\/uploads\\\/2017\\\/05\\\/offerta-formativa-mani-tese-reattiva-2021-1.jpg\",\"contentUrl\":\"https:\\\/\\\/www.manitese.it\\\/wp-content\\\/uploads\\\/2017\\\/05\\\/offerta-formativa-mani-tese-reattiva-2021-1.jpg\",\"width\":1920,\"height\":800,\"caption\":\"offerta formativa mani tese reattiva 2021\"},{\"@type\":\"BreadcrumbList\",\"@id\":\"https:\\\/\\\/www.manitese.it\\\/en\\\/piano-scuola-estate-2021\\\/#breadcrumb\",\"itemListElement\":[{\"@type\":\"ListItem\",\"position\":1,\"name\":\"Home\",\"item\":\"https:\\\/\\\/www.manitese.it\\\/en\\\/\"},{\"@type\":\"ListItem\",\"position\":2,\"name\":\"Piano scuola estate 2021: diventare \u201cSapiens a 5P\u201d con Mani Tese\"}]},{\"@type\":\"WebSite\",\"@id\":\"https:\\\/\\\/www.manitese.it\\\/en\\\/#website\",\"url\":\"https:\\\/\\\/www.manitese.it\\\/en\\\/\",\"name\":\"Mani Tese\",\"description\":\"\",\"potentialAction\":[{\"@type\":\"SearchAction\",\"target\":{\"@type\":\"EntryPoint\",\"urlTemplate\":\"https:\\\/\\\/www.manitese.it\\\/en\\\/?s={search_term_string}\"},\"query-input\":{\"@type\":\"PropertyValueSpecification\",\"valueRequired\":true,\"valueName\":\"search_term_string\"}}],\"inLanguage\":\"en-US\"},{\"@type\":\"Person\",\"@id\":\"https:\\\/\\\/www.manitese.it\\\/en\\\/#\\\/schema\\\/person\\\/5a9774f17e4940e2510bfeba90f04f65\",\"name\":\"agevis\",\"image\":{\"@type\":\"ImageObject\",\"inLanguage\":\"en-US\",\"@id\":\"https:\\\/\\\/secure.gravatar.com\\\/avatar\\\/2dc96c93fcf3387a5922a93b50fb3bff01d4800590fb6a4ab91a034adb25ba17?s=96&d=mm&r=g\",\"url\":\"https:\\\/\\\/secure.gravatar.com\\\/avatar\\\/2dc96c93fcf3387a5922a93b50fb3bff01d4800590fb6a4ab91a034adb25ba17?s=96&d=mm&r=g\",\"contentUrl\":\"https:\\\/\\\/secure.gravatar.com\\\/avatar\\\/2dc96c93fcf3387a5922a93b50fb3bff01d4800590fb6a4ab91a034adb25ba17?s=96&d=mm&r=g\",\"caption\":\"agevis\"},\"url\":\"https:\\\/\\\/www.manitese.it\\\/en\\\/author\\\/wp_agevis_admin\\\/\"}]}<\/script>\n<!-- \/ Yoast SEO plugin. -->","yoast_head_json":{"title":"Piano scuola estate 2021: diventare \u201cSapiens a 5P\u201d con Mani Tese - Mani Tese","description":"Le nuove proposte di Educazione Civica e di Educazione alla Cittadinanza Globale di Mani Tese per allenarsi a un futuro sostenibile attraverso le 5P dell\u2019Agenda 2030.","robots":{"index":"index","follow":"follow","max-snippet":"max-snippet:-1","max-image-preview":"max-image-preview:large","max-video-preview":"max-video-preview:-1"},"canonical":"https:\/\/www.manitese.it\/en\/piano-scuola-estate-2021\/","og_locale":"en_US","og_type":"article","og_title":"Piano scuola estate 2021: diventare \u201cSapiens a 5P\u201d con Mani Tese - Mani Tese","og_description":"Le nuove proposte di Educazione Civica e di Educazione alla Cittadinanza Globale di Mani Tese per allenarsi a un futuro sostenibile attraverso le 5P dell\u2019Agenda 2030.","og_url":"https:\/\/www.manitese.it\/en\/piano-scuola-estate-2021\/","og_site_name":"Mani Tese","article_published_time":"2021-05-24T06:12:00+00:00","article_modified_time":"2025-07-10T09:25:49+00:00","og_image":[{"width":1920,"height":800,"url":"https:\/\/www.manitese.it\/wp-content\/uploads\/2017\/05\/offerta-formativa-mani-tese-reattiva-2021-1.jpg","type":"image\/jpeg"}],"author":"agevis","twitter_card":"summary_large_image","twitter_misc":{"Written by":"agevis","Est. reading time":"4 minutes"},"schema":{"@context":"https:\/\/schema.org","@graph":[{"@type":"Article","@id":"https:\/\/www.manitese.it\/en\/piano-scuola-estate-2021\/#article","isPartOf":{"@id":"https:\/\/www.manitese.it\/en\/piano-scuola-estate-2021\/"},"author":{"name":"agevis","@id":"https:\/\/www.manitese.it\/en\/#\/schema\/person\/5a9774f17e4940e2510bfeba90f04f65"},"headline":"Piano scuola estate 2021: diventare \u201cSapiens a 5P\u201d con Mani Tese","datePublished":"2021-05-24T06:12:00+00:00","dateModified":"2025-07-10T09:25:49+00:00","mainEntityOfPage":{"@id":"https:\/\/www.manitese.it\/en\/piano-scuola-estate-2021\/"},"wordCount":714,"commentCount":0,"image":{"@id":"https:\/\/www.manitese.it\/en\/piano-scuola-estate-2021\/#primaryimage"},"thumbnailUrl":"https:\/\/www.manitese.it\/wp-content\/uploads\/2017\/05\/offerta-formativa-mani-tese-reattiva-2021-1.jpg","articleSection":["News"],"inLanguage":"en-US","potentialAction":[{"@type":"CommentAction","name":"Comment","target":["https:\/\/www.manitese.it\/en\/piano-scuola-estate-2021\/#respond"]}]},{"@type":"WebPage","@id":"https:\/\/www.manitese.it\/en\/piano-scuola-estate-2021\/","url":"https:\/\/www.manitese.it\/en\/piano-scuola-estate-2021\/","name":"Piano scuola estate 2021: diventare \u201cSapiens a 5P\u201d con Mani Tese - Mani Tese","isPartOf":{"@id":"https:\/\/www.manitese.it\/en\/#website"},"primaryImageOfPage":{"@id":"https:\/\/www.manitese.it\/en\/piano-scuola-estate-2021\/#primaryimage"},"image":{"@id":"https:\/\/www.manitese.it\/en\/piano-scuola-estate-2021\/#primaryimage"},"thumbnailUrl":"https:\/\/www.manitese.it\/wp-content\/uploads\/2017\/05\/offerta-formativa-mani-tese-reattiva-2021-1.jpg","datePublished":"2021-05-24T06:12:00+00:00","dateModified":"2025-07-10T09:25:49+00:00","author":{"@id":"https:\/\/www.manitese.it\/en\/#\/schema\/person\/5a9774f17e4940e2510bfeba90f04f65"},"description":"Le nuove proposte di Educazione Civica e di Educazione alla Cittadinanza Globale di Mani Tese per allenarsi a un futuro sostenibile attraverso le 5P dell\u2019Agenda 2030.","breadcrumb":{"@id":"https:\/\/www.manitese.it\/en\/piano-scuola-estate-2021\/#breadcrumb"},"inLanguage":"en-US","potentialAction":[{"@type":"ReadAction","target":["https:\/\/www.manitese.it\/en\/piano-scuola-estate-2021\/"]}]},{"@type":"ImageObject","inLanguage":"en-US","@id":"https:\/\/www.manitese.it\/en\/piano-scuola-estate-2021\/#primaryimage","url":"https:\/\/www.manitese.it\/wp-content\/uploads\/2017\/05\/offerta-formativa-mani-tese-reattiva-2021-1.jpg","contentUrl":"https:\/\/www.manitese.it\/wp-content\/uploads\/2017\/05\/offerta-formativa-mani-tese-reattiva-2021-1.jpg","width":1920,"height":800,"caption":"offerta formativa mani tese reattiva 2021"},{"@type":"BreadcrumbList","@id":"https:\/\/www.manitese.it\/en\/piano-scuola-estate-2021\/#breadcrumb","itemListElement":[{"@type":"ListItem","position":1,"name":"Home","item":"https:\/\/www.manitese.it\/en\/"},{"@type":"ListItem","position":2,"name":"Piano scuola estate 2021: diventare \u201cSapiens a 5P\u201d con Mani Tese"}]},{"@type":"WebSite","@id":"https:\/\/www.manitese.it\/en\/#website","url":"https:\/\/www.manitese.it\/en\/","name":"Mani Tese","description":"","potentialAction":[{"@type":"SearchAction","target":{"@type":"EntryPoint","urlTemplate":"https:\/\/www.manitese.it\/en\/?s={search_term_string}"},"query-input":{"@type":"PropertyValueSpecification","valueRequired":true,"valueName":"search_term_string"}}],"inLanguage":"en-US"},{"@type":"Person","@id":"https:\/\/www.manitese.it\/en\/#\/schema\/person\/5a9774f17e4940e2510bfeba90f04f65","name":"agevis","image":{"@type":"ImageObject","inLanguage":"en-US","@id":"https:\/\/secure.gravatar.com\/avatar\/2dc96c93fcf3387a5922a93b50fb3bff01d4800590fb6a4ab91a034adb25ba17?s=96&d=mm&r=g","url":"https:\/\/secure.gravatar.com\/avatar\/2dc96c93fcf3387a5922a93b50fb3bff01d4800590fb6a4ab91a034adb25ba17?s=96&d=mm&r=g","contentUrl":"https:\/\/secure.gravatar.com\/avatar\/2dc96c93fcf3387a5922a93b50fb3bff01d4800590fb6a4ab91a034adb25ba17?s=96&d=mm&r=g","caption":"agevis"},"url":"https:\/\/www.manitese.it\/en\/author\/wp_agevis_admin\/"}]}},"jetpack_featured_media_url":"https:\/\/www.manitese.it\/wp-content\/uploads\/2017\/05\/offerta-formativa-mani-tese-reattiva-2021-1.jpg","jetpack_sharing_enabled":true,"_links":{"self":[{"href":"https:\/\/www.manitese.it\/en\/wp-json\/wp\/v2\/posts\/76389","targetHints":{"allow":["GET"]}}],"collection":[{"href":"https:\/\/www.manitese.it\/en\/wp-json\/wp\/v2\/posts"}],"about":[{"href":"https:\/\/www.manitese.it\/en\/wp-json\/wp\/v2\/types\/post"}],"author":[{"embeddable":true,"href":"https:\/\/www.manitese.it\/en\/wp-json\/wp\/v2\/users\/1"}],"replies":[{"embeddable":true,"href":"https:\/\/www.manitese.it\/en\/wp-json\/wp\/v2\/comments?post=76389"}],"version-history":[{"count":1,"href":"https:\/\/www.manitese.it\/en\/wp-json\/wp\/v2\/posts\/76389\/revisions"}],"predecessor-version":[{"id":177733,"href":"https:\/\/www.manitese.it\/en\/wp-json\/wp\/v2\/posts\/76389\/revisions\/177733"}],"wp:featuredmedia":[{"embeddable":true,"href":"https:\/\/www.manitese.it\/en\/wp-json\/wp\/v2\/media\/76340"}],"wp:attachment":[{"href":"https:\/\/www.manitese.it\/en\/wp-json\/wp\/v2\/media?parent=76389"}],"wp:term":[{"taxonomy":"category","embeddable":true,"href":"https:\/\/www.manitese.it\/en\/wp-json\/wp\/v2\/categories?post=76389"},{"taxonomy":"post_tag","embeddable":true,"href":"https:\/\/www.manitese.it\/en\/wp-json\/wp\/v2\/tags?post=76389"},{"taxonomy":"thematic_area","embeddable":true,"href":"https:\/\/www.manitese.it\/en\/wp-json\/wp\/v2\/thematic_area?post=76389"}],"curies":[{"name":"wp","href":"https:\/\/api.w.org\/{rel}","templated":true}]}}