{"id":76343,"date":"2021-05-19T08:16:24","date_gmt":"2021-05-19T06:16:24","guid":{"rendered":"https:\/\/manitese.it\/?p=76343"},"modified":"2025-07-10T11:26:04","modified_gmt":"2025-07-10T09:26:04","slug":"moda-le-pmi-italiane-motore-della-sostenibilita","status":"publish","type":"post","link":"https:\/\/www.manitese.it\/en\/moda-le-pmi-italiane-motore-della-sostenibilita\/","title":{"rendered":"Moda: le pmi italiane motore della sostenibilit\u00e0"},"content":{"rendered":"\r\n<p>\u00c8 stata presentata il 13 maggio 2021, durante il webinar <strong><a href=\"https:\/\/manitese.it\/made-in-sustainability\" target=\"_blank\" rel=\"noreferrer noopener\" aria-label=\"\u201cMade in sustainability: i piccoli che fanno la differenza. Un confronto con le PMI italiane della filiera della moda\u201d (apre in una nuova scheda)\">\u201cMade in sustainability: i piccoli che fanno la differenza. Un confronto con le PMI italiane della filiera della moda\u201d<\/a><\/strong> la ricerca <strong><a href=\"https:\/\/manitese.it\/wp-content\/uploads\/2021\/05\/moda-e-sostenibilit%C3%A0-il-ruolo-delle-PMI-italiane.pdf\" target=\"_blank\" rel=\"noreferrer noopener\" aria-label=\"\u201cModa e sostenibilit\u00e0: il ruolo delle PMI italiane\u201d (apre in una nuova scheda)\">\u201cModa e sostenibilit\u00e0: il ruolo delle PMI italiane\u201d<\/a><\/strong> a cura di <strong><a href=\"https:\/\/altis.unicatt.it\/\" target=\"_blank\" rel=\"noreferrer noopener\" aria-label=\"ALTIS Universit\u00e0 Cattolica (apre in una nuova scheda)\">ALTIS Universit\u00e0 Cattolica<\/a> <\/strong>e <strong>Mani Tese<\/strong>.<\/p>\r\n\r\n\r\n\r\n<p>La ricerca, realizzata nell\u2019ambito del progetto <strong><a href=\"https:\/\/manitese.it\/progetto\/cambia-moda\" target=\"_blank\" rel=\"noreferrer noopener\" aria-label=\"Cambia MODA! (apre in una nuova scheda)\">Cambia MODA!<\/a><\/strong> cofinanziato dell\u2019<strong><a href=\"http:\/\/www.aics.gov.it\/\" target=\"_blank\" rel=\"noreferrer noopener\" aria-label=\"Agenzia Italiana per la Cooperazione allo Sviluppo (apre in una nuova scheda)\">Agenzia Italiana per la Cooperazione allo Sviluppo<\/a><\/strong>, \u00e8 stata condotta su <strong>un campione di 20 piccole imprese<\/strong> attive nel settore moda-abbigliamento, accomunate da una particolare propensione e sensibilit\u00e0 verso il tema della moda etica e\/o sostenibile.<\/p>\r\n\r\n\r\n\r\n<p><u><strong>Moda e sostenibilit\u00e0, una crescente attenzione<\/strong><\/u><\/p>\r\n\r\n\r\n\r\n<p>Nel mondo, vengono prodotti oltre 100 miliardi di vestiti all\u2019anno, soprattutto <strong>per l\u2019incidenza della moda low-cost<\/strong>, molto impattante dal punto di vista ambientale e sociale,<strong> che ha portato dal 2000 al 2014 a raddoppiare la produzione di abiti a livello globale e ad aumentare il numero dei capi acquistati del 60%<\/strong>.<\/p>\r\n\r\n\r\n\r\n<p>Il tema della <strong>sostenibilit\u00e0 nella moda<\/strong> \u00e8 stato spesso sollevato a causa dei numerosi scandali che hanno messo in luce <strong>condizioni lavorative inaccettabili<\/strong> o casi di violazione dei diritti umani, oppure in relazione a una scarsa considerazione verso <strong>gli impatti ambientali generati<\/strong>. A questo si aggiunge una maggiore sensibilit\u00e0 verso la sostenibilit\u00e0 aziendale da parte dei consumatori, oggi pi\u00f9 coscienti degli impatti della filiera.<\/p>\r\n\r\n\r\n\r\n<p><u><strong>Le PMI, protagoniste della moda sostenibile<\/strong><\/u><\/p>\r\n\r\n\r\n\r\n<p>Precedenti studi si sono concentrati sulle grandi aziende del settore, che godono di maggiore visibilit\u00e0 e potere di influenza lungo tutta la filiera. In realt\u00e0 <strong>anche le aziende di piccole e medie dimensioni giocano un ruolo importante, in particolar modo in Italia<\/strong>, dove costituiscono lo zoccolo duro del comparto manifatturiero.<\/p>\r\n\r\n\r\n\r\n<p>Dall\u2019analisi del campione emerge infatti <strong>la capacit\u00e0 delle PMI di favorire una transizione del settore verso modelli pi\u00f9 sostenibili e inclusivi<\/strong>. Il report mette in luce i fattori che possono favorire od ostacolare il processo e identifica gli spazi di miglioramento, su cui \u00e8 stato possibile ipotizzare delle proposte per i diversi attori sociali \u2013 imprese, istituzioni ed enti del Terzo Settore \u2013 per sostenere ulteriormente la diffusione e il radicamento di comportamenti capaci di generare impatti sociali e ambientali positivi.<\/p>\r\n\r\n\r\n\r\n<p><u><strong>I risultati dell\u2019indagine<\/strong><\/u><\/p>\r\n\r\n\r\n\r\n<p>L\u2019osservazione e il confronto con le 20 aziende, operanti tra il nord ed il centro Italia, ha portato a identificare cinque temi rilevanti per la transizione sostenibile del settore moda:<\/p>\r\n\r\n\r\n\r\n<ol class=\"wp-block-list\">\r\n<li><strong>La gestione della catena di fornitura<\/strong>: le PMI possono pi\u00f9 facilmente avere una conoscenza diretta degli attori coinvolti nella filiera ed effettuare maggiori controlli, dalla fase di selezione dei fornitori e per l\u2019intera durata del rapporto. Una buona pratica \u00e8 anche l\u2019impegno verso la costruzione di filiere corte per stabilire rapporti collaborativi e generare valore per la comunit\u00e0 e il territorio di riferimento.<\/li>\r\n<li><strong>La relazione con i clienti<\/strong>: costruire un rapporto di fiducia con i clienti \u00e8 fondamentale per sostenere e valorizzare l\u2019impegno nella sostenibilit\u00e0, comunicare le proprie azioni in maniera trasparente ed educare il pubblico a creare consapevolezza sulla diversit\u00e0 e sul valore di un abbigliamento sostenibile rispetto all\u2019offerta \u201ctradizionale\u201d, spesso difficile da percepire al momento dell\u2019acquisto se non supportati da adeguate informazioni.<\/li>\r\n<li><strong>La responsabilit\u00e0 verso dipendenti e collaboratori<\/strong>: le PMI del campione dimostrano una diffusa attenzione verso il coinvolgimento di collaboratori che condividano autenticamente i valori aziendali, cos\u00ec che possano integrarli nello svolgimento dell\u2019attivit\u00e0 quotidiana. Altro aspetto importante \u00e8 l\u2019attenzione all\u2019inclusione lavorativa di persone fragili e alla formazione continua volta alla crescita personale e professionale, che ha generato diversi benefici alle organizzazioni.<\/li>\r\n<li><strong>L\u2019impegno verso la comunit\u00e0<\/strong>: le imprese intervistate sono coinvolte in azioni e iniziative volte a favorire lo sviluppo del contesto di riferimento, soprattutto orientate al sostegno all\u2019imprenditorialit\u00e0 e all\u2019educazione a uno stile di vita sostenibile.<\/li>\r\n<li><strong>I fattori ostacolanti<\/strong>: tra i fattori che ostacolano l\u2019impegno delle PMI nella gestione degli aspetti sociali e ambientali c\u2019\u00e8 sicuramente un senso di isolamento dato dalla mancanza di adeguato supporto da parte delle istituzioni. Occorre una maggiore collaborazione anche con le grandi imprese od organizzazioni non-profit, al fine di condividere risorse, accelerare gli investimenti in attivit\u00e0 di ricerca e sviluppo e poter contare su conoscenze e competenze complementari in relazione a specifiche tematiche sociali o ambientali.<\/li>\r\n<\/ol>\r\n\r\n\r\n\r\n<p>&nbsp;<\/p>\r\n\r\n\r\n\r\n<p>Per concludere, si pu\u00f2 affermare <strong>che le PMI del settore moda-abbigliamento sono essenziali per innescare un\u2018effettiva svolta sostenibile all\u2019interno del sistema fashion<\/strong>. Gli elementi alla base di questa conclusione sono la presenza di legami forti e duraturi con il territorio e l\u2019adozione crescente di una cultura imprenditoriale e organizzativa che favorisce l\u2019integrazione delle logiche della sostenibilit\u00e0 all\u2019interno dei propri sistemi gestionali e dei modelli di business.<\/p>\r\n\r\n\r\n\r\n<h2 class=\"has-text-align-center wp-block-heading\"><a href=\"https:\/\/manitese.it\/wp-content\/uploads\/2021\/05\/moda-e-sostenibilit%C3%A0-il-ruolo-delle-PMI-italiane.pdf\" target=\"_blank\" rel=\"noreferrer noopener\" aria-label=\"Il report \u00e8 scaricabile qui (apre in una nuova scheda)\">Il report \u00e8 scaricabile qui<\/a><\/h2>\r\n\r\n\r\n\r\n<p><em>Il report di ricerca \u00e8 a cura di:<\/em><br \/>Laura Maria Ferri, Ricercatrice presso Universit\u00e0 Cattolica del Sacro Cuore<br \/>Alessia Argiolas, Dottoranda, Universit\u00e0 Cattolica del Sacro Cuore<br \/>Rachele Giglio, Studente, Universit\u00e0 Cattolica del Sacro Cuore<br \/>Giosu\u00e9 De Salvo, Responsabile Area Advocacy, Educazione e Campagne di Mani Tese<br \/>Riccardo Rossella, Advocacy Officer e responsabile del progetto \u201cCambia MODA!\u201d presso Mani Tese<\/p>\r\n\r\n\r\n\r\n<div class=\"wp-block-image\">\r\n<figure class=\"aligncenter size-large\"><a href=\"https:\/\/manitese.it\/wp-content\/uploads\/2021\/05\/moda-e-sostenibilit%C3%A0-il-ruolo-delle-PMI-italiane.pdf\" target=\"_blank\" rel=\"noreferrer noopener\"><img decoding=\"async\" class=\"wp-image-76353\" src=\"https:\/\/manitese.it\/wp-content\/uploads\/2021\/05\/altis_cover_PIXART_page-0001-748x1024.jpg\" alt=\"\" \/><\/a><\/figure>\r\n<\/div>\r\n","protected":false},"excerpt":{"rendered":"<p>Una ricerca di ALTIS e Mani Tese evidenzia il ruolo delle PMI italiane nella svolta sostenibile del settore della moda.<\/p>\n","protected":false},"author":1,"featured_media":76346,"comment_status":"open","ping_status":"open","sticky":false,"template":"","format":"standard","meta":{"_acf_changed":false,"give_campaign_id":0,"inline_featured_image":false,"_jetpack_memberships_contains_paid_content":false,"footnotes":""},"categories":[1],"tags":[],"thematic_area":[906],"class_list":["post-76343","post","type-post","status-publish","format-standard","has-post-thumbnail","hentry","category-news","thematic_area-lavoro-dignitoso"],"acf":[],"yoast_head":"<!-- This site is optimized with the Yoast SEO plugin v27.5 - https:\/\/yoast.com\/product\/yoast-seo-wordpress\/ -->\n<title>Moda: le pmi italiane motore della sostenibilit\u00e0 - Mani Tese<\/title>\n<meta name=\"description\" content=\"Una ricerca di ALTIS e Mani Tese evidenzia il ruolo delle PMI italiane nella svolta sostenibile del settore della moda. Scopri di pi\u00f9!\" \/>\n<meta name=\"robots\" content=\"index, follow, max-snippet:-1, max-image-preview:large, max-video-preview:-1\" \/>\n<link rel=\"canonical\" href=\"https:\/\/www.manitese.it\/en\/moda-le-pmi-italiane-motore-della-sostenibilita\/\" \/>\n<meta property=\"og:locale\" content=\"en_US\" \/>\n<meta property=\"og:type\" content=\"article\" \/>\n<meta property=\"og:title\" content=\"Moda: le pmi italiane motore della sostenibilit\u00e0 - Mani Tese\" \/>\n<meta property=\"og:description\" content=\"Una ricerca di ALTIS e Mani Tese evidenzia il ruolo delle PMI italiane nella svolta sostenibile del settore della moda. Scopri di pi\u00f9!\" \/>\n<meta property=\"og:url\" content=\"https:\/\/www.manitese.it\/en\/moda-le-pmi-italiane-motore-della-sostenibilita\/\" \/>\n<meta property=\"og:site_name\" content=\"Mani Tese\" \/>\n<meta property=\"article:published_time\" content=\"2021-05-19T06:16:24+00:00\" \/>\n<meta property=\"article:modified_time\" content=\"2025-07-10T09:26:04+00:00\" \/>\n<meta property=\"og:image\" content=\"https:\/\/www.manitese.it\/wp-content\/uploads\/2021\/05\/moda-pmi-sostenibilita-mani-tese-2021.jpg\" \/>\n\t<meta property=\"og:image:width\" content=\"1920\" \/>\n\t<meta property=\"og:image:height\" content=\"800\" \/>\n\t<meta property=\"og:image:type\" content=\"image\/jpeg\" \/>\n<meta name=\"author\" content=\"agevis\" \/>\n<meta name=\"twitter:card\" content=\"summary_large_image\" \/>\n<meta name=\"twitter:label1\" content=\"Written by\" \/>\n\t<meta name=\"twitter:data1\" content=\"agevis\" \/>\n\t<meta name=\"twitter:label2\" content=\"Est. reading time\" \/>\n\t<meta name=\"twitter:data2\" content=\"4 minutes\" \/>\n<script type=\"application\/ld+json\" class=\"yoast-schema-graph\">{\"@context\":\"https:\\\/\\\/schema.org\",\"@graph\":[{\"@type\":\"Article\",\"@id\":\"https:\\\/\\\/www.manitese.it\\\/en\\\/moda-le-pmi-italiane-motore-della-sostenibilita\\\/#article\",\"isPartOf\":{\"@id\":\"https:\\\/\\\/www.manitese.it\\\/en\\\/moda-le-pmi-italiane-motore-della-sostenibilita\\\/\"},\"author\":{\"name\":\"agevis\",\"@id\":\"https:\\\/\\\/www.manitese.it\\\/en\\\/#\\\/schema\\\/person\\\/5a9774f17e4940e2510bfeba90f04f65\"},\"headline\":\"Moda: le pmi italiane motore della sostenibilit\u00e0\",\"datePublished\":\"2021-05-19T06:16:24+00:00\",\"dateModified\":\"2025-07-10T09:26:04+00:00\",\"mainEntityOfPage\":{\"@id\":\"https:\\\/\\\/www.manitese.it\\\/en\\\/moda-le-pmi-italiane-motore-della-sostenibilita\\\/\"},\"wordCount\":819,\"commentCount\":0,\"image\":{\"@id\":\"https:\\\/\\\/www.manitese.it\\\/en\\\/moda-le-pmi-italiane-motore-della-sostenibilita\\\/#primaryimage\"},\"thumbnailUrl\":\"https:\\\/\\\/www.manitese.it\\\/wp-content\\\/uploads\\\/2021\\\/05\\\/moda-pmi-sostenibilita-mani-tese-2021.jpg\",\"articleSection\":[\"News\"],\"inLanguage\":\"en-US\",\"potentialAction\":[{\"@type\":\"CommentAction\",\"name\":\"Comment\",\"target\":[\"https:\\\/\\\/www.manitese.it\\\/en\\\/moda-le-pmi-italiane-motore-della-sostenibilita\\\/#respond\"]}]},{\"@type\":\"WebPage\",\"@id\":\"https:\\\/\\\/www.manitese.it\\\/en\\\/moda-le-pmi-italiane-motore-della-sostenibilita\\\/\",\"url\":\"https:\\\/\\\/www.manitese.it\\\/en\\\/moda-le-pmi-italiane-motore-della-sostenibilita\\\/\",\"name\":\"Moda: le pmi italiane motore della sostenibilit\u00e0 - Mani Tese\",\"isPartOf\":{\"@id\":\"https:\\\/\\\/www.manitese.it\\\/en\\\/#website\"},\"primaryImageOfPage\":{\"@id\":\"https:\\\/\\\/www.manitese.it\\\/en\\\/moda-le-pmi-italiane-motore-della-sostenibilita\\\/#primaryimage\"},\"image\":{\"@id\":\"https:\\\/\\\/www.manitese.it\\\/en\\\/moda-le-pmi-italiane-motore-della-sostenibilita\\\/#primaryimage\"},\"thumbnailUrl\":\"https:\\\/\\\/www.manitese.it\\\/wp-content\\\/uploads\\\/2021\\\/05\\\/moda-pmi-sostenibilita-mani-tese-2021.jpg\",\"datePublished\":\"2021-05-19T06:16:24+00:00\",\"dateModified\":\"2025-07-10T09:26:04+00:00\",\"author\":{\"@id\":\"https:\\\/\\\/www.manitese.it\\\/en\\\/#\\\/schema\\\/person\\\/5a9774f17e4940e2510bfeba90f04f65\"},\"description\":\"Una ricerca di ALTIS e Mani Tese evidenzia il ruolo delle PMI italiane nella svolta sostenibile del settore della moda. Scopri di pi\u00f9!\",\"breadcrumb\":{\"@id\":\"https:\\\/\\\/www.manitese.it\\\/en\\\/moda-le-pmi-italiane-motore-della-sostenibilita\\\/#breadcrumb\"},\"inLanguage\":\"en-US\",\"potentialAction\":[{\"@type\":\"ReadAction\",\"target\":[\"https:\\\/\\\/www.manitese.it\\\/en\\\/moda-le-pmi-italiane-motore-della-sostenibilita\\\/\"]}]},{\"@type\":\"ImageObject\",\"inLanguage\":\"en-US\",\"@id\":\"https:\\\/\\\/www.manitese.it\\\/en\\\/moda-le-pmi-italiane-motore-della-sostenibilita\\\/#primaryimage\",\"url\":\"https:\\\/\\\/www.manitese.it\\\/wp-content\\\/uploads\\\/2021\\\/05\\\/moda-pmi-sostenibilita-mani-tese-2021.jpg\",\"contentUrl\":\"https:\\\/\\\/www.manitese.it\\\/wp-content\\\/uploads\\\/2021\\\/05\\\/moda-pmi-sostenibilita-mani-tese-2021.jpg\",\"width\":1920,\"height\":800,\"caption\":\"Andrea Scacchetti\"},{\"@type\":\"BreadcrumbList\",\"@id\":\"https:\\\/\\\/www.manitese.it\\\/en\\\/moda-le-pmi-italiane-motore-della-sostenibilita\\\/#breadcrumb\",\"itemListElement\":[{\"@type\":\"ListItem\",\"position\":1,\"name\":\"Home\",\"item\":\"https:\\\/\\\/www.manitese.it\\\/en\\\/\"},{\"@type\":\"ListItem\",\"position\":2,\"name\":\"Moda: le pmi italiane motore della sostenibilit\u00e0\"}]},{\"@type\":\"WebSite\",\"@id\":\"https:\\\/\\\/www.manitese.it\\\/en\\\/#website\",\"url\":\"https:\\\/\\\/www.manitese.it\\\/en\\\/\",\"name\":\"Mani Tese\",\"description\":\"\",\"potentialAction\":[{\"@type\":\"SearchAction\",\"target\":{\"@type\":\"EntryPoint\",\"urlTemplate\":\"https:\\\/\\\/www.manitese.it\\\/en\\\/?s={search_term_string}\"},\"query-input\":{\"@type\":\"PropertyValueSpecification\",\"valueRequired\":true,\"valueName\":\"search_term_string\"}}],\"inLanguage\":\"en-US\"},{\"@type\":\"Person\",\"@id\":\"https:\\\/\\\/www.manitese.it\\\/en\\\/#\\\/schema\\\/person\\\/5a9774f17e4940e2510bfeba90f04f65\",\"name\":\"agevis\",\"image\":{\"@type\":\"ImageObject\",\"inLanguage\":\"en-US\",\"@id\":\"https:\\\/\\\/secure.gravatar.com\\\/avatar\\\/2dc96c93fcf3387a5922a93b50fb3bff01d4800590fb6a4ab91a034adb25ba17?s=96&d=mm&r=g\",\"url\":\"https:\\\/\\\/secure.gravatar.com\\\/avatar\\\/2dc96c93fcf3387a5922a93b50fb3bff01d4800590fb6a4ab91a034adb25ba17?s=96&d=mm&r=g\",\"contentUrl\":\"https:\\\/\\\/secure.gravatar.com\\\/avatar\\\/2dc96c93fcf3387a5922a93b50fb3bff01d4800590fb6a4ab91a034adb25ba17?s=96&d=mm&r=g\",\"caption\":\"agevis\"},\"url\":\"https:\\\/\\\/www.manitese.it\\\/en\\\/author\\\/wp_agevis_admin\\\/\"}]}<\/script>\n<!-- \/ Yoast SEO plugin. -->","yoast_head_json":{"title":"Moda: le pmi italiane motore della sostenibilit\u00e0 - Mani Tese","description":"Una ricerca di ALTIS e Mani Tese evidenzia il ruolo delle PMI italiane nella svolta sostenibile del settore della moda. Scopri di pi\u00f9!","robots":{"index":"index","follow":"follow","max-snippet":"max-snippet:-1","max-image-preview":"max-image-preview:large","max-video-preview":"max-video-preview:-1"},"canonical":"https:\/\/www.manitese.it\/en\/moda-le-pmi-italiane-motore-della-sostenibilita\/","og_locale":"en_US","og_type":"article","og_title":"Moda: le pmi italiane motore della sostenibilit\u00e0 - Mani Tese","og_description":"Una ricerca di ALTIS e Mani Tese evidenzia il ruolo delle PMI italiane nella svolta sostenibile del settore della moda. Scopri di pi\u00f9!","og_url":"https:\/\/www.manitese.it\/en\/moda-le-pmi-italiane-motore-della-sostenibilita\/","og_site_name":"Mani Tese","article_published_time":"2021-05-19T06:16:24+00:00","article_modified_time":"2025-07-10T09:26:04+00:00","og_image":[{"width":1920,"height":800,"url":"https:\/\/www.manitese.it\/wp-content\/uploads\/2021\/05\/moda-pmi-sostenibilita-mani-tese-2021.jpg","type":"image\/jpeg"}],"author":"agevis","twitter_card":"summary_large_image","twitter_misc":{"Written by":"agevis","Est. reading time":"4 minutes"},"schema":{"@context":"https:\/\/schema.org","@graph":[{"@type":"Article","@id":"https:\/\/www.manitese.it\/en\/moda-le-pmi-italiane-motore-della-sostenibilita\/#article","isPartOf":{"@id":"https:\/\/www.manitese.it\/en\/moda-le-pmi-italiane-motore-della-sostenibilita\/"},"author":{"name":"agevis","@id":"https:\/\/www.manitese.it\/en\/#\/schema\/person\/5a9774f17e4940e2510bfeba90f04f65"},"headline":"Moda: le pmi italiane motore della sostenibilit\u00e0","datePublished":"2021-05-19T06:16:24+00:00","dateModified":"2025-07-10T09:26:04+00:00","mainEntityOfPage":{"@id":"https:\/\/www.manitese.it\/en\/moda-le-pmi-italiane-motore-della-sostenibilita\/"},"wordCount":819,"commentCount":0,"image":{"@id":"https:\/\/www.manitese.it\/en\/moda-le-pmi-italiane-motore-della-sostenibilita\/#primaryimage"},"thumbnailUrl":"https:\/\/www.manitese.it\/wp-content\/uploads\/2021\/05\/moda-pmi-sostenibilita-mani-tese-2021.jpg","articleSection":["News"],"inLanguage":"en-US","potentialAction":[{"@type":"CommentAction","name":"Comment","target":["https:\/\/www.manitese.it\/en\/moda-le-pmi-italiane-motore-della-sostenibilita\/#respond"]}]},{"@type":"WebPage","@id":"https:\/\/www.manitese.it\/en\/moda-le-pmi-italiane-motore-della-sostenibilita\/","url":"https:\/\/www.manitese.it\/en\/moda-le-pmi-italiane-motore-della-sostenibilita\/","name":"Moda: le pmi italiane motore della sostenibilit\u00e0 - Mani Tese","isPartOf":{"@id":"https:\/\/www.manitese.it\/en\/#website"},"primaryImageOfPage":{"@id":"https:\/\/www.manitese.it\/en\/moda-le-pmi-italiane-motore-della-sostenibilita\/#primaryimage"},"image":{"@id":"https:\/\/www.manitese.it\/en\/moda-le-pmi-italiane-motore-della-sostenibilita\/#primaryimage"},"thumbnailUrl":"https:\/\/www.manitese.it\/wp-content\/uploads\/2021\/05\/moda-pmi-sostenibilita-mani-tese-2021.jpg","datePublished":"2021-05-19T06:16:24+00:00","dateModified":"2025-07-10T09:26:04+00:00","author":{"@id":"https:\/\/www.manitese.it\/en\/#\/schema\/person\/5a9774f17e4940e2510bfeba90f04f65"},"description":"Una ricerca di ALTIS e Mani Tese evidenzia il ruolo delle PMI italiane nella svolta sostenibile del settore della moda. Scopri di pi\u00f9!","breadcrumb":{"@id":"https:\/\/www.manitese.it\/en\/moda-le-pmi-italiane-motore-della-sostenibilita\/#breadcrumb"},"inLanguage":"en-US","potentialAction":[{"@type":"ReadAction","target":["https:\/\/www.manitese.it\/en\/moda-le-pmi-italiane-motore-della-sostenibilita\/"]}]},{"@type":"ImageObject","inLanguage":"en-US","@id":"https:\/\/www.manitese.it\/en\/moda-le-pmi-italiane-motore-della-sostenibilita\/#primaryimage","url":"https:\/\/www.manitese.it\/wp-content\/uploads\/2021\/05\/moda-pmi-sostenibilita-mani-tese-2021.jpg","contentUrl":"https:\/\/www.manitese.it\/wp-content\/uploads\/2021\/05\/moda-pmi-sostenibilita-mani-tese-2021.jpg","width":1920,"height":800,"caption":"Andrea Scacchetti"},{"@type":"BreadcrumbList","@id":"https:\/\/www.manitese.it\/en\/moda-le-pmi-italiane-motore-della-sostenibilita\/#breadcrumb","itemListElement":[{"@type":"ListItem","position":1,"name":"Home","item":"https:\/\/www.manitese.it\/en\/"},{"@type":"ListItem","position":2,"name":"Moda: le pmi italiane motore della sostenibilit\u00e0"}]},{"@type":"WebSite","@id":"https:\/\/www.manitese.it\/en\/#website","url":"https:\/\/www.manitese.it\/en\/","name":"Mani Tese","description":"","potentialAction":[{"@type":"SearchAction","target":{"@type":"EntryPoint","urlTemplate":"https:\/\/www.manitese.it\/en\/?s={search_term_string}"},"query-input":{"@type":"PropertyValueSpecification","valueRequired":true,"valueName":"search_term_string"}}],"inLanguage":"en-US"},{"@type":"Person","@id":"https:\/\/www.manitese.it\/en\/#\/schema\/person\/5a9774f17e4940e2510bfeba90f04f65","name":"agevis","image":{"@type":"ImageObject","inLanguage":"en-US","@id":"https:\/\/secure.gravatar.com\/avatar\/2dc96c93fcf3387a5922a93b50fb3bff01d4800590fb6a4ab91a034adb25ba17?s=96&d=mm&r=g","url":"https:\/\/secure.gravatar.com\/avatar\/2dc96c93fcf3387a5922a93b50fb3bff01d4800590fb6a4ab91a034adb25ba17?s=96&d=mm&r=g","contentUrl":"https:\/\/secure.gravatar.com\/avatar\/2dc96c93fcf3387a5922a93b50fb3bff01d4800590fb6a4ab91a034adb25ba17?s=96&d=mm&r=g","caption":"agevis"},"url":"https:\/\/www.manitese.it\/en\/author\/wp_agevis_admin\/"}]}},"jetpack_featured_media_url":"https:\/\/www.manitese.it\/wp-content\/uploads\/2021\/05\/moda-pmi-sostenibilita-mani-tese-2021.jpg","jetpack_sharing_enabled":true,"_links":{"self":[{"href":"https:\/\/www.manitese.it\/en\/wp-json\/wp\/v2\/posts\/76343","targetHints":{"allow":["GET"]}}],"collection":[{"href":"https:\/\/www.manitese.it\/en\/wp-json\/wp\/v2\/posts"}],"about":[{"href":"https:\/\/www.manitese.it\/en\/wp-json\/wp\/v2\/types\/post"}],"author":[{"embeddable":true,"href":"https:\/\/www.manitese.it\/en\/wp-json\/wp\/v2\/users\/1"}],"replies":[{"embeddable":true,"href":"https:\/\/www.manitese.it\/en\/wp-json\/wp\/v2\/comments?post=76343"}],"version-history":[{"count":3,"href":"https:\/\/www.manitese.it\/en\/wp-json\/wp\/v2\/posts\/76343\/revisions"}],"predecessor-version":[{"id":191906,"href":"https:\/\/www.manitese.it\/en\/wp-json\/wp\/v2\/posts\/76343\/revisions\/191906"}],"wp:featuredmedia":[{"embeddable":true,"href":"https:\/\/www.manitese.it\/en\/wp-json\/wp\/v2\/media\/76346"}],"wp:attachment":[{"href":"https:\/\/www.manitese.it\/en\/wp-json\/wp\/v2\/media?parent=76343"}],"wp:term":[{"taxonomy":"category","embeddable":true,"href":"https:\/\/www.manitese.it\/en\/wp-json\/wp\/v2\/categories?post=76343"},{"taxonomy":"post_tag","embeddable":true,"href":"https:\/\/www.manitese.it\/en\/wp-json\/wp\/v2\/tags?post=76343"},{"taxonomy":"thematic_area","embeddable":true,"href":"https:\/\/www.manitese.it\/en\/wp-json\/wp\/v2\/thematic_area?post=76343"}],"curies":[{"name":"wp","href":"https:\/\/api.w.org\/{rel}","templated":true}]}}