{"id":76251,"date":"2021-05-17T09:36:52","date_gmt":"2021-05-17T07:36:52","guid":{"rendered":"https:\/\/manitese.it\/?p=76251"},"modified":"2023-11-30T17:02:25","modified_gmt":"2023-11-30T16:02:25","slug":"da-bambino-di-strada-a-educatore-storia-di-boran","status":"publish","type":"post","link":"https:\/\/www.manitese.it\/en\/da-bambino-di-strada-a-educatore-storia-di-boran\/","title":{"rendered":"DA BAMBINO DI STRADA A EDUCATORE: LA STORIA DI BORAN"},"content":{"rendered":"\r\n<p><strong>Boran*<\/strong> \u00e8 un ragazzo di 16 anni che ha vissuto per le strade di Poipet, in Cambogia, dove per sopravvivere, era entrato in una banda di strada diventando dipendente da droghe e alcol.<\/p>\r\n\r\n\r\n\r\n<p>Prima della strada, Boran viveva con la madre e il suo patrigno. Dopo la separazione dei suoi genitori, il padre si era infatti trasferito.<\/p>\r\n\r\n\r\n\r\n<p><strong>A 11 anni Boran fu costretto dal patrigno a lavorare ogni giorno in un cantiere<\/strong>. Il patrigno lo picchiava e lo minacciava costantemente, soprattutto quando era ubriaco. Sua madre, invece, non riusciva ad esprimergli n\u00e9 amore n\u00e9 sostegno.<\/p>\r\n\r\n\r\n\r\n<p>Boran decise quindi di scappare di casa e and\u00f2 a vivere per strada. Per sopravvivere, entr\u00f2 a far parte di una banda, all\u2019interno della quale fu costretto a servire i ragazzi pi\u00f9 grandi, a fumare sigarette, inalare colla e assumere altre droghe. Doveva inoltre chiedere l\u2019elemosina e, a volte, rubare.<\/p>\r\n\r\n\r\n\r\n<p>Nel febbraio del 2019, uno degli amici di Boran lo invit\u00f2 a partecipare a un&#8217;attivit\u00e0 organizzata dal <em>Drop in Center**<\/em> per bambini trafficati di Damnok Toek, partner di Mani Tese: la <em>Mobile Rehabilitation<\/em>. Boran ancora non lo sapeva, ma <strong>questo progetto di riabilitazione avrebbe cambiato radicalmente la sua vita<\/strong>.<\/p>\r\n\r\n\r\n\r\n<p>Giunto al centro, Boran all\u2019inizio era troppo timido per parlare con gli altri bambini o con lo staff e si vergognava molto del suo stile di vita. Grazie al progetto, per\u00f2, Boran e gli altri ragazzi hanno potuto fare tante esperienze in luoghi differenti come un campo da calcio, una piscina locale o posti in cui svolgere attivit\u00e0 di gruppo.<\/p>\r\n\r\n\r\n\r\n<p>&#8220;Questa \u00e8 la prima volta che ho avuto cibo gratis e vestiti sportivi. Prima o costringevo i bambini pi\u00f9 piccoli a trovare cibo per me oppure mendicavo io stesso\u201d <strong>ha raccontato Boran<\/strong>.<\/p>\r\n\r\n\r\n\r\n<p>\u201cIl team di Damnok Toek non solo mi ha insegnato a praticare diversi sport \u2013 ha proseguito \u2013 ma anche a essere un uomo buono. Mia madre e il mio patrigno non me l&#8217;hanno mai insegnato. Mi hanno sempre rimproverato e picchiato\u201d.<\/p>\r\n\r\n\r\n\r\n<p>\u201cAl centro sono stato incoraggiato e ho lavorato con la mia famiglia. Ora vivo di nuovo a casa e sono diventato un Peer Educator. Partecipo a molte attivit\u00e0 nella mia comunit\u00e0 per aiutare altri bambini e giovani vulnerabili. Studio e partecipo a corsi di formazione.<\/p>\r\n\r\n\r\n\r\n<p>Devo a Damnok Toek e ai donatori che lo sostengono un grande grazie per aver sempre aiutato e curato i bambini come me. Ora tutto nella mia vita \u00e8 cambiato. Ho speranza e ho sviluppato capacit\u00e0 e competenze per condurre una vita felice. Inoltre non sto pi\u00f9 assumendo droghe\u201d.<\/p>\r\n\r\n\r\n\r\n<p>Il <em>Mobile Rehabilitation<\/em> \u00e8 l&#8217;unico programma di riabilitazione dalla droga a Poipet e aiuta a ridurre lo stress e l&#8217;abuso di droga attraverso sport, arte terapia e altre attivit\u00e0 curative.<\/p>\r\n\r\n\r\n\r\n<p>Anche tu puoi aiutare i bambini e i ragazzi come Boran a uscire dalla strada e dalle dipendenze con una donazione al centro di Damnok Toek: <strong><a href=\"https:\/\/manitese.it\/progetto\/cambogia-centro-accoglienza-bambini-vittime-trafficking-rischio-abusi\" target=\"_blank\" rel=\"noreferrer noopener\" aria-label=\" (apre in una nuova scheda)\">https:\/\/manitese.it\/progetto\/cambogia-centro-accoglienza-bambini-vittime-trafficking-rischio-abusi<\/a><\/strong><\/p>\r\n\r\n\r\n\r\n<p><em>*Boran \u00e8 un nome di fantasia per proteggere la privacy del minore.<\/em><\/p>\r\n\r\n\r\n\r\n<p><em>**Il Drop In Center offre uno spazio sicuro e adatto ai bambini di strada per prendersi una pausa dal loro lavoro quotidiano. <\/em><\/p>\r\n\r\n\r\n\r\n<p><em>I bambini possono anche beneficiare di una lezione giornaliera di due ore di alfabetizzazione e calcolo, attivit\u00e0 ricreative, pasti e un rifugio sicuro durante la notte.<\/em><\/p>\r\n\r\n\r\n\r\n<p><em>L&#8217;assistenza si svolge regolarmente nelle strade, nelle discariche, direttamente nei comuni e dove i bambini lavorano al confine tra Thailandia e Cambogia. Ogni mese vengono organizzate biblioteche mobili e workshop nelle comunit\u00e0 per sensibilizzare bambini, giovani e adulti su argomenti come il traffico, l&#8217;importanza dell&#8217;istruzione, l&#8217;HIV, l&#8217;abuso di sostanze e lo sfruttamento sessuale. Un&#8217;unit\u00e0 mobile di riabilitazione viaggia nelle comunit\u00e0 4 volte alla settimana per identificare e aiutare i bambini che fanno uso di droghe.<\/em><\/p>\r\n\r\n\r\n\r\n<p>Qui di seguito alcune foto delle attivit\u00e0 che si svolgono nel Drop In Center di Poipet:<\/p>\r\n\r\n\r\n\r\n<div class=\"wp-block-image\">\r\n<figure class=\"aligncenter size-large\"><a href=\"https:\/\/manitese.it\/wp-content\/uploads\/2021\/05\/storia-di-boran-cambogia-mani-tese-2021_5.jpg\"><img decoding=\"async\" class=\"wp-image-76270\" src=\"https:\/\/manitese.it\/wp-content\/uploads\/2021\/05\/storia-di-boran-cambogia-mani-tese-2021_5.jpg\" alt=\"\" \/><\/a>\r\n<figcaption>Formazione educatori<\/figcaption>\r\n<\/figure>\r\n<\/div>\r\n\r\n\r\n\r\n<div class=\"wp-block-image\">\r\n<figure class=\"aligncenter size-large\"><a href=\"https:\/\/manitese.it\/wp-content\/uploads\/2021\/05\/storia-di-boran-cambogia-mani-tese-2021_2.jpeg\"><img decoding=\"async\" class=\"wp-image-76272\" src=\"https:\/\/manitese.it\/wp-content\/uploads\/2021\/05\/storia-di-boran-cambogia-mani-tese-2021_2.jpeg\" alt=\"\" \/><\/a>\r\n<figcaption>Lettura e studio<\/figcaption>\r\n<\/figure>\r\n<\/div>\r\n\r\n\r\n\r\n<div class=\"wp-block-image\">\r\n<figure class=\"aligncenter size-large\"><a href=\"https:\/\/manitese.it\/wp-content\/uploads\/2021\/05\/storia-di-boran-cambogia-mani-tese-2021_6.jpeg\"><img decoding=\"async\" class=\"wp-image-76276\" src=\"https:\/\/manitese.it\/wp-content\/uploads\/2021\/05\/storia-di-boran-cambogia-mani-tese-2021_6.jpeg\" alt=\"\" \/><\/a>\r\n<figcaption>Preparazione dei pasti<\/figcaption>\r\n<\/figure>\r\n<\/div>\r\n\r\n\r\n\r\n<div class=\"wp-block-image\">\r\n<figure class=\"aligncenter size-large\"><a href=\"https:\/\/manitese.it\/wp-content\/uploads\/2021\/05\/storia-di-boran-cambogia-mani-tese-2021_1.jpeg\"><img decoding=\"async\" class=\"wp-image-76264\" src=\"https:\/\/manitese.it\/wp-content\/uploads\/2021\/05\/storia-di-boran-cambogia-mani-tese-2021_1-1024x450.jpeg\" alt=\"\" \/><\/a>\r\n<figcaption>Giardinaggio<\/figcaption>\r\n<\/figure>\r\n<\/div>\r\n\r\n\r\n\r\n<div class=\"wp-block-image\">\r\n<figure class=\"aligncenter size-large\"><a href=\"https:\/\/manitese.it\/wp-content\/uploads\/2021\/05\/storia-di-boran-cambogia-mani-tese-2021_4.jpg\"><img decoding=\"async\" class=\"wp-image-76266\" src=\"https:\/\/manitese.it\/wp-content\/uploads\/2021\/05\/storia-di-boran-cambogia-mani-tese-2021_4.jpg\" alt=\"\" \/><\/a>\r\n<figcaption>Sport<\/figcaption>\r\n<\/figure>\r\n<\/div>\r\n\r\n\r\n\r\n<div class=\"wp-block-image\">\r\n<figure class=\"aligncenter size-large\"><a href=\"https:\/\/manitese.it\/wp-content\/uploads\/2021\/05\/storia-di-boran-cambogia-mani-tese-2021_3.jpeg\"><img decoding=\"async\" class=\"wp-image-76268\" src=\"https:\/\/manitese.it\/wp-content\/uploads\/2021\/05\/storia-di-boran-cambogia-mani-tese-2021_3.jpeg\" alt=\"\" \/><\/a>\r\n<figcaption>Incontri con le famiglie<\/figcaption>\r\n<\/figure>\r\n<\/div>\r\n","protected":false},"excerpt":{"rendered":"<p>Boran ha 16 anni e un passato difficile. Grazie al centro di accoglienza di Damnok Toek in Cambogia, \u00e8 uscito dalla droga ed \u00e8 diventato un aiuto per gli altri bambini.<\/p>\n","protected":false},"author":1,"featured_media":76254,"comment_status":"open","ping_status":"open","sticky":false,"template":"","format":"standard","meta":{"_acf_changed":false,"give_campaign_id":0,"inline_featured_image":false,"_jetpack_memberships_contains_paid_content":false,"footnotes":""},"categories":[3],"tags":[],"thematic_area":[909],"class_list":["post-76251","post","type-post","status-publish","format-standard","has-post-thumbnail","hentry","category-diari","thematic_area-inclusione-sociale"],"acf":[],"yoast_head":"<!-- This site is optimized with the Yoast SEO plugin v27.5 - https:\/\/yoast.com\/product\/yoast-seo-wordpress\/ -->\n<title>DA BAMBINO DI STRADA A EDUCATORE: LA STORIA DI BORAN - Mani Tese<\/title>\n<meta name=\"description\" content=\"Boran ha 16 anni e un passato difficile. Grazie al centro di accoglienza di Damnok Toek in Cambogia, \u00e8 uscito dalla droga ed \u00e8 diventato un aiuto per gli altri bambini.\" \/>\n<meta name=\"robots\" content=\"index, follow, max-snippet:-1, max-image-preview:large, max-video-preview:-1\" \/>\n<link rel=\"canonical\" href=\"https:\/\/www.manitese.it\/en\/da-bambino-di-strada-a-educatore-storia-di-boran\/\" \/>\n<meta property=\"og:locale\" content=\"en_US\" \/>\n<meta property=\"og:type\" content=\"article\" \/>\n<meta property=\"og:title\" content=\"DA BAMBINO DI STRADA A EDUCATORE: LA STORIA DI BORAN - Mani Tese\" \/>\n<meta property=\"og:description\" content=\"Boran ha 16 anni e un passato difficile. Grazie al centro di accoglienza di Damnok Toek in Cambogia, \u00e8 uscito dalla droga ed \u00e8 diventato un aiuto per gli altri bambini.\" \/>\n<meta property=\"og:url\" content=\"https:\/\/www.manitese.it\/en\/da-bambino-di-strada-a-educatore-storia-di-boran\/\" \/>\n<meta property=\"og:site_name\" content=\"Mani Tese\" \/>\n<meta property=\"article:published_time\" content=\"2021-05-17T07:36:52+00:00\" \/>\n<meta property=\"article:modified_time\" content=\"2023-11-30T16:02:25+00:00\" \/>\n<meta property=\"og:image\" content=\"https:\/\/www.manitese.it\/wp-content\/uploads\/2021\/05\/storia-di-boran-cambogia-mani-tese-2021-1.jpg\" \/>\n\t<meta property=\"og:image:width\" content=\"1920\" \/>\n\t<meta property=\"og:image:height\" content=\"800\" \/>\n\t<meta property=\"og:image:type\" content=\"image\/jpeg\" \/>\n<meta name=\"author\" content=\"agevis\" \/>\n<meta name=\"twitter:card\" content=\"summary_large_image\" \/>\n<meta name=\"twitter:label1\" content=\"Written by\" \/>\n\t<meta name=\"twitter:data1\" content=\"agevis\" \/>\n\t<meta name=\"twitter:label2\" content=\"Est. reading time\" \/>\n\t<meta name=\"twitter:data2\" content=\"5 minutes\" \/>\n<script type=\"application\/ld+json\" class=\"yoast-schema-graph\">{\"@context\":\"https:\\\/\\\/schema.org\",\"@graph\":[{\"@type\":\"Article\",\"@id\":\"https:\\\/\\\/www.manitese.it\\\/en\\\/da-bambino-di-strada-a-educatore-storia-di-boran\\\/#article\",\"isPartOf\":{\"@id\":\"https:\\\/\\\/www.manitese.it\\\/en\\\/da-bambino-di-strada-a-educatore-storia-di-boran\\\/\"},\"author\":{\"name\":\"agevis\",\"@id\":\"https:\\\/\\\/www.manitese.it\\\/en\\\/#\\\/schema\\\/person\\\/5a9774f17e4940e2510bfeba90f04f65\"},\"headline\":\"DA BAMBINO DI STRADA A EDUCATORE: LA STORIA DI BORAN\",\"datePublished\":\"2021-05-17T07:36:52+00:00\",\"dateModified\":\"2023-11-30T16:02:25+00:00\",\"mainEntityOfPage\":{\"@id\":\"https:\\\/\\\/www.manitese.it\\\/en\\\/da-bambino-di-strada-a-educatore-storia-di-boran\\\/\"},\"wordCount\":660,\"commentCount\":0,\"image\":{\"@id\":\"https:\\\/\\\/www.manitese.it\\\/en\\\/da-bambino-di-strada-a-educatore-storia-di-boran\\\/#primaryimage\"},\"thumbnailUrl\":\"https:\\\/\\\/www.manitese.it\\\/wp-content\\\/uploads\\\/2021\\\/05\\\/storia-di-boran-cambogia-mani-tese-2021-1.jpg\",\"articleSection\":[\"Diari\"],\"inLanguage\":\"en-US\",\"potentialAction\":[{\"@type\":\"CommentAction\",\"name\":\"Comment\",\"target\":[\"https:\\\/\\\/www.manitese.it\\\/en\\\/da-bambino-di-strada-a-educatore-storia-di-boran\\\/#respond\"]}]},{\"@type\":\"WebPage\",\"@id\":\"https:\\\/\\\/www.manitese.it\\\/en\\\/da-bambino-di-strada-a-educatore-storia-di-boran\\\/\",\"url\":\"https:\\\/\\\/www.manitese.it\\\/en\\\/da-bambino-di-strada-a-educatore-storia-di-boran\\\/\",\"name\":\"DA BAMBINO DI STRADA A EDUCATORE: LA STORIA DI BORAN - Mani Tese\",\"isPartOf\":{\"@id\":\"https:\\\/\\\/www.manitese.it\\\/en\\\/#website\"},\"primaryImageOfPage\":{\"@id\":\"https:\\\/\\\/www.manitese.it\\\/en\\\/da-bambino-di-strada-a-educatore-storia-di-boran\\\/#primaryimage\"},\"image\":{\"@id\":\"https:\\\/\\\/www.manitese.it\\\/en\\\/da-bambino-di-strada-a-educatore-storia-di-boran\\\/#primaryimage\"},\"thumbnailUrl\":\"https:\\\/\\\/www.manitese.it\\\/wp-content\\\/uploads\\\/2021\\\/05\\\/storia-di-boran-cambogia-mani-tese-2021-1.jpg\",\"datePublished\":\"2021-05-17T07:36:52+00:00\",\"dateModified\":\"2023-11-30T16:02:25+00:00\",\"author\":{\"@id\":\"https:\\\/\\\/www.manitese.it\\\/en\\\/#\\\/schema\\\/person\\\/5a9774f17e4940e2510bfeba90f04f65\"},\"description\":\"Boran ha 16 anni e un passato difficile. Grazie al centro di accoglienza di Damnok Toek in Cambogia, \u00e8 uscito dalla droga ed \u00e8 diventato un aiuto per gli altri bambini.\",\"breadcrumb\":{\"@id\":\"https:\\\/\\\/www.manitese.it\\\/en\\\/da-bambino-di-strada-a-educatore-storia-di-boran\\\/#breadcrumb\"},\"inLanguage\":\"en-US\",\"potentialAction\":[{\"@type\":\"ReadAction\",\"target\":[\"https:\\\/\\\/www.manitese.it\\\/en\\\/da-bambino-di-strada-a-educatore-storia-di-boran\\\/\"]}]},{\"@type\":\"ImageObject\",\"inLanguage\":\"en-US\",\"@id\":\"https:\\\/\\\/www.manitese.it\\\/en\\\/da-bambino-di-strada-a-educatore-storia-di-boran\\\/#primaryimage\",\"url\":\"https:\\\/\\\/www.manitese.it\\\/wp-content\\\/uploads\\\/2021\\\/05\\\/storia-di-boran-cambogia-mani-tese-2021-1.jpg\",\"contentUrl\":\"https:\\\/\\\/www.manitese.it\\\/wp-content\\\/uploads\\\/2021\\\/05\\\/storia-di-boran-cambogia-mani-tese-2021-1.jpg\",\"width\":1920,\"height\":800,\"caption\":\"storia di boran cambogia mani tese 2021\"},{\"@type\":\"BreadcrumbList\",\"@id\":\"https:\\\/\\\/www.manitese.it\\\/en\\\/da-bambino-di-strada-a-educatore-storia-di-boran\\\/#breadcrumb\",\"itemListElement\":[{\"@type\":\"ListItem\",\"position\":1,\"name\":\"Home\",\"item\":\"https:\\\/\\\/www.manitese.it\\\/en\\\/\"},{\"@type\":\"ListItem\",\"position\":2,\"name\":\"DA BAMBINO DI STRADA A EDUCATORE: LA STORIA DI BORAN\"}]},{\"@type\":\"WebSite\",\"@id\":\"https:\\\/\\\/www.manitese.it\\\/en\\\/#website\",\"url\":\"https:\\\/\\\/www.manitese.it\\\/en\\\/\",\"name\":\"Mani Tese\",\"description\":\"\",\"potentialAction\":[{\"@type\":\"SearchAction\",\"target\":{\"@type\":\"EntryPoint\",\"urlTemplate\":\"https:\\\/\\\/www.manitese.it\\\/en\\\/?s={search_term_string}\"},\"query-input\":{\"@type\":\"PropertyValueSpecification\",\"valueRequired\":true,\"valueName\":\"search_term_string\"}}],\"inLanguage\":\"en-US\"},{\"@type\":\"Person\",\"@id\":\"https:\\\/\\\/www.manitese.it\\\/en\\\/#\\\/schema\\\/person\\\/5a9774f17e4940e2510bfeba90f04f65\",\"name\":\"agevis\",\"image\":{\"@type\":\"ImageObject\",\"inLanguage\":\"en-US\",\"@id\":\"https:\\\/\\\/secure.gravatar.com\\\/avatar\\\/2dc96c93fcf3387a5922a93b50fb3bff01d4800590fb6a4ab91a034adb25ba17?s=96&d=mm&r=g\",\"url\":\"https:\\\/\\\/secure.gravatar.com\\\/avatar\\\/2dc96c93fcf3387a5922a93b50fb3bff01d4800590fb6a4ab91a034adb25ba17?s=96&d=mm&r=g\",\"contentUrl\":\"https:\\\/\\\/secure.gravatar.com\\\/avatar\\\/2dc96c93fcf3387a5922a93b50fb3bff01d4800590fb6a4ab91a034adb25ba17?s=96&d=mm&r=g\",\"caption\":\"agevis\"},\"url\":\"https:\\\/\\\/www.manitese.it\\\/en\\\/author\\\/wp_agevis_admin\\\/\"}]}<\/script>\n<!-- \/ Yoast SEO plugin. -->","yoast_head_json":{"title":"DA BAMBINO DI STRADA A EDUCATORE: LA STORIA DI BORAN - Mani Tese","description":"Boran ha 16 anni e un passato difficile. Grazie al centro di accoglienza di Damnok Toek in Cambogia, \u00e8 uscito dalla droga ed \u00e8 diventato un aiuto per gli altri bambini.","robots":{"index":"index","follow":"follow","max-snippet":"max-snippet:-1","max-image-preview":"max-image-preview:large","max-video-preview":"max-video-preview:-1"},"canonical":"https:\/\/www.manitese.it\/en\/da-bambino-di-strada-a-educatore-storia-di-boran\/","og_locale":"en_US","og_type":"article","og_title":"DA BAMBINO DI STRADA A EDUCATORE: LA STORIA DI BORAN - Mani Tese","og_description":"Boran ha 16 anni e un passato difficile. Grazie al centro di accoglienza di Damnok Toek in Cambogia, \u00e8 uscito dalla droga ed \u00e8 diventato un aiuto per gli altri bambini.","og_url":"https:\/\/www.manitese.it\/en\/da-bambino-di-strada-a-educatore-storia-di-boran\/","og_site_name":"Mani Tese","article_published_time":"2021-05-17T07:36:52+00:00","article_modified_time":"2023-11-30T16:02:25+00:00","og_image":[{"width":1920,"height":800,"url":"https:\/\/www.manitese.it\/wp-content\/uploads\/2021\/05\/storia-di-boran-cambogia-mani-tese-2021-1.jpg","type":"image\/jpeg"}],"author":"agevis","twitter_card":"summary_large_image","twitter_misc":{"Written by":"agevis","Est. reading time":"5 minutes"},"schema":{"@context":"https:\/\/schema.org","@graph":[{"@type":"Article","@id":"https:\/\/www.manitese.it\/en\/da-bambino-di-strada-a-educatore-storia-di-boran\/#article","isPartOf":{"@id":"https:\/\/www.manitese.it\/en\/da-bambino-di-strada-a-educatore-storia-di-boran\/"},"author":{"name":"agevis","@id":"https:\/\/www.manitese.it\/en\/#\/schema\/person\/5a9774f17e4940e2510bfeba90f04f65"},"headline":"DA BAMBINO DI STRADA A EDUCATORE: LA STORIA DI BORAN","datePublished":"2021-05-17T07:36:52+00:00","dateModified":"2023-11-30T16:02:25+00:00","mainEntityOfPage":{"@id":"https:\/\/www.manitese.it\/en\/da-bambino-di-strada-a-educatore-storia-di-boran\/"},"wordCount":660,"commentCount":0,"image":{"@id":"https:\/\/www.manitese.it\/en\/da-bambino-di-strada-a-educatore-storia-di-boran\/#primaryimage"},"thumbnailUrl":"https:\/\/www.manitese.it\/wp-content\/uploads\/2021\/05\/storia-di-boran-cambogia-mani-tese-2021-1.jpg","articleSection":["Diari"],"inLanguage":"en-US","potentialAction":[{"@type":"CommentAction","name":"Comment","target":["https:\/\/www.manitese.it\/en\/da-bambino-di-strada-a-educatore-storia-di-boran\/#respond"]}]},{"@type":"WebPage","@id":"https:\/\/www.manitese.it\/en\/da-bambino-di-strada-a-educatore-storia-di-boran\/","url":"https:\/\/www.manitese.it\/en\/da-bambino-di-strada-a-educatore-storia-di-boran\/","name":"DA BAMBINO DI STRADA A EDUCATORE: LA STORIA DI BORAN - Mani Tese","isPartOf":{"@id":"https:\/\/www.manitese.it\/en\/#website"},"primaryImageOfPage":{"@id":"https:\/\/www.manitese.it\/en\/da-bambino-di-strada-a-educatore-storia-di-boran\/#primaryimage"},"image":{"@id":"https:\/\/www.manitese.it\/en\/da-bambino-di-strada-a-educatore-storia-di-boran\/#primaryimage"},"thumbnailUrl":"https:\/\/www.manitese.it\/wp-content\/uploads\/2021\/05\/storia-di-boran-cambogia-mani-tese-2021-1.jpg","datePublished":"2021-05-17T07:36:52+00:00","dateModified":"2023-11-30T16:02:25+00:00","author":{"@id":"https:\/\/www.manitese.it\/en\/#\/schema\/person\/5a9774f17e4940e2510bfeba90f04f65"},"description":"Boran ha 16 anni e un passato difficile. Grazie al centro di accoglienza di Damnok Toek in Cambogia, \u00e8 uscito dalla droga ed \u00e8 diventato un aiuto per gli altri bambini.","breadcrumb":{"@id":"https:\/\/www.manitese.it\/en\/da-bambino-di-strada-a-educatore-storia-di-boran\/#breadcrumb"},"inLanguage":"en-US","potentialAction":[{"@type":"ReadAction","target":["https:\/\/www.manitese.it\/en\/da-bambino-di-strada-a-educatore-storia-di-boran\/"]}]},{"@type":"ImageObject","inLanguage":"en-US","@id":"https:\/\/www.manitese.it\/en\/da-bambino-di-strada-a-educatore-storia-di-boran\/#primaryimage","url":"https:\/\/www.manitese.it\/wp-content\/uploads\/2021\/05\/storia-di-boran-cambogia-mani-tese-2021-1.jpg","contentUrl":"https:\/\/www.manitese.it\/wp-content\/uploads\/2021\/05\/storia-di-boran-cambogia-mani-tese-2021-1.jpg","width":1920,"height":800,"caption":"storia di boran cambogia mani tese 2021"},{"@type":"BreadcrumbList","@id":"https:\/\/www.manitese.it\/en\/da-bambino-di-strada-a-educatore-storia-di-boran\/#breadcrumb","itemListElement":[{"@type":"ListItem","position":1,"name":"Home","item":"https:\/\/www.manitese.it\/en\/"},{"@type":"ListItem","position":2,"name":"DA BAMBINO DI STRADA A EDUCATORE: LA STORIA DI BORAN"}]},{"@type":"WebSite","@id":"https:\/\/www.manitese.it\/en\/#website","url":"https:\/\/www.manitese.it\/en\/","name":"Mani Tese","description":"","potentialAction":[{"@type":"SearchAction","target":{"@type":"EntryPoint","urlTemplate":"https:\/\/www.manitese.it\/en\/?s={search_term_string}"},"query-input":{"@type":"PropertyValueSpecification","valueRequired":true,"valueName":"search_term_string"}}],"inLanguage":"en-US"},{"@type":"Person","@id":"https:\/\/www.manitese.it\/en\/#\/schema\/person\/5a9774f17e4940e2510bfeba90f04f65","name":"agevis","image":{"@type":"ImageObject","inLanguage":"en-US","@id":"https:\/\/secure.gravatar.com\/avatar\/2dc96c93fcf3387a5922a93b50fb3bff01d4800590fb6a4ab91a034adb25ba17?s=96&d=mm&r=g","url":"https:\/\/secure.gravatar.com\/avatar\/2dc96c93fcf3387a5922a93b50fb3bff01d4800590fb6a4ab91a034adb25ba17?s=96&d=mm&r=g","contentUrl":"https:\/\/secure.gravatar.com\/avatar\/2dc96c93fcf3387a5922a93b50fb3bff01d4800590fb6a4ab91a034adb25ba17?s=96&d=mm&r=g","caption":"agevis"},"url":"https:\/\/www.manitese.it\/en\/author\/wp_agevis_admin\/"}]}},"jetpack_featured_media_url":"https:\/\/www.manitese.it\/wp-content\/uploads\/2021\/05\/storia-di-boran-cambogia-mani-tese-2021-1.jpg","jetpack_sharing_enabled":true,"_links":{"self":[{"href":"https:\/\/www.manitese.it\/en\/wp-json\/wp\/v2\/posts\/76251","targetHints":{"allow":["GET"]}}],"collection":[{"href":"https:\/\/www.manitese.it\/en\/wp-json\/wp\/v2\/posts"}],"about":[{"href":"https:\/\/www.manitese.it\/en\/wp-json\/wp\/v2\/types\/post"}],"author":[{"embeddable":true,"href":"https:\/\/www.manitese.it\/en\/wp-json\/wp\/v2\/users\/1"}],"replies":[{"embeddable":true,"href":"https:\/\/www.manitese.it\/en\/wp-json\/wp\/v2\/comments?post=76251"}],"version-history":[{"count":2,"href":"https:\/\/www.manitese.it\/en\/wp-json\/wp\/v2\/posts\/76251\/revisions"}],"predecessor-version":[{"id":191726,"href":"https:\/\/www.manitese.it\/en\/wp-json\/wp\/v2\/posts\/76251\/revisions\/191726"}],"wp:featuredmedia":[{"embeddable":true,"href":"https:\/\/www.manitese.it\/en\/wp-json\/wp\/v2\/media\/76254"}],"wp:attachment":[{"href":"https:\/\/www.manitese.it\/en\/wp-json\/wp\/v2\/media?parent=76251"}],"wp:term":[{"taxonomy":"category","embeddable":true,"href":"https:\/\/www.manitese.it\/en\/wp-json\/wp\/v2\/categories?post=76251"},{"taxonomy":"post_tag","embeddable":true,"href":"https:\/\/www.manitese.it\/en\/wp-json\/wp\/v2\/tags?post=76251"},{"taxonomy":"thematic_area","embeddable":true,"href":"https:\/\/www.manitese.it\/en\/wp-json\/wp\/v2\/thematic_area?post=76251"}],"curies":[{"name":"wp","href":"https:\/\/api.w.org\/{rel}","templated":true}]}}