{"id":76132,"date":"2021-05-13T13:26:06","date_gmt":"2021-05-13T11:26:06","guid":{"rendered":"https:\/\/manitese.it\/?p=76132"},"modified":"2023-12-12T11:52:00","modified_gmt":"2023-12-12T10:52:00","slug":"antonio-un-agricoltore-felice","status":"publish","type":"post","link":"https:\/\/www.manitese.it\/en\/antonio-un-agricoltore-felice\/","title":{"rendered":"10. ANTONIO, UN AGRICOLTORE FELICE"},"content":{"rendered":"\r\n<p>Per questa decima puntata del videoblog\u00a0<strong><a href=\"https:\/\/manitese.it\/storie-di-quelimane-agricola\" target=\"_blank\" rel=\"noreferrer noopener\">\u201cLe storie di Quelimane agricola\u201d<\/a><\/strong>, siamo tornati nel distretto di Nicoadala per incontrare nuovamente <strong>Alberto Ant\u00f3nio Ubre<\/strong>, beneficiario del progetto\u00a0<strong><a href=\"https:\/\/manitese.it\/progetto\/quelimane-agricola-produce-cresce-consuma-sostenibile\" target=\"_blank\" rel=\"noreferrer noopener\">\u201cQuelimane agricola\u201d<\/a><\/strong>, cofinanziato dall\u2019<a href=\"https:\/\/www.aics.gov.it\/\" target=\"_blank\" rel=\"noreferrer noopener\"><strong>Agenzia Italiana per la Cooperazione allo Sviluppo<\/strong><\/a>.<\/p>\r\n\r\n\r\n\r\n<p>Nelle precedenti puntate, Ant\u00f3nio ci aveva raccontato con soddisfazione i vantaggi che aveva tratto dalle <strong>formazioni agroecologiche<\/strong> e dalla <strong>partecipazione alle fiere<\/strong>, dove poteva incontrare tanti clienti e vendere i propri prodotti, ma aveva anche testimoniato le difficolt\u00e0 riscontrate dopo lo scoppio della pandemia di <strong>Covid-19<\/strong>.<\/p>\r\n\r\n\r\n\r\n<p>Ora, per\u00f2, il peggio sembra passato e Ant\u00f3nio \u00e8 felice di vedere i propri campi in buona salute. <strong>La produzione sta andando bene e ha cominciato anche a coltivare mais e fagioli che prima non coltivava<\/strong>. Adesso per Ant\u00f3nio \u00e8 pi\u00f9 facile avere una sufficiente quantit\u00e0 di prodotti per la vendita nei mercati e per il consumo personale.<\/p>\r\n\r\n\r\n\r\n<p>Guardate il video e ascoltate il suo racconto:<\/p>\r\n\r\n\r\n\r\n<p><iframe title=\"YouTube video player\" src=\"https:\/\/www.youtube.com\/embed\/Zty99_Vk6hA\" width=\"100%\" height=\"450\" frameborder=\"0\" allowfullscreen=\"allowfullscreen\"><\/iframe><\/p>\r\n\r\n\r\n\r\n<p>&nbsp;<\/p>\r\n\r\n\r\n\r\n<h2 class=\"has-text-align-center wp-block-heading\"><a href=\"https:\/\/manitese.it\/storie-di-quelimane-agricola\" target=\"_blank\" rel=\"noreferrer noopener\"><strong>CONTINUA A SEGUIRE IL VIDEOBLOG \u201cLE STORIE DI QUELIMANE AGRICOLA\u201d<\/strong><\/a><\/h2>\r\n","protected":false},"excerpt":{"rendered":"<p>La produzione di Antonio sta andando bene e ha cominciato a coltivare anche mais e fagioli.<\/p>\n","protected":false},"author":1,"featured_media":76136,"comment_status":"open","ping_status":"open","sticky":false,"template":"","format":"standard","meta":{"_acf_changed":false,"give_campaign_id":0,"inline_featured_image":false,"_jetpack_memberships_contains_paid_content":false,"footnotes":""},"categories":[3],"tags":[],"thematic_area":[918,916],"class_list":["post-76132","post","type-post","status-publish","format-standard","has-post-thumbnail","hentry","category-diari","thematic_area-sistemi-e-filiere-agroalimentari-locali","thematic_area-citta-e-pratiche-sostenibili"],"acf":[],"yoast_head":"<!-- This site is optimized with the Yoast SEO plugin v27.5 - https:\/\/yoast.com\/product\/yoast-seo-wordpress\/ -->\n<title>10. ANTONIO, UN AGRICOLTORE FELICE - Mani Tese<\/title>\n<meta name=\"description\" content=\"La produzione di Antonio sta andando bene e ha cominciato a coltivare anche mais e fagioli.\" \/>\n<meta name=\"robots\" content=\"index, follow, max-snippet:-1, max-image-preview:large, max-video-preview:-1\" \/>\n<link rel=\"canonical\" href=\"https:\/\/www.manitese.it\/en\/antonio-un-agricoltore-felice\/\" \/>\n<meta property=\"og:locale\" content=\"en_US\" \/>\n<meta property=\"og:type\" content=\"article\" \/>\n<meta property=\"og:title\" content=\"10. ANTONIO, UN AGRICOLTORE FELICE - Mani Tese\" \/>\n<meta property=\"og:description\" content=\"La produzione di Antonio sta andando bene e ha cominciato a coltivare anche mais e fagioli.\" \/>\n<meta property=\"og:url\" content=\"https:\/\/www.manitese.it\/en\/antonio-un-agricoltore-felice\/\" \/>\n<meta property=\"og:site_name\" content=\"Mani Tese\" \/>\n<meta property=\"article:published_time\" content=\"2021-05-13T11:26:06+00:00\" \/>\n<meta property=\"article:modified_time\" content=\"2023-12-12T10:52:00+00:00\" \/>\n<meta property=\"og:image\" content=\"https:\/\/www.manitese.it\/wp-content\/uploads\/2021\/05\/antonio-alberto-ubre-quelimane-agricola-mani-tese-2021-1-1.png\" \/>\n\t<meta property=\"og:image:width\" content=\"1920\" \/>\n\t<meta property=\"og:image:height\" content=\"800\" \/>\n\t<meta property=\"og:image:type\" content=\"image\/png\" \/>\n<meta name=\"author\" content=\"agevis\" \/>\n<meta name=\"twitter:card\" content=\"summary_large_image\" \/>\n<meta name=\"twitter:label1\" content=\"Written by\" \/>\n\t<meta name=\"twitter:data1\" content=\"agevis\" \/>\n\t<meta name=\"twitter:label2\" content=\"Est. reading time\" \/>\n\t<meta name=\"twitter:data2\" content=\"1 minute\" \/>\n<script type=\"application\/ld+json\" class=\"yoast-schema-graph\">{\"@context\":\"https:\\\/\\\/schema.org\",\"@graph\":[{\"@type\":\"Article\",\"@id\":\"https:\\\/\\\/www.manitese.it\\\/en\\\/antonio-un-agricoltore-felice\\\/#article\",\"isPartOf\":{\"@id\":\"https:\\\/\\\/www.manitese.it\\\/en\\\/antonio-un-agricoltore-felice\\\/\"},\"author\":{\"name\":\"agevis\",\"@id\":\"https:\\\/\\\/www.manitese.it\\\/en\\\/#\\\/schema\\\/person\\\/5a9774f17e4940e2510bfeba90f04f65\"},\"headline\":\"10. ANTONIO, UN AGRICOLTORE FELICE\",\"datePublished\":\"2021-05-13T11:26:06+00:00\",\"dateModified\":\"2023-12-12T10:52:00+00:00\",\"mainEntityOfPage\":{\"@id\":\"https:\\\/\\\/www.manitese.it\\\/en\\\/antonio-un-agricoltore-felice\\\/\"},\"wordCount\":166,\"commentCount\":0,\"image\":{\"@id\":\"https:\\\/\\\/www.manitese.it\\\/en\\\/antonio-un-agricoltore-felice\\\/#primaryimage\"},\"thumbnailUrl\":\"https:\\\/\\\/www.manitese.it\\\/wp-content\\\/uploads\\\/2021\\\/05\\\/antonio-alberto-ubre-quelimane-agricola-mani-tese-2021-1-1.png\",\"articleSection\":[\"Diari\"],\"inLanguage\":\"en-US\",\"potentialAction\":[{\"@type\":\"CommentAction\",\"name\":\"Comment\",\"target\":[\"https:\\\/\\\/www.manitese.it\\\/en\\\/antonio-un-agricoltore-felice\\\/#respond\"]}]},{\"@type\":\"WebPage\",\"@id\":\"https:\\\/\\\/www.manitese.it\\\/en\\\/antonio-un-agricoltore-felice\\\/\",\"url\":\"https:\\\/\\\/www.manitese.it\\\/en\\\/antonio-un-agricoltore-felice\\\/\",\"name\":\"10. ANTONIO, UN AGRICOLTORE FELICE - Mani Tese\",\"isPartOf\":{\"@id\":\"https:\\\/\\\/www.manitese.it\\\/en\\\/#website\"},\"primaryImageOfPage\":{\"@id\":\"https:\\\/\\\/www.manitese.it\\\/en\\\/antonio-un-agricoltore-felice\\\/#primaryimage\"},\"image\":{\"@id\":\"https:\\\/\\\/www.manitese.it\\\/en\\\/antonio-un-agricoltore-felice\\\/#primaryimage\"},\"thumbnailUrl\":\"https:\\\/\\\/www.manitese.it\\\/wp-content\\\/uploads\\\/2021\\\/05\\\/antonio-alberto-ubre-quelimane-agricola-mani-tese-2021-1-1.png\",\"datePublished\":\"2021-05-13T11:26:06+00:00\",\"dateModified\":\"2023-12-12T10:52:00+00:00\",\"author\":{\"@id\":\"https:\\\/\\\/www.manitese.it\\\/en\\\/#\\\/schema\\\/person\\\/5a9774f17e4940e2510bfeba90f04f65\"},\"description\":\"La produzione di Antonio sta andando bene e ha cominciato a coltivare anche mais e fagioli.\",\"breadcrumb\":{\"@id\":\"https:\\\/\\\/www.manitese.it\\\/en\\\/antonio-un-agricoltore-felice\\\/#breadcrumb\"},\"inLanguage\":\"en-US\",\"potentialAction\":[{\"@type\":\"ReadAction\",\"target\":[\"https:\\\/\\\/www.manitese.it\\\/en\\\/antonio-un-agricoltore-felice\\\/\"]}]},{\"@type\":\"ImageObject\",\"inLanguage\":\"en-US\",\"@id\":\"https:\\\/\\\/www.manitese.it\\\/en\\\/antonio-un-agricoltore-felice\\\/#primaryimage\",\"url\":\"https:\\\/\\\/www.manitese.it\\\/wp-content\\\/uploads\\\/2021\\\/05\\\/antonio-alberto-ubre-quelimane-agricola-mani-tese-2021-1-1.png\",\"contentUrl\":\"https:\\\/\\\/www.manitese.it\\\/wp-content\\\/uploads\\\/2021\\\/05\\\/antonio-alberto-ubre-quelimane-agricola-mani-tese-2021-1-1.png\",\"width\":1920,\"height\":800,\"caption\":\"antonio alberto ubre quelimane agricola mani tese 2021\"},{\"@type\":\"BreadcrumbList\",\"@id\":\"https:\\\/\\\/www.manitese.it\\\/en\\\/antonio-un-agricoltore-felice\\\/#breadcrumb\",\"itemListElement\":[{\"@type\":\"ListItem\",\"position\":1,\"name\":\"Home\",\"item\":\"https:\\\/\\\/www.manitese.it\\\/en\\\/\"},{\"@type\":\"ListItem\",\"position\":2,\"name\":\"10. ANTONIO, UN AGRICOLTORE FELICE\"}]},{\"@type\":\"WebSite\",\"@id\":\"https:\\\/\\\/www.manitese.it\\\/en\\\/#website\",\"url\":\"https:\\\/\\\/www.manitese.it\\\/en\\\/\",\"name\":\"Mani Tese\",\"description\":\"\",\"potentialAction\":[{\"@type\":\"SearchAction\",\"target\":{\"@type\":\"EntryPoint\",\"urlTemplate\":\"https:\\\/\\\/www.manitese.it\\\/en\\\/?s={search_term_string}\"},\"query-input\":{\"@type\":\"PropertyValueSpecification\",\"valueRequired\":true,\"valueName\":\"search_term_string\"}}],\"inLanguage\":\"en-US\"},{\"@type\":\"Person\",\"@id\":\"https:\\\/\\\/www.manitese.it\\\/en\\\/#\\\/schema\\\/person\\\/5a9774f17e4940e2510bfeba90f04f65\",\"name\":\"agevis\",\"image\":{\"@type\":\"ImageObject\",\"inLanguage\":\"en-US\",\"@id\":\"https:\\\/\\\/secure.gravatar.com\\\/avatar\\\/2dc96c93fcf3387a5922a93b50fb3bff01d4800590fb6a4ab91a034adb25ba17?s=96&d=mm&r=g\",\"url\":\"https:\\\/\\\/secure.gravatar.com\\\/avatar\\\/2dc96c93fcf3387a5922a93b50fb3bff01d4800590fb6a4ab91a034adb25ba17?s=96&d=mm&r=g\",\"contentUrl\":\"https:\\\/\\\/secure.gravatar.com\\\/avatar\\\/2dc96c93fcf3387a5922a93b50fb3bff01d4800590fb6a4ab91a034adb25ba17?s=96&d=mm&r=g\",\"caption\":\"agevis\"},\"url\":\"https:\\\/\\\/www.manitese.it\\\/en\\\/author\\\/wp_agevis_admin\\\/\"}]}<\/script>\n<!-- \/ Yoast SEO plugin. -->","yoast_head_json":{"title":"10. ANTONIO, UN AGRICOLTORE FELICE - Mani Tese","description":"La produzione di Antonio sta andando bene e ha cominciato a coltivare anche mais e fagioli.","robots":{"index":"index","follow":"follow","max-snippet":"max-snippet:-1","max-image-preview":"max-image-preview:large","max-video-preview":"max-video-preview:-1"},"canonical":"https:\/\/www.manitese.it\/en\/antonio-un-agricoltore-felice\/","og_locale":"en_US","og_type":"article","og_title":"10. ANTONIO, UN AGRICOLTORE FELICE - Mani Tese","og_description":"La produzione di Antonio sta andando bene e ha cominciato a coltivare anche mais e fagioli.","og_url":"https:\/\/www.manitese.it\/en\/antonio-un-agricoltore-felice\/","og_site_name":"Mani Tese","article_published_time":"2021-05-13T11:26:06+00:00","article_modified_time":"2023-12-12T10:52:00+00:00","og_image":[{"width":1920,"height":800,"url":"https:\/\/www.manitese.it\/wp-content\/uploads\/2021\/05\/antonio-alberto-ubre-quelimane-agricola-mani-tese-2021-1-1.png","type":"image\/png"}],"author":"agevis","twitter_card":"summary_large_image","twitter_misc":{"Written by":"agevis","Est. reading time":"1 minute"},"schema":{"@context":"https:\/\/schema.org","@graph":[{"@type":"Article","@id":"https:\/\/www.manitese.it\/en\/antonio-un-agricoltore-felice\/#article","isPartOf":{"@id":"https:\/\/www.manitese.it\/en\/antonio-un-agricoltore-felice\/"},"author":{"name":"agevis","@id":"https:\/\/www.manitese.it\/en\/#\/schema\/person\/5a9774f17e4940e2510bfeba90f04f65"},"headline":"10. ANTONIO, UN AGRICOLTORE FELICE","datePublished":"2021-05-13T11:26:06+00:00","dateModified":"2023-12-12T10:52:00+00:00","mainEntityOfPage":{"@id":"https:\/\/www.manitese.it\/en\/antonio-un-agricoltore-felice\/"},"wordCount":166,"commentCount":0,"image":{"@id":"https:\/\/www.manitese.it\/en\/antonio-un-agricoltore-felice\/#primaryimage"},"thumbnailUrl":"https:\/\/www.manitese.it\/wp-content\/uploads\/2021\/05\/antonio-alberto-ubre-quelimane-agricola-mani-tese-2021-1-1.png","articleSection":["Diari"],"inLanguage":"en-US","potentialAction":[{"@type":"CommentAction","name":"Comment","target":["https:\/\/www.manitese.it\/en\/antonio-un-agricoltore-felice\/#respond"]}]},{"@type":"WebPage","@id":"https:\/\/www.manitese.it\/en\/antonio-un-agricoltore-felice\/","url":"https:\/\/www.manitese.it\/en\/antonio-un-agricoltore-felice\/","name":"10. ANTONIO, UN AGRICOLTORE FELICE - Mani Tese","isPartOf":{"@id":"https:\/\/www.manitese.it\/en\/#website"},"primaryImageOfPage":{"@id":"https:\/\/www.manitese.it\/en\/antonio-un-agricoltore-felice\/#primaryimage"},"image":{"@id":"https:\/\/www.manitese.it\/en\/antonio-un-agricoltore-felice\/#primaryimage"},"thumbnailUrl":"https:\/\/www.manitese.it\/wp-content\/uploads\/2021\/05\/antonio-alberto-ubre-quelimane-agricola-mani-tese-2021-1-1.png","datePublished":"2021-05-13T11:26:06+00:00","dateModified":"2023-12-12T10:52:00+00:00","author":{"@id":"https:\/\/www.manitese.it\/en\/#\/schema\/person\/5a9774f17e4940e2510bfeba90f04f65"},"description":"La produzione di Antonio sta andando bene e ha cominciato a coltivare anche mais e fagioli.","breadcrumb":{"@id":"https:\/\/www.manitese.it\/en\/antonio-un-agricoltore-felice\/#breadcrumb"},"inLanguage":"en-US","potentialAction":[{"@type":"ReadAction","target":["https:\/\/www.manitese.it\/en\/antonio-un-agricoltore-felice\/"]}]},{"@type":"ImageObject","inLanguage":"en-US","@id":"https:\/\/www.manitese.it\/en\/antonio-un-agricoltore-felice\/#primaryimage","url":"https:\/\/www.manitese.it\/wp-content\/uploads\/2021\/05\/antonio-alberto-ubre-quelimane-agricola-mani-tese-2021-1-1.png","contentUrl":"https:\/\/www.manitese.it\/wp-content\/uploads\/2021\/05\/antonio-alberto-ubre-quelimane-agricola-mani-tese-2021-1-1.png","width":1920,"height":800,"caption":"antonio alberto ubre quelimane agricola mani tese 2021"},{"@type":"BreadcrumbList","@id":"https:\/\/www.manitese.it\/en\/antonio-un-agricoltore-felice\/#breadcrumb","itemListElement":[{"@type":"ListItem","position":1,"name":"Home","item":"https:\/\/www.manitese.it\/en\/"},{"@type":"ListItem","position":2,"name":"10. ANTONIO, UN AGRICOLTORE FELICE"}]},{"@type":"WebSite","@id":"https:\/\/www.manitese.it\/en\/#website","url":"https:\/\/www.manitese.it\/en\/","name":"Mani Tese","description":"","potentialAction":[{"@type":"SearchAction","target":{"@type":"EntryPoint","urlTemplate":"https:\/\/www.manitese.it\/en\/?s={search_term_string}"},"query-input":{"@type":"PropertyValueSpecification","valueRequired":true,"valueName":"search_term_string"}}],"inLanguage":"en-US"},{"@type":"Person","@id":"https:\/\/www.manitese.it\/en\/#\/schema\/person\/5a9774f17e4940e2510bfeba90f04f65","name":"agevis","image":{"@type":"ImageObject","inLanguage":"en-US","@id":"https:\/\/secure.gravatar.com\/avatar\/2dc96c93fcf3387a5922a93b50fb3bff01d4800590fb6a4ab91a034adb25ba17?s=96&d=mm&r=g","url":"https:\/\/secure.gravatar.com\/avatar\/2dc96c93fcf3387a5922a93b50fb3bff01d4800590fb6a4ab91a034adb25ba17?s=96&d=mm&r=g","contentUrl":"https:\/\/secure.gravatar.com\/avatar\/2dc96c93fcf3387a5922a93b50fb3bff01d4800590fb6a4ab91a034adb25ba17?s=96&d=mm&r=g","caption":"agevis"},"url":"https:\/\/www.manitese.it\/en\/author\/wp_agevis_admin\/"}]}},"jetpack_featured_media_url":"https:\/\/www.manitese.it\/wp-content\/uploads\/2021\/05\/antonio-alberto-ubre-quelimane-agricola-mani-tese-2021-1-1.png","jetpack_sharing_enabled":true,"_links":{"self":[{"href":"https:\/\/www.manitese.it\/en\/wp-json\/wp\/v2\/posts\/76132","targetHints":{"allow":["GET"]}}],"collection":[{"href":"https:\/\/www.manitese.it\/en\/wp-json\/wp\/v2\/posts"}],"about":[{"href":"https:\/\/www.manitese.it\/en\/wp-json\/wp\/v2\/types\/post"}],"author":[{"embeddable":true,"href":"https:\/\/www.manitese.it\/en\/wp-json\/wp\/v2\/users\/1"}],"replies":[{"embeddable":true,"href":"https:\/\/www.manitese.it\/en\/wp-json\/wp\/v2\/comments?post=76132"}],"version-history":[{"count":2,"href":"https:\/\/www.manitese.it\/en\/wp-json\/wp\/v2\/posts\/76132\/revisions"}],"predecessor-version":[{"id":191826,"href":"https:\/\/www.manitese.it\/en\/wp-json\/wp\/v2\/posts\/76132\/revisions\/191826"}],"wp:featuredmedia":[{"embeddable":true,"href":"https:\/\/www.manitese.it\/en\/wp-json\/wp\/v2\/media\/76136"}],"wp:attachment":[{"href":"https:\/\/www.manitese.it\/en\/wp-json\/wp\/v2\/media?parent=76132"}],"wp:term":[{"taxonomy":"category","embeddable":true,"href":"https:\/\/www.manitese.it\/en\/wp-json\/wp\/v2\/categories?post=76132"},{"taxonomy":"post_tag","embeddable":true,"href":"https:\/\/www.manitese.it\/en\/wp-json\/wp\/v2\/tags?post=76132"},{"taxonomy":"thematic_area","embeddable":true,"href":"https:\/\/www.manitese.it\/en\/wp-json\/wp\/v2\/thematic_area?post=76132"}],"curies":[{"name":"wp","href":"https:\/\/api.w.org\/{rel}","templated":true}]}}