{"id":75842,"date":"2021-05-04T09:06:24","date_gmt":"2021-05-04T07:06:24","guid":{"rendered":"https:\/\/manitese.it\/?p=75842"},"modified":"2025-07-10T11:26:17","modified_gmt":"2025-07-10T09:26:17","slug":"che-mondo-sarebbe-senza-cooperazione","status":"publish","type":"post","link":"https:\/\/www.manitese.it\/en\/che-mondo-sarebbe-senza-cooperazione\/","title":{"rendered":"Che mondo sarebbe senza cooperazione?"},"content":{"rendered":"\n<p>CoLomba, la rete della cooperazione internazionale della Lombardia composta da 42 organizzazioni della societ\u00e0 civile, promuove una campagna per <strong>immaginare gli scenari che si potrebbero configurare in un mondo senza cooperazione internazionale<\/strong>.<\/p>\n\n\n\n<p>Quasi il 13% per cento della popolazione mondiale vive con meno di 1,90 dollari al giorno, percentuale che corrisponde, in valori assoluti, a 902 milioni di persone.<\/p>\n\n\n\n<p>Questi sono solo alcuni dati che danno il quadro della diseguaglianza tra Nord e Sud del mondo, causa di guerre, violenza, crisi economiche e sociali che hanno inevitabili ricadute su tutti i paesi.<\/p>\n\n\n\n<p><strong>Un mondo cos\u00ec diviso alimenta guerre, violenza, crisi economiche e sociali che si riversano su tutti i paesi<\/strong>. <\/p>\n\n\n\n<p>Tale situazione, per\u00f2, pu\u00f2 essere contrastata oltre che con politiche e riforme mirate, che spettano ai decisori politici nazionali e internazionali, con le azioni e le misure collettive promosse anche dalla societ\u00e0 civile.<\/p>\n\n\n\n<p>La Cooperazione Internazionale, impegnata su molti fronti per ridurre le disuguaglianze e migliorare le condizioni delle aree pi\u00f9 vulnerabili del mondo, viene talvolta dimenticata da media e opinione pubblica. Spesso sono i pregiudizi e le fakenews che prendono il sopravvento e fanno s\u00ec che il vero valore della cooperazione internazionale sia sconosciuto ai pi\u00f9. Ma che mondo sarebbe se non esistesse? E su questo che la campagna di CoLomba vuole far riflettere.<\/p>\n\n\n\n<p>\u201cIn questi mesi in cui il mondo \u00e8 diventato pi\u00f9 piccolo per via della pandemia di Covid 19 \u2013 <strong>afferma Alfredo Somoza, presidente di CoLomba<\/strong> \u2013 pensiamo sia importante ribadire il ruolo di ponte tra i diversi popoli della terra che storicamente hanno svolto le ONG di cooperazione e le associazioni di solidariet\u00e0 internazionale. \u00c8 ormai evidente a tutti che nessuno si salva da solo e che la lotta alla povert\u00e0, per il diritto alla salute e all\u2019educazione, per la pace siano aspirazioni che ci accomunano. Le ONG e le associazioni che fanno parte di CoLomba lavorano da decenni per affermare questi principi e con questa campagna vogliamo parlare del nostro lavoro, farlo conoscere, coinvolgere i cittadini in un\u2019impresa di portata globale. Tutti i nostri progetti, in Italia e nel Sud del mondo, contribuiscono a dare una prospettiva, a tracciare una strada di cooperazione reciproca, ad alimentare la speranza che sia possibile, insieme, costruire un mondo pi\u00f9 giusto e pi\u00f9 sostenibile\u201d.<\/p>\n\n\n\n<p><strong>CoLomba \u2013 Cooperazione Internazionale Lombardia<\/strong> \u00e8 l\u2019Associazione delle Organizzazioni di Cooperazione e Solidariet\u00e0 Internazionale della Lombardia. E\u2019 attiva dal 2007 e attualmente riunisce 41 organizzazioni di cooperazione allo sviluppo e aiuto umanitario con sede in Lombardia, che intendono lavorare in rete per mettere in comune valori ed esperienze, in un settore decisivo per contrastare povert\u00e0 e disuguaglianze.<\/p>\n\n\n\n<p>In un contesto internazionale, sempre pi\u00f9 complesso e sconvolto da guerre e pandemie, CoLomba vuole essere un punto di riferimento per le istituzioni, pubbliche e private, del proprio territorio in tema di cooperazione e solidariet\u00e0 internazionale.<\/p>\n\n\n\n<p>Con il nuovo Statuto e la costituzione dell\u2019Associazione, possono far parte dell\u2019Organizzazione tutte le associazioni, fondazioni, cooperative, imprese sociali, ETS o altri enti senza scopo di lucro che sono attivamente impegnate nel campo della cooperazione e della solidariet\u00e0 internazionale.<\/p>\n\n\n\n<p><u><strong>I soci di CoLomba<\/strong><\/u><\/p>\n\n\n\n<p> ACEA \u2013 ACRA \u2013 Africa 70 \u2013 Altropallone \u2013 AMANI \u2013 AMI \u2013 ANPIL \u2013 ASPEm \u2013Ass. Secco Suardo \u2013 AVSI \u2013 CAST \u2013 Celim MI \u2013 CESVI \u2013 CIAI \u2013 COE \u2013 COOPI \u2013 COSV \u2013 Deafal \u2013 Emergenza Sorrisi \u2013 Fondazione Cesar \u2013 Fondazione Ivo de Carneri \u2013 Fondazione PRO.SA \u2013 Fondazione Sipec \u2013 Fondazione Tovini \u2013 Guardavanti \u2013 Helpcode \u2013 ICEI \u2013 Il Sole \u2013 ISCOS \u2013 Istituto Oikos \u2013 IPSIA \u2013 Mani Tese \u2013 MLFM \u2013 NO ONE OUT \u2013 OVCI \u2013 MMI \u2013 Project for People \u2013 SMOM ONLUS \u2013 Waves Word \u2013 We World \u2013 VISPE \u2013 Perigeo<\/p>\n\n\n\n<div class=\"wp-block-image\"><figure class=\"aligncenter size-large\"><a href=\"https:\/\/manitese.it\/wp-content\/uploads\/2021\/05\/Manifesto-CoLomba-mani-tese-2021.jpg\"><img decoding=\"async\" src=\"https:\/\/manitese.it\/wp-content\/uploads\/2021\/05\/Manifesto-CoLomba-mani-tese-2021-1024x724.jpg\" alt=\"\" class=\"wp-image-75899\" \/><\/a><\/figure><\/div>\n","protected":false},"excerpt":{"rendered":"<p>Un mondo peggiore \u00e8 possibile? S\u00ec, senza cooperazione. Pi\u00f9 frammentato, pi\u00f9 insicuro, con pi\u00f9 disuguaglianze. Un mondo peggiore per tutti.<\/p>\n","protected":false},"author":1,"featured_media":75845,"comment_status":"open","ping_status":"open","sticky":false,"template":"","format":"standard","meta":{"_acf_changed":false,"give_campaign_id":0,"inline_featured_image":false,"_jetpack_memberships_contains_paid_content":false,"footnotes":""},"categories":[1],"tags":[],"thematic_area":[],"class_list":["post-75842","post","type-post","status-publish","format-standard","has-post-thumbnail","hentry","category-news"],"acf":[],"yoast_head":"<!-- This site is optimized with the Yoast SEO plugin v27.5 - https:\/\/yoast.com\/product\/yoast-seo-wordpress\/ -->\n<title>Che mondo sarebbe senza cooperazione? - Mani Tese<\/title>\n<meta name=\"description\" content=\"Un mondo peggiore \u00e8 possibile? S\u00ec, senza cooperazione. Pi\u00f9 frammentato, pi\u00f9 insicuro, con pi\u00f9 disuguaglianze. Un mondo peggiore per tutti.\" \/>\n<meta name=\"robots\" content=\"index, follow, max-snippet:-1, max-image-preview:large, max-video-preview:-1\" \/>\n<link rel=\"canonical\" href=\"https:\/\/www.manitese.it\/en\/che-mondo-sarebbe-senza-cooperazione\/\" \/>\n<meta property=\"og:locale\" content=\"en_US\" \/>\n<meta property=\"og:type\" content=\"article\" \/>\n<meta property=\"og:title\" content=\"Che mondo sarebbe senza cooperazione? - Mani Tese\" \/>\n<meta property=\"og:description\" content=\"Un mondo peggiore \u00e8 possibile? S\u00ec, senza cooperazione. Pi\u00f9 frammentato, pi\u00f9 insicuro, con pi\u00f9 disuguaglianze. Un mondo peggiore per tutti.\" \/>\n<meta property=\"og:url\" content=\"https:\/\/www.manitese.it\/en\/che-mondo-sarebbe-senza-cooperazione\/\" \/>\n<meta property=\"og:site_name\" content=\"Mani Tese\" \/>\n<meta property=\"article:published_time\" content=\"2021-05-04T07:06:24+00:00\" \/>\n<meta property=\"article:modified_time\" content=\"2025-07-10T09:26:17+00:00\" \/>\n<meta property=\"og:image\" content=\"https:\/\/www.manitese.it\/wp-content\/uploads\/2021\/04\/campagna-colomba-mani-tese-2021_2-1.jpg\" \/>\n\t<meta property=\"og:image:width\" content=\"1920\" \/>\n\t<meta property=\"og:image:height\" content=\"800\" \/>\n\t<meta property=\"og:image:type\" content=\"image\/jpeg\" \/>\n<meta name=\"author\" content=\"agevis\" \/>\n<meta name=\"twitter:card\" content=\"summary_large_image\" \/>\n<meta name=\"twitter:label1\" content=\"Written by\" \/>\n\t<meta name=\"twitter:data1\" content=\"agevis\" \/>\n\t<meta name=\"twitter:label2\" content=\"Est. reading time\" \/>\n\t<meta name=\"twitter:data2\" content=\"3 minutes\" \/>\n<script type=\"application\/ld+json\" class=\"yoast-schema-graph\">{\"@context\":\"https:\\\/\\\/schema.org\",\"@graph\":[{\"@type\":\"Article\",\"@id\":\"https:\\\/\\\/www.manitese.it\\\/en\\\/che-mondo-sarebbe-senza-cooperazione\\\/#article\",\"isPartOf\":{\"@id\":\"https:\\\/\\\/www.manitese.it\\\/en\\\/che-mondo-sarebbe-senza-cooperazione\\\/\"},\"author\":{\"name\":\"agevis\",\"@id\":\"https:\\\/\\\/www.manitese.it\\\/en\\\/#\\\/schema\\\/person\\\/5a9774f17e4940e2510bfeba90f04f65\"},\"headline\":\"Che mondo sarebbe senza cooperazione?\",\"datePublished\":\"2021-05-04T07:06:24+00:00\",\"dateModified\":\"2025-07-10T09:26:17+00:00\",\"mainEntityOfPage\":{\"@id\":\"https:\\\/\\\/www.manitese.it\\\/en\\\/che-mondo-sarebbe-senza-cooperazione\\\/\"},\"wordCount\":573,\"commentCount\":0,\"image\":{\"@id\":\"https:\\\/\\\/www.manitese.it\\\/en\\\/che-mondo-sarebbe-senza-cooperazione\\\/#primaryimage\"},\"thumbnailUrl\":\"https:\\\/\\\/www.manitese.it\\\/wp-content\\\/uploads\\\/2021\\\/04\\\/campagna-colomba-mani-tese-2021_2-1.jpg\",\"articleSection\":[\"News\"],\"inLanguage\":\"en-US\",\"potentialAction\":[{\"@type\":\"CommentAction\",\"name\":\"Comment\",\"target\":[\"https:\\\/\\\/www.manitese.it\\\/en\\\/che-mondo-sarebbe-senza-cooperazione\\\/#respond\"]}]},{\"@type\":\"WebPage\",\"@id\":\"https:\\\/\\\/www.manitese.it\\\/en\\\/che-mondo-sarebbe-senza-cooperazione\\\/\",\"url\":\"https:\\\/\\\/www.manitese.it\\\/en\\\/che-mondo-sarebbe-senza-cooperazione\\\/\",\"name\":\"Che mondo sarebbe senza cooperazione? - Mani Tese\",\"isPartOf\":{\"@id\":\"https:\\\/\\\/www.manitese.it\\\/en\\\/#website\"},\"primaryImageOfPage\":{\"@id\":\"https:\\\/\\\/www.manitese.it\\\/en\\\/che-mondo-sarebbe-senza-cooperazione\\\/#primaryimage\"},\"image\":{\"@id\":\"https:\\\/\\\/www.manitese.it\\\/en\\\/che-mondo-sarebbe-senza-cooperazione\\\/#primaryimage\"},\"thumbnailUrl\":\"https:\\\/\\\/www.manitese.it\\\/wp-content\\\/uploads\\\/2021\\\/04\\\/campagna-colomba-mani-tese-2021_2-1.jpg\",\"datePublished\":\"2021-05-04T07:06:24+00:00\",\"dateModified\":\"2025-07-10T09:26:17+00:00\",\"author\":{\"@id\":\"https:\\\/\\\/www.manitese.it\\\/en\\\/#\\\/schema\\\/person\\\/5a9774f17e4940e2510bfeba90f04f65\"},\"description\":\"Un mondo peggiore \u00e8 possibile? S\u00ec, senza cooperazione. Pi\u00f9 frammentato, pi\u00f9 insicuro, con pi\u00f9 disuguaglianze. Un mondo peggiore per tutti.\",\"breadcrumb\":{\"@id\":\"https:\\\/\\\/www.manitese.it\\\/en\\\/che-mondo-sarebbe-senza-cooperazione\\\/#breadcrumb\"},\"inLanguage\":\"en-US\",\"potentialAction\":[{\"@type\":\"ReadAction\",\"target\":[\"https:\\\/\\\/www.manitese.it\\\/en\\\/che-mondo-sarebbe-senza-cooperazione\\\/\"]}]},{\"@type\":\"ImageObject\",\"inLanguage\":\"en-US\",\"@id\":\"https:\\\/\\\/www.manitese.it\\\/en\\\/che-mondo-sarebbe-senza-cooperazione\\\/#primaryimage\",\"url\":\"https:\\\/\\\/www.manitese.it\\\/wp-content\\\/uploads\\\/2021\\\/04\\\/campagna-colomba-mani-tese-2021_2-1.jpg\",\"contentUrl\":\"https:\\\/\\\/www.manitese.it\\\/wp-content\\\/uploads\\\/2021\\\/04\\\/campagna-colomba-mani-tese-2021_2-1.jpg\",\"width\":1920,\"height\":800},{\"@type\":\"BreadcrumbList\",\"@id\":\"https:\\\/\\\/www.manitese.it\\\/en\\\/che-mondo-sarebbe-senza-cooperazione\\\/#breadcrumb\",\"itemListElement\":[{\"@type\":\"ListItem\",\"position\":1,\"name\":\"Home\",\"item\":\"https:\\\/\\\/www.manitese.it\\\/en\\\/\"},{\"@type\":\"ListItem\",\"position\":2,\"name\":\"Che mondo sarebbe senza cooperazione?\"}]},{\"@type\":\"WebSite\",\"@id\":\"https:\\\/\\\/www.manitese.it\\\/en\\\/#website\",\"url\":\"https:\\\/\\\/www.manitese.it\\\/en\\\/\",\"name\":\"Mani Tese\",\"description\":\"\",\"potentialAction\":[{\"@type\":\"SearchAction\",\"target\":{\"@type\":\"EntryPoint\",\"urlTemplate\":\"https:\\\/\\\/www.manitese.it\\\/en\\\/?s={search_term_string}\"},\"query-input\":{\"@type\":\"PropertyValueSpecification\",\"valueRequired\":true,\"valueName\":\"search_term_string\"}}],\"inLanguage\":\"en-US\"},{\"@type\":\"Person\",\"@id\":\"https:\\\/\\\/www.manitese.it\\\/en\\\/#\\\/schema\\\/person\\\/5a9774f17e4940e2510bfeba90f04f65\",\"name\":\"agevis\",\"image\":{\"@type\":\"ImageObject\",\"inLanguage\":\"en-US\",\"@id\":\"https:\\\/\\\/secure.gravatar.com\\\/avatar\\\/2dc96c93fcf3387a5922a93b50fb3bff01d4800590fb6a4ab91a034adb25ba17?s=96&d=mm&r=g\",\"url\":\"https:\\\/\\\/secure.gravatar.com\\\/avatar\\\/2dc96c93fcf3387a5922a93b50fb3bff01d4800590fb6a4ab91a034adb25ba17?s=96&d=mm&r=g\",\"contentUrl\":\"https:\\\/\\\/secure.gravatar.com\\\/avatar\\\/2dc96c93fcf3387a5922a93b50fb3bff01d4800590fb6a4ab91a034adb25ba17?s=96&d=mm&r=g\",\"caption\":\"agevis\"},\"url\":\"https:\\\/\\\/www.manitese.it\\\/en\\\/author\\\/wp_agevis_admin\\\/\"}]}<\/script>\n<!-- \/ Yoast SEO plugin. -->","yoast_head_json":{"title":"Che mondo sarebbe senza cooperazione? - Mani Tese","description":"Un mondo peggiore \u00e8 possibile? S\u00ec, senza cooperazione. Pi\u00f9 frammentato, pi\u00f9 insicuro, con pi\u00f9 disuguaglianze. Un mondo peggiore per tutti.","robots":{"index":"index","follow":"follow","max-snippet":"max-snippet:-1","max-image-preview":"max-image-preview:large","max-video-preview":"max-video-preview:-1"},"canonical":"https:\/\/www.manitese.it\/en\/che-mondo-sarebbe-senza-cooperazione\/","og_locale":"en_US","og_type":"article","og_title":"Che mondo sarebbe senza cooperazione? - Mani Tese","og_description":"Un mondo peggiore \u00e8 possibile? S\u00ec, senza cooperazione. Pi\u00f9 frammentato, pi\u00f9 insicuro, con pi\u00f9 disuguaglianze. Un mondo peggiore per tutti.","og_url":"https:\/\/www.manitese.it\/en\/che-mondo-sarebbe-senza-cooperazione\/","og_site_name":"Mani Tese","article_published_time":"2021-05-04T07:06:24+00:00","article_modified_time":"2025-07-10T09:26:17+00:00","og_image":[{"width":1920,"height":800,"url":"https:\/\/www.manitese.it\/wp-content\/uploads\/2021\/04\/campagna-colomba-mani-tese-2021_2-1.jpg","type":"image\/jpeg"}],"author":"agevis","twitter_card":"summary_large_image","twitter_misc":{"Written by":"agevis","Est. reading time":"3 minutes"},"schema":{"@context":"https:\/\/schema.org","@graph":[{"@type":"Article","@id":"https:\/\/www.manitese.it\/en\/che-mondo-sarebbe-senza-cooperazione\/#article","isPartOf":{"@id":"https:\/\/www.manitese.it\/en\/che-mondo-sarebbe-senza-cooperazione\/"},"author":{"name":"agevis","@id":"https:\/\/www.manitese.it\/en\/#\/schema\/person\/5a9774f17e4940e2510bfeba90f04f65"},"headline":"Che mondo sarebbe senza cooperazione?","datePublished":"2021-05-04T07:06:24+00:00","dateModified":"2025-07-10T09:26:17+00:00","mainEntityOfPage":{"@id":"https:\/\/www.manitese.it\/en\/che-mondo-sarebbe-senza-cooperazione\/"},"wordCount":573,"commentCount":0,"image":{"@id":"https:\/\/www.manitese.it\/en\/che-mondo-sarebbe-senza-cooperazione\/#primaryimage"},"thumbnailUrl":"https:\/\/www.manitese.it\/wp-content\/uploads\/2021\/04\/campagna-colomba-mani-tese-2021_2-1.jpg","articleSection":["News"],"inLanguage":"en-US","potentialAction":[{"@type":"CommentAction","name":"Comment","target":["https:\/\/www.manitese.it\/en\/che-mondo-sarebbe-senza-cooperazione\/#respond"]}]},{"@type":"WebPage","@id":"https:\/\/www.manitese.it\/en\/che-mondo-sarebbe-senza-cooperazione\/","url":"https:\/\/www.manitese.it\/en\/che-mondo-sarebbe-senza-cooperazione\/","name":"Che mondo sarebbe senza cooperazione? - Mani Tese","isPartOf":{"@id":"https:\/\/www.manitese.it\/en\/#website"},"primaryImageOfPage":{"@id":"https:\/\/www.manitese.it\/en\/che-mondo-sarebbe-senza-cooperazione\/#primaryimage"},"image":{"@id":"https:\/\/www.manitese.it\/en\/che-mondo-sarebbe-senza-cooperazione\/#primaryimage"},"thumbnailUrl":"https:\/\/www.manitese.it\/wp-content\/uploads\/2021\/04\/campagna-colomba-mani-tese-2021_2-1.jpg","datePublished":"2021-05-04T07:06:24+00:00","dateModified":"2025-07-10T09:26:17+00:00","author":{"@id":"https:\/\/www.manitese.it\/en\/#\/schema\/person\/5a9774f17e4940e2510bfeba90f04f65"},"description":"Un mondo peggiore \u00e8 possibile? S\u00ec, senza cooperazione. Pi\u00f9 frammentato, pi\u00f9 insicuro, con pi\u00f9 disuguaglianze. Un mondo peggiore per tutti.","breadcrumb":{"@id":"https:\/\/www.manitese.it\/en\/che-mondo-sarebbe-senza-cooperazione\/#breadcrumb"},"inLanguage":"en-US","potentialAction":[{"@type":"ReadAction","target":["https:\/\/www.manitese.it\/en\/che-mondo-sarebbe-senza-cooperazione\/"]}]},{"@type":"ImageObject","inLanguage":"en-US","@id":"https:\/\/www.manitese.it\/en\/che-mondo-sarebbe-senza-cooperazione\/#primaryimage","url":"https:\/\/www.manitese.it\/wp-content\/uploads\/2021\/04\/campagna-colomba-mani-tese-2021_2-1.jpg","contentUrl":"https:\/\/www.manitese.it\/wp-content\/uploads\/2021\/04\/campagna-colomba-mani-tese-2021_2-1.jpg","width":1920,"height":800},{"@type":"BreadcrumbList","@id":"https:\/\/www.manitese.it\/en\/che-mondo-sarebbe-senza-cooperazione\/#breadcrumb","itemListElement":[{"@type":"ListItem","position":1,"name":"Home","item":"https:\/\/www.manitese.it\/en\/"},{"@type":"ListItem","position":2,"name":"Che mondo sarebbe senza cooperazione?"}]},{"@type":"WebSite","@id":"https:\/\/www.manitese.it\/en\/#website","url":"https:\/\/www.manitese.it\/en\/","name":"Mani Tese","description":"","potentialAction":[{"@type":"SearchAction","target":{"@type":"EntryPoint","urlTemplate":"https:\/\/www.manitese.it\/en\/?s={search_term_string}"},"query-input":{"@type":"PropertyValueSpecification","valueRequired":true,"valueName":"search_term_string"}}],"inLanguage":"en-US"},{"@type":"Person","@id":"https:\/\/www.manitese.it\/en\/#\/schema\/person\/5a9774f17e4940e2510bfeba90f04f65","name":"agevis","image":{"@type":"ImageObject","inLanguage":"en-US","@id":"https:\/\/secure.gravatar.com\/avatar\/2dc96c93fcf3387a5922a93b50fb3bff01d4800590fb6a4ab91a034adb25ba17?s=96&d=mm&r=g","url":"https:\/\/secure.gravatar.com\/avatar\/2dc96c93fcf3387a5922a93b50fb3bff01d4800590fb6a4ab91a034adb25ba17?s=96&d=mm&r=g","contentUrl":"https:\/\/secure.gravatar.com\/avatar\/2dc96c93fcf3387a5922a93b50fb3bff01d4800590fb6a4ab91a034adb25ba17?s=96&d=mm&r=g","caption":"agevis"},"url":"https:\/\/www.manitese.it\/en\/author\/wp_agevis_admin\/"}]}},"jetpack_featured_media_url":"https:\/\/www.manitese.it\/wp-content\/uploads\/2021\/04\/campagna-colomba-mani-tese-2021_2-1.jpg","jetpack_sharing_enabled":true,"_links":{"self":[{"href":"https:\/\/www.manitese.it\/en\/wp-json\/wp\/v2\/posts\/75842","targetHints":{"allow":["GET"]}}],"collection":[{"href":"https:\/\/www.manitese.it\/en\/wp-json\/wp\/v2\/posts"}],"about":[{"href":"https:\/\/www.manitese.it\/en\/wp-json\/wp\/v2\/types\/post"}],"author":[{"embeddable":true,"href":"https:\/\/www.manitese.it\/en\/wp-json\/wp\/v2\/users\/1"}],"replies":[{"embeddable":true,"href":"https:\/\/www.manitese.it\/en\/wp-json\/wp\/v2\/comments?post=75842"}],"version-history":[{"count":2,"href":"https:\/\/www.manitese.it\/en\/wp-json\/wp\/v2\/posts\/75842\/revisions"}],"predecessor-version":[{"id":177735,"href":"https:\/\/www.manitese.it\/en\/wp-json\/wp\/v2\/posts\/75842\/revisions\/177735"}],"wp:featuredmedia":[{"embeddable":true,"href":"https:\/\/www.manitese.it\/en\/wp-json\/wp\/v2\/media\/75845"}],"wp:attachment":[{"href":"https:\/\/www.manitese.it\/en\/wp-json\/wp\/v2\/media?parent=75842"}],"wp:term":[{"taxonomy":"category","embeddable":true,"href":"https:\/\/www.manitese.it\/en\/wp-json\/wp\/v2\/categories?post=75842"},{"taxonomy":"post_tag","embeddable":true,"href":"https:\/\/www.manitese.it\/en\/wp-json\/wp\/v2\/tags?post=75842"},{"taxonomy":"thematic_area","embeddable":true,"href":"https:\/\/www.manitese.it\/en\/wp-json\/wp\/v2\/thematic_area?post=75842"}],"curies":[{"name":"wp","href":"https:\/\/api.w.org\/{rel}","templated":true}]}}