{"id":75537,"date":"2021-04-22T16:45:14","date_gmt":"2021-04-22T14:45:14","guid":{"rendered":"https:\/\/manitese.it\/?p=75537"},"modified":"2025-07-10T11:27:49","modified_gmt":"2025-07-10T09:27:49","slug":"earth-day-milano-lancia-food-wave","status":"publish","type":"post","link":"https:\/\/www.manitese.it\/en\/earth-day-milano-lancia-food-wave\/","title":{"rendered":"Earth Day: Milano lancia \u201cFood Wave\u201d, la comunit\u00e0 di giovani attivisti che chiede cibo buono per il clima e per le persone"},"content":{"rendered":"\n<p><strong>Giovani, cambiamento climatico e attivismo<\/strong>: sono le tre parole chiave del nuovo progetto <a href=\"http:\/\/www.foodwave.eu\" target=\"_blank\" rel=\"noreferrer noopener\" aria-label=\" (apre in una nuova scheda)\"><strong>Food Wave<\/strong><\/a>, volto a sensibilizzare e coinvolgere <strong>i giovani dai 15 ai 35 anni<\/strong>, affinch\u00e9 possano guidare la transizione globale verso <strong>un sistema alimentare sostenibile entro il 2030. <\/strong><\/p>\n\n\n\n<p>Il progetto \u00e8 cofinanziato dalla <strong>Commissione Europea<\/strong> con circa 8 milioni di euro attraverso il\nprogramma DEAR (Development Education and Awareness Raising) e guidato dal <strong>Comune di Milano<\/strong> in collaborazione con <strong>Mani Tese<\/strong>, ActionAid Italia, ACRA e\npartner stranieri.<\/p>\n\n\n\n<p><strong>Food Wave<\/strong> mira a\nraggiungere 15 milioni di giovani attraverso una piattaforma web e una campagna\ndigitale dedicate. Nel corso del progetto, i giovani saranno coinvolti <strong>in un ampio programma di apprendimento\nformale e non formale<\/strong>, <strong>street action,<\/strong>\n<strong>forum di discussione, art contest e\nscambi internazionali<\/strong> incentrati su pratiche di produzione e consumo\nalimentare volte a mitigare il cambiamento climatico e finalizzate alla\nco-progettazione di un futuro verde e inclusivo per le nostre citt\u00e0.<\/p>\n\n\n\n<p><strong>Mani Tese<\/strong>, in particolare, in Italia si occupa dell\u2019organizzazione delle <strong>scuole di attivismo sul tema CIBO, CLIMA E CITT\u00c0<\/strong>, di cui una gi\u00e0 conclusa con successo e <a href=\"https:\/\/manitese.it\/cibo-clima-e-citta-scuola-di-attivismo\" target=\"_blank\" rel=\"noreferrer noopener\" aria-label=\"un\u2019altra in partenza nelle prossime settimane (apre in una nuova scheda)\">un\u2019altra in partenza nelle prossime settimane<\/a>.<\/p>\n\n\n\n<p><em>\u201cLe scuole di attivismo hanno l\u2019obiettivo di ridare senso a parole abusate quali sostenibilit\u00e0 e biologico &#8211; <\/em>dichiara <strong>Giosu\u00e8 De Salvo, Responsabile Advocacy, Campagne ed Educazione di Mani Tese<\/strong><em> &#8211;&nbsp;di rafforzare il ruolo di changemaker dei giovani e di rivitalizzare l\u2019azione del terzo settore attraverso la contaminazione con i movimenti giovanili per la giustizia climatica e sociale<\/em>\u201d<\/p>\n\n\n\n<p><u><strong>L\u2019Earth\nDay<\/strong><\/u><\/p>\n\n\n\n<p>In occasione dell&#8217;<strong>Earth Day<\/strong>,\nche quest&#8217;anno affronta in modo particolare il cambiamento climatico con il\nSummit globale negli Stati Uniti organizzato dal presidente Joe Biden, <strong>Food Wave<\/strong> lancia la sua community\nonline, collegando attivisti di 17 paesi e 21 aree urbane, tra cui Londra,\nMadrid, Varsavia e San Paolo in Brasile. Il progetto coinvolge infatti 16\ncomuni e autorit\u00e0 locali e 13 organizzazioni della societ\u00e0 civile,\nguidate dal Comune di Milano. Il Consorzio Food Wave comprende anche <strong>C40<\/strong>, il network internazionale di citt\u00e0\nimpegnate nella lotta al cambiamento climatico.<\/p>\n\n\n\n<p><u><strong>Il sondaggio di\nMani Tese e SWG<\/strong><\/u><\/p>\n\n\n\n<p>Secondo <a href=\"https:\/\/manitese.it\/wp-content\/uploads\/2021\/04\/Swg-Mani-Tese_Food-Climate-in-Europa_sintesi-dei-risultati.pdf\" target=\"_blank\" rel=\"noreferrer noopener\" aria-label=\" (apre in una nuova scheda)\"><strong>un&#8217;indagine promossa dal centro di ricerca SWG e Mani Tese<\/strong><\/a> nell&#8217;ambito del progetto <strong>Food Wave<\/strong>, i giovani in Europa mostrano un alto grado di attivabilit\u00e0 sulle tematiche ambientali, ma ancora poca conoscenza: <strong>oltre il 70% dei giovani intervistati ritiene <\/strong>infatti <strong>che i consumatori possano giocare un ruolo decisivo nel ridurre l&#8217;impatto sull&#8217;ambiente<\/strong> con le loro scelte alimentari; tuttavia, <strong>solo 1 giovane su 4 mostra una consapevolezza adeguata del nesso cibo-clima<\/strong>. Questo \u00e8 il motivo per cui \u00e8 cos\u00ec importante rafforzare le conoscenze e le competenze dei giovani europei e la loro capacit\u00e0 di promuovere e monitorare la transizione agroecologica verso sistemi alimentari rispettosi dell\u2019ambiente e dei diritti delle persone.<\/p>\n\n\n\n<p><strong>Per informazioni:<\/strong><strong><\/strong><\/p>\n\n\n\n<p>Web: <a href=\"https:\/\/www.foodwave.eu\/\" target=\"_blank\" rel=\"noreferrer noopener\" aria-label=\"www.foodwave.eu (apre in una nuova scheda)\">www.foodwave.eu<\/a><\/p>\n\n\n\n<p>Facebook: <a href=\"https:\/\/www.facebook.com\/foodwaveproject\" target=\"_blank\" rel=\"noreferrer noopener\" aria-label=\"www.facebook.com\/foodwaveproject (apre in una nuova scheda)\">www.facebook.com\/foodwaveproject<\/a><\/p>\n\n\n\n<p>Instagram: <a href=\"https:\/\/www.instagram.com\/foodwaveproject\/\" target=\"_blank\" rel=\"noreferrer noopener\" aria-label=\"www.instagram.com\/foodwaveproject\/ (apre in una nuova scheda)\">www.instagram.com\/foodwaveproject\/<\/a><\/p>\n\n\n\n<p>Hashtag ufficiali:<em> #Foodwaveproject #CatchTheWave<\/em><\/p>\n","protected":false},"excerpt":{"rendered":"<p>Un\u2019iniziativa del Comune di Milano, in collaborazione con Mani Tese, Acra e Action Aid, che coinvolge migliaia di attivisti under-35 provenienti da tutta Europa per promuovere sistemi alimentari urbani equi e sostenibili entro il 2030.<\/p>\n","protected":false},"author":1,"featured_media":75539,"comment_status":"open","ping_status":"open","sticky":false,"template":"","format":"standard","meta":{"_acf_changed":false,"give_campaign_id":0,"inline_featured_image":false,"_jetpack_memberships_contains_paid_content":false,"footnotes":""},"categories":[1],"tags":[],"thematic_area":[],"class_list":["post-75537","post","type-post","status-publish","format-standard","has-post-thumbnail","hentry","category-news"],"acf":[],"yoast_head":"<!-- This site is optimized with the Yoast SEO plugin v27.5 - https:\/\/yoast.com\/product\/yoast-seo-wordpress\/ -->\n<title>Earth Day: Milano lancia \u201cFood Wave\u201d, la comunit\u00e0 di giovani attivisti che chiede cibo buono per il clima e per le persone - Mani Tese<\/title>\n<meta name=\"description\" content=\"Earth Day: Milano lancia \u201cFood Wave\u201d, la comunit\u00e0 di giovani attivisti che chiede cibo buono per il clima e per le persone. Scopri di pi\u00f9!\" \/>\n<meta name=\"robots\" content=\"index, follow, max-snippet:-1, max-image-preview:large, max-video-preview:-1\" \/>\n<link rel=\"canonical\" href=\"https:\/\/www.manitese.it\/en\/earth-day-milano-lancia-food-wave\/\" \/>\n<meta property=\"og:locale\" content=\"en_US\" \/>\n<meta property=\"og:type\" content=\"article\" \/>\n<meta property=\"og:title\" content=\"Earth Day: Milano lancia \u201cFood Wave\u201d, la comunit\u00e0 di giovani attivisti che chiede cibo buono per il clima e per le persone - Mani Tese\" \/>\n<meta property=\"og:description\" content=\"Earth Day: Milano lancia \u201cFood Wave\u201d, la comunit\u00e0 di giovani attivisti che chiede cibo buono per il clima e per le persone. Scopri di pi\u00f9!\" \/>\n<meta property=\"og:url\" content=\"https:\/\/www.manitese.it\/en\/earth-day-milano-lancia-food-wave\/\" \/>\n<meta property=\"og:site_name\" content=\"Mani Tese\" \/>\n<meta property=\"article:published_time\" content=\"2021-04-22T14:45:14+00:00\" \/>\n<meta property=\"article:modified_time\" content=\"2025-07-10T09:27:49+00:00\" \/>\n<meta property=\"og:image\" content=\"https:\/\/www.manitese.it\/wp-content\/uploads\/2021\/04\/earth-day-food-wave-mani-tese-2021-cover-1.jpg\" \/>\n\t<meta property=\"og:image:width\" content=\"1920\" \/>\n\t<meta property=\"og:image:height\" content=\"800\" \/>\n\t<meta property=\"og:image:type\" content=\"image\/jpeg\" \/>\n<meta name=\"author\" content=\"agevis\" \/>\n<meta name=\"twitter:card\" content=\"summary_large_image\" \/>\n<meta name=\"twitter:label1\" content=\"Written by\" \/>\n\t<meta name=\"twitter:data1\" content=\"agevis\" \/>\n\t<meta name=\"twitter:label2\" content=\"Est. reading time\" \/>\n\t<meta name=\"twitter:data2\" content=\"3 minutes\" \/>\n<script type=\"application\/ld+json\" class=\"yoast-schema-graph\">{\"@context\":\"https:\\\/\\\/schema.org\",\"@graph\":[{\"@type\":\"Article\",\"@id\":\"https:\\\/\\\/www.manitese.it\\\/en\\\/earth-day-milano-lancia-food-wave\\\/#article\",\"isPartOf\":{\"@id\":\"https:\\\/\\\/www.manitese.it\\\/en\\\/earth-day-milano-lancia-food-wave\\\/\"},\"author\":{\"name\":\"agevis\",\"@id\":\"https:\\\/\\\/www.manitese.it\\\/en\\\/#\\\/schema\\\/person\\\/5a9774f17e4940e2510bfeba90f04f65\"},\"headline\":\"Earth Day: Milano lancia \u201cFood Wave\u201d, la comunit\u00e0 di giovani attivisti che chiede cibo buono per il clima e per le persone\",\"datePublished\":\"2021-04-22T14:45:14+00:00\",\"dateModified\":\"2025-07-10T09:27:49+00:00\",\"mainEntityOfPage\":{\"@id\":\"https:\\\/\\\/www.manitese.it\\\/en\\\/earth-day-milano-lancia-food-wave\\\/\"},\"wordCount\":493,\"commentCount\":0,\"image\":{\"@id\":\"https:\\\/\\\/www.manitese.it\\\/en\\\/earth-day-milano-lancia-food-wave\\\/#primaryimage\"},\"thumbnailUrl\":\"https:\\\/\\\/www.manitese.it\\\/wp-content\\\/uploads\\\/2021\\\/04\\\/earth-day-food-wave-mani-tese-2021-cover-1.jpg\",\"articleSection\":[\"News\"],\"inLanguage\":\"en-US\",\"potentialAction\":[{\"@type\":\"CommentAction\",\"name\":\"Comment\",\"target\":[\"https:\\\/\\\/www.manitese.it\\\/en\\\/earth-day-milano-lancia-food-wave\\\/#respond\"]}]},{\"@type\":\"WebPage\",\"@id\":\"https:\\\/\\\/www.manitese.it\\\/en\\\/earth-day-milano-lancia-food-wave\\\/\",\"url\":\"https:\\\/\\\/www.manitese.it\\\/en\\\/earth-day-milano-lancia-food-wave\\\/\",\"name\":\"Earth Day: Milano lancia \u201cFood Wave\u201d, la comunit\u00e0 di giovani attivisti che chiede cibo buono per il clima e per le persone - Mani Tese\",\"isPartOf\":{\"@id\":\"https:\\\/\\\/www.manitese.it\\\/en\\\/#website\"},\"primaryImageOfPage\":{\"@id\":\"https:\\\/\\\/www.manitese.it\\\/en\\\/earth-day-milano-lancia-food-wave\\\/#primaryimage\"},\"image\":{\"@id\":\"https:\\\/\\\/www.manitese.it\\\/en\\\/earth-day-milano-lancia-food-wave\\\/#primaryimage\"},\"thumbnailUrl\":\"https:\\\/\\\/www.manitese.it\\\/wp-content\\\/uploads\\\/2021\\\/04\\\/earth-day-food-wave-mani-tese-2021-cover-1.jpg\",\"datePublished\":\"2021-04-22T14:45:14+00:00\",\"dateModified\":\"2025-07-10T09:27:49+00:00\",\"author\":{\"@id\":\"https:\\\/\\\/www.manitese.it\\\/en\\\/#\\\/schema\\\/person\\\/5a9774f17e4940e2510bfeba90f04f65\"},\"description\":\"Earth Day: Milano lancia \u201cFood Wave\u201d, la comunit\u00e0 di giovani attivisti che chiede cibo buono per il clima e per le persone. Scopri di pi\u00f9!\",\"breadcrumb\":{\"@id\":\"https:\\\/\\\/www.manitese.it\\\/en\\\/earth-day-milano-lancia-food-wave\\\/#breadcrumb\"},\"inLanguage\":\"en-US\",\"potentialAction\":[{\"@type\":\"ReadAction\",\"target\":[\"https:\\\/\\\/www.manitese.it\\\/en\\\/earth-day-milano-lancia-food-wave\\\/\"]}]},{\"@type\":\"ImageObject\",\"inLanguage\":\"en-US\",\"@id\":\"https:\\\/\\\/www.manitese.it\\\/en\\\/earth-day-milano-lancia-food-wave\\\/#primaryimage\",\"url\":\"https:\\\/\\\/www.manitese.it\\\/wp-content\\\/uploads\\\/2021\\\/04\\\/earth-day-food-wave-mani-tese-2021-cover-1.jpg\",\"contentUrl\":\"https:\\\/\\\/www.manitese.it\\\/wp-content\\\/uploads\\\/2021\\\/04\\\/earth-day-food-wave-mani-tese-2021-cover-1.jpg\",\"width\":1920,\"height\":800,\"caption\":\"earth day food wave mani tese 2021\"},{\"@type\":\"BreadcrumbList\",\"@id\":\"https:\\\/\\\/www.manitese.it\\\/en\\\/earth-day-milano-lancia-food-wave\\\/#breadcrumb\",\"itemListElement\":[{\"@type\":\"ListItem\",\"position\":1,\"name\":\"Home\",\"item\":\"https:\\\/\\\/www.manitese.it\\\/en\\\/\"},{\"@type\":\"ListItem\",\"position\":2,\"name\":\"Earth Day: Milano lancia \u201cFood Wave\u201d, la comunit\u00e0 di giovani attivisti che chiede cibo buono per il clima e per le persone\"}]},{\"@type\":\"WebSite\",\"@id\":\"https:\\\/\\\/www.manitese.it\\\/en\\\/#website\",\"url\":\"https:\\\/\\\/www.manitese.it\\\/en\\\/\",\"name\":\"Mani Tese\",\"description\":\"\",\"potentialAction\":[{\"@type\":\"SearchAction\",\"target\":{\"@type\":\"EntryPoint\",\"urlTemplate\":\"https:\\\/\\\/www.manitese.it\\\/en\\\/?s={search_term_string}\"},\"query-input\":{\"@type\":\"PropertyValueSpecification\",\"valueRequired\":true,\"valueName\":\"search_term_string\"}}],\"inLanguage\":\"en-US\"},{\"@type\":\"Person\",\"@id\":\"https:\\\/\\\/www.manitese.it\\\/en\\\/#\\\/schema\\\/person\\\/5a9774f17e4940e2510bfeba90f04f65\",\"name\":\"agevis\",\"image\":{\"@type\":\"ImageObject\",\"inLanguage\":\"en-US\",\"@id\":\"https:\\\/\\\/secure.gravatar.com\\\/avatar\\\/2dc96c93fcf3387a5922a93b50fb3bff01d4800590fb6a4ab91a034adb25ba17?s=96&d=mm&r=g\",\"url\":\"https:\\\/\\\/secure.gravatar.com\\\/avatar\\\/2dc96c93fcf3387a5922a93b50fb3bff01d4800590fb6a4ab91a034adb25ba17?s=96&d=mm&r=g\",\"contentUrl\":\"https:\\\/\\\/secure.gravatar.com\\\/avatar\\\/2dc96c93fcf3387a5922a93b50fb3bff01d4800590fb6a4ab91a034adb25ba17?s=96&d=mm&r=g\",\"caption\":\"agevis\"},\"url\":\"https:\\\/\\\/www.manitese.it\\\/en\\\/author\\\/wp_agevis_admin\\\/\"}]}<\/script>\n<!-- \/ Yoast SEO plugin. -->","yoast_head_json":{"title":"Earth Day: Milano lancia \u201cFood Wave\u201d, la comunit\u00e0 di giovani attivisti che chiede cibo buono per il clima e per le persone - Mani Tese","description":"Earth Day: Milano lancia \u201cFood Wave\u201d, la comunit\u00e0 di giovani attivisti che chiede cibo buono per il clima e per le persone. Scopri di pi\u00f9!","robots":{"index":"index","follow":"follow","max-snippet":"max-snippet:-1","max-image-preview":"max-image-preview:large","max-video-preview":"max-video-preview:-1"},"canonical":"https:\/\/www.manitese.it\/en\/earth-day-milano-lancia-food-wave\/","og_locale":"en_US","og_type":"article","og_title":"Earth Day: Milano lancia \u201cFood Wave\u201d, la comunit\u00e0 di giovani attivisti che chiede cibo buono per il clima e per le persone - Mani Tese","og_description":"Earth Day: Milano lancia \u201cFood Wave\u201d, la comunit\u00e0 di giovani attivisti che chiede cibo buono per il clima e per le persone. Scopri di pi\u00f9!","og_url":"https:\/\/www.manitese.it\/en\/earth-day-milano-lancia-food-wave\/","og_site_name":"Mani Tese","article_published_time":"2021-04-22T14:45:14+00:00","article_modified_time":"2025-07-10T09:27:49+00:00","og_image":[{"width":1920,"height":800,"url":"https:\/\/www.manitese.it\/wp-content\/uploads\/2021\/04\/earth-day-food-wave-mani-tese-2021-cover-1.jpg","type":"image\/jpeg"}],"author":"agevis","twitter_card":"summary_large_image","twitter_misc":{"Written by":"agevis","Est. reading time":"3 minutes"},"schema":{"@context":"https:\/\/schema.org","@graph":[{"@type":"Article","@id":"https:\/\/www.manitese.it\/en\/earth-day-milano-lancia-food-wave\/#article","isPartOf":{"@id":"https:\/\/www.manitese.it\/en\/earth-day-milano-lancia-food-wave\/"},"author":{"name":"agevis","@id":"https:\/\/www.manitese.it\/en\/#\/schema\/person\/5a9774f17e4940e2510bfeba90f04f65"},"headline":"Earth Day: Milano lancia \u201cFood Wave\u201d, la comunit\u00e0 di giovani attivisti che chiede cibo buono per il clima e per le persone","datePublished":"2021-04-22T14:45:14+00:00","dateModified":"2025-07-10T09:27:49+00:00","mainEntityOfPage":{"@id":"https:\/\/www.manitese.it\/en\/earth-day-milano-lancia-food-wave\/"},"wordCount":493,"commentCount":0,"image":{"@id":"https:\/\/www.manitese.it\/en\/earth-day-milano-lancia-food-wave\/#primaryimage"},"thumbnailUrl":"https:\/\/www.manitese.it\/wp-content\/uploads\/2021\/04\/earth-day-food-wave-mani-tese-2021-cover-1.jpg","articleSection":["News"],"inLanguage":"en-US","potentialAction":[{"@type":"CommentAction","name":"Comment","target":["https:\/\/www.manitese.it\/en\/earth-day-milano-lancia-food-wave\/#respond"]}]},{"@type":"WebPage","@id":"https:\/\/www.manitese.it\/en\/earth-day-milano-lancia-food-wave\/","url":"https:\/\/www.manitese.it\/en\/earth-day-milano-lancia-food-wave\/","name":"Earth Day: Milano lancia \u201cFood Wave\u201d, la comunit\u00e0 di giovani attivisti che chiede cibo buono per il clima e per le persone - Mani Tese","isPartOf":{"@id":"https:\/\/www.manitese.it\/en\/#website"},"primaryImageOfPage":{"@id":"https:\/\/www.manitese.it\/en\/earth-day-milano-lancia-food-wave\/#primaryimage"},"image":{"@id":"https:\/\/www.manitese.it\/en\/earth-day-milano-lancia-food-wave\/#primaryimage"},"thumbnailUrl":"https:\/\/www.manitese.it\/wp-content\/uploads\/2021\/04\/earth-day-food-wave-mani-tese-2021-cover-1.jpg","datePublished":"2021-04-22T14:45:14+00:00","dateModified":"2025-07-10T09:27:49+00:00","author":{"@id":"https:\/\/www.manitese.it\/en\/#\/schema\/person\/5a9774f17e4940e2510bfeba90f04f65"},"description":"Earth Day: Milano lancia \u201cFood Wave\u201d, la comunit\u00e0 di giovani attivisti che chiede cibo buono per il clima e per le persone. Scopri di pi\u00f9!","breadcrumb":{"@id":"https:\/\/www.manitese.it\/en\/earth-day-milano-lancia-food-wave\/#breadcrumb"},"inLanguage":"en-US","potentialAction":[{"@type":"ReadAction","target":["https:\/\/www.manitese.it\/en\/earth-day-milano-lancia-food-wave\/"]}]},{"@type":"ImageObject","inLanguage":"en-US","@id":"https:\/\/www.manitese.it\/en\/earth-day-milano-lancia-food-wave\/#primaryimage","url":"https:\/\/www.manitese.it\/wp-content\/uploads\/2021\/04\/earth-day-food-wave-mani-tese-2021-cover-1.jpg","contentUrl":"https:\/\/www.manitese.it\/wp-content\/uploads\/2021\/04\/earth-day-food-wave-mani-tese-2021-cover-1.jpg","width":1920,"height":800,"caption":"earth day food wave mani tese 2021"},{"@type":"BreadcrumbList","@id":"https:\/\/www.manitese.it\/en\/earth-day-milano-lancia-food-wave\/#breadcrumb","itemListElement":[{"@type":"ListItem","position":1,"name":"Home","item":"https:\/\/www.manitese.it\/en\/"},{"@type":"ListItem","position":2,"name":"Earth Day: Milano lancia \u201cFood Wave\u201d, la comunit\u00e0 di giovani attivisti che chiede cibo buono per il clima e per le persone"}]},{"@type":"WebSite","@id":"https:\/\/www.manitese.it\/en\/#website","url":"https:\/\/www.manitese.it\/en\/","name":"Mani Tese","description":"","potentialAction":[{"@type":"SearchAction","target":{"@type":"EntryPoint","urlTemplate":"https:\/\/www.manitese.it\/en\/?s={search_term_string}"},"query-input":{"@type":"PropertyValueSpecification","valueRequired":true,"valueName":"search_term_string"}}],"inLanguage":"en-US"},{"@type":"Person","@id":"https:\/\/www.manitese.it\/en\/#\/schema\/person\/5a9774f17e4940e2510bfeba90f04f65","name":"agevis","image":{"@type":"ImageObject","inLanguage":"en-US","@id":"https:\/\/secure.gravatar.com\/avatar\/2dc96c93fcf3387a5922a93b50fb3bff01d4800590fb6a4ab91a034adb25ba17?s=96&d=mm&r=g","url":"https:\/\/secure.gravatar.com\/avatar\/2dc96c93fcf3387a5922a93b50fb3bff01d4800590fb6a4ab91a034adb25ba17?s=96&d=mm&r=g","contentUrl":"https:\/\/secure.gravatar.com\/avatar\/2dc96c93fcf3387a5922a93b50fb3bff01d4800590fb6a4ab91a034adb25ba17?s=96&d=mm&r=g","caption":"agevis"},"url":"https:\/\/www.manitese.it\/en\/author\/wp_agevis_admin\/"}]}},"jetpack_featured_media_url":"https:\/\/www.manitese.it\/wp-content\/uploads\/2021\/04\/earth-day-food-wave-mani-tese-2021-cover-1.jpg","jetpack_sharing_enabled":true,"_links":{"self":[{"href":"https:\/\/www.manitese.it\/en\/wp-json\/wp\/v2\/posts\/75537","targetHints":{"allow":["GET"]}}],"collection":[{"href":"https:\/\/www.manitese.it\/en\/wp-json\/wp\/v2\/posts"}],"about":[{"href":"https:\/\/www.manitese.it\/en\/wp-json\/wp\/v2\/types\/post"}],"author":[{"embeddable":true,"href":"https:\/\/www.manitese.it\/en\/wp-json\/wp\/v2\/users\/1"}],"replies":[{"embeddable":true,"href":"https:\/\/www.manitese.it\/en\/wp-json\/wp\/v2\/comments?post=75537"}],"version-history":[{"count":3,"href":"https:\/\/www.manitese.it\/en\/wp-json\/wp\/v2\/posts\/75537\/revisions"}],"predecessor-version":[{"id":200097,"href":"https:\/\/www.manitese.it\/en\/wp-json\/wp\/v2\/posts\/75537\/revisions\/200097"}],"wp:featuredmedia":[{"embeddable":true,"href":"https:\/\/www.manitese.it\/en\/wp-json\/wp\/v2\/media\/75539"}],"wp:attachment":[{"href":"https:\/\/www.manitese.it\/en\/wp-json\/wp\/v2\/media?parent=75537"}],"wp:term":[{"taxonomy":"category","embeddable":true,"href":"https:\/\/www.manitese.it\/en\/wp-json\/wp\/v2\/categories?post=75537"},{"taxonomy":"post_tag","embeddable":true,"href":"https:\/\/www.manitese.it\/en\/wp-json\/wp\/v2\/tags?post=75537"},{"taxonomy":"thematic_area","embeddable":true,"href":"https:\/\/www.manitese.it\/en\/wp-json\/wp\/v2\/thematic_area?post=75537"}],"curies":[{"name":"wp","href":"https:\/\/api.w.org\/{rel}","templated":true}]}}