{"id":74767,"date":"2021-03-31T12:12:35","date_gmt":"2021-03-31T10:12:35","guid":{"rendered":"https:\/\/manitese.it\/?p=74767"},"modified":"2023-12-14T11:00:34","modified_gmt":"2023-12-14T10:00:34","slug":"il-nostro-impegno-per-lo-sviluppo-sostenibile-di-ouagadougou","status":"publish","type":"post","link":"https:\/\/www.manitese.it\/en\/il-nostro-impegno-per-lo-sviluppo-sostenibile-di-ouagadougou\/","title":{"rendered":"IL NOSTRO IMPEGNO PER LO SVILUPPO SOSTENIBILE DI OUAGADOUGOU"},"content":{"rendered":"\r\n<p><strong>La popolazione di Ouagadougou<\/strong>, secondo stime ufficiali,\u00a0<strong>nel 2050 salir\u00e0 a 10 milioni di persone<\/strong>. Se pensiamo che oggi la citt\u00e0 ospita circa 2,5 milioni di abitanti, questo significa che nel giro di 30 anni scarsi la popolazione quadruplicher\u00e0. 7,5 milioni di persone in pi\u00f9 che necessiteranno di cibo, acqua, cure essenziali, lavoro. Come rispondere a queste sfide?<\/p>\r\n\r\n\r\n\r\n<p>Noi di\u00a0<strong>Mani Tese<\/strong>\u00a0qui in Burkina Faso ce lo siamo chiesti e, insieme alla municipalit\u00e0 della citt\u00e0, abbiamo provato a dare il nostro contributo. Come? Con una serie di interventi realizzati nell\u2019ambito del\u00a0progetto\u00a0<strong>\u201c<\/strong><a href=\"https:\/\/manitese.it\/progetto\/imprese-sociali-innovative-partecipazione-migranti-per-inclusione-sociale-burkina-faso\" target=\"_blank\" rel=\"noreferrer noopener\"><strong>Imprese sociali innovative e partecipazione dei migranti per l\u2019inclusione sociale in Burkina Faso<\/strong><\/a><strong>\u201d\u00a0<\/strong>cofinanziato dall\u2019<a href=\"https:\/\/www.aics.gov.it\/\" target=\"_blank\" rel=\"noreferrer noopener\"><strong>Agenzia Italiana per la Cooperazione allo Sviluppo<\/strong><\/a>e da\u00a0<strong>Fondazione Maria Enrica<\/strong><em>.<\/em><\/p>\r\n\r\n\r\n\r\n<p>Prima di tutto,\u00a0<strong>abbiamo lavorato alla riabilitazione di una prima parcella della\u00a0<\/strong><a href=\"https:\/\/manitese.it\/mille-alberi-nuova-vita-al-polmone-verde-di-ouagadougou\" target=\"_blank\" rel=\"noreferrer noopener\" aria-label=\" (apre in una nuova scheda)\"><strong>\u201ccintura verde di Ouaga\u201d<\/strong><\/a>, un insieme di aree verdi promosse ai tempi della presidenza di Thomas Sankara e poi abbandonate all\u2019incuria. Il progetto del municipio, che Mani Tese ha sposato, \u00e8 quello di rigenerare queste zone, adibendole al loro scopo originario, ovvero\u00a0<strong>l\u2019orticoltura combinata all\u2019arboricoltura da frutto<\/strong>. Per questo, su una prima parcella esemplare di 5 ettari,\u00a0<strong>abbiamo installato un sistema irriguo solare e piantato un buon numero di specie di alberi\u00a0<\/strong>(papaie, n\u00e9r\u00e9 e karit\u00e9), che crescendo diventeranno una piccola foresta che potr\u00e0 fornire cibo alla citt\u00e0. Le donne beneficiarie di quest\u2019area gi\u00e0 oggi vivono degli ortaggi che coltivano sul terreno e garantiscono la cura e la tutela dell\u2019area.\u00a0<\/p>\r\n\r\n\r\n\r\n<p>La seconda azione che abbiamo intrapreso, \u00e8 stata quella di recensire tutti gli orticoltori della citt\u00e0 e individuare tra loro\u00a0<a href=\"https:\/\/manitese.it\/distribuiti-kit-per-agricoltura-in-burkina-faso\" target=\"_blank\" rel=\"noreferrer noopener\" aria-label=\" (apre in una nuova scheda)\"><strong>201 donne vulnerabili a cui donare un kit per l\u2019agricoltura o una motopompa per l\u2019irrigazione dei campi<\/strong><\/a>. Un\u2019iniziativa importante per facilitare il lavoro di queste donne che producono anche per il sostentamento della citt\u00e0.<\/p>\r\n\r\n\r\n\r\n<p>L\u2019ultimo contributo che abbiamo voluto dare \u00e8\u00a0<strong>promuovere l\u2019engagement dei\/delle giovani, che saranno i\/le leader del domani<\/strong>, coloro che effettivamente si ritroveranno a dover far fronte alle sfide del futuro. Per far questo, sempre in collaborazione con la municipalit\u00e0 di Ouagadougou ma anche con la\u00a0<a href=\"https:\/\/www.acra.it\/\" target=\"_blank\" rel=\"noreferrer noopener\" aria-label=\" (apre in una nuova scheda)\"><strong>Fondazione ACRA<\/strong><\/a>, abbiamo lanciato un concorso, dal titolo\u00a0<strong>\u201cNourrir Ouaga\u201d<\/strong>, aperto ai giovani della citt\u00e0 che hanno avuto la possibilit\u00e0 di proporre soluzioni innovative e tecnologiche per rispondere ai problemi del sistema agro-alimentare di Ouagadougou.<\/p>\r\n\r\n\r\n\r\n<p><strong>Il concorso ha premiato 5 ragazzi di meno di 18 anni e 5 giovani tra i 18 e i 35 anni<\/strong>. La prima categoria ha raccolto progetti interessanti dagli studenti dei licei della citt\u00e0, accompagnati dalla Fondazione ACRA in un percorso di alfabetizzazione informatica, che hanno vinto un computer portatile con cui sperimentare quanto appreso in classe. La seconda categoria, invece, ha visto premiati 5 giovani che sono stai aiutanti a sviluppare il proprio progetto.<\/p>\r\n\r\n\r\n\r\n<p>In particolare,\u00a0<strong>Nassirou Maiga<\/strong>, vincitore del primo premio, ha realizzato il video demo della sua app \u201cSmart Doctor\u201d nata per aiutare gli agricoltori a riconoscere e curare le malattie delle piante;\u00a0<strong>Poupla Annick Som\u00e9<\/strong>\u00a0ha ricevuto un computer molto performante per sviluppare la sua app \u201cOuaga Sans Faim\u201d che metter\u00e0 in contatto produttori, trasformatori, trasportatori e clienti della citt\u00e0, oltre ad avere al suo interno dei tutorial su come prendersi cura delle piante.\u00a0<strong>Ars\u00e8ne Gambo<\/strong>, terzo classificato, ha potuto sperimentare in 8 famiglie della citt\u00e0 il suo progetto \u201cFamily Vegetables Grower\u201d, con il quale \u00e8 possibile produrre le proprie verdure tramite tecniche idroponiche direttamente a casa propria, con un monitoraggio via cellulare, un progetto che sta avendo grande successo e per cui c\u2019\u00e8 gi\u00e0 domanda in altre citt\u00e0 del Burkina Faso.\u00a0<strong>Angeline Diarra<\/strong>, invece, sta realizzando una sperimentazione di piscicoltura combinata alla coltura di cipolla, in un sistema di produzione agroecologica. Infine,\u00a0<strong>Innocent Combari<\/strong>\u00a0ha potuto aprire in citt\u00e0 una sua boutique di prodotti provenienti da campi dove vengono utilizzate tecniche agroecologiche.<\/p>\r\n\r\n\r\n\r\n<p>Tutti e 10 i vincitori sono stati premiati durante il\u00a0<a href=\"https:\/\/manitese.it\/4-forum-regionale-delle-citta-africane-milan-urban-food-policy-pact\" target=\"_blank\" rel=\"noreferrer noopener\" aria-label=\" (apre in una nuova scheda)\"><strong>Forum regionale delle citt\u00e0 africane firmatarie del Milan Urban Food Policy Pact (MUFPP)<\/strong><\/a>, che si \u00e8 tenuto a Ouagadougou dal 15 al 19 febbraio scorsi, e hanno avuto cos\u00ec la possibilit\u00e0 di presentare i propri progetti di fronte alla comunit\u00e0 internazionale che si \u00e8 dimostrata molto interessata e colpita dalle loro idee, dal loro dinamismo e dal loro impegno per la citt\u00e0.<\/p>\r\n\r\n\r\n\r\n<p>Abbiamo iniziato quindi iniziato a piantare i primi semi per raccogliere le sfide che la citt\u00e0 di Ouagadogou dovr\u00e0 affrontare (e in parte affronta gi\u00e0). Speriamo che in tanti contribuiscano a loro volta e che insieme si arrivi lontano. Precisamente a 10.000.000.<\/p>\r\n\r\n\r\n\r\n<p>Qui di seguito alcune foto della premiazione del concorso \u201cNourrir Ouaga\u201d:<\/p>\r\n\r\n\r\n\r\n<div class=\"wp-block-image\">\r\n<figure class=\"aligncenter size-large\"><a href=\"https:\/\/manitese.it\/wp-content\/uploads\/2021\/03\/sviluppo-sostenibile-ouagadougou-mani-tese-2021_3.jpg\"><img decoding=\"async\" class=\"wp-image-74806\" src=\"https:\/\/manitese.it\/wp-content\/uploads\/2021\/03\/sviluppo-sostenibile-ouagadougou-mani-tese-2021_3-1024x468.jpg\" alt=\"\" \/><\/a>\r\n<figcaption>I vincitori del concorso insieme al sindaco di Ouagadougou Armand B\u00e9ouind\u00e9 e alle rappresentanti di Mani Tese e ACRA<\/figcaption>\r\n<\/figure>\r\n<\/div>\r\n\r\n\r\n\r\n<div class=\"wp-block-image\">\r\n<figure class=\"aligncenter size-large\"><a href=\"https:\/\/manitese.it\/wp-content\/uploads\/2021\/03\/I-giovani-under-18-vincitori-del-concorso-con-il-sindaco-di-Ouagadougou-Armand-B\u00e9ouind\u00e9-mani-tese-2021_2.jpg\"><img decoding=\"async\" class=\"wp-image-74809\" src=\"https:\/\/manitese.it\/wp-content\/uploads\/2021\/03\/I-giovani-under-18-vincitori-del-concorso-con-il-sindaco-di-Ouagadougou-Armand-B\u00e9ouind\u00e9-mani-tese-2021_2.jpg\" alt=\"\" \/><\/a>\r\n<figcaption>I giovani under 18 vincitori del concorso con il sindaco di Ouagadougou Armand B\u00e9ouind\u00e9<\/figcaption>\r\n<\/figure>\r\n<\/div>\r\n\r\n\r\n\r\n<div class=\"wp-block-image\">\r\n<figure class=\"aligncenter size-large\"><a href=\"https:\/\/manitese.it\/wp-content\/uploads\/2021\/03\/sviluppo-sostenibile-ouagadougou-mani-tese-2021.jpg\"><img decoding=\"async\" class=\"wp-image-74798\" src=\"https:\/\/manitese.it\/wp-content\/uploads\/2021\/03\/sviluppo-sostenibile-ouagadougou-mani-tese-2021-1024x768.jpg\" alt=\"\" \/><\/a>\r\n<figcaption>I vincitori del concorso per adulti insieme a Giulia Polato (Mani Tese) e Elena De Giosa (ACRA)<\/figcaption>\r\n<\/figure>\r\n<\/div>\r\n\r\n\r\n\r\n<div class=\"wp-block-image\">\r\n<figure class=\"aligncenter size-large\"><a href=\"https:\/\/manitese.it\/wp-content\/uploads\/2021\/03\/Angeline-Diarra-premiata-da-Katelyn-Buisman-Responsabile-Progetto-di-ACRA-mani-tese-2021.jpg\"><img decoding=\"async\" class=\"wp-image-74784\" src=\"https:\/\/manitese.it\/wp-content\/uploads\/2021\/03\/Angeline-Diarra-premiata-da-Katelyn-Buisman-Responsabile-Progetto-di-ACRA-mani-tese-2021.jpg\" alt=\"\" \/><\/a>\r\n<figcaption>Angeline Diarra premiata da Katelyn Buisman, Rappresentante Paese di ACRA<\/figcaption>\r\n<\/figure>\r\n<\/div>\r\n\r\n\r\n\r\n<div class=\"wp-block-image\">\r\n<figure class=\"aligncenter size-large\"><a href=\"https:\/\/manitese.it\/wp-content\/uploads\/2021\/03\/Innocent-Combari-e-Ars\u00e8ne-Gambo-premiati-dalla-nostra-Rappresentante-Paese-Giulia-Polato-mani-tese-2021.jpg\"><img decoding=\"async\" class=\"wp-image-74790\" src=\"https:\/\/manitese.it\/wp-content\/uploads\/2021\/03\/Innocent-Combari-e-Ars\u00e8ne-Gambo-premiati-dalla-nostra-Rappresentante-Paese-Giulia-Polato-mani-tese-2021.jpg\" alt=\"\" \/><\/a>\r\n<figcaption>Innocent Combari e Ars\u00e8ne Gambo premiati dalla nostra Rappresentante Paese Giulia Polato<\/figcaption>\r\n<\/figure>\r\n<\/div>\r\n\r\n\r\n\r\n<div class=\"wp-block-image\">\r\n<figure class=\"aligncenter size-large\"><a href=\"https:\/\/manitese.it\/wp-content\/uploads\/2021\/03\/Poupla-Annick-Som\u00e9-premiata-dal-sindaco-di-Ouagadougou-Armand-B\u00e9ouind\u00e9-mani-tese-2021.jpg\"><img decoding=\"async\" class=\"wp-image-74788\" src=\"https:\/\/manitese.it\/wp-content\/uploads\/2021\/03\/Poupla-Annick-Som\u00e9-premiata-dal-sindaco-di-Ouagadougou-Armand-B\u00e9ouind\u00e9-mani-tese-2021.jpg\" alt=\"\" \/><\/a>\r\n<figcaption>Poupla Annick Som\u00e9 premiata dal sindaco di Ouagadougou Armand B\u00e9ouind\u00e9<\/figcaption>\r\n<\/figure>\r\n<\/div>\r\n\r\n\r\n\r\n<div class=\"wp-block-image\">\r\n<figure class=\"aligncenter size-large\"><a href=\"https:\/\/manitese.it\/wp-content\/uploads\/2021\/03\/Nassirou-Maiga-premiato-dal-sindaco-di-Ouagadougou-Armand-B\u00e9ouind\u00e9-mani-tese-2021.jpg\"><img decoding=\"async\" class=\"wp-image-74792\" src=\"https:\/\/manitese.it\/wp-content\/uploads\/2021\/03\/Nassirou-Maiga-premiato-dal-sindaco-di-Ouagadougou-Armand-B\u00e9ouind\u00e9-mani-tese-2021.jpg\" alt=\"\" \/><\/a>\r\n<figcaption>Nassirou Maiga premiato dal sindaco di Ouagadougou Armand B\u00e9ouind\u00e9<\/figcaption>\r\n<\/figure>\r\n<\/div>\r\n\r\n\r\n\r\n<div class=\"wp-block-image\">\r\n<figure class=\"aligncenter size-large\"><a href=\"https:\/\/manitese.it\/wp-content\/uploads\/2021\/03\/Virginie-Seihon-vincitrice-categoria-giovani-con-Giulia-Mani-Tese-ed-Elena-ACRA.jpg\"><img decoding=\"async\" class=\"wp-image-74794\" src=\"https:\/\/manitese.it\/wp-content\/uploads\/2021\/03\/Virginie-Seihon-vincitrice-categoria-giovani-con-Giulia-Mani-Tese-ed-Elena-ACRA-1024x1024.jpg\" alt=\"\" \/><\/a>\r\n<figcaption>Virginie Seihon, vincitrice categoria giovani, con Giulia (Mani Tese) ed Elena De Giosa (ACRA)<\/figcaption>\r\n<\/figure>\r\n<\/div>\r\n\r\n\r\n\r\n<div class=\"wp-block-image\">\r\n<figure class=\"aligncenter size-large\"><a href=\"https:\/\/manitese.it\/wp-content\/uploads\/2021\/03\/locandina-concorso-\u201cNourrir-Ouaga\u201d-burkina-faso-mani-tese-2021.jpg\"><img decoding=\"async\" class=\"wp-image-74796\" src=\"https:\/\/manitese.it\/wp-content\/uploads\/2021\/03\/locandina-concorso-\u201cNourrir-Ouaga\u201d-burkina-faso-mani-tese-2021.jpg\" alt=\"\" \/><\/a>\r\n<figcaption>La locandina del concorso \u201cNourrir Ouaga\u201d<\/figcaption>\r\n<\/figure>\r\n<\/div>\r\n","protected":false},"excerpt":{"rendered":"<p>La capitale del Burkina Faso si sta espandendo velocemente e per questo stiamo lavorando allo sviluppo sostenibile della citt\u00e0.<\/p>\n","protected":false},"author":1,"featured_media":74774,"comment_status":"open","ping_status":"open","sticky":false,"template":"","format":"standard","meta":{"_acf_changed":false,"give_campaign_id":0,"inline_featured_image":false,"_jetpack_memberships_contains_paid_content":false,"footnotes":""},"categories":[3],"tags":[],"thematic_area":[918,907,916],"class_list":["post-74767","post","type-post","status-publish","format-standard","has-post-thumbnail","hentry","category-diari","thematic_area-sistemi-e-filiere-agroalimentari-locali","thematic_area-imprenditoria-sociale","thematic_area-citta-e-pratiche-sostenibili"],"acf":[],"yoast_head":"<!-- This site is optimized with the Yoast SEO plugin v27.5 - https:\/\/yoast.com\/product\/yoast-seo-wordpress\/ -->\n<title>IL NOSTRO IMPEGNO PER LO SVILUPPO SOSTENIBILE DI OUAGADOUGOU - Mani Tese<\/title>\n<meta name=\"description\" content=\"La capitale del Burkina Faso si sta espandendo velocemente e per questo stiamo lavorando allo sviluppo sostenibile della citt\u00e0.\" \/>\n<meta name=\"robots\" content=\"index, follow, max-snippet:-1, max-image-preview:large, max-video-preview:-1\" \/>\n<link rel=\"canonical\" href=\"https:\/\/www.manitese.it\/en\/il-nostro-impegno-per-lo-sviluppo-sostenibile-di-ouagadougou\/\" \/>\n<meta property=\"og:locale\" content=\"en_US\" \/>\n<meta property=\"og:type\" content=\"article\" \/>\n<meta property=\"og:title\" content=\"IL NOSTRO IMPEGNO PER LO SVILUPPO SOSTENIBILE DI OUAGADOUGOU - Mani Tese\" \/>\n<meta property=\"og:description\" content=\"La capitale del Burkina Faso si sta espandendo velocemente e per questo stiamo lavorando allo sviluppo sostenibile della citt\u00e0.\" \/>\n<meta property=\"og:url\" content=\"https:\/\/www.manitese.it\/en\/il-nostro-impegno-per-lo-sviluppo-sostenibile-di-ouagadougou\/\" \/>\n<meta property=\"og:site_name\" content=\"Mani Tese\" \/>\n<meta property=\"article:published_time\" content=\"2021-03-31T10:12:35+00:00\" \/>\n<meta property=\"article:modified_time\" content=\"2023-12-14T10:00:34+00:00\" \/>\n<meta property=\"og:image\" content=\"https:\/\/www.manitese.it\/wp-content\/uploads\/2021\/03\/sviluppo-sostenibile-ouagadougou-mani-tese-2021_cover1-1.jpg\" \/>\n\t<meta property=\"og:image:width\" content=\"1920\" \/>\n\t<meta property=\"og:image:height\" content=\"800\" \/>\n\t<meta property=\"og:image:type\" content=\"image\/jpeg\" \/>\n<meta name=\"author\" content=\"agevis\" \/>\n<meta name=\"twitter:card\" content=\"summary_large_image\" \/>\n<meta name=\"twitter:label1\" content=\"Written by\" \/>\n\t<meta name=\"twitter:data1\" content=\"agevis\" \/>\n\t<meta name=\"twitter:label2\" content=\"Est. reading time\" \/>\n\t<meta name=\"twitter:data2\" content=\"6 minutes\" \/>\n<script type=\"application\/ld+json\" class=\"yoast-schema-graph\">{\"@context\":\"https:\\\/\\\/schema.org\",\"@graph\":[{\"@type\":\"Article\",\"@id\":\"https:\\\/\\\/www.manitese.it\\\/en\\\/il-nostro-impegno-per-lo-sviluppo-sostenibile-di-ouagadougou\\\/#article\",\"isPartOf\":{\"@id\":\"https:\\\/\\\/www.manitese.it\\\/en\\\/il-nostro-impegno-per-lo-sviluppo-sostenibile-di-ouagadougou\\\/\"},\"author\":{\"name\":\"agevis\",\"@id\":\"https:\\\/\\\/www.manitese.it\\\/en\\\/#\\\/schema\\\/person\\\/5a9774f17e4940e2510bfeba90f04f65\"},\"headline\":\"IL NOSTRO IMPEGNO PER LO SVILUPPO SOSTENIBILE DI OUAGADOUGOU\",\"datePublished\":\"2021-03-31T10:12:35+00:00\",\"dateModified\":\"2023-12-14T10:00:34+00:00\",\"mainEntityOfPage\":{\"@id\":\"https:\\\/\\\/www.manitese.it\\\/en\\\/il-nostro-impegno-per-lo-sviluppo-sostenibile-di-ouagadougou\\\/\"},\"wordCount\":864,\"commentCount\":0,\"image\":{\"@id\":\"https:\\\/\\\/www.manitese.it\\\/en\\\/il-nostro-impegno-per-lo-sviluppo-sostenibile-di-ouagadougou\\\/#primaryimage\"},\"thumbnailUrl\":\"https:\\\/\\\/www.manitese.it\\\/wp-content\\\/uploads\\\/2021\\\/03\\\/sviluppo-sostenibile-ouagadougou-mani-tese-2021_cover1-1.jpg\",\"articleSection\":[\"Diari\"],\"inLanguage\":\"en-US\",\"potentialAction\":[{\"@type\":\"CommentAction\",\"name\":\"Comment\",\"target\":[\"https:\\\/\\\/www.manitese.it\\\/en\\\/il-nostro-impegno-per-lo-sviluppo-sostenibile-di-ouagadougou\\\/#respond\"]}]},{\"@type\":\"WebPage\",\"@id\":\"https:\\\/\\\/www.manitese.it\\\/en\\\/il-nostro-impegno-per-lo-sviluppo-sostenibile-di-ouagadougou\\\/\",\"url\":\"https:\\\/\\\/www.manitese.it\\\/en\\\/il-nostro-impegno-per-lo-sviluppo-sostenibile-di-ouagadougou\\\/\",\"name\":\"IL NOSTRO IMPEGNO PER LO SVILUPPO SOSTENIBILE DI OUAGADOUGOU - Mani Tese\",\"isPartOf\":{\"@id\":\"https:\\\/\\\/www.manitese.it\\\/en\\\/#website\"},\"primaryImageOfPage\":{\"@id\":\"https:\\\/\\\/www.manitese.it\\\/en\\\/il-nostro-impegno-per-lo-sviluppo-sostenibile-di-ouagadougou\\\/#primaryimage\"},\"image\":{\"@id\":\"https:\\\/\\\/www.manitese.it\\\/en\\\/il-nostro-impegno-per-lo-sviluppo-sostenibile-di-ouagadougou\\\/#primaryimage\"},\"thumbnailUrl\":\"https:\\\/\\\/www.manitese.it\\\/wp-content\\\/uploads\\\/2021\\\/03\\\/sviluppo-sostenibile-ouagadougou-mani-tese-2021_cover1-1.jpg\",\"datePublished\":\"2021-03-31T10:12:35+00:00\",\"dateModified\":\"2023-12-14T10:00:34+00:00\",\"author\":{\"@id\":\"https:\\\/\\\/www.manitese.it\\\/en\\\/#\\\/schema\\\/person\\\/5a9774f17e4940e2510bfeba90f04f65\"},\"description\":\"La capitale del Burkina Faso si sta espandendo velocemente e per questo stiamo lavorando allo sviluppo sostenibile della citt\u00e0.\",\"breadcrumb\":{\"@id\":\"https:\\\/\\\/www.manitese.it\\\/en\\\/il-nostro-impegno-per-lo-sviluppo-sostenibile-di-ouagadougou\\\/#breadcrumb\"},\"inLanguage\":\"en-US\",\"potentialAction\":[{\"@type\":\"ReadAction\",\"target\":[\"https:\\\/\\\/www.manitese.it\\\/en\\\/il-nostro-impegno-per-lo-sviluppo-sostenibile-di-ouagadougou\\\/\"]}]},{\"@type\":\"ImageObject\",\"inLanguage\":\"en-US\",\"@id\":\"https:\\\/\\\/www.manitese.it\\\/en\\\/il-nostro-impegno-per-lo-sviluppo-sostenibile-di-ouagadougou\\\/#primaryimage\",\"url\":\"https:\\\/\\\/www.manitese.it\\\/wp-content\\\/uploads\\\/2021\\\/03\\\/sviluppo-sostenibile-ouagadougou-mani-tese-2021_cover1-1.jpg\",\"contentUrl\":\"https:\\\/\\\/www.manitese.it\\\/wp-content\\\/uploads\\\/2021\\\/03\\\/sviluppo-sostenibile-ouagadougou-mani-tese-2021_cover1-1.jpg\",\"width\":1920,\"height\":800},{\"@type\":\"BreadcrumbList\",\"@id\":\"https:\\\/\\\/www.manitese.it\\\/en\\\/il-nostro-impegno-per-lo-sviluppo-sostenibile-di-ouagadougou\\\/#breadcrumb\",\"itemListElement\":[{\"@type\":\"ListItem\",\"position\":1,\"name\":\"Home\",\"item\":\"https:\\\/\\\/www.manitese.it\\\/en\\\/\"},{\"@type\":\"ListItem\",\"position\":2,\"name\":\"IL NOSTRO IMPEGNO PER LO SVILUPPO SOSTENIBILE DI OUAGADOUGOU\"}]},{\"@type\":\"WebSite\",\"@id\":\"https:\\\/\\\/www.manitese.it\\\/en\\\/#website\",\"url\":\"https:\\\/\\\/www.manitese.it\\\/en\\\/\",\"name\":\"Mani Tese\",\"description\":\"\",\"potentialAction\":[{\"@type\":\"SearchAction\",\"target\":{\"@type\":\"EntryPoint\",\"urlTemplate\":\"https:\\\/\\\/www.manitese.it\\\/en\\\/?s={search_term_string}\"},\"query-input\":{\"@type\":\"PropertyValueSpecification\",\"valueRequired\":true,\"valueName\":\"search_term_string\"}}],\"inLanguage\":\"en-US\"},{\"@type\":\"Person\",\"@id\":\"https:\\\/\\\/www.manitese.it\\\/en\\\/#\\\/schema\\\/person\\\/5a9774f17e4940e2510bfeba90f04f65\",\"name\":\"agevis\",\"image\":{\"@type\":\"ImageObject\",\"inLanguage\":\"en-US\",\"@id\":\"https:\\\/\\\/secure.gravatar.com\\\/avatar\\\/2dc96c93fcf3387a5922a93b50fb3bff01d4800590fb6a4ab91a034adb25ba17?s=96&d=mm&r=g\",\"url\":\"https:\\\/\\\/secure.gravatar.com\\\/avatar\\\/2dc96c93fcf3387a5922a93b50fb3bff01d4800590fb6a4ab91a034adb25ba17?s=96&d=mm&r=g\",\"contentUrl\":\"https:\\\/\\\/secure.gravatar.com\\\/avatar\\\/2dc96c93fcf3387a5922a93b50fb3bff01d4800590fb6a4ab91a034adb25ba17?s=96&d=mm&r=g\",\"caption\":\"agevis\"},\"url\":\"https:\\\/\\\/www.manitese.it\\\/en\\\/author\\\/wp_agevis_admin\\\/\"}]}<\/script>\n<!-- \/ Yoast SEO plugin. -->","yoast_head_json":{"title":"IL NOSTRO IMPEGNO PER LO SVILUPPO SOSTENIBILE DI OUAGADOUGOU - Mani Tese","description":"La capitale del Burkina Faso si sta espandendo velocemente e per questo stiamo lavorando allo sviluppo sostenibile della citt\u00e0.","robots":{"index":"index","follow":"follow","max-snippet":"max-snippet:-1","max-image-preview":"max-image-preview:large","max-video-preview":"max-video-preview:-1"},"canonical":"https:\/\/www.manitese.it\/en\/il-nostro-impegno-per-lo-sviluppo-sostenibile-di-ouagadougou\/","og_locale":"en_US","og_type":"article","og_title":"IL NOSTRO IMPEGNO PER LO SVILUPPO SOSTENIBILE DI OUAGADOUGOU - Mani Tese","og_description":"La capitale del Burkina Faso si sta espandendo velocemente e per questo stiamo lavorando allo sviluppo sostenibile della citt\u00e0.","og_url":"https:\/\/www.manitese.it\/en\/il-nostro-impegno-per-lo-sviluppo-sostenibile-di-ouagadougou\/","og_site_name":"Mani Tese","article_published_time":"2021-03-31T10:12:35+00:00","article_modified_time":"2023-12-14T10:00:34+00:00","og_image":[{"width":1920,"height":800,"url":"https:\/\/www.manitese.it\/wp-content\/uploads\/2021\/03\/sviluppo-sostenibile-ouagadougou-mani-tese-2021_cover1-1.jpg","type":"image\/jpeg"}],"author":"agevis","twitter_card":"summary_large_image","twitter_misc":{"Written by":"agevis","Est. reading time":"6 minutes"},"schema":{"@context":"https:\/\/schema.org","@graph":[{"@type":"Article","@id":"https:\/\/www.manitese.it\/en\/il-nostro-impegno-per-lo-sviluppo-sostenibile-di-ouagadougou\/#article","isPartOf":{"@id":"https:\/\/www.manitese.it\/en\/il-nostro-impegno-per-lo-sviluppo-sostenibile-di-ouagadougou\/"},"author":{"name":"agevis","@id":"https:\/\/www.manitese.it\/en\/#\/schema\/person\/5a9774f17e4940e2510bfeba90f04f65"},"headline":"IL NOSTRO IMPEGNO PER LO SVILUPPO SOSTENIBILE DI OUAGADOUGOU","datePublished":"2021-03-31T10:12:35+00:00","dateModified":"2023-12-14T10:00:34+00:00","mainEntityOfPage":{"@id":"https:\/\/www.manitese.it\/en\/il-nostro-impegno-per-lo-sviluppo-sostenibile-di-ouagadougou\/"},"wordCount":864,"commentCount":0,"image":{"@id":"https:\/\/www.manitese.it\/en\/il-nostro-impegno-per-lo-sviluppo-sostenibile-di-ouagadougou\/#primaryimage"},"thumbnailUrl":"https:\/\/www.manitese.it\/wp-content\/uploads\/2021\/03\/sviluppo-sostenibile-ouagadougou-mani-tese-2021_cover1-1.jpg","articleSection":["Diari"],"inLanguage":"en-US","potentialAction":[{"@type":"CommentAction","name":"Comment","target":["https:\/\/www.manitese.it\/en\/il-nostro-impegno-per-lo-sviluppo-sostenibile-di-ouagadougou\/#respond"]}]},{"@type":"WebPage","@id":"https:\/\/www.manitese.it\/en\/il-nostro-impegno-per-lo-sviluppo-sostenibile-di-ouagadougou\/","url":"https:\/\/www.manitese.it\/en\/il-nostro-impegno-per-lo-sviluppo-sostenibile-di-ouagadougou\/","name":"IL NOSTRO IMPEGNO PER LO SVILUPPO SOSTENIBILE DI OUAGADOUGOU - Mani Tese","isPartOf":{"@id":"https:\/\/www.manitese.it\/en\/#website"},"primaryImageOfPage":{"@id":"https:\/\/www.manitese.it\/en\/il-nostro-impegno-per-lo-sviluppo-sostenibile-di-ouagadougou\/#primaryimage"},"image":{"@id":"https:\/\/www.manitese.it\/en\/il-nostro-impegno-per-lo-sviluppo-sostenibile-di-ouagadougou\/#primaryimage"},"thumbnailUrl":"https:\/\/www.manitese.it\/wp-content\/uploads\/2021\/03\/sviluppo-sostenibile-ouagadougou-mani-tese-2021_cover1-1.jpg","datePublished":"2021-03-31T10:12:35+00:00","dateModified":"2023-12-14T10:00:34+00:00","author":{"@id":"https:\/\/www.manitese.it\/en\/#\/schema\/person\/5a9774f17e4940e2510bfeba90f04f65"},"description":"La capitale del Burkina Faso si sta espandendo velocemente e per questo stiamo lavorando allo sviluppo sostenibile della citt\u00e0.","breadcrumb":{"@id":"https:\/\/www.manitese.it\/en\/il-nostro-impegno-per-lo-sviluppo-sostenibile-di-ouagadougou\/#breadcrumb"},"inLanguage":"en-US","potentialAction":[{"@type":"ReadAction","target":["https:\/\/www.manitese.it\/en\/il-nostro-impegno-per-lo-sviluppo-sostenibile-di-ouagadougou\/"]}]},{"@type":"ImageObject","inLanguage":"en-US","@id":"https:\/\/www.manitese.it\/en\/il-nostro-impegno-per-lo-sviluppo-sostenibile-di-ouagadougou\/#primaryimage","url":"https:\/\/www.manitese.it\/wp-content\/uploads\/2021\/03\/sviluppo-sostenibile-ouagadougou-mani-tese-2021_cover1-1.jpg","contentUrl":"https:\/\/www.manitese.it\/wp-content\/uploads\/2021\/03\/sviluppo-sostenibile-ouagadougou-mani-tese-2021_cover1-1.jpg","width":1920,"height":800},{"@type":"BreadcrumbList","@id":"https:\/\/www.manitese.it\/en\/il-nostro-impegno-per-lo-sviluppo-sostenibile-di-ouagadougou\/#breadcrumb","itemListElement":[{"@type":"ListItem","position":1,"name":"Home","item":"https:\/\/www.manitese.it\/en\/"},{"@type":"ListItem","position":2,"name":"IL NOSTRO IMPEGNO PER LO SVILUPPO SOSTENIBILE DI OUAGADOUGOU"}]},{"@type":"WebSite","@id":"https:\/\/www.manitese.it\/en\/#website","url":"https:\/\/www.manitese.it\/en\/","name":"Mani Tese","description":"","potentialAction":[{"@type":"SearchAction","target":{"@type":"EntryPoint","urlTemplate":"https:\/\/www.manitese.it\/en\/?s={search_term_string}"},"query-input":{"@type":"PropertyValueSpecification","valueRequired":true,"valueName":"search_term_string"}}],"inLanguage":"en-US"},{"@type":"Person","@id":"https:\/\/www.manitese.it\/en\/#\/schema\/person\/5a9774f17e4940e2510bfeba90f04f65","name":"agevis","image":{"@type":"ImageObject","inLanguage":"en-US","@id":"https:\/\/secure.gravatar.com\/avatar\/2dc96c93fcf3387a5922a93b50fb3bff01d4800590fb6a4ab91a034adb25ba17?s=96&d=mm&r=g","url":"https:\/\/secure.gravatar.com\/avatar\/2dc96c93fcf3387a5922a93b50fb3bff01d4800590fb6a4ab91a034adb25ba17?s=96&d=mm&r=g","contentUrl":"https:\/\/secure.gravatar.com\/avatar\/2dc96c93fcf3387a5922a93b50fb3bff01d4800590fb6a4ab91a034adb25ba17?s=96&d=mm&r=g","caption":"agevis"},"url":"https:\/\/www.manitese.it\/en\/author\/wp_agevis_admin\/"}]}},"jetpack_featured_media_url":"https:\/\/www.manitese.it\/wp-content\/uploads\/2021\/03\/sviluppo-sostenibile-ouagadougou-mani-tese-2021_cover1-1.jpg","jetpack_sharing_enabled":true,"_links":{"self":[{"href":"https:\/\/www.manitese.it\/en\/wp-json\/wp\/v2\/posts\/74767","targetHints":{"allow":["GET"]}}],"collection":[{"href":"https:\/\/www.manitese.it\/en\/wp-json\/wp\/v2\/posts"}],"about":[{"href":"https:\/\/www.manitese.it\/en\/wp-json\/wp\/v2\/types\/post"}],"author":[{"embeddable":true,"href":"https:\/\/www.manitese.it\/en\/wp-json\/wp\/v2\/users\/1"}],"replies":[{"embeddable":true,"href":"https:\/\/www.manitese.it\/en\/wp-json\/wp\/v2\/comments?post=74767"}],"version-history":[{"count":2,"href":"https:\/\/www.manitese.it\/en\/wp-json\/wp\/v2\/posts\/74767\/revisions"}],"predecessor-version":[{"id":191853,"href":"https:\/\/www.manitese.it\/en\/wp-json\/wp\/v2\/posts\/74767\/revisions\/191853"}],"wp:featuredmedia":[{"embeddable":true,"href":"https:\/\/www.manitese.it\/en\/wp-json\/wp\/v2\/media\/74774"}],"wp:attachment":[{"href":"https:\/\/www.manitese.it\/en\/wp-json\/wp\/v2\/media?parent=74767"}],"wp:term":[{"taxonomy":"category","embeddable":true,"href":"https:\/\/www.manitese.it\/en\/wp-json\/wp\/v2\/categories?post=74767"},{"taxonomy":"post_tag","embeddable":true,"href":"https:\/\/www.manitese.it\/en\/wp-json\/wp\/v2\/tags?post=74767"},{"taxonomy":"thematic_area","embeddable":true,"href":"https:\/\/www.manitese.it\/en\/wp-json\/wp\/v2\/thematic_area?post=74767"}],"curies":[{"name":"wp","href":"https:\/\/api.w.org\/{rel}","templated":true}]}}