{"id":74763,"date":"2021-03-31T11:53:26","date_gmt":"2021-03-31T09:53:26","guid":{"rendered":"https:\/\/manitese.it\/?p=74763"},"modified":"2023-12-12T17:53:32","modified_gmt":"2023-12-12T16:53:32","slug":"la-giornata-della-donna-a-gabu-guinea-bissau","status":"publish","type":"post","link":"https:\/\/www.manitese.it\/en\/la-giornata-della-donna-a-gabu-guinea-bissau\/","title":{"rendered":"LA GIORNATA INTERNAZIONALE DELLA DONNA A GABU IN GUINEA-BISSAU"},"content":{"rendered":"\r\n<p>Il 5 marzo, nella citt\u00e0 di Gabu (Guinea-Bissau), si \u00e8 tenuto un evento di celebrazione della <strong>Giornata Internazionale della Donna<\/strong> nell\u2019ambito del progetto <a href=\"https:\/\/manitese.it\/progetto\/juntas-empowerment-femminile-nella-regione-di-gabu\" target=\"_blank\" rel=\"noreferrer noopener\" aria-label=\" (apre in una nuova scheda)\"><strong>\u201cJUNTAS: empowerment femminile nella regione di Gabu\u201d<\/strong><\/a>, cofinanziato dall\u2019<a href=\"https:\/\/www.aics.gov.it\/\" target=\"_blank\" rel=\"noreferrer noopener\" aria-label=\" (apre in una nuova scheda)\"><strong>Agenzia Italiana per la Cooperazione allo Sviluppo<\/strong><\/a>.<\/p>\r\n\r\n\r\n\r\n<p>L\u2019evento \u00e8 stato organizzato da Mani Tese con i due principali partner di progetto, <a href=\"https:\/\/www.aifo.it\/\" target=\"_blank\" rel=\"noreferrer noopener\" aria-label=\" (apre in una nuova scheda)\"><strong>AIFO<\/strong><\/a> e<strong> FADPD-GB<\/strong> (Federazione per la difesa e promozione dei diritti delle persone con disabilit\u00e0 in Guinea-Bissau), nel centro <strong>AMAE<\/strong> (Associazione di donne per attivit\u00e0 economiche), con l\u2019obiettivo di sensibilizzare le istituzioni pubbliche e i rappresentanti della societ\u00e0 civile sul tema della <strong>violenza sulle donne e sulle donne con disabilit\u00e0<\/strong>.<\/p>\r\n\r\n\r\n\r\n<p>L\u2019evento ha visto in fase di apertura l\u2019intervento introduttivo dei capi missione di Mani Tese e AIFO, <strong>Paola Toncich <\/strong>e<strong> Arniel Silot<\/strong>. Dopodich\u00e9 i capi progetto, <strong>Marco Cazzolla <\/strong>per Mani Tese e<strong> Elisabetta Quattrocchi<\/strong> per AIFO, hanno illustrato obiettivi e iniziative del progetto stesso e, a seguire, <strong>Saco Embalo<\/strong>, animatore sociale del progetto, ha spiegato la storia e il significato della Giornata Internazionale della Donna, sottolineandone l\u2019importanza in un\u2019ottica di <strong>sensibilizzazione sui diritti delle donne<\/strong>.<\/p>\r\n\r\n\r\n\r\n<p>Interessante \u00e8 stato poi l\u2019intervento di <strong>Iris Babilonia Will<\/strong> a testimoniare la sinergia tra il progetto <strong>JUNTAS<\/strong> e il progetto <strong>\u201cEmancipazione e diritti per bambini e donne in Guinea-Bissau\u201d<\/strong>, finanziato dall\u2019Unione Europea, di cui Iris \u00e8 responsabile locale delle attivit\u00e0 di genere. Iris ha parlato di violenza sulle donne raccontando storie conosciute durante la sua esperienza professionale e ha tenuto a sottolineare <strong>l\u2019importanza del sostegno psico-sociale alle vittime di violenza<\/strong>.<\/p>\r\n\r\n\r\n\r\n<p>La celebrazione si \u00e8 conclusa infine con la presentazione di <strong>Saido Embalo<\/strong>, rappresentante della Federazione per la difesa e promozione dei diritti delle persone con disabilit\u00e0 in Guinea-Bissau, che ha parlato pi\u00f9 specificamente dei problemi che colpiscono le <strong>donne con disabilit\u00e0<\/strong> (che subiscono una doppia discriminazione essendo sia donne che disabili) e ha dato delle raccomandazioni alle varie istituzioni e organizzazioni pubbliche e private per l\u2019inclusione delle persone con disabilit\u00e0 nella societ\u00e0 guineense.<\/p>\r\n\r\n\r\n\r\n<p>Qui di seguito alcune foto dell\u2019evento:<\/p>\r\n\r\n\r\n\r\n<div class=\"wp-block-image\">\r\n<figure class=\"aligncenter size-large\"><a href=\"https:\/\/manitese.it\/wp-content\/uploads\/2021\/03\/giornata-donna-gabu-guinea-bissau-mani-tese-2021.jpg\"><img decoding=\"async\" class=\"wp-image-74778\" src=\"https:\/\/manitese.it\/wp-content\/uploads\/2021\/03\/giornata-donna-gabu-guinea-bissau-mani-tese-2021.jpg\" alt=\"\" \/><\/a><\/figure>\r\n<\/div>\r\n\r\n\r\n\r\n<div class=\"wp-block-image\">\r\n<figure class=\"aligncenter size-large\"><a href=\"https:\/\/manitese.it\/wp-content\/uploads\/2021\/03\/giornata-donna-gabu-guinea-bissau-mani-tese-2021_2.jpg\"><img decoding=\"async\" class=\"wp-image-74776\" src=\"https:\/\/manitese.it\/wp-content\/uploads\/2021\/03\/giornata-donna-gabu-guinea-bissau-mani-tese-2021_2.jpg\" alt=\"\" \/><\/a><\/figure>\r\n<\/div>\r\n\r\n\r\n\r\n<div class=\"wp-block-image\">\r\n<figure class=\"aligncenter size-large\"><a href=\"https:\/\/manitese.it\/wp-content\/uploads\/2021\/03\/giornata-donna-gabu-guinea-bissau-mani-tese-2021_3.jpg\"><img decoding=\"async\" class=\"wp-image-74780\" src=\"https:\/\/manitese.it\/wp-content\/uploads\/2021\/03\/giornata-donna-gabu-guinea-bissau-mani-tese-2021_3.jpg\" alt=\"\" \/><\/a><\/figure>\r\n<\/div>\r\n","protected":false},"excerpt":{"rendered":"<p>Insieme ai partner del progetto JUNTAS, abbiamo organizzato un evento per sensibilizzare sul tema della violenza sulle donne e sulle donne con disabilit\u00e0.<\/p>\n","protected":false},"author":1,"featured_media":74768,"comment_status":"open","ping_status":"open","sticky":false,"template":"","format":"standard","meta":{"_acf_changed":false,"give_campaign_id":0,"inline_featured_image":false,"_jetpack_memberships_contains_paid_content":false,"footnotes":""},"categories":[3],"tags":[],"thematic_area":[909,908],"class_list":["post-74763","post","type-post","status-publish","format-standard","has-post-thumbnail","hentry","category-diari","thematic_area-inclusione-sociale","thematic_area-parita-di-genere"],"acf":[],"yoast_head":"<!-- This site is optimized with the Yoast SEO plugin v27.5 - https:\/\/yoast.com\/product\/yoast-seo-wordpress\/ -->\n<title>LA GIORNATA INTERNAZIONALE DELLA DONNA A GABU IN GUINEA-BISSAU - Mani Tese<\/title>\n<meta name=\"description\" content=\"Insieme ai partner del progetto JUNTAS, abbiamo organizzato un evento per sensibilizzare sul tema della violenza sulle donne e sulle donne con disabilit\u00e0. Scopri di pi\u00f9!\" \/>\n<meta name=\"robots\" content=\"index, follow, max-snippet:-1, max-image-preview:large, max-video-preview:-1\" \/>\n<link rel=\"canonical\" href=\"https:\/\/www.manitese.it\/en\/la-giornata-della-donna-a-gabu-guinea-bissau\/\" \/>\n<meta property=\"og:locale\" content=\"en_US\" \/>\n<meta property=\"og:type\" content=\"article\" \/>\n<meta property=\"og:title\" content=\"LA GIORNATA INTERNAZIONALE DELLA DONNA A GABU IN GUINEA-BISSAU - Mani Tese\" \/>\n<meta property=\"og:description\" content=\"Insieme ai partner del progetto JUNTAS, abbiamo organizzato un evento per sensibilizzare sul tema della violenza sulle donne e sulle donne con disabilit\u00e0. Scopri di pi\u00f9!\" \/>\n<meta property=\"og:url\" content=\"https:\/\/www.manitese.it\/en\/la-giornata-della-donna-a-gabu-guinea-bissau\/\" \/>\n<meta property=\"og:site_name\" content=\"Mani Tese\" \/>\n<meta property=\"article:published_time\" content=\"2021-03-31T09:53:26+00:00\" \/>\n<meta property=\"article:modified_time\" content=\"2023-12-12T16:53:32+00:00\" \/>\n<meta property=\"og:image\" content=\"https:\/\/www.manitese.it\/wp-content\/uploads\/2021\/03\/giornata-donna-gabu-guinea-bissau-mani-tese-2021-cover-1.jpg\" \/>\n\t<meta property=\"og:image:width\" content=\"1920\" \/>\n\t<meta property=\"og:image:height\" content=\"800\" \/>\n\t<meta property=\"og:image:type\" content=\"image\/jpeg\" \/>\n<meta name=\"author\" content=\"agevis\" \/>\n<meta name=\"twitter:card\" content=\"summary_large_image\" \/>\n<meta name=\"twitter:label1\" content=\"Written by\" \/>\n\t<meta name=\"twitter:data1\" content=\"agevis\" \/>\n\t<meta name=\"twitter:label2\" content=\"Est. reading time\" \/>\n\t<meta name=\"twitter:data2\" content=\"3 minutes\" \/>\n<script type=\"application\/ld+json\" class=\"yoast-schema-graph\">{\"@context\":\"https:\\\/\\\/schema.org\",\"@graph\":[{\"@type\":\"Article\",\"@id\":\"https:\\\/\\\/www.manitese.it\\\/en\\\/la-giornata-della-donna-a-gabu-guinea-bissau\\\/#article\",\"isPartOf\":{\"@id\":\"https:\\\/\\\/www.manitese.it\\\/en\\\/la-giornata-della-donna-a-gabu-guinea-bissau\\\/\"},\"author\":{\"name\":\"agevis\",\"@id\":\"https:\\\/\\\/www.manitese.it\\\/en\\\/#\\\/schema\\\/person\\\/5a9774f17e4940e2510bfeba90f04f65\"},\"headline\":\"LA GIORNATA INTERNAZIONALE DELLA DONNA A GABU IN GUINEA-BISSAU\",\"datePublished\":\"2021-03-31T09:53:26+00:00\",\"dateModified\":\"2023-12-12T16:53:32+00:00\",\"mainEntityOfPage\":{\"@id\":\"https:\\\/\\\/www.manitese.it\\\/en\\\/la-giornata-della-donna-a-gabu-guinea-bissau\\\/\"},\"wordCount\":342,\"commentCount\":0,\"image\":{\"@id\":\"https:\\\/\\\/www.manitese.it\\\/en\\\/la-giornata-della-donna-a-gabu-guinea-bissau\\\/#primaryimage\"},\"thumbnailUrl\":\"https:\\\/\\\/www.manitese.it\\\/wp-content\\\/uploads\\\/2021\\\/03\\\/giornata-donna-gabu-guinea-bissau-mani-tese-2021-cover-1.jpg\",\"articleSection\":[\"Diari\"],\"inLanguage\":\"en-US\",\"potentialAction\":[{\"@type\":\"CommentAction\",\"name\":\"Comment\",\"target\":[\"https:\\\/\\\/www.manitese.it\\\/en\\\/la-giornata-della-donna-a-gabu-guinea-bissau\\\/#respond\"]}]},{\"@type\":\"WebPage\",\"@id\":\"https:\\\/\\\/www.manitese.it\\\/en\\\/la-giornata-della-donna-a-gabu-guinea-bissau\\\/\",\"url\":\"https:\\\/\\\/www.manitese.it\\\/en\\\/la-giornata-della-donna-a-gabu-guinea-bissau\\\/\",\"name\":\"LA GIORNATA INTERNAZIONALE DELLA DONNA A GABU IN GUINEA-BISSAU - Mani Tese\",\"isPartOf\":{\"@id\":\"https:\\\/\\\/www.manitese.it\\\/en\\\/#website\"},\"primaryImageOfPage\":{\"@id\":\"https:\\\/\\\/www.manitese.it\\\/en\\\/la-giornata-della-donna-a-gabu-guinea-bissau\\\/#primaryimage\"},\"image\":{\"@id\":\"https:\\\/\\\/www.manitese.it\\\/en\\\/la-giornata-della-donna-a-gabu-guinea-bissau\\\/#primaryimage\"},\"thumbnailUrl\":\"https:\\\/\\\/www.manitese.it\\\/wp-content\\\/uploads\\\/2021\\\/03\\\/giornata-donna-gabu-guinea-bissau-mani-tese-2021-cover-1.jpg\",\"datePublished\":\"2021-03-31T09:53:26+00:00\",\"dateModified\":\"2023-12-12T16:53:32+00:00\",\"author\":{\"@id\":\"https:\\\/\\\/www.manitese.it\\\/en\\\/#\\\/schema\\\/person\\\/5a9774f17e4940e2510bfeba90f04f65\"},\"description\":\"Insieme ai partner del progetto JUNTAS, abbiamo organizzato un evento per sensibilizzare sul tema della violenza sulle donne e sulle donne con disabilit\u00e0. Scopri di pi\u00f9!\",\"breadcrumb\":{\"@id\":\"https:\\\/\\\/www.manitese.it\\\/en\\\/la-giornata-della-donna-a-gabu-guinea-bissau\\\/#breadcrumb\"},\"inLanguage\":\"en-US\",\"potentialAction\":[{\"@type\":\"ReadAction\",\"target\":[\"https:\\\/\\\/www.manitese.it\\\/en\\\/la-giornata-della-donna-a-gabu-guinea-bissau\\\/\"]}]},{\"@type\":\"ImageObject\",\"inLanguage\":\"en-US\",\"@id\":\"https:\\\/\\\/www.manitese.it\\\/en\\\/la-giornata-della-donna-a-gabu-guinea-bissau\\\/#primaryimage\",\"url\":\"https:\\\/\\\/www.manitese.it\\\/wp-content\\\/uploads\\\/2021\\\/03\\\/giornata-donna-gabu-guinea-bissau-mani-tese-2021-cover-1.jpg\",\"contentUrl\":\"https:\\\/\\\/www.manitese.it\\\/wp-content\\\/uploads\\\/2021\\\/03\\\/giornata-donna-gabu-guinea-bissau-mani-tese-2021-cover-1.jpg\",\"width\":1920,\"height\":800,\"caption\":\"Mirko Cecchi\"},{\"@type\":\"BreadcrumbList\",\"@id\":\"https:\\\/\\\/www.manitese.it\\\/en\\\/la-giornata-della-donna-a-gabu-guinea-bissau\\\/#breadcrumb\",\"itemListElement\":[{\"@type\":\"ListItem\",\"position\":1,\"name\":\"Home\",\"item\":\"https:\\\/\\\/www.manitese.it\\\/en\\\/\"},{\"@type\":\"ListItem\",\"position\":2,\"name\":\"LA GIORNATA INTERNAZIONALE DELLA DONNA A GABU IN GUINEA-BISSAU\"}]},{\"@type\":\"WebSite\",\"@id\":\"https:\\\/\\\/www.manitese.it\\\/en\\\/#website\",\"url\":\"https:\\\/\\\/www.manitese.it\\\/en\\\/\",\"name\":\"Mani Tese\",\"description\":\"\",\"potentialAction\":[{\"@type\":\"SearchAction\",\"target\":{\"@type\":\"EntryPoint\",\"urlTemplate\":\"https:\\\/\\\/www.manitese.it\\\/en\\\/?s={search_term_string}\"},\"query-input\":{\"@type\":\"PropertyValueSpecification\",\"valueRequired\":true,\"valueName\":\"search_term_string\"}}],\"inLanguage\":\"en-US\"},{\"@type\":\"Person\",\"@id\":\"https:\\\/\\\/www.manitese.it\\\/en\\\/#\\\/schema\\\/person\\\/5a9774f17e4940e2510bfeba90f04f65\",\"name\":\"agevis\",\"image\":{\"@type\":\"ImageObject\",\"inLanguage\":\"en-US\",\"@id\":\"https:\\\/\\\/secure.gravatar.com\\\/avatar\\\/2dc96c93fcf3387a5922a93b50fb3bff01d4800590fb6a4ab91a034adb25ba17?s=96&d=mm&r=g\",\"url\":\"https:\\\/\\\/secure.gravatar.com\\\/avatar\\\/2dc96c93fcf3387a5922a93b50fb3bff01d4800590fb6a4ab91a034adb25ba17?s=96&d=mm&r=g\",\"contentUrl\":\"https:\\\/\\\/secure.gravatar.com\\\/avatar\\\/2dc96c93fcf3387a5922a93b50fb3bff01d4800590fb6a4ab91a034adb25ba17?s=96&d=mm&r=g\",\"caption\":\"agevis\"},\"url\":\"https:\\\/\\\/www.manitese.it\\\/en\\\/author\\\/wp_agevis_admin\\\/\"}]}<\/script>\n<!-- \/ Yoast SEO plugin. -->","yoast_head_json":{"title":"LA GIORNATA INTERNAZIONALE DELLA DONNA A GABU IN GUINEA-BISSAU - Mani Tese","description":"Insieme ai partner del progetto JUNTAS, abbiamo organizzato un evento per sensibilizzare sul tema della violenza sulle donne e sulle donne con disabilit\u00e0. Scopri di pi\u00f9!","robots":{"index":"index","follow":"follow","max-snippet":"max-snippet:-1","max-image-preview":"max-image-preview:large","max-video-preview":"max-video-preview:-1"},"canonical":"https:\/\/www.manitese.it\/en\/la-giornata-della-donna-a-gabu-guinea-bissau\/","og_locale":"en_US","og_type":"article","og_title":"LA GIORNATA INTERNAZIONALE DELLA DONNA A GABU IN GUINEA-BISSAU - Mani Tese","og_description":"Insieme ai partner del progetto JUNTAS, abbiamo organizzato un evento per sensibilizzare sul tema della violenza sulle donne e sulle donne con disabilit\u00e0. Scopri di pi\u00f9!","og_url":"https:\/\/www.manitese.it\/en\/la-giornata-della-donna-a-gabu-guinea-bissau\/","og_site_name":"Mani Tese","article_published_time":"2021-03-31T09:53:26+00:00","article_modified_time":"2023-12-12T16:53:32+00:00","og_image":[{"width":1920,"height":800,"url":"https:\/\/www.manitese.it\/wp-content\/uploads\/2021\/03\/giornata-donna-gabu-guinea-bissau-mani-tese-2021-cover-1.jpg","type":"image\/jpeg"}],"author":"agevis","twitter_card":"summary_large_image","twitter_misc":{"Written by":"agevis","Est. reading time":"3 minutes"},"schema":{"@context":"https:\/\/schema.org","@graph":[{"@type":"Article","@id":"https:\/\/www.manitese.it\/en\/la-giornata-della-donna-a-gabu-guinea-bissau\/#article","isPartOf":{"@id":"https:\/\/www.manitese.it\/en\/la-giornata-della-donna-a-gabu-guinea-bissau\/"},"author":{"name":"agevis","@id":"https:\/\/www.manitese.it\/en\/#\/schema\/person\/5a9774f17e4940e2510bfeba90f04f65"},"headline":"LA GIORNATA INTERNAZIONALE DELLA DONNA A GABU IN GUINEA-BISSAU","datePublished":"2021-03-31T09:53:26+00:00","dateModified":"2023-12-12T16:53:32+00:00","mainEntityOfPage":{"@id":"https:\/\/www.manitese.it\/en\/la-giornata-della-donna-a-gabu-guinea-bissau\/"},"wordCount":342,"commentCount":0,"image":{"@id":"https:\/\/www.manitese.it\/en\/la-giornata-della-donna-a-gabu-guinea-bissau\/#primaryimage"},"thumbnailUrl":"https:\/\/www.manitese.it\/wp-content\/uploads\/2021\/03\/giornata-donna-gabu-guinea-bissau-mani-tese-2021-cover-1.jpg","articleSection":["Diari"],"inLanguage":"en-US","potentialAction":[{"@type":"CommentAction","name":"Comment","target":["https:\/\/www.manitese.it\/en\/la-giornata-della-donna-a-gabu-guinea-bissau\/#respond"]}]},{"@type":"WebPage","@id":"https:\/\/www.manitese.it\/en\/la-giornata-della-donna-a-gabu-guinea-bissau\/","url":"https:\/\/www.manitese.it\/en\/la-giornata-della-donna-a-gabu-guinea-bissau\/","name":"LA GIORNATA INTERNAZIONALE DELLA DONNA A GABU IN GUINEA-BISSAU - Mani Tese","isPartOf":{"@id":"https:\/\/www.manitese.it\/en\/#website"},"primaryImageOfPage":{"@id":"https:\/\/www.manitese.it\/en\/la-giornata-della-donna-a-gabu-guinea-bissau\/#primaryimage"},"image":{"@id":"https:\/\/www.manitese.it\/en\/la-giornata-della-donna-a-gabu-guinea-bissau\/#primaryimage"},"thumbnailUrl":"https:\/\/www.manitese.it\/wp-content\/uploads\/2021\/03\/giornata-donna-gabu-guinea-bissau-mani-tese-2021-cover-1.jpg","datePublished":"2021-03-31T09:53:26+00:00","dateModified":"2023-12-12T16:53:32+00:00","author":{"@id":"https:\/\/www.manitese.it\/en\/#\/schema\/person\/5a9774f17e4940e2510bfeba90f04f65"},"description":"Insieme ai partner del progetto JUNTAS, abbiamo organizzato un evento per sensibilizzare sul tema della violenza sulle donne e sulle donne con disabilit\u00e0. Scopri di pi\u00f9!","breadcrumb":{"@id":"https:\/\/www.manitese.it\/en\/la-giornata-della-donna-a-gabu-guinea-bissau\/#breadcrumb"},"inLanguage":"en-US","potentialAction":[{"@type":"ReadAction","target":["https:\/\/www.manitese.it\/en\/la-giornata-della-donna-a-gabu-guinea-bissau\/"]}]},{"@type":"ImageObject","inLanguage":"en-US","@id":"https:\/\/www.manitese.it\/en\/la-giornata-della-donna-a-gabu-guinea-bissau\/#primaryimage","url":"https:\/\/www.manitese.it\/wp-content\/uploads\/2021\/03\/giornata-donna-gabu-guinea-bissau-mani-tese-2021-cover-1.jpg","contentUrl":"https:\/\/www.manitese.it\/wp-content\/uploads\/2021\/03\/giornata-donna-gabu-guinea-bissau-mani-tese-2021-cover-1.jpg","width":1920,"height":800,"caption":"Mirko Cecchi"},{"@type":"BreadcrumbList","@id":"https:\/\/www.manitese.it\/en\/la-giornata-della-donna-a-gabu-guinea-bissau\/#breadcrumb","itemListElement":[{"@type":"ListItem","position":1,"name":"Home","item":"https:\/\/www.manitese.it\/en\/"},{"@type":"ListItem","position":2,"name":"LA GIORNATA INTERNAZIONALE DELLA DONNA A GABU IN GUINEA-BISSAU"}]},{"@type":"WebSite","@id":"https:\/\/www.manitese.it\/en\/#website","url":"https:\/\/www.manitese.it\/en\/","name":"Mani Tese","description":"","potentialAction":[{"@type":"SearchAction","target":{"@type":"EntryPoint","urlTemplate":"https:\/\/www.manitese.it\/en\/?s={search_term_string}"},"query-input":{"@type":"PropertyValueSpecification","valueRequired":true,"valueName":"search_term_string"}}],"inLanguage":"en-US"},{"@type":"Person","@id":"https:\/\/www.manitese.it\/en\/#\/schema\/person\/5a9774f17e4940e2510bfeba90f04f65","name":"agevis","image":{"@type":"ImageObject","inLanguage":"en-US","@id":"https:\/\/secure.gravatar.com\/avatar\/2dc96c93fcf3387a5922a93b50fb3bff01d4800590fb6a4ab91a034adb25ba17?s=96&d=mm&r=g","url":"https:\/\/secure.gravatar.com\/avatar\/2dc96c93fcf3387a5922a93b50fb3bff01d4800590fb6a4ab91a034adb25ba17?s=96&d=mm&r=g","contentUrl":"https:\/\/secure.gravatar.com\/avatar\/2dc96c93fcf3387a5922a93b50fb3bff01d4800590fb6a4ab91a034adb25ba17?s=96&d=mm&r=g","caption":"agevis"},"url":"https:\/\/www.manitese.it\/en\/author\/wp_agevis_admin\/"}]}},"jetpack_featured_media_url":"https:\/\/www.manitese.it\/wp-content\/uploads\/2021\/03\/giornata-donna-gabu-guinea-bissau-mani-tese-2021-cover-1.jpg","jetpack_sharing_enabled":true,"_links":{"self":[{"href":"https:\/\/www.manitese.it\/en\/wp-json\/wp\/v2\/posts\/74763","targetHints":{"allow":["GET"]}}],"collection":[{"href":"https:\/\/www.manitese.it\/en\/wp-json\/wp\/v2\/posts"}],"about":[{"href":"https:\/\/www.manitese.it\/en\/wp-json\/wp\/v2\/types\/post"}],"author":[{"embeddable":true,"href":"https:\/\/www.manitese.it\/en\/wp-json\/wp\/v2\/users\/1"}],"replies":[{"embeddable":true,"href":"https:\/\/www.manitese.it\/en\/wp-json\/wp\/v2\/comments?post=74763"}],"version-history":[{"count":2,"href":"https:\/\/www.manitese.it\/en\/wp-json\/wp\/v2\/posts\/74763\/revisions"}],"predecessor-version":[{"id":191843,"href":"https:\/\/www.manitese.it\/en\/wp-json\/wp\/v2\/posts\/74763\/revisions\/191843"}],"wp:featuredmedia":[{"embeddable":true,"href":"https:\/\/www.manitese.it\/en\/wp-json\/wp\/v2\/media\/74768"}],"wp:attachment":[{"href":"https:\/\/www.manitese.it\/en\/wp-json\/wp\/v2\/media?parent=74763"}],"wp:term":[{"taxonomy":"category","embeddable":true,"href":"https:\/\/www.manitese.it\/en\/wp-json\/wp\/v2\/categories?post=74763"},{"taxonomy":"post_tag","embeddable":true,"href":"https:\/\/www.manitese.it\/en\/wp-json\/wp\/v2\/tags?post=74763"},{"taxonomy":"thematic_area","embeddable":true,"href":"https:\/\/www.manitese.it\/en\/wp-json\/wp\/v2\/thematic_area?post=74763"}],"curies":[{"name":"wp","href":"https:\/\/api.w.org\/{rel}","templated":true}]}}