{"id":73568,"date":"2021-03-09T19:10:47","date_gmt":"2021-03-09T18:10:47","guid":{"rendered":"https:\/\/manitese.it\/?p=73568"},"modified":"2023-12-18T16:37:12","modified_gmt":"2023-12-18T15:37:12","slug":"storia-di-un-bambino-talibe-amadou","status":"publish","type":"post","link":"https:\/\/www.manitese.it\/en\/storia-di-un-bambino-talibe-amadou\/","title":{"rendered":"STORIA DI UN BAMBINO TALIB\u00c8: AMADOU"},"content":{"rendered":"\r\n<p><em>Una testimonianza di Junior Jo\u00e3o Malaca, assistente sociale del progetto <\/em><a href=\"https:\/\/manitese.it\/progetto\/futuro-protezione-formazione-occupazione-migranti-in-senegal-gambia-guinea-bissau\" target=\"_blank\" rel=\"noreferrer noopener\"><strong><em>\u201cInvestire sul futuro: protezione, formazione e occupazione per i migranti di ritorno, i migranti potenziali ed i migranti minori non accompagnati in Senegal, Gambia e Guinea-Bissau\u201d<\/em><\/strong><\/a><em>, cofinanziato dall\u2019<\/em><a href=\"https:\/\/www.aics.gov.it\/\" target=\"_blank\" rel=\"noreferrer noopener\"><strong><em>Agenzia Italiana per la Cooperazione allo Sviluppo<\/em><\/strong><\/a><em>.<\/em> <em>Amadou \u00e8 un nome di fantasia per proteggere la privacy del minore.<\/em><\/p>\r\n\r\n\r\n\r\n<p><strong>Amadou<\/strong>, un ragazzo di 13 anni, \u00e8 orfano ed \u00e8 il pi\u00f9 piccolo di quattro fratelli. Si trova insieme a uno dei fratelli nella comunit\u00e0 di <strong>S\u00e3o Domingos Badoora<\/strong>, nella regione di Bafat\u00e0 (Guinea-Bissau), dove \u00e8 arrivato nel novembre scorso in seguito a una delicata operazione di advocacy (le frontiere erano infatti chiuse a causa della pandemia di Covid-19).<\/p>\r\n\r\n\r\n\r\n<p>La storia di Amadou \u00e8 <strong>una storia di sofferenza e sfruttamento<\/strong>, come quella di tanti bambini della <strong>Guinea-Bissau <\/strong>che non hanno avuto la fortuna di nascere in una famiglia agiata. Qualche anno prima, infatti, la sorella pi\u00f9 grande di Amadou, che dopo la morte dei genitori si prendeva cura della famiglia, aveva deciso di mandarlo a studiare in Senegal, presso un presunto maestro coranico (<em>Tcherno<\/em> in lingua locale) che assicurava di potersi prendere cura del ragazzo.<\/p>\r\n\r\n\r\n\r\n<p><strong>Amadou non voleva andare<\/strong> e prov\u00f2 addirittura a fuggire, ma non ci fu nulla da fare, anche perch\u00e9 il maestro era venuto a prelevarlo di persona. Arrivato in Senegal, per\u00f2, il ragazzo cap\u00ec immediatamente che la realt\u00e0 che lo attendeva era ben peggiore di quanto avesse potuto immaginare.<\/p>\r\n\r\n\r\n\r\n<p><strong>Amadou, infatti, non studi\u00f2 il Corano, n\u00e9 miglior\u00f2 la sua educazione, ma trascorse il suo tempo per strada a mendicare<\/strong>, nella speranza di racimolare denaro da consegnare al proprio aguzzino e conservando possibilmente qualcosa per comprare del cibo per s\u00e9. Trascorse cos\u00ec 3 anni, vivendo a Dakar in una piccola casa con altri 10 bambini nella sua stessa situazione.<\/p>\r\n\r\n\r\n\r\n<p>A <strong>giugno 2020<\/strong>, per\u00f2, il governo senegalese, preoccupato per la pandemia, impose il coprifuoco e ordin\u00f2 che tutte le persone che vivevano per strada, bambini compresi, venissero portati al sicuro. Cos\u00ec, un giorno, approfittando della distrazione delle persone che lo controllavano, <strong>Amadou scapp\u00f2 e venne trovato da alcuni membri della RAO (Rete dell\u2019Africa dell\u2019Ovest)<\/strong> che si occupa di protezione dei minori nell\u2019area.<\/p>\r\n\r\n\r\n\r\n<p><strong>Amadou ci ha poi raccontato che se fosse stato preso dai suoi aguzzini sarebbe stato picchiato<\/strong>, ma quello era un trattamento a cui era abituato se non raccoglieva abbastanza soldi a fine giornata e quindi valeva la pena tentare la fuga.<\/p>\r\n\r\n\r\n\r\n<p><strong>Il ragazzo, dopo questa terribile esperienza, si \u00e8 reintegrato bene nella comunit\u00e0<\/strong>, gioca con gli altri bambini e partecipa alle attivit\u00e0 che vengono organizzate. Ha anche ripreso a frequentare la piccola moschea del villaggio perch\u00e9 anche da casa \u00e8 possibile apprendere gli insegnamenti coranici.<\/p>\r\n\r\n\r\n\r\n<p><strong>Mani Tese ha consegnato ad Amadou materiale scolastico<\/strong> <strong>e ha pagato un anno di iscrizione presso la scuola del vicino villaggio<\/strong>, dove potr\u00e0 recarsi ogni giorno con la bicicletta che gli \u00e8 stata messa a disposizione dall\u2019associazione AMIC (Amici dei bambini). Nei prossimi mesi monitoreremo la situazione grazie al telefono cellulare che abbiamo consegnato al fratello, parlando col maestro della scuola e realizzando altre missioni di campo.<\/p>\r\n\r\n\r\n\r\n<p>Da quando \u00e8 iniziato il progetto <a href=\"https:\/\/manitese.it\/progetto\/futuro-protezione-formazione-occupazione-migranti-in-senegal-gambia-guinea-bissau\" target=\"_blank\" rel=\"noreferrer noopener\"><strong>\u201cInvestire sul futuro\u201d<\/strong><\/a>, sono pi\u00f9 di 150 i bambini talib\u00e8 guineensi individuati in Senegal. Il nostro impegno \u00e8 quello di occuparci di tutti loro e quindi il lavoro da fare \u00e8 ancora molto.<\/p>\r\n\r\n\r\n\r\n<div class=\"wp-block-responsive-lightbox-gallery\">[rl_gallery id=&#8221;73575&#8243;]<\/div>\r\n\r\n\r\n\r\n<p>Alcune foto di Jo\u00e3o, assistente sociale del progetto, insieme ad Amadou e al fratello maggiore di Amadou all&#8217;interno della comunit\u00e0.<\/p>\r\n\r\n\r\n\r\n<div class=\"wp-block-responsive-lightbox-gallery\">[rl_gallery id=&#8221;73580&#8243;]<\/div>\r\n\r\n\r\n\r\n<p>Alcune foto della comunit\u00e0 di S\u00e3o Domingos Badoora.<\/p>\r\n","protected":false},"excerpt":{"rendered":"<p>Costretto per anni a mendicare da un presunto maestro coranico, \u00e8 stato trovato dalla RAO (Rete dell\u2019Africa dell\u2019Ovest) e ora vive in una comunit\u00e0 a Bafat\u00e0.<\/p>\n","protected":false},"author":1,"featured_media":73569,"comment_status":"open","ping_status":"open","sticky":false,"template":"","format":"standard","meta":{"_acf_changed":false,"give_campaign_id":0,"inline_featured_image":false,"_jetpack_memberships_contains_paid_content":false,"footnotes":""},"categories":[3],"tags":[],"thematic_area":[909,910],"class_list":["post-73568","post","type-post","status-publish","format-standard","has-post-thumbnail","hentry","category-diari","thematic_area-inclusione-sociale","thematic_area-poverta-educative"],"acf":[],"yoast_head":"<!-- This site is optimized with the Yoast SEO plugin v27.5 - https:\/\/yoast.com\/product\/yoast-seo-wordpress\/ -->\n<title>STORIA DI UN BAMBINO TALIB\u00c8: AMADOU - Mani Tese<\/title>\n<meta name=\"description\" content=\"Costretto per anni a mendicare da un presunto maestro coranico, \u00e8 stato trovato dalla RAO (Rete dell\u2019Africa dell\u2019Ovest) e ora vive in una comunit\u00e0 a Bafat\u00e0.\" \/>\n<meta name=\"robots\" content=\"index, follow, max-snippet:-1, max-image-preview:large, max-video-preview:-1\" \/>\n<link rel=\"canonical\" href=\"https:\/\/www.manitese.it\/en\/storia-di-un-bambino-talibe-amadou\/\" \/>\n<meta property=\"og:locale\" content=\"en_US\" \/>\n<meta property=\"og:type\" content=\"article\" \/>\n<meta property=\"og:title\" content=\"STORIA DI UN BAMBINO TALIB\u00c8: AMADOU - Mani Tese\" \/>\n<meta property=\"og:description\" content=\"Costretto per anni a mendicare da un presunto maestro coranico, \u00e8 stato trovato dalla RAO (Rete dell\u2019Africa dell\u2019Ovest) e ora vive in una comunit\u00e0 a Bafat\u00e0.\" \/>\n<meta property=\"og:url\" content=\"https:\/\/www.manitese.it\/en\/storia-di-un-bambino-talibe-amadou\/\" \/>\n<meta property=\"og:site_name\" content=\"Mani Tese\" \/>\n<meta property=\"article:published_time\" content=\"2021-03-09T18:10:47+00:00\" \/>\n<meta property=\"article:modified_time\" content=\"2023-12-18T15:37:12+00:00\" \/>\n<meta property=\"og:image\" content=\"https:\/\/www.manitese.it\/wp-content\/uploads\/2021\/03\/storia-bambino-talibe-amadou-1.jpg\" \/>\n\t<meta property=\"og:image:width\" content=\"1920\" \/>\n\t<meta property=\"og:image:height\" content=\"800\" \/>\n\t<meta property=\"og:image:type\" content=\"image\/jpeg\" \/>\n<meta name=\"author\" content=\"agevis\" \/>\n<meta name=\"twitter:card\" content=\"summary_large_image\" \/>\n<meta name=\"twitter:label1\" content=\"Written by\" \/>\n\t<meta name=\"twitter:data1\" content=\"agevis\" \/>\n\t<meta name=\"twitter:label2\" content=\"Est. reading time\" \/>\n\t<meta name=\"twitter:data2\" content=\"3 minutes\" \/>\n<script type=\"application\/ld+json\" class=\"yoast-schema-graph\">{\"@context\":\"https:\\\/\\\/schema.org\",\"@graph\":[{\"@type\":\"Article\",\"@id\":\"https:\\\/\\\/www.manitese.it\\\/en\\\/storia-di-un-bambino-talibe-amadou\\\/#article\",\"isPartOf\":{\"@id\":\"https:\\\/\\\/www.manitese.it\\\/en\\\/storia-di-un-bambino-talibe-amadou\\\/\"},\"author\":{\"name\":\"agevis\",\"@id\":\"https:\\\/\\\/www.manitese.it\\\/en\\\/#\\\/schema\\\/person\\\/5a9774f17e4940e2510bfeba90f04f65\"},\"headline\":\"STORIA DI UN BAMBINO TALIB\u00c8: AMADOU\",\"datePublished\":\"2021-03-09T18:10:47+00:00\",\"dateModified\":\"2023-12-18T15:37:12+00:00\",\"mainEntityOfPage\":{\"@id\":\"https:\\\/\\\/www.manitese.it\\\/en\\\/storia-di-un-bambino-talibe-amadou\\\/\"},\"wordCount\":585,\"commentCount\":0,\"image\":{\"@id\":\"https:\\\/\\\/www.manitese.it\\\/en\\\/storia-di-un-bambino-talibe-amadou\\\/#primaryimage\"},\"thumbnailUrl\":\"https:\\\/\\\/www.manitese.it\\\/wp-content\\\/uploads\\\/2021\\\/03\\\/storia-bambino-talibe-amadou-1.jpg\",\"articleSection\":[\"Diari\"],\"inLanguage\":\"en-US\",\"potentialAction\":[{\"@type\":\"CommentAction\",\"name\":\"Comment\",\"target\":[\"https:\\\/\\\/www.manitese.it\\\/en\\\/storia-di-un-bambino-talibe-amadou\\\/#respond\"]}]},{\"@type\":\"WebPage\",\"@id\":\"https:\\\/\\\/www.manitese.it\\\/en\\\/storia-di-un-bambino-talibe-amadou\\\/\",\"url\":\"https:\\\/\\\/www.manitese.it\\\/en\\\/storia-di-un-bambino-talibe-amadou\\\/\",\"name\":\"STORIA DI UN BAMBINO TALIB\u00c8: AMADOU - Mani Tese\",\"isPartOf\":{\"@id\":\"https:\\\/\\\/www.manitese.it\\\/en\\\/#website\"},\"primaryImageOfPage\":{\"@id\":\"https:\\\/\\\/www.manitese.it\\\/en\\\/storia-di-un-bambino-talibe-amadou\\\/#primaryimage\"},\"image\":{\"@id\":\"https:\\\/\\\/www.manitese.it\\\/en\\\/storia-di-un-bambino-talibe-amadou\\\/#primaryimage\"},\"thumbnailUrl\":\"https:\\\/\\\/www.manitese.it\\\/wp-content\\\/uploads\\\/2021\\\/03\\\/storia-bambino-talibe-amadou-1.jpg\",\"datePublished\":\"2021-03-09T18:10:47+00:00\",\"dateModified\":\"2023-12-18T15:37:12+00:00\",\"author\":{\"@id\":\"https:\\\/\\\/www.manitese.it\\\/en\\\/#\\\/schema\\\/person\\\/5a9774f17e4940e2510bfeba90f04f65\"},\"description\":\"Costretto per anni a mendicare da un presunto maestro coranico, \u00e8 stato trovato dalla RAO (Rete dell\u2019Africa dell\u2019Ovest) e ora vive in una comunit\u00e0 a Bafat\u00e0.\",\"breadcrumb\":{\"@id\":\"https:\\\/\\\/www.manitese.it\\\/en\\\/storia-di-un-bambino-talibe-amadou\\\/#breadcrumb\"},\"inLanguage\":\"en-US\",\"potentialAction\":[{\"@type\":\"ReadAction\",\"target\":[\"https:\\\/\\\/www.manitese.it\\\/en\\\/storia-di-un-bambino-talibe-amadou\\\/\"]}]},{\"@type\":\"ImageObject\",\"inLanguage\":\"en-US\",\"@id\":\"https:\\\/\\\/www.manitese.it\\\/en\\\/storia-di-un-bambino-talibe-amadou\\\/#primaryimage\",\"url\":\"https:\\\/\\\/www.manitese.it\\\/wp-content\\\/uploads\\\/2021\\\/03\\\/storia-bambino-talibe-amadou-1.jpg\",\"contentUrl\":\"https:\\\/\\\/www.manitese.it\\\/wp-content\\\/uploads\\\/2021\\\/03\\\/storia-bambino-talibe-amadou-1.jpg\",\"width\":1920,\"height\":800,\"caption\":\"storia bambino talibe\"},{\"@type\":\"BreadcrumbList\",\"@id\":\"https:\\\/\\\/www.manitese.it\\\/en\\\/storia-di-un-bambino-talibe-amadou\\\/#breadcrumb\",\"itemListElement\":[{\"@type\":\"ListItem\",\"position\":1,\"name\":\"Home\",\"item\":\"https:\\\/\\\/www.manitese.it\\\/en\\\/\"},{\"@type\":\"ListItem\",\"position\":2,\"name\":\"STORIA DI UN BAMBINO TALIB\u00c8: AMADOU\"}]},{\"@type\":\"WebSite\",\"@id\":\"https:\\\/\\\/www.manitese.it\\\/en\\\/#website\",\"url\":\"https:\\\/\\\/www.manitese.it\\\/en\\\/\",\"name\":\"Mani Tese\",\"description\":\"\",\"potentialAction\":[{\"@type\":\"SearchAction\",\"target\":{\"@type\":\"EntryPoint\",\"urlTemplate\":\"https:\\\/\\\/www.manitese.it\\\/en\\\/?s={search_term_string}\"},\"query-input\":{\"@type\":\"PropertyValueSpecification\",\"valueRequired\":true,\"valueName\":\"search_term_string\"}}],\"inLanguage\":\"en-US\"},{\"@type\":\"Person\",\"@id\":\"https:\\\/\\\/www.manitese.it\\\/en\\\/#\\\/schema\\\/person\\\/5a9774f17e4940e2510bfeba90f04f65\",\"name\":\"agevis\",\"image\":{\"@type\":\"ImageObject\",\"inLanguage\":\"en-US\",\"@id\":\"https:\\\/\\\/secure.gravatar.com\\\/avatar\\\/2dc96c93fcf3387a5922a93b50fb3bff01d4800590fb6a4ab91a034adb25ba17?s=96&d=mm&r=g\",\"url\":\"https:\\\/\\\/secure.gravatar.com\\\/avatar\\\/2dc96c93fcf3387a5922a93b50fb3bff01d4800590fb6a4ab91a034adb25ba17?s=96&d=mm&r=g\",\"contentUrl\":\"https:\\\/\\\/secure.gravatar.com\\\/avatar\\\/2dc96c93fcf3387a5922a93b50fb3bff01d4800590fb6a4ab91a034adb25ba17?s=96&d=mm&r=g\",\"caption\":\"agevis\"},\"url\":\"https:\\\/\\\/www.manitese.it\\\/en\\\/author\\\/wp_agevis_admin\\\/\"}]}<\/script>\n<!-- \/ Yoast SEO plugin. -->","yoast_head_json":{"title":"STORIA DI UN BAMBINO TALIB\u00c8: AMADOU - Mani Tese","description":"Costretto per anni a mendicare da un presunto maestro coranico, \u00e8 stato trovato dalla RAO (Rete dell\u2019Africa dell\u2019Ovest) e ora vive in una comunit\u00e0 a Bafat\u00e0.","robots":{"index":"index","follow":"follow","max-snippet":"max-snippet:-1","max-image-preview":"max-image-preview:large","max-video-preview":"max-video-preview:-1"},"canonical":"https:\/\/www.manitese.it\/en\/storia-di-un-bambino-talibe-amadou\/","og_locale":"en_US","og_type":"article","og_title":"STORIA DI UN BAMBINO TALIB\u00c8: AMADOU - Mani Tese","og_description":"Costretto per anni a mendicare da un presunto maestro coranico, \u00e8 stato trovato dalla RAO (Rete dell\u2019Africa dell\u2019Ovest) e ora vive in una comunit\u00e0 a Bafat\u00e0.","og_url":"https:\/\/www.manitese.it\/en\/storia-di-un-bambino-talibe-amadou\/","og_site_name":"Mani Tese","article_published_time":"2021-03-09T18:10:47+00:00","article_modified_time":"2023-12-18T15:37:12+00:00","og_image":[{"width":1920,"height":800,"url":"https:\/\/www.manitese.it\/wp-content\/uploads\/2021\/03\/storia-bambino-talibe-amadou-1.jpg","type":"image\/jpeg"}],"author":"agevis","twitter_card":"summary_large_image","twitter_misc":{"Written by":"agevis","Est. reading time":"3 minutes"},"schema":{"@context":"https:\/\/schema.org","@graph":[{"@type":"Article","@id":"https:\/\/www.manitese.it\/en\/storia-di-un-bambino-talibe-amadou\/#article","isPartOf":{"@id":"https:\/\/www.manitese.it\/en\/storia-di-un-bambino-talibe-amadou\/"},"author":{"name":"agevis","@id":"https:\/\/www.manitese.it\/en\/#\/schema\/person\/5a9774f17e4940e2510bfeba90f04f65"},"headline":"STORIA DI UN BAMBINO TALIB\u00c8: AMADOU","datePublished":"2021-03-09T18:10:47+00:00","dateModified":"2023-12-18T15:37:12+00:00","mainEntityOfPage":{"@id":"https:\/\/www.manitese.it\/en\/storia-di-un-bambino-talibe-amadou\/"},"wordCount":585,"commentCount":0,"image":{"@id":"https:\/\/www.manitese.it\/en\/storia-di-un-bambino-talibe-amadou\/#primaryimage"},"thumbnailUrl":"https:\/\/www.manitese.it\/wp-content\/uploads\/2021\/03\/storia-bambino-talibe-amadou-1.jpg","articleSection":["Diari"],"inLanguage":"en-US","potentialAction":[{"@type":"CommentAction","name":"Comment","target":["https:\/\/www.manitese.it\/en\/storia-di-un-bambino-talibe-amadou\/#respond"]}]},{"@type":"WebPage","@id":"https:\/\/www.manitese.it\/en\/storia-di-un-bambino-talibe-amadou\/","url":"https:\/\/www.manitese.it\/en\/storia-di-un-bambino-talibe-amadou\/","name":"STORIA DI UN BAMBINO TALIB\u00c8: AMADOU - Mani Tese","isPartOf":{"@id":"https:\/\/www.manitese.it\/en\/#website"},"primaryImageOfPage":{"@id":"https:\/\/www.manitese.it\/en\/storia-di-un-bambino-talibe-amadou\/#primaryimage"},"image":{"@id":"https:\/\/www.manitese.it\/en\/storia-di-un-bambino-talibe-amadou\/#primaryimage"},"thumbnailUrl":"https:\/\/www.manitese.it\/wp-content\/uploads\/2021\/03\/storia-bambino-talibe-amadou-1.jpg","datePublished":"2021-03-09T18:10:47+00:00","dateModified":"2023-12-18T15:37:12+00:00","author":{"@id":"https:\/\/www.manitese.it\/en\/#\/schema\/person\/5a9774f17e4940e2510bfeba90f04f65"},"description":"Costretto per anni a mendicare da un presunto maestro coranico, \u00e8 stato trovato dalla RAO (Rete dell\u2019Africa dell\u2019Ovest) e ora vive in una comunit\u00e0 a Bafat\u00e0.","breadcrumb":{"@id":"https:\/\/www.manitese.it\/en\/storia-di-un-bambino-talibe-amadou\/#breadcrumb"},"inLanguage":"en-US","potentialAction":[{"@type":"ReadAction","target":["https:\/\/www.manitese.it\/en\/storia-di-un-bambino-talibe-amadou\/"]}]},{"@type":"ImageObject","inLanguage":"en-US","@id":"https:\/\/www.manitese.it\/en\/storia-di-un-bambino-talibe-amadou\/#primaryimage","url":"https:\/\/www.manitese.it\/wp-content\/uploads\/2021\/03\/storia-bambino-talibe-amadou-1.jpg","contentUrl":"https:\/\/www.manitese.it\/wp-content\/uploads\/2021\/03\/storia-bambino-talibe-amadou-1.jpg","width":1920,"height":800,"caption":"storia bambino talibe"},{"@type":"BreadcrumbList","@id":"https:\/\/www.manitese.it\/en\/storia-di-un-bambino-talibe-amadou\/#breadcrumb","itemListElement":[{"@type":"ListItem","position":1,"name":"Home","item":"https:\/\/www.manitese.it\/en\/"},{"@type":"ListItem","position":2,"name":"STORIA DI UN BAMBINO TALIB\u00c8: AMADOU"}]},{"@type":"WebSite","@id":"https:\/\/www.manitese.it\/en\/#website","url":"https:\/\/www.manitese.it\/en\/","name":"Mani Tese","description":"","potentialAction":[{"@type":"SearchAction","target":{"@type":"EntryPoint","urlTemplate":"https:\/\/www.manitese.it\/en\/?s={search_term_string}"},"query-input":{"@type":"PropertyValueSpecification","valueRequired":true,"valueName":"search_term_string"}}],"inLanguage":"en-US"},{"@type":"Person","@id":"https:\/\/www.manitese.it\/en\/#\/schema\/person\/5a9774f17e4940e2510bfeba90f04f65","name":"agevis","image":{"@type":"ImageObject","inLanguage":"en-US","@id":"https:\/\/secure.gravatar.com\/avatar\/2dc96c93fcf3387a5922a93b50fb3bff01d4800590fb6a4ab91a034adb25ba17?s=96&d=mm&r=g","url":"https:\/\/secure.gravatar.com\/avatar\/2dc96c93fcf3387a5922a93b50fb3bff01d4800590fb6a4ab91a034adb25ba17?s=96&d=mm&r=g","contentUrl":"https:\/\/secure.gravatar.com\/avatar\/2dc96c93fcf3387a5922a93b50fb3bff01d4800590fb6a4ab91a034adb25ba17?s=96&d=mm&r=g","caption":"agevis"},"url":"https:\/\/www.manitese.it\/en\/author\/wp_agevis_admin\/"}]}},"jetpack_featured_media_url":"https:\/\/www.manitese.it\/wp-content\/uploads\/2021\/03\/storia-bambino-talibe-amadou-1.jpg","jetpack_sharing_enabled":true,"_links":{"self":[{"href":"https:\/\/www.manitese.it\/en\/wp-json\/wp\/v2\/posts\/73568","targetHints":{"allow":["GET"]}}],"collection":[{"href":"https:\/\/www.manitese.it\/en\/wp-json\/wp\/v2\/posts"}],"about":[{"href":"https:\/\/www.manitese.it\/en\/wp-json\/wp\/v2\/types\/post"}],"author":[{"embeddable":true,"href":"https:\/\/www.manitese.it\/en\/wp-json\/wp\/v2\/users\/1"}],"replies":[{"embeddable":true,"href":"https:\/\/www.manitese.it\/en\/wp-json\/wp\/v2\/comments?post=73568"}],"version-history":[{"count":2,"href":"https:\/\/www.manitese.it\/en\/wp-json\/wp\/v2\/posts\/73568\/revisions"}],"predecessor-version":[{"id":191896,"href":"https:\/\/www.manitese.it\/en\/wp-json\/wp\/v2\/posts\/73568\/revisions\/191896"}],"wp:featuredmedia":[{"embeddable":true,"href":"https:\/\/www.manitese.it\/en\/wp-json\/wp\/v2\/media\/73569"}],"wp:attachment":[{"href":"https:\/\/www.manitese.it\/en\/wp-json\/wp\/v2\/media?parent=73568"}],"wp:term":[{"taxonomy":"category","embeddable":true,"href":"https:\/\/www.manitese.it\/en\/wp-json\/wp\/v2\/categories?post=73568"},{"taxonomy":"post_tag","embeddable":true,"href":"https:\/\/www.manitese.it\/en\/wp-json\/wp\/v2\/tags?post=73568"},{"taxonomy":"thematic_area","embeddable":true,"href":"https:\/\/www.manitese.it\/en\/wp-json\/wp\/v2\/thematic_area?post=73568"}],"curies":[{"name":"wp","href":"https:\/\/api.w.org\/{rel}","templated":true}]}}