{"id":73389,"date":"2021-03-04T10:51:33","date_gmt":"2021-03-04T09:51:33","guid":{"rendered":"https:\/\/manitese.it\/?p=73389"},"modified":"2025-07-10T11:28:33","modified_gmt":"2025-07-10T09:28:33","slug":"agroecologia-la-risposta-della-cooperazione-internazionale","status":"publish","type":"post","link":"https:\/\/www.manitese.it\/en\/agroecologia-la-risposta-della-cooperazione-internazionale\/","title":{"rendered":"L\u2019agroecologia sia la risposta della cooperazione internazionale alle crisi in atto in Africa occidentale"},"content":{"rendered":"\n<p>Il Covid aggrava gli effetti del cambiamento climatico che stanno mettendo a dura prova la sopravvivenza delle popolazioni saheliane: le loro condizioni di vita dipendono dal&nbsp;<strong>potenziamento dell\u2019agroecologia<\/strong>, per lo sviluppo di sistemi alimentari equi e sostenibili. Per questo nasce&nbsp;<strong>Azione Terr\u00c6<\/strong>&nbsp;&#8211;&nbsp;<strong>Coalizione per la transizione agroecologica in Africa Occidentale<\/strong>, la nuova alleanza composta da numerose ONG e associazioni italiane impegnate da decenni nella regione:&nbsp;<strong><a rel=\"noreferrer noopener\" aria-label=\"ACRA (apre in una nuova scheda)\" href=\"https:\/\/www.acra.it\/it\/\" target=\"_blank\">ACRA<\/a>, <a rel=\"noreferrer noopener\" aria-label=\"CISV (apre in una nuova scheda)\" href=\"https:\/\/www.it.cisv.org\" target=\"_blank\">CISV<\/a>, <a rel=\"noreferrer noopener\" aria-label=\"COSPE (apre in una nuova scheda)\" href=\"https:\/\/www.cospe.org\" target=\"_blank\">COSPE<\/a>, DEAFAL, <a rel=\"noreferrer noopener\" aria-label=\"LVIA (apre in una nuova scheda)\" href=\"https:\/\/lvia.it\" target=\"_blank\">LVIA<\/a>, <a rel=\"noreferrer noopener\" aria-label=\"Mani Tese (apre in una nuova scheda)\" href=\"https:\/\/manitese.it\" target=\"_blank\">Mani Tese<\/a>, <a rel=\"noreferrer noopener\" aria-label=\"Terra Nuova (apre in una nuova scheda)\" href=\"https:\/\/www.terranuova.it\" target=\"_blank\">Terra Nuova<\/a>, <a rel=\"noreferrer noopener\" aria-label=\"Rete Semi Rurali (apre in una nuova scheda)\" href=\"https:\/\/www.semirurali.net\" target=\"_blank\">Rete Semi Rurali<\/a>, <a rel=\"noreferrer noopener\" aria-label=\"Agroecology Europe (apre in una nuova scheda)\" href=\"https:\/\/www.agroecology-europe.org\" target=\"_blank\">Agroecology Europe<\/a>&nbsp;in collaborazione con <a rel=\"noreferrer noopener\" aria-label=\"AOI (apre in una nuova scheda)\" href=\"http:\/\/www.ong.it\" target=\"_blank\">AOI<\/a> e <a rel=\"noreferrer noopener\" aria-label=\"FOCSIV (apre in una nuova scheda)\" href=\"https:\/\/www.focsiv.it\" target=\"_blank\">FOCSIV<\/a>.<\/strong><\/p>\n\n\n\n<p>In Africa Occidentale la maggioranza delle persone vive ancora nelle zone rurali e per tutte loro la terra \u00e8 fonte di vita.&nbsp;<strong>Ma la terra \u00e8 anche una risorsa sempre pi\u00f9 scarsa e di difficile accesso per le fasce sociali pi\u00f9 vulnerabili<\/strong>: i giovani, le donne, i migranti e le minoranze. Lo \u00e8 per&nbsp;<strong>motivi ambientali dovuti aicambiamenti climatici<\/strong>&nbsp;e a pratiche produttive insostenibili che causano desertificazione, erosione e salinizzazione dei suoli, e per&nbsp;<strong>motivi sociali&nbsp;<\/strong>ovvero per l\u2019effetto combinato della frammentazione delle imprese a seguito della pressione demografica, e della loro concentrazione causata dal&nbsp;<em>land grabbing,<\/em>&nbsp;dalla produzione di biomassa a fini energetici e da altri fenomeni speculativi.<\/p>\n\n\n\n<p>Obiettivo di&nbsp;<strong>Azione Terr\u00c6<\/strong>&nbsp;\u00e8 quello di&nbsp;<strong>sostenere la transizione agroecologica in Africa Occidentale nelle politiche e nei programmi di cooperazione internazionale, a partire dalla Cooperazione italiana.<\/strong>&nbsp;La risposta alle situazioni di crisi della regione richiede infatti un approccio sistemico e multi-attoriale,&nbsp;<strong>che metta al centro i temi della terra e dell\u2019agricoltura contadina, il ruolo delle donne e dei giovani.<\/strong><\/p>\n\n\n\n<p><u><strong>L\u2019appello di Azione Terr\u00c6<\/strong><\/u><\/p>\n\n\n\n<p><strong>Azione Terr\u00c6<\/strong>, che indica gi\u00e0 nel suo nome (<strong>\u00c6 come Agro \u2013 Ecologia<\/strong>) il proprio intento, illustra approfonditamente la sua proposta di intervento nel documento&nbsp;<strong>\u201cTransizione agroecologica e cooperazione internazionale in Africa Occidentale: Appello per un\u2019azione urgente<\/strong>\u201d.<\/p>\n\n\n\n<p>\u201c<em>L\u2019Agroecologia, con il suo approccio sistemico, e la sua capacit\u00e0 di mobilitare attori diversi&nbsp;<\/em>\u2013 si legge dal<strong>&nbsp;documento<em>&nbsp;<\/em><\/strong>\u2013 <em>\u00e8 in condizione di promuovere anche in Africa Occidentale e nel Sahel economie del cibo e della gestione delle risorse naturali inclusive, sostenibili e resilienti. Privilegiando le imprese familiari e contadine, valorizzando il ruolo delle donne e dei giovani, rafforzando forme associative che garantiscano la partecipazione e la rappresentanza di tutti gli attori, e che siano in grado di dialogare con le istituzioni, a partire da quelle territoriali\u201d<\/em>.<\/p>\n\n\n\n<p>Si tratta, secondo il documento, di&nbsp;<strong>un processo di trasformazione da avviare senza perdere tempo,<\/strong>&nbsp;su cui le organizzazioni di&nbsp;<strong>Azioni Terr\u00c6<\/strong>&nbsp;auspicano la convergenza di tutti gli attori della cooperazione internazionale, a partire dall\u2019<strong>Agenzia Italiana per la Cooperazione allo Sviluppo<\/strong>&nbsp;con cui \u00e8 gi\u00e0 stato aperto un dialogo volto alla condivisione di politiche e programmi.<\/p>\n\n\n\n<p>Un processo che&nbsp;<strong>Azione Terr\u00c6<\/strong>&nbsp;\u00e8 gi\u00e0 impegnata a sostenere con i partners locali, in primo luogo il&nbsp;<strong>ROPPA (<\/strong><em><strong>Reseaux des Organisations de Producteurs et Paysannes de l\u2019Afrique de l\u2019Ouest<\/strong><\/em>), rete di organizzazioni contadine e di produttori che coordina l\u2019iniziativa di 15 piattaforme nazionali dell\u2019Africa dell\u2019Ovest.<\/p>\n\n\n\n<p><u><strong>Il webinar del 9 marzo<\/strong><\/u><\/p>\n\n\n\n<p>Il documento&nbsp;<strong>\u201cTransizione agroecologica e cooperazione internazionale in Africa Occidentale: Appello per un\u2019azione urgente<\/strong>\u201d sar\u00e0 presentato on line durante il webinar \u201c<strong>Quale posto per la transizione agroecologica nella cooperazione internazionale sui sistemi alimentari?\u201d<\/strong>,&nbsp;promosso da&nbsp;<strong>Azione Terr\u00c6&nbsp;<\/strong>insieme ad&nbsp;<strong>AOI<\/strong>, Associazione delle ONG Italiane, che si terr\u00e0 marted\u00ec 9 marzo 2021, dalle ore 10.00 alle 13.00 su Zoom.<\/p>\n\n\n\n<p><strong><a href=\"https:\/\/manitese.it\/quale-posto-per-la-transizione-agroecologica\" target=\"_blank\" rel=\"noreferrer noopener\">Qui<\/a><\/strong>&nbsp;il&nbsp;<strong>programma<\/strong>&nbsp;dell&#8217;evento.<\/p>\n\n\n\n<p>Per partecipare \u00e8 necessario registrarsi a questo link:&nbsp;<strong><a rel=\"noreferrer noopener\" href=\"https:\/\/forms.gle\/a8D7d9z7KWB4DfMt5\" target=\"_blank\">https:\/\/forms.gle\/a8D7d9z7KWB4DfMt5<\/a><\/strong><\/p>\n\n\n\n<p>Sar\u00e0 comunque possibile seguire l\u2019evento anche via streaming sulla&nbsp;<strong><a rel=\"noreferrer noopener\" aria-label=\"FOCSIV (apre in una nuova scheda)\" href=\"https:\/\/www.facebook.com\/FOCSIV\" target=\"_blank\">pagina Facebook FOCSIV<\/a>.<\/strong><\/p>\n","protected":false},"excerpt":{"rendered":"<p>L\u2019appello della nuova coalizione AZIONE Terr\u00c6,<br \/>\nche sar\u00e0 presentato on line il 9 marzo.<\/p>\n","protected":false},"author":1,"featured_media":67118,"comment_status":"open","ping_status":"open","sticky":false,"template":"","format":"standard","meta":{"_acf_changed":false,"give_campaign_id":0,"inline_featured_image":false,"_jetpack_memberships_contains_paid_content":false,"footnotes":""},"categories":[1],"tags":[],"thematic_area":[],"class_list":["post-73389","post","type-post","status-publish","format-standard","has-post-thumbnail","hentry","category-news"],"acf":[],"yoast_head":"<!-- This site is optimized with the Yoast SEO plugin v27.5 - https:\/\/yoast.com\/product\/yoast-seo-wordpress\/ -->\n<title>L\u2019agroecologia sia la risposta della cooperazione internazionale alle crisi in atto in Africa occidentale - Mani Tese<\/title>\n<meta name=\"description\" content=\"L\u2019appello della nuova coalizione AZIONE Terr\u00c6,che sar\u00e0 presentato on line il 9 marzo.\" \/>\n<meta name=\"robots\" content=\"index, follow, max-snippet:-1, max-image-preview:large, max-video-preview:-1\" \/>\n<link rel=\"canonical\" href=\"https:\/\/www.manitese.it\/en\/agroecologia-la-risposta-della-cooperazione-internazionale\/\" \/>\n<meta property=\"og:locale\" content=\"en_US\" \/>\n<meta property=\"og:type\" content=\"article\" \/>\n<meta property=\"og:title\" content=\"L\u2019agroecologia sia la risposta della cooperazione internazionale alle crisi in atto in Africa occidentale - Mani Tese\" \/>\n<meta property=\"og:description\" content=\"L\u2019appello della nuova coalizione AZIONE Terr\u00c6,che sar\u00e0 presentato on line il 9 marzo.\" \/>\n<meta property=\"og:url\" content=\"https:\/\/www.manitese.it\/en\/agroecologia-la-risposta-della-cooperazione-internazionale\/\" \/>\n<meta property=\"og:site_name\" content=\"Mani Tese\" \/>\n<meta property=\"article:published_time\" content=\"2021-03-04T09:51:33+00:00\" \/>\n<meta property=\"article:modified_time\" content=\"2025-07-10T09:28:33+00:00\" \/>\n<meta property=\"og:image\" content=\"https:\/\/www.manitese.it\/wp-content\/uploads\/2020\/11\/paesaggi-di-cooperazione-cover-mani-tese-2020-2-1.jpg\" \/>\n\t<meta property=\"og:image:width\" content=\"1920\" \/>\n\t<meta property=\"og:image:height\" content=\"800\" \/>\n\t<meta property=\"og:image:type\" content=\"image\/jpeg\" \/>\n<meta name=\"author\" content=\"agevis\" \/>\n<meta name=\"twitter:card\" content=\"summary_large_image\" \/>\n<meta name=\"twitter:label1\" content=\"Written by\" \/>\n\t<meta name=\"twitter:data1\" content=\"agevis\" \/>\n\t<meta name=\"twitter:label2\" content=\"Est. reading time\" \/>\n\t<meta name=\"twitter:data2\" content=\"3 minutes\" \/>\n<script type=\"application\/ld+json\" class=\"yoast-schema-graph\">{\"@context\":\"https:\\\/\\\/schema.org\",\"@graph\":[{\"@type\":\"Article\",\"@id\":\"https:\\\/\\\/www.manitese.it\\\/en\\\/agroecologia-la-risposta-della-cooperazione-internazionale\\\/#article\",\"isPartOf\":{\"@id\":\"https:\\\/\\\/www.manitese.it\\\/en\\\/agroecologia-la-risposta-della-cooperazione-internazionale\\\/\"},\"author\":{\"name\":\"agevis\",\"@id\":\"https:\\\/\\\/www.manitese.it\\\/en\\\/#\\\/schema\\\/person\\\/5a9774f17e4940e2510bfeba90f04f65\"},\"headline\":\"L\u2019agroecologia sia la risposta della cooperazione internazionale alle crisi in atto in Africa occidentale\",\"datePublished\":\"2021-03-04T09:51:33+00:00\",\"dateModified\":\"2025-07-10T09:28:33+00:00\",\"mainEntityOfPage\":{\"@id\":\"https:\\\/\\\/www.manitese.it\\\/en\\\/agroecologia-la-risposta-della-cooperazione-internazionale\\\/\"},\"wordCount\":634,\"commentCount\":0,\"image\":{\"@id\":\"https:\\\/\\\/www.manitese.it\\\/en\\\/agroecologia-la-risposta-della-cooperazione-internazionale\\\/#primaryimage\"},\"thumbnailUrl\":\"https:\\\/\\\/www.manitese.it\\\/wp-content\\\/uploads\\\/2020\\\/11\\\/paesaggi-di-cooperazione-cover-mani-tese-2020-2-1.jpg\",\"articleSection\":[\"News\"],\"inLanguage\":\"en-US\",\"potentialAction\":[{\"@type\":\"CommentAction\",\"name\":\"Comment\",\"target\":[\"https:\\\/\\\/www.manitese.it\\\/en\\\/agroecologia-la-risposta-della-cooperazione-internazionale\\\/#respond\"]}]},{\"@type\":\"WebPage\",\"@id\":\"https:\\\/\\\/www.manitese.it\\\/en\\\/agroecologia-la-risposta-della-cooperazione-internazionale\\\/\",\"url\":\"https:\\\/\\\/www.manitese.it\\\/en\\\/agroecologia-la-risposta-della-cooperazione-internazionale\\\/\",\"name\":\"L\u2019agroecologia sia la risposta della cooperazione internazionale alle crisi in atto in Africa occidentale - Mani Tese\",\"isPartOf\":{\"@id\":\"https:\\\/\\\/www.manitese.it\\\/en\\\/#website\"},\"primaryImageOfPage\":{\"@id\":\"https:\\\/\\\/www.manitese.it\\\/en\\\/agroecologia-la-risposta-della-cooperazione-internazionale\\\/#primaryimage\"},\"image\":{\"@id\":\"https:\\\/\\\/www.manitese.it\\\/en\\\/agroecologia-la-risposta-della-cooperazione-internazionale\\\/#primaryimage\"},\"thumbnailUrl\":\"https:\\\/\\\/www.manitese.it\\\/wp-content\\\/uploads\\\/2020\\\/11\\\/paesaggi-di-cooperazione-cover-mani-tese-2020-2-1.jpg\",\"datePublished\":\"2021-03-04T09:51:33+00:00\",\"dateModified\":\"2025-07-10T09:28:33+00:00\",\"author\":{\"@id\":\"https:\\\/\\\/www.manitese.it\\\/en\\\/#\\\/schema\\\/person\\\/5a9774f17e4940e2510bfeba90f04f65\"},\"description\":\"L\u2019appello della nuova coalizione AZIONE Terr\u00c6,che sar\u00e0 presentato on line il 9 marzo.\",\"breadcrumb\":{\"@id\":\"https:\\\/\\\/www.manitese.it\\\/en\\\/agroecologia-la-risposta-della-cooperazione-internazionale\\\/#breadcrumb\"},\"inLanguage\":\"en-US\",\"potentialAction\":[{\"@type\":\"ReadAction\",\"target\":[\"https:\\\/\\\/www.manitese.it\\\/en\\\/agroecologia-la-risposta-della-cooperazione-internazionale\\\/\"]}]},{\"@type\":\"ImageObject\",\"inLanguage\":\"en-US\",\"@id\":\"https:\\\/\\\/www.manitese.it\\\/en\\\/agroecologia-la-risposta-della-cooperazione-internazionale\\\/#primaryimage\",\"url\":\"https:\\\/\\\/www.manitese.it\\\/wp-content\\\/uploads\\\/2020\\\/11\\\/paesaggi-di-cooperazione-cover-mani-tese-2020-2-1.jpg\",\"contentUrl\":\"https:\\\/\\\/www.manitese.it\\\/wp-content\\\/uploads\\\/2020\\\/11\\\/paesaggi-di-cooperazione-cover-mani-tese-2020-2-1.jpg\",\"width\":1920,\"height\":800,\"caption\":\"Matteo de Mayda\"},{\"@type\":\"BreadcrumbList\",\"@id\":\"https:\\\/\\\/www.manitese.it\\\/en\\\/agroecologia-la-risposta-della-cooperazione-internazionale\\\/#breadcrumb\",\"itemListElement\":[{\"@type\":\"ListItem\",\"position\":1,\"name\":\"Home\",\"item\":\"https:\\\/\\\/www.manitese.it\\\/en\\\/\"},{\"@type\":\"ListItem\",\"position\":2,\"name\":\"L\u2019agroecologia sia la risposta della cooperazione internazionale alle crisi in atto in Africa occidentale\"}]},{\"@type\":\"WebSite\",\"@id\":\"https:\\\/\\\/www.manitese.it\\\/en\\\/#website\",\"url\":\"https:\\\/\\\/www.manitese.it\\\/en\\\/\",\"name\":\"Mani Tese\",\"description\":\"\",\"potentialAction\":[{\"@type\":\"SearchAction\",\"target\":{\"@type\":\"EntryPoint\",\"urlTemplate\":\"https:\\\/\\\/www.manitese.it\\\/en\\\/?s={search_term_string}\"},\"query-input\":{\"@type\":\"PropertyValueSpecification\",\"valueRequired\":true,\"valueName\":\"search_term_string\"}}],\"inLanguage\":\"en-US\"},{\"@type\":\"Person\",\"@id\":\"https:\\\/\\\/www.manitese.it\\\/en\\\/#\\\/schema\\\/person\\\/5a9774f17e4940e2510bfeba90f04f65\",\"name\":\"agevis\",\"image\":{\"@type\":\"ImageObject\",\"inLanguage\":\"en-US\",\"@id\":\"https:\\\/\\\/secure.gravatar.com\\\/avatar\\\/2dc96c93fcf3387a5922a93b50fb3bff01d4800590fb6a4ab91a034adb25ba17?s=96&d=mm&r=g\",\"url\":\"https:\\\/\\\/secure.gravatar.com\\\/avatar\\\/2dc96c93fcf3387a5922a93b50fb3bff01d4800590fb6a4ab91a034adb25ba17?s=96&d=mm&r=g\",\"contentUrl\":\"https:\\\/\\\/secure.gravatar.com\\\/avatar\\\/2dc96c93fcf3387a5922a93b50fb3bff01d4800590fb6a4ab91a034adb25ba17?s=96&d=mm&r=g\",\"caption\":\"agevis\"},\"url\":\"https:\\\/\\\/www.manitese.it\\\/en\\\/author\\\/wp_agevis_admin\\\/\"}]}<\/script>\n<!-- \/ Yoast SEO plugin. -->","yoast_head_json":{"title":"L\u2019agroecologia sia la risposta della cooperazione internazionale alle crisi in atto in Africa occidentale - Mani Tese","description":"L\u2019appello della nuova coalizione AZIONE Terr\u00c6,che sar\u00e0 presentato on line il 9 marzo.","robots":{"index":"index","follow":"follow","max-snippet":"max-snippet:-1","max-image-preview":"max-image-preview:large","max-video-preview":"max-video-preview:-1"},"canonical":"https:\/\/www.manitese.it\/en\/agroecologia-la-risposta-della-cooperazione-internazionale\/","og_locale":"en_US","og_type":"article","og_title":"L\u2019agroecologia sia la risposta della cooperazione internazionale alle crisi in atto in Africa occidentale - Mani Tese","og_description":"L\u2019appello della nuova coalizione AZIONE Terr\u00c6,che sar\u00e0 presentato on line il 9 marzo.","og_url":"https:\/\/www.manitese.it\/en\/agroecologia-la-risposta-della-cooperazione-internazionale\/","og_site_name":"Mani Tese","article_published_time":"2021-03-04T09:51:33+00:00","article_modified_time":"2025-07-10T09:28:33+00:00","og_image":[{"width":1920,"height":800,"url":"https:\/\/www.manitese.it\/wp-content\/uploads\/2020\/11\/paesaggi-di-cooperazione-cover-mani-tese-2020-2-1.jpg","type":"image\/jpeg"}],"author":"agevis","twitter_card":"summary_large_image","twitter_misc":{"Written by":"agevis","Est. reading time":"3 minutes"},"schema":{"@context":"https:\/\/schema.org","@graph":[{"@type":"Article","@id":"https:\/\/www.manitese.it\/en\/agroecologia-la-risposta-della-cooperazione-internazionale\/#article","isPartOf":{"@id":"https:\/\/www.manitese.it\/en\/agroecologia-la-risposta-della-cooperazione-internazionale\/"},"author":{"name":"agevis","@id":"https:\/\/www.manitese.it\/en\/#\/schema\/person\/5a9774f17e4940e2510bfeba90f04f65"},"headline":"L\u2019agroecologia sia la risposta della cooperazione internazionale alle crisi in atto in Africa occidentale","datePublished":"2021-03-04T09:51:33+00:00","dateModified":"2025-07-10T09:28:33+00:00","mainEntityOfPage":{"@id":"https:\/\/www.manitese.it\/en\/agroecologia-la-risposta-della-cooperazione-internazionale\/"},"wordCount":634,"commentCount":0,"image":{"@id":"https:\/\/www.manitese.it\/en\/agroecologia-la-risposta-della-cooperazione-internazionale\/#primaryimage"},"thumbnailUrl":"https:\/\/www.manitese.it\/wp-content\/uploads\/2020\/11\/paesaggi-di-cooperazione-cover-mani-tese-2020-2-1.jpg","articleSection":["News"],"inLanguage":"en-US","potentialAction":[{"@type":"CommentAction","name":"Comment","target":["https:\/\/www.manitese.it\/en\/agroecologia-la-risposta-della-cooperazione-internazionale\/#respond"]}]},{"@type":"WebPage","@id":"https:\/\/www.manitese.it\/en\/agroecologia-la-risposta-della-cooperazione-internazionale\/","url":"https:\/\/www.manitese.it\/en\/agroecologia-la-risposta-della-cooperazione-internazionale\/","name":"L\u2019agroecologia sia la risposta della cooperazione internazionale alle crisi in atto in Africa occidentale - Mani Tese","isPartOf":{"@id":"https:\/\/www.manitese.it\/en\/#website"},"primaryImageOfPage":{"@id":"https:\/\/www.manitese.it\/en\/agroecologia-la-risposta-della-cooperazione-internazionale\/#primaryimage"},"image":{"@id":"https:\/\/www.manitese.it\/en\/agroecologia-la-risposta-della-cooperazione-internazionale\/#primaryimage"},"thumbnailUrl":"https:\/\/www.manitese.it\/wp-content\/uploads\/2020\/11\/paesaggi-di-cooperazione-cover-mani-tese-2020-2-1.jpg","datePublished":"2021-03-04T09:51:33+00:00","dateModified":"2025-07-10T09:28:33+00:00","author":{"@id":"https:\/\/www.manitese.it\/en\/#\/schema\/person\/5a9774f17e4940e2510bfeba90f04f65"},"description":"L\u2019appello della nuova coalizione AZIONE Terr\u00c6,che sar\u00e0 presentato on line il 9 marzo.","breadcrumb":{"@id":"https:\/\/www.manitese.it\/en\/agroecologia-la-risposta-della-cooperazione-internazionale\/#breadcrumb"},"inLanguage":"en-US","potentialAction":[{"@type":"ReadAction","target":["https:\/\/www.manitese.it\/en\/agroecologia-la-risposta-della-cooperazione-internazionale\/"]}]},{"@type":"ImageObject","inLanguage":"en-US","@id":"https:\/\/www.manitese.it\/en\/agroecologia-la-risposta-della-cooperazione-internazionale\/#primaryimage","url":"https:\/\/www.manitese.it\/wp-content\/uploads\/2020\/11\/paesaggi-di-cooperazione-cover-mani-tese-2020-2-1.jpg","contentUrl":"https:\/\/www.manitese.it\/wp-content\/uploads\/2020\/11\/paesaggi-di-cooperazione-cover-mani-tese-2020-2-1.jpg","width":1920,"height":800,"caption":"Matteo de Mayda"},{"@type":"BreadcrumbList","@id":"https:\/\/www.manitese.it\/en\/agroecologia-la-risposta-della-cooperazione-internazionale\/#breadcrumb","itemListElement":[{"@type":"ListItem","position":1,"name":"Home","item":"https:\/\/www.manitese.it\/en\/"},{"@type":"ListItem","position":2,"name":"L\u2019agroecologia sia la risposta della cooperazione internazionale alle crisi in atto in Africa occidentale"}]},{"@type":"WebSite","@id":"https:\/\/www.manitese.it\/en\/#website","url":"https:\/\/www.manitese.it\/en\/","name":"Mani Tese","description":"","potentialAction":[{"@type":"SearchAction","target":{"@type":"EntryPoint","urlTemplate":"https:\/\/www.manitese.it\/en\/?s={search_term_string}"},"query-input":{"@type":"PropertyValueSpecification","valueRequired":true,"valueName":"search_term_string"}}],"inLanguage":"en-US"},{"@type":"Person","@id":"https:\/\/www.manitese.it\/en\/#\/schema\/person\/5a9774f17e4940e2510bfeba90f04f65","name":"agevis","image":{"@type":"ImageObject","inLanguage":"en-US","@id":"https:\/\/secure.gravatar.com\/avatar\/2dc96c93fcf3387a5922a93b50fb3bff01d4800590fb6a4ab91a034adb25ba17?s=96&d=mm&r=g","url":"https:\/\/secure.gravatar.com\/avatar\/2dc96c93fcf3387a5922a93b50fb3bff01d4800590fb6a4ab91a034adb25ba17?s=96&d=mm&r=g","contentUrl":"https:\/\/secure.gravatar.com\/avatar\/2dc96c93fcf3387a5922a93b50fb3bff01d4800590fb6a4ab91a034adb25ba17?s=96&d=mm&r=g","caption":"agevis"},"url":"https:\/\/www.manitese.it\/en\/author\/wp_agevis_admin\/"}]}},"jetpack_featured_media_url":"https:\/\/www.manitese.it\/wp-content\/uploads\/2020\/11\/paesaggi-di-cooperazione-cover-mani-tese-2020-2-1.jpg","jetpack_sharing_enabled":true,"_links":{"self":[{"href":"https:\/\/www.manitese.it\/en\/wp-json\/wp\/v2\/posts\/73389","targetHints":{"allow":["GET"]}}],"collection":[{"href":"https:\/\/www.manitese.it\/en\/wp-json\/wp\/v2\/posts"}],"about":[{"href":"https:\/\/www.manitese.it\/en\/wp-json\/wp\/v2\/types\/post"}],"author":[{"embeddable":true,"href":"https:\/\/www.manitese.it\/en\/wp-json\/wp\/v2\/users\/1"}],"replies":[{"embeddable":true,"href":"https:\/\/www.manitese.it\/en\/wp-json\/wp\/v2\/comments?post=73389"}],"version-history":[{"count":1,"href":"https:\/\/www.manitese.it\/en\/wp-json\/wp\/v2\/posts\/73389\/revisions"}],"predecessor-version":[{"id":177738,"href":"https:\/\/www.manitese.it\/en\/wp-json\/wp\/v2\/posts\/73389\/revisions\/177738"}],"wp:featuredmedia":[{"embeddable":true,"href":"https:\/\/www.manitese.it\/en\/wp-json\/wp\/v2\/media\/67118"}],"wp:attachment":[{"href":"https:\/\/www.manitese.it\/en\/wp-json\/wp\/v2\/media?parent=73389"}],"wp:term":[{"taxonomy":"category","embeddable":true,"href":"https:\/\/www.manitese.it\/en\/wp-json\/wp\/v2\/categories?post=73389"},{"taxonomy":"post_tag","embeddable":true,"href":"https:\/\/www.manitese.it\/en\/wp-json\/wp\/v2\/tags?post=73389"},{"taxonomy":"thematic_area","embeddable":true,"href":"https:\/\/www.manitese.it\/en\/wp-json\/wp\/v2\/thematic_area?post=73389"}],"curies":[{"name":"wp","href":"https:\/\/api.w.org\/{rel}","templated":true}]}}