{"id":73306,"date":"2021-03-02T13:20:41","date_gmt":"2021-03-02T12:20:41","guid":{"rendered":"https:\/\/manitese.it\/?p=73306"},"modified":"2023-09-21T17:34:29","modified_gmt":"2023-09-21T15:34:29","slug":"volontari-del-servizio-civile-2020","status":"publish","type":"post","link":"https:\/\/www.manitese.it\/en\/volontari-del-servizio-civile-2020\/","title":{"rendered":"I volontari e le volontarie del servizio civile 2020\/2021"},"content":{"rendered":"\r\n<div class=\"wp-block-image\">\r\n<figure class=\"alignleft\"><a href=\"https:\/\/manitese.it\/wp-content\/uploads\/2020\/11\/servizio-civile-mani-tese-2020_elisa.jpg\"><img decoding=\"async\" class=\"wp-image-67174\" src=\"https:\/\/manitese.it\/wp-content\/uploads\/2020\/11\/servizio-civile-mani-tese-2020_elisa-300x269.jpg\" alt=\"servizio civile mani tese 2020_elisa\" \/><\/a><\/figure>\r\n<\/div>\r\n\r\n\r\n\r\n<p>Sono <strong>Elisa <\/strong>e ho 26 anni. Ho deciso di intraprendere questa esperienza del servizio civile per crescere, per una crescita personale e sociale, per imparare e ampliare le mie conoscenze, entrando in contatto con molteplici realt\u00e0. La vita non sempre \u00e8 facile e penso che alcune esperienze ti aiutino a crescere, forse pi\u00f9 di altre. Il mondo del volontariato non \u00e8 nuovo per me, sono gi\u00e0 volontaria soccorritrice e questo aspetto della mia vita mi ha aiutato tanto a fare del bene, aiutando gli altri, anche in prima persona. Il progetto che ho scelto, quello della sostenibilit\u00e0, \u00e8 stata una scelta fatta in base alle emozioni, toccando qualcosa che mi sta molto a cuore, cio\u00e8 la tematica della difesa ambientale, della difesa di tutti i diritti umani e della giustizia sociale. Ho scelto questo percorso perch\u00e9 volevo fare qualcosa di concreto, qualcosa di utile alla causa, compiendo azioni concrete, informando e sensibilizzando su queste cause importanti che spesso vengono ignorate o sottovalutate. Volevo imparare qualcosa che mi avrebbe aiutato e dato la possibilit\u00e0 di fare effettivamente qualcosa, qualcosa per aiutare gli altri, il nostro pianeta e migliorare il nostro futuro. \u00c8 un percorso che forse non sempre sar\u00e0 facile. \u00c8 un impegno, verso se stessi e verso gli altri, e magari ci potranno essere degli ostacoli, che possono essere personali o lavorativi, ma questo non deve darti modo di mollare, di rinunciare a qualcosa di importante. Per me il volontariato si pu\u00f2 descrivere come una scelta e un\u2019opportunit\u00e0. Un gesto di solidariet\u00e0, altruismo e umanit\u00e0. Una scelta che deve provenire prima di tutto dal cuore.<\/p>\r\n\r\n\r\n\r\n<div class=\"wp-block-image\">\r\n<figure class=\"alignleft\"><a href=\"https:\/\/manitese.it\/wp-content\/uploads\/2020\/11\/servizio-civile-mani-tese-2020_erica.jpg\"><img decoding=\"async\" class=\"wp-image-67176\" src=\"https:\/\/manitese.it\/wp-content\/uploads\/2020\/11\/servizio-civile-mani-tese-2020_erica-300x269.jpg\" alt=\"servizio civile mani tese 2020_erica\" \/><\/a><\/figure>\r\n<\/div>\r\n\r\n\r\n\r\n<p>Ciao, sono <strong>Erica <\/strong>e sto facendo il servizio civile a Mani Tese nella sede di Milano. Sono nel Dipartimento di Advocacy e Educazione alla Cittadinanza Globale. Nonostante alcune difficolt\u00e0 dettate principalmente dall\u2019emergenza covid-19 siamo riusciti a lavorare su vari progetti. Quelli che pi\u00f9 mi stanno coinvolgendo in questo momento sono Cambia Moda e Food Wave. Questa esperienza mi sta piacendo cos\u00ec tanto che vorrei continuare la mia esperienza lavorativa in questo settore anche in futuro: credo sia fantastico riuscire a coniugare le proprie passioni con il proprio lavoro!<\/p>\r\n\r\n\r\n\r\n<p>&nbsp;<\/p>\r\n\r\n\r\n\r\n<p>&nbsp;<\/p>\r\n\r\n\r\n\r\n<div class=\"wp-block-image\">\r\n<figure class=\"alignleft\"><a href=\"https:\/\/manitese.it\/wp-content\/uploads\/2020\/11\/servizio-civile-mani-tese-2020_kladi.jpg\"><img decoding=\"async\" class=\"wp-image-67182\" src=\"https:\/\/manitese.it\/wp-content\/uploads\/2020\/11\/servizio-civile-mani-tese-2020_kladi-300x269.jpg\" alt=\"servizio civile mani tese 2020_kladi\" \/><\/a><\/figure>\r\n<\/div>\r\n\r\n\r\n\r\n<p>Mi chiamo <strong>Kladi<\/strong>, sono di Faenza e ho 19 anni, alcune delle mie passioni sono l&#8217;associazionismo e il movimentismo, soprattutto per questo ho deciso di fare il Servizio Civile a Mani Tese Faenza, vorrei lottare per un mondo giusto, un mondo ideale che non credo affatto sia utopia, so che il servizio civile \u00e8 una buona strada per arrivare a questo.<\/p>\r\n\r\n\r\n\r\n<p>&nbsp;<\/p>\r\n\r\n\r\n\r\n<p>&nbsp;<\/p>\r\n\r\n\r\n\r\n<p>&nbsp;<\/p>\r\n\r\n\r\n\r\n<p>&nbsp;<\/p>\r\n\r\n\r\n\r\n<p>&nbsp;<\/p>\r\n\r\n\r\n\r\n<p>&nbsp;<\/p>\r\n\r\n\r\n\r\n<p>&nbsp;<\/p>\r\n\r\n\r\n\r\n<div class=\"wp-block-image\">\r\n<figure class=\"alignleft\"><a href=\"https:\/\/manitese.it\/wp-content\/uploads\/2020\/11\/servizio-civile-mani-tese-2020_lucia.jpg\"><img decoding=\"async\" class=\"wp-image-67184\" src=\"https:\/\/manitese.it\/wp-content\/uploads\/2020\/11\/servizio-civile-mani-tese-2020_lucia-300x269.jpg\" alt=\"servizio civile mani tese 2020_lucia\" \/><\/a><\/figure>\r\n<\/div>\r\n\r\n\r\n\r\n<p>Mi chiamo <strong>Lucia <\/strong>e ho 25 anni, una laurea in architettura e una passione per il mondo di grafica e comunicazione. Ho scelto di fare servizio civile con Mani Tese ispirata dall\u2019impegno di questa associazione per la giustizia e l\u2019equit\u00e0. Questa esperienza mi ha arricchita in termini tecnici di competenze, ma soprattutto ho trovato in Mani Tese un ambiente stimolante, ricco di persone che lavorano con entusiasmo per una giusta causa.<\/p>\r\n\r\n\r\n\r\n<p>&nbsp;<\/p>\r\n\r\n\r\n\r\n<p>&nbsp;<\/p>\r\n\r\n\r\n\r\n<p>&nbsp;<\/p>\r\n\r\n\r\n\r\n<p>&nbsp;<\/p>\r\n\r\n\r\n\r\n<p>&nbsp;<\/p>\r\n\r\n\r\n\r\n<div class=\"wp-block-image\">\r\n<figure class=\"alignleft\"><a href=\"https:\/\/manitese.it\/wp-content\/uploads\/2020\/11\/servizio-civile-mani-tese-2020_mario.jpg\"><img decoding=\"async\" class=\"wp-image-67186\" src=\"https:\/\/manitese.it\/wp-content\/uploads\/2020\/11\/servizio-civile-mani-tese-2020_mario-300x269.jpg\" alt=\"servizio civile mani tese 2020_mario\" \/><\/a><\/figure>\r\n<\/div>\r\n\r\n\r\n\r\n<p>Mi chiamo <strong>Mario<\/strong>, ho 25 anni e presto servizio civile presso Mani Tese nella sede di Padova. Sono studente universitario di psicologia e nel corso dei miei studi ho sviluppato un interesse per la promozione della cultura della sostenibilit\u00e0 ambientale e della cittadinanza attiva. Ho scelto il progetto di Mani Tese perch\u00e9 credo nel suo contributo ad un futuro equo e sostenibile.<\/p>\r\n\r\n\r\n\r\n<p>&nbsp;<\/p>\r\n\r\n\r\n\r\n<p>&nbsp;<\/p>\r\n\r\n\r\n\r\n<p>&nbsp;<\/p>\r\n\r\n\r\n\r\n<p>&nbsp;<\/p>\r\n\r\n\r\n\r\n<p>&nbsp;<\/p>\r\n\r\n\r\n\r\n<p>&nbsp;<\/p>\r\n\r\n\r\n\r\n<div class=\"wp-block-image\">\r\n<figure class=\"alignleft\"><a href=\"https:\/\/manitese.it\/wp-content\/uploads\/2020\/11\/servizio-civile-mani-tese-2020_paola.jpg\"><img decoding=\"async\" class=\"wp-image-67188\" src=\"https:\/\/manitese.it\/wp-content\/uploads\/2020\/11\/servizio-civile-mani-tese-2020_paola-300x269.jpg\" alt=\"servizio civile mani tese 2020_paola\" \/><\/a><\/figure>\r\n<\/div>\r\n\r\n\r\n\r\n<p>Ciao! Io sono <strong>Paola <\/strong>e ho 25 anni. Ho studiato scienze umane dell\u2019ambiente, del territorio e del paesaggio e ho scelto di fare servizio civile con Mani Tese perch\u00e9 volevo completare il mio percorso di studi mettendo in pratica ci\u00f2 che ho imparato sui libri. Avevo, e ho tuttora, il desiderio di vedere realizzato ci\u00f2 in cui credo: un mondo sostenibile; Mani Tese, portando avanti i valori della giustizia ambientale, economica e sociale, mi sta aiutando a vedere qual \u00e8 il processo concreto per raggiungere questa sostenibilit\u00e0.<\/p>\r\n\r\n\r\n\r\n<p>&nbsp;<\/p>\r\n\r\n\r\n\r\n<p>&nbsp;<\/p>\r\n\r\n\r\n\r\n<p>&nbsp;<\/p>\r\n\r\n\r\n\r\n<div class=\"wp-block-image\">\r\n<figure class=\"alignleft\"><a href=\"https:\/\/manitese.it\/wp-content\/uploads\/2020\/11\/servizio-civile-mani-tese-2020_shana.jpg\"><img decoding=\"async\" class=\"wp-image-67190\" src=\"https:\/\/manitese.it\/wp-content\/uploads\/2020\/11\/servizio-civile-mani-tese-2020_shana-300x269.jpg\" alt=\"servizio civile mani tese 2020_shana\" \/><\/a><\/figure>\r\n<\/div>\r\n\r\n\r\n\r\n<p>Mi chiamo <strong>Shana<\/strong>, ho 29 anni ed i capelli sempre colorati! Sono una persona empatica, amo ascoltare le persone, trasformare con cura le loro storie in fotografie. Nella vita ci si circonda di persone simili, con gli stessi ideali, con la stessa visione del mondo, con la stessa gentilezza verso il prossimo. Per questo motivo mi sono avvicinata a Mani Tese, prima come volontaria e poi ho scelto di investire quest&#8217;anno nel servizio civile proprio perch\u00e9 mi sentivo di voler contribuire, anche nel mio piccolo, ad un cambiamento positivo verso il mondo, mettendomi a servizio con tutte le mie conoscenze, interessi ed energie. Nonostante gli infiniti sgambetti che questo 2020 continua a farci sono soddisfatta di come sta andando quest&#8217;avventura, cerco di viverla come un continuo stimolo a migliorarmi.<\/p>\r\n\r\n\r\n\r\n<div class=\"wp-block-image\">\r\n<figure class=\"alignleft\"><a href=\"https:\/\/manitese.it\/wp-content\/uploads\/2020\/11\/servizio-civile-mani-tese-2020_stefano.jpg\"><img decoding=\"async\" class=\"wp-image-67192\" src=\"https:\/\/manitese.it\/wp-content\/uploads\/2020\/11\/servizio-civile-mani-tese-2020_stefano-300x269.jpg\" alt=\"servizio civile mani tese 2020_stefano\" \/><\/a><\/figure>\r\n<\/div>\r\n\r\n\r\n\r\n<p><strong>Stefano <\/strong>28 anni! Amo la mia solitudine ma a tratti posso essere simpatico e socievole \u2728 Esprimo il mio estro tramite il makeup e la fotografia che mi caricano di stimoli.<\/p>\r\n\r\n\r\n\r\n<p>&nbsp;<\/p>\r\n\r\n\r\n\r\n<p>&nbsp;<\/p>\r\n\r\n\r\n\r\n<p>&nbsp;<\/p>\r\n\r\n\r\n\r\n<p>&nbsp;<\/p>\r\n\r\n\r\n\r\n<p>&nbsp;<\/p>\r\n\r\n\r\n\r\n<p>&nbsp;<\/p>\r\n\r\n\r\n\r\n<p>&nbsp;<\/p>\r\n\r\n\r\n\r\n<p>&nbsp;<\/p>\r\n\r\n\r\n\r\n<p>&nbsp;<\/p>\r\n\r\n\r\n\r\n<p>&nbsp;<\/p>\r\n\r\n\r\n\r\n<div class=\"wp-block-image\">\r\n<figure class=\"alignleft\"><a href=\"https:\/\/manitese.it\/wp-content\/uploads\/2020\/11\/servizio-civile-mani-tese-2020_stella.jpg\"><img decoding=\"async\" class=\"wp-image-67194\" src=\"https:\/\/manitese.it\/wp-content\/uploads\/2020\/11\/servizio-civile-mani-tese-2020_stella-300x269.jpg\" alt=\"servizio civile mani tese 2020_stella\" \/><\/a><\/figure>\r\n<\/div>\r\n\r\n\r\n\r\n<p>Ciao! Mi chiamo <strong>Stella <\/strong>e ho 20 anni e svolgo il servizio civile alla sede di Gorgonzola. Ho deciso di svolgere il servizio civile per rendermi utile e mettermi in gioco. \u00a0 \u00a0 \u00a0 \u00a0<\/p>\r\n\r\n\r\n\r\n<p>&nbsp;<\/p>\r\n\r\n\r\n\r\n<p>&nbsp;<\/p>\r\n\r\n\r\n\r\n<p>&nbsp;<\/p>\r\n\r\n\r\n\r\n<p>&nbsp;<\/p>\r\n\r\n\r\n\r\n<p>&nbsp;<\/p>\r\n\r\n\r\n\r\n<p>&nbsp;<\/p>\r\n\r\n\r\n\r\n<p>&nbsp;<\/p>\r\n\r\n\r\n\r\n<p>&nbsp;<\/p>\r\n\r\n\r\n\r\n<p>&nbsp;<\/p>\r\n\r\n\r\n\r\n<p>&nbsp;<\/p>\r\n\r\n\r\n\r\n<div class=\"wp-block-image\">\r\n<figure class=\"alignleft\"><a href=\"https:\/\/manitese.it\/wp-content\/uploads\/2020\/11\/servizio-civile-mani-tese-2020_valeria.jpg\"><img decoding=\"async\" class=\"wp-image-67196\" src=\"https:\/\/manitese.it\/wp-content\/uploads\/2020\/11\/servizio-civile-mani-tese-2020_valeria-300x269.jpg\" alt=\"servizio civile mani tese 2020_valeria\" \/><\/a><\/figure>\r\n<\/div>\r\n\r\n\r\n\r\n<p>Ciao sono <strong>Valeria<\/strong>, nel servizio civile ho visto una grande opportunit\u00e0 per mettermi in gioco e approfondire tematiche che non conoscevo. Penso che l&#8217;anno di servizio civile sia un grande investimento per il mio futuro sia a livello professionale che personale.<\/p>\r\n","protected":false},"excerpt":{"rendered":"<p>Sono Elisa e ho 26 anni. Ho deciso di intraprendere questa esperienza del servizio civile per crescere, per una crescita personale e sociale, per imparare e ampliare le mie conoscenze, entrando in contatto con molteplici realt\u00e0. La vita non sempre \u00e8 facile e penso che alcune esperienze ti aiutino a crescere, forse pi\u00f9 di altre. [&hellip;]<\/p>\n","protected":false},"author":1,"featured_media":67180,"comment_status":"open","ping_status":"open","sticky":false,"template":"","format":"standard","meta":{"_acf_changed":false,"give_campaign_id":0,"inline_featured_image":false,"_jetpack_memberships_contains_paid_content":false,"footnotes":""},"categories":[23],"tags":[801],"thematic_area":[],"class_list":["post-73306","post","type-post","status-publish","format-standard","has-post-thumbnail","hentry","category-altro","tag-serviziocivile"],"acf":[],"yoast_head":"<!-- This site is optimized with the Yoast SEO plugin v27.5 - https:\/\/yoast.com\/product\/yoast-seo-wordpress\/ -->\n<title>I volontari e le volontarie del servizio civile 2020\/2021 - Mani Tese<\/title>\n<meta name=\"robots\" content=\"index, follow, max-snippet:-1, max-image-preview:large, max-video-preview:-1\" \/>\n<link rel=\"canonical\" href=\"https:\/\/www.manitese.it\/en\/volontari-del-servizio-civile-2020\/\" \/>\n<meta property=\"og:locale\" content=\"en_US\" \/>\n<meta property=\"og:type\" content=\"article\" \/>\n<meta property=\"og:title\" content=\"I volontari e le volontarie del servizio civile 2020\/2021 - Mani Tese\" \/>\n<meta property=\"og:description\" content=\"Sono Elisa e ho 26 anni. Ho deciso di intraprendere questa esperienza del servizio civile per crescere, per una crescita personale e sociale, per imparare e ampliare le mie conoscenze, entrando in contatto con molteplici realt\u00e0. La vita non sempre \u00e8 facile e penso che alcune esperienze ti aiutino a crescere, forse pi\u00f9 di altre. [&hellip;]\" \/>\n<meta property=\"og:url\" content=\"https:\/\/www.manitese.it\/en\/volontari-del-servizio-civile-2020\/\" \/>\n<meta property=\"og:site_name\" content=\"Mani Tese\" \/>\n<meta property=\"article:published_time\" content=\"2021-03-02T12:20:41+00:00\" \/>\n<meta property=\"article:modified_time\" content=\"2023-09-21T15:34:29+00:00\" \/>\n<meta property=\"og:image\" content=\"https:\/\/www.manitese.it\/wp-content\/uploads\/2020\/11\/servizio-civile-mani-tese-2020_foto-di-gruppo_cover-1.jpg\" \/>\n\t<meta property=\"og:image:width\" content=\"1920\" \/>\n\t<meta property=\"og:image:height\" content=\"800\" \/>\n\t<meta property=\"og:image:type\" content=\"image\/jpeg\" \/>\n<meta name=\"author\" content=\"agevis\" \/>\n<meta name=\"twitter:card\" content=\"summary_large_image\" \/>\n<meta name=\"twitter:label1\" content=\"Written by\" \/>\n\t<meta name=\"twitter:data1\" content=\"agevis\" \/>\n\t<meta name=\"twitter:label2\" content=\"Est. reading time\" \/>\n\t<meta name=\"twitter:data2\" content=\"7 minutes\" \/>\n<script type=\"application\/ld+json\" class=\"yoast-schema-graph\">{\"@context\":\"https:\\\/\\\/schema.org\",\"@graph\":[{\"@type\":\"Article\",\"@id\":\"https:\\\/\\\/www.manitese.it\\\/en\\\/volontari-del-servizio-civile-2020\\\/#article\",\"isPartOf\":{\"@id\":\"https:\\\/\\\/www.manitese.it\\\/en\\\/volontari-del-servizio-civile-2020\\\/\"},\"author\":{\"name\":\"agevis\",\"@id\":\"https:\\\/\\\/www.manitese.it\\\/en\\\/#\\\/schema\\\/person\\\/5a9774f17e4940e2510bfeba90f04f65\"},\"headline\":\"I volontari e le volontarie del servizio civile 2020\\\/2021\",\"datePublished\":\"2021-03-02T12:20:41+00:00\",\"dateModified\":\"2023-09-21T15:34:29+00:00\",\"mainEntityOfPage\":{\"@id\":\"https:\\\/\\\/www.manitese.it\\\/en\\\/volontari-del-servizio-civile-2020\\\/\"},\"wordCount\":909,\"commentCount\":0,\"image\":{\"@id\":\"https:\\\/\\\/www.manitese.it\\\/en\\\/volontari-del-servizio-civile-2020\\\/#primaryimage\"},\"thumbnailUrl\":\"https:\\\/\\\/www.manitese.it\\\/wp-content\\\/uploads\\\/2020\\\/11\\\/servizio-civile-mani-tese-2020_foto-di-gruppo_cover-1.jpg\",\"keywords\":[\"serviziocivile\"],\"articleSection\":[\"Altro\"],\"inLanguage\":\"en-US\",\"potentialAction\":[{\"@type\":\"CommentAction\",\"name\":\"Comment\",\"target\":[\"https:\\\/\\\/www.manitese.it\\\/en\\\/volontari-del-servizio-civile-2020\\\/#respond\"]}]},{\"@type\":\"WebPage\",\"@id\":\"https:\\\/\\\/www.manitese.it\\\/en\\\/volontari-del-servizio-civile-2020\\\/\",\"url\":\"https:\\\/\\\/www.manitese.it\\\/en\\\/volontari-del-servizio-civile-2020\\\/\",\"name\":\"I volontari e le volontarie del servizio civile 2020\\\/2021 - Mani Tese\",\"isPartOf\":{\"@id\":\"https:\\\/\\\/www.manitese.it\\\/en\\\/#website\"},\"primaryImageOfPage\":{\"@id\":\"https:\\\/\\\/www.manitese.it\\\/en\\\/volontari-del-servizio-civile-2020\\\/#primaryimage\"},\"image\":{\"@id\":\"https:\\\/\\\/www.manitese.it\\\/en\\\/volontari-del-servizio-civile-2020\\\/#primaryimage\"},\"thumbnailUrl\":\"https:\\\/\\\/www.manitese.it\\\/wp-content\\\/uploads\\\/2020\\\/11\\\/servizio-civile-mani-tese-2020_foto-di-gruppo_cover-1.jpg\",\"datePublished\":\"2021-03-02T12:20:41+00:00\",\"dateModified\":\"2023-09-21T15:34:29+00:00\",\"author\":{\"@id\":\"https:\\\/\\\/www.manitese.it\\\/en\\\/#\\\/schema\\\/person\\\/5a9774f17e4940e2510bfeba90f04f65\"},\"breadcrumb\":{\"@id\":\"https:\\\/\\\/www.manitese.it\\\/en\\\/volontari-del-servizio-civile-2020\\\/#breadcrumb\"},\"inLanguage\":\"en-US\",\"potentialAction\":[{\"@type\":\"ReadAction\",\"target\":[\"https:\\\/\\\/www.manitese.it\\\/en\\\/volontari-del-servizio-civile-2020\\\/\"]}]},{\"@type\":\"ImageObject\",\"inLanguage\":\"en-US\",\"@id\":\"https:\\\/\\\/www.manitese.it\\\/en\\\/volontari-del-servizio-civile-2020\\\/#primaryimage\",\"url\":\"https:\\\/\\\/www.manitese.it\\\/wp-content\\\/uploads\\\/2020\\\/11\\\/servizio-civile-mani-tese-2020_foto-di-gruppo_cover-1.jpg\",\"contentUrl\":\"https:\\\/\\\/www.manitese.it\\\/wp-content\\\/uploads\\\/2020\\\/11\\\/servizio-civile-mani-tese-2020_foto-di-gruppo_cover-1.jpg\",\"width\":1920,\"height\":800,\"caption\":\"servizio civile mani tese 2020_foto di gruppo_cover\"},{\"@type\":\"BreadcrumbList\",\"@id\":\"https:\\\/\\\/www.manitese.it\\\/en\\\/volontari-del-servizio-civile-2020\\\/#breadcrumb\",\"itemListElement\":[{\"@type\":\"ListItem\",\"position\":1,\"name\":\"Home\",\"item\":\"https:\\\/\\\/www.manitese.it\\\/en\\\/\"},{\"@type\":\"ListItem\",\"position\":2,\"name\":\"I volontari e le volontarie del servizio civile 2020\\\/2021\"}]},{\"@type\":\"WebSite\",\"@id\":\"https:\\\/\\\/www.manitese.it\\\/en\\\/#website\",\"url\":\"https:\\\/\\\/www.manitese.it\\\/en\\\/\",\"name\":\"Mani Tese\",\"description\":\"\",\"potentialAction\":[{\"@type\":\"SearchAction\",\"target\":{\"@type\":\"EntryPoint\",\"urlTemplate\":\"https:\\\/\\\/www.manitese.it\\\/en\\\/?s={search_term_string}\"},\"query-input\":{\"@type\":\"PropertyValueSpecification\",\"valueRequired\":true,\"valueName\":\"search_term_string\"}}],\"inLanguage\":\"en-US\"},{\"@type\":\"Person\",\"@id\":\"https:\\\/\\\/www.manitese.it\\\/en\\\/#\\\/schema\\\/person\\\/5a9774f17e4940e2510bfeba90f04f65\",\"name\":\"agevis\",\"image\":{\"@type\":\"ImageObject\",\"inLanguage\":\"en-US\",\"@id\":\"https:\\\/\\\/secure.gravatar.com\\\/avatar\\\/2dc96c93fcf3387a5922a93b50fb3bff01d4800590fb6a4ab91a034adb25ba17?s=96&d=mm&r=g\",\"url\":\"https:\\\/\\\/secure.gravatar.com\\\/avatar\\\/2dc96c93fcf3387a5922a93b50fb3bff01d4800590fb6a4ab91a034adb25ba17?s=96&d=mm&r=g\",\"contentUrl\":\"https:\\\/\\\/secure.gravatar.com\\\/avatar\\\/2dc96c93fcf3387a5922a93b50fb3bff01d4800590fb6a4ab91a034adb25ba17?s=96&d=mm&r=g\",\"caption\":\"agevis\"},\"url\":\"https:\\\/\\\/www.manitese.it\\\/en\\\/author\\\/wp_agevis_admin\\\/\"}]}<\/script>\n<!-- \/ Yoast SEO plugin. -->","yoast_head_json":{"title":"I volontari e le volontarie del servizio civile 2020\/2021 - Mani Tese","robots":{"index":"index","follow":"follow","max-snippet":"max-snippet:-1","max-image-preview":"max-image-preview:large","max-video-preview":"max-video-preview:-1"},"canonical":"https:\/\/www.manitese.it\/en\/volontari-del-servizio-civile-2020\/","og_locale":"en_US","og_type":"article","og_title":"I volontari e le volontarie del servizio civile 2020\/2021 - Mani Tese","og_description":"Sono Elisa e ho 26 anni. Ho deciso di intraprendere questa esperienza del servizio civile per crescere, per una crescita personale e sociale, per imparare e ampliare le mie conoscenze, entrando in contatto con molteplici realt\u00e0. La vita non sempre \u00e8 facile e penso che alcune esperienze ti aiutino a crescere, forse pi\u00f9 di altre. [&hellip;]","og_url":"https:\/\/www.manitese.it\/en\/volontari-del-servizio-civile-2020\/","og_site_name":"Mani Tese","article_published_time":"2021-03-02T12:20:41+00:00","article_modified_time":"2023-09-21T15:34:29+00:00","og_image":[{"width":1920,"height":800,"url":"https:\/\/www.manitese.it\/wp-content\/uploads\/2020\/11\/servizio-civile-mani-tese-2020_foto-di-gruppo_cover-1.jpg","type":"image\/jpeg"}],"author":"agevis","twitter_card":"summary_large_image","twitter_misc":{"Written by":"agevis","Est. reading time":"7 minutes"},"schema":{"@context":"https:\/\/schema.org","@graph":[{"@type":"Article","@id":"https:\/\/www.manitese.it\/en\/volontari-del-servizio-civile-2020\/#article","isPartOf":{"@id":"https:\/\/www.manitese.it\/en\/volontari-del-servizio-civile-2020\/"},"author":{"name":"agevis","@id":"https:\/\/www.manitese.it\/en\/#\/schema\/person\/5a9774f17e4940e2510bfeba90f04f65"},"headline":"I volontari e le volontarie del servizio civile 2020\/2021","datePublished":"2021-03-02T12:20:41+00:00","dateModified":"2023-09-21T15:34:29+00:00","mainEntityOfPage":{"@id":"https:\/\/www.manitese.it\/en\/volontari-del-servizio-civile-2020\/"},"wordCount":909,"commentCount":0,"image":{"@id":"https:\/\/www.manitese.it\/en\/volontari-del-servizio-civile-2020\/#primaryimage"},"thumbnailUrl":"https:\/\/www.manitese.it\/wp-content\/uploads\/2020\/11\/servizio-civile-mani-tese-2020_foto-di-gruppo_cover-1.jpg","keywords":["serviziocivile"],"articleSection":["Altro"],"inLanguage":"en-US","potentialAction":[{"@type":"CommentAction","name":"Comment","target":["https:\/\/www.manitese.it\/en\/volontari-del-servizio-civile-2020\/#respond"]}]},{"@type":"WebPage","@id":"https:\/\/www.manitese.it\/en\/volontari-del-servizio-civile-2020\/","url":"https:\/\/www.manitese.it\/en\/volontari-del-servizio-civile-2020\/","name":"I volontari e le volontarie del servizio civile 2020\/2021 - Mani Tese","isPartOf":{"@id":"https:\/\/www.manitese.it\/en\/#website"},"primaryImageOfPage":{"@id":"https:\/\/www.manitese.it\/en\/volontari-del-servizio-civile-2020\/#primaryimage"},"image":{"@id":"https:\/\/www.manitese.it\/en\/volontari-del-servizio-civile-2020\/#primaryimage"},"thumbnailUrl":"https:\/\/www.manitese.it\/wp-content\/uploads\/2020\/11\/servizio-civile-mani-tese-2020_foto-di-gruppo_cover-1.jpg","datePublished":"2021-03-02T12:20:41+00:00","dateModified":"2023-09-21T15:34:29+00:00","author":{"@id":"https:\/\/www.manitese.it\/en\/#\/schema\/person\/5a9774f17e4940e2510bfeba90f04f65"},"breadcrumb":{"@id":"https:\/\/www.manitese.it\/en\/volontari-del-servizio-civile-2020\/#breadcrumb"},"inLanguage":"en-US","potentialAction":[{"@type":"ReadAction","target":["https:\/\/www.manitese.it\/en\/volontari-del-servizio-civile-2020\/"]}]},{"@type":"ImageObject","inLanguage":"en-US","@id":"https:\/\/www.manitese.it\/en\/volontari-del-servizio-civile-2020\/#primaryimage","url":"https:\/\/www.manitese.it\/wp-content\/uploads\/2020\/11\/servizio-civile-mani-tese-2020_foto-di-gruppo_cover-1.jpg","contentUrl":"https:\/\/www.manitese.it\/wp-content\/uploads\/2020\/11\/servizio-civile-mani-tese-2020_foto-di-gruppo_cover-1.jpg","width":1920,"height":800,"caption":"servizio civile mani tese 2020_foto di gruppo_cover"},{"@type":"BreadcrumbList","@id":"https:\/\/www.manitese.it\/en\/volontari-del-servizio-civile-2020\/#breadcrumb","itemListElement":[{"@type":"ListItem","position":1,"name":"Home","item":"https:\/\/www.manitese.it\/en\/"},{"@type":"ListItem","position":2,"name":"I volontari e le volontarie del servizio civile 2020\/2021"}]},{"@type":"WebSite","@id":"https:\/\/www.manitese.it\/en\/#website","url":"https:\/\/www.manitese.it\/en\/","name":"Mani Tese","description":"","potentialAction":[{"@type":"SearchAction","target":{"@type":"EntryPoint","urlTemplate":"https:\/\/www.manitese.it\/en\/?s={search_term_string}"},"query-input":{"@type":"PropertyValueSpecification","valueRequired":true,"valueName":"search_term_string"}}],"inLanguage":"en-US"},{"@type":"Person","@id":"https:\/\/www.manitese.it\/en\/#\/schema\/person\/5a9774f17e4940e2510bfeba90f04f65","name":"agevis","image":{"@type":"ImageObject","inLanguage":"en-US","@id":"https:\/\/secure.gravatar.com\/avatar\/2dc96c93fcf3387a5922a93b50fb3bff01d4800590fb6a4ab91a034adb25ba17?s=96&d=mm&r=g","url":"https:\/\/secure.gravatar.com\/avatar\/2dc96c93fcf3387a5922a93b50fb3bff01d4800590fb6a4ab91a034adb25ba17?s=96&d=mm&r=g","contentUrl":"https:\/\/secure.gravatar.com\/avatar\/2dc96c93fcf3387a5922a93b50fb3bff01d4800590fb6a4ab91a034adb25ba17?s=96&d=mm&r=g","caption":"agevis"},"url":"https:\/\/www.manitese.it\/en\/author\/wp_agevis_admin\/"}]}},"jetpack_featured_media_url":"https:\/\/www.manitese.it\/wp-content\/uploads\/2020\/11\/servizio-civile-mani-tese-2020_foto-di-gruppo_cover-1.jpg","jetpack_sharing_enabled":true,"_links":{"self":[{"href":"https:\/\/www.manitese.it\/en\/wp-json\/wp\/v2\/posts\/73306","targetHints":{"allow":["GET"]}}],"collection":[{"href":"https:\/\/www.manitese.it\/en\/wp-json\/wp\/v2\/posts"}],"about":[{"href":"https:\/\/www.manitese.it\/en\/wp-json\/wp\/v2\/types\/post"}],"author":[{"embeddable":true,"href":"https:\/\/www.manitese.it\/en\/wp-json\/wp\/v2\/users\/1"}],"replies":[{"embeddable":true,"href":"https:\/\/www.manitese.it\/en\/wp-json\/wp\/v2\/comments?post=73306"}],"version-history":[{"count":2,"href":"https:\/\/www.manitese.it\/en\/wp-json\/wp\/v2\/posts\/73306\/revisions"}],"predecessor-version":[{"id":186713,"href":"https:\/\/www.manitese.it\/en\/wp-json\/wp\/v2\/posts\/73306\/revisions\/186713"}],"wp:featuredmedia":[{"embeddable":true,"href":"https:\/\/www.manitese.it\/en\/wp-json\/wp\/v2\/media\/67180"}],"wp:attachment":[{"href":"https:\/\/www.manitese.it\/en\/wp-json\/wp\/v2\/media?parent=73306"}],"wp:term":[{"taxonomy":"category","embeddable":true,"href":"https:\/\/www.manitese.it\/en\/wp-json\/wp\/v2\/categories?post=73306"},{"taxonomy":"post_tag","embeddable":true,"href":"https:\/\/www.manitese.it\/en\/wp-json\/wp\/v2\/tags?post=73306"},{"taxonomy":"thematic_area","embeddable":true,"href":"https:\/\/www.manitese.it\/en\/wp-json\/wp\/v2\/thematic_area?post=73306"}],"curies":[{"name":"wp","href":"https:\/\/api.w.org\/{rel}","templated":true}]}}