{"id":72902,"date":"2021-02-22T13:50:01","date_gmt":"2021-02-22T12:50:01","guid":{"rendered":"https:\/\/manitese.it\/?p=72902"},"modified":"2023-07-21T14:41:40","modified_gmt":"2023-07-21T12:41:40","slug":"quale-posto-per-la-transizione-agroecologica","status":"publish","type":"post","link":"https:\/\/www.manitese.it\/en\/quale-posto-per-la-transizione-agroecologica\/","title":{"rendered":"Quale posto per la transizione agroecologica nella cooperazione italiana"},"content":{"rendered":"\n<p>Il <strong>9 marzo 2021<\/strong> a partire dalle ore 10.00, si terr\u00e0 il webinar dedicato al tema <strong>\u201cQuale posto per la transizione agroecologica nella cooperazione internazionale sui sistemi alimentari\u201d<\/strong> (<strong><a href=\"https:\/\/manitese.it\/wp-content\/uploads\/2021\/03\/Programma-Webinar-Azione-TerrAE-1.pdf\" target=\"_blank\" rel=\"noreferrer noopener\" aria-label=\" (apre in una nuova scheda)\">come da programma allegato<\/a><\/strong>). <\/p>\n\n\n\n<p>L\u2019incontro \u00e8 promosso da <strong><a rel=\"noreferrer noopener\" href=\"http:\/\/www.ong.it\/\" target=\"_blank\">AOI<\/a><\/strong> e da <strong>\u201cAzione TerrAE \u2013 Coalizione per la transizione agroecologica\u201d<\/strong>, una alleanza che vede al suo interno Ong e&nbsp; reti della societ\u00e0 civile italiana ed europea,&nbsp;espressione dei mondi delle universit\u00e0 e delle organizzazioni contadine,&nbsp;e che si \u00e8 costituita recentemente al termine di un percorso di ricerca, confronto e condivisione, iniziato pi\u00f9 di un anno fa.&nbsp;&nbsp; <\/p>\n\n\n\n<p><strong>Obiettivo dell\u2019alleanza <\/strong>\u00e8 quello di sostenere la transizione agroecologica in Africa Occidentale nelle politiche e nei programmi di cooperazione internazionale, a partire dalla Cooperazione italiana. La risposta alle situazioni di crisi della regione richiedono un approccio sistemico e multi-attoriale, che metta al centro i temi della terra e dell\u2019agricoltura contadina, il ruolo delle donne e dei giovani.&nbsp; <\/p>\n\n\n\n<p>Il webinar \u00e8 l\u2019occasione per presentare <strong>il documento-appello di Azione TerrAE<\/strong>, che articola questa proposta in termini di analisi di contesto, approccio metodologico, linee guida e strumenti, insieme al <a rel=\"noreferrer noopener\" aria-label=\" (apre in una nuova scheda)\" href=\"https:\/\/www.cidse.org\/wp-content\/uploads\/2020\/09\/CIDSE-Agroecology-and-Finance-Briefing-Sept-2020-1.pdf\" target=\"_blank\"><strong>documento elaborato da CIDSE con FOCSIV sul ruolo della finanza<\/strong><\/a> a sostegno della transizione agroecologica, che mette in luce con dati e analisi come sia ancora molto insufficiente l\u2019impegno della Cooperazione europea attraverso le agenzie ONU a favore dell\u2019agroecologia.<\/p>\n\n\n\n<p>Le proposte e le valutazioni contenute nei due documenti, e\nrichiamate nelle presentazioni, saranno l\u2019oggetto di un dialogo con i Direttori\ndella DGCS\/MAECI e di AICS, e con la Chief International Development\nFinancial Officer della\nCassa Depositi e Prestiti, per identificare percorsi di collaborazione tra\nsociet\u00e0 civile e istituzioni nella messa a fuoco e nella realizzazione di\npolitiche e programmi per l\u2019agroecologia.<\/p>\n\n\n\n<p>L\u2019incontro sar\u00e0 aperto dal messaggio di <strong>Ibrahim Coulibaly, Presidente ROPPA<\/strong>,<strong> <\/strong>partner di Azione TerrAE.<\/p>\n\n\n\n<p>Per partecipare si prega di registrarsi a questo link:  <a href=\"https:\/\/forms.gle\/a8D7d9z7KWB4DfMt5\" target=\"_blank\" rel=\"noreferrer noopener\" aria-label=\"https:\/\/forms.gle\/a8D7d9z7KWB4DfMt5 (apre in una nuova scheda)\"><strong>https:\/\/forms.gle\/a8D7d9z7KWB4DfMt5<\/strong><\/a><\/p>\n\n\n\n<p><strong>Sar\u00e0 possibile seguire l\u2019evento anche via streaming sulla <a rel=\"noreferrer noopener\" aria-label=\"pagina facebook FOCSIV (apre in una nuova scheda)\" href=\"https:\/\/www.facebook.com\/FOCSIV\" target=\"_blank\">pagina facebook FOCSIV<\/a><\/strong>.<\/p>\n\n\n\n<p>Qui di seguito il programma:<\/p>\n\n\n\n<div class=\"wp-block-image\"><figure class=\"aligncenter size-large\"><a href=\"https:\/\/manitese.it\/wp-content\/uploads\/2021\/03\/Programma-Webinar-Azione-TerrAE-1.pdf\" target=\"_blank\" rel=\"noreferrer noopener\"><img decoding=\"async\" src=\"https:\/\/manitese.it\/wp-content\/uploads\/2021\/03\/Programma-Webinar-Azione-TerrAE-1-724x1024.jpg\" alt=\"Programma Webinar Azione TerrAE\" class=\"wp-image-73419\" \/><\/a><\/figure><\/div>\n","protected":false},"excerpt":{"rendered":"<p>Webinar promosso da AOI e dal gruppo \u201cAzione TerrAE \u2013 Coalizione per la transizione agroecologica\u201d. Marted\u00ec 9 marzo 2021, dalle 10 alle 13.<\/p>\n","protected":false},"author":1,"featured_media":67118,"comment_status":"open","ping_status":"open","sticky":false,"template":"","format":"standard","meta":{"_acf_changed":false,"give_campaign_id":0,"inline_featured_image":false,"_jetpack_memberships_contains_paid_content":false,"footnotes":""},"categories":[24],"tags":[],"thematic_area":[],"class_list":["post-72902","post","type-post","status-publish","format-standard","has-post-thumbnail","hentry","category-eventi"],"acf":[],"yoast_head":"<!-- This site is optimized with the Yoast SEO plugin v27.5 - https:\/\/yoast.com\/product\/yoast-seo-wordpress\/ -->\n<title>Quale posto per la transizione agroecologica nella cooperazione italiana - Mani Tese<\/title>\n<meta name=\"robots\" content=\"index, follow, max-snippet:-1, max-image-preview:large, max-video-preview:-1\" \/>\n<link rel=\"canonical\" href=\"https:\/\/www.manitese.it\/en\/quale-posto-per-la-transizione-agroecologica\/\" \/>\n<meta property=\"og:locale\" content=\"en_US\" \/>\n<meta property=\"og:type\" content=\"article\" \/>\n<meta property=\"og:title\" content=\"Quale posto per la transizione agroecologica nella cooperazione italiana - Mani Tese\" \/>\n<meta property=\"og:description\" content=\"Webinar promosso da AOI e dal gruppo \u201cAzione TerrAE \u2013 Coalizione per la transizione agroecologica\u201d. Marted\u00ec 9 marzo 2021, dalle 10 alle 13.\" \/>\n<meta property=\"og:url\" content=\"https:\/\/www.manitese.it\/en\/quale-posto-per-la-transizione-agroecologica\/\" \/>\n<meta property=\"og:site_name\" content=\"Mani Tese\" \/>\n<meta property=\"article:published_time\" content=\"2021-02-22T12:50:01+00:00\" \/>\n<meta property=\"article:modified_time\" content=\"2023-07-21T12:41:40+00:00\" \/>\n<meta property=\"og:image\" content=\"https:\/\/www.manitese.it\/wp-content\/uploads\/2020\/11\/paesaggi-di-cooperazione-cover-mani-tese-2020-2-1.jpg\" \/>\n\t<meta property=\"og:image:width\" content=\"1920\" \/>\n\t<meta property=\"og:image:height\" content=\"800\" \/>\n\t<meta property=\"og:image:type\" content=\"image\/jpeg\" \/>\n<meta name=\"author\" content=\"agevis\" \/>\n<meta name=\"twitter:card\" content=\"summary_large_image\" \/>\n<meta name=\"twitter:label1\" content=\"Written by\" \/>\n\t<meta name=\"twitter:data1\" content=\"agevis\" \/>\n\t<meta name=\"twitter:label2\" content=\"Est. reading time\" \/>\n\t<meta name=\"twitter:data2\" content=\"2 minutes\" \/>\n<script type=\"application\/ld+json\" class=\"yoast-schema-graph\">{\"@context\":\"https:\\\/\\\/schema.org\",\"@graph\":[{\"@type\":\"Article\",\"@id\":\"https:\\\/\\\/www.manitese.it\\\/en\\\/quale-posto-per-la-transizione-agroecologica\\\/#article\",\"isPartOf\":{\"@id\":\"https:\\\/\\\/www.manitese.it\\\/en\\\/quale-posto-per-la-transizione-agroecologica\\\/\"},\"author\":{\"name\":\"agevis\",\"@id\":\"https:\\\/\\\/www.manitese.it\\\/en\\\/#\\\/schema\\\/person\\\/5a9774f17e4940e2510bfeba90f04f65\"},\"headline\":\"Quale posto per la transizione agroecologica nella cooperazione italiana\",\"datePublished\":\"2021-02-22T12:50:01+00:00\",\"dateModified\":\"2023-07-21T12:41:40+00:00\",\"mainEntityOfPage\":{\"@id\":\"https:\\\/\\\/www.manitese.it\\\/en\\\/quale-posto-per-la-transizione-agroecologica\\\/\"},\"wordCount\":347,\"commentCount\":0,\"image\":{\"@id\":\"https:\\\/\\\/www.manitese.it\\\/en\\\/quale-posto-per-la-transizione-agroecologica\\\/#primaryimage\"},\"thumbnailUrl\":\"https:\\\/\\\/www.manitese.it\\\/wp-content\\\/uploads\\\/2020\\\/11\\\/paesaggi-di-cooperazione-cover-mani-tese-2020-2-1.jpg\",\"articleSection\":[\"Eventi\"],\"inLanguage\":\"en-US\",\"potentialAction\":[{\"@type\":\"CommentAction\",\"name\":\"Comment\",\"target\":[\"https:\\\/\\\/www.manitese.it\\\/en\\\/quale-posto-per-la-transizione-agroecologica\\\/#respond\"]}]},{\"@type\":\"WebPage\",\"@id\":\"https:\\\/\\\/www.manitese.it\\\/en\\\/quale-posto-per-la-transizione-agroecologica\\\/\",\"url\":\"https:\\\/\\\/www.manitese.it\\\/en\\\/quale-posto-per-la-transizione-agroecologica\\\/\",\"name\":\"Quale posto per la transizione agroecologica nella cooperazione italiana - Mani Tese\",\"isPartOf\":{\"@id\":\"https:\\\/\\\/www.manitese.it\\\/en\\\/#website\"},\"primaryImageOfPage\":{\"@id\":\"https:\\\/\\\/www.manitese.it\\\/en\\\/quale-posto-per-la-transizione-agroecologica\\\/#primaryimage\"},\"image\":{\"@id\":\"https:\\\/\\\/www.manitese.it\\\/en\\\/quale-posto-per-la-transizione-agroecologica\\\/#primaryimage\"},\"thumbnailUrl\":\"https:\\\/\\\/www.manitese.it\\\/wp-content\\\/uploads\\\/2020\\\/11\\\/paesaggi-di-cooperazione-cover-mani-tese-2020-2-1.jpg\",\"datePublished\":\"2021-02-22T12:50:01+00:00\",\"dateModified\":\"2023-07-21T12:41:40+00:00\",\"author\":{\"@id\":\"https:\\\/\\\/www.manitese.it\\\/en\\\/#\\\/schema\\\/person\\\/5a9774f17e4940e2510bfeba90f04f65\"},\"breadcrumb\":{\"@id\":\"https:\\\/\\\/www.manitese.it\\\/en\\\/quale-posto-per-la-transizione-agroecologica\\\/#breadcrumb\"},\"inLanguage\":\"en-US\",\"potentialAction\":[{\"@type\":\"ReadAction\",\"target\":[\"https:\\\/\\\/www.manitese.it\\\/en\\\/quale-posto-per-la-transizione-agroecologica\\\/\"]}]},{\"@type\":\"ImageObject\",\"inLanguage\":\"en-US\",\"@id\":\"https:\\\/\\\/www.manitese.it\\\/en\\\/quale-posto-per-la-transizione-agroecologica\\\/#primaryimage\",\"url\":\"https:\\\/\\\/www.manitese.it\\\/wp-content\\\/uploads\\\/2020\\\/11\\\/paesaggi-di-cooperazione-cover-mani-tese-2020-2-1.jpg\",\"contentUrl\":\"https:\\\/\\\/www.manitese.it\\\/wp-content\\\/uploads\\\/2020\\\/11\\\/paesaggi-di-cooperazione-cover-mani-tese-2020-2-1.jpg\",\"width\":1920,\"height\":800,\"caption\":\"Matteo de Mayda\"},{\"@type\":\"BreadcrumbList\",\"@id\":\"https:\\\/\\\/www.manitese.it\\\/en\\\/quale-posto-per-la-transizione-agroecologica\\\/#breadcrumb\",\"itemListElement\":[{\"@type\":\"ListItem\",\"position\":1,\"name\":\"Home\",\"item\":\"https:\\\/\\\/www.manitese.it\\\/en\\\/\"},{\"@type\":\"ListItem\",\"position\":2,\"name\":\"Quale posto per la transizione agroecologica nella cooperazione italiana\"}]},{\"@type\":\"WebSite\",\"@id\":\"https:\\\/\\\/www.manitese.it\\\/en\\\/#website\",\"url\":\"https:\\\/\\\/www.manitese.it\\\/en\\\/\",\"name\":\"Mani Tese\",\"description\":\"\",\"potentialAction\":[{\"@type\":\"SearchAction\",\"target\":{\"@type\":\"EntryPoint\",\"urlTemplate\":\"https:\\\/\\\/www.manitese.it\\\/en\\\/?s={search_term_string}\"},\"query-input\":{\"@type\":\"PropertyValueSpecification\",\"valueRequired\":true,\"valueName\":\"search_term_string\"}}],\"inLanguage\":\"en-US\"},{\"@type\":\"Person\",\"@id\":\"https:\\\/\\\/www.manitese.it\\\/en\\\/#\\\/schema\\\/person\\\/5a9774f17e4940e2510bfeba90f04f65\",\"name\":\"agevis\",\"image\":{\"@type\":\"ImageObject\",\"inLanguage\":\"en-US\",\"@id\":\"https:\\\/\\\/secure.gravatar.com\\\/avatar\\\/2dc96c93fcf3387a5922a93b50fb3bff01d4800590fb6a4ab91a034adb25ba17?s=96&d=mm&r=g\",\"url\":\"https:\\\/\\\/secure.gravatar.com\\\/avatar\\\/2dc96c93fcf3387a5922a93b50fb3bff01d4800590fb6a4ab91a034adb25ba17?s=96&d=mm&r=g\",\"contentUrl\":\"https:\\\/\\\/secure.gravatar.com\\\/avatar\\\/2dc96c93fcf3387a5922a93b50fb3bff01d4800590fb6a4ab91a034adb25ba17?s=96&d=mm&r=g\",\"caption\":\"agevis\"},\"url\":\"https:\\\/\\\/www.manitese.it\\\/en\\\/author\\\/wp_agevis_admin\\\/\"}]}<\/script>\n<!-- \/ Yoast SEO plugin. -->","yoast_head_json":{"title":"Quale posto per la transizione agroecologica nella cooperazione italiana - Mani Tese","robots":{"index":"index","follow":"follow","max-snippet":"max-snippet:-1","max-image-preview":"max-image-preview:large","max-video-preview":"max-video-preview:-1"},"canonical":"https:\/\/www.manitese.it\/en\/quale-posto-per-la-transizione-agroecologica\/","og_locale":"en_US","og_type":"article","og_title":"Quale posto per la transizione agroecologica nella cooperazione italiana - Mani Tese","og_description":"Webinar promosso da AOI e dal gruppo \u201cAzione TerrAE \u2013 Coalizione per la transizione agroecologica\u201d. Marted\u00ec 9 marzo 2021, dalle 10 alle 13.","og_url":"https:\/\/www.manitese.it\/en\/quale-posto-per-la-transizione-agroecologica\/","og_site_name":"Mani Tese","article_published_time":"2021-02-22T12:50:01+00:00","article_modified_time":"2023-07-21T12:41:40+00:00","og_image":[{"width":1920,"height":800,"url":"https:\/\/www.manitese.it\/wp-content\/uploads\/2020\/11\/paesaggi-di-cooperazione-cover-mani-tese-2020-2-1.jpg","type":"image\/jpeg"}],"author":"agevis","twitter_card":"summary_large_image","twitter_misc":{"Written by":"agevis","Est. reading time":"2 minutes"},"schema":{"@context":"https:\/\/schema.org","@graph":[{"@type":"Article","@id":"https:\/\/www.manitese.it\/en\/quale-posto-per-la-transizione-agroecologica\/#article","isPartOf":{"@id":"https:\/\/www.manitese.it\/en\/quale-posto-per-la-transizione-agroecologica\/"},"author":{"name":"agevis","@id":"https:\/\/www.manitese.it\/en\/#\/schema\/person\/5a9774f17e4940e2510bfeba90f04f65"},"headline":"Quale posto per la transizione agroecologica nella cooperazione italiana","datePublished":"2021-02-22T12:50:01+00:00","dateModified":"2023-07-21T12:41:40+00:00","mainEntityOfPage":{"@id":"https:\/\/www.manitese.it\/en\/quale-posto-per-la-transizione-agroecologica\/"},"wordCount":347,"commentCount":0,"image":{"@id":"https:\/\/www.manitese.it\/en\/quale-posto-per-la-transizione-agroecologica\/#primaryimage"},"thumbnailUrl":"https:\/\/www.manitese.it\/wp-content\/uploads\/2020\/11\/paesaggi-di-cooperazione-cover-mani-tese-2020-2-1.jpg","articleSection":["Eventi"],"inLanguage":"en-US","potentialAction":[{"@type":"CommentAction","name":"Comment","target":["https:\/\/www.manitese.it\/en\/quale-posto-per-la-transizione-agroecologica\/#respond"]}]},{"@type":"WebPage","@id":"https:\/\/www.manitese.it\/en\/quale-posto-per-la-transizione-agroecologica\/","url":"https:\/\/www.manitese.it\/en\/quale-posto-per-la-transizione-agroecologica\/","name":"Quale posto per la transizione agroecologica nella cooperazione italiana - Mani Tese","isPartOf":{"@id":"https:\/\/www.manitese.it\/en\/#website"},"primaryImageOfPage":{"@id":"https:\/\/www.manitese.it\/en\/quale-posto-per-la-transizione-agroecologica\/#primaryimage"},"image":{"@id":"https:\/\/www.manitese.it\/en\/quale-posto-per-la-transizione-agroecologica\/#primaryimage"},"thumbnailUrl":"https:\/\/www.manitese.it\/wp-content\/uploads\/2020\/11\/paesaggi-di-cooperazione-cover-mani-tese-2020-2-1.jpg","datePublished":"2021-02-22T12:50:01+00:00","dateModified":"2023-07-21T12:41:40+00:00","author":{"@id":"https:\/\/www.manitese.it\/en\/#\/schema\/person\/5a9774f17e4940e2510bfeba90f04f65"},"breadcrumb":{"@id":"https:\/\/www.manitese.it\/en\/quale-posto-per-la-transizione-agroecologica\/#breadcrumb"},"inLanguage":"en-US","potentialAction":[{"@type":"ReadAction","target":["https:\/\/www.manitese.it\/en\/quale-posto-per-la-transizione-agroecologica\/"]}]},{"@type":"ImageObject","inLanguage":"en-US","@id":"https:\/\/www.manitese.it\/en\/quale-posto-per-la-transizione-agroecologica\/#primaryimage","url":"https:\/\/www.manitese.it\/wp-content\/uploads\/2020\/11\/paesaggi-di-cooperazione-cover-mani-tese-2020-2-1.jpg","contentUrl":"https:\/\/www.manitese.it\/wp-content\/uploads\/2020\/11\/paesaggi-di-cooperazione-cover-mani-tese-2020-2-1.jpg","width":1920,"height":800,"caption":"Matteo de Mayda"},{"@type":"BreadcrumbList","@id":"https:\/\/www.manitese.it\/en\/quale-posto-per-la-transizione-agroecologica\/#breadcrumb","itemListElement":[{"@type":"ListItem","position":1,"name":"Home","item":"https:\/\/www.manitese.it\/en\/"},{"@type":"ListItem","position":2,"name":"Quale posto per la transizione agroecologica nella cooperazione italiana"}]},{"@type":"WebSite","@id":"https:\/\/www.manitese.it\/en\/#website","url":"https:\/\/www.manitese.it\/en\/","name":"Mani Tese","description":"","potentialAction":[{"@type":"SearchAction","target":{"@type":"EntryPoint","urlTemplate":"https:\/\/www.manitese.it\/en\/?s={search_term_string}"},"query-input":{"@type":"PropertyValueSpecification","valueRequired":true,"valueName":"search_term_string"}}],"inLanguage":"en-US"},{"@type":"Person","@id":"https:\/\/www.manitese.it\/en\/#\/schema\/person\/5a9774f17e4940e2510bfeba90f04f65","name":"agevis","image":{"@type":"ImageObject","inLanguage":"en-US","@id":"https:\/\/secure.gravatar.com\/avatar\/2dc96c93fcf3387a5922a93b50fb3bff01d4800590fb6a4ab91a034adb25ba17?s=96&d=mm&r=g","url":"https:\/\/secure.gravatar.com\/avatar\/2dc96c93fcf3387a5922a93b50fb3bff01d4800590fb6a4ab91a034adb25ba17?s=96&d=mm&r=g","contentUrl":"https:\/\/secure.gravatar.com\/avatar\/2dc96c93fcf3387a5922a93b50fb3bff01d4800590fb6a4ab91a034adb25ba17?s=96&d=mm&r=g","caption":"agevis"},"url":"https:\/\/www.manitese.it\/en\/author\/wp_agevis_admin\/"}]}},"jetpack_featured_media_url":"https:\/\/www.manitese.it\/wp-content\/uploads\/2020\/11\/paesaggi-di-cooperazione-cover-mani-tese-2020-2-1.jpg","jetpack_sharing_enabled":true,"_links":{"self":[{"href":"https:\/\/www.manitese.it\/en\/wp-json\/wp\/v2\/posts\/72902","targetHints":{"allow":["GET"]}}],"collection":[{"href":"https:\/\/www.manitese.it\/en\/wp-json\/wp\/v2\/posts"}],"about":[{"href":"https:\/\/www.manitese.it\/en\/wp-json\/wp\/v2\/types\/post"}],"author":[{"embeddable":true,"href":"https:\/\/www.manitese.it\/en\/wp-json\/wp\/v2\/users\/1"}],"replies":[{"embeddable":true,"href":"https:\/\/www.manitese.it\/en\/wp-json\/wp\/v2\/comments?post=72902"}],"version-history":[{"count":2,"href":"https:\/\/www.manitese.it\/en\/wp-json\/wp\/v2\/posts\/72902\/revisions"}],"predecessor-version":[{"id":177892,"href":"https:\/\/www.manitese.it\/en\/wp-json\/wp\/v2\/posts\/72902\/revisions\/177892"}],"wp:featuredmedia":[{"embeddable":true,"href":"https:\/\/www.manitese.it\/en\/wp-json\/wp\/v2\/media\/67118"}],"wp:attachment":[{"href":"https:\/\/www.manitese.it\/en\/wp-json\/wp\/v2\/media?parent=72902"}],"wp:term":[{"taxonomy":"category","embeddable":true,"href":"https:\/\/www.manitese.it\/en\/wp-json\/wp\/v2\/categories?post=72902"},{"taxonomy":"post_tag","embeddable":true,"href":"https:\/\/www.manitese.it\/en\/wp-json\/wp\/v2\/tags?post=72902"},{"taxonomy":"thematic_area","embeddable":true,"href":"https:\/\/www.manitese.it\/en\/wp-json\/wp\/v2\/thematic_area?post=72902"}],"curies":[{"name":"wp","href":"https:\/\/api.w.org\/{rel}","templated":true}]}}