{"id":72647,"date":"2021-02-16T17:24:49","date_gmt":"2021-02-16T16:24:49","guid":{"rendered":"https:\/\/manitese.it\/?p=72647"},"modified":"2023-11-30T17:16:01","modified_gmt":"2023-11-30T16:16:01","slug":"in-burkina-faso-supportiamo-la-produzione-di-riso","status":"publish","type":"post","link":"https:\/\/www.manitese.it\/en\/in-burkina-faso-supportiamo-la-produzione-di-riso\/","title":{"rendered":"IN BURKINA FASO SUPPORTIAMO LA PRODUZIONE DI RISO"},"content":{"rendered":"\r\n<p>Siamo alla fine del primo anno di lavoro con le donne produttrici e trasformatrici di riso selezionate dal <a href=\"https:\/\/manitese.it\/progetto\/miglioramento-condizioni-nutrizionali-donne-e-bambini\" target=\"_blank\" rel=\"noreferrer noopener\"><strong>\u201cProgetto per il miglioramento delle condizioni nutrizionali di donne e bambini nei distretti sanitari di Garango e Tenkodogo, Burkina Faso\u201d<\/strong><\/a> cofinanziato dall\u2019<a href=\"https:\/\/www.aics.gov.it\/\" target=\"_blank\" rel=\"noreferrer noopener\" aria-label=\"Agenzia Italiana per la Cooperazione allo Sviluppo (apre in una nuova scheda)\"><strong>Agenzia Italiana per la Cooperazione allo Sviluppo<\/strong><\/a> e che vede capofila l\u2019<strong><a href=\"http:\/\/www.aes-ccc.org\/\" target=\"_blank\" rel=\"noreferrer noopener\" aria-label=\"ONG AES - CCC (apre in una nuova scheda)\">ONG AES-CCC<\/a><\/strong> <strong>(Associazione Amici dello Stato brasiliano Espirito Santo &#8211; Centro di Collaborazione Comunitaria)<\/strong>.<\/p>\r\n\r\n\r\n\r\n<p>In questo arco di tempo <strong>abbiamo accompagnato 100 gruppi di risicoltrici a coltivare riso di qualit\u00e0 locale<\/strong> fornendo loro sia gli strumenti di lavoro, sia momenti formativi su tecniche agroecologiche molto semplici e interessanti. Tra le tecniche proposte vi \u00e8 stata quella per la produzione del compost <em>en tas<\/em>, che alterna strati di concime naturale a erbe e acceleratori naturali, per avere una produzione di riso quantitativamente pi\u00f9 importante, ma soprattutto sana e senza il bisogno di fertilizzanti chimici di sintesi.<\/p>\r\n\r\n\r\n\r\n<p>Inoltre <strong>abbiamo costruito i primi tre centri di trasformazione del riso <\/strong>per altrettanti gruppi di donne, a cui sono stati forniti materiali di lavoro e macchinari, quali la <strong>decorticatrice<\/strong> e la <strong>selezionatrice<\/strong>, utilizzati per ottenere un riso pi\u00f9 pulito riducendo la fatica fisica.<\/p>\r\n\r\n\r\n\r\n<p>Anche questi gruppi di donne hanno seguito un percorso di formazione, in particolare sulla legge OHADA (la legge sulle societ\u00e0 cooperative del Burkina Faso), la contabilit\u00e0 e la gestione dei centri di trasformazione. Inoltre sono state accompagnate nella redazione di un piano d\u2019affari, strumento che sar\u00e0 loro utile per poter pianificare il proprio sviluppo ed eventualmente richiedere finanziamenti agli istituti di microfinanza del territorio.<\/p>\r\n\r\n\r\n\r\n<p>L\u2019\u00e9quipe di Mani Tese si \u00e8 occupata e continua a occuparsi di seguire i percorsi formativi e l\u2019accompagnamento delle donne, ma il nostro lavoro non si ferma qui e <strong>nei prossimi due anni realizzeremo altri sette centri di trasformazione<\/strong> per poter rispondere alle esigenze di tutte le produttrici e faremo anche alcune sperimentazioni su una variet\u00e0 di riso pluviale locale che sarebbe molto interessante per questo territorio.<\/p>\r\n\r\n\r\n\r\n<p>Il riso ha infatti un ruolo da protagonista nella dieta burkinab\u00e9, ma per ora il fabbisogno interno della nazione dipende dalle importazioni estere, spesso di bassa qualit\u00e0, ed \u00e8 quindi importante valorizzare e appoggiare la produzione locale.<\/p>\r\n\r\n\r\n\r\n<div class=\"wp-block-image\">\r\n<figure class=\"aligncenter size-large\"><a href=\"https:\/\/manitese.it\/wp-content\/uploads\/2021\/02\/in-burkina-faso-supportiamo-la-produzione-di-riso-mani-tese-2021.jpg\"><img decoding=\"async\" class=\"wp-image-72680\" src=\"https:\/\/manitese.it\/wp-content\/uploads\/2021\/02\/in-burkina-faso-supportiamo-la-produzione-di-riso-mani-tese-2021-1024x768.jpg\" alt=\"\" \/><\/a>\r\n<figcaption>Due donne coinvolte nel progetto appoggiate a un macchinario in uno dei centri di trasformazione del riso costruiti da Mani Tese<\/figcaption>\r\n<\/figure>\r\n<\/div>\r\n\r\n\r\n\r\n<div class=\"wp-block-image\">\r\n<figure class=\"aligncenter size-large\"><a href=\"https:\/\/manitese.it\/wp-content\/uploads\/2021\/02\/in-burkina-faso-supportiamo-la-produzione-di-riso-mani-tese-2021_2.jpg\"><img decoding=\"async\" class=\"wp-image-72682\" src=\"https:\/\/manitese.it\/wp-content\/uploads\/2021\/02\/in-burkina-faso-supportiamo-la-produzione-di-riso-mani-tese-2021_2-768x1024.jpg\" alt=\"\" \/><\/a>\r\n<figcaption>Un gruppo di donne coinvolte nel progetto<\/figcaption>\r\n<\/figure>\r\n<\/div>\r\n\r\n\r\n\r\n<div class=\"wp-block-image\">\r\n<figure class=\"aligncenter size-large\"><a href=\"https:\/\/manitese.it\/wp-content\/uploads\/2021\/02\/compost-en-tas-villaggio-di-boura-mani-tese-2021.jpg\"><img decoding=\"async\" class=\"wp-image-72684\" src=\"https:\/\/manitese.it\/wp-content\/uploads\/2021\/02\/compost-en-tas-villaggio-di-boura-mani-tese-2021-1024x461.jpg\" alt=\"\" \/><\/a>\r\n<figcaption>Due donne hanno messo in pratica la tecnica del &#8220;compost en tas&#8221;, che alterna strati di concime naturale a erbe e acceleratori naturali<\/figcaption>\r\n<\/figure>\r\n<\/div>\r\n","protected":false},"excerpt":{"rendered":"<p>Centinaia di donne vengono seguite nella coltivazione del riso locale per aumentare la produzione con tecniche agroecologiche.<\/p>\n","protected":false},"author":1,"featured_media":72671,"comment_status":"open","ping_status":"open","sticky":false,"template":"","format":"standard","meta":{"_acf_changed":false,"give_campaign_id":0,"inline_featured_image":false,"_jetpack_memberships_contains_paid_content":false,"footnotes":""},"categories":[3],"tags":[],"thematic_area":[918,905],"class_list":["post-72647","post","type-post","status-publish","format-standard","has-post-thumbnail","hentry","category-diari","thematic_area-sistemi-e-filiere-agroalimentari-locali","thematic_area-accesso-universale-al-cibo-e-allacqua"],"acf":[],"yoast_head":"<!-- This site is optimized with the Yoast SEO plugin v27.5 - https:\/\/yoast.com\/product\/yoast-seo-wordpress\/ -->\n<title>IN BURKINA FASO SUPPORTIAMO LA PRODUZIONE DI RISO - Mani Tese<\/title>\n<meta name=\"description\" content=\"Centinaia di donne vengono seguite nella coltivazione del riso locale per aumentare la produzione con tecniche agroecologiche.\" \/>\n<meta name=\"robots\" content=\"index, follow, max-snippet:-1, max-image-preview:large, max-video-preview:-1\" \/>\n<link rel=\"canonical\" href=\"https:\/\/www.manitese.it\/en\/in-burkina-faso-supportiamo-la-produzione-di-riso\/\" \/>\n<meta property=\"og:locale\" content=\"en_US\" \/>\n<meta property=\"og:type\" content=\"article\" \/>\n<meta property=\"og:title\" content=\"IN BURKINA FASO SUPPORTIAMO LA PRODUZIONE DI RISO - Mani Tese\" \/>\n<meta property=\"og:description\" content=\"Centinaia di donne vengono seguite nella coltivazione del riso locale per aumentare la produzione con tecniche agroecologiche.\" \/>\n<meta property=\"og:url\" content=\"https:\/\/www.manitese.it\/en\/in-burkina-faso-supportiamo-la-produzione-di-riso\/\" \/>\n<meta property=\"og:site_name\" content=\"Mani Tese\" \/>\n<meta property=\"article:published_time\" content=\"2021-02-16T16:24:49+00:00\" \/>\n<meta property=\"article:modified_time\" content=\"2023-11-30T16:16:01+00:00\" \/>\n<meta property=\"og:image\" content=\"https:\/\/www.manitese.it\/wp-content\/uploads\/2021\/02\/trasformazione-riso-mani-tese-2021_cover-1.jpg\" \/>\n\t<meta property=\"og:image:width\" content=\"1920\" \/>\n\t<meta property=\"og:image:height\" content=\"800\" \/>\n\t<meta property=\"og:image:type\" content=\"image\/jpeg\" \/>\n<meta name=\"author\" content=\"agevis\" \/>\n<meta name=\"twitter:card\" content=\"summary_large_image\" \/>\n<meta name=\"twitter:label1\" content=\"Written by\" \/>\n\t<meta name=\"twitter:data1\" content=\"agevis\" \/>\n\t<meta name=\"twitter:label2\" content=\"Est. reading time\" \/>\n\t<meta name=\"twitter:data2\" content=\"3 minutes\" \/>\n<script type=\"application\/ld+json\" class=\"yoast-schema-graph\">{\"@context\":\"https:\\\/\\\/schema.org\",\"@graph\":[{\"@type\":\"Article\",\"@id\":\"https:\\\/\\\/www.manitese.it\\\/en\\\/in-burkina-faso-supportiamo-la-produzione-di-riso\\\/#article\",\"isPartOf\":{\"@id\":\"https:\\\/\\\/www.manitese.it\\\/en\\\/in-burkina-faso-supportiamo-la-produzione-di-riso\\\/\"},\"author\":{\"name\":\"agevis\",\"@id\":\"https:\\\/\\\/www.manitese.it\\\/en\\\/#\\\/schema\\\/person\\\/5a9774f17e4940e2510bfeba90f04f65\"},\"headline\":\"IN BURKINA FASO SUPPORTIAMO LA PRODUZIONE DI RISO\",\"datePublished\":\"2021-02-16T16:24:49+00:00\",\"dateModified\":\"2023-11-30T16:16:01+00:00\",\"mainEntityOfPage\":{\"@id\":\"https:\\\/\\\/www.manitese.it\\\/en\\\/in-burkina-faso-supportiamo-la-produzione-di-riso\\\/\"},\"wordCount\":416,\"commentCount\":0,\"image\":{\"@id\":\"https:\\\/\\\/www.manitese.it\\\/en\\\/in-burkina-faso-supportiamo-la-produzione-di-riso\\\/#primaryimage\"},\"thumbnailUrl\":\"https:\\\/\\\/www.manitese.it\\\/wp-content\\\/uploads\\\/2021\\\/02\\\/trasformazione-riso-mani-tese-2021_cover-1.jpg\",\"articleSection\":[\"Diari\"],\"inLanguage\":\"en-US\",\"potentialAction\":[{\"@type\":\"CommentAction\",\"name\":\"Comment\",\"target\":[\"https:\\\/\\\/www.manitese.it\\\/en\\\/in-burkina-faso-supportiamo-la-produzione-di-riso\\\/#respond\"]}]},{\"@type\":\"WebPage\",\"@id\":\"https:\\\/\\\/www.manitese.it\\\/en\\\/in-burkina-faso-supportiamo-la-produzione-di-riso\\\/\",\"url\":\"https:\\\/\\\/www.manitese.it\\\/en\\\/in-burkina-faso-supportiamo-la-produzione-di-riso\\\/\",\"name\":\"IN BURKINA FASO SUPPORTIAMO LA PRODUZIONE DI RISO - Mani Tese\",\"isPartOf\":{\"@id\":\"https:\\\/\\\/www.manitese.it\\\/en\\\/#website\"},\"primaryImageOfPage\":{\"@id\":\"https:\\\/\\\/www.manitese.it\\\/en\\\/in-burkina-faso-supportiamo-la-produzione-di-riso\\\/#primaryimage\"},\"image\":{\"@id\":\"https:\\\/\\\/www.manitese.it\\\/en\\\/in-burkina-faso-supportiamo-la-produzione-di-riso\\\/#primaryimage\"},\"thumbnailUrl\":\"https:\\\/\\\/www.manitese.it\\\/wp-content\\\/uploads\\\/2021\\\/02\\\/trasformazione-riso-mani-tese-2021_cover-1.jpg\",\"datePublished\":\"2021-02-16T16:24:49+00:00\",\"dateModified\":\"2023-11-30T16:16:01+00:00\",\"author\":{\"@id\":\"https:\\\/\\\/www.manitese.it\\\/en\\\/#\\\/schema\\\/person\\\/5a9774f17e4940e2510bfeba90f04f65\"},\"description\":\"Centinaia di donne vengono seguite nella coltivazione del riso locale per aumentare la produzione con tecniche agroecologiche.\",\"breadcrumb\":{\"@id\":\"https:\\\/\\\/www.manitese.it\\\/en\\\/in-burkina-faso-supportiamo-la-produzione-di-riso\\\/#breadcrumb\"},\"inLanguage\":\"en-US\",\"potentialAction\":[{\"@type\":\"ReadAction\",\"target\":[\"https:\\\/\\\/www.manitese.it\\\/en\\\/in-burkina-faso-supportiamo-la-produzione-di-riso\\\/\"]}]},{\"@type\":\"ImageObject\",\"inLanguage\":\"en-US\",\"@id\":\"https:\\\/\\\/www.manitese.it\\\/en\\\/in-burkina-faso-supportiamo-la-produzione-di-riso\\\/#primaryimage\",\"url\":\"https:\\\/\\\/www.manitese.it\\\/wp-content\\\/uploads\\\/2021\\\/02\\\/trasformazione-riso-mani-tese-2021_cover-1.jpg\",\"contentUrl\":\"https:\\\/\\\/www.manitese.it\\\/wp-content\\\/uploads\\\/2021\\\/02\\\/trasformazione-riso-mani-tese-2021_cover-1.jpg\",\"width\":1920,\"height\":800,\"caption\":\"trasformazione riso mani tese 2021\"},{\"@type\":\"BreadcrumbList\",\"@id\":\"https:\\\/\\\/www.manitese.it\\\/en\\\/in-burkina-faso-supportiamo-la-produzione-di-riso\\\/#breadcrumb\",\"itemListElement\":[{\"@type\":\"ListItem\",\"position\":1,\"name\":\"Home\",\"item\":\"https:\\\/\\\/www.manitese.it\\\/en\\\/\"},{\"@type\":\"ListItem\",\"position\":2,\"name\":\"IN BURKINA FASO SUPPORTIAMO LA PRODUZIONE DI RISO\"}]},{\"@type\":\"WebSite\",\"@id\":\"https:\\\/\\\/www.manitese.it\\\/en\\\/#website\",\"url\":\"https:\\\/\\\/www.manitese.it\\\/en\\\/\",\"name\":\"Mani Tese\",\"description\":\"\",\"potentialAction\":[{\"@type\":\"SearchAction\",\"target\":{\"@type\":\"EntryPoint\",\"urlTemplate\":\"https:\\\/\\\/www.manitese.it\\\/en\\\/?s={search_term_string}\"},\"query-input\":{\"@type\":\"PropertyValueSpecification\",\"valueRequired\":true,\"valueName\":\"search_term_string\"}}],\"inLanguage\":\"en-US\"},{\"@type\":\"Person\",\"@id\":\"https:\\\/\\\/www.manitese.it\\\/en\\\/#\\\/schema\\\/person\\\/5a9774f17e4940e2510bfeba90f04f65\",\"name\":\"agevis\",\"image\":{\"@type\":\"ImageObject\",\"inLanguage\":\"en-US\",\"@id\":\"https:\\\/\\\/secure.gravatar.com\\\/avatar\\\/2dc96c93fcf3387a5922a93b50fb3bff01d4800590fb6a4ab91a034adb25ba17?s=96&d=mm&r=g\",\"url\":\"https:\\\/\\\/secure.gravatar.com\\\/avatar\\\/2dc96c93fcf3387a5922a93b50fb3bff01d4800590fb6a4ab91a034adb25ba17?s=96&d=mm&r=g\",\"contentUrl\":\"https:\\\/\\\/secure.gravatar.com\\\/avatar\\\/2dc96c93fcf3387a5922a93b50fb3bff01d4800590fb6a4ab91a034adb25ba17?s=96&d=mm&r=g\",\"caption\":\"agevis\"},\"url\":\"https:\\\/\\\/www.manitese.it\\\/en\\\/author\\\/wp_agevis_admin\\\/\"}]}<\/script>\n<!-- \/ Yoast SEO plugin. -->","yoast_head_json":{"title":"IN BURKINA FASO SUPPORTIAMO LA PRODUZIONE DI RISO - Mani Tese","description":"Centinaia di donne vengono seguite nella coltivazione del riso locale per aumentare la produzione con tecniche agroecologiche.","robots":{"index":"index","follow":"follow","max-snippet":"max-snippet:-1","max-image-preview":"max-image-preview:large","max-video-preview":"max-video-preview:-1"},"canonical":"https:\/\/www.manitese.it\/en\/in-burkina-faso-supportiamo-la-produzione-di-riso\/","og_locale":"en_US","og_type":"article","og_title":"IN BURKINA FASO SUPPORTIAMO LA PRODUZIONE DI RISO - Mani Tese","og_description":"Centinaia di donne vengono seguite nella coltivazione del riso locale per aumentare la produzione con tecniche agroecologiche.","og_url":"https:\/\/www.manitese.it\/en\/in-burkina-faso-supportiamo-la-produzione-di-riso\/","og_site_name":"Mani Tese","article_published_time":"2021-02-16T16:24:49+00:00","article_modified_time":"2023-11-30T16:16:01+00:00","og_image":[{"width":1920,"height":800,"url":"https:\/\/www.manitese.it\/wp-content\/uploads\/2021\/02\/trasformazione-riso-mani-tese-2021_cover-1.jpg","type":"image\/jpeg"}],"author":"agevis","twitter_card":"summary_large_image","twitter_misc":{"Written by":"agevis","Est. reading time":"3 minutes"},"schema":{"@context":"https:\/\/schema.org","@graph":[{"@type":"Article","@id":"https:\/\/www.manitese.it\/en\/in-burkina-faso-supportiamo-la-produzione-di-riso\/#article","isPartOf":{"@id":"https:\/\/www.manitese.it\/en\/in-burkina-faso-supportiamo-la-produzione-di-riso\/"},"author":{"name":"agevis","@id":"https:\/\/www.manitese.it\/en\/#\/schema\/person\/5a9774f17e4940e2510bfeba90f04f65"},"headline":"IN BURKINA FASO SUPPORTIAMO LA PRODUZIONE DI RISO","datePublished":"2021-02-16T16:24:49+00:00","dateModified":"2023-11-30T16:16:01+00:00","mainEntityOfPage":{"@id":"https:\/\/www.manitese.it\/en\/in-burkina-faso-supportiamo-la-produzione-di-riso\/"},"wordCount":416,"commentCount":0,"image":{"@id":"https:\/\/www.manitese.it\/en\/in-burkina-faso-supportiamo-la-produzione-di-riso\/#primaryimage"},"thumbnailUrl":"https:\/\/www.manitese.it\/wp-content\/uploads\/2021\/02\/trasformazione-riso-mani-tese-2021_cover-1.jpg","articleSection":["Diari"],"inLanguage":"en-US","potentialAction":[{"@type":"CommentAction","name":"Comment","target":["https:\/\/www.manitese.it\/en\/in-burkina-faso-supportiamo-la-produzione-di-riso\/#respond"]}]},{"@type":"WebPage","@id":"https:\/\/www.manitese.it\/en\/in-burkina-faso-supportiamo-la-produzione-di-riso\/","url":"https:\/\/www.manitese.it\/en\/in-burkina-faso-supportiamo-la-produzione-di-riso\/","name":"IN BURKINA FASO SUPPORTIAMO LA PRODUZIONE DI RISO - Mani Tese","isPartOf":{"@id":"https:\/\/www.manitese.it\/en\/#website"},"primaryImageOfPage":{"@id":"https:\/\/www.manitese.it\/en\/in-burkina-faso-supportiamo-la-produzione-di-riso\/#primaryimage"},"image":{"@id":"https:\/\/www.manitese.it\/en\/in-burkina-faso-supportiamo-la-produzione-di-riso\/#primaryimage"},"thumbnailUrl":"https:\/\/www.manitese.it\/wp-content\/uploads\/2021\/02\/trasformazione-riso-mani-tese-2021_cover-1.jpg","datePublished":"2021-02-16T16:24:49+00:00","dateModified":"2023-11-30T16:16:01+00:00","author":{"@id":"https:\/\/www.manitese.it\/en\/#\/schema\/person\/5a9774f17e4940e2510bfeba90f04f65"},"description":"Centinaia di donne vengono seguite nella coltivazione del riso locale per aumentare la produzione con tecniche agroecologiche.","breadcrumb":{"@id":"https:\/\/www.manitese.it\/en\/in-burkina-faso-supportiamo-la-produzione-di-riso\/#breadcrumb"},"inLanguage":"en-US","potentialAction":[{"@type":"ReadAction","target":["https:\/\/www.manitese.it\/en\/in-burkina-faso-supportiamo-la-produzione-di-riso\/"]}]},{"@type":"ImageObject","inLanguage":"en-US","@id":"https:\/\/www.manitese.it\/en\/in-burkina-faso-supportiamo-la-produzione-di-riso\/#primaryimage","url":"https:\/\/www.manitese.it\/wp-content\/uploads\/2021\/02\/trasformazione-riso-mani-tese-2021_cover-1.jpg","contentUrl":"https:\/\/www.manitese.it\/wp-content\/uploads\/2021\/02\/trasformazione-riso-mani-tese-2021_cover-1.jpg","width":1920,"height":800,"caption":"trasformazione riso mani tese 2021"},{"@type":"BreadcrumbList","@id":"https:\/\/www.manitese.it\/en\/in-burkina-faso-supportiamo-la-produzione-di-riso\/#breadcrumb","itemListElement":[{"@type":"ListItem","position":1,"name":"Home","item":"https:\/\/www.manitese.it\/en\/"},{"@type":"ListItem","position":2,"name":"IN BURKINA FASO SUPPORTIAMO LA PRODUZIONE DI RISO"}]},{"@type":"WebSite","@id":"https:\/\/www.manitese.it\/en\/#website","url":"https:\/\/www.manitese.it\/en\/","name":"Mani Tese","description":"","potentialAction":[{"@type":"SearchAction","target":{"@type":"EntryPoint","urlTemplate":"https:\/\/www.manitese.it\/en\/?s={search_term_string}"},"query-input":{"@type":"PropertyValueSpecification","valueRequired":true,"valueName":"search_term_string"}}],"inLanguage":"en-US"},{"@type":"Person","@id":"https:\/\/www.manitese.it\/en\/#\/schema\/person\/5a9774f17e4940e2510bfeba90f04f65","name":"agevis","image":{"@type":"ImageObject","inLanguage":"en-US","@id":"https:\/\/secure.gravatar.com\/avatar\/2dc96c93fcf3387a5922a93b50fb3bff01d4800590fb6a4ab91a034adb25ba17?s=96&d=mm&r=g","url":"https:\/\/secure.gravatar.com\/avatar\/2dc96c93fcf3387a5922a93b50fb3bff01d4800590fb6a4ab91a034adb25ba17?s=96&d=mm&r=g","contentUrl":"https:\/\/secure.gravatar.com\/avatar\/2dc96c93fcf3387a5922a93b50fb3bff01d4800590fb6a4ab91a034adb25ba17?s=96&d=mm&r=g","caption":"agevis"},"url":"https:\/\/www.manitese.it\/en\/author\/wp_agevis_admin\/"}]}},"jetpack_featured_media_url":"https:\/\/www.manitese.it\/wp-content\/uploads\/2021\/02\/trasformazione-riso-mani-tese-2021_cover-1.jpg","jetpack_sharing_enabled":true,"_links":{"self":[{"href":"https:\/\/www.manitese.it\/en\/wp-json\/wp\/v2\/posts\/72647","targetHints":{"allow":["GET"]}}],"collection":[{"href":"https:\/\/www.manitese.it\/en\/wp-json\/wp\/v2\/posts"}],"about":[{"href":"https:\/\/www.manitese.it\/en\/wp-json\/wp\/v2\/types\/post"}],"author":[{"embeddable":true,"href":"https:\/\/www.manitese.it\/en\/wp-json\/wp\/v2\/users\/1"}],"replies":[{"embeddable":true,"href":"https:\/\/www.manitese.it\/en\/wp-json\/wp\/v2\/comments?post=72647"}],"version-history":[{"count":2,"href":"https:\/\/www.manitese.it\/en\/wp-json\/wp\/v2\/posts\/72647\/revisions"}],"predecessor-version":[{"id":191730,"href":"https:\/\/www.manitese.it\/en\/wp-json\/wp\/v2\/posts\/72647\/revisions\/191730"}],"wp:featuredmedia":[{"embeddable":true,"href":"https:\/\/www.manitese.it\/en\/wp-json\/wp\/v2\/media\/72671"}],"wp:attachment":[{"href":"https:\/\/www.manitese.it\/en\/wp-json\/wp\/v2\/media?parent=72647"}],"wp:term":[{"taxonomy":"category","embeddable":true,"href":"https:\/\/www.manitese.it\/en\/wp-json\/wp\/v2\/categories?post=72647"},{"taxonomy":"post_tag","embeddable":true,"href":"https:\/\/www.manitese.it\/en\/wp-json\/wp\/v2\/tags?post=72647"},{"taxonomy":"thematic_area","embeddable":true,"href":"https:\/\/www.manitese.it\/en\/wp-json\/wp\/v2\/thematic_area?post=72647"}],"curies":[{"name":"wp","href":"https:\/\/api.w.org\/{rel}","templated":true}]}}